{"id":25643,"date":"2023-02-17T10:00:00","date_gmt":"2023-02-17T10:00:00","guid":{"rendered":"https:\/\/algarve7.pt\/?p=25643"},"modified":"2023-02-17T08:50:57","modified_gmt":"2023-02-17T08:50:57","slug":"operacao-carnaval-2023-da-gnr","status":"publish","type":"post","link":"https:\/\/algarve7.pt\/index.php\/2023\/02\/operacao-carnaval-2023-da-gnr\/atualidade\/10\/00\/","title":{"rendered":"Opera\u00e7\u00e3o \u201cCarnaval 2023\u201d da GNR"},"content":{"rendered":"\n<p>A Guarda Nacional Republicana, entre os dias 17 e 22 de fevereiro de 2023, realiza uma opera\u00e7\u00e3o intensiva de sensibiliza\u00e7\u00e3o, patrulhamento e fiscaliza\u00e7\u00e3o nos locais de festividades, estabelecimentos comerciais onde se proceda \u00e0 venda de artigos pirot\u00e9cnicos e nos eixos rodovi\u00e1rios de acesso \u00e0s principais zonas onde ocorram festividades associadas ao Carnaval.<\/p>\n\n\n\n<p>O objetivo desta Opera\u00e7\u00e3o \u00e9&nbsp;prevenir a venda e utiliza\u00e7\u00e3o de material pirot\u00e9cnico, combater a criminalidade, contribuir para a redu\u00e7\u00e3o da sinistralidade rodovi\u00e1ria, garantir a fluidez do tr\u00e1fego e apoiar todos os cidad\u00e3os, potenciando&nbsp;o&nbsp;sentimento de&nbsp;<strong>seguran\u00e7a<\/strong>,&nbsp;<strong>proximidade&nbsp;<\/strong>e&nbsp;<strong>confian\u00e7a&nbsp;<\/strong>na Guarda.<\/p>\n\n\n\n<p>As festividades associadas ao Carnaval provocam um aumento significativo do tr\u00e1fego rodovi\u00e1rio em consequ\u00eancia das desloca\u00e7\u00f5es de in\u00fameras pessoas dos locais de resid\u00eancia habitual para os locais festivos, sendo este um per\u00edodo tamb\u00e9m prop\u00edcio a comportamentos de risco, tais como um maior consumo de bebidas alco\u00f3licas e\/ou subst\u00e2ncias psicotr\u00f3picas e a condu\u00e7\u00e3o subsequente sob o seu efeito. Para isso, a Guarda empenhar\u00e1 em sinergia de esfor\u00e7os, o dispositivo de tr\u00e2nsito e o dispositivo territorial, garantindo uma maior efici\u00eancia do patrulhamento.<\/p>\n\n\n\n<p>Durante a opera\u00e7\u00e3o, a GNR, ir\u00e1 direcionar as a\u00e7\u00f5es de preven\u00e7\u00e3o e de patrulhamento para:<\/p>\n\n\n\n<p>\u00b7&nbsp;&nbsp;&nbsp;&nbsp;&nbsp;&nbsp;&nbsp;&nbsp;&nbsp;Tr\u00e1fico de estupefacientes;<\/p>\n\n\n\n<p>\u00b7&nbsp;&nbsp;&nbsp;&nbsp;&nbsp;&nbsp;&nbsp;&nbsp;&nbsp;Posse de material pirot\u00e9cnico;<\/p>\n\n\n\n<p>\u00b7&nbsp;&nbsp;&nbsp;&nbsp;&nbsp;&nbsp;&nbsp;&nbsp;&nbsp;Altera\u00e7\u00f5es de ordem p\u00fablica;<\/p>\n\n\n\n<p>\u00b7&nbsp;&nbsp;&nbsp;&nbsp;&nbsp;&nbsp;&nbsp;&nbsp;&nbsp;Atos de vandalismo.<\/p>\n\n\n\n<p>As a\u00e7\u00f5es de fiscaliza\u00e7\u00e3o rodovi\u00e1ria incidir\u00e3o, prioritariamente, sobre as seguintes tem\u00e1ticas:<\/p>\n\n\n\n<p>\u00b7&nbsp;&nbsp;&nbsp;&nbsp;&nbsp;&nbsp;&nbsp;&nbsp;&nbsp;Condu\u00e7\u00e3o sob a influ\u00eancia do \u00e1lcool e de subst\u00e2ncias psicotr\u00f3picas;<\/p>\n\n\n\n<p>\u00b7&nbsp;&nbsp;&nbsp;&nbsp;&nbsp;&nbsp;&nbsp;&nbsp;&nbsp;Manobras perigosas, especialmente no que respeita \u00e0 manobras de ultrapassagem, mudan\u00e7a de dire\u00e7\u00e3o e ced\u00eancia de passagem;<\/p>\n\n\n\n<p>\u00b7&nbsp;&nbsp;&nbsp;&nbsp;&nbsp;&nbsp;&nbsp;&nbsp;&nbsp;Excesso de velocidade;<\/p>\n\n\n\n<p>\u00b7&nbsp;&nbsp;&nbsp;&nbsp;&nbsp;&nbsp;&nbsp;&nbsp;&nbsp;Condu\u00e7\u00e3o sem habilita\u00e7\u00e3o legal;<\/p>\n\n\n\n<p>\u00b7&nbsp;&nbsp;&nbsp;&nbsp;&nbsp;&nbsp;&nbsp;&nbsp;&nbsp;Excesso de lota\u00e7\u00e3o;<\/p>\n\n\n\n<p>\u00b7&nbsp;&nbsp;&nbsp;&nbsp;&nbsp;&nbsp;&nbsp;&nbsp;&nbsp;Utiliza\u00e7\u00e3o indevida do telem\u00f3vel no exerc\u00edcio da condu\u00e7\u00e3o;<\/p>\n\n\n\n<p>\u00b7&nbsp;&nbsp;&nbsp;&nbsp;&nbsp;&nbsp;&nbsp;&nbsp;&nbsp;N\u00e3o utiliza\u00e7\u00e3o ou incorreta utiliza\u00e7\u00e3o do cinto de seguran\u00e7a e\/ou sistemas de reten\u00e7\u00e3o para crian\u00e7as.<\/p>\n\n\n\n<p>Prev\u00ea-se uma grande aflu\u00eancia e ader\u00eancia de pessoas \u00e0s festividades do Carnaval, atendendo a que nos \u00faltimos dois anos as comemora\u00e7\u00f5es estiveram condicionadas por for\u00e7a da pandemia COVID-19.<\/p>\n","protected":false},"excerpt":{"rendered":"<p>A Guarda Nacional Republicana, entre os dias 17 e 22 de fevereiro de 2023, realiza uma opera\u00e7\u00e3o intensiva de sensibiliza\u00e7\u00e3o,<\/p>\n","protected":false},"author":1,"featured_media":25644,"comment_status":"closed","ping_status":"open","sticky":false,"template":"","format":"standard","meta":{"colormag_page_container_layout":"default_layout","colormag_page_sidebar_layout":"default_layout","_monsterinsights_skip_tracking":false,"_monsterinsights_sitenote_active":false,"_monsterinsights_sitenote_note":"","_monsterinsights_sitenote_category":0,"jetpack_post_was_ever_published":false,"_jetpack_newsletter_access":"","_jetpack_dont_email_post_to_subs":false,"_jetpack_newsletter_tier_id":0,"_jetpack_memberships_contains_paywalled_content":false,"_jetpack_memberships_contains_paid_content":false,"footnotes":"","jetpack_publicize_message":"","jetpack_publicize_feature_enabled":true,"jetpack_social_post_already_shared":true,"jetpack_social_options":{"image_generator_settings":{"template":"highway","default_image_id":0,"font":"","enabled":false},"version":2}},"categories":[11],"tags":[187,140,98],"class_list":["post-25643","post","type-post","status-publish","format-standard","has-post-thumbnail","hentry","category-atualidade","tag-carnaval","tag-gnr","tag-nacional"],"yoast_head":"<!-- This site is optimized with the Yoast SEO plugin v27.5 - https:\/\/yoast.com\/product\/yoast-seo-wordpress\/ -->\n<title>Opera\u00e7\u00e3o \u201cCarnaval 2023\u201d da GNR - Algarve 7<\/title>\n<meta name=\"description\" content=\"Opera\u00e7\u00e3o \u201cCarnaval 2023\u201d da GNR Atualidade\" \/>\n<meta name=\"robots\" content=\"index, follow, max-snippet:-1, max-image-preview:large, max-video-preview:-1\" \/>\n<link rel=\"canonical\" href=\"https:\/\/algarve7.pt\/index.php\/2023\/02\/operacao-carnaval-2023-da-gnr\/atualidade\/10\/00\/\" \/>\n<meta property=\"og:locale\" content=\"pt_PT\" \/>\n<meta property=\"og:type\" content=\"article\" \/>\n<meta property=\"og:title\" content=\"Opera\u00e7\u00e3o \u201cCarnaval 2023\u201d da GNR - Algarve 7\" \/>\n<meta property=\"og:description\" content=\"Opera\u00e7\u00e3o \u201cCarnaval 2023\u201d da GNR Atualidade\" \/>\n<meta property=\"og:url\" content=\"https:\/\/algarve7.pt\/index.php\/2023\/02\/operacao-carnaval-2023-da-gnr\/atualidade\/10\/00\/\" \/>\n<meta property=\"og:site_name\" content=\"Algarve 7\" \/>\n<meta property=\"article:publisher\" content=\"https:\/\/www.facebook.com\/algarve7\" \/>\n<meta property=\"article:author\" content=\"https:\/\/www.facebook.com\/algarve7\" \/>\n<meta property=\"article:published_time\" content=\"2023-02-17T10:00:00+00:00\" \/>\n<meta property=\"og:image\" content=\"https:\/\/algarve7.pt\/wp-content\/uploads\/2023\/02\/Captura-de-ecra-2023-02-17-as-08.49.17-1024x494.png\" \/>\n\t<meta property=\"og:image:width\" content=\"1024\" \/>\n\t<meta property=\"og:image:height\" content=\"494\" \/>\n\t<meta property=\"og:image:type\" content=\"image\/png\" \/>\n<meta name=\"author\" content=\"Algarve 7\" \/>\n<meta name=\"twitter:card\" content=\"summary_large_image\" \/>\n<meta name=\"twitter:creator\" content=\"@Algarvesete\" \/>\n<meta name=\"twitter:site\" content=\"@Algarvesete\" \/>\n<meta name=\"twitter:label1\" content=\"Escrito por\" \/>\n\t<meta name=\"twitter:data1\" content=\"Algarve 7\" \/>\n\t<meta name=\"twitter:label2\" content=\"Tempo estimado de leitura\" \/>\n\t<meta name=\"twitter:data2\" content=\"2 minutos\" \/>\n<script type=\"application\/ld+json\" class=\"yoast-schema-graph\">{\"@context\":\"https:\\\/\\\/schema.org\",\"@graph\":[{\"@type\":\"Article\",\"@id\":\"https:\\\/\\\/algarve7.pt\\\/index.php\\\/2023\\\/02\\\/operacao-carnaval-2023-da-gnr\\\/atualidade\\\/10\\\/00\\\/#article\",\"isPartOf\":{\"@id\":\"https:\\\/\\\/algarve7.pt\\\/index.php\\\/2023\\\/02\\\/operacao-carnaval-2023-da-gnr\\\/atualidade\\\/10\\\/00\\\/\"},\"author\":{\"name\":\"Algarve 7\",\"@id\":\"https:\\\/\\\/algarve7.pt\\\/#\\\/schema\\\/person\\\/23fa70681308e7b319a3204bcea45e0c\"},\"headline\":\"Opera\u00e7\u00e3o \u201cCarnaval 2023\u201d da GNR\",\"datePublished\":\"2023-02-17T10:00:00+00:00\",\"mainEntityOfPage\":{\"@id\":\"https:\\\/\\\/algarve7.pt\\\/index.php\\\/2023\\\/02\\\/operacao-carnaval-2023-da-gnr\\\/atualidade\\\/10\\\/00\\\/\"},\"wordCount\":478,\"publisher\":{\"@id\":\"https:\\\/\\\/algarve7.pt\\\/#organization\"},\"image\":{\"@id\":\"https:\\\/\\\/algarve7.pt\\\/index.php\\\/2023\\\/02\\\/operacao-carnaval-2023-da-gnr\\\/atualidade\\\/10\\\/00\\\/#primaryimage\"},\"thumbnailUrl\":\"https:\\\/\\\/algarve7.pt\\\/wp-content\\\/uploads\\\/2023\\\/02\\\/Captura-de-ecra-2023-02-17-as-08.49.17.png\",\"keywords\":[\"Carnaval\",\"GNR\",\"Nacional\"],\"articleSection\":[\"Atualidade\"],\"inLanguage\":\"pt-PT\"},{\"@type\":\"WebPage\",\"@id\":\"https:\\\/\\\/algarve7.pt\\\/index.php\\\/2023\\\/02\\\/operacao-carnaval-2023-da-gnr\\\/atualidade\\\/10\\\/00\\\/\",\"url\":\"https:\\\/\\\/algarve7.pt\\\/index.php\\\/2023\\\/02\\\/operacao-carnaval-2023-da-gnr\\\/atualidade\\\/10\\\/00\\\/\",\"name\":\"Opera\u00e7\u00e3o \u201cCarnaval 2023\u201d da GNR - Algarve 7\",\"isPartOf\":{\"@id\":\"https:\\\/\\\/algarve7.pt\\\/#website\"},\"primaryImageOfPage\":{\"@id\":\"https:\\\/\\\/algarve7.pt\\\/index.php\\\/2023\\\/02\\\/operacao-carnaval-2023-da-gnr\\\/atualidade\\\/10\\\/00\\\/#primaryimage\"},\"image\":{\"@id\":\"https:\\\/\\\/algarve7.pt\\\/index.php\\\/2023\\\/02\\\/operacao-carnaval-2023-da-gnr\\\/atualidade\\\/10\\\/00\\\/#primaryimage\"},\"thumbnailUrl\":\"https:\\\/\\\/algarve7.pt\\\/wp-content\\\/uploads\\\/2023\\\/02\\\/Captura-de-ecra-2023-02-17-as-08.49.17.png\",\"datePublished\":\"2023-02-17T10:00:00+00:00\",\"description\":\"Opera\u00e7\u00e3o \u201cCarnaval 2023\u201d da GNR Atualidade\",\"breadcrumb\":{\"@id\":\"https:\\\/\\\/algarve7.pt\\\/index.php\\\/2023\\\/02\\\/operacao-carnaval-2023-da-gnr\\\/atualidade\\\/10\\\/00\\\/#breadcrumb\"},\"inLanguage\":\"pt-PT\",\"potentialAction\":[{\"@type\":\"ReadAction\",\"target\":[\"https:\\\/\\\/algarve7.pt\\\/index.php\\\/2023\\\/02\\\/operacao-carnaval-2023-da-gnr\\\/atualidade\\\/10\\\/00\\\/\"]}]},{\"@type\":\"ImageObject\",\"inLanguage\":\"pt-PT\",\"@id\":\"https:\\\/\\\/algarve7.pt\\\/index.php\\\/2023\\\/02\\\/operacao-carnaval-2023-da-gnr\\\/atualidade\\\/10\\\/00\\\/#primaryimage\",\"url\":\"https:\\\/\\\/algarve7.pt\\\/wp-content\\\/uploads\\\/2023\\\/02\\\/Captura-de-ecra-2023-02-17-as-08.49.17.png\",\"contentUrl\":\"https:\\\/\\\/algarve7.pt\\\/wp-content\\\/uploads\\\/2023\\\/02\\\/Captura-de-ecra-2023-02-17-as-08.49.17.png\",\"width\":2154,\"height\":1040},{\"@type\":\"BreadcrumbList\",\"@id\":\"https:\\\/\\\/algarve7.pt\\\/index.php\\\/2023\\\/02\\\/operacao-carnaval-2023-da-gnr\\\/atualidade\\\/10\\\/00\\\/#breadcrumb\",\"itemListElement\":[{\"@type\":\"ListItem\",\"position\":1,\"name\":\"In\u00edcio\",\"item\":\"https:\\\/\\\/algarve7.pt\\\/\"},{\"@type\":\"ListItem\",\"position\":2,\"name\":\"Opera\u00e7\u00e3o \u201cCarnaval 2023\u201d da GNR\"}]},{\"@type\":\"WebSite\",\"@id\":\"https:\\\/\\\/algarve7.pt\\\/#website\",\"url\":\"https:\\\/\\\/algarve7.pt\\\/\",\"name\":\"Algarve 7\",\"description\":\"Informa\u00e7\u00e3o sobre o Algarve\",\"publisher\":{\"@id\":\"https:\\\/\\\/algarve7.pt\\\/#organization\"},\"potentialAction\":[{\"@type\":\"SearchAction\",\"target\":{\"@type\":\"EntryPoint\",\"urlTemplate\":\"https:\\\/\\\/algarve7.pt\\\/?s={search_term_string}\"},\"query-input\":{\"@type\":\"PropertyValueSpecification\",\"valueRequired\":true,\"valueName\":\"search_term_string\"}}],\"inLanguage\":\"pt-PT\"},{\"@type\":\"Organization\",\"@id\":\"https:\\\/\\\/algarve7.pt\\\/#organization\",\"name\":\"Algarve 7\",\"url\":\"https:\\\/\\\/algarve7.pt\\\/\",\"logo\":{\"@type\":\"ImageObject\",\"inLanguage\":\"pt-PT\",\"@id\":\"https:\\\/\\\/algarve7.pt\\\/#\\\/schema\\\/logo\\\/image\\\/\",\"url\":\"https:\\\/\\\/algarve7.pt\\\/wp-content\\\/uploads\\\/2020\\\/10\\\/Logo-8.jpg\",\"contentUrl\":\"https:\\\/\\\/algarve7.pt\\\/wp-content\\\/uploads\\\/2020\\\/10\\\/Logo-8.jpg\",\"width\":1680,\"height\":1186,\"caption\":\"Algarve 7\"},\"image\":{\"@id\":\"https:\\\/\\\/algarve7.pt\\\/#\\\/schema\\\/logo\\\/image\\\/\"},\"sameAs\":[\"https:\\\/\\\/www.facebook.com\\\/algarve7\",\"https:\\\/\\\/x.com\\\/Algarvesete\",\"https:\\\/\\\/www.instagram.com\\\/jornalalgarve7\\\/\",\"https:\\\/\\\/www.linkedin.com\\\/company\\\/algarve7\",\"https:\\\/\\\/www.pinterest.pt\\\/geral0939\\\/_created\\\/\"]},{\"@type\":\"Person\",\"@id\":\"https:\\\/\\\/algarve7.pt\\\/#\\\/schema\\\/person\\\/23fa70681308e7b319a3204bcea45e0c\",\"name\":\"Algarve 7\",\"sameAs\":[\"https:\\\/\\\/algarve7.pt\",\"https:\\\/\\\/www.facebook.com\\\/algarve7\"],\"url\":\"https:\\\/\\\/algarve7.pt\\\/index.php\\\/author\\\/geralalgarve7-pt\\\/\"}]}<\/script>\n<!-- \/ Yoast SEO plugin. -->","yoast_head_json":{"title":"Opera\u00e7\u00e3o \u201cCarnaval 2023\u201d da GNR - Algarve 7","description":"Opera\u00e7\u00e3o \u201cCarnaval 2023\u201d da GNR Atualidade","robots":{"index":"index","follow":"follow","max-snippet":"max-snippet:-1","max-image-preview":"max-image-preview:large","max-video-preview":"max-video-preview:-1"},"canonical":"https:\/\/algarve7.pt\/index.php\/2023\/02\/operacao-carnaval-2023-da-gnr\/atualidade\/10\/00\/","og_locale":"pt_PT","og_type":"article","og_title":"Opera\u00e7\u00e3o \u201cCarnaval 2023\u201d da GNR - Algarve 7","og_description":"Opera\u00e7\u00e3o \u201cCarnaval 2023\u201d da GNR Atualidade","og_url":"https:\/\/algarve7.pt\/index.php\/2023\/02\/operacao-carnaval-2023-da-gnr\/atualidade\/10\/00\/","og_site_name":"Algarve 7","article_publisher":"https:\/\/www.facebook.com\/algarve7","article_author":"https:\/\/www.facebook.com\/algarve7","article_published_time":"2023-02-17T10:00:00+00:00","og_image":[{"width":1024,"height":494,"url":"https:\/\/algarve7.pt\/wp-content\/uploads\/2023\/02\/Captura-de-ecra-2023-02-17-as-08.49.17-1024x494.png","type":"image\/png"}],"author":"Algarve 7","twitter_card":"summary_large_image","twitter_creator":"@Algarvesete","twitter_site":"@Algarvesete","twitter_misc":{"Escrito por":"Algarve 7","Tempo estimado de leitura":"2 minutos"},"schema":{"@context":"https:\/\/schema.org","@graph":[{"@type":"Article","@id":"https:\/\/algarve7.pt\/index.php\/2023\/02\/operacao-carnaval-2023-da-gnr\/atualidade\/10\/00\/#article","isPartOf":{"@id":"https:\/\/algarve7.pt\/index.php\/2023\/02\/operacao-carnaval-2023-da-gnr\/atualidade\/10\/00\/"},"author":{"name":"Algarve 7","@id":"https:\/\/algarve7.pt\/#\/schema\/person\/23fa70681308e7b319a3204bcea45e0c"},"headline":"Opera\u00e7\u00e3o \u201cCarnaval 2023\u201d da GNR","datePublished":"2023-02-17T10:00:00+00:00","mainEntityOfPage":{"@id":"https:\/\/algarve7.pt\/index.php\/2023\/02\/operacao-carnaval-2023-da-gnr\/atualidade\/10\/00\/"},"wordCount":478,"publisher":{"@id":"https:\/\/algarve7.pt\/#organization"},"image":{"@id":"https:\/\/algarve7.pt\/index.php\/2023\/02\/operacao-carnaval-2023-da-gnr\/atualidade\/10\/00\/#primaryimage"},"thumbnailUrl":"https:\/\/algarve7.pt\/wp-content\/uploads\/2023\/02\/Captura-de-ecra-2023-02-17-as-08.49.17.png","keywords":["Carnaval","GNR","Nacional"],"articleSection":["Atualidade"],"inLanguage":"pt-PT"},{"@type":"WebPage","@id":"https:\/\/algarve7.pt\/index.php\/2023\/02\/operacao-carnaval-2023-da-gnr\/atualidade\/10\/00\/","url":"https:\/\/algarve7.pt\/index.php\/2023\/02\/operacao-carnaval-2023-da-gnr\/atualidade\/10\/00\/","name":"Opera\u00e7\u00e3o \u201cCarnaval 2023\u201d da GNR - Algarve 7","isPartOf":{"@id":"https:\/\/algarve7.pt\/#website"},"primaryImageOfPage":{"@id":"https:\/\/algarve7.pt\/index.php\/2023\/02\/operacao-carnaval-2023-da-gnr\/atualidade\/10\/00\/#primaryimage"},"image":{"@id":"https:\/\/algarve7.pt\/index.php\/2023\/02\/operacao-carnaval-2023-da-gnr\/atualidade\/10\/00\/#primaryimage"},"thumbnailUrl":"https:\/\/algarve7.pt\/wp-content\/uploads\/2023\/02\/Captura-de-ecra-2023-02-17-as-08.49.17.png","datePublished":"2023-02-17T10:00:00+00:00","description":"Opera\u00e7\u00e3o \u201cCarnaval 2023\u201d da GNR Atualidade","breadcrumb":{"@id":"https:\/\/algarve7.pt\/index.php\/2023\/02\/operacao-carnaval-2023-da-gnr\/atualidade\/10\/00\/#breadcrumb"},"inLanguage":"pt-PT","potentialAction":[{"@type":"ReadAction","target":["https:\/\/algarve7.pt\/index.php\/2023\/02\/operacao-carnaval-2023-da-gnr\/atualidade\/10\/00\/"]}]},{"@type":"ImageObject","inLanguage":"pt-PT","@id":"https:\/\/algarve7.pt\/index.php\/2023\/02\/operacao-carnaval-2023-da-gnr\/atualidade\/10\/00\/#primaryimage","url":"https:\/\/algarve7.pt\/wp-content\/uploads\/2023\/02\/Captura-de-ecra-2023-02-17-as-08.49.17.png","contentUrl":"https:\/\/algarve7.pt\/wp-content\/uploads\/2023\/02\/Captura-de-ecra-2023-02-17-as-08.49.17.png","width":2154,"height":1040},{"@type":"BreadcrumbList","@id":"https:\/\/algarve7.pt\/index.php\/2023\/02\/operacao-carnaval-2023-da-gnr\/atualidade\/10\/00\/#breadcrumb","itemListElement":[{"@type":"ListItem","position":1,"name":"In\u00edcio","item":"https:\/\/algarve7.pt\/"},{"@type":"ListItem","position":2,"name":"Opera\u00e7\u00e3o \u201cCarnaval 2023\u201d da GNR"}]},{"@type":"WebSite","@id":"https:\/\/algarve7.pt\/#website","url":"https:\/\/algarve7.pt\/","name":"Algarve 7","description":"Informa\u00e7\u00e3o sobre o Algarve","publisher":{"@id":"https:\/\/algarve7.pt\/#organization"},"potentialAction":[{"@type":"SearchAction","target":{"@type":"EntryPoint","urlTemplate":"https:\/\/algarve7.pt\/?s={search_term_string}"},"query-input":{"@type":"PropertyValueSpecification","valueRequired":true,"valueName":"search_term_string"}}],"inLanguage":"pt-PT"},{"@type":"Organization","@id":"https:\/\/algarve7.pt\/#organization","name":"Algarve 7","url":"https:\/\/algarve7.pt\/","logo":{"@type":"ImageObject","inLanguage":"pt-PT","@id":"https:\/\/algarve7.pt\/#\/schema\/logo\/image\/","url":"https:\/\/algarve7.pt\/wp-content\/uploads\/2020\/10\/Logo-8.jpg","contentUrl":"https:\/\/algarve7.pt\/wp-content\/uploads\/2020\/10\/Logo-8.jpg","width":1680,"height":1186,"caption":"Algarve 7"},"image":{"@id":"https:\/\/algarve7.pt\/#\/schema\/logo\/image\/"},"sameAs":["https:\/\/www.facebook.com\/algarve7","https:\/\/x.com\/Algarvesete","https:\/\/www.instagram.com\/jornalalgarve7\/","https:\/\/www.linkedin.com\/company\/algarve7","https:\/\/www.pinterest.pt\/geral0939\/_created\/"]},{"@type":"Person","@id":"https:\/\/algarve7.pt\/#\/schema\/person\/23fa70681308e7b319a3204bcea45e0c","name":"Algarve 7","sameAs":["https:\/\/algarve7.pt","https:\/\/www.facebook.com\/algarve7"],"url":"https:\/\/algarve7.pt\/index.php\/author\/geralalgarve7-pt\/"}]}},"jetpack_publicize_connections":[],"jetpack_featured_media_url":"https:\/\/algarve7.pt\/wp-content\/uploads\/2023\/02\/Captura-de-ecra-2023-02-17-as-08.49.17.png","jetpack_shortlink":"https:\/\/wp.me\/pcezmW-6FB","jetpack_sharing_enabled":true,"_links":{"self":[{"href":"https:\/\/algarve7.pt\/index.php\/wp-json\/wp\/v2\/posts\/25643","targetHints":{"allow":["GET"]}}],"collection":[{"href":"https:\/\/algarve7.pt\/index.php\/wp-json\/wp\/v2\/posts"}],"about":[{"href":"https:\/\/algarve7.pt\/index.php\/wp-json\/wp\/v2\/types\/post"}],"author":[{"embeddable":true,"href":"https:\/\/algarve7.pt\/index.php\/wp-json\/wp\/v2\/users\/1"}],"replies":[{"embeddable":true,"href":"https:\/\/algarve7.pt\/index.php\/wp-json\/wp\/v2\/comments?post=25643"}],"version-history":[{"count":0,"href":"https:\/\/algarve7.pt\/index.php\/wp-json\/wp\/v2\/posts\/25643\/revisions"}],"wp:featuredmedia":[{"embeddable":true,"href":"https:\/\/algarve7.pt\/index.php\/wp-json\/wp\/v2\/media\/25644"}],"wp:attachment":[{"href":"https:\/\/algarve7.pt\/index.php\/wp-json\/wp\/v2\/media?parent=25643"}],"wp:term":[{"taxonomy":"category","embeddable":true,"href":"https:\/\/algarve7.pt\/index.php\/wp-json\/wp\/v2\/categories?post=25643"},{"taxonomy":"post_tag","embeddable":true,"href":"https:\/\/algarve7.pt\/index.php\/wp-json\/wp\/v2\/tags?post=25643"}],"curies":[{"name":"wp","href":"https:\/\/api.w.org\/{rel}","templated":true}]}}