{"id":25616,"date":"2023-02-16T08:06:38","date_gmt":"2023-02-16T08:06:38","guid":{"rendered":"https:\/\/algarve7.pt\/?p=25616"},"modified":"2023-02-16T08:11:17","modified_gmt":"2023-02-16T08:11:17","slug":"concerto-sinfonico-2023-em-loule-pela-orquestra-filarmonica-portuguesa","status":"publish","type":"post","link":"https:\/\/algarve7.pt\/index.php\/2023\/02\/concerto-sinfonico-2023-em-loule-pela-orquestra-filarmonica-portuguesa\/cultura\/08\/06\/","title":{"rendered":"Concerto Sinf\u00f3nico 2023 em Loul\u00e9, pela Orquestra Filarm\u00f3nica Portuguesa"},"content":{"rendered":"\n<p>A\u00a0Orquestra Filarm\u00f3nica Portuguesa, liderada pelo maestro Osvaldo Ferreira, apresenta o Concerto para Violino de Beethoven, um dos mais famosos de todo o repert\u00f3rio erudito, com a solista francesa Cl\u00e9mence de Forceville, vencedora de v\u00e1rios concursos internacionais e com uma carreira repleta de sucessos. Como b\u00f3nus, a violinista traz consigo uma raridade, um violino Lorenzo Storioni datado de 1777.<br><br>Ser\u00e1 ainda interpretada a Sinfonia \u201cJ\u00fapiter\u201d de Mozart, a \u00faltima e a mais arrojada de todas as que foram compostas pelo genial compositor austr\u00edaco.<\/p>\n\n\n\n<p>Cineteatro Louletano<\/p>\n\n\n\n<p>26 de fevereiro as 17h00<\/p>\n","protected":false},"excerpt":{"rendered":"<p>A\u00a0Orquestra Filarm\u00f3nica Portuguesa, liderada pelo maestro Osvaldo Ferreira, apresenta o Concerto para Violino de Beethoven, um dos mais famosos de<\/p>\n","protected":false},"author":1,"featured_media":25617,"comment_status":"closed","ping_status":"open","sticky":false,"template":"","format":"standard","meta":{"colormag_page_container_layout":"default_layout","colormag_page_sidebar_layout":"default_layout","_monsterinsights_skip_tracking":false,"_monsterinsights_sitenote_active":false,"_monsterinsights_sitenote_note":"","_monsterinsights_sitenote_category":0,"jetpack_post_was_ever_published":false,"_jetpack_newsletter_access":"","_jetpack_dont_email_post_to_subs":false,"_jetpack_newsletter_tier_id":0,"_jetpack_memberships_contains_paywalled_content":false,"_jetpack_memberships_contains_paid_content":false,"footnotes":"","jetpack_publicize_message":"","jetpack_publicize_feature_enabled":true,"jetpack_social_post_already_shared":true,"jetpack_social_options":{"image_generator_settings":{"template":"highway","default_image_id":0,"font":"","enabled":false},"version":2}},"categories":[14],"tags":[36,498,52,35,31],"class_list":["post-25616","post","type-post","status-publish","format-standard","has-post-thumbnail","hentry","category-cultura","tag-algarve","tag-cineteatro-louletano","tag-concerto","tag-cultura","tag-loule"],"yoast_head":"<!-- This site is optimized with the Yoast SEO plugin v27.4 - https:\/\/yoast.com\/product\/yoast-seo-wordpress\/ -->\n<title>Concerto Sinf\u00f3nico 2023 em Loul\u00e9, pela Orquestra Filarm\u00f3nica Portuguesa - Algarve 7<\/title>\n<meta name=\"description\" content=\"Concerto Sinf\u00f3nico 2023 em Loul\u00e9, pela Orquestra Filarm\u00f3nica Portuguesa Cultura\" \/>\n<meta name=\"robots\" content=\"index, follow, max-snippet:-1, max-image-preview:large, max-video-preview:-1\" \/>\n<link rel=\"canonical\" href=\"https:\/\/algarve7.pt\/index.php\/2023\/02\/concerto-sinfonico-2023-em-loule-pela-orquestra-filarmonica-portuguesa\/cultura\/08\/06\/\" \/>\n<meta property=\"og:locale\" content=\"pt_PT\" \/>\n<meta property=\"og:type\" content=\"article\" \/>\n<meta property=\"og:title\" content=\"Concerto Sinf\u00f3nico 2023 em Loul\u00e9, pela Orquestra Filarm\u00f3nica Portuguesa - Algarve 7\" \/>\n<meta property=\"og:description\" content=\"Concerto Sinf\u00f3nico 2023 em Loul\u00e9, pela Orquestra Filarm\u00f3nica Portuguesa Cultura\" \/>\n<meta property=\"og:url\" content=\"https:\/\/algarve7.pt\/index.php\/2023\/02\/concerto-sinfonico-2023-em-loule-pela-orquestra-filarmonica-portuguesa\/cultura\/08\/06\/\" \/>\n<meta property=\"og:site_name\" content=\"Algarve 7\" \/>\n<meta property=\"article:publisher\" content=\"https:\/\/www.facebook.com\/algarve7\" \/>\n<meta property=\"article:author\" content=\"https:\/\/www.facebook.com\/algarve7\" \/>\n<meta property=\"article:published_time\" content=\"2023-02-16T08:06:38+00:00\" \/>\n<meta property=\"article:modified_time\" content=\"2023-02-16T08:11:17+00:00\" \/>\n<meta property=\"og:image\" content=\"https:\/\/algarve7.pt\/wp-content\/uploads\/2023\/02\/331063798_1229856387737776_4354834851268105639_n.jpg\" \/>\n\t<meta property=\"og:image:width\" content=\"1477\" \/>\n\t<meta property=\"og:image:height\" content=\"981\" \/>\n\t<meta property=\"og:image:type\" content=\"image\/jpeg\" \/>\n<meta name=\"author\" content=\"Algarve 7\" \/>\n<meta name=\"twitter:card\" content=\"summary_large_image\" \/>\n<meta name=\"twitter:creator\" content=\"@Algarvesete\" \/>\n<meta name=\"twitter:site\" content=\"@Algarvesete\" \/>\n<meta name=\"twitter:label1\" content=\"Escrito por\" \/>\n\t<meta name=\"twitter:data1\" content=\"Algarve 7\" \/>\n\t<meta name=\"twitter:label2\" content=\"Tempo estimado de leitura\" \/>\n\t<meta name=\"twitter:data2\" content=\"1 minuto\" \/>\n<script type=\"application\/ld+json\" class=\"yoast-schema-graph\">{\"@context\":\"https:\\\/\\\/schema.org\",\"@graph\":[{\"@type\":\"Article\",\"@id\":\"https:\\\/\\\/algarve7.pt\\\/index.php\\\/2023\\\/02\\\/concerto-sinfonico-2023-em-loule-pela-orquestra-filarmonica-portuguesa\\\/cultura\\\/08\\\/06\\\/#article\",\"isPartOf\":{\"@id\":\"https:\\\/\\\/algarve7.pt\\\/index.php\\\/2023\\\/02\\\/concerto-sinfonico-2023-em-loule-pela-orquestra-filarmonica-portuguesa\\\/cultura\\\/08\\\/06\\\/\"},\"author\":{\"name\":\"Algarve 7\",\"@id\":\"https:\\\/\\\/algarve7.pt\\\/#\\\/schema\\\/person\\\/23fa70681308e7b319a3204bcea45e0c\"},\"headline\":\"Concerto Sinf\u00f3nico 2023 em Loul\u00e9, pela Orquestra Filarm\u00f3nica Portuguesa\",\"datePublished\":\"2023-02-16T08:06:38+00:00\",\"dateModified\":\"2023-02-16T08:11:17+00:00\",\"mainEntityOfPage\":{\"@id\":\"https:\\\/\\\/algarve7.pt\\\/index.php\\\/2023\\\/02\\\/concerto-sinfonico-2023-em-loule-pela-orquestra-filarmonica-portuguesa\\\/cultura\\\/08\\\/06\\\/\"},\"wordCount\":105,\"publisher\":{\"@id\":\"https:\\\/\\\/algarve7.pt\\\/#organization\"},\"image\":{\"@id\":\"https:\\\/\\\/algarve7.pt\\\/index.php\\\/2023\\\/02\\\/concerto-sinfonico-2023-em-loule-pela-orquestra-filarmonica-portuguesa\\\/cultura\\\/08\\\/06\\\/#primaryimage\"},\"thumbnailUrl\":\"https:\\\/\\\/algarve7.pt\\\/wp-content\\\/uploads\\\/2023\\\/02\\\/331063798_1229856387737776_4354834851268105639_n.jpg\",\"keywords\":[\"Algarve\",\"Cineteatro Louletano\",\"Concerto\",\"Cultura\",\"Loul\u00e9\"],\"articleSection\":[\"Cultura\"],\"inLanguage\":\"pt-PT\"},{\"@type\":\"WebPage\",\"@id\":\"https:\\\/\\\/algarve7.pt\\\/index.php\\\/2023\\\/02\\\/concerto-sinfonico-2023-em-loule-pela-orquestra-filarmonica-portuguesa\\\/cultura\\\/08\\\/06\\\/\",\"url\":\"https:\\\/\\\/algarve7.pt\\\/index.php\\\/2023\\\/02\\\/concerto-sinfonico-2023-em-loule-pela-orquestra-filarmonica-portuguesa\\\/cultura\\\/08\\\/06\\\/\",\"name\":\"Concerto Sinf\u00f3nico 2023 em Loul\u00e9, pela Orquestra Filarm\u00f3nica Portuguesa - Algarve 7\",\"isPartOf\":{\"@id\":\"https:\\\/\\\/algarve7.pt\\\/#website\"},\"primaryImageOfPage\":{\"@id\":\"https:\\\/\\\/algarve7.pt\\\/index.php\\\/2023\\\/02\\\/concerto-sinfonico-2023-em-loule-pela-orquestra-filarmonica-portuguesa\\\/cultura\\\/08\\\/06\\\/#primaryimage\"},\"image\":{\"@id\":\"https:\\\/\\\/algarve7.pt\\\/index.php\\\/2023\\\/02\\\/concerto-sinfonico-2023-em-loule-pela-orquestra-filarmonica-portuguesa\\\/cultura\\\/08\\\/06\\\/#primaryimage\"},\"thumbnailUrl\":\"https:\\\/\\\/algarve7.pt\\\/wp-content\\\/uploads\\\/2023\\\/02\\\/331063798_1229856387737776_4354834851268105639_n.jpg\",\"datePublished\":\"2023-02-16T08:06:38+00:00\",\"dateModified\":\"2023-02-16T08:11:17+00:00\",\"description\":\"Concerto Sinf\u00f3nico 2023 em Loul\u00e9, pela Orquestra Filarm\u00f3nica Portuguesa Cultura\",\"breadcrumb\":{\"@id\":\"https:\\\/\\\/algarve7.pt\\\/index.php\\\/2023\\\/02\\\/concerto-sinfonico-2023-em-loule-pela-orquestra-filarmonica-portuguesa\\\/cultura\\\/08\\\/06\\\/#breadcrumb\"},\"inLanguage\":\"pt-PT\",\"potentialAction\":[{\"@type\":\"ReadAction\",\"target\":[\"https:\\\/\\\/algarve7.pt\\\/index.php\\\/2023\\\/02\\\/concerto-sinfonico-2023-em-loule-pela-orquestra-filarmonica-portuguesa\\\/cultura\\\/08\\\/06\\\/\"]}]},{\"@type\":\"ImageObject\",\"inLanguage\":\"pt-PT\",\"@id\":\"https:\\\/\\\/algarve7.pt\\\/index.php\\\/2023\\\/02\\\/concerto-sinfonico-2023-em-loule-pela-orquestra-filarmonica-portuguesa\\\/cultura\\\/08\\\/06\\\/#primaryimage\",\"url\":\"https:\\\/\\\/algarve7.pt\\\/wp-content\\\/uploads\\\/2023\\\/02\\\/331063798_1229856387737776_4354834851268105639_n.jpg\",\"contentUrl\":\"https:\\\/\\\/algarve7.pt\\\/wp-content\\\/uploads\\\/2023\\\/02\\\/331063798_1229856387737776_4354834851268105639_n.jpg\",\"width\":1477,\"height\":981},{\"@type\":\"BreadcrumbList\",\"@id\":\"https:\\\/\\\/algarve7.pt\\\/index.php\\\/2023\\\/02\\\/concerto-sinfonico-2023-em-loule-pela-orquestra-filarmonica-portuguesa\\\/cultura\\\/08\\\/06\\\/#breadcrumb\",\"itemListElement\":[{\"@type\":\"ListItem\",\"position\":1,\"name\":\"In\u00edcio\",\"item\":\"https:\\\/\\\/algarve7.pt\\\/\"},{\"@type\":\"ListItem\",\"position\":2,\"name\":\"Concerto Sinf\u00f3nico 2023 em Loul\u00e9, pela Orquestra Filarm\u00f3nica Portuguesa\"}]},{\"@type\":\"WebSite\",\"@id\":\"https:\\\/\\\/algarve7.pt\\\/#website\",\"url\":\"https:\\\/\\\/algarve7.pt\\\/\",\"name\":\"Algarve 7\",\"description\":\"Informa\u00e7\u00e3o sobre o Algarve\",\"publisher\":{\"@id\":\"https:\\\/\\\/algarve7.pt\\\/#organization\"},\"potentialAction\":[{\"@type\":\"SearchAction\",\"target\":{\"@type\":\"EntryPoint\",\"urlTemplate\":\"https:\\\/\\\/algarve7.pt\\\/?s={search_term_string}\"},\"query-input\":{\"@type\":\"PropertyValueSpecification\",\"valueRequired\":true,\"valueName\":\"search_term_string\"}}],\"inLanguage\":\"pt-PT\"},{\"@type\":\"Organization\",\"@id\":\"https:\\\/\\\/algarve7.pt\\\/#organization\",\"name\":\"Algarve 7\",\"url\":\"https:\\\/\\\/algarve7.pt\\\/\",\"logo\":{\"@type\":\"ImageObject\",\"inLanguage\":\"pt-PT\",\"@id\":\"https:\\\/\\\/algarve7.pt\\\/#\\\/schema\\\/logo\\\/image\\\/\",\"url\":\"https:\\\/\\\/algarve7.pt\\\/wp-content\\\/uploads\\\/2020\\\/10\\\/Logo-8.jpg\",\"contentUrl\":\"https:\\\/\\\/algarve7.pt\\\/wp-content\\\/uploads\\\/2020\\\/10\\\/Logo-8.jpg\",\"width\":1680,\"height\":1186,\"caption\":\"Algarve 7\"},\"image\":{\"@id\":\"https:\\\/\\\/algarve7.pt\\\/#\\\/schema\\\/logo\\\/image\\\/\"},\"sameAs\":[\"https:\\\/\\\/www.facebook.com\\\/algarve7\",\"https:\\\/\\\/x.com\\\/Algarvesete\",\"https:\\\/\\\/www.instagram.com\\\/jornalalgarve7\\\/\",\"https:\\\/\\\/www.linkedin.com\\\/company\\\/algarve7\",\"https:\\\/\\\/www.pinterest.pt\\\/geral0939\\\/_created\\\/\"]},{\"@type\":\"Person\",\"@id\":\"https:\\\/\\\/algarve7.pt\\\/#\\\/schema\\\/person\\\/23fa70681308e7b319a3204bcea45e0c\",\"name\":\"Algarve 7\",\"sameAs\":[\"https:\\\/\\\/algarve7.pt\",\"https:\\\/\\\/www.facebook.com\\\/algarve7\"],\"url\":\"https:\\\/\\\/algarve7.pt\\\/index.php\\\/author\\\/geralalgarve7-pt\\\/\"}]}<\/script>\n<!-- \/ Yoast SEO plugin. -->","yoast_head_json":{"title":"Concerto Sinf\u00f3nico 2023 em Loul\u00e9, pela Orquestra Filarm\u00f3nica Portuguesa - Algarve 7","description":"Concerto Sinf\u00f3nico 2023 em Loul\u00e9, pela Orquestra Filarm\u00f3nica Portuguesa Cultura","robots":{"index":"index","follow":"follow","max-snippet":"max-snippet:-1","max-image-preview":"max-image-preview:large","max-video-preview":"max-video-preview:-1"},"canonical":"https:\/\/algarve7.pt\/index.php\/2023\/02\/concerto-sinfonico-2023-em-loule-pela-orquestra-filarmonica-portuguesa\/cultura\/08\/06\/","og_locale":"pt_PT","og_type":"article","og_title":"Concerto Sinf\u00f3nico 2023 em Loul\u00e9, pela Orquestra Filarm\u00f3nica Portuguesa - Algarve 7","og_description":"Concerto Sinf\u00f3nico 2023 em Loul\u00e9, pela Orquestra Filarm\u00f3nica Portuguesa Cultura","og_url":"https:\/\/algarve7.pt\/index.php\/2023\/02\/concerto-sinfonico-2023-em-loule-pela-orquestra-filarmonica-portuguesa\/cultura\/08\/06\/","og_site_name":"Algarve 7","article_publisher":"https:\/\/www.facebook.com\/algarve7","article_author":"https:\/\/www.facebook.com\/algarve7","article_published_time":"2023-02-16T08:06:38+00:00","article_modified_time":"2023-02-16T08:11:17+00:00","og_image":[{"width":1477,"height":981,"url":"https:\/\/algarve7.pt\/wp-content\/uploads\/2023\/02\/331063798_1229856387737776_4354834851268105639_n.jpg","type":"image\/jpeg"}],"author":"Algarve 7","twitter_card":"summary_large_image","twitter_creator":"@Algarvesete","twitter_site":"@Algarvesete","twitter_misc":{"Escrito por":"Algarve 7","Tempo estimado de leitura":"1 minuto"},"schema":{"@context":"https:\/\/schema.org","@graph":[{"@type":"Article","@id":"https:\/\/algarve7.pt\/index.php\/2023\/02\/concerto-sinfonico-2023-em-loule-pela-orquestra-filarmonica-portuguesa\/cultura\/08\/06\/#article","isPartOf":{"@id":"https:\/\/algarve7.pt\/index.php\/2023\/02\/concerto-sinfonico-2023-em-loule-pela-orquestra-filarmonica-portuguesa\/cultura\/08\/06\/"},"author":{"name":"Algarve 7","@id":"https:\/\/algarve7.pt\/#\/schema\/person\/23fa70681308e7b319a3204bcea45e0c"},"headline":"Concerto Sinf\u00f3nico 2023 em Loul\u00e9, pela Orquestra Filarm\u00f3nica Portuguesa","datePublished":"2023-02-16T08:06:38+00:00","dateModified":"2023-02-16T08:11:17+00:00","mainEntityOfPage":{"@id":"https:\/\/algarve7.pt\/index.php\/2023\/02\/concerto-sinfonico-2023-em-loule-pela-orquestra-filarmonica-portuguesa\/cultura\/08\/06\/"},"wordCount":105,"publisher":{"@id":"https:\/\/algarve7.pt\/#organization"},"image":{"@id":"https:\/\/algarve7.pt\/index.php\/2023\/02\/concerto-sinfonico-2023-em-loule-pela-orquestra-filarmonica-portuguesa\/cultura\/08\/06\/#primaryimage"},"thumbnailUrl":"https:\/\/algarve7.pt\/wp-content\/uploads\/2023\/02\/331063798_1229856387737776_4354834851268105639_n.jpg","keywords":["Algarve","Cineteatro Louletano","Concerto","Cultura","Loul\u00e9"],"articleSection":["Cultura"],"inLanguage":"pt-PT"},{"@type":"WebPage","@id":"https:\/\/algarve7.pt\/index.php\/2023\/02\/concerto-sinfonico-2023-em-loule-pela-orquestra-filarmonica-portuguesa\/cultura\/08\/06\/","url":"https:\/\/algarve7.pt\/index.php\/2023\/02\/concerto-sinfonico-2023-em-loule-pela-orquestra-filarmonica-portuguesa\/cultura\/08\/06\/","name":"Concerto Sinf\u00f3nico 2023 em Loul\u00e9, pela Orquestra Filarm\u00f3nica Portuguesa - Algarve 7","isPartOf":{"@id":"https:\/\/algarve7.pt\/#website"},"primaryImageOfPage":{"@id":"https:\/\/algarve7.pt\/index.php\/2023\/02\/concerto-sinfonico-2023-em-loule-pela-orquestra-filarmonica-portuguesa\/cultura\/08\/06\/#primaryimage"},"image":{"@id":"https:\/\/algarve7.pt\/index.php\/2023\/02\/concerto-sinfonico-2023-em-loule-pela-orquestra-filarmonica-portuguesa\/cultura\/08\/06\/#primaryimage"},"thumbnailUrl":"https:\/\/algarve7.pt\/wp-content\/uploads\/2023\/02\/331063798_1229856387737776_4354834851268105639_n.jpg","datePublished":"2023-02-16T08:06:38+00:00","dateModified":"2023-02-16T08:11:17+00:00","description":"Concerto Sinf\u00f3nico 2023 em Loul\u00e9, pela Orquestra Filarm\u00f3nica Portuguesa Cultura","breadcrumb":{"@id":"https:\/\/algarve7.pt\/index.php\/2023\/02\/concerto-sinfonico-2023-em-loule-pela-orquestra-filarmonica-portuguesa\/cultura\/08\/06\/#breadcrumb"},"inLanguage":"pt-PT","potentialAction":[{"@type":"ReadAction","target":["https:\/\/algarve7.pt\/index.php\/2023\/02\/concerto-sinfonico-2023-em-loule-pela-orquestra-filarmonica-portuguesa\/cultura\/08\/06\/"]}]},{"@type":"ImageObject","inLanguage":"pt-PT","@id":"https:\/\/algarve7.pt\/index.php\/2023\/02\/concerto-sinfonico-2023-em-loule-pela-orquestra-filarmonica-portuguesa\/cultura\/08\/06\/#primaryimage","url":"https:\/\/algarve7.pt\/wp-content\/uploads\/2023\/02\/331063798_1229856387737776_4354834851268105639_n.jpg","contentUrl":"https:\/\/algarve7.pt\/wp-content\/uploads\/2023\/02\/331063798_1229856387737776_4354834851268105639_n.jpg","width":1477,"height":981},{"@type":"BreadcrumbList","@id":"https:\/\/algarve7.pt\/index.php\/2023\/02\/concerto-sinfonico-2023-em-loule-pela-orquestra-filarmonica-portuguesa\/cultura\/08\/06\/#breadcrumb","itemListElement":[{"@type":"ListItem","position":1,"name":"In\u00edcio","item":"https:\/\/algarve7.pt\/"},{"@type":"ListItem","position":2,"name":"Concerto Sinf\u00f3nico 2023 em Loul\u00e9, pela Orquestra Filarm\u00f3nica Portuguesa"}]},{"@type":"WebSite","@id":"https:\/\/algarve7.pt\/#website","url":"https:\/\/algarve7.pt\/","name":"Algarve 7","description":"Informa\u00e7\u00e3o sobre o Algarve","publisher":{"@id":"https:\/\/algarve7.pt\/#organization"},"potentialAction":[{"@type":"SearchAction","target":{"@type":"EntryPoint","urlTemplate":"https:\/\/algarve7.pt\/?s={search_term_string}"},"query-input":{"@type":"PropertyValueSpecification","valueRequired":true,"valueName":"search_term_string"}}],"inLanguage":"pt-PT"},{"@type":"Organization","@id":"https:\/\/algarve7.pt\/#organization","name":"Algarve 7","url":"https:\/\/algarve7.pt\/","logo":{"@type":"ImageObject","inLanguage":"pt-PT","@id":"https:\/\/algarve7.pt\/#\/schema\/logo\/image\/","url":"https:\/\/algarve7.pt\/wp-content\/uploads\/2020\/10\/Logo-8.jpg","contentUrl":"https:\/\/algarve7.pt\/wp-content\/uploads\/2020\/10\/Logo-8.jpg","width":1680,"height":1186,"caption":"Algarve 7"},"image":{"@id":"https:\/\/algarve7.pt\/#\/schema\/logo\/image\/"},"sameAs":["https:\/\/www.facebook.com\/algarve7","https:\/\/x.com\/Algarvesete","https:\/\/www.instagram.com\/jornalalgarve7\/","https:\/\/www.linkedin.com\/company\/algarve7","https:\/\/www.pinterest.pt\/geral0939\/_created\/"]},{"@type":"Person","@id":"https:\/\/algarve7.pt\/#\/schema\/person\/23fa70681308e7b319a3204bcea45e0c","name":"Algarve 7","sameAs":["https:\/\/algarve7.pt","https:\/\/www.facebook.com\/algarve7"],"url":"https:\/\/algarve7.pt\/index.php\/author\/geralalgarve7-pt\/"}]}},"jetpack_publicize_connections":[],"jetpack_featured_media_url":"https:\/\/algarve7.pt\/wp-content\/uploads\/2023\/02\/331063798_1229856387737776_4354834851268105639_n.jpg","jetpack_shortlink":"https:\/\/wp.me\/pcezmW-6Fa","jetpack_sharing_enabled":true,"_links":{"self":[{"href":"https:\/\/algarve7.pt\/index.php\/wp-json\/wp\/v2\/posts\/25616","targetHints":{"allow":["GET"]}}],"collection":[{"href":"https:\/\/algarve7.pt\/index.php\/wp-json\/wp\/v2\/posts"}],"about":[{"href":"https:\/\/algarve7.pt\/index.php\/wp-json\/wp\/v2\/types\/post"}],"author":[{"embeddable":true,"href":"https:\/\/algarve7.pt\/index.php\/wp-json\/wp\/v2\/users\/1"}],"replies":[{"embeddable":true,"href":"https:\/\/algarve7.pt\/index.php\/wp-json\/wp\/v2\/comments?post=25616"}],"version-history":[{"count":0,"href":"https:\/\/algarve7.pt\/index.php\/wp-json\/wp\/v2\/posts\/25616\/revisions"}],"wp:featuredmedia":[{"embeddable":true,"href":"https:\/\/algarve7.pt\/index.php\/wp-json\/wp\/v2\/media\/25617"}],"wp:attachment":[{"href":"https:\/\/algarve7.pt\/index.php\/wp-json\/wp\/v2\/media?parent=25616"}],"wp:term":[{"taxonomy":"category","embeddable":true,"href":"https:\/\/algarve7.pt\/index.php\/wp-json\/wp\/v2\/categories?post=25616"},{"taxonomy":"post_tag","embeddable":true,"href":"https:\/\/algarve7.pt\/index.php\/wp-json\/wp\/v2\/tags?post=25616"}],"curies":[{"name":"wp","href":"https:\/\/api.w.org\/{rel}","templated":true}]}}