{"id":25608,"date":"2023-02-15T22:09:42","date_gmt":"2023-02-15T22:09:42","guid":{"rendered":"https:\/\/algarve7.pt\/?p=25608"},"modified":"2023-02-15T22:10:48","modified_gmt":"2023-02-15T22:10:48","slug":"alexander-kristoff-impoe-a-lei-do-mais-rapido-em-lagos","status":"publish","type":"post","link":"https:\/\/algarve7.pt\/index.php\/2023\/02\/alexander-kristoff-impoe-a-lei-do-mais-rapido-em-lagos\/desporto\/22\/09\/","title":{"rendered":"Alexander Kristoff imp\u00f5e a lei do mais r\u00e1pido em Lagos"},"content":{"rendered":"\n<p>O noruegu\u00eas Alexander Kristoff (Uno-X Pro Cycling Team) ganhou hoje a primeira etapa da 49.\u00aa Volta ao Algarve, sendo o mais veloz no sprint de Lagos, depois de percorridos 200,2 quil\u00f3metros, desde Portim\u00e3o, e \u00e9 o primeiro Camisola Amarela Turismo do Algarve.<\/p>\n\n\n\n<p>Num dia que se iniciou chuvoso, o tempo secou e cinco homens fizeram-se \u00e0 estrada com vontade de ganharem protagonismo. Alexander Kamp (Tudor Pro Cycling), Rafael Louren\u00e7o (APHotels and Resorts-Tavira-SC Farense), Aleksandr Grigorev (Efapel Cycling), Sergio Garcia Gonzalez (Glassdrive-Q8-Anicolor) e Ant\u00f3nio Ferreira (Kelly-Simoldes-UDO) escaparam com cerca de 15 quil\u00f3metros percorridos e enfrentaram o forte vento. A vantagem para o pelot\u00e3o n\u00e3o chegou aos tr\u00eas minutos.<\/p>\n\n\n\n<p>Ant\u00f3nio Ferreira aproveitou a iniciativa para conquistar a Camisola Azul Cyclin\u2019Portugal, de melhor trepador, e Aleksandr Grigorev (Efapel Cycling), acabou por ser eleito o mais combativo da jornada. O natural da R\u00fassia e o campe\u00e3o da Dinamarca, Alexander Kamp, foram os mais resistentes dos fugitivos, mantendo-se na frente da corrida at\u00e9 faltarem 12 quil\u00f3metros para a chegada.<\/p>\n\n\n\n<p>O nervosismo habitual dos primeiros dias provocou uma queda na cauda do pelot\u00e3o, j\u00e1 dentro dos \u00faltimos dez quil\u00f3metros, na qual um dos envolvidos seria, curiosamente, o mais combativo do dia. Os esquadr\u00f5es mais apetrechados para a disputa ao sprint tentaram levar o pelot\u00e3o compacto para a Avenida dos Descobrimentos, mas n\u00e3o o fizeram sem incidentes.<\/p>\n\n\n\n<p>Um topo a 2 quil\u00f3metros do fim desorganizou a cabe\u00e7a do pelot\u00e3o e o forte vento de frente na reta da meta tamb\u00e9m complicou a vida aos homens velozes. Os noruegueses foram os melhores. S\u00f8ren W\u00e6renskjold (Uno-X Pro Cycling Team) fez de lan\u00e7ador e foi para Alexander Kristoff bater o belga Jordi Meeus (BORA-hansgrohe) e vencer a etapa ao fim de 4h49m25s.<\/p>\n\n\n\n<p>Alexander Kristoff \u00e9 tamb\u00e9m o dono da Camisola Amarela Turismo do Algarve, com 4 segundos de vantagem sobre Meeus e com 6 segundos sobre S\u00f8ren W\u00e6renskjold. Al\u00e9m disso, o noruegu\u00eas \u00e9 tamb\u00e9m o dono da Camisola Verde Cr\u00e9dito Agr\u00edcola. Pavel Bittner (Team DSM), sexto na etapa e na geral, \u00e9 o melhor jovem, dono da Camisola Branca IPDJ. A Trek-Segafredo comanda por equipas.<\/p>\n\n\n\n<p>\u201cFoi fant\u00e1stico. Fiz esta chegada duas vezes antes, mas hoje \u00e9 a primeira vez que ven\u00e7o em Portugal. \u00c9 sempre um al\u00edvio come\u00e7ar a \u00e9poca a vencer, a press\u00e3o desce um pouco. O S\u00f8ren W\u00e6renskjold fez-me um excelente lan\u00e7amento na chegada. Ele estava muito forte, mas cabia-me tirar proveito da sua for\u00e7a para me posicionar melhor e lan\u00e7ar o meu sprint. Fizemos um excelente trabalho, mas ainda estamos a aperfei\u00e7oar. Vencer hoje foi uma sensa\u00e7\u00e3o indescrit\u00edvel. Conhe\u00e7o a chegada a Tavira, ligeiramente a subir, que talvez seja mais ao jeito do S\u00f8ren W\u00e6renskjold\u201d, afirmou Alexander Kristoff.<\/p>\n\n\n\n<p>A segunda etapa, a disputar nesta quinta-feira, ter\u00e1 186,3 quil\u00f3metros, unindo Sagres ao alto da F\u00f3ia. A meta coincide com uma contagem de montanha de primeira categoria, sendo antecedida pela subida da Picota, segunda categoria, a 15 quil\u00f3metros da meta.<\/p>\n","protected":false},"excerpt":{"rendered":"<p>O noruegu\u00eas Alexander Kristoff (Uno-X Pro Cycling Team) ganhou hoje a primeira etapa da 49.\u00aa Volta ao Algarve, sendo o<\/p>\n","protected":false},"author":1,"featured_media":25609,"comment_status":"closed","ping_status":"open","sticky":false,"template":"","format":"standard","meta":{"colormag_page_container_layout":"default_layout","colormag_page_sidebar_layout":"default_layout","_monsterinsights_skip_tracking":false,"_monsterinsights_sitenote_active":false,"_monsterinsights_sitenote_note":"","_monsterinsights_sitenote_category":0,"jetpack_post_was_ever_published":false,"_jetpack_newsletter_access":"","_jetpack_dont_email_post_to_subs":false,"_jetpack_newsletter_tier_id":0,"_jetpack_memberships_contains_paywalled_content":false,"_jetpack_memberships_contains_paid_content":false,"footnotes":"","jetpack_publicize_message":"","jetpack_publicize_feature_enabled":true,"jetpack_social_post_already_shared":true,"jetpack_social_options":{"image_generator_settings":{"template":"highway","default_image_id":0,"font":"","enabled":false},"version":2}},"categories":[15],"tags":[36,40,68,339],"class_list":["post-25608","post","type-post","status-publish","format-standard","has-post-thumbnail","hentry","category-desporto","tag-algarve","tag-desporto","tag-lagos","tag-volta-ao-algarve"],"yoast_head":"<!-- This site is optimized with the Yoast SEO plugin v27.4 - https:\/\/yoast.com\/product\/yoast-seo-wordpress\/ -->\n<title>Alexander Kristoff imp\u00f5e a lei do mais r\u00e1pido em Lagos - Algarve 7<\/title>\n<meta name=\"description\" content=\"Alexander Kristoff imp\u00f5e a lei do mais r\u00e1pido em Lagos Desporto\" \/>\n<meta name=\"robots\" content=\"index, follow, max-snippet:-1, max-image-preview:large, max-video-preview:-1\" \/>\n<link rel=\"canonical\" href=\"https:\/\/algarve7.pt\/index.php\/2023\/02\/alexander-kristoff-impoe-a-lei-do-mais-rapido-em-lagos\/desporto\/22\/09\/\" \/>\n<meta property=\"og:locale\" content=\"pt_PT\" \/>\n<meta property=\"og:type\" content=\"article\" \/>\n<meta property=\"og:title\" content=\"Alexander Kristoff imp\u00f5e a lei do mais r\u00e1pido em Lagos - Algarve 7\" \/>\n<meta property=\"og:description\" content=\"Alexander Kristoff imp\u00f5e a lei do mais r\u00e1pido em Lagos Desporto\" \/>\n<meta property=\"og:url\" content=\"https:\/\/algarve7.pt\/index.php\/2023\/02\/alexander-kristoff-impoe-a-lei-do-mais-rapido-em-lagos\/desporto\/22\/09\/\" \/>\n<meta property=\"og:site_name\" content=\"Algarve 7\" \/>\n<meta property=\"article:publisher\" content=\"https:\/\/www.facebook.com\/algarve7\" \/>\n<meta property=\"article:author\" content=\"https:\/\/www.facebook.com\/algarve7\" \/>\n<meta property=\"article:published_time\" content=\"2023-02-15T22:09:42+00:00\" \/>\n<meta property=\"article:modified_time\" content=\"2023-02-15T22:10:48+00:00\" \/>\n<meta property=\"og:image\" content=\"https:\/\/algarve7.pt\/wp-content\/uploads\/2023\/02\/Chegada1.jpg\" \/>\n\t<meta property=\"og:image:width\" content=\"1024\" \/>\n\t<meta property=\"og:image:height\" content=\"682\" \/>\n\t<meta property=\"og:image:type\" content=\"image\/jpeg\" \/>\n<meta name=\"author\" content=\"Algarve 7\" \/>\n<meta name=\"twitter:card\" content=\"summary_large_image\" \/>\n<meta name=\"twitter:creator\" content=\"@Algarvesete\" \/>\n<meta name=\"twitter:site\" content=\"@Algarvesete\" \/>\n<meta name=\"twitter:label1\" content=\"Escrito por\" \/>\n\t<meta name=\"twitter:data1\" content=\"Algarve 7\" \/>\n\t<meta name=\"twitter:label2\" content=\"Tempo estimado de leitura\" \/>\n\t<meta name=\"twitter:data2\" content=\"3 minutos\" \/>\n<script type=\"application\/ld+json\" class=\"yoast-schema-graph\">{\"@context\":\"https:\\\/\\\/schema.org\",\"@graph\":[{\"@type\":\"Article\",\"@id\":\"https:\\\/\\\/algarve7.pt\\\/index.php\\\/2023\\\/02\\\/alexander-kristoff-impoe-a-lei-do-mais-rapido-em-lagos\\\/desporto\\\/22\\\/09\\\/#article\",\"isPartOf\":{\"@id\":\"https:\\\/\\\/algarve7.pt\\\/index.php\\\/2023\\\/02\\\/alexander-kristoff-impoe-a-lei-do-mais-rapido-em-lagos\\\/desporto\\\/22\\\/09\\\/\"},\"author\":{\"name\":\"Algarve 7\",\"@id\":\"https:\\\/\\\/algarve7.pt\\\/#\\\/schema\\\/person\\\/23fa70681308e7b319a3204bcea45e0c\"},\"headline\":\"Alexander Kristoff imp\u00f5e a lei do mais r\u00e1pido em Lagos\",\"datePublished\":\"2023-02-15T22:09:42+00:00\",\"dateModified\":\"2023-02-15T22:10:48+00:00\",\"mainEntityOfPage\":{\"@id\":\"https:\\\/\\\/algarve7.pt\\\/index.php\\\/2023\\\/02\\\/alexander-kristoff-impoe-a-lei-do-mais-rapido-em-lagos\\\/desporto\\\/22\\\/09\\\/\"},\"wordCount\":533,\"publisher\":{\"@id\":\"https:\\\/\\\/algarve7.pt\\\/#organization\"},\"image\":{\"@id\":\"https:\\\/\\\/algarve7.pt\\\/index.php\\\/2023\\\/02\\\/alexander-kristoff-impoe-a-lei-do-mais-rapido-em-lagos\\\/desporto\\\/22\\\/09\\\/#primaryimage\"},\"thumbnailUrl\":\"https:\\\/\\\/algarve7.pt\\\/wp-content\\\/uploads\\\/2023\\\/02\\\/Chegada1.jpg\",\"keywords\":[\"Algarve\",\"Desporto\",\"Lagos\",\"Volta ao Algarve\"],\"articleSection\":[\"Desporto\"],\"inLanguage\":\"pt-PT\"},{\"@type\":\"WebPage\",\"@id\":\"https:\\\/\\\/algarve7.pt\\\/index.php\\\/2023\\\/02\\\/alexander-kristoff-impoe-a-lei-do-mais-rapido-em-lagos\\\/desporto\\\/22\\\/09\\\/\",\"url\":\"https:\\\/\\\/algarve7.pt\\\/index.php\\\/2023\\\/02\\\/alexander-kristoff-impoe-a-lei-do-mais-rapido-em-lagos\\\/desporto\\\/22\\\/09\\\/\",\"name\":\"Alexander Kristoff imp\u00f5e a lei do mais r\u00e1pido em Lagos - Algarve 7\",\"isPartOf\":{\"@id\":\"https:\\\/\\\/algarve7.pt\\\/#website\"},\"primaryImageOfPage\":{\"@id\":\"https:\\\/\\\/algarve7.pt\\\/index.php\\\/2023\\\/02\\\/alexander-kristoff-impoe-a-lei-do-mais-rapido-em-lagos\\\/desporto\\\/22\\\/09\\\/#primaryimage\"},\"image\":{\"@id\":\"https:\\\/\\\/algarve7.pt\\\/index.php\\\/2023\\\/02\\\/alexander-kristoff-impoe-a-lei-do-mais-rapido-em-lagos\\\/desporto\\\/22\\\/09\\\/#primaryimage\"},\"thumbnailUrl\":\"https:\\\/\\\/algarve7.pt\\\/wp-content\\\/uploads\\\/2023\\\/02\\\/Chegada1.jpg\",\"datePublished\":\"2023-02-15T22:09:42+00:00\",\"dateModified\":\"2023-02-15T22:10:48+00:00\",\"description\":\"Alexander Kristoff imp\u00f5e a lei do mais r\u00e1pido em Lagos Desporto\",\"breadcrumb\":{\"@id\":\"https:\\\/\\\/algarve7.pt\\\/index.php\\\/2023\\\/02\\\/alexander-kristoff-impoe-a-lei-do-mais-rapido-em-lagos\\\/desporto\\\/22\\\/09\\\/#breadcrumb\"},\"inLanguage\":\"pt-PT\",\"potentialAction\":[{\"@type\":\"ReadAction\",\"target\":[\"https:\\\/\\\/algarve7.pt\\\/index.php\\\/2023\\\/02\\\/alexander-kristoff-impoe-a-lei-do-mais-rapido-em-lagos\\\/desporto\\\/22\\\/09\\\/\"]}]},{\"@type\":\"ImageObject\",\"inLanguage\":\"pt-PT\",\"@id\":\"https:\\\/\\\/algarve7.pt\\\/index.php\\\/2023\\\/02\\\/alexander-kristoff-impoe-a-lei-do-mais-rapido-em-lagos\\\/desporto\\\/22\\\/09\\\/#primaryimage\",\"url\":\"https:\\\/\\\/algarve7.pt\\\/wp-content\\\/uploads\\\/2023\\\/02\\\/Chegada1.jpg\",\"contentUrl\":\"https:\\\/\\\/algarve7.pt\\\/wp-content\\\/uploads\\\/2023\\\/02\\\/Chegada1.jpg\",\"width\":1024,\"height\":682},{\"@type\":\"BreadcrumbList\",\"@id\":\"https:\\\/\\\/algarve7.pt\\\/index.php\\\/2023\\\/02\\\/alexander-kristoff-impoe-a-lei-do-mais-rapido-em-lagos\\\/desporto\\\/22\\\/09\\\/#breadcrumb\",\"itemListElement\":[{\"@type\":\"ListItem\",\"position\":1,\"name\":\"In\u00edcio\",\"item\":\"https:\\\/\\\/algarve7.pt\\\/\"},{\"@type\":\"ListItem\",\"position\":2,\"name\":\"Alexander Kristoff imp\u00f5e a lei do mais r\u00e1pido em Lagos\"}]},{\"@type\":\"WebSite\",\"@id\":\"https:\\\/\\\/algarve7.pt\\\/#website\",\"url\":\"https:\\\/\\\/algarve7.pt\\\/\",\"name\":\"Algarve 7\",\"description\":\"Informa\u00e7\u00e3o sobre o Algarve\",\"publisher\":{\"@id\":\"https:\\\/\\\/algarve7.pt\\\/#organization\"},\"potentialAction\":[{\"@type\":\"SearchAction\",\"target\":{\"@type\":\"EntryPoint\",\"urlTemplate\":\"https:\\\/\\\/algarve7.pt\\\/?s={search_term_string}\"},\"query-input\":{\"@type\":\"PropertyValueSpecification\",\"valueRequired\":true,\"valueName\":\"search_term_string\"}}],\"inLanguage\":\"pt-PT\"},{\"@type\":\"Organization\",\"@id\":\"https:\\\/\\\/algarve7.pt\\\/#organization\",\"name\":\"Algarve 7\",\"url\":\"https:\\\/\\\/algarve7.pt\\\/\",\"logo\":{\"@type\":\"ImageObject\",\"inLanguage\":\"pt-PT\",\"@id\":\"https:\\\/\\\/algarve7.pt\\\/#\\\/schema\\\/logo\\\/image\\\/\",\"url\":\"https:\\\/\\\/algarve7.pt\\\/wp-content\\\/uploads\\\/2020\\\/10\\\/Logo-8.jpg\",\"contentUrl\":\"https:\\\/\\\/algarve7.pt\\\/wp-content\\\/uploads\\\/2020\\\/10\\\/Logo-8.jpg\",\"width\":1680,\"height\":1186,\"caption\":\"Algarve 7\"},\"image\":{\"@id\":\"https:\\\/\\\/algarve7.pt\\\/#\\\/schema\\\/logo\\\/image\\\/\"},\"sameAs\":[\"https:\\\/\\\/www.facebook.com\\\/algarve7\",\"https:\\\/\\\/x.com\\\/Algarvesete\",\"https:\\\/\\\/www.instagram.com\\\/jornalalgarve7\\\/\",\"https:\\\/\\\/www.linkedin.com\\\/company\\\/algarve7\",\"https:\\\/\\\/www.pinterest.pt\\\/geral0939\\\/_created\\\/\"]},{\"@type\":\"Person\",\"@id\":\"https:\\\/\\\/algarve7.pt\\\/#\\\/schema\\\/person\\\/23fa70681308e7b319a3204bcea45e0c\",\"name\":\"Algarve 7\",\"sameAs\":[\"https:\\\/\\\/algarve7.pt\",\"https:\\\/\\\/www.facebook.com\\\/algarve7\"],\"url\":\"https:\\\/\\\/algarve7.pt\\\/index.php\\\/author\\\/geralalgarve7-pt\\\/\"}]}<\/script>\n<!-- \/ Yoast SEO plugin. -->","yoast_head_json":{"title":"Alexander Kristoff imp\u00f5e a lei do mais r\u00e1pido em Lagos - Algarve 7","description":"Alexander Kristoff imp\u00f5e a lei do mais r\u00e1pido em Lagos Desporto","robots":{"index":"index","follow":"follow","max-snippet":"max-snippet:-1","max-image-preview":"max-image-preview:large","max-video-preview":"max-video-preview:-1"},"canonical":"https:\/\/algarve7.pt\/index.php\/2023\/02\/alexander-kristoff-impoe-a-lei-do-mais-rapido-em-lagos\/desporto\/22\/09\/","og_locale":"pt_PT","og_type":"article","og_title":"Alexander Kristoff imp\u00f5e a lei do mais r\u00e1pido em Lagos - Algarve 7","og_description":"Alexander Kristoff imp\u00f5e a lei do mais r\u00e1pido em Lagos Desporto","og_url":"https:\/\/algarve7.pt\/index.php\/2023\/02\/alexander-kristoff-impoe-a-lei-do-mais-rapido-em-lagos\/desporto\/22\/09\/","og_site_name":"Algarve 7","article_publisher":"https:\/\/www.facebook.com\/algarve7","article_author":"https:\/\/www.facebook.com\/algarve7","article_published_time":"2023-02-15T22:09:42+00:00","article_modified_time":"2023-02-15T22:10:48+00:00","og_image":[{"width":1024,"height":682,"url":"https:\/\/algarve7.pt\/wp-content\/uploads\/2023\/02\/Chegada1.jpg","type":"image\/jpeg"}],"author":"Algarve 7","twitter_card":"summary_large_image","twitter_creator":"@Algarvesete","twitter_site":"@Algarvesete","twitter_misc":{"Escrito por":"Algarve 7","Tempo estimado de leitura":"3 minutos"},"schema":{"@context":"https:\/\/schema.org","@graph":[{"@type":"Article","@id":"https:\/\/algarve7.pt\/index.php\/2023\/02\/alexander-kristoff-impoe-a-lei-do-mais-rapido-em-lagos\/desporto\/22\/09\/#article","isPartOf":{"@id":"https:\/\/algarve7.pt\/index.php\/2023\/02\/alexander-kristoff-impoe-a-lei-do-mais-rapido-em-lagos\/desporto\/22\/09\/"},"author":{"name":"Algarve 7","@id":"https:\/\/algarve7.pt\/#\/schema\/person\/23fa70681308e7b319a3204bcea45e0c"},"headline":"Alexander Kristoff imp\u00f5e a lei do mais r\u00e1pido em Lagos","datePublished":"2023-02-15T22:09:42+00:00","dateModified":"2023-02-15T22:10:48+00:00","mainEntityOfPage":{"@id":"https:\/\/algarve7.pt\/index.php\/2023\/02\/alexander-kristoff-impoe-a-lei-do-mais-rapido-em-lagos\/desporto\/22\/09\/"},"wordCount":533,"publisher":{"@id":"https:\/\/algarve7.pt\/#organization"},"image":{"@id":"https:\/\/algarve7.pt\/index.php\/2023\/02\/alexander-kristoff-impoe-a-lei-do-mais-rapido-em-lagos\/desporto\/22\/09\/#primaryimage"},"thumbnailUrl":"https:\/\/algarve7.pt\/wp-content\/uploads\/2023\/02\/Chegada1.jpg","keywords":["Algarve","Desporto","Lagos","Volta ao Algarve"],"articleSection":["Desporto"],"inLanguage":"pt-PT"},{"@type":"WebPage","@id":"https:\/\/algarve7.pt\/index.php\/2023\/02\/alexander-kristoff-impoe-a-lei-do-mais-rapido-em-lagos\/desporto\/22\/09\/","url":"https:\/\/algarve7.pt\/index.php\/2023\/02\/alexander-kristoff-impoe-a-lei-do-mais-rapido-em-lagos\/desporto\/22\/09\/","name":"Alexander Kristoff imp\u00f5e a lei do mais r\u00e1pido em Lagos - Algarve 7","isPartOf":{"@id":"https:\/\/algarve7.pt\/#website"},"primaryImageOfPage":{"@id":"https:\/\/algarve7.pt\/index.php\/2023\/02\/alexander-kristoff-impoe-a-lei-do-mais-rapido-em-lagos\/desporto\/22\/09\/#primaryimage"},"image":{"@id":"https:\/\/algarve7.pt\/index.php\/2023\/02\/alexander-kristoff-impoe-a-lei-do-mais-rapido-em-lagos\/desporto\/22\/09\/#primaryimage"},"thumbnailUrl":"https:\/\/algarve7.pt\/wp-content\/uploads\/2023\/02\/Chegada1.jpg","datePublished":"2023-02-15T22:09:42+00:00","dateModified":"2023-02-15T22:10:48+00:00","description":"Alexander Kristoff imp\u00f5e a lei do mais r\u00e1pido em Lagos Desporto","breadcrumb":{"@id":"https:\/\/algarve7.pt\/index.php\/2023\/02\/alexander-kristoff-impoe-a-lei-do-mais-rapido-em-lagos\/desporto\/22\/09\/#breadcrumb"},"inLanguage":"pt-PT","potentialAction":[{"@type":"ReadAction","target":["https:\/\/algarve7.pt\/index.php\/2023\/02\/alexander-kristoff-impoe-a-lei-do-mais-rapido-em-lagos\/desporto\/22\/09\/"]}]},{"@type":"ImageObject","inLanguage":"pt-PT","@id":"https:\/\/algarve7.pt\/index.php\/2023\/02\/alexander-kristoff-impoe-a-lei-do-mais-rapido-em-lagos\/desporto\/22\/09\/#primaryimage","url":"https:\/\/algarve7.pt\/wp-content\/uploads\/2023\/02\/Chegada1.jpg","contentUrl":"https:\/\/algarve7.pt\/wp-content\/uploads\/2023\/02\/Chegada1.jpg","width":1024,"height":682},{"@type":"BreadcrumbList","@id":"https:\/\/algarve7.pt\/index.php\/2023\/02\/alexander-kristoff-impoe-a-lei-do-mais-rapido-em-lagos\/desporto\/22\/09\/#breadcrumb","itemListElement":[{"@type":"ListItem","position":1,"name":"In\u00edcio","item":"https:\/\/algarve7.pt\/"},{"@type":"ListItem","position":2,"name":"Alexander Kristoff imp\u00f5e a lei do mais r\u00e1pido em Lagos"}]},{"@type":"WebSite","@id":"https:\/\/algarve7.pt\/#website","url":"https:\/\/algarve7.pt\/","name":"Algarve 7","description":"Informa\u00e7\u00e3o sobre o Algarve","publisher":{"@id":"https:\/\/algarve7.pt\/#organization"},"potentialAction":[{"@type":"SearchAction","target":{"@type":"EntryPoint","urlTemplate":"https:\/\/algarve7.pt\/?s={search_term_string}"},"query-input":{"@type":"PropertyValueSpecification","valueRequired":true,"valueName":"search_term_string"}}],"inLanguage":"pt-PT"},{"@type":"Organization","@id":"https:\/\/algarve7.pt\/#organization","name":"Algarve 7","url":"https:\/\/algarve7.pt\/","logo":{"@type":"ImageObject","inLanguage":"pt-PT","@id":"https:\/\/algarve7.pt\/#\/schema\/logo\/image\/","url":"https:\/\/algarve7.pt\/wp-content\/uploads\/2020\/10\/Logo-8.jpg","contentUrl":"https:\/\/algarve7.pt\/wp-content\/uploads\/2020\/10\/Logo-8.jpg","width":1680,"height":1186,"caption":"Algarve 7"},"image":{"@id":"https:\/\/algarve7.pt\/#\/schema\/logo\/image\/"},"sameAs":["https:\/\/www.facebook.com\/algarve7","https:\/\/x.com\/Algarvesete","https:\/\/www.instagram.com\/jornalalgarve7\/","https:\/\/www.linkedin.com\/company\/algarve7","https:\/\/www.pinterest.pt\/geral0939\/_created\/"]},{"@type":"Person","@id":"https:\/\/algarve7.pt\/#\/schema\/person\/23fa70681308e7b319a3204bcea45e0c","name":"Algarve 7","sameAs":["https:\/\/algarve7.pt","https:\/\/www.facebook.com\/algarve7"],"url":"https:\/\/algarve7.pt\/index.php\/author\/geralalgarve7-pt\/"}]}},"jetpack_publicize_connections":[],"jetpack_featured_media_url":"https:\/\/algarve7.pt\/wp-content\/uploads\/2023\/02\/Chegada1.jpg","jetpack_shortlink":"https:\/\/wp.me\/pcezmW-6F2","jetpack_sharing_enabled":true,"_links":{"self":[{"href":"https:\/\/algarve7.pt\/index.php\/wp-json\/wp\/v2\/posts\/25608","targetHints":{"allow":["GET"]}}],"collection":[{"href":"https:\/\/algarve7.pt\/index.php\/wp-json\/wp\/v2\/posts"}],"about":[{"href":"https:\/\/algarve7.pt\/index.php\/wp-json\/wp\/v2\/types\/post"}],"author":[{"embeddable":true,"href":"https:\/\/algarve7.pt\/index.php\/wp-json\/wp\/v2\/users\/1"}],"replies":[{"embeddable":true,"href":"https:\/\/algarve7.pt\/index.php\/wp-json\/wp\/v2\/comments?post=25608"}],"version-history":[{"count":0,"href":"https:\/\/algarve7.pt\/index.php\/wp-json\/wp\/v2\/posts\/25608\/revisions"}],"wp:featuredmedia":[{"embeddable":true,"href":"https:\/\/algarve7.pt\/index.php\/wp-json\/wp\/v2\/media\/25609"}],"wp:attachment":[{"href":"https:\/\/algarve7.pt\/index.php\/wp-json\/wp\/v2\/media?parent=25608"}],"wp:term":[{"taxonomy":"category","embeddable":true,"href":"https:\/\/algarve7.pt\/index.php\/wp-json\/wp\/v2\/categories?post=25608"},{"taxonomy":"post_tag","embeddable":true,"href":"https:\/\/algarve7.pt\/index.php\/wp-json\/wp\/v2\/tags?post=25608"}],"curies":[{"name":"wp","href":"https:\/\/api.w.org\/{rel}","templated":true}]}}