{"id":25590,"date":"2023-02-15T21:30:45","date_gmt":"2023-02-15T21:30:45","guid":{"rendered":"https:\/\/algarve7.pt\/?p=25590"},"modified":"2023-02-15T21:30:47","modified_gmt":"2023-02-15T21:30:47","slug":"municipio-e-apal-promovem-albufeira-numa-acao-a-ter-lugar-no-consulado-de-portugal-em-sevilha","status":"publish","type":"post","link":"https:\/\/algarve7.pt\/index.php\/2023\/02\/municipio-e-apal-promovem-albufeira-numa-acao-a-ter-lugar-no-consulado-de-portugal-em-sevilha\/turismo\/21\/30\/","title":{"rendered":"Munic\u00edpio e APAL promovem Albufeira numa a\u00e7\u00e3o a ter lugar no consulado de Portugal em Sevilha"},"content":{"rendered":"\n<p>Na pr\u00f3xima quinta-feira, dia 16, o Munic\u00edpio de Albufeira promove em Sevilha uma a\u00e7\u00e3o de promo\u00e7\u00e3o tur\u00edstica que visa promover Albufeira como destino de f\u00e9rias, neste que \u00e9 um mercado de proximidade, numa antevis\u00e3o de uma \u00e9poca em que os espanh\u00f3is procuram o Algarve em geral, e Albufeira em particular, para as f\u00e9rias da Semana Santa.<\/p>\n\n\n\n<p>Trata-se de uma a\u00e7\u00e3o conjunta entre o Munic\u00edpio de Albufeira e a APAL \u2013 Ag\u00eancia de Promo\u00e7\u00e3o de Albufeira, que engloba um jantar de apresenta\u00e7\u00e3o do destino, com produtos tradicionais e com a colabora\u00e7\u00e3o da \u201cAssocia\u00e7\u00e3o Barmen do Algarve\u201d, antecedido de um \u2018workshop\u2019 que vai reunir empresas associadas da APAL, com agentes de viagens e operadores espanh\u00f3is.<\/p>\n\n\n\n<p>Nesta a\u00e7\u00e3o, al\u00e9m dos empres\u00e1rios de Albufeira, estar\u00e3o ainda representantes do Munic\u00edpio de Albufeira, agentes de viagem e operadores andaluzes, bem como a C\u00f4nsul-geral de Portugal em Sevilha, Cl\u00e1udia Boesch.<\/p>\n\n\n\n<p>Est\u00e3o presentes ainda representantes do Ayuntamento, Diputaci\u00f3n de Sevilha, Prodetur (uma sociedade p\u00fablica afeta ao conselho provincial de Sevilha que tem por objetivo a inova\u00e7\u00e3o, promo\u00e7\u00e3o e desenvolvimento econ\u00f3mico local na Prov\u00edncia de Sevilha) e diversas associa\u00e7\u00f5es empresariais com que Albufeira mant\u00e9m contactos e rela\u00e7\u00f5es. Esta promo\u00e7\u00e3o ter\u00e1 lugar no Consulado Geral de Portugal em Sevilha, onde \u00e0s 11h00 haver\u00e1 um encontro com a imprensa.<\/p>\n\n\n\n<p>\u201cH\u00e1 aqui uma dimens\u00e3o din\u00e2mica que continuamos a perseguir quanto \u00e0 marca \u2018Albufeira, destino de emo\u00e7\u00f5es\u2019. De momento, centramos as aten\u00e7\u00f5es tamb\u00e9m na imagem virtual da dimens\u00e3o f\u00edsica de Albufeira, que acompanha todo o processo de compra, perman\u00eancia e o momento p\u00f3s-f\u00e9rias. Integramos a l\u00f3gica das smart cities e como destino inteligente, urge tamb\u00e9m estar presente nos mercados que nos permitem conex\u00f5es de servi\u00e7os a fim de acompanharmos melhor as atitudes e comportamentos dos turistas\u201d, diz Jos\u00e9 Carlos Rolo, presidente da C\u00e2mara Municipal de Albufeira.<\/p>\n","protected":false},"excerpt":{"rendered":"<p>Na pr\u00f3xima quinta-feira, dia 16, o Munic\u00edpio de Albufeira promove em Sevilha uma a\u00e7\u00e3o de promo\u00e7\u00e3o tur\u00edstica que visa promover<\/p>\n","protected":false},"author":1,"featured_media":25591,"comment_status":"closed","ping_status":"open","sticky":false,"template":"","format":"standard","meta":{"colormag_page_container_layout":"default_layout","colormag_page_sidebar_layout":"default_layout","_monsterinsights_skip_tracking":false,"_monsterinsights_sitenote_active":false,"_monsterinsights_sitenote_note":"","_monsterinsights_sitenote_category":0,"jetpack_post_was_ever_published":false,"_jetpack_newsletter_access":"","_jetpack_dont_email_post_to_subs":false,"_jetpack_newsletter_tier_id":0,"_jetpack_memberships_contains_paywalled_content":false,"_jetpack_memberships_contains_paid_content":false,"footnotes":"","jetpack_publicize_message":"","jetpack_publicize_feature_enabled":true,"jetpack_social_post_already_shared":true,"jetpack_social_options":{"image_generator_settings":{"template":"highway","default_image_id":0,"font":"","enabled":false},"version":2}},"categories":[17],"tags":[155,36,45],"class_list":["post-25590","post","type-post","status-publish","format-standard","has-post-thumbnail","hentry","category-turismo","tag-albufeira","tag-algarve","tag-turismo"],"yoast_head":"<!-- This site is optimized with the Yoast SEO plugin v27.5 - https:\/\/yoast.com\/product\/yoast-seo-wordpress\/ -->\n<title>Munic\u00edpio e APAL promovem Albufeira numa a\u00e7\u00e3o a ter lugar no consulado de Portugal em Sevilha - Algarve 7<\/title>\n<meta name=\"description\" content=\"Munic\u00edpio e APAL promovem Albufeira numa a\u00e7\u00e3o a ter lugar no consulado de Portugal em Sevilha Turismo\" \/>\n<meta name=\"robots\" content=\"index, follow, max-snippet:-1, max-image-preview:large, max-video-preview:-1\" \/>\n<link rel=\"canonical\" href=\"https:\/\/algarve7.pt\/index.php\/2023\/02\/municipio-e-apal-promovem-albufeira-numa-acao-a-ter-lugar-no-consulado-de-portugal-em-sevilha\/turismo\/21\/30\/\" \/>\n<meta property=\"og:locale\" content=\"pt_PT\" \/>\n<meta property=\"og:type\" content=\"article\" \/>\n<meta property=\"og:title\" content=\"Munic\u00edpio e APAL promovem Albufeira numa a\u00e7\u00e3o a ter lugar no consulado de Portugal em Sevilha - Algarve 7\" \/>\n<meta property=\"og:description\" content=\"Munic\u00edpio e APAL promovem Albufeira numa a\u00e7\u00e3o a ter lugar no consulado de Portugal em Sevilha Turismo\" \/>\n<meta property=\"og:url\" content=\"https:\/\/algarve7.pt\/index.php\/2023\/02\/municipio-e-apal-promovem-albufeira-numa-acao-a-ter-lugar-no-consulado-de-portugal-em-sevilha\/turismo\/21\/30\/\" \/>\n<meta property=\"og:site_name\" content=\"Algarve 7\" \/>\n<meta property=\"article:publisher\" content=\"https:\/\/www.facebook.com\/algarve7\" \/>\n<meta property=\"article:author\" content=\"https:\/\/www.facebook.com\/algarve7\" \/>\n<meta property=\"article:published_time\" content=\"2023-02-15T21:30:45+00:00\" \/>\n<meta property=\"article:modified_time\" content=\"2023-02-15T21:30:47+00:00\" \/>\n<meta property=\"og:image\" content=\"https:\/\/algarve7.pt\/wp-content\/uploads\/2023\/02\/Marca-Albufeira-Destino-Emocoes-APAL-Municipio-_page-0001.jpg\" \/>\n\t<meta property=\"og:image:width\" content=\"1123\" \/>\n\t<meta property=\"og:image:height\" content=\"562\" \/>\n\t<meta property=\"og:image:type\" content=\"image\/jpeg\" \/>\n<meta name=\"author\" content=\"Algarve 7\" \/>\n<meta name=\"twitter:card\" content=\"summary_large_image\" \/>\n<meta name=\"twitter:creator\" content=\"@Algarvesete\" \/>\n<meta name=\"twitter:site\" content=\"@Algarvesete\" \/>\n<meta name=\"twitter:label1\" content=\"Escrito por\" \/>\n\t<meta name=\"twitter:data1\" content=\"Algarve 7\" \/>\n\t<meta name=\"twitter:label2\" content=\"Tempo estimado de leitura\" \/>\n\t<meta name=\"twitter:data2\" content=\"2 minutos\" \/>\n<script type=\"application\/ld+json\" class=\"yoast-schema-graph\">{\"@context\":\"https:\\\/\\\/schema.org\",\"@graph\":[{\"@type\":\"Article\",\"@id\":\"https:\\\/\\\/algarve7.pt\\\/index.php\\\/2023\\\/02\\\/municipio-e-apal-promovem-albufeira-numa-acao-a-ter-lugar-no-consulado-de-portugal-em-sevilha\\\/turismo\\\/21\\\/30\\\/#article\",\"isPartOf\":{\"@id\":\"https:\\\/\\\/algarve7.pt\\\/index.php\\\/2023\\\/02\\\/municipio-e-apal-promovem-albufeira-numa-acao-a-ter-lugar-no-consulado-de-portugal-em-sevilha\\\/turismo\\\/21\\\/30\\\/\"},\"author\":{\"name\":\"Algarve 7\",\"@id\":\"https:\\\/\\\/algarve7.pt\\\/#\\\/schema\\\/person\\\/23fa70681308e7b319a3204bcea45e0c\"},\"headline\":\"Munic\u00edpio e APAL promovem Albufeira numa a\u00e7\u00e3o a ter lugar no consulado de Portugal em Sevilha\",\"datePublished\":\"2023-02-15T21:30:45+00:00\",\"dateModified\":\"2023-02-15T21:30:47+00:00\",\"mainEntityOfPage\":{\"@id\":\"https:\\\/\\\/algarve7.pt\\\/index.php\\\/2023\\\/02\\\/municipio-e-apal-promovem-albufeira-numa-acao-a-ter-lugar-no-consulado-de-portugal-em-sevilha\\\/turismo\\\/21\\\/30\\\/\"},\"wordCount\":357,\"publisher\":{\"@id\":\"https:\\\/\\\/algarve7.pt\\\/#organization\"},\"image\":{\"@id\":\"https:\\\/\\\/algarve7.pt\\\/index.php\\\/2023\\\/02\\\/municipio-e-apal-promovem-albufeira-numa-acao-a-ter-lugar-no-consulado-de-portugal-em-sevilha\\\/turismo\\\/21\\\/30\\\/#primaryimage\"},\"thumbnailUrl\":\"https:\\\/\\\/algarve7.pt\\\/wp-content\\\/uploads\\\/2023\\\/02\\\/Marca-Albufeira-Destino-Emocoes-APAL-Municipio-_page-0001.jpg\",\"keywords\":[\"Albufeira\",\"Algarve\",\"Turismo\"],\"articleSection\":[\"Turismo\"],\"inLanguage\":\"pt-PT\"},{\"@type\":\"WebPage\",\"@id\":\"https:\\\/\\\/algarve7.pt\\\/index.php\\\/2023\\\/02\\\/municipio-e-apal-promovem-albufeira-numa-acao-a-ter-lugar-no-consulado-de-portugal-em-sevilha\\\/turismo\\\/21\\\/30\\\/\",\"url\":\"https:\\\/\\\/algarve7.pt\\\/index.php\\\/2023\\\/02\\\/municipio-e-apal-promovem-albufeira-numa-acao-a-ter-lugar-no-consulado-de-portugal-em-sevilha\\\/turismo\\\/21\\\/30\\\/\",\"name\":\"Munic\u00edpio e APAL promovem Albufeira numa a\u00e7\u00e3o a ter lugar no consulado de Portugal em Sevilha - Algarve 7\",\"isPartOf\":{\"@id\":\"https:\\\/\\\/algarve7.pt\\\/#website\"},\"primaryImageOfPage\":{\"@id\":\"https:\\\/\\\/algarve7.pt\\\/index.php\\\/2023\\\/02\\\/municipio-e-apal-promovem-albufeira-numa-acao-a-ter-lugar-no-consulado-de-portugal-em-sevilha\\\/turismo\\\/21\\\/30\\\/#primaryimage\"},\"image\":{\"@id\":\"https:\\\/\\\/algarve7.pt\\\/index.php\\\/2023\\\/02\\\/municipio-e-apal-promovem-albufeira-numa-acao-a-ter-lugar-no-consulado-de-portugal-em-sevilha\\\/turismo\\\/21\\\/30\\\/#primaryimage\"},\"thumbnailUrl\":\"https:\\\/\\\/algarve7.pt\\\/wp-content\\\/uploads\\\/2023\\\/02\\\/Marca-Albufeira-Destino-Emocoes-APAL-Municipio-_page-0001.jpg\",\"datePublished\":\"2023-02-15T21:30:45+00:00\",\"dateModified\":\"2023-02-15T21:30:47+00:00\",\"description\":\"Munic\u00edpio e APAL promovem Albufeira numa a\u00e7\u00e3o a ter lugar no consulado de Portugal em Sevilha Turismo\",\"breadcrumb\":{\"@id\":\"https:\\\/\\\/algarve7.pt\\\/index.php\\\/2023\\\/02\\\/municipio-e-apal-promovem-albufeira-numa-acao-a-ter-lugar-no-consulado-de-portugal-em-sevilha\\\/turismo\\\/21\\\/30\\\/#breadcrumb\"},\"inLanguage\":\"pt-PT\",\"potentialAction\":[{\"@type\":\"ReadAction\",\"target\":[\"https:\\\/\\\/algarve7.pt\\\/index.php\\\/2023\\\/02\\\/municipio-e-apal-promovem-albufeira-numa-acao-a-ter-lugar-no-consulado-de-portugal-em-sevilha\\\/turismo\\\/21\\\/30\\\/\"]}]},{\"@type\":\"ImageObject\",\"inLanguage\":\"pt-PT\",\"@id\":\"https:\\\/\\\/algarve7.pt\\\/index.php\\\/2023\\\/02\\\/municipio-e-apal-promovem-albufeira-numa-acao-a-ter-lugar-no-consulado-de-portugal-em-sevilha\\\/turismo\\\/21\\\/30\\\/#primaryimage\",\"url\":\"https:\\\/\\\/algarve7.pt\\\/wp-content\\\/uploads\\\/2023\\\/02\\\/Marca-Albufeira-Destino-Emocoes-APAL-Municipio-_page-0001.jpg\",\"contentUrl\":\"https:\\\/\\\/algarve7.pt\\\/wp-content\\\/uploads\\\/2023\\\/02\\\/Marca-Albufeira-Destino-Emocoes-APAL-Municipio-_page-0001.jpg\",\"width\":1123,\"height\":562},{\"@type\":\"BreadcrumbList\",\"@id\":\"https:\\\/\\\/algarve7.pt\\\/index.php\\\/2023\\\/02\\\/municipio-e-apal-promovem-albufeira-numa-acao-a-ter-lugar-no-consulado-de-portugal-em-sevilha\\\/turismo\\\/21\\\/30\\\/#breadcrumb\",\"itemListElement\":[{\"@type\":\"ListItem\",\"position\":1,\"name\":\"In\u00edcio\",\"item\":\"https:\\\/\\\/algarve7.pt\\\/\"},{\"@type\":\"ListItem\",\"position\":2,\"name\":\"Munic\u00edpio e APAL promovem Albufeira numa a\u00e7\u00e3o a ter lugar no consulado de Portugal em Sevilha\"}]},{\"@type\":\"WebSite\",\"@id\":\"https:\\\/\\\/algarve7.pt\\\/#website\",\"url\":\"https:\\\/\\\/algarve7.pt\\\/\",\"name\":\"Algarve 7\",\"description\":\"Informa\u00e7\u00e3o sobre o Algarve\",\"publisher\":{\"@id\":\"https:\\\/\\\/algarve7.pt\\\/#organization\"},\"potentialAction\":[{\"@type\":\"SearchAction\",\"target\":{\"@type\":\"EntryPoint\",\"urlTemplate\":\"https:\\\/\\\/algarve7.pt\\\/?s={search_term_string}\"},\"query-input\":{\"@type\":\"PropertyValueSpecification\",\"valueRequired\":true,\"valueName\":\"search_term_string\"}}],\"inLanguage\":\"pt-PT\"},{\"@type\":\"Organization\",\"@id\":\"https:\\\/\\\/algarve7.pt\\\/#organization\",\"name\":\"Algarve 7\",\"url\":\"https:\\\/\\\/algarve7.pt\\\/\",\"logo\":{\"@type\":\"ImageObject\",\"inLanguage\":\"pt-PT\",\"@id\":\"https:\\\/\\\/algarve7.pt\\\/#\\\/schema\\\/logo\\\/image\\\/\",\"url\":\"https:\\\/\\\/algarve7.pt\\\/wp-content\\\/uploads\\\/2020\\\/10\\\/Logo-8.jpg\",\"contentUrl\":\"https:\\\/\\\/algarve7.pt\\\/wp-content\\\/uploads\\\/2020\\\/10\\\/Logo-8.jpg\",\"width\":1680,\"height\":1186,\"caption\":\"Algarve 7\"},\"image\":{\"@id\":\"https:\\\/\\\/algarve7.pt\\\/#\\\/schema\\\/logo\\\/image\\\/\"},\"sameAs\":[\"https:\\\/\\\/www.facebook.com\\\/algarve7\",\"https:\\\/\\\/x.com\\\/Algarvesete\",\"https:\\\/\\\/www.instagram.com\\\/jornalalgarve7\\\/\",\"https:\\\/\\\/www.linkedin.com\\\/company\\\/algarve7\",\"https:\\\/\\\/www.pinterest.pt\\\/geral0939\\\/_created\\\/\"]},{\"@type\":\"Person\",\"@id\":\"https:\\\/\\\/algarve7.pt\\\/#\\\/schema\\\/person\\\/23fa70681308e7b319a3204bcea45e0c\",\"name\":\"Algarve 7\",\"sameAs\":[\"https:\\\/\\\/algarve7.pt\",\"https:\\\/\\\/www.facebook.com\\\/algarve7\"],\"url\":\"https:\\\/\\\/algarve7.pt\\\/index.php\\\/author\\\/geralalgarve7-pt\\\/\"}]}<\/script>\n<!-- \/ Yoast SEO plugin. -->","yoast_head_json":{"title":"Munic\u00edpio e APAL promovem Albufeira numa a\u00e7\u00e3o a ter lugar no consulado de Portugal em Sevilha - Algarve 7","description":"Munic\u00edpio e APAL promovem Albufeira numa a\u00e7\u00e3o a ter lugar no consulado de Portugal em Sevilha Turismo","robots":{"index":"index","follow":"follow","max-snippet":"max-snippet:-1","max-image-preview":"max-image-preview:large","max-video-preview":"max-video-preview:-1"},"canonical":"https:\/\/algarve7.pt\/index.php\/2023\/02\/municipio-e-apal-promovem-albufeira-numa-acao-a-ter-lugar-no-consulado-de-portugal-em-sevilha\/turismo\/21\/30\/","og_locale":"pt_PT","og_type":"article","og_title":"Munic\u00edpio e APAL promovem Albufeira numa a\u00e7\u00e3o a ter lugar no consulado de Portugal em Sevilha - Algarve 7","og_description":"Munic\u00edpio e APAL promovem Albufeira numa a\u00e7\u00e3o a ter lugar no consulado de Portugal em Sevilha Turismo","og_url":"https:\/\/algarve7.pt\/index.php\/2023\/02\/municipio-e-apal-promovem-albufeira-numa-acao-a-ter-lugar-no-consulado-de-portugal-em-sevilha\/turismo\/21\/30\/","og_site_name":"Algarve 7","article_publisher":"https:\/\/www.facebook.com\/algarve7","article_author":"https:\/\/www.facebook.com\/algarve7","article_published_time":"2023-02-15T21:30:45+00:00","article_modified_time":"2023-02-15T21:30:47+00:00","og_image":[{"width":1123,"height":562,"url":"https:\/\/algarve7.pt\/wp-content\/uploads\/2023\/02\/Marca-Albufeira-Destino-Emocoes-APAL-Municipio-_page-0001.jpg","type":"image\/jpeg"}],"author":"Algarve 7","twitter_card":"summary_large_image","twitter_creator":"@Algarvesete","twitter_site":"@Algarvesete","twitter_misc":{"Escrito por":"Algarve 7","Tempo estimado de leitura":"2 minutos"},"schema":{"@context":"https:\/\/schema.org","@graph":[{"@type":"Article","@id":"https:\/\/algarve7.pt\/index.php\/2023\/02\/municipio-e-apal-promovem-albufeira-numa-acao-a-ter-lugar-no-consulado-de-portugal-em-sevilha\/turismo\/21\/30\/#article","isPartOf":{"@id":"https:\/\/algarve7.pt\/index.php\/2023\/02\/municipio-e-apal-promovem-albufeira-numa-acao-a-ter-lugar-no-consulado-de-portugal-em-sevilha\/turismo\/21\/30\/"},"author":{"name":"Algarve 7","@id":"https:\/\/algarve7.pt\/#\/schema\/person\/23fa70681308e7b319a3204bcea45e0c"},"headline":"Munic\u00edpio e APAL promovem Albufeira numa a\u00e7\u00e3o a ter lugar no consulado de Portugal em Sevilha","datePublished":"2023-02-15T21:30:45+00:00","dateModified":"2023-02-15T21:30:47+00:00","mainEntityOfPage":{"@id":"https:\/\/algarve7.pt\/index.php\/2023\/02\/municipio-e-apal-promovem-albufeira-numa-acao-a-ter-lugar-no-consulado-de-portugal-em-sevilha\/turismo\/21\/30\/"},"wordCount":357,"publisher":{"@id":"https:\/\/algarve7.pt\/#organization"},"image":{"@id":"https:\/\/algarve7.pt\/index.php\/2023\/02\/municipio-e-apal-promovem-albufeira-numa-acao-a-ter-lugar-no-consulado-de-portugal-em-sevilha\/turismo\/21\/30\/#primaryimage"},"thumbnailUrl":"https:\/\/algarve7.pt\/wp-content\/uploads\/2023\/02\/Marca-Albufeira-Destino-Emocoes-APAL-Municipio-_page-0001.jpg","keywords":["Albufeira","Algarve","Turismo"],"articleSection":["Turismo"],"inLanguage":"pt-PT"},{"@type":"WebPage","@id":"https:\/\/algarve7.pt\/index.php\/2023\/02\/municipio-e-apal-promovem-albufeira-numa-acao-a-ter-lugar-no-consulado-de-portugal-em-sevilha\/turismo\/21\/30\/","url":"https:\/\/algarve7.pt\/index.php\/2023\/02\/municipio-e-apal-promovem-albufeira-numa-acao-a-ter-lugar-no-consulado-de-portugal-em-sevilha\/turismo\/21\/30\/","name":"Munic\u00edpio e APAL promovem Albufeira numa a\u00e7\u00e3o a ter lugar no consulado de Portugal em Sevilha - Algarve 7","isPartOf":{"@id":"https:\/\/algarve7.pt\/#website"},"primaryImageOfPage":{"@id":"https:\/\/algarve7.pt\/index.php\/2023\/02\/municipio-e-apal-promovem-albufeira-numa-acao-a-ter-lugar-no-consulado-de-portugal-em-sevilha\/turismo\/21\/30\/#primaryimage"},"image":{"@id":"https:\/\/algarve7.pt\/index.php\/2023\/02\/municipio-e-apal-promovem-albufeira-numa-acao-a-ter-lugar-no-consulado-de-portugal-em-sevilha\/turismo\/21\/30\/#primaryimage"},"thumbnailUrl":"https:\/\/algarve7.pt\/wp-content\/uploads\/2023\/02\/Marca-Albufeira-Destino-Emocoes-APAL-Municipio-_page-0001.jpg","datePublished":"2023-02-15T21:30:45+00:00","dateModified":"2023-02-15T21:30:47+00:00","description":"Munic\u00edpio e APAL promovem Albufeira numa a\u00e7\u00e3o a ter lugar no consulado de Portugal em Sevilha Turismo","breadcrumb":{"@id":"https:\/\/algarve7.pt\/index.php\/2023\/02\/municipio-e-apal-promovem-albufeira-numa-acao-a-ter-lugar-no-consulado-de-portugal-em-sevilha\/turismo\/21\/30\/#breadcrumb"},"inLanguage":"pt-PT","potentialAction":[{"@type":"ReadAction","target":["https:\/\/algarve7.pt\/index.php\/2023\/02\/municipio-e-apal-promovem-albufeira-numa-acao-a-ter-lugar-no-consulado-de-portugal-em-sevilha\/turismo\/21\/30\/"]}]},{"@type":"ImageObject","inLanguage":"pt-PT","@id":"https:\/\/algarve7.pt\/index.php\/2023\/02\/municipio-e-apal-promovem-albufeira-numa-acao-a-ter-lugar-no-consulado-de-portugal-em-sevilha\/turismo\/21\/30\/#primaryimage","url":"https:\/\/algarve7.pt\/wp-content\/uploads\/2023\/02\/Marca-Albufeira-Destino-Emocoes-APAL-Municipio-_page-0001.jpg","contentUrl":"https:\/\/algarve7.pt\/wp-content\/uploads\/2023\/02\/Marca-Albufeira-Destino-Emocoes-APAL-Municipio-_page-0001.jpg","width":1123,"height":562},{"@type":"BreadcrumbList","@id":"https:\/\/algarve7.pt\/index.php\/2023\/02\/municipio-e-apal-promovem-albufeira-numa-acao-a-ter-lugar-no-consulado-de-portugal-em-sevilha\/turismo\/21\/30\/#breadcrumb","itemListElement":[{"@type":"ListItem","position":1,"name":"In\u00edcio","item":"https:\/\/algarve7.pt\/"},{"@type":"ListItem","position":2,"name":"Munic\u00edpio e APAL promovem Albufeira numa a\u00e7\u00e3o a ter lugar no consulado de Portugal em Sevilha"}]},{"@type":"WebSite","@id":"https:\/\/algarve7.pt\/#website","url":"https:\/\/algarve7.pt\/","name":"Algarve 7","description":"Informa\u00e7\u00e3o sobre o Algarve","publisher":{"@id":"https:\/\/algarve7.pt\/#organization"},"potentialAction":[{"@type":"SearchAction","target":{"@type":"EntryPoint","urlTemplate":"https:\/\/algarve7.pt\/?s={search_term_string}"},"query-input":{"@type":"PropertyValueSpecification","valueRequired":true,"valueName":"search_term_string"}}],"inLanguage":"pt-PT"},{"@type":"Organization","@id":"https:\/\/algarve7.pt\/#organization","name":"Algarve 7","url":"https:\/\/algarve7.pt\/","logo":{"@type":"ImageObject","inLanguage":"pt-PT","@id":"https:\/\/algarve7.pt\/#\/schema\/logo\/image\/","url":"https:\/\/algarve7.pt\/wp-content\/uploads\/2020\/10\/Logo-8.jpg","contentUrl":"https:\/\/algarve7.pt\/wp-content\/uploads\/2020\/10\/Logo-8.jpg","width":1680,"height":1186,"caption":"Algarve 7"},"image":{"@id":"https:\/\/algarve7.pt\/#\/schema\/logo\/image\/"},"sameAs":["https:\/\/www.facebook.com\/algarve7","https:\/\/x.com\/Algarvesete","https:\/\/www.instagram.com\/jornalalgarve7\/","https:\/\/www.linkedin.com\/company\/algarve7","https:\/\/www.pinterest.pt\/geral0939\/_created\/"]},{"@type":"Person","@id":"https:\/\/algarve7.pt\/#\/schema\/person\/23fa70681308e7b319a3204bcea45e0c","name":"Algarve 7","sameAs":["https:\/\/algarve7.pt","https:\/\/www.facebook.com\/algarve7"],"url":"https:\/\/algarve7.pt\/index.php\/author\/geralalgarve7-pt\/"}]}},"jetpack_publicize_connections":[],"jetpack_featured_media_url":"https:\/\/algarve7.pt\/wp-content\/uploads\/2023\/02\/Marca-Albufeira-Destino-Emocoes-APAL-Municipio-_page-0001.jpg","jetpack_shortlink":"https:\/\/wp.me\/pcezmW-6EK","jetpack_sharing_enabled":true,"_links":{"self":[{"href":"https:\/\/algarve7.pt\/index.php\/wp-json\/wp\/v2\/posts\/25590","targetHints":{"allow":["GET"]}}],"collection":[{"href":"https:\/\/algarve7.pt\/index.php\/wp-json\/wp\/v2\/posts"}],"about":[{"href":"https:\/\/algarve7.pt\/index.php\/wp-json\/wp\/v2\/types\/post"}],"author":[{"embeddable":true,"href":"https:\/\/algarve7.pt\/index.php\/wp-json\/wp\/v2\/users\/1"}],"replies":[{"embeddable":true,"href":"https:\/\/algarve7.pt\/index.php\/wp-json\/wp\/v2\/comments?post=25590"}],"version-history":[{"count":0,"href":"https:\/\/algarve7.pt\/index.php\/wp-json\/wp\/v2\/posts\/25590\/revisions"}],"wp:featuredmedia":[{"embeddable":true,"href":"https:\/\/algarve7.pt\/index.php\/wp-json\/wp\/v2\/media\/25591"}],"wp:attachment":[{"href":"https:\/\/algarve7.pt\/index.php\/wp-json\/wp\/v2\/media?parent=25590"}],"wp:term":[{"taxonomy":"category","embeddable":true,"href":"https:\/\/algarve7.pt\/index.php\/wp-json\/wp\/v2\/categories?post=25590"},{"taxonomy":"post_tag","embeddable":true,"href":"https:\/\/algarve7.pt\/index.php\/wp-json\/wp\/v2\/tags?post=25590"}],"curies":[{"name":"wp","href":"https:\/\/api.w.org\/{rel}","templated":true}]}}