{"id":25463,"date":"2023-02-10T08:06:18","date_gmt":"2023-02-10T08:06:18","guid":{"rendered":"https:\/\/algarve7.pt\/?p=25463"},"modified":"2023-02-10T08:06:59","modified_gmt":"2023-02-10T08:06:59","slug":"o-mes-de-janeiro-de-2023-foi-considerado-o-3o-mais-quente-na-europa-e-o-7o-no-globo","status":"publish","type":"post","link":"https:\/\/algarve7.pt\/index.php\/2023\/02\/o-mes-de-janeiro-de-2023-foi-considerado-o-3o-mais-quente-na-europa-e-o-7o-no-globo\/nacional\/08\/06\/","title":{"rendered":"O m\u00eas de janeiro de 2023 foi considerado o 3\u00ba mais quente na Europa e o 7\u00ba no Globo."},"content":{"rendered":"\n<p>Janeiro de 2023 foi o 3\u00ba mais quente da Europa de sempre.\u00a0O valor m\u00e9dio da temperatura m\u00e9dia foi 2.64 \u00b0C superior ao valor normal 1981-2010.<br>Grande parte da Europa teve temperaturas do ar acima da m\u00e9dia. As regi\u00f5es dos B\u00e1lc\u00e3s, da Europa Oriental, da Finl\u00e2ndia, do noroeste da R\u00fassia e da regi\u00e3o registaram temperaturas muito acima da m\u00e9dia. Em contraste, registaram-se temperaturas mensais inferiores \u00e0 m\u00e9dia em alguns locais da Pen\u00ednsula Ib\u00e9rica, na Groenl\u00e2ndia, na Isl\u00e2ndia e no norte da R\u00fassia (Fig. 1).<br>A n\u00edvel global, janeiro foi 0.44 \u00b0C mais quente do que a m\u00e9dia de 1981-2010, correspondendo ao 7\u00ba janeiro mais quente, a par com 2018 e 2021.<br><br>Em rela\u00e7\u00e3o \u00e0 precipita\u00e7\u00e3o na Europa, em janeiro, verificaram-se condi\u00e7\u00f5es mais humidas que o normal em grande parte da Europa, em particular no norte da Pen\u00ednsula Ib\u00e9rica, It\u00e1lia e dos B\u00e1lc\u00e3s ao norte at\u00e9 \u00e0 Escandin\u00e1via. Por outro lado verificaram-se condi\u00e7\u00f5es mais secas que o normal no leste da Espanha, Turquia e na regi\u00e3o do Mar Negro, bem como partes do noroeste da R\u00fassia.<br><br>Em\u00a0Portugal continental\u00a0o m\u00eas de janeiro de 2023 classificou-se como\u00a0quente em rela\u00e7\u00e3o \u00e0 temperatura do ar e normal em rela\u00e7\u00e3o \u00e0 precipita\u00e7\u00e3o\u00a0(Fig. 2).\u00a0<br>No m\u00eas de janeiro, em Portugal continental, o valor m\u00e9dio da temperatura m\u00e9dia do ar foi 9.14 \u00b0C, 0.33 \u00b0C acima do valor normal.<br>O valor m\u00e9dio da temperatura m\u00e1xima do ar, 13.84 \u00b0C, foi +0.75 \u00b0C superior \u00e0 normal; o valor da temperatura m\u00ednima do ar, 4.45 \u00b0C foi muito pr\u00f3ximo do valor normal (-0.09 \u00b0C).<br>Durante o m\u00eas verificou-se alguma variabilidade dos valores de temperatura do ar, sendo de salientar valores de temperatura quase sempre acima da normal mensal no per\u00edodo de 7 a 17 e nos dias 20 e 21, com dias e noite quentes para a \u00e9poca. A partir do dia 22, registou-se uma descida acentuada da temperatura em especial da m\u00ednima, com ocorr\u00eancia de noites frias; o valor m\u00e9dio da temperatura minima nos dias 26, 30 e 31 foi inferior a 0 \u00b0C.<br><br>Em rela\u00e7\u00e3o \u00e0 precipita\u00e7\u00e3o, o m\u00eas de janeiro foi normal, com um total de precipita\u00e7\u00e3o de 104.1 mm que corresponde a 89 % do valor normal.<br>Durante o m\u00eas de salientar os epis\u00f3dios de precipita\u00e7\u00e3o que se verificaram nos dias 1, 7 e 8 e 16 e 17, com ocorr\u00eancia de per\u00edodos de chuva ou aguaceiros, por vezes forte, em especial nas regi\u00f5es do Norte e Centro do territ\u00f3rio.<br><br>De acordo com o \u00edndice de\u00a0seca PDSI,\u00a0apenas as regi\u00f5es do\u00a0Baixo Alentejo e Algarve\u00a0se encontram na situa\u00e7\u00e3o de\u00a0seca fraca, \u00e1rea que registou um ligeiro aumento<\/p>\n\n\n\n<p>Fonte: IPMA<\/p>\n","protected":false},"excerpt":{"rendered":"<p>Janeiro de 2023 foi o 3\u00ba mais quente da Europa de sempre.\u00a0O valor m\u00e9dio da temperatura m\u00e9dia foi 2.64 \u00b0C<\/p>\n","protected":false},"author":1,"featured_media":25464,"comment_status":"closed","ping_status":"open","sticky":false,"template":"","format":"standard","meta":{"colormag_page_container_layout":"default_layout","colormag_page_sidebar_layout":"default_layout","_monsterinsights_skip_tracking":false,"_monsterinsights_sitenote_active":false,"_monsterinsights_sitenote_note":"","_monsterinsights_sitenote_category":0,"jetpack_post_was_ever_published":false,"_jetpack_newsletter_access":"","_jetpack_dont_email_post_to_subs":false,"_jetpack_newsletter_tier_id":0,"_jetpack_memberships_contains_paywalled_content":false,"_jetpack_memberships_contains_paid_content":false,"footnotes":"","jetpack_publicize_message":"","jetpack_publicize_feature_enabled":true,"jetpack_social_post_already_shared":true,"jetpack_social_options":{"image_generator_settings":{"template":"highway","default_image_id":0,"font":"","enabled":false},"version":2}},"categories":[189],"tags":[32,147,98],"class_list":["post-25463","post","type-post","status-publish","format-standard","has-post-thumbnail","hentry","category-nacional","tag-ambiente","tag-ipma","tag-nacional"],"yoast_head":"<!-- This site is optimized with the Yoast SEO plugin v27.4 - https:\/\/yoast.com\/product\/yoast-seo-wordpress\/ -->\n<title>O m\u00eas de janeiro de 2023 foi considerado o 3\u00ba mais quente na Europa e o 7\u00ba no Globo. - Algarve 7<\/title>\n<meta name=\"description\" content=\"O m\u00eas de janeiro de 2023 foi considerado o 3\u00ba mais quente na Europa e o 7\u00ba no Globo. Nacional\" \/>\n<meta name=\"robots\" content=\"index, follow, max-snippet:-1, max-image-preview:large, max-video-preview:-1\" \/>\n<link rel=\"canonical\" href=\"https:\/\/algarve7.pt\/index.php\/2023\/02\/o-mes-de-janeiro-de-2023-foi-considerado-o-3o-mais-quente-na-europa-e-o-7o-no-globo\/nacional\/08\/06\/\" \/>\n<meta property=\"og:locale\" content=\"pt_PT\" \/>\n<meta property=\"og:type\" content=\"article\" \/>\n<meta property=\"og:title\" content=\"O m\u00eas de janeiro de 2023 foi considerado o 3\u00ba mais quente na Europa e o 7\u00ba no Globo. - Algarve 7\" \/>\n<meta property=\"og:description\" content=\"O m\u00eas de janeiro de 2023 foi considerado o 3\u00ba mais quente na Europa e o 7\u00ba no Globo. Nacional\" \/>\n<meta property=\"og:url\" content=\"https:\/\/algarve7.pt\/index.php\/2023\/02\/o-mes-de-janeiro-de-2023-foi-considerado-o-3o-mais-quente-na-europa-e-o-7o-no-globo\/nacional\/08\/06\/\" \/>\n<meta property=\"og:site_name\" content=\"Algarve 7\" \/>\n<meta property=\"article:publisher\" content=\"https:\/\/www.facebook.com\/algarve7\" \/>\n<meta property=\"article:author\" content=\"https:\/\/www.facebook.com\/algarve7\" \/>\n<meta property=\"article:published_time\" content=\"2023-02-10T08:06:18+00:00\" \/>\n<meta property=\"article:modified_time\" content=\"2023-02-10T08:06:59+00:00\" \/>\n<meta property=\"og:image\" content=\"https:\/\/algarve7.pt\/wp-content\/uploads\/2023\/02\/Captura-de-ecra-2023-02-10-as-08.02.21.png\" \/>\n\t<meta property=\"og:image:width\" content=\"1024\" \/>\n\t<meta property=\"og:image:height\" content=\"758\" \/>\n\t<meta property=\"og:image:type\" content=\"image\/png\" \/>\n<meta name=\"author\" content=\"Algarve 7\" \/>\n<meta name=\"twitter:card\" content=\"summary_large_image\" \/>\n<meta name=\"twitter:creator\" content=\"@Algarvesete\" \/>\n<meta name=\"twitter:site\" content=\"@Algarvesete\" \/>\n<meta name=\"twitter:label1\" content=\"Escrito por\" \/>\n\t<meta name=\"twitter:data1\" content=\"Algarve 7\" \/>\n\t<meta name=\"twitter:label2\" content=\"Tempo estimado de leitura\" \/>\n\t<meta name=\"twitter:data2\" content=\"3 minutos\" \/>\n<script type=\"application\/ld+json\" class=\"yoast-schema-graph\">{\"@context\":\"https:\\\/\\\/schema.org\",\"@graph\":[{\"@type\":\"Article\",\"@id\":\"https:\\\/\\\/algarve7.pt\\\/index.php\\\/2023\\\/02\\\/o-mes-de-janeiro-de-2023-foi-considerado-o-3o-mais-quente-na-europa-e-o-7o-no-globo\\\/nacional\\\/08\\\/06\\\/#article\",\"isPartOf\":{\"@id\":\"https:\\\/\\\/algarve7.pt\\\/index.php\\\/2023\\\/02\\\/o-mes-de-janeiro-de-2023-foi-considerado-o-3o-mais-quente-na-europa-e-o-7o-no-globo\\\/nacional\\\/08\\\/06\\\/\"},\"author\":{\"name\":\"Algarve 7\",\"@id\":\"https:\\\/\\\/algarve7.pt\\\/#\\\/schema\\\/person\\\/23fa70681308e7b319a3204bcea45e0c\"},\"headline\":\"O m\u00eas de janeiro de 2023 foi considerado o 3\u00ba mais quente na Europa e o 7\u00ba no Globo.\",\"datePublished\":\"2023-02-10T08:06:18+00:00\",\"dateModified\":\"2023-02-10T08:06:59+00:00\",\"mainEntityOfPage\":{\"@id\":\"https:\\\/\\\/algarve7.pt\\\/index.php\\\/2023\\\/02\\\/o-mes-de-janeiro-de-2023-foi-considerado-o-3o-mais-quente-na-europa-e-o-7o-no-globo\\\/nacional\\\/08\\\/06\\\/\"},\"wordCount\":476,\"publisher\":{\"@id\":\"https:\\\/\\\/algarve7.pt\\\/#organization\"},\"image\":{\"@id\":\"https:\\\/\\\/algarve7.pt\\\/index.php\\\/2023\\\/02\\\/o-mes-de-janeiro-de-2023-foi-considerado-o-3o-mais-quente-na-europa-e-o-7o-no-globo\\\/nacional\\\/08\\\/06\\\/#primaryimage\"},\"thumbnailUrl\":\"https:\\\/\\\/algarve7.pt\\\/wp-content\\\/uploads\\\/2023\\\/02\\\/Captura-de-ecra-2023-02-10-as-08.02.21.png\",\"keywords\":[\"Ambiente\",\"IPMA\",\"Nacional\"],\"articleSection\":[\"Nacional\"],\"inLanguage\":\"pt-PT\"},{\"@type\":\"WebPage\",\"@id\":\"https:\\\/\\\/algarve7.pt\\\/index.php\\\/2023\\\/02\\\/o-mes-de-janeiro-de-2023-foi-considerado-o-3o-mais-quente-na-europa-e-o-7o-no-globo\\\/nacional\\\/08\\\/06\\\/\",\"url\":\"https:\\\/\\\/algarve7.pt\\\/index.php\\\/2023\\\/02\\\/o-mes-de-janeiro-de-2023-foi-considerado-o-3o-mais-quente-na-europa-e-o-7o-no-globo\\\/nacional\\\/08\\\/06\\\/\",\"name\":\"O m\u00eas de janeiro de 2023 foi considerado o 3\u00ba mais quente na Europa e o 7\u00ba no Globo. - Algarve 7\",\"isPartOf\":{\"@id\":\"https:\\\/\\\/algarve7.pt\\\/#website\"},\"primaryImageOfPage\":{\"@id\":\"https:\\\/\\\/algarve7.pt\\\/index.php\\\/2023\\\/02\\\/o-mes-de-janeiro-de-2023-foi-considerado-o-3o-mais-quente-na-europa-e-o-7o-no-globo\\\/nacional\\\/08\\\/06\\\/#primaryimage\"},\"image\":{\"@id\":\"https:\\\/\\\/algarve7.pt\\\/index.php\\\/2023\\\/02\\\/o-mes-de-janeiro-de-2023-foi-considerado-o-3o-mais-quente-na-europa-e-o-7o-no-globo\\\/nacional\\\/08\\\/06\\\/#primaryimage\"},\"thumbnailUrl\":\"https:\\\/\\\/algarve7.pt\\\/wp-content\\\/uploads\\\/2023\\\/02\\\/Captura-de-ecra-2023-02-10-as-08.02.21.png\",\"datePublished\":\"2023-02-10T08:06:18+00:00\",\"dateModified\":\"2023-02-10T08:06:59+00:00\",\"description\":\"O m\u00eas de janeiro de 2023 foi considerado o 3\u00ba mais quente na Europa e o 7\u00ba no Globo. Nacional\",\"breadcrumb\":{\"@id\":\"https:\\\/\\\/algarve7.pt\\\/index.php\\\/2023\\\/02\\\/o-mes-de-janeiro-de-2023-foi-considerado-o-3o-mais-quente-na-europa-e-o-7o-no-globo\\\/nacional\\\/08\\\/06\\\/#breadcrumb\"},\"inLanguage\":\"pt-PT\",\"potentialAction\":[{\"@type\":\"ReadAction\",\"target\":[\"https:\\\/\\\/algarve7.pt\\\/index.php\\\/2023\\\/02\\\/o-mes-de-janeiro-de-2023-foi-considerado-o-3o-mais-quente-na-europa-e-o-7o-no-globo\\\/nacional\\\/08\\\/06\\\/\"]}]},{\"@type\":\"ImageObject\",\"inLanguage\":\"pt-PT\",\"@id\":\"https:\\\/\\\/algarve7.pt\\\/index.php\\\/2023\\\/02\\\/o-mes-de-janeiro-de-2023-foi-considerado-o-3o-mais-quente-na-europa-e-o-7o-no-globo\\\/nacional\\\/08\\\/06\\\/#primaryimage\",\"url\":\"https:\\\/\\\/algarve7.pt\\\/wp-content\\\/uploads\\\/2023\\\/02\\\/Captura-de-ecra-2023-02-10-as-08.02.21.png\",\"contentUrl\":\"https:\\\/\\\/algarve7.pt\\\/wp-content\\\/uploads\\\/2023\\\/02\\\/Captura-de-ecra-2023-02-10-as-08.02.21.png\",\"width\":1024,\"height\":758},{\"@type\":\"BreadcrumbList\",\"@id\":\"https:\\\/\\\/algarve7.pt\\\/index.php\\\/2023\\\/02\\\/o-mes-de-janeiro-de-2023-foi-considerado-o-3o-mais-quente-na-europa-e-o-7o-no-globo\\\/nacional\\\/08\\\/06\\\/#breadcrumb\",\"itemListElement\":[{\"@type\":\"ListItem\",\"position\":1,\"name\":\"In\u00edcio\",\"item\":\"https:\\\/\\\/algarve7.pt\\\/\"},{\"@type\":\"ListItem\",\"position\":2,\"name\":\"O m\u00eas de janeiro de 2023 foi considerado o 3\u00ba mais quente na Europa e o 7\u00ba no Globo.\"}]},{\"@type\":\"WebSite\",\"@id\":\"https:\\\/\\\/algarve7.pt\\\/#website\",\"url\":\"https:\\\/\\\/algarve7.pt\\\/\",\"name\":\"Algarve 7\",\"description\":\"Informa\u00e7\u00e3o sobre o Algarve\",\"publisher\":{\"@id\":\"https:\\\/\\\/algarve7.pt\\\/#organization\"},\"potentialAction\":[{\"@type\":\"SearchAction\",\"target\":{\"@type\":\"EntryPoint\",\"urlTemplate\":\"https:\\\/\\\/algarve7.pt\\\/?s={search_term_string}\"},\"query-input\":{\"@type\":\"PropertyValueSpecification\",\"valueRequired\":true,\"valueName\":\"search_term_string\"}}],\"inLanguage\":\"pt-PT\"},{\"@type\":\"Organization\",\"@id\":\"https:\\\/\\\/algarve7.pt\\\/#organization\",\"name\":\"Algarve 7\",\"url\":\"https:\\\/\\\/algarve7.pt\\\/\",\"logo\":{\"@type\":\"ImageObject\",\"inLanguage\":\"pt-PT\",\"@id\":\"https:\\\/\\\/algarve7.pt\\\/#\\\/schema\\\/logo\\\/image\\\/\",\"url\":\"https:\\\/\\\/algarve7.pt\\\/wp-content\\\/uploads\\\/2020\\\/10\\\/Logo-8.jpg\",\"contentUrl\":\"https:\\\/\\\/algarve7.pt\\\/wp-content\\\/uploads\\\/2020\\\/10\\\/Logo-8.jpg\",\"width\":1680,\"height\":1186,\"caption\":\"Algarve 7\"},\"image\":{\"@id\":\"https:\\\/\\\/algarve7.pt\\\/#\\\/schema\\\/logo\\\/image\\\/\"},\"sameAs\":[\"https:\\\/\\\/www.facebook.com\\\/algarve7\",\"https:\\\/\\\/x.com\\\/Algarvesete\",\"https:\\\/\\\/www.instagram.com\\\/jornalalgarve7\\\/\",\"https:\\\/\\\/www.linkedin.com\\\/company\\\/algarve7\",\"https:\\\/\\\/www.pinterest.pt\\\/geral0939\\\/_created\\\/\"]},{\"@type\":\"Person\",\"@id\":\"https:\\\/\\\/algarve7.pt\\\/#\\\/schema\\\/person\\\/23fa70681308e7b319a3204bcea45e0c\",\"name\":\"Algarve 7\",\"sameAs\":[\"https:\\\/\\\/algarve7.pt\",\"https:\\\/\\\/www.facebook.com\\\/algarve7\"],\"url\":\"https:\\\/\\\/algarve7.pt\\\/index.php\\\/author\\\/geralalgarve7-pt\\\/\"}]}<\/script>\n<!-- \/ Yoast SEO plugin. -->","yoast_head_json":{"title":"O m\u00eas de janeiro de 2023 foi considerado o 3\u00ba mais quente na Europa e o 7\u00ba no Globo. - Algarve 7","description":"O m\u00eas de janeiro de 2023 foi considerado o 3\u00ba mais quente na Europa e o 7\u00ba no Globo. Nacional","robots":{"index":"index","follow":"follow","max-snippet":"max-snippet:-1","max-image-preview":"max-image-preview:large","max-video-preview":"max-video-preview:-1"},"canonical":"https:\/\/algarve7.pt\/index.php\/2023\/02\/o-mes-de-janeiro-de-2023-foi-considerado-o-3o-mais-quente-na-europa-e-o-7o-no-globo\/nacional\/08\/06\/","og_locale":"pt_PT","og_type":"article","og_title":"O m\u00eas de janeiro de 2023 foi considerado o 3\u00ba mais quente na Europa e o 7\u00ba no Globo. - Algarve 7","og_description":"O m\u00eas de janeiro de 2023 foi considerado o 3\u00ba mais quente na Europa e o 7\u00ba no Globo. Nacional","og_url":"https:\/\/algarve7.pt\/index.php\/2023\/02\/o-mes-de-janeiro-de-2023-foi-considerado-o-3o-mais-quente-na-europa-e-o-7o-no-globo\/nacional\/08\/06\/","og_site_name":"Algarve 7","article_publisher":"https:\/\/www.facebook.com\/algarve7","article_author":"https:\/\/www.facebook.com\/algarve7","article_published_time":"2023-02-10T08:06:18+00:00","article_modified_time":"2023-02-10T08:06:59+00:00","og_image":[{"width":1024,"height":758,"url":"https:\/\/algarve7.pt\/wp-content\/uploads\/2023\/02\/Captura-de-ecra-2023-02-10-as-08.02.21.png","type":"image\/png"}],"author":"Algarve 7","twitter_card":"summary_large_image","twitter_creator":"@Algarvesete","twitter_site":"@Algarvesete","twitter_misc":{"Escrito por":"Algarve 7","Tempo estimado de leitura":"3 minutos"},"schema":{"@context":"https:\/\/schema.org","@graph":[{"@type":"Article","@id":"https:\/\/algarve7.pt\/index.php\/2023\/02\/o-mes-de-janeiro-de-2023-foi-considerado-o-3o-mais-quente-na-europa-e-o-7o-no-globo\/nacional\/08\/06\/#article","isPartOf":{"@id":"https:\/\/algarve7.pt\/index.php\/2023\/02\/o-mes-de-janeiro-de-2023-foi-considerado-o-3o-mais-quente-na-europa-e-o-7o-no-globo\/nacional\/08\/06\/"},"author":{"name":"Algarve 7","@id":"https:\/\/algarve7.pt\/#\/schema\/person\/23fa70681308e7b319a3204bcea45e0c"},"headline":"O m\u00eas de janeiro de 2023 foi considerado o 3\u00ba mais quente na Europa e o 7\u00ba no Globo.","datePublished":"2023-02-10T08:06:18+00:00","dateModified":"2023-02-10T08:06:59+00:00","mainEntityOfPage":{"@id":"https:\/\/algarve7.pt\/index.php\/2023\/02\/o-mes-de-janeiro-de-2023-foi-considerado-o-3o-mais-quente-na-europa-e-o-7o-no-globo\/nacional\/08\/06\/"},"wordCount":476,"publisher":{"@id":"https:\/\/algarve7.pt\/#organization"},"image":{"@id":"https:\/\/algarve7.pt\/index.php\/2023\/02\/o-mes-de-janeiro-de-2023-foi-considerado-o-3o-mais-quente-na-europa-e-o-7o-no-globo\/nacional\/08\/06\/#primaryimage"},"thumbnailUrl":"https:\/\/algarve7.pt\/wp-content\/uploads\/2023\/02\/Captura-de-ecra-2023-02-10-as-08.02.21.png","keywords":["Ambiente","IPMA","Nacional"],"articleSection":["Nacional"],"inLanguage":"pt-PT"},{"@type":"WebPage","@id":"https:\/\/algarve7.pt\/index.php\/2023\/02\/o-mes-de-janeiro-de-2023-foi-considerado-o-3o-mais-quente-na-europa-e-o-7o-no-globo\/nacional\/08\/06\/","url":"https:\/\/algarve7.pt\/index.php\/2023\/02\/o-mes-de-janeiro-de-2023-foi-considerado-o-3o-mais-quente-na-europa-e-o-7o-no-globo\/nacional\/08\/06\/","name":"O m\u00eas de janeiro de 2023 foi considerado o 3\u00ba mais quente na Europa e o 7\u00ba no Globo. - Algarve 7","isPartOf":{"@id":"https:\/\/algarve7.pt\/#website"},"primaryImageOfPage":{"@id":"https:\/\/algarve7.pt\/index.php\/2023\/02\/o-mes-de-janeiro-de-2023-foi-considerado-o-3o-mais-quente-na-europa-e-o-7o-no-globo\/nacional\/08\/06\/#primaryimage"},"image":{"@id":"https:\/\/algarve7.pt\/index.php\/2023\/02\/o-mes-de-janeiro-de-2023-foi-considerado-o-3o-mais-quente-na-europa-e-o-7o-no-globo\/nacional\/08\/06\/#primaryimage"},"thumbnailUrl":"https:\/\/algarve7.pt\/wp-content\/uploads\/2023\/02\/Captura-de-ecra-2023-02-10-as-08.02.21.png","datePublished":"2023-02-10T08:06:18+00:00","dateModified":"2023-02-10T08:06:59+00:00","description":"O m\u00eas de janeiro de 2023 foi considerado o 3\u00ba mais quente na Europa e o 7\u00ba no Globo. Nacional","breadcrumb":{"@id":"https:\/\/algarve7.pt\/index.php\/2023\/02\/o-mes-de-janeiro-de-2023-foi-considerado-o-3o-mais-quente-na-europa-e-o-7o-no-globo\/nacional\/08\/06\/#breadcrumb"},"inLanguage":"pt-PT","potentialAction":[{"@type":"ReadAction","target":["https:\/\/algarve7.pt\/index.php\/2023\/02\/o-mes-de-janeiro-de-2023-foi-considerado-o-3o-mais-quente-na-europa-e-o-7o-no-globo\/nacional\/08\/06\/"]}]},{"@type":"ImageObject","inLanguage":"pt-PT","@id":"https:\/\/algarve7.pt\/index.php\/2023\/02\/o-mes-de-janeiro-de-2023-foi-considerado-o-3o-mais-quente-na-europa-e-o-7o-no-globo\/nacional\/08\/06\/#primaryimage","url":"https:\/\/algarve7.pt\/wp-content\/uploads\/2023\/02\/Captura-de-ecra-2023-02-10-as-08.02.21.png","contentUrl":"https:\/\/algarve7.pt\/wp-content\/uploads\/2023\/02\/Captura-de-ecra-2023-02-10-as-08.02.21.png","width":1024,"height":758},{"@type":"BreadcrumbList","@id":"https:\/\/algarve7.pt\/index.php\/2023\/02\/o-mes-de-janeiro-de-2023-foi-considerado-o-3o-mais-quente-na-europa-e-o-7o-no-globo\/nacional\/08\/06\/#breadcrumb","itemListElement":[{"@type":"ListItem","position":1,"name":"In\u00edcio","item":"https:\/\/algarve7.pt\/"},{"@type":"ListItem","position":2,"name":"O m\u00eas de janeiro de 2023 foi considerado o 3\u00ba mais quente na Europa e o 7\u00ba no Globo."}]},{"@type":"WebSite","@id":"https:\/\/algarve7.pt\/#website","url":"https:\/\/algarve7.pt\/","name":"Algarve 7","description":"Informa\u00e7\u00e3o sobre o Algarve","publisher":{"@id":"https:\/\/algarve7.pt\/#organization"},"potentialAction":[{"@type":"SearchAction","target":{"@type":"EntryPoint","urlTemplate":"https:\/\/algarve7.pt\/?s={search_term_string}"},"query-input":{"@type":"PropertyValueSpecification","valueRequired":true,"valueName":"search_term_string"}}],"inLanguage":"pt-PT"},{"@type":"Organization","@id":"https:\/\/algarve7.pt\/#organization","name":"Algarve 7","url":"https:\/\/algarve7.pt\/","logo":{"@type":"ImageObject","inLanguage":"pt-PT","@id":"https:\/\/algarve7.pt\/#\/schema\/logo\/image\/","url":"https:\/\/algarve7.pt\/wp-content\/uploads\/2020\/10\/Logo-8.jpg","contentUrl":"https:\/\/algarve7.pt\/wp-content\/uploads\/2020\/10\/Logo-8.jpg","width":1680,"height":1186,"caption":"Algarve 7"},"image":{"@id":"https:\/\/algarve7.pt\/#\/schema\/logo\/image\/"},"sameAs":["https:\/\/www.facebook.com\/algarve7","https:\/\/x.com\/Algarvesete","https:\/\/www.instagram.com\/jornalalgarve7\/","https:\/\/www.linkedin.com\/company\/algarve7","https:\/\/www.pinterest.pt\/geral0939\/_created\/"]},{"@type":"Person","@id":"https:\/\/algarve7.pt\/#\/schema\/person\/23fa70681308e7b319a3204bcea45e0c","name":"Algarve 7","sameAs":["https:\/\/algarve7.pt","https:\/\/www.facebook.com\/algarve7"],"url":"https:\/\/algarve7.pt\/index.php\/author\/geralalgarve7-pt\/"}]}},"jetpack_publicize_connections":[],"jetpack_featured_media_url":"https:\/\/algarve7.pt\/wp-content\/uploads\/2023\/02\/Captura-de-ecra-2023-02-10-as-08.02.21.png","jetpack_shortlink":"https:\/\/wp.me\/pcezmW-6CH","jetpack_sharing_enabled":true,"_links":{"self":[{"href":"https:\/\/algarve7.pt\/index.php\/wp-json\/wp\/v2\/posts\/25463","targetHints":{"allow":["GET"]}}],"collection":[{"href":"https:\/\/algarve7.pt\/index.php\/wp-json\/wp\/v2\/posts"}],"about":[{"href":"https:\/\/algarve7.pt\/index.php\/wp-json\/wp\/v2\/types\/post"}],"author":[{"embeddable":true,"href":"https:\/\/algarve7.pt\/index.php\/wp-json\/wp\/v2\/users\/1"}],"replies":[{"embeddable":true,"href":"https:\/\/algarve7.pt\/index.php\/wp-json\/wp\/v2\/comments?post=25463"}],"version-history":[{"count":0,"href":"https:\/\/algarve7.pt\/index.php\/wp-json\/wp\/v2\/posts\/25463\/revisions"}],"wp:featuredmedia":[{"embeddable":true,"href":"https:\/\/algarve7.pt\/index.php\/wp-json\/wp\/v2\/media\/25464"}],"wp:attachment":[{"href":"https:\/\/algarve7.pt\/index.php\/wp-json\/wp\/v2\/media?parent=25463"}],"wp:term":[{"taxonomy":"category","embeddable":true,"href":"https:\/\/algarve7.pt\/index.php\/wp-json\/wp\/v2\/categories?post=25463"},{"taxonomy":"post_tag","embeddable":true,"href":"https:\/\/algarve7.pt\/index.php\/wp-json\/wp\/v2\/tags?post=25463"}],"curies":[{"name":"wp","href":"https:\/\/api.w.org\/{rel}","templated":true}]}}