{"id":2543,"date":"2020-10-15T20:45:16","date_gmt":"2020-10-15T19:45:16","guid":{"rendered":"https:\/\/algarve7.pt\/?p=2543"},"modified":"2020-10-15T18:36:40","modified_gmt":"2020-10-15T17:36:40","slug":"camara-convida-criancas-de-lagos-a-crescer-em-movimento","status":"publish","type":"post","link":"https:\/\/algarve7.pt\/index.php\/2020\/10\/camara-convida-criancas-de-lagos-a-crescer-em-movimento\/desporto\/20\/45\/","title":{"rendered":"C\u00e2mara convida crian\u00e7as de Lagos a \u201cCrescer em Movimento\u201d"},"content":{"rendered":"\n<p>Proporcionar \u00e0s crian\u00e7as que frequentam o ensino pr\u00e9-escolar p\u00fablico nas escolas de Lagos a pr\u00e1tica regular de atividades motoras, que promovam o seu desenvolvimento integral e lhes incutam precocemente estilos de vida saud\u00e1vel, \u00e9 o objetivo geral do projeto \u201cCrescer em Movimento\u201d.\u00a0<\/p>\n\n\n\n<p>Dinamizado pela C\u00e2mara Municipal, sob coordena\u00e7\u00e3o pedag\u00f3gica de cada um dos Agrupamentos de Escolas e implementa\u00e7\u00e3o articulada entre os T\u00e9cnicos de Educa\u00e7\u00e3o F\u00edsica e as Educadoras de Inf\u00e2ncia, o \u201cCrescer em Movimento\u201d abrange as 11 salas de Pr\u00e9-Escolar de Lagos e uma popula\u00e7\u00e3o infantil com idades compreendidas entre os 3 e os 5 anos, que t\u00eam assim a oportunidade de praticar uma ou duas horas semanais de atividade f\u00edsica orientada.<\/p>\n\n\n\n<p>A operacionaliza\u00e7\u00e3o do projeto no terreno envolve igualmente a parceria com clubes desportivos locais que, por via de protocolo de colabora\u00e7\u00e3o estabelecido com o munic\u00edpio, afetam ao projeto os seus t\u00e9cnicos de Educa\u00e7\u00e3o F\u00edsica.<\/p>\n\n\n\n<p>E foi a renova\u00e7\u00e3o dessa parceria que a C\u00e2mara Municipal deliberou na sua \u00faltima reuni\u00e3o ordin\u00e1ria, aprovando a minuta do protocolo a celebrar com diversos clubes desportivos do concelho, tendo como objetivo a coopera\u00e7\u00e3o de recursos humanos, log\u00edsticos e financeiros, nomeadamente a disponibiliza\u00e7\u00e3o de t\u00e9cnicos para ministrar as aulas de educa\u00e7\u00e3o f\u00edsica no ensino pr\u00e9-escolar p\u00fablico.<\/p>\n\n\n\n<p>O projeto, que vai na sua 27.\u00aa edi\u00e7\u00e3o, tem um or\u00e7amento estimado de 10.068,00\u20ac para o presente ano letivo. J\u00e1 as atividades, essas, ir\u00e3o arrancar nos meses de outubro e novembro, este ano sem a componente das aulas de adapta\u00e7\u00e3o ao meio aqu\u00e1tico que, pela sua especificidade de contacto f\u00edsico, tiveram de ser suspensas devido \u00e0 pandemia da COVID-19.<\/p>\n","protected":false},"excerpt":{"rendered":"<p>Proporcionar \u00e0s crian\u00e7as que frequentam o ensino pr\u00e9-escolar p\u00fablico nas escolas de Lagos a pr\u00e1tica regular de atividades motoras, que<\/p>\n","protected":false},"author":1,"featured_media":2544,"comment_status":"closed","ping_status":"open","sticky":false,"template":"","format":"standard","meta":{"colormag_page_container_layout":"default_layout","colormag_page_sidebar_layout":"default_layout","_monsterinsights_skip_tracking":false,"_monsterinsights_sitenote_active":false,"_monsterinsights_sitenote_note":"","_monsterinsights_sitenote_category":0,"jetpack_post_was_ever_published":false,"_jetpack_newsletter_access":"","_jetpack_dont_email_post_to_subs":false,"_jetpack_newsletter_tier_id":0,"_jetpack_memberships_contains_paywalled_content":false,"_jetpack_memberships_contains_paid_content":false,"footnotes":"","jetpack_publicize_message":"","jetpack_publicize_feature_enabled":true,"jetpack_social_post_already_shared":true,"jetpack_social_options":{"image_generator_settings":{"template":"highway","default_image_id":0,"font":"","enabled":false},"version":2}},"categories":[15,93],"tags":[40,74],"class_list":["post-2543","post","type-post","status-publish","format-standard","has-post-thumbnail","hentry","category-desporto","category-educacao","tag-desporto","tag-educacao"],"yoast_head":"<!-- This site is optimized with the Yoast SEO plugin v27.5 - https:\/\/yoast.com\/product\/yoast-seo-wordpress\/ -->\n<title>C\u00e2mara convida crian\u00e7as de Lagos a \u201cCrescer em Movimento\u201d - Algarve 7<\/title>\n<meta name=\"description\" content=\"C\u00e2mara convida crian\u00e7as de Lagos a \u201cCrescer em Movimento\u201d\" \/>\n<meta name=\"robots\" content=\"index, follow, max-snippet:-1, max-image-preview:large, max-video-preview:-1\" \/>\n<link rel=\"canonical\" href=\"https:\/\/algarve7.pt\/index.php\/2020\/10\/camara-convida-criancas-de-lagos-a-crescer-em-movimento\/desporto\/20\/45\/\" \/>\n<meta property=\"og:locale\" content=\"pt_PT\" \/>\n<meta property=\"og:type\" content=\"article\" \/>\n<meta property=\"og:title\" content=\"C\u00e2mara convida crian\u00e7as de Lagos a \u201cCrescer em Movimento\u201d - Algarve 7\" \/>\n<meta property=\"og:description\" content=\"C\u00e2mara convida crian\u00e7as de Lagos a \u201cCrescer em Movimento\u201d\" \/>\n<meta property=\"og:url\" content=\"https:\/\/algarve7.pt\/index.php\/2020\/10\/camara-convida-criancas-de-lagos-a-crescer-em-movimento\/desporto\/20\/45\/\" \/>\n<meta property=\"og:site_name\" content=\"Algarve 7\" \/>\n<meta property=\"article:publisher\" content=\"https:\/\/www.facebook.com\/algarve7\" \/>\n<meta property=\"article:author\" content=\"https:\/\/www.facebook.com\/algarve7\" \/>\n<meta property=\"article:published_time\" content=\"2020-10-15T19:45:16+00:00\" \/>\n<meta property=\"og:image\" content=\"https:\/\/algarve7.pt\/wp-content\/uploads\/2020\/10\/Crescer-em-Movimento-15-OCS.jpg\" \/>\n\t<meta property=\"og:image:width\" content=\"1200\" \/>\n\t<meta property=\"og:image:height\" content=\"800\" \/>\n\t<meta property=\"og:image:type\" content=\"image\/jpeg\" \/>\n<meta name=\"author\" content=\"Algarve 7\" \/>\n<meta name=\"twitter:card\" content=\"summary_large_image\" \/>\n<meta name=\"twitter:creator\" content=\"@Algarvesete\" \/>\n<meta name=\"twitter:site\" content=\"@Algarvesete\" \/>\n<meta name=\"twitter:label1\" content=\"Escrito por\" \/>\n\t<meta name=\"twitter:data1\" content=\"Algarve 7\" \/>\n\t<meta name=\"twitter:label2\" content=\"Tempo estimado de leitura\" \/>\n\t<meta name=\"twitter:data2\" content=\"1 minuto\" \/>\n<script type=\"application\/ld+json\" class=\"yoast-schema-graph\">{\"@context\":\"https:\\\/\\\/schema.org\",\"@graph\":[{\"@type\":\"Article\",\"@id\":\"https:\\\/\\\/algarve7.pt\\\/index.php\\\/2020\\\/10\\\/camara-convida-criancas-de-lagos-a-crescer-em-movimento\\\/desporto\\\/20\\\/45\\\/#article\",\"isPartOf\":{\"@id\":\"https:\\\/\\\/algarve7.pt\\\/index.php\\\/2020\\\/10\\\/camara-convida-criancas-de-lagos-a-crescer-em-movimento\\\/desporto\\\/20\\\/45\\\/\"},\"author\":{\"name\":\"Algarve 7\",\"@id\":\"https:\\\/\\\/algarve7.pt\\\/#\\\/schema\\\/person\\\/23fa70681308e7b319a3204bcea45e0c\"},\"headline\":\"C\u00e2mara convida crian\u00e7as de Lagos a \u201cCrescer em Movimento\u201d\",\"datePublished\":\"2020-10-15T19:45:16+00:00\",\"mainEntityOfPage\":{\"@id\":\"https:\\\/\\\/algarve7.pt\\\/index.php\\\/2020\\\/10\\\/camara-convida-criancas-de-lagos-a-crescer-em-movimento\\\/desporto\\\/20\\\/45\\\/\"},\"wordCount\":306,\"publisher\":{\"@id\":\"https:\\\/\\\/algarve7.pt\\\/#organization\"},\"image\":{\"@id\":\"https:\\\/\\\/algarve7.pt\\\/index.php\\\/2020\\\/10\\\/camara-convida-criancas-de-lagos-a-crescer-em-movimento\\\/desporto\\\/20\\\/45\\\/#primaryimage\"},\"thumbnailUrl\":\"https:\\\/\\\/algarve7.pt\\\/wp-content\\\/uploads\\\/2020\\\/10\\\/Crescer-em-Movimento-15-OCS.jpg\",\"keywords\":[\"Desporto\",\"Educa\u00e7\u00e3o\"],\"articleSection\":[\"Desporto\",\"Educa\u00e7\u00e3o\"],\"inLanguage\":\"pt-PT\"},{\"@type\":\"WebPage\",\"@id\":\"https:\\\/\\\/algarve7.pt\\\/index.php\\\/2020\\\/10\\\/camara-convida-criancas-de-lagos-a-crescer-em-movimento\\\/desporto\\\/20\\\/45\\\/\",\"url\":\"https:\\\/\\\/algarve7.pt\\\/index.php\\\/2020\\\/10\\\/camara-convida-criancas-de-lagos-a-crescer-em-movimento\\\/desporto\\\/20\\\/45\\\/\",\"name\":\"C\u00e2mara convida crian\u00e7as de Lagos a \u201cCrescer em Movimento\u201d - Algarve 7\",\"isPartOf\":{\"@id\":\"https:\\\/\\\/algarve7.pt\\\/#website\"},\"primaryImageOfPage\":{\"@id\":\"https:\\\/\\\/algarve7.pt\\\/index.php\\\/2020\\\/10\\\/camara-convida-criancas-de-lagos-a-crescer-em-movimento\\\/desporto\\\/20\\\/45\\\/#primaryimage\"},\"image\":{\"@id\":\"https:\\\/\\\/algarve7.pt\\\/index.php\\\/2020\\\/10\\\/camara-convida-criancas-de-lagos-a-crescer-em-movimento\\\/desporto\\\/20\\\/45\\\/#primaryimage\"},\"thumbnailUrl\":\"https:\\\/\\\/algarve7.pt\\\/wp-content\\\/uploads\\\/2020\\\/10\\\/Crescer-em-Movimento-15-OCS.jpg\",\"datePublished\":\"2020-10-15T19:45:16+00:00\",\"description\":\"C\u00e2mara convida crian\u00e7as de Lagos a \u201cCrescer em Movimento\u201d\",\"breadcrumb\":{\"@id\":\"https:\\\/\\\/algarve7.pt\\\/index.php\\\/2020\\\/10\\\/camara-convida-criancas-de-lagos-a-crescer-em-movimento\\\/desporto\\\/20\\\/45\\\/#breadcrumb\"},\"inLanguage\":\"pt-PT\",\"potentialAction\":[{\"@type\":\"ReadAction\",\"target\":[\"https:\\\/\\\/algarve7.pt\\\/index.php\\\/2020\\\/10\\\/camara-convida-criancas-de-lagos-a-crescer-em-movimento\\\/desporto\\\/20\\\/45\\\/\"]}]},{\"@type\":\"ImageObject\",\"inLanguage\":\"pt-PT\",\"@id\":\"https:\\\/\\\/algarve7.pt\\\/index.php\\\/2020\\\/10\\\/camara-convida-criancas-de-lagos-a-crescer-em-movimento\\\/desporto\\\/20\\\/45\\\/#primaryimage\",\"url\":\"https:\\\/\\\/algarve7.pt\\\/wp-content\\\/uploads\\\/2020\\\/10\\\/Crescer-em-Movimento-15-OCS.jpg\",\"contentUrl\":\"https:\\\/\\\/algarve7.pt\\\/wp-content\\\/uploads\\\/2020\\\/10\\\/Crescer-em-Movimento-15-OCS.jpg\",\"width\":1200,\"height\":800,\"caption\":\"motricidade infantil\"},{\"@type\":\"BreadcrumbList\",\"@id\":\"https:\\\/\\\/algarve7.pt\\\/index.php\\\/2020\\\/10\\\/camara-convida-criancas-de-lagos-a-crescer-em-movimento\\\/desporto\\\/20\\\/45\\\/#breadcrumb\",\"itemListElement\":[{\"@type\":\"ListItem\",\"position\":1,\"name\":\"In\u00edcio\",\"item\":\"https:\\\/\\\/algarve7.pt\\\/\"},{\"@type\":\"ListItem\",\"position\":2,\"name\":\"C\u00e2mara convida crian\u00e7as de Lagos a \u201cCrescer em Movimento\u201d\"}]},{\"@type\":\"WebSite\",\"@id\":\"https:\\\/\\\/algarve7.pt\\\/#website\",\"url\":\"https:\\\/\\\/algarve7.pt\\\/\",\"name\":\"Algarve 7\",\"description\":\"Informa\u00e7\u00e3o sobre o Algarve\",\"publisher\":{\"@id\":\"https:\\\/\\\/algarve7.pt\\\/#organization\"},\"potentialAction\":[{\"@type\":\"SearchAction\",\"target\":{\"@type\":\"EntryPoint\",\"urlTemplate\":\"https:\\\/\\\/algarve7.pt\\\/?s={search_term_string}\"},\"query-input\":{\"@type\":\"PropertyValueSpecification\",\"valueRequired\":true,\"valueName\":\"search_term_string\"}}],\"inLanguage\":\"pt-PT\"},{\"@type\":\"Organization\",\"@id\":\"https:\\\/\\\/algarve7.pt\\\/#organization\",\"name\":\"Algarve 7\",\"url\":\"https:\\\/\\\/algarve7.pt\\\/\",\"logo\":{\"@type\":\"ImageObject\",\"inLanguage\":\"pt-PT\",\"@id\":\"https:\\\/\\\/algarve7.pt\\\/#\\\/schema\\\/logo\\\/image\\\/\",\"url\":\"https:\\\/\\\/algarve7.pt\\\/wp-content\\\/uploads\\\/2020\\\/10\\\/Logo-8.jpg\",\"contentUrl\":\"https:\\\/\\\/algarve7.pt\\\/wp-content\\\/uploads\\\/2020\\\/10\\\/Logo-8.jpg\",\"width\":1680,\"height\":1186,\"caption\":\"Algarve 7\"},\"image\":{\"@id\":\"https:\\\/\\\/algarve7.pt\\\/#\\\/schema\\\/logo\\\/image\\\/\"},\"sameAs\":[\"https:\\\/\\\/www.facebook.com\\\/algarve7\",\"https:\\\/\\\/x.com\\\/Algarvesete\",\"https:\\\/\\\/www.instagram.com\\\/jornalalgarve7\\\/\",\"https:\\\/\\\/www.linkedin.com\\\/company\\\/algarve7\",\"https:\\\/\\\/www.pinterest.pt\\\/geral0939\\\/_created\\\/\"]},{\"@type\":\"Person\",\"@id\":\"https:\\\/\\\/algarve7.pt\\\/#\\\/schema\\\/person\\\/23fa70681308e7b319a3204bcea45e0c\",\"name\":\"Algarve 7\",\"sameAs\":[\"https:\\\/\\\/algarve7.pt\",\"https:\\\/\\\/www.facebook.com\\\/algarve7\"],\"url\":\"https:\\\/\\\/algarve7.pt\\\/index.php\\\/author\\\/geralalgarve7-pt\\\/\"}]}<\/script>\n<!-- \/ Yoast SEO plugin. -->","yoast_head_json":{"title":"C\u00e2mara convida crian\u00e7as de Lagos a \u201cCrescer em Movimento\u201d - Algarve 7","description":"C\u00e2mara convida crian\u00e7as de Lagos a \u201cCrescer em Movimento\u201d","robots":{"index":"index","follow":"follow","max-snippet":"max-snippet:-1","max-image-preview":"max-image-preview:large","max-video-preview":"max-video-preview:-1"},"canonical":"https:\/\/algarve7.pt\/index.php\/2020\/10\/camara-convida-criancas-de-lagos-a-crescer-em-movimento\/desporto\/20\/45\/","og_locale":"pt_PT","og_type":"article","og_title":"C\u00e2mara convida crian\u00e7as de Lagos a \u201cCrescer em Movimento\u201d - Algarve 7","og_description":"C\u00e2mara convida crian\u00e7as de Lagos a \u201cCrescer em Movimento\u201d","og_url":"https:\/\/algarve7.pt\/index.php\/2020\/10\/camara-convida-criancas-de-lagos-a-crescer-em-movimento\/desporto\/20\/45\/","og_site_name":"Algarve 7","article_publisher":"https:\/\/www.facebook.com\/algarve7","article_author":"https:\/\/www.facebook.com\/algarve7","article_published_time":"2020-10-15T19:45:16+00:00","og_image":[{"width":1200,"height":800,"url":"https:\/\/algarve7.pt\/wp-content\/uploads\/2020\/10\/Crescer-em-Movimento-15-OCS.jpg","type":"image\/jpeg"}],"author":"Algarve 7","twitter_card":"summary_large_image","twitter_creator":"@Algarvesete","twitter_site":"@Algarvesete","twitter_misc":{"Escrito por":"Algarve 7","Tempo estimado de leitura":"1 minuto"},"schema":{"@context":"https:\/\/schema.org","@graph":[{"@type":"Article","@id":"https:\/\/algarve7.pt\/index.php\/2020\/10\/camara-convida-criancas-de-lagos-a-crescer-em-movimento\/desporto\/20\/45\/#article","isPartOf":{"@id":"https:\/\/algarve7.pt\/index.php\/2020\/10\/camara-convida-criancas-de-lagos-a-crescer-em-movimento\/desporto\/20\/45\/"},"author":{"name":"Algarve 7","@id":"https:\/\/algarve7.pt\/#\/schema\/person\/23fa70681308e7b319a3204bcea45e0c"},"headline":"C\u00e2mara convida crian\u00e7as de Lagos a \u201cCrescer em Movimento\u201d","datePublished":"2020-10-15T19:45:16+00:00","mainEntityOfPage":{"@id":"https:\/\/algarve7.pt\/index.php\/2020\/10\/camara-convida-criancas-de-lagos-a-crescer-em-movimento\/desporto\/20\/45\/"},"wordCount":306,"publisher":{"@id":"https:\/\/algarve7.pt\/#organization"},"image":{"@id":"https:\/\/algarve7.pt\/index.php\/2020\/10\/camara-convida-criancas-de-lagos-a-crescer-em-movimento\/desporto\/20\/45\/#primaryimage"},"thumbnailUrl":"https:\/\/algarve7.pt\/wp-content\/uploads\/2020\/10\/Crescer-em-Movimento-15-OCS.jpg","keywords":["Desporto","Educa\u00e7\u00e3o"],"articleSection":["Desporto","Educa\u00e7\u00e3o"],"inLanguage":"pt-PT"},{"@type":"WebPage","@id":"https:\/\/algarve7.pt\/index.php\/2020\/10\/camara-convida-criancas-de-lagos-a-crescer-em-movimento\/desporto\/20\/45\/","url":"https:\/\/algarve7.pt\/index.php\/2020\/10\/camara-convida-criancas-de-lagos-a-crescer-em-movimento\/desporto\/20\/45\/","name":"C\u00e2mara convida crian\u00e7as de Lagos a \u201cCrescer em Movimento\u201d - Algarve 7","isPartOf":{"@id":"https:\/\/algarve7.pt\/#website"},"primaryImageOfPage":{"@id":"https:\/\/algarve7.pt\/index.php\/2020\/10\/camara-convida-criancas-de-lagos-a-crescer-em-movimento\/desporto\/20\/45\/#primaryimage"},"image":{"@id":"https:\/\/algarve7.pt\/index.php\/2020\/10\/camara-convida-criancas-de-lagos-a-crescer-em-movimento\/desporto\/20\/45\/#primaryimage"},"thumbnailUrl":"https:\/\/algarve7.pt\/wp-content\/uploads\/2020\/10\/Crescer-em-Movimento-15-OCS.jpg","datePublished":"2020-10-15T19:45:16+00:00","description":"C\u00e2mara convida crian\u00e7as de Lagos a \u201cCrescer em Movimento\u201d","breadcrumb":{"@id":"https:\/\/algarve7.pt\/index.php\/2020\/10\/camara-convida-criancas-de-lagos-a-crescer-em-movimento\/desporto\/20\/45\/#breadcrumb"},"inLanguage":"pt-PT","potentialAction":[{"@type":"ReadAction","target":["https:\/\/algarve7.pt\/index.php\/2020\/10\/camara-convida-criancas-de-lagos-a-crescer-em-movimento\/desporto\/20\/45\/"]}]},{"@type":"ImageObject","inLanguage":"pt-PT","@id":"https:\/\/algarve7.pt\/index.php\/2020\/10\/camara-convida-criancas-de-lagos-a-crescer-em-movimento\/desporto\/20\/45\/#primaryimage","url":"https:\/\/algarve7.pt\/wp-content\/uploads\/2020\/10\/Crescer-em-Movimento-15-OCS.jpg","contentUrl":"https:\/\/algarve7.pt\/wp-content\/uploads\/2020\/10\/Crescer-em-Movimento-15-OCS.jpg","width":1200,"height":800,"caption":"motricidade infantil"},{"@type":"BreadcrumbList","@id":"https:\/\/algarve7.pt\/index.php\/2020\/10\/camara-convida-criancas-de-lagos-a-crescer-em-movimento\/desporto\/20\/45\/#breadcrumb","itemListElement":[{"@type":"ListItem","position":1,"name":"In\u00edcio","item":"https:\/\/algarve7.pt\/"},{"@type":"ListItem","position":2,"name":"C\u00e2mara convida crian\u00e7as de Lagos a \u201cCrescer em Movimento\u201d"}]},{"@type":"WebSite","@id":"https:\/\/algarve7.pt\/#website","url":"https:\/\/algarve7.pt\/","name":"Algarve 7","description":"Informa\u00e7\u00e3o sobre o Algarve","publisher":{"@id":"https:\/\/algarve7.pt\/#organization"},"potentialAction":[{"@type":"SearchAction","target":{"@type":"EntryPoint","urlTemplate":"https:\/\/algarve7.pt\/?s={search_term_string}"},"query-input":{"@type":"PropertyValueSpecification","valueRequired":true,"valueName":"search_term_string"}}],"inLanguage":"pt-PT"},{"@type":"Organization","@id":"https:\/\/algarve7.pt\/#organization","name":"Algarve 7","url":"https:\/\/algarve7.pt\/","logo":{"@type":"ImageObject","inLanguage":"pt-PT","@id":"https:\/\/algarve7.pt\/#\/schema\/logo\/image\/","url":"https:\/\/algarve7.pt\/wp-content\/uploads\/2020\/10\/Logo-8.jpg","contentUrl":"https:\/\/algarve7.pt\/wp-content\/uploads\/2020\/10\/Logo-8.jpg","width":1680,"height":1186,"caption":"Algarve 7"},"image":{"@id":"https:\/\/algarve7.pt\/#\/schema\/logo\/image\/"},"sameAs":["https:\/\/www.facebook.com\/algarve7","https:\/\/x.com\/Algarvesete","https:\/\/www.instagram.com\/jornalalgarve7\/","https:\/\/www.linkedin.com\/company\/algarve7","https:\/\/www.pinterest.pt\/geral0939\/_created\/"]},{"@type":"Person","@id":"https:\/\/algarve7.pt\/#\/schema\/person\/23fa70681308e7b319a3204bcea45e0c","name":"Algarve 7","sameAs":["https:\/\/algarve7.pt","https:\/\/www.facebook.com\/algarve7"],"url":"https:\/\/algarve7.pt\/index.php\/author\/geralalgarve7-pt\/"}]}},"jetpack_publicize_connections":[],"jetpack_featured_media_url":"https:\/\/algarve7.pt\/wp-content\/uploads\/2020\/10\/Crescer-em-Movimento-15-OCS.jpg","jetpack_shortlink":"https:\/\/wp.me\/pcezmW-F1","jetpack_sharing_enabled":true,"_links":{"self":[{"href":"https:\/\/algarve7.pt\/index.php\/wp-json\/wp\/v2\/posts\/2543","targetHints":{"allow":["GET"]}}],"collection":[{"href":"https:\/\/algarve7.pt\/index.php\/wp-json\/wp\/v2\/posts"}],"about":[{"href":"https:\/\/algarve7.pt\/index.php\/wp-json\/wp\/v2\/types\/post"}],"author":[{"embeddable":true,"href":"https:\/\/algarve7.pt\/index.php\/wp-json\/wp\/v2\/users\/1"}],"replies":[{"embeddable":true,"href":"https:\/\/algarve7.pt\/index.php\/wp-json\/wp\/v2\/comments?post=2543"}],"version-history":[{"count":0,"href":"https:\/\/algarve7.pt\/index.php\/wp-json\/wp\/v2\/posts\/2543\/revisions"}],"wp:featuredmedia":[{"embeddable":true,"href":"https:\/\/algarve7.pt\/index.php\/wp-json\/wp\/v2\/media\/2544"}],"wp:attachment":[{"href":"https:\/\/algarve7.pt\/index.php\/wp-json\/wp\/v2\/media?parent=2543"}],"wp:term":[{"taxonomy":"category","embeddable":true,"href":"https:\/\/algarve7.pt\/index.php\/wp-json\/wp\/v2\/categories?post=2543"},{"taxonomy":"post_tag","embeddable":true,"href":"https:\/\/algarve7.pt\/index.php\/wp-json\/wp\/v2\/tags?post=2543"}],"curies":[{"name":"wp","href":"https:\/\/api.w.org\/{rel}","templated":true}]}}