{"id":25306,"date":"2023-02-05T09:22:00","date_gmt":"2023-02-05T09:22:00","guid":{"rendered":"https:\/\/algarve7.pt\/?p=25306"},"modified":"2023-02-04T10:24:41","modified_gmt":"2023-02-04T10:24:41","slug":"clubes-algarvios-distinguidos-na-presenca-de-fernando-gomes","status":"publish","type":"post","link":"https:\/\/algarve7.pt\/index.php\/2023\/02\/clubes-algarvios-distinguidos-na-presenca-de-fernando-gomes\/desporto\/09\/22\/","title":{"rendered":"Clubes algarvios distinguidos na presen\u00e7a de Fernando Gomes"},"content":{"rendered":"\n<p>A Associa\u00e7\u00e3o de Futebol do Algarve (AFA) entregou, na noite da passada sexta-feira, no audit\u00f3rio da sua Sede, placas e certificados de distin\u00e7\u00e3o de Entidades Formadoras a 28 clubes filiados, fruto de 27 processos conclu\u00eddos com sucesso em 2021\/2022 e referentes \u00e0 \u00e9poca desportiva 2022\/2023.<\/p>\n\n\n\n<p>O evento contou com a presen\u00e7a de Fernando Gomes, Presidente da Federa\u00e7\u00e3o Portuguesa de Futebol (FPF), J\u00falio Vieira, Diretor da FPF, Reinaldo Teixeira, Presidente da AFA, Cust\u00f3dio Moreno, Diretor Regional do Instituto Portugu\u00eas do Desporto e Juventude (IPDJ), de v\u00e1rios representantes dos \u00d3rg\u00e3os Sociais da AFA, de C\u00e2maras Municipais e de Juntas de Freguesia do Algarve.<\/p>\n\n\n\n<p>Fernando Gomes aproveitou a ocasi\u00e3o para parabenizar os distinguidos da noite e lan\u00e7ar um desafio a todos aqueles que iniciaram mas n\u00e3o conclu\u00edram o processo: \u201cQue fa\u00e7am um esfor\u00e7o adicional, com empenho de todos, para que efetivamente, no pr\u00f3ximo ano, possamos voltar a aumentar o n\u00famero de clubes certificados no Algarve, de forma a que o processo na regi\u00e3o seja um sucesso como tem sido no resto do pa\u00eds\u201d, referiu.<\/p>\n\n\n\n<p>Reinaldo Teixeira reconheceu \u201co papel social que os clubes t\u00eam vindo a desenvolver, bem como a import\u00e2ncia que todos os homens e mulheres que ao longo dos anos t\u00eam criado mais condi\u00e7\u00f5es para que haja mais equipas e mais praticantes, meninas e meninos, de forma a que o crescimento do futebol, do futsal e do futebol de praia na regi\u00e3o seja uma realidade constante\u201d.<\/p>\n\n\n\n<p>Por sua vez, Cust\u00f3dio Moreno real\u00e7ou que o seu \u201cgrande objetivo\u201d \u00e9 \u201cajudar os dirigentes associativos dos clubes a serem cada vez melhores\u201d. \u201cTenho consci\u00eancia de que se n\u00e3o tivermos bons dirigentes tamb\u00e9m n\u00e3o podemos ter bons projetos desportivos. Temos de estar preparados para saber dar resposta e este trabalho da Federa\u00e7\u00e3o Portuguesa de Futebol \u00e9 uma excelente oportunidade para isso mesmo\u201d.<\/p>\n\n\n\n<p>Recorde-se que o n\u00famero de clubes certificados no Algarve subiu pelo terceiro ano consecutivo.<\/p>\n\n\n\n<p>Confira a lista completa em:\u00a0<a href=\"https:\/\/bit.ly\/3HvdoHf\" target=\"_blank\" rel=\"noreferrer noopener\">https:\/\/bit.ly\/3HvdoHf<\/a>.<\/p>\n","protected":false},"excerpt":{"rendered":"<p>A Associa\u00e7\u00e3o de Futebol do Algarve (AFA) entregou, na noite da passada sexta-feira, no audit\u00f3rio da sua Sede, placas e<\/p>\n","protected":false},"author":1,"featured_media":25307,"comment_status":"closed","ping_status":"open","sticky":false,"template":"","format":"standard","meta":{"colormag_page_container_layout":"default_layout","colormag_page_sidebar_layout":"default_layout","_monsterinsights_skip_tracking":false,"_monsterinsights_sitenote_active":false,"_monsterinsights_sitenote_note":"","_monsterinsights_sitenote_category":0,"jetpack_post_was_ever_published":false,"_jetpack_newsletter_access":"","_jetpack_dont_email_post_to_subs":false,"_jetpack_newsletter_tier_id":0,"_jetpack_memberships_contains_paywalled_content":false,"_jetpack_memberships_contains_paid_content":false,"footnotes":"","jetpack_publicize_message":"","jetpack_publicize_feature_enabled":true,"jetpack_social_post_already_shared":true,"jetpack_social_options":{"image_generator_settings":{"template":"highway","default_image_id":0,"font":"","enabled":false},"version":2}},"categories":[15],"tags":[36,543,40],"class_list":["post-25306","post","type-post","status-publish","format-standard","has-post-thumbnail","hentry","category-desporto","tag-algarve","tag-associacao-de-futebol-do-algarve","tag-desporto"],"yoast_head":"<!-- This site is optimized with the Yoast SEO plugin v27.5 - https:\/\/yoast.com\/product\/yoast-seo-wordpress\/ -->\n<title>Clubes algarvios distinguidos na presen\u00e7a de Fernando Gomes - Algarve 7<\/title>\n<meta name=\"description\" content=\"Clubes algarvios distinguidos na presen\u00e7a de Fernando Gomes Desporto\" \/>\n<meta name=\"robots\" content=\"index, follow, max-snippet:-1, max-image-preview:large, max-video-preview:-1\" \/>\n<link rel=\"canonical\" href=\"https:\/\/algarve7.pt\/index.php\/2023\/02\/clubes-algarvios-distinguidos-na-presenca-de-fernando-gomes\/desporto\/09\/22\/\" \/>\n<meta property=\"og:locale\" content=\"pt_PT\" \/>\n<meta property=\"og:type\" content=\"article\" \/>\n<meta property=\"og:title\" content=\"Clubes algarvios distinguidos na presen\u00e7a de Fernando Gomes - Algarve 7\" \/>\n<meta property=\"og:description\" content=\"Clubes algarvios distinguidos na presen\u00e7a de Fernando Gomes Desporto\" \/>\n<meta property=\"og:url\" content=\"https:\/\/algarve7.pt\/index.php\/2023\/02\/clubes-algarvios-distinguidos-na-presenca-de-fernando-gomes\/desporto\/09\/22\/\" \/>\n<meta property=\"og:site_name\" content=\"Algarve 7\" \/>\n<meta property=\"article:publisher\" content=\"https:\/\/www.facebook.com\/algarve7\" \/>\n<meta property=\"article:author\" content=\"https:\/\/www.facebook.com\/algarve7\" \/>\n<meta property=\"article:published_time\" content=\"2023-02-05T09:22:00+00:00\" \/>\n<meta property=\"og:image\" content=\"https:\/\/algarve7.pt\/wp-content\/uploads\/2023\/02\/certificacao-grupo.jpg\" \/>\n\t<meta property=\"og:image:width\" content=\"1024\" \/>\n\t<meta property=\"og:image:height\" content=\"639\" \/>\n\t<meta property=\"og:image:type\" content=\"image\/jpeg\" \/>\n<meta name=\"author\" content=\"Algarve 7\" \/>\n<meta name=\"twitter:card\" content=\"summary_large_image\" \/>\n<meta name=\"twitter:creator\" content=\"@Algarvesete\" \/>\n<meta name=\"twitter:site\" content=\"@Algarvesete\" \/>\n<meta name=\"twitter:label1\" content=\"Escrito por\" \/>\n\t<meta name=\"twitter:data1\" content=\"Algarve 7\" \/>\n\t<meta name=\"twitter:label2\" content=\"Tempo estimado de leitura\" \/>\n\t<meta name=\"twitter:data2\" content=\"2 minutos\" \/>\n<script type=\"application\/ld+json\" class=\"yoast-schema-graph\">{\"@context\":\"https:\\\/\\\/schema.org\",\"@graph\":[{\"@type\":\"Article\",\"@id\":\"https:\\\/\\\/algarve7.pt\\\/index.php\\\/2023\\\/02\\\/clubes-algarvios-distinguidos-na-presenca-de-fernando-gomes\\\/desporto\\\/09\\\/22\\\/#article\",\"isPartOf\":{\"@id\":\"https:\\\/\\\/algarve7.pt\\\/index.php\\\/2023\\\/02\\\/clubes-algarvios-distinguidos-na-presenca-de-fernando-gomes\\\/desporto\\\/09\\\/22\\\/\"},\"author\":{\"name\":\"Algarve 7\",\"@id\":\"https:\\\/\\\/algarve7.pt\\\/#\\\/schema\\\/person\\\/23fa70681308e7b319a3204bcea45e0c\"},\"headline\":\"Clubes algarvios distinguidos na presen\u00e7a de Fernando Gomes\",\"datePublished\":\"2023-02-05T09:22:00+00:00\",\"mainEntityOfPage\":{\"@id\":\"https:\\\/\\\/algarve7.pt\\\/index.php\\\/2023\\\/02\\\/clubes-algarvios-distinguidos-na-presenca-de-fernando-gomes\\\/desporto\\\/09\\\/22\\\/\"},\"wordCount\":357,\"publisher\":{\"@id\":\"https:\\\/\\\/algarve7.pt\\\/#organization\"},\"image\":{\"@id\":\"https:\\\/\\\/algarve7.pt\\\/index.php\\\/2023\\\/02\\\/clubes-algarvios-distinguidos-na-presenca-de-fernando-gomes\\\/desporto\\\/09\\\/22\\\/#primaryimage\"},\"thumbnailUrl\":\"https:\\\/\\\/algarve7.pt\\\/wp-content\\\/uploads\\\/2023\\\/02\\\/certificacao-grupo.jpg\",\"keywords\":[\"Algarve\",\"Associa\u00e7\u00e3o de futebol do Algarve\",\"Desporto\"],\"articleSection\":[\"Desporto\"],\"inLanguage\":\"pt-PT\"},{\"@type\":\"WebPage\",\"@id\":\"https:\\\/\\\/algarve7.pt\\\/index.php\\\/2023\\\/02\\\/clubes-algarvios-distinguidos-na-presenca-de-fernando-gomes\\\/desporto\\\/09\\\/22\\\/\",\"url\":\"https:\\\/\\\/algarve7.pt\\\/index.php\\\/2023\\\/02\\\/clubes-algarvios-distinguidos-na-presenca-de-fernando-gomes\\\/desporto\\\/09\\\/22\\\/\",\"name\":\"Clubes algarvios distinguidos na presen\u00e7a de Fernando Gomes - Algarve 7\",\"isPartOf\":{\"@id\":\"https:\\\/\\\/algarve7.pt\\\/#website\"},\"primaryImageOfPage\":{\"@id\":\"https:\\\/\\\/algarve7.pt\\\/index.php\\\/2023\\\/02\\\/clubes-algarvios-distinguidos-na-presenca-de-fernando-gomes\\\/desporto\\\/09\\\/22\\\/#primaryimage\"},\"image\":{\"@id\":\"https:\\\/\\\/algarve7.pt\\\/index.php\\\/2023\\\/02\\\/clubes-algarvios-distinguidos-na-presenca-de-fernando-gomes\\\/desporto\\\/09\\\/22\\\/#primaryimage\"},\"thumbnailUrl\":\"https:\\\/\\\/algarve7.pt\\\/wp-content\\\/uploads\\\/2023\\\/02\\\/certificacao-grupo.jpg\",\"datePublished\":\"2023-02-05T09:22:00+00:00\",\"description\":\"Clubes algarvios distinguidos na presen\u00e7a de Fernando Gomes Desporto\",\"breadcrumb\":{\"@id\":\"https:\\\/\\\/algarve7.pt\\\/index.php\\\/2023\\\/02\\\/clubes-algarvios-distinguidos-na-presenca-de-fernando-gomes\\\/desporto\\\/09\\\/22\\\/#breadcrumb\"},\"inLanguage\":\"pt-PT\",\"potentialAction\":[{\"@type\":\"ReadAction\",\"target\":[\"https:\\\/\\\/algarve7.pt\\\/index.php\\\/2023\\\/02\\\/clubes-algarvios-distinguidos-na-presenca-de-fernando-gomes\\\/desporto\\\/09\\\/22\\\/\"]}]},{\"@type\":\"ImageObject\",\"inLanguage\":\"pt-PT\",\"@id\":\"https:\\\/\\\/algarve7.pt\\\/index.php\\\/2023\\\/02\\\/clubes-algarvios-distinguidos-na-presenca-de-fernando-gomes\\\/desporto\\\/09\\\/22\\\/#primaryimage\",\"url\":\"https:\\\/\\\/algarve7.pt\\\/wp-content\\\/uploads\\\/2023\\\/02\\\/certificacao-grupo.jpg\",\"contentUrl\":\"https:\\\/\\\/algarve7.pt\\\/wp-content\\\/uploads\\\/2023\\\/02\\\/certificacao-grupo.jpg\",\"width\":1024,\"height\":639},{\"@type\":\"BreadcrumbList\",\"@id\":\"https:\\\/\\\/algarve7.pt\\\/index.php\\\/2023\\\/02\\\/clubes-algarvios-distinguidos-na-presenca-de-fernando-gomes\\\/desporto\\\/09\\\/22\\\/#breadcrumb\",\"itemListElement\":[{\"@type\":\"ListItem\",\"position\":1,\"name\":\"In\u00edcio\",\"item\":\"https:\\\/\\\/algarve7.pt\\\/\"},{\"@type\":\"ListItem\",\"position\":2,\"name\":\"Clubes algarvios distinguidos na presen\u00e7a de Fernando Gomes\"}]},{\"@type\":\"WebSite\",\"@id\":\"https:\\\/\\\/algarve7.pt\\\/#website\",\"url\":\"https:\\\/\\\/algarve7.pt\\\/\",\"name\":\"Algarve 7\",\"description\":\"Informa\u00e7\u00e3o sobre o Algarve\",\"publisher\":{\"@id\":\"https:\\\/\\\/algarve7.pt\\\/#organization\"},\"potentialAction\":[{\"@type\":\"SearchAction\",\"target\":{\"@type\":\"EntryPoint\",\"urlTemplate\":\"https:\\\/\\\/algarve7.pt\\\/?s={search_term_string}\"},\"query-input\":{\"@type\":\"PropertyValueSpecification\",\"valueRequired\":true,\"valueName\":\"search_term_string\"}}],\"inLanguage\":\"pt-PT\"},{\"@type\":\"Organization\",\"@id\":\"https:\\\/\\\/algarve7.pt\\\/#organization\",\"name\":\"Algarve 7\",\"url\":\"https:\\\/\\\/algarve7.pt\\\/\",\"logo\":{\"@type\":\"ImageObject\",\"inLanguage\":\"pt-PT\",\"@id\":\"https:\\\/\\\/algarve7.pt\\\/#\\\/schema\\\/logo\\\/image\\\/\",\"url\":\"https:\\\/\\\/algarve7.pt\\\/wp-content\\\/uploads\\\/2020\\\/10\\\/Logo-8.jpg\",\"contentUrl\":\"https:\\\/\\\/algarve7.pt\\\/wp-content\\\/uploads\\\/2020\\\/10\\\/Logo-8.jpg\",\"width\":1680,\"height\":1186,\"caption\":\"Algarve 7\"},\"image\":{\"@id\":\"https:\\\/\\\/algarve7.pt\\\/#\\\/schema\\\/logo\\\/image\\\/\"},\"sameAs\":[\"https:\\\/\\\/www.facebook.com\\\/algarve7\",\"https:\\\/\\\/x.com\\\/Algarvesete\",\"https:\\\/\\\/www.instagram.com\\\/jornalalgarve7\\\/\",\"https:\\\/\\\/www.linkedin.com\\\/company\\\/algarve7\",\"https:\\\/\\\/www.pinterest.pt\\\/geral0939\\\/_created\\\/\"]},{\"@type\":\"Person\",\"@id\":\"https:\\\/\\\/algarve7.pt\\\/#\\\/schema\\\/person\\\/23fa70681308e7b319a3204bcea45e0c\",\"name\":\"Algarve 7\",\"sameAs\":[\"https:\\\/\\\/algarve7.pt\",\"https:\\\/\\\/www.facebook.com\\\/algarve7\"],\"url\":\"https:\\\/\\\/algarve7.pt\\\/index.php\\\/author\\\/geralalgarve7-pt\\\/\"}]}<\/script>\n<!-- \/ Yoast SEO plugin. -->","yoast_head_json":{"title":"Clubes algarvios distinguidos na presen\u00e7a de Fernando Gomes - Algarve 7","description":"Clubes algarvios distinguidos na presen\u00e7a de Fernando Gomes Desporto","robots":{"index":"index","follow":"follow","max-snippet":"max-snippet:-1","max-image-preview":"max-image-preview:large","max-video-preview":"max-video-preview:-1"},"canonical":"https:\/\/algarve7.pt\/index.php\/2023\/02\/clubes-algarvios-distinguidos-na-presenca-de-fernando-gomes\/desporto\/09\/22\/","og_locale":"pt_PT","og_type":"article","og_title":"Clubes algarvios distinguidos na presen\u00e7a de Fernando Gomes - Algarve 7","og_description":"Clubes algarvios distinguidos na presen\u00e7a de Fernando Gomes Desporto","og_url":"https:\/\/algarve7.pt\/index.php\/2023\/02\/clubes-algarvios-distinguidos-na-presenca-de-fernando-gomes\/desporto\/09\/22\/","og_site_name":"Algarve 7","article_publisher":"https:\/\/www.facebook.com\/algarve7","article_author":"https:\/\/www.facebook.com\/algarve7","article_published_time":"2023-02-05T09:22:00+00:00","og_image":[{"width":1024,"height":639,"url":"https:\/\/algarve7.pt\/wp-content\/uploads\/2023\/02\/certificacao-grupo.jpg","type":"image\/jpeg"}],"author":"Algarve 7","twitter_card":"summary_large_image","twitter_creator":"@Algarvesete","twitter_site":"@Algarvesete","twitter_misc":{"Escrito por":"Algarve 7","Tempo estimado de leitura":"2 minutos"},"schema":{"@context":"https:\/\/schema.org","@graph":[{"@type":"Article","@id":"https:\/\/algarve7.pt\/index.php\/2023\/02\/clubes-algarvios-distinguidos-na-presenca-de-fernando-gomes\/desporto\/09\/22\/#article","isPartOf":{"@id":"https:\/\/algarve7.pt\/index.php\/2023\/02\/clubes-algarvios-distinguidos-na-presenca-de-fernando-gomes\/desporto\/09\/22\/"},"author":{"name":"Algarve 7","@id":"https:\/\/algarve7.pt\/#\/schema\/person\/23fa70681308e7b319a3204bcea45e0c"},"headline":"Clubes algarvios distinguidos na presen\u00e7a de Fernando Gomes","datePublished":"2023-02-05T09:22:00+00:00","mainEntityOfPage":{"@id":"https:\/\/algarve7.pt\/index.php\/2023\/02\/clubes-algarvios-distinguidos-na-presenca-de-fernando-gomes\/desporto\/09\/22\/"},"wordCount":357,"publisher":{"@id":"https:\/\/algarve7.pt\/#organization"},"image":{"@id":"https:\/\/algarve7.pt\/index.php\/2023\/02\/clubes-algarvios-distinguidos-na-presenca-de-fernando-gomes\/desporto\/09\/22\/#primaryimage"},"thumbnailUrl":"https:\/\/algarve7.pt\/wp-content\/uploads\/2023\/02\/certificacao-grupo.jpg","keywords":["Algarve","Associa\u00e7\u00e3o de futebol do Algarve","Desporto"],"articleSection":["Desporto"],"inLanguage":"pt-PT"},{"@type":"WebPage","@id":"https:\/\/algarve7.pt\/index.php\/2023\/02\/clubes-algarvios-distinguidos-na-presenca-de-fernando-gomes\/desporto\/09\/22\/","url":"https:\/\/algarve7.pt\/index.php\/2023\/02\/clubes-algarvios-distinguidos-na-presenca-de-fernando-gomes\/desporto\/09\/22\/","name":"Clubes algarvios distinguidos na presen\u00e7a de Fernando Gomes - Algarve 7","isPartOf":{"@id":"https:\/\/algarve7.pt\/#website"},"primaryImageOfPage":{"@id":"https:\/\/algarve7.pt\/index.php\/2023\/02\/clubes-algarvios-distinguidos-na-presenca-de-fernando-gomes\/desporto\/09\/22\/#primaryimage"},"image":{"@id":"https:\/\/algarve7.pt\/index.php\/2023\/02\/clubes-algarvios-distinguidos-na-presenca-de-fernando-gomes\/desporto\/09\/22\/#primaryimage"},"thumbnailUrl":"https:\/\/algarve7.pt\/wp-content\/uploads\/2023\/02\/certificacao-grupo.jpg","datePublished":"2023-02-05T09:22:00+00:00","description":"Clubes algarvios distinguidos na presen\u00e7a de Fernando Gomes Desporto","breadcrumb":{"@id":"https:\/\/algarve7.pt\/index.php\/2023\/02\/clubes-algarvios-distinguidos-na-presenca-de-fernando-gomes\/desporto\/09\/22\/#breadcrumb"},"inLanguage":"pt-PT","potentialAction":[{"@type":"ReadAction","target":["https:\/\/algarve7.pt\/index.php\/2023\/02\/clubes-algarvios-distinguidos-na-presenca-de-fernando-gomes\/desporto\/09\/22\/"]}]},{"@type":"ImageObject","inLanguage":"pt-PT","@id":"https:\/\/algarve7.pt\/index.php\/2023\/02\/clubes-algarvios-distinguidos-na-presenca-de-fernando-gomes\/desporto\/09\/22\/#primaryimage","url":"https:\/\/algarve7.pt\/wp-content\/uploads\/2023\/02\/certificacao-grupo.jpg","contentUrl":"https:\/\/algarve7.pt\/wp-content\/uploads\/2023\/02\/certificacao-grupo.jpg","width":1024,"height":639},{"@type":"BreadcrumbList","@id":"https:\/\/algarve7.pt\/index.php\/2023\/02\/clubes-algarvios-distinguidos-na-presenca-de-fernando-gomes\/desporto\/09\/22\/#breadcrumb","itemListElement":[{"@type":"ListItem","position":1,"name":"In\u00edcio","item":"https:\/\/algarve7.pt\/"},{"@type":"ListItem","position":2,"name":"Clubes algarvios distinguidos na presen\u00e7a de Fernando Gomes"}]},{"@type":"WebSite","@id":"https:\/\/algarve7.pt\/#website","url":"https:\/\/algarve7.pt\/","name":"Algarve 7","description":"Informa\u00e7\u00e3o sobre o Algarve","publisher":{"@id":"https:\/\/algarve7.pt\/#organization"},"potentialAction":[{"@type":"SearchAction","target":{"@type":"EntryPoint","urlTemplate":"https:\/\/algarve7.pt\/?s={search_term_string}"},"query-input":{"@type":"PropertyValueSpecification","valueRequired":true,"valueName":"search_term_string"}}],"inLanguage":"pt-PT"},{"@type":"Organization","@id":"https:\/\/algarve7.pt\/#organization","name":"Algarve 7","url":"https:\/\/algarve7.pt\/","logo":{"@type":"ImageObject","inLanguage":"pt-PT","@id":"https:\/\/algarve7.pt\/#\/schema\/logo\/image\/","url":"https:\/\/algarve7.pt\/wp-content\/uploads\/2020\/10\/Logo-8.jpg","contentUrl":"https:\/\/algarve7.pt\/wp-content\/uploads\/2020\/10\/Logo-8.jpg","width":1680,"height":1186,"caption":"Algarve 7"},"image":{"@id":"https:\/\/algarve7.pt\/#\/schema\/logo\/image\/"},"sameAs":["https:\/\/www.facebook.com\/algarve7","https:\/\/x.com\/Algarvesete","https:\/\/www.instagram.com\/jornalalgarve7\/","https:\/\/www.linkedin.com\/company\/algarve7","https:\/\/www.pinterest.pt\/geral0939\/_created\/"]},{"@type":"Person","@id":"https:\/\/algarve7.pt\/#\/schema\/person\/23fa70681308e7b319a3204bcea45e0c","name":"Algarve 7","sameAs":["https:\/\/algarve7.pt","https:\/\/www.facebook.com\/algarve7"],"url":"https:\/\/algarve7.pt\/index.php\/author\/geralalgarve7-pt\/"}]}},"jetpack_publicize_connections":[],"jetpack_featured_media_url":"https:\/\/algarve7.pt\/wp-content\/uploads\/2023\/02\/certificacao-grupo.jpg","jetpack_shortlink":"https:\/\/wp.me\/pcezmW-6Aa","jetpack_sharing_enabled":true,"_links":{"self":[{"href":"https:\/\/algarve7.pt\/index.php\/wp-json\/wp\/v2\/posts\/25306","targetHints":{"allow":["GET"]}}],"collection":[{"href":"https:\/\/algarve7.pt\/index.php\/wp-json\/wp\/v2\/posts"}],"about":[{"href":"https:\/\/algarve7.pt\/index.php\/wp-json\/wp\/v2\/types\/post"}],"author":[{"embeddable":true,"href":"https:\/\/algarve7.pt\/index.php\/wp-json\/wp\/v2\/users\/1"}],"replies":[{"embeddable":true,"href":"https:\/\/algarve7.pt\/index.php\/wp-json\/wp\/v2\/comments?post=25306"}],"version-history":[{"count":0,"href":"https:\/\/algarve7.pt\/index.php\/wp-json\/wp\/v2\/posts\/25306\/revisions"}],"wp:featuredmedia":[{"embeddable":true,"href":"https:\/\/algarve7.pt\/index.php\/wp-json\/wp\/v2\/media\/25307"}],"wp:attachment":[{"href":"https:\/\/algarve7.pt\/index.php\/wp-json\/wp\/v2\/media?parent=25306"}],"wp:term":[{"taxonomy":"category","embeddable":true,"href":"https:\/\/algarve7.pt\/index.php\/wp-json\/wp\/v2\/categories?post=25306"},{"taxonomy":"post_tag","embeddable":true,"href":"https:\/\/algarve7.pt\/index.php\/wp-json\/wp\/v2\/tags?post=25306"}],"curies":[{"name":"wp","href":"https:\/\/api.w.org\/{rel}","templated":true}]}}