{"id":25245,"date":"2023-01-31T20:39:48","date_gmt":"2023-01-31T20:39:48","guid":{"rendered":"https:\/\/algarve7.pt\/?p=25245"},"modified":"2023-01-31T20:39:51","modified_gmt":"2023-01-31T20:39:51","slug":"albufeira-racenature-despede-se-ate-ao-proximo-ano-com-record-de-participantes-a-nivel-nacional-e-internacional","status":"publish","type":"post","link":"https:\/\/algarve7.pt\/index.php\/2023\/01\/albufeira-racenature-despede-se-ate-ao-proximo-ano-com-record-de-participantes-a-nivel-nacional-e-internacional\/desporto\/20\/39\/","title":{"rendered":"Albufeira Racenature despede-se at\u00e9 ao pr\u00f3ximo ano com record de participantes a n\u00edvel nacional e internacional"},"content":{"rendered":"\n<p>Durante um fim-de-semana de c\u00e9u limpo e sol radioso, 27, 28 e 29 de janeiro, a capital do turismo nacional e forte candidata a capital europeia do Desporto em 2026, assistiu \u00e0 segunda edi\u00e7\u00e3o da Albufeira Race Nature que contou com a participa\u00e7\u00e3o de mais de seis centenas de ciclistas, ciclodesportistas e cicloturistas federados e n\u00e3o federados, naquela que \u00e9 a etapa inaugural do Trof\u00e9u Nacional Race Nature. A iniciativa contou com a organiza\u00e7\u00e3o do Munic\u00edpio de Albufeira, com a parceria dos movimentos associativos locais ligados \u00e0 modalidade, nomeadamente o Clube BTT Amigos de Albufeira e o BTT Clube Desportivo de Areias de S\u00e3o Jo\u00e3o, e a organiza\u00e7\u00e3o t\u00e9cnica da Cabreira Solutions, cujo Diretor T\u00e9cnico e Diretor de Prova \u00e9 o Bicampe\u00e3o Nacional e vencedor da Volta ao Algarve (2006) Jo\u00e3o Cabreira.<\/p>\n\n\n\n<p>O Albufeira Race Nature \u00e9 uma prova de bicicletas de montanha, considerada a prova de arranque para uma nova \u00e9poca desportiva do BTT e que serve, simultaneamente, de prepara\u00e7\u00e3o para provas internacionais como \u201cCape Epic\u201d, na \u00c1frica do Sul, segundo a dupla vencedora da classifica\u00e7\u00e3o geral, os campe\u00f5es belgas Jurgen Roelants e Frans Claes (Pure\/encapsulations-ktm), que teceram excelentes coment\u00e1rios \u00e0 organiza\u00e7\u00e3o e aos advers\u00e1rios portugueses que \u201cajudaram a proporcionar um belo espet\u00e1culo, num tra\u00e7ado muito interessante e com paisagens verdadeiramente deslumbrantes\u201d. Destaque tamb\u00e9m para a vit\u00f3ria da geral nos escal\u00f5es individuais do bracarense Lu\u00eds Ferreira (BTT Seia) e da embaixadora algarvia, Celina Carpinteiro (BTT Loul\u00e9\/Elevis). \u201cSinto-me verdadeiramente feliz a correr em casa e entre amigos e ao ver o meu Algarve sempre ativo nas organiza\u00e7\u00f5es com bicicleta\u201d acrescentou a atual n\u00famero um do ranking nacional, vencedora da Ta\u00e7a de Portugal e vice-campe\u00e3 nacional na categoria de elites. Na prova de Gravel (nova vertente do ciclismo associada ao evento) a vit\u00f3ria sorriu ao portuense Carlos Aguiar (Supergrupetta Polymarkbike Team).<\/p>\n\n\n\n<p>Um dos pontos altos do evento foi a participa\u00e7\u00e3o do piloto de Moto GP, Miguel Oliveira, que fez dupla com Miguel Praia, piloto de Superbikes e diretor do Aut\u00f3dromo Internacional do Algarve, que iniciaram esta Race Nature de \u201croda no ar\u201d com o pr\u00f3logo de sexta-feira e terminaram de igual modo as duas etapas em linha, a fazer lembrar a grande vit\u00f3ria no GP de Portim\u00e3o, em 2020. Miguel Oliveira mostrou-se bastante agradado com os tr\u00eas dias de puro BTT, que considerou ser \u201cum excelente conv\u00edvio com os amigos que tem na regi\u00e3o e, simultaneamente, uma excelente forma de prepara\u00e7\u00e3o f\u00edsica para os compromissos da nova \u00e9poca no motociclismo, que ter\u00e1 j\u00e1 nos pr\u00f3ximos dias 23, 24 e 25 de mar\u00e7o, novo epis\u00f3dio em solo algarvio, tendo aproveitado o momento para convidar o p\u00fablico a encher as bancadas do Aut\u00f3dromo Internacional do Algarve. Desejo que foi reiterado pelo seu colega de equipa, nesta prova de BTT, Miguel Praia.<\/p>\n\n\n\n<p>Cristiano Cabrita, vice-presidente do Munic\u00edpio com o pelouro do Desporto e Juventude, destaca que \u201cse trata de um evento muito importante a n\u00edvel desportivo, situa\u00e7\u00e3o plenamente confirmada pela enorme ades\u00e3o de atletas nacionais e internacionais \u201cEste ano o n\u00famero de atletas, quase duplicou, tendo-se verificado a participa\u00e7\u00e3o dos melhores desportistas da modalidade a n\u00edvel nacional e internacional, com destaque para a presen\u00e7a do bicampe\u00e3o belga, uma centena de atletas espanh\u00f3is e representantes de doze nacionalidades\u201d. A participa\u00e7\u00e3o da dupla Miguel Oliveira e Miguel Praia foram \u201ca cereja no topo do bolo\u201d sublinha o autarca, que aproveitou para real\u00e7ar, igualmente, o contributo do evento para a dinamiza\u00e7\u00e3o da economia local, durante a chamada \u00e9poca baixa do turismo. Outro fator a destacar passa pelo envolvimento dos clubes do concelho, o que contribui de forma bastante positiva para o desenvolvimento da modalidade, concluiu.<\/p>\n\n\n\n<p>A organiza\u00e7\u00e3o, por sua vez, revelou estar bastante satisfeita pela \u201cduplica\u00e7\u00e3o de participantes no MTB e pela triplica\u00e7\u00e3o na vertente de Gravel em rela\u00e7\u00e3o ao ano anterior. \u201cSin\u00f3nimo que o trabalho est\u00e1 a ser feito de acordo com os interesses dos praticantes e em sentido ascendente, uma vez que nos endossaram mensagens de enorme satisfa\u00e7\u00e3o pela participa\u00e7\u00e3o no Race Nature de Albufeira 2023,\u201d assegurou o diretor de corrida, Jo\u00e3o Cabreira.<\/p>\n","protected":false},"excerpt":{"rendered":"<p>Durante um fim-de-semana de c\u00e9u limpo e sol radioso, 27, 28 e 29 de janeiro, a capital do turismo nacional<\/p>\n","protected":false},"author":1,"featured_media":25246,"comment_status":"closed","ping_status":"open","sticky":false,"template":"","format":"standard","meta":{"colormag_page_container_layout":"default_layout","colormag_page_sidebar_layout":"default_layout","_monsterinsights_skip_tracking":false,"_monsterinsights_sitenote_active":false,"_monsterinsights_sitenote_note":"","_monsterinsights_sitenote_category":0,"jetpack_post_was_ever_published":false,"_jetpack_newsletter_access":"","_jetpack_dont_email_post_to_subs":false,"_jetpack_newsletter_tier_id":0,"_jetpack_memberships_contains_paywalled_content":false,"_jetpack_memberships_contains_paid_content":false,"footnotes":"","jetpack_publicize_message":"","jetpack_publicize_feature_enabled":true,"jetpack_social_post_already_shared":true,"jetpack_social_options":{"image_generator_settings":{"template":"highway","default_image_id":0,"font":"","enabled":false},"version":2}},"categories":[15],"tags":[155,36,40,853],"class_list":["post-25245","post","type-post","status-publish","format-standard","has-post-thumbnail","hentry","category-desporto","tag-albufeira","tag-algarve","tag-desporto","tag-race-nature-albufeira23"],"yoast_head":"<!-- This site is optimized with the Yoast SEO plugin v27.5 - https:\/\/yoast.com\/product\/yoast-seo-wordpress\/ -->\n<title>Albufeira Racenature despede-se at\u00e9 ao pr\u00f3ximo ano com record de participantes a n\u00edvel nacional e internacional - Algarve 7<\/title>\n<meta name=\"description\" content=\"Albufeira Racenature despede-se at\u00e9 ao pr\u00f3ximo ano com record de participantes a n\u00edvel nacional e internacional Desporto\" \/>\n<meta name=\"robots\" content=\"index, follow, max-snippet:-1, max-image-preview:large, max-video-preview:-1\" \/>\n<link rel=\"canonical\" href=\"https:\/\/algarve7.pt\/index.php\/2023\/01\/albufeira-racenature-despede-se-ate-ao-proximo-ano-com-record-de-participantes-a-nivel-nacional-e-internacional\/desporto\/20\/39\/\" \/>\n<meta property=\"og:locale\" content=\"pt_PT\" \/>\n<meta property=\"og:type\" content=\"article\" \/>\n<meta property=\"og:title\" content=\"Albufeira Racenature despede-se at\u00e9 ao pr\u00f3ximo ano com record de participantes a n\u00edvel nacional e internacional - Algarve 7\" \/>\n<meta property=\"og:description\" content=\"Albufeira Racenature despede-se at\u00e9 ao pr\u00f3ximo ano com record de participantes a n\u00edvel nacional e internacional Desporto\" \/>\n<meta property=\"og:url\" content=\"https:\/\/algarve7.pt\/index.php\/2023\/01\/albufeira-racenature-despede-se-ate-ao-proximo-ano-com-record-de-participantes-a-nivel-nacional-e-internacional\/desporto\/20\/39\/\" \/>\n<meta property=\"og:site_name\" content=\"Algarve 7\" \/>\n<meta property=\"article:publisher\" content=\"https:\/\/www.facebook.com\/algarve7\" \/>\n<meta property=\"article:author\" content=\"https:\/\/www.facebook.com\/algarve7\" \/>\n<meta property=\"article:published_time\" content=\"2023-01-31T20:39:48+00:00\" \/>\n<meta property=\"article:modified_time\" content=\"2023-01-31T20:39:51+00:00\" \/>\n<meta property=\"og:image\" content=\"https:\/\/algarve7.pt\/wp-content\/uploads\/2023\/01\/Captura-de-ecra-2023-01-31-as-20.36.02.png\" \/>\n\t<meta property=\"og:image:width\" content=\"1024\" \/>\n\t<meta property=\"og:image:height\" content=\"677\" \/>\n\t<meta property=\"og:image:type\" content=\"image\/png\" \/>\n<meta name=\"author\" content=\"Algarve 7\" \/>\n<meta name=\"twitter:card\" content=\"summary_large_image\" \/>\n<meta name=\"twitter:creator\" content=\"@Algarvesete\" \/>\n<meta name=\"twitter:site\" content=\"@Algarvesete\" \/>\n<meta name=\"twitter:label1\" content=\"Escrito por\" \/>\n\t<meta name=\"twitter:data1\" content=\"Algarve 7\" \/>\n\t<meta name=\"twitter:label2\" content=\"Tempo estimado de leitura\" \/>\n\t<meta name=\"twitter:data2\" content=\"4 minutos\" \/>\n<script type=\"application\/ld+json\" class=\"yoast-schema-graph\">{\"@context\":\"https:\\\/\\\/schema.org\",\"@graph\":[{\"@type\":\"Article\",\"@id\":\"https:\\\/\\\/algarve7.pt\\\/index.php\\\/2023\\\/01\\\/albufeira-racenature-despede-se-ate-ao-proximo-ano-com-record-de-participantes-a-nivel-nacional-e-internacional\\\/desporto\\\/20\\\/39\\\/#article\",\"isPartOf\":{\"@id\":\"https:\\\/\\\/algarve7.pt\\\/index.php\\\/2023\\\/01\\\/albufeira-racenature-despede-se-ate-ao-proximo-ano-com-record-de-participantes-a-nivel-nacional-e-internacional\\\/desporto\\\/20\\\/39\\\/\"},\"author\":{\"name\":\"Algarve 7\",\"@id\":\"https:\\\/\\\/algarve7.pt\\\/#\\\/schema\\\/person\\\/23fa70681308e7b319a3204bcea45e0c\"},\"headline\":\"Albufeira Racenature despede-se at\u00e9 ao pr\u00f3ximo ano com record de participantes a n\u00edvel nacional e internacional\",\"datePublished\":\"2023-01-31T20:39:48+00:00\",\"dateModified\":\"2023-01-31T20:39:51+00:00\",\"mainEntityOfPage\":{\"@id\":\"https:\\\/\\\/algarve7.pt\\\/index.php\\\/2023\\\/01\\\/albufeira-racenature-despede-se-ate-ao-proximo-ano-com-record-de-participantes-a-nivel-nacional-e-internacional\\\/desporto\\\/20\\\/39\\\/\"},\"wordCount\":738,\"publisher\":{\"@id\":\"https:\\\/\\\/algarve7.pt\\\/#organization\"},\"image\":{\"@id\":\"https:\\\/\\\/algarve7.pt\\\/index.php\\\/2023\\\/01\\\/albufeira-racenature-despede-se-ate-ao-proximo-ano-com-record-de-participantes-a-nivel-nacional-e-internacional\\\/desporto\\\/20\\\/39\\\/#primaryimage\"},\"thumbnailUrl\":\"https:\\\/\\\/algarve7.pt\\\/wp-content\\\/uploads\\\/2023\\\/01\\\/Captura-de-ecra-2023-01-31-as-20.36.02.png\",\"keywords\":[\"Albufeira\",\"Algarve\",\"Desporto\",\"Race Nature Albufeira\u201923\"],\"articleSection\":[\"Desporto\"],\"inLanguage\":\"pt-PT\"},{\"@type\":\"WebPage\",\"@id\":\"https:\\\/\\\/algarve7.pt\\\/index.php\\\/2023\\\/01\\\/albufeira-racenature-despede-se-ate-ao-proximo-ano-com-record-de-participantes-a-nivel-nacional-e-internacional\\\/desporto\\\/20\\\/39\\\/\",\"url\":\"https:\\\/\\\/algarve7.pt\\\/index.php\\\/2023\\\/01\\\/albufeira-racenature-despede-se-ate-ao-proximo-ano-com-record-de-participantes-a-nivel-nacional-e-internacional\\\/desporto\\\/20\\\/39\\\/\",\"name\":\"Albufeira Racenature despede-se at\u00e9 ao pr\u00f3ximo ano com record de participantes a n\u00edvel nacional e internacional - Algarve 7\",\"isPartOf\":{\"@id\":\"https:\\\/\\\/algarve7.pt\\\/#website\"},\"primaryImageOfPage\":{\"@id\":\"https:\\\/\\\/algarve7.pt\\\/index.php\\\/2023\\\/01\\\/albufeira-racenature-despede-se-ate-ao-proximo-ano-com-record-de-participantes-a-nivel-nacional-e-internacional\\\/desporto\\\/20\\\/39\\\/#primaryimage\"},\"image\":{\"@id\":\"https:\\\/\\\/algarve7.pt\\\/index.php\\\/2023\\\/01\\\/albufeira-racenature-despede-se-ate-ao-proximo-ano-com-record-de-participantes-a-nivel-nacional-e-internacional\\\/desporto\\\/20\\\/39\\\/#primaryimage\"},\"thumbnailUrl\":\"https:\\\/\\\/algarve7.pt\\\/wp-content\\\/uploads\\\/2023\\\/01\\\/Captura-de-ecra-2023-01-31-as-20.36.02.png\",\"datePublished\":\"2023-01-31T20:39:48+00:00\",\"dateModified\":\"2023-01-31T20:39:51+00:00\",\"description\":\"Albufeira Racenature despede-se at\u00e9 ao pr\u00f3ximo ano com record de participantes a n\u00edvel nacional e internacional Desporto\",\"breadcrumb\":{\"@id\":\"https:\\\/\\\/algarve7.pt\\\/index.php\\\/2023\\\/01\\\/albufeira-racenature-despede-se-ate-ao-proximo-ano-com-record-de-participantes-a-nivel-nacional-e-internacional\\\/desporto\\\/20\\\/39\\\/#breadcrumb\"},\"inLanguage\":\"pt-PT\",\"potentialAction\":[{\"@type\":\"ReadAction\",\"target\":[\"https:\\\/\\\/algarve7.pt\\\/index.php\\\/2023\\\/01\\\/albufeira-racenature-despede-se-ate-ao-proximo-ano-com-record-de-participantes-a-nivel-nacional-e-internacional\\\/desporto\\\/20\\\/39\\\/\"]}]},{\"@type\":\"ImageObject\",\"inLanguage\":\"pt-PT\",\"@id\":\"https:\\\/\\\/algarve7.pt\\\/index.php\\\/2023\\\/01\\\/albufeira-racenature-despede-se-ate-ao-proximo-ano-com-record-de-participantes-a-nivel-nacional-e-internacional\\\/desporto\\\/20\\\/39\\\/#primaryimage\",\"url\":\"https:\\\/\\\/algarve7.pt\\\/wp-content\\\/uploads\\\/2023\\\/01\\\/Captura-de-ecra-2023-01-31-as-20.36.02.png\",\"contentUrl\":\"https:\\\/\\\/algarve7.pt\\\/wp-content\\\/uploads\\\/2023\\\/01\\\/Captura-de-ecra-2023-01-31-as-20.36.02.png\",\"width\":1024,\"height\":677},{\"@type\":\"BreadcrumbList\",\"@id\":\"https:\\\/\\\/algarve7.pt\\\/index.php\\\/2023\\\/01\\\/albufeira-racenature-despede-se-ate-ao-proximo-ano-com-record-de-participantes-a-nivel-nacional-e-internacional\\\/desporto\\\/20\\\/39\\\/#breadcrumb\",\"itemListElement\":[{\"@type\":\"ListItem\",\"position\":1,\"name\":\"In\u00edcio\",\"item\":\"https:\\\/\\\/algarve7.pt\\\/\"},{\"@type\":\"ListItem\",\"position\":2,\"name\":\"Albufeira Racenature despede-se at\u00e9 ao pr\u00f3ximo ano com record de participantes a n\u00edvel nacional e internacional\"}]},{\"@type\":\"WebSite\",\"@id\":\"https:\\\/\\\/algarve7.pt\\\/#website\",\"url\":\"https:\\\/\\\/algarve7.pt\\\/\",\"name\":\"Algarve 7\",\"description\":\"Informa\u00e7\u00e3o sobre o Algarve\",\"publisher\":{\"@id\":\"https:\\\/\\\/algarve7.pt\\\/#organization\"},\"potentialAction\":[{\"@type\":\"SearchAction\",\"target\":{\"@type\":\"EntryPoint\",\"urlTemplate\":\"https:\\\/\\\/algarve7.pt\\\/?s={search_term_string}\"},\"query-input\":{\"@type\":\"PropertyValueSpecification\",\"valueRequired\":true,\"valueName\":\"search_term_string\"}}],\"inLanguage\":\"pt-PT\"},{\"@type\":\"Organization\",\"@id\":\"https:\\\/\\\/algarve7.pt\\\/#organization\",\"name\":\"Algarve 7\",\"url\":\"https:\\\/\\\/algarve7.pt\\\/\",\"logo\":{\"@type\":\"ImageObject\",\"inLanguage\":\"pt-PT\",\"@id\":\"https:\\\/\\\/algarve7.pt\\\/#\\\/schema\\\/logo\\\/image\\\/\",\"url\":\"https:\\\/\\\/algarve7.pt\\\/wp-content\\\/uploads\\\/2020\\\/10\\\/Logo-8.jpg\",\"contentUrl\":\"https:\\\/\\\/algarve7.pt\\\/wp-content\\\/uploads\\\/2020\\\/10\\\/Logo-8.jpg\",\"width\":1680,\"height\":1186,\"caption\":\"Algarve 7\"},\"image\":{\"@id\":\"https:\\\/\\\/algarve7.pt\\\/#\\\/schema\\\/logo\\\/image\\\/\"},\"sameAs\":[\"https:\\\/\\\/www.facebook.com\\\/algarve7\",\"https:\\\/\\\/x.com\\\/Algarvesete\",\"https:\\\/\\\/www.instagram.com\\\/jornalalgarve7\\\/\",\"https:\\\/\\\/www.linkedin.com\\\/company\\\/algarve7\",\"https:\\\/\\\/www.pinterest.pt\\\/geral0939\\\/_created\\\/\"]},{\"@type\":\"Person\",\"@id\":\"https:\\\/\\\/algarve7.pt\\\/#\\\/schema\\\/person\\\/23fa70681308e7b319a3204bcea45e0c\",\"name\":\"Algarve 7\",\"sameAs\":[\"https:\\\/\\\/algarve7.pt\",\"https:\\\/\\\/www.facebook.com\\\/algarve7\"],\"url\":\"https:\\\/\\\/algarve7.pt\\\/index.php\\\/author\\\/geralalgarve7-pt\\\/\"}]}<\/script>\n<!-- \/ Yoast SEO plugin. -->","yoast_head_json":{"title":"Albufeira Racenature despede-se at\u00e9 ao pr\u00f3ximo ano com record de participantes a n\u00edvel nacional e internacional - Algarve 7","description":"Albufeira Racenature despede-se at\u00e9 ao pr\u00f3ximo ano com record de participantes a n\u00edvel nacional e internacional Desporto","robots":{"index":"index","follow":"follow","max-snippet":"max-snippet:-1","max-image-preview":"max-image-preview:large","max-video-preview":"max-video-preview:-1"},"canonical":"https:\/\/algarve7.pt\/index.php\/2023\/01\/albufeira-racenature-despede-se-ate-ao-proximo-ano-com-record-de-participantes-a-nivel-nacional-e-internacional\/desporto\/20\/39\/","og_locale":"pt_PT","og_type":"article","og_title":"Albufeira Racenature despede-se at\u00e9 ao pr\u00f3ximo ano com record de participantes a n\u00edvel nacional e internacional - Algarve 7","og_description":"Albufeira Racenature despede-se at\u00e9 ao pr\u00f3ximo ano com record de participantes a n\u00edvel nacional e internacional Desporto","og_url":"https:\/\/algarve7.pt\/index.php\/2023\/01\/albufeira-racenature-despede-se-ate-ao-proximo-ano-com-record-de-participantes-a-nivel-nacional-e-internacional\/desporto\/20\/39\/","og_site_name":"Algarve 7","article_publisher":"https:\/\/www.facebook.com\/algarve7","article_author":"https:\/\/www.facebook.com\/algarve7","article_published_time":"2023-01-31T20:39:48+00:00","article_modified_time":"2023-01-31T20:39:51+00:00","og_image":[{"width":1024,"height":677,"url":"https:\/\/algarve7.pt\/wp-content\/uploads\/2023\/01\/Captura-de-ecra-2023-01-31-as-20.36.02.png","type":"image\/png"}],"author":"Algarve 7","twitter_card":"summary_large_image","twitter_creator":"@Algarvesete","twitter_site":"@Algarvesete","twitter_misc":{"Escrito por":"Algarve 7","Tempo estimado de leitura":"4 minutos"},"schema":{"@context":"https:\/\/schema.org","@graph":[{"@type":"Article","@id":"https:\/\/algarve7.pt\/index.php\/2023\/01\/albufeira-racenature-despede-se-ate-ao-proximo-ano-com-record-de-participantes-a-nivel-nacional-e-internacional\/desporto\/20\/39\/#article","isPartOf":{"@id":"https:\/\/algarve7.pt\/index.php\/2023\/01\/albufeira-racenature-despede-se-ate-ao-proximo-ano-com-record-de-participantes-a-nivel-nacional-e-internacional\/desporto\/20\/39\/"},"author":{"name":"Algarve 7","@id":"https:\/\/algarve7.pt\/#\/schema\/person\/23fa70681308e7b319a3204bcea45e0c"},"headline":"Albufeira Racenature despede-se at\u00e9 ao pr\u00f3ximo ano com record de participantes a n\u00edvel nacional e internacional","datePublished":"2023-01-31T20:39:48+00:00","dateModified":"2023-01-31T20:39:51+00:00","mainEntityOfPage":{"@id":"https:\/\/algarve7.pt\/index.php\/2023\/01\/albufeira-racenature-despede-se-ate-ao-proximo-ano-com-record-de-participantes-a-nivel-nacional-e-internacional\/desporto\/20\/39\/"},"wordCount":738,"publisher":{"@id":"https:\/\/algarve7.pt\/#organization"},"image":{"@id":"https:\/\/algarve7.pt\/index.php\/2023\/01\/albufeira-racenature-despede-se-ate-ao-proximo-ano-com-record-de-participantes-a-nivel-nacional-e-internacional\/desporto\/20\/39\/#primaryimage"},"thumbnailUrl":"https:\/\/algarve7.pt\/wp-content\/uploads\/2023\/01\/Captura-de-ecra-2023-01-31-as-20.36.02.png","keywords":["Albufeira","Algarve","Desporto","Race Nature Albufeira\u201923"],"articleSection":["Desporto"],"inLanguage":"pt-PT"},{"@type":"WebPage","@id":"https:\/\/algarve7.pt\/index.php\/2023\/01\/albufeira-racenature-despede-se-ate-ao-proximo-ano-com-record-de-participantes-a-nivel-nacional-e-internacional\/desporto\/20\/39\/","url":"https:\/\/algarve7.pt\/index.php\/2023\/01\/albufeira-racenature-despede-se-ate-ao-proximo-ano-com-record-de-participantes-a-nivel-nacional-e-internacional\/desporto\/20\/39\/","name":"Albufeira Racenature despede-se at\u00e9 ao pr\u00f3ximo ano com record de participantes a n\u00edvel nacional e internacional - Algarve 7","isPartOf":{"@id":"https:\/\/algarve7.pt\/#website"},"primaryImageOfPage":{"@id":"https:\/\/algarve7.pt\/index.php\/2023\/01\/albufeira-racenature-despede-se-ate-ao-proximo-ano-com-record-de-participantes-a-nivel-nacional-e-internacional\/desporto\/20\/39\/#primaryimage"},"image":{"@id":"https:\/\/algarve7.pt\/index.php\/2023\/01\/albufeira-racenature-despede-se-ate-ao-proximo-ano-com-record-de-participantes-a-nivel-nacional-e-internacional\/desporto\/20\/39\/#primaryimage"},"thumbnailUrl":"https:\/\/algarve7.pt\/wp-content\/uploads\/2023\/01\/Captura-de-ecra-2023-01-31-as-20.36.02.png","datePublished":"2023-01-31T20:39:48+00:00","dateModified":"2023-01-31T20:39:51+00:00","description":"Albufeira Racenature despede-se at\u00e9 ao pr\u00f3ximo ano com record de participantes a n\u00edvel nacional e internacional Desporto","breadcrumb":{"@id":"https:\/\/algarve7.pt\/index.php\/2023\/01\/albufeira-racenature-despede-se-ate-ao-proximo-ano-com-record-de-participantes-a-nivel-nacional-e-internacional\/desporto\/20\/39\/#breadcrumb"},"inLanguage":"pt-PT","potentialAction":[{"@type":"ReadAction","target":["https:\/\/algarve7.pt\/index.php\/2023\/01\/albufeira-racenature-despede-se-ate-ao-proximo-ano-com-record-de-participantes-a-nivel-nacional-e-internacional\/desporto\/20\/39\/"]}]},{"@type":"ImageObject","inLanguage":"pt-PT","@id":"https:\/\/algarve7.pt\/index.php\/2023\/01\/albufeira-racenature-despede-se-ate-ao-proximo-ano-com-record-de-participantes-a-nivel-nacional-e-internacional\/desporto\/20\/39\/#primaryimage","url":"https:\/\/algarve7.pt\/wp-content\/uploads\/2023\/01\/Captura-de-ecra-2023-01-31-as-20.36.02.png","contentUrl":"https:\/\/algarve7.pt\/wp-content\/uploads\/2023\/01\/Captura-de-ecra-2023-01-31-as-20.36.02.png","width":1024,"height":677},{"@type":"BreadcrumbList","@id":"https:\/\/algarve7.pt\/index.php\/2023\/01\/albufeira-racenature-despede-se-ate-ao-proximo-ano-com-record-de-participantes-a-nivel-nacional-e-internacional\/desporto\/20\/39\/#breadcrumb","itemListElement":[{"@type":"ListItem","position":1,"name":"In\u00edcio","item":"https:\/\/algarve7.pt\/"},{"@type":"ListItem","position":2,"name":"Albufeira Racenature despede-se at\u00e9 ao pr\u00f3ximo ano com record de participantes a n\u00edvel nacional e internacional"}]},{"@type":"WebSite","@id":"https:\/\/algarve7.pt\/#website","url":"https:\/\/algarve7.pt\/","name":"Algarve 7","description":"Informa\u00e7\u00e3o sobre o Algarve","publisher":{"@id":"https:\/\/algarve7.pt\/#organization"},"potentialAction":[{"@type":"SearchAction","target":{"@type":"EntryPoint","urlTemplate":"https:\/\/algarve7.pt\/?s={search_term_string}"},"query-input":{"@type":"PropertyValueSpecification","valueRequired":true,"valueName":"search_term_string"}}],"inLanguage":"pt-PT"},{"@type":"Organization","@id":"https:\/\/algarve7.pt\/#organization","name":"Algarve 7","url":"https:\/\/algarve7.pt\/","logo":{"@type":"ImageObject","inLanguage":"pt-PT","@id":"https:\/\/algarve7.pt\/#\/schema\/logo\/image\/","url":"https:\/\/algarve7.pt\/wp-content\/uploads\/2020\/10\/Logo-8.jpg","contentUrl":"https:\/\/algarve7.pt\/wp-content\/uploads\/2020\/10\/Logo-8.jpg","width":1680,"height":1186,"caption":"Algarve 7"},"image":{"@id":"https:\/\/algarve7.pt\/#\/schema\/logo\/image\/"},"sameAs":["https:\/\/www.facebook.com\/algarve7","https:\/\/x.com\/Algarvesete","https:\/\/www.instagram.com\/jornalalgarve7\/","https:\/\/www.linkedin.com\/company\/algarve7","https:\/\/www.pinterest.pt\/geral0939\/_created\/"]},{"@type":"Person","@id":"https:\/\/algarve7.pt\/#\/schema\/person\/23fa70681308e7b319a3204bcea45e0c","name":"Algarve 7","sameAs":["https:\/\/algarve7.pt","https:\/\/www.facebook.com\/algarve7"],"url":"https:\/\/algarve7.pt\/index.php\/author\/geralalgarve7-pt\/"}]}},"jetpack_publicize_connections":[],"jetpack_featured_media_url":"https:\/\/algarve7.pt\/wp-content\/uploads\/2023\/01\/Captura-de-ecra-2023-01-31-as-20.36.02.png","jetpack_shortlink":"https:\/\/wp.me\/pcezmW-6zb","jetpack_sharing_enabled":true,"_links":{"self":[{"href":"https:\/\/algarve7.pt\/index.php\/wp-json\/wp\/v2\/posts\/25245","targetHints":{"allow":["GET"]}}],"collection":[{"href":"https:\/\/algarve7.pt\/index.php\/wp-json\/wp\/v2\/posts"}],"about":[{"href":"https:\/\/algarve7.pt\/index.php\/wp-json\/wp\/v2\/types\/post"}],"author":[{"embeddable":true,"href":"https:\/\/algarve7.pt\/index.php\/wp-json\/wp\/v2\/users\/1"}],"replies":[{"embeddable":true,"href":"https:\/\/algarve7.pt\/index.php\/wp-json\/wp\/v2\/comments?post=25245"}],"version-history":[{"count":0,"href":"https:\/\/algarve7.pt\/index.php\/wp-json\/wp\/v2\/posts\/25245\/revisions"}],"wp:featuredmedia":[{"embeddable":true,"href":"https:\/\/algarve7.pt\/index.php\/wp-json\/wp\/v2\/media\/25246"}],"wp:attachment":[{"href":"https:\/\/algarve7.pt\/index.php\/wp-json\/wp\/v2\/media?parent=25245"}],"wp:term":[{"taxonomy":"category","embeddable":true,"href":"https:\/\/algarve7.pt\/index.php\/wp-json\/wp\/v2\/categories?post=25245"},{"taxonomy":"post_tag","embeddable":true,"href":"https:\/\/algarve7.pt\/index.php\/wp-json\/wp\/v2\/tags?post=25245"}],"curies":[{"name":"wp","href":"https:\/\/api.w.org\/{rel}","templated":true}]}}