{"id":25226,"date":"2023-02-01T09:15:00","date_gmt":"2023-02-01T09:15:00","guid":{"rendered":"https:\/\/algarve7.pt\/?p=25226"},"modified":"2023-01-31T19:31:04","modified_gmt":"2023-01-31T19:31:04","slug":"open-internacional-de-tenis-traz-centenas-de-adeptos-da-modalidade-a-vrsa","status":"publish","type":"post","link":"https:\/\/algarve7.pt\/index.php\/2023\/02\/open-internacional-de-tenis-traz-centenas-de-adeptos-da-modalidade-a-vrsa\/desporto\/09\/15\/","title":{"rendered":"Open internacional de t\u00e9nis traz centenas de adeptos da modalidade a VRSA"},"content":{"rendered":"\n<p>O munic\u00edpio de Vila Real de Santo Ant\u00f3nio e o Clube de T\u00e9nis de VRSA apresentaram, esta ter\u00e7a-feira, o Open Internacional de T\u00e9nis de Vila Real de Santo Ant\u00f3nio, torneio que ir\u00e1 realizar-se entre os dias 5 e 19 de fevereiro e ir\u00e1 reunir centenas de adeptos da modalidade.<\/p>\n\n\n\n<p>Marcaram presen\u00e7a na sess\u00e3o de apresenta\u00e7\u00e3o o presidente da C\u00e2mara Municipal de VRSA, \u00c1lvaro Ara\u00fajo, o vice-presidente da C\u00e2mara Municipal de VRSA, Ricardo Cipriano, o vereador com o pelouro do Desporto e Juventude, \u00c1lvaro Leal, o presidente do Clube de T\u00e9nis de VRSA, Joaquim Ribeiro, e o t\u00e9cnico do Clube de T\u00e9nis de VRSA, V\u00edtor Palma.<\/p>\n\n\n\n<p>Para o presidente da autarquia, \u00c1lvaro Ara\u00fajo, este torneio representa o regresso dos grandes eventos desportivos a Vila Real de Santo Ant\u00f3nio, embora a sua escolha tenha sido criteriosa, dado o volume de investimento envolvido.<\/p>\n\n\n\n<p>\u00abSabemos que o munic\u00edpio passa por dificuldades financeiras e, por isso, temos que ser muito rigorosos nos crit\u00e9rios de sele\u00e7\u00e3o. Este \u00e9, contudo, um evento que &#8211; em \u00e9poca baixa &#8211; ir\u00e1 trazer prest\u00edgio ao Clube de T\u00e9nis, ao Complexo Desportivo e ao concelho, pelo que ser\u00e1 apoiado pela taxa tur\u00edstica\u00bb, frisou.<\/p>\n\n\n\n<p>\u00c1lvaro Leal, vereador com o pelouro do Desporto e Juventude, considerou que \u00abo Open est\u00e1 inserido na estrat\u00e9gia de turismo e desporto do concelho e ir\u00e1 trazer notoriedade \u00e0 cidade atrav\u00e9s do regresso de grandes profissionais e da pr\u00e1tica da modalidade ao mais alto n\u00edvel em dois torneios simult\u00e2neos\u00bb, inseridos no calend\u00e1rio da Federa\u00e7\u00e3o Internacional de T\u00e9nis &#8211; ITF World Tennis Tour.<\/p>\n\n\n\n<p>Ricardo Cipriano, vice-presidente da C\u00e2mara Municipal de VRSA, refor\u00e7a a ideia de que \u00abesta prova \u00e9 um bom exemplo da aplica\u00e7\u00e3o da taxa tur\u00edstica\u00bb e afirma que este mecanismo de financiamento ir\u00e1 apoiar, este ano, outras iniciativas de natureza cultural e l\u00fadica.<\/p>\n\n\n\n<p>J\u00e1 o presidente do Clube de T\u00e9nis de VRSA, Joaquim Ribeiro, agradeceu ao executivo da autarquia pelo apoio prestado ao evento que recebeu centenas de inscri\u00e7\u00f5es e j\u00e1 tem atletas em lista de espera.<\/p>\n\n\n\n<p>\u00abNeste in\u00edcio de temporada, vamos receber cerca de 100 jogadores profissionais, de 35 nacionalidades diferentes, em busca de pontos que lhes permitam subir no ranking e vir a integrar provas cada vez mais importantes\u00bb, afirmou, por seu turno, V\u00edtor Palma, t\u00e9cnico e treinador do Clube de T\u00e9nis de VRSA.<\/p>\n\n\n\n<p>Em destaque est\u00e3o as presen\u00e7as de grandes desportistas da modalidade como o portugu\u00eas Gon\u00e7alo Oliveira, o franc\u00eas Valentin Vacherot, cabe\u00e7a de s\u00e9rie na sua categoria, e o checo Dominik Kellovsky, uma das grandes promessas do t\u00e9nis.<\/p>\n\n\n\n<p>Tendo em considera\u00e7\u00e3o o alto n\u00edvel competitivo, s\u00e3o esperadas centenas de pessoas nos <em>courts<\/em> de t\u00e9nis para assistir aos dois torneios. Entre atletas, <em>staff<\/em> e comitiva s\u00e3o esperadas mais de 700 pessoas, contribuindo para as boas taxas de ocupa\u00e7\u00e3o hoteleira e para a dinamiza\u00e7\u00e3o da economia local.<\/p>\n\n\n\n<p>Todos os campos onde ir\u00e3o decorrer os jogos foram alvo de renova\u00e7\u00e3o do piso e da melhoria das infraestruturas, medidas necess\u00e1rias para se poder desfrutar do t\u00e9nis ao mais alto n\u00edvel.<\/p>\n\n\n\n<p>O Open Internacional de VRSA \u00e9 uma coorganiza\u00e7\u00e3o do Clube de T\u00e9nis de VRSA, da C\u00e2mara Municipal de VRSA e da Federa\u00e7\u00e3o Portuguesa de T\u00e9nis, contando com um vasto leque de patrocinadores.<\/p>\n\n\n\n<p>Todos os jogos t\u00eam entrada livre.<\/p>\n","protected":false},"excerpt":{"rendered":"<p>O munic\u00edpio de Vila Real de Santo Ant\u00f3nio e o Clube de T\u00e9nis de VRSA apresentaram, esta ter\u00e7a-feira, o Open<\/p>\n","protected":false},"author":1,"featured_media":25227,"comment_status":"closed","ping_status":"open","sticky":false,"template":"","format":"standard","meta":{"colormag_page_container_layout":"default_layout","colormag_page_sidebar_layout":"default_layout","_monsterinsights_skip_tracking":false,"_monsterinsights_sitenote_active":false,"_monsterinsights_sitenote_note":"","_monsterinsights_sitenote_category":0,"jetpack_post_was_ever_published":false,"_jetpack_newsletter_access":"","_jetpack_dont_email_post_to_subs":false,"_jetpack_newsletter_tier_id":0,"_jetpack_memberships_contains_paywalled_content":false,"_jetpack_memberships_contains_paid_content":false,"footnotes":"","jetpack_publicize_message":"","jetpack_publicize_feature_enabled":true,"jetpack_social_post_already_shared":true,"jetpack_social_options":{"image_generator_settings":{"template":"highway","default_image_id":0,"font":"","enabled":false},"version":2}},"categories":[15],"tags":[36,40,458,123],"class_list":["post-25226","post","type-post","status-publish","format-standard","has-post-thumbnail","hentry","category-desporto","tag-algarve","tag-desporto","tag-tenis-2","tag-vila-real-de-sto-antonio"],"yoast_head":"<!-- This site is optimized with the Yoast SEO plugin v27.5 - https:\/\/yoast.com\/product\/yoast-seo-wordpress\/ -->\n<title>Open internacional de t\u00e9nis traz centenas de adeptos da modalidade a VRSA - Algarve 7<\/title>\n<meta name=\"description\" content=\"Open internacional de t\u00e9nis traz centenas de adeptos da modalidade a VRSA Desporto\" \/>\n<meta name=\"robots\" content=\"index, follow, max-snippet:-1, max-image-preview:large, max-video-preview:-1\" \/>\n<link rel=\"canonical\" href=\"https:\/\/algarve7.pt\/index.php\/2023\/02\/open-internacional-de-tenis-traz-centenas-de-adeptos-da-modalidade-a-vrsa\/desporto\/09\/15\/\" \/>\n<meta property=\"og:locale\" content=\"pt_PT\" \/>\n<meta property=\"og:type\" content=\"article\" \/>\n<meta property=\"og:title\" content=\"Open internacional de t\u00e9nis traz centenas de adeptos da modalidade a VRSA - Algarve 7\" \/>\n<meta property=\"og:description\" content=\"Open internacional de t\u00e9nis traz centenas de adeptos da modalidade a VRSA Desporto\" \/>\n<meta property=\"og:url\" content=\"https:\/\/algarve7.pt\/index.php\/2023\/02\/open-internacional-de-tenis-traz-centenas-de-adeptos-da-modalidade-a-vrsa\/desporto\/09\/15\/\" \/>\n<meta property=\"og:site_name\" content=\"Algarve 7\" \/>\n<meta property=\"article:publisher\" content=\"https:\/\/www.facebook.com\/algarve7\" \/>\n<meta property=\"article:author\" content=\"https:\/\/www.facebook.com\/algarve7\" \/>\n<meta property=\"article:published_time\" content=\"2023-02-01T09:15:00+00:00\" \/>\n<meta property=\"og:image\" content=\"https:\/\/algarve7.pt\/wp-content\/uploads\/2023\/01\/Apresentacao_Open-Internacional-de-Tenis-de-VRSA-2.jpg\" \/>\n\t<meta property=\"og:image:width\" content=\"1024\" \/>\n\t<meta property=\"og:image:height\" content=\"683\" \/>\n\t<meta property=\"og:image:type\" content=\"image\/jpeg\" \/>\n<meta name=\"author\" content=\"Algarve 7\" \/>\n<meta name=\"twitter:card\" content=\"summary_large_image\" \/>\n<meta name=\"twitter:creator\" content=\"@Algarvesete\" \/>\n<meta name=\"twitter:site\" content=\"@Algarvesete\" \/>\n<meta name=\"twitter:label1\" content=\"Escrito por\" \/>\n\t<meta name=\"twitter:data1\" content=\"Algarve 7\" \/>\n\t<meta name=\"twitter:label2\" content=\"Tempo estimado de leitura\" \/>\n\t<meta name=\"twitter:data2\" content=\"3 minutos\" \/>\n<script type=\"application\/ld+json\" class=\"yoast-schema-graph\">{\"@context\":\"https:\\\/\\\/schema.org\",\"@graph\":[{\"@type\":\"Article\",\"@id\":\"https:\\\/\\\/algarve7.pt\\\/index.php\\\/2023\\\/02\\\/open-internacional-de-tenis-traz-centenas-de-adeptos-da-modalidade-a-vrsa\\\/desporto\\\/09\\\/15\\\/#article\",\"isPartOf\":{\"@id\":\"https:\\\/\\\/algarve7.pt\\\/index.php\\\/2023\\\/02\\\/open-internacional-de-tenis-traz-centenas-de-adeptos-da-modalidade-a-vrsa\\\/desporto\\\/09\\\/15\\\/\"},\"author\":{\"name\":\"Algarve 7\",\"@id\":\"https:\\\/\\\/algarve7.pt\\\/#\\\/schema\\\/person\\\/23fa70681308e7b319a3204bcea45e0c\"},\"headline\":\"Open internacional de t\u00e9nis traz centenas de adeptos da modalidade a VRSA\",\"datePublished\":\"2023-02-01T09:15:00+00:00\",\"mainEntityOfPage\":{\"@id\":\"https:\\\/\\\/algarve7.pt\\\/index.php\\\/2023\\\/02\\\/open-internacional-de-tenis-traz-centenas-de-adeptos-da-modalidade-a-vrsa\\\/desporto\\\/09\\\/15\\\/\"},\"wordCount\":604,\"publisher\":{\"@id\":\"https:\\\/\\\/algarve7.pt\\\/#organization\"},\"image\":{\"@id\":\"https:\\\/\\\/algarve7.pt\\\/index.php\\\/2023\\\/02\\\/open-internacional-de-tenis-traz-centenas-de-adeptos-da-modalidade-a-vrsa\\\/desporto\\\/09\\\/15\\\/#primaryimage\"},\"thumbnailUrl\":\"https:\\\/\\\/algarve7.pt\\\/wp-content\\\/uploads\\\/2023\\\/01\\\/Apresentacao_Open-Internacional-de-Tenis-de-VRSA-2.jpg\",\"keywords\":[\"Algarve\",\"Desporto\",\"Tenis\",\"Vila Real de St\u00ba Ant\u00f3nio\"],\"articleSection\":[\"Desporto\"],\"inLanguage\":\"pt-PT\"},{\"@type\":\"WebPage\",\"@id\":\"https:\\\/\\\/algarve7.pt\\\/index.php\\\/2023\\\/02\\\/open-internacional-de-tenis-traz-centenas-de-adeptos-da-modalidade-a-vrsa\\\/desporto\\\/09\\\/15\\\/\",\"url\":\"https:\\\/\\\/algarve7.pt\\\/index.php\\\/2023\\\/02\\\/open-internacional-de-tenis-traz-centenas-de-adeptos-da-modalidade-a-vrsa\\\/desporto\\\/09\\\/15\\\/\",\"name\":\"Open internacional de t\u00e9nis traz centenas de adeptos da modalidade a VRSA - Algarve 7\",\"isPartOf\":{\"@id\":\"https:\\\/\\\/algarve7.pt\\\/#website\"},\"primaryImageOfPage\":{\"@id\":\"https:\\\/\\\/algarve7.pt\\\/index.php\\\/2023\\\/02\\\/open-internacional-de-tenis-traz-centenas-de-adeptos-da-modalidade-a-vrsa\\\/desporto\\\/09\\\/15\\\/#primaryimage\"},\"image\":{\"@id\":\"https:\\\/\\\/algarve7.pt\\\/index.php\\\/2023\\\/02\\\/open-internacional-de-tenis-traz-centenas-de-adeptos-da-modalidade-a-vrsa\\\/desporto\\\/09\\\/15\\\/#primaryimage\"},\"thumbnailUrl\":\"https:\\\/\\\/algarve7.pt\\\/wp-content\\\/uploads\\\/2023\\\/01\\\/Apresentacao_Open-Internacional-de-Tenis-de-VRSA-2.jpg\",\"datePublished\":\"2023-02-01T09:15:00+00:00\",\"description\":\"Open internacional de t\u00e9nis traz centenas de adeptos da modalidade a VRSA Desporto\",\"breadcrumb\":{\"@id\":\"https:\\\/\\\/algarve7.pt\\\/index.php\\\/2023\\\/02\\\/open-internacional-de-tenis-traz-centenas-de-adeptos-da-modalidade-a-vrsa\\\/desporto\\\/09\\\/15\\\/#breadcrumb\"},\"inLanguage\":\"pt-PT\",\"potentialAction\":[{\"@type\":\"ReadAction\",\"target\":[\"https:\\\/\\\/algarve7.pt\\\/index.php\\\/2023\\\/02\\\/open-internacional-de-tenis-traz-centenas-de-adeptos-da-modalidade-a-vrsa\\\/desporto\\\/09\\\/15\\\/\"]}]},{\"@type\":\"ImageObject\",\"inLanguage\":\"pt-PT\",\"@id\":\"https:\\\/\\\/algarve7.pt\\\/index.php\\\/2023\\\/02\\\/open-internacional-de-tenis-traz-centenas-de-adeptos-da-modalidade-a-vrsa\\\/desporto\\\/09\\\/15\\\/#primaryimage\",\"url\":\"https:\\\/\\\/algarve7.pt\\\/wp-content\\\/uploads\\\/2023\\\/01\\\/Apresentacao_Open-Internacional-de-Tenis-de-VRSA-2.jpg\",\"contentUrl\":\"https:\\\/\\\/algarve7.pt\\\/wp-content\\\/uploads\\\/2023\\\/01\\\/Apresentacao_Open-Internacional-de-Tenis-de-VRSA-2.jpg\",\"width\":1024,\"height\":683},{\"@type\":\"BreadcrumbList\",\"@id\":\"https:\\\/\\\/algarve7.pt\\\/index.php\\\/2023\\\/02\\\/open-internacional-de-tenis-traz-centenas-de-adeptos-da-modalidade-a-vrsa\\\/desporto\\\/09\\\/15\\\/#breadcrumb\",\"itemListElement\":[{\"@type\":\"ListItem\",\"position\":1,\"name\":\"In\u00edcio\",\"item\":\"https:\\\/\\\/algarve7.pt\\\/\"},{\"@type\":\"ListItem\",\"position\":2,\"name\":\"Open internacional de t\u00e9nis traz centenas de adeptos da modalidade a VRSA\"}]},{\"@type\":\"WebSite\",\"@id\":\"https:\\\/\\\/algarve7.pt\\\/#website\",\"url\":\"https:\\\/\\\/algarve7.pt\\\/\",\"name\":\"Algarve 7\",\"description\":\"Informa\u00e7\u00e3o sobre o Algarve\",\"publisher\":{\"@id\":\"https:\\\/\\\/algarve7.pt\\\/#organization\"},\"potentialAction\":[{\"@type\":\"SearchAction\",\"target\":{\"@type\":\"EntryPoint\",\"urlTemplate\":\"https:\\\/\\\/algarve7.pt\\\/?s={search_term_string}\"},\"query-input\":{\"@type\":\"PropertyValueSpecification\",\"valueRequired\":true,\"valueName\":\"search_term_string\"}}],\"inLanguage\":\"pt-PT\"},{\"@type\":\"Organization\",\"@id\":\"https:\\\/\\\/algarve7.pt\\\/#organization\",\"name\":\"Algarve 7\",\"url\":\"https:\\\/\\\/algarve7.pt\\\/\",\"logo\":{\"@type\":\"ImageObject\",\"inLanguage\":\"pt-PT\",\"@id\":\"https:\\\/\\\/algarve7.pt\\\/#\\\/schema\\\/logo\\\/image\\\/\",\"url\":\"https:\\\/\\\/algarve7.pt\\\/wp-content\\\/uploads\\\/2020\\\/10\\\/Logo-8.jpg\",\"contentUrl\":\"https:\\\/\\\/algarve7.pt\\\/wp-content\\\/uploads\\\/2020\\\/10\\\/Logo-8.jpg\",\"width\":1680,\"height\":1186,\"caption\":\"Algarve 7\"},\"image\":{\"@id\":\"https:\\\/\\\/algarve7.pt\\\/#\\\/schema\\\/logo\\\/image\\\/\"},\"sameAs\":[\"https:\\\/\\\/www.facebook.com\\\/algarve7\",\"https:\\\/\\\/x.com\\\/Algarvesete\",\"https:\\\/\\\/www.instagram.com\\\/jornalalgarve7\\\/\",\"https:\\\/\\\/www.linkedin.com\\\/company\\\/algarve7\",\"https:\\\/\\\/www.pinterest.pt\\\/geral0939\\\/_created\\\/\"]},{\"@type\":\"Person\",\"@id\":\"https:\\\/\\\/algarve7.pt\\\/#\\\/schema\\\/person\\\/23fa70681308e7b319a3204bcea45e0c\",\"name\":\"Algarve 7\",\"sameAs\":[\"https:\\\/\\\/algarve7.pt\",\"https:\\\/\\\/www.facebook.com\\\/algarve7\"],\"url\":\"https:\\\/\\\/algarve7.pt\\\/index.php\\\/author\\\/geralalgarve7-pt\\\/\"}]}<\/script>\n<!-- \/ Yoast SEO plugin. -->","yoast_head_json":{"title":"Open internacional de t\u00e9nis traz centenas de adeptos da modalidade a VRSA - Algarve 7","description":"Open internacional de t\u00e9nis traz centenas de adeptos da modalidade a VRSA Desporto","robots":{"index":"index","follow":"follow","max-snippet":"max-snippet:-1","max-image-preview":"max-image-preview:large","max-video-preview":"max-video-preview:-1"},"canonical":"https:\/\/algarve7.pt\/index.php\/2023\/02\/open-internacional-de-tenis-traz-centenas-de-adeptos-da-modalidade-a-vrsa\/desporto\/09\/15\/","og_locale":"pt_PT","og_type":"article","og_title":"Open internacional de t\u00e9nis traz centenas de adeptos da modalidade a VRSA - Algarve 7","og_description":"Open internacional de t\u00e9nis traz centenas de adeptos da modalidade a VRSA Desporto","og_url":"https:\/\/algarve7.pt\/index.php\/2023\/02\/open-internacional-de-tenis-traz-centenas-de-adeptos-da-modalidade-a-vrsa\/desporto\/09\/15\/","og_site_name":"Algarve 7","article_publisher":"https:\/\/www.facebook.com\/algarve7","article_author":"https:\/\/www.facebook.com\/algarve7","article_published_time":"2023-02-01T09:15:00+00:00","og_image":[{"width":1024,"height":683,"url":"https:\/\/algarve7.pt\/wp-content\/uploads\/2023\/01\/Apresentacao_Open-Internacional-de-Tenis-de-VRSA-2.jpg","type":"image\/jpeg"}],"author":"Algarve 7","twitter_card":"summary_large_image","twitter_creator":"@Algarvesete","twitter_site":"@Algarvesete","twitter_misc":{"Escrito por":"Algarve 7","Tempo estimado de leitura":"3 minutos"},"schema":{"@context":"https:\/\/schema.org","@graph":[{"@type":"Article","@id":"https:\/\/algarve7.pt\/index.php\/2023\/02\/open-internacional-de-tenis-traz-centenas-de-adeptos-da-modalidade-a-vrsa\/desporto\/09\/15\/#article","isPartOf":{"@id":"https:\/\/algarve7.pt\/index.php\/2023\/02\/open-internacional-de-tenis-traz-centenas-de-adeptos-da-modalidade-a-vrsa\/desporto\/09\/15\/"},"author":{"name":"Algarve 7","@id":"https:\/\/algarve7.pt\/#\/schema\/person\/23fa70681308e7b319a3204bcea45e0c"},"headline":"Open internacional de t\u00e9nis traz centenas de adeptos da modalidade a VRSA","datePublished":"2023-02-01T09:15:00+00:00","mainEntityOfPage":{"@id":"https:\/\/algarve7.pt\/index.php\/2023\/02\/open-internacional-de-tenis-traz-centenas-de-adeptos-da-modalidade-a-vrsa\/desporto\/09\/15\/"},"wordCount":604,"publisher":{"@id":"https:\/\/algarve7.pt\/#organization"},"image":{"@id":"https:\/\/algarve7.pt\/index.php\/2023\/02\/open-internacional-de-tenis-traz-centenas-de-adeptos-da-modalidade-a-vrsa\/desporto\/09\/15\/#primaryimage"},"thumbnailUrl":"https:\/\/algarve7.pt\/wp-content\/uploads\/2023\/01\/Apresentacao_Open-Internacional-de-Tenis-de-VRSA-2.jpg","keywords":["Algarve","Desporto","Tenis","Vila Real de St\u00ba Ant\u00f3nio"],"articleSection":["Desporto"],"inLanguage":"pt-PT"},{"@type":"WebPage","@id":"https:\/\/algarve7.pt\/index.php\/2023\/02\/open-internacional-de-tenis-traz-centenas-de-adeptos-da-modalidade-a-vrsa\/desporto\/09\/15\/","url":"https:\/\/algarve7.pt\/index.php\/2023\/02\/open-internacional-de-tenis-traz-centenas-de-adeptos-da-modalidade-a-vrsa\/desporto\/09\/15\/","name":"Open internacional de t\u00e9nis traz centenas de adeptos da modalidade a VRSA - Algarve 7","isPartOf":{"@id":"https:\/\/algarve7.pt\/#website"},"primaryImageOfPage":{"@id":"https:\/\/algarve7.pt\/index.php\/2023\/02\/open-internacional-de-tenis-traz-centenas-de-adeptos-da-modalidade-a-vrsa\/desporto\/09\/15\/#primaryimage"},"image":{"@id":"https:\/\/algarve7.pt\/index.php\/2023\/02\/open-internacional-de-tenis-traz-centenas-de-adeptos-da-modalidade-a-vrsa\/desporto\/09\/15\/#primaryimage"},"thumbnailUrl":"https:\/\/algarve7.pt\/wp-content\/uploads\/2023\/01\/Apresentacao_Open-Internacional-de-Tenis-de-VRSA-2.jpg","datePublished":"2023-02-01T09:15:00+00:00","description":"Open internacional de t\u00e9nis traz centenas de adeptos da modalidade a VRSA Desporto","breadcrumb":{"@id":"https:\/\/algarve7.pt\/index.php\/2023\/02\/open-internacional-de-tenis-traz-centenas-de-adeptos-da-modalidade-a-vrsa\/desporto\/09\/15\/#breadcrumb"},"inLanguage":"pt-PT","potentialAction":[{"@type":"ReadAction","target":["https:\/\/algarve7.pt\/index.php\/2023\/02\/open-internacional-de-tenis-traz-centenas-de-adeptos-da-modalidade-a-vrsa\/desporto\/09\/15\/"]}]},{"@type":"ImageObject","inLanguage":"pt-PT","@id":"https:\/\/algarve7.pt\/index.php\/2023\/02\/open-internacional-de-tenis-traz-centenas-de-adeptos-da-modalidade-a-vrsa\/desporto\/09\/15\/#primaryimage","url":"https:\/\/algarve7.pt\/wp-content\/uploads\/2023\/01\/Apresentacao_Open-Internacional-de-Tenis-de-VRSA-2.jpg","contentUrl":"https:\/\/algarve7.pt\/wp-content\/uploads\/2023\/01\/Apresentacao_Open-Internacional-de-Tenis-de-VRSA-2.jpg","width":1024,"height":683},{"@type":"BreadcrumbList","@id":"https:\/\/algarve7.pt\/index.php\/2023\/02\/open-internacional-de-tenis-traz-centenas-de-adeptos-da-modalidade-a-vrsa\/desporto\/09\/15\/#breadcrumb","itemListElement":[{"@type":"ListItem","position":1,"name":"In\u00edcio","item":"https:\/\/algarve7.pt\/"},{"@type":"ListItem","position":2,"name":"Open internacional de t\u00e9nis traz centenas de adeptos da modalidade a VRSA"}]},{"@type":"WebSite","@id":"https:\/\/algarve7.pt\/#website","url":"https:\/\/algarve7.pt\/","name":"Algarve 7","description":"Informa\u00e7\u00e3o sobre o Algarve","publisher":{"@id":"https:\/\/algarve7.pt\/#organization"},"potentialAction":[{"@type":"SearchAction","target":{"@type":"EntryPoint","urlTemplate":"https:\/\/algarve7.pt\/?s={search_term_string}"},"query-input":{"@type":"PropertyValueSpecification","valueRequired":true,"valueName":"search_term_string"}}],"inLanguage":"pt-PT"},{"@type":"Organization","@id":"https:\/\/algarve7.pt\/#organization","name":"Algarve 7","url":"https:\/\/algarve7.pt\/","logo":{"@type":"ImageObject","inLanguage":"pt-PT","@id":"https:\/\/algarve7.pt\/#\/schema\/logo\/image\/","url":"https:\/\/algarve7.pt\/wp-content\/uploads\/2020\/10\/Logo-8.jpg","contentUrl":"https:\/\/algarve7.pt\/wp-content\/uploads\/2020\/10\/Logo-8.jpg","width":1680,"height":1186,"caption":"Algarve 7"},"image":{"@id":"https:\/\/algarve7.pt\/#\/schema\/logo\/image\/"},"sameAs":["https:\/\/www.facebook.com\/algarve7","https:\/\/x.com\/Algarvesete","https:\/\/www.instagram.com\/jornalalgarve7\/","https:\/\/www.linkedin.com\/company\/algarve7","https:\/\/www.pinterest.pt\/geral0939\/_created\/"]},{"@type":"Person","@id":"https:\/\/algarve7.pt\/#\/schema\/person\/23fa70681308e7b319a3204bcea45e0c","name":"Algarve 7","sameAs":["https:\/\/algarve7.pt","https:\/\/www.facebook.com\/algarve7"],"url":"https:\/\/algarve7.pt\/index.php\/author\/geralalgarve7-pt\/"}]}},"jetpack_publicize_connections":[],"jetpack_featured_media_url":"https:\/\/algarve7.pt\/wp-content\/uploads\/2023\/01\/Apresentacao_Open-Internacional-de-Tenis-de-VRSA-2.jpg","jetpack_shortlink":"https:\/\/wp.me\/pcezmW-6yS","jetpack_sharing_enabled":true,"_links":{"self":[{"href":"https:\/\/algarve7.pt\/index.php\/wp-json\/wp\/v2\/posts\/25226","targetHints":{"allow":["GET"]}}],"collection":[{"href":"https:\/\/algarve7.pt\/index.php\/wp-json\/wp\/v2\/posts"}],"about":[{"href":"https:\/\/algarve7.pt\/index.php\/wp-json\/wp\/v2\/types\/post"}],"author":[{"embeddable":true,"href":"https:\/\/algarve7.pt\/index.php\/wp-json\/wp\/v2\/users\/1"}],"replies":[{"embeddable":true,"href":"https:\/\/algarve7.pt\/index.php\/wp-json\/wp\/v2\/comments?post=25226"}],"version-history":[{"count":0,"href":"https:\/\/algarve7.pt\/index.php\/wp-json\/wp\/v2\/posts\/25226\/revisions"}],"wp:featuredmedia":[{"embeddable":true,"href":"https:\/\/algarve7.pt\/index.php\/wp-json\/wp\/v2\/media\/25227"}],"wp:attachment":[{"href":"https:\/\/algarve7.pt\/index.php\/wp-json\/wp\/v2\/media?parent=25226"}],"wp:term":[{"taxonomy":"category","embeddable":true,"href":"https:\/\/algarve7.pt\/index.php\/wp-json\/wp\/v2\/categories?post=25226"},{"taxonomy":"post_tag","embeddable":true,"href":"https:\/\/algarve7.pt\/index.php\/wp-json\/wp\/v2\/tags?post=25226"}],"curies":[{"name":"wp","href":"https:\/\/api.w.org\/{rel}","templated":true}]}}