{"id":25178,"date":"2023-01-30T09:14:52","date_gmt":"2023-01-30T09:14:52","guid":{"rendered":"https:\/\/algarve7.pt\/?p=25178"},"modified":"2023-01-30T09:14:54","modified_gmt":"2023-01-30T09:14:54","slug":"alcoutim-volta-a-ser-distinguida-com-o-selo-autarquia-familiarmente-responsavel","status":"publish","type":"post","link":"https:\/\/algarve7.pt\/index.php\/2023\/01\/alcoutim-volta-a-ser-distinguida-com-o-selo-autarquia-familiarmente-responsavel\/atualidade\/09\/14\/","title":{"rendered":"Alcoutim volta a ser distinguida com o selo \u201cAutarquia + Familiarmente Respons\u00e1vel\u201d"},"content":{"rendered":"\n<p>O Observat\u00f3rio de Autarquias Familiarmente Respons\u00e1veis (OAFR) reconheceu a C\u00e2mara Municipal da Alcoutim como uma das autarquias mais familiarmente respons\u00e1veis. A Vereadora Rosa Palma, recebeu a distin\u00e7\u00e3o pessoalmente, numa cerim\u00f3nia que se realizou dia 26 de janeiro, no Audit\u00f3rio da Funda\u00e7\u00e3o FEFAL, em Coimbra.<\/p>\n\n\n\n<p>O Munic\u00edpio de Alcoutim recebe este importante galard\u00e3o pelo s\u00e9timo ano consecutivo, o que se traduziu na atribui\u00e7\u00e3o de uma bandeira com palma. Esta \u00e9 uma distin\u00e7\u00e3o que assume grande relev\u00e2ncia uma vez que atesta o bom trabalho desempenhado pela autarquia ao n\u00edvel da coes\u00e3o social, atrav\u00e9s de um acompanhamento di\u00e1rio e personalizado no terreno, de apoio a todos os mun\u00edcipes, especialmente os agregados familiares mais vulner\u00e1veis.<\/p>\n\n\n\n<p>O OAFR foi criado em 2008, com o objetivo de dar visibilidade \u00e0s autarquias que se destacam por pr\u00e1ticas amigas das fam\u00edlias, contribuindo para que estas desenvolvam pol\u00edticas transversais capazes de acolher e valorizar a fam\u00edlia, prevenindo toda e qualquer situa\u00e7\u00e3o de risco e vulnerabilidade. Ao longo do ano, o OAFR avalia as iniciativas dos Munic\u00edpios em v\u00e1rias \u00e1reas sociais, tais como o apoio prestado \u00e0 maternidade e \u00e0 paternidade, o apoio \u00e0s fam\u00edlias com necessidades especiais, as medidas de concilia\u00e7\u00e3o entre trabalho e fam\u00edlia, servi\u00e7os b\u00e1sicos, educa\u00e7\u00e3o, habita\u00e7\u00e3o, transportes, sa\u00fade, cultura, desporto e participa\u00e7\u00e3o social.<\/p>\n","protected":false},"excerpt":{"rendered":"<p>O Observat\u00f3rio de Autarquias Familiarmente Respons\u00e1veis (OAFR) reconheceu a C\u00e2mara Municipal da Alcoutim como uma das autarquias mais familiarmente respons\u00e1veis.<\/p>\n","protected":false},"author":1,"featured_media":25179,"comment_status":"closed","ping_status":"open","sticky":false,"template":"","format":"standard","meta":{"colormag_page_container_layout":"default_layout","colormag_page_sidebar_layout":"default_layout","_monsterinsights_skip_tracking":false,"_monsterinsights_sitenote_active":false,"_monsterinsights_sitenote_note":"","_monsterinsights_sitenote_category":0,"jetpack_post_was_ever_published":false,"_jetpack_newsletter_access":"","_jetpack_dont_email_post_to_subs":false,"_jetpack_newsletter_tier_id":0,"_jetpack_memberships_contains_paywalled_content":false,"_jetpack_memberships_contains_paid_content":false,"footnotes":"","jetpack_publicize_message":"","jetpack_publicize_feature_enabled":true,"jetpack_social_post_already_shared":true,"jetpack_social_options":{"image_generator_settings":{"template":"highway","default_image_id":0,"font":"","enabled":false},"version":2}},"categories":[11],"tags":[79,36,62,868],"class_list":["post-25178","post","type-post","status-publish","format-standard","has-post-thumbnail","hentry","category-atualidade","tag-alcoutim","tag-algarve","tag-atualidade","tag-autarquia-familiarmente-responsavel"],"yoast_head":"<!-- This site is optimized with the Yoast SEO plugin v27.4 - https:\/\/yoast.com\/product\/yoast-seo-wordpress\/ -->\n<title>Alcoutim volta a ser distinguida com o selo \u201cAutarquia + Familiarmente Respons\u00e1vel\u201d - Algarve 7<\/title>\n<meta name=\"description\" content=\"Alcoutim volta a ser distinguida com o selo \u201cAutarquia + Familiarmente Respons\u00e1vel\u201d Atualidade\" \/>\n<meta name=\"robots\" content=\"index, follow, max-snippet:-1, max-image-preview:large, max-video-preview:-1\" \/>\n<link rel=\"canonical\" href=\"https:\/\/algarve7.pt\/index.php\/2023\/01\/alcoutim-volta-a-ser-distinguida-com-o-selo-autarquia-familiarmente-responsavel\/atualidade\/09\/14\/\" \/>\n<meta property=\"og:locale\" content=\"pt_PT\" \/>\n<meta property=\"og:type\" content=\"article\" \/>\n<meta property=\"og:title\" content=\"Alcoutim volta a ser distinguida com o selo \u201cAutarquia + Familiarmente Respons\u00e1vel\u201d - Algarve 7\" \/>\n<meta property=\"og:description\" content=\"Alcoutim volta a ser distinguida com o selo \u201cAutarquia + Familiarmente Respons\u00e1vel\u201d Atualidade\" \/>\n<meta property=\"og:url\" content=\"https:\/\/algarve7.pt\/index.php\/2023\/01\/alcoutim-volta-a-ser-distinguida-com-o-selo-autarquia-familiarmente-responsavel\/atualidade\/09\/14\/\" \/>\n<meta property=\"og:site_name\" content=\"Algarve 7\" \/>\n<meta property=\"article:publisher\" content=\"https:\/\/www.facebook.com\/algarve7\" \/>\n<meta property=\"article:author\" content=\"https:\/\/www.facebook.com\/algarve7\" \/>\n<meta property=\"article:published_time\" content=\"2023-01-30T09:14:52+00:00\" \/>\n<meta property=\"article:modified_time\" content=\"2023-01-30T09:14:54+00:00\" \/>\n<meta property=\"og:image\" content=\"https:\/\/algarve7.pt\/wp-content\/uploads\/2023\/01\/Captura-de-ecra-2023-01-30-as-09.11.36.png\" \/>\n\t<meta property=\"og:image:width\" content=\"1024\" \/>\n\t<meta property=\"og:image:height\" content=\"906\" \/>\n\t<meta property=\"og:image:type\" content=\"image\/png\" \/>\n<meta name=\"author\" content=\"Algarve 7\" \/>\n<meta name=\"twitter:card\" content=\"summary_large_image\" \/>\n<meta name=\"twitter:creator\" content=\"@Algarvesete\" \/>\n<meta name=\"twitter:site\" content=\"@Algarvesete\" \/>\n<meta name=\"twitter:label1\" content=\"Escrito por\" \/>\n\t<meta name=\"twitter:data1\" content=\"Algarve 7\" \/>\n\t<meta name=\"twitter:label2\" content=\"Tempo estimado de leitura\" \/>\n\t<meta name=\"twitter:data2\" content=\"2 minutos\" \/>\n<script type=\"application\/ld+json\" class=\"yoast-schema-graph\">{\"@context\":\"https:\\\/\\\/schema.org\",\"@graph\":[{\"@type\":\"Article\",\"@id\":\"https:\\\/\\\/algarve7.pt\\\/index.php\\\/2023\\\/01\\\/alcoutim-volta-a-ser-distinguida-com-o-selo-autarquia-familiarmente-responsavel\\\/atualidade\\\/09\\\/14\\\/#article\",\"isPartOf\":{\"@id\":\"https:\\\/\\\/algarve7.pt\\\/index.php\\\/2023\\\/01\\\/alcoutim-volta-a-ser-distinguida-com-o-selo-autarquia-familiarmente-responsavel\\\/atualidade\\\/09\\\/14\\\/\"},\"author\":{\"name\":\"Algarve 7\",\"@id\":\"https:\\\/\\\/algarve7.pt\\\/#\\\/schema\\\/person\\\/23fa70681308e7b319a3204bcea45e0c\"},\"headline\":\"Alcoutim volta a ser distinguida com o selo \u201cAutarquia + Familiarmente Respons\u00e1vel\u201d\",\"datePublished\":\"2023-01-30T09:14:52+00:00\",\"dateModified\":\"2023-01-30T09:14:54+00:00\",\"mainEntityOfPage\":{\"@id\":\"https:\\\/\\\/algarve7.pt\\\/index.php\\\/2023\\\/01\\\/alcoutim-volta-a-ser-distinguida-com-o-selo-autarquia-familiarmente-responsavel\\\/atualidade\\\/09\\\/14\\\/\"},\"wordCount\":250,\"publisher\":{\"@id\":\"https:\\\/\\\/algarve7.pt\\\/#organization\"},\"image\":{\"@id\":\"https:\\\/\\\/algarve7.pt\\\/index.php\\\/2023\\\/01\\\/alcoutim-volta-a-ser-distinguida-com-o-selo-autarquia-familiarmente-responsavel\\\/atualidade\\\/09\\\/14\\\/#primaryimage\"},\"thumbnailUrl\":\"https:\\\/\\\/algarve7.pt\\\/wp-content\\\/uploads\\\/2023\\\/01\\\/Captura-de-ecra-2023-01-30-as-09.11.36.png\",\"keywords\":[\"Alcoutim\",\"Algarve\",\"Atualidade\",\"Autarquia + Familiarmente Respons\u00e1vel\"],\"articleSection\":[\"Atualidade\"],\"inLanguage\":\"pt-PT\"},{\"@type\":\"WebPage\",\"@id\":\"https:\\\/\\\/algarve7.pt\\\/index.php\\\/2023\\\/01\\\/alcoutim-volta-a-ser-distinguida-com-o-selo-autarquia-familiarmente-responsavel\\\/atualidade\\\/09\\\/14\\\/\",\"url\":\"https:\\\/\\\/algarve7.pt\\\/index.php\\\/2023\\\/01\\\/alcoutim-volta-a-ser-distinguida-com-o-selo-autarquia-familiarmente-responsavel\\\/atualidade\\\/09\\\/14\\\/\",\"name\":\"Alcoutim volta a ser distinguida com o selo \u201cAutarquia + Familiarmente Respons\u00e1vel\u201d - Algarve 7\",\"isPartOf\":{\"@id\":\"https:\\\/\\\/algarve7.pt\\\/#website\"},\"primaryImageOfPage\":{\"@id\":\"https:\\\/\\\/algarve7.pt\\\/index.php\\\/2023\\\/01\\\/alcoutim-volta-a-ser-distinguida-com-o-selo-autarquia-familiarmente-responsavel\\\/atualidade\\\/09\\\/14\\\/#primaryimage\"},\"image\":{\"@id\":\"https:\\\/\\\/algarve7.pt\\\/index.php\\\/2023\\\/01\\\/alcoutim-volta-a-ser-distinguida-com-o-selo-autarquia-familiarmente-responsavel\\\/atualidade\\\/09\\\/14\\\/#primaryimage\"},\"thumbnailUrl\":\"https:\\\/\\\/algarve7.pt\\\/wp-content\\\/uploads\\\/2023\\\/01\\\/Captura-de-ecra-2023-01-30-as-09.11.36.png\",\"datePublished\":\"2023-01-30T09:14:52+00:00\",\"dateModified\":\"2023-01-30T09:14:54+00:00\",\"description\":\"Alcoutim volta a ser distinguida com o selo \u201cAutarquia + Familiarmente Respons\u00e1vel\u201d Atualidade\",\"breadcrumb\":{\"@id\":\"https:\\\/\\\/algarve7.pt\\\/index.php\\\/2023\\\/01\\\/alcoutim-volta-a-ser-distinguida-com-o-selo-autarquia-familiarmente-responsavel\\\/atualidade\\\/09\\\/14\\\/#breadcrumb\"},\"inLanguage\":\"pt-PT\",\"potentialAction\":[{\"@type\":\"ReadAction\",\"target\":[\"https:\\\/\\\/algarve7.pt\\\/index.php\\\/2023\\\/01\\\/alcoutim-volta-a-ser-distinguida-com-o-selo-autarquia-familiarmente-responsavel\\\/atualidade\\\/09\\\/14\\\/\"]}]},{\"@type\":\"ImageObject\",\"inLanguage\":\"pt-PT\",\"@id\":\"https:\\\/\\\/algarve7.pt\\\/index.php\\\/2023\\\/01\\\/alcoutim-volta-a-ser-distinguida-com-o-selo-autarquia-familiarmente-responsavel\\\/atualidade\\\/09\\\/14\\\/#primaryimage\",\"url\":\"https:\\\/\\\/algarve7.pt\\\/wp-content\\\/uploads\\\/2023\\\/01\\\/Captura-de-ecra-2023-01-30-as-09.11.36.png\",\"contentUrl\":\"https:\\\/\\\/algarve7.pt\\\/wp-content\\\/uploads\\\/2023\\\/01\\\/Captura-de-ecra-2023-01-30-as-09.11.36.png\",\"width\":1024,\"height\":906},{\"@type\":\"BreadcrumbList\",\"@id\":\"https:\\\/\\\/algarve7.pt\\\/index.php\\\/2023\\\/01\\\/alcoutim-volta-a-ser-distinguida-com-o-selo-autarquia-familiarmente-responsavel\\\/atualidade\\\/09\\\/14\\\/#breadcrumb\",\"itemListElement\":[{\"@type\":\"ListItem\",\"position\":1,\"name\":\"In\u00edcio\",\"item\":\"https:\\\/\\\/algarve7.pt\\\/\"},{\"@type\":\"ListItem\",\"position\":2,\"name\":\"Alcoutim volta a ser distinguida com o selo \u201cAutarquia + Familiarmente Respons\u00e1vel\u201d\"}]},{\"@type\":\"WebSite\",\"@id\":\"https:\\\/\\\/algarve7.pt\\\/#website\",\"url\":\"https:\\\/\\\/algarve7.pt\\\/\",\"name\":\"Algarve 7\",\"description\":\"Informa\u00e7\u00e3o sobre o Algarve\",\"publisher\":{\"@id\":\"https:\\\/\\\/algarve7.pt\\\/#organization\"},\"potentialAction\":[{\"@type\":\"SearchAction\",\"target\":{\"@type\":\"EntryPoint\",\"urlTemplate\":\"https:\\\/\\\/algarve7.pt\\\/?s={search_term_string}\"},\"query-input\":{\"@type\":\"PropertyValueSpecification\",\"valueRequired\":true,\"valueName\":\"search_term_string\"}}],\"inLanguage\":\"pt-PT\"},{\"@type\":\"Organization\",\"@id\":\"https:\\\/\\\/algarve7.pt\\\/#organization\",\"name\":\"Algarve 7\",\"url\":\"https:\\\/\\\/algarve7.pt\\\/\",\"logo\":{\"@type\":\"ImageObject\",\"inLanguage\":\"pt-PT\",\"@id\":\"https:\\\/\\\/algarve7.pt\\\/#\\\/schema\\\/logo\\\/image\\\/\",\"url\":\"https:\\\/\\\/algarve7.pt\\\/wp-content\\\/uploads\\\/2020\\\/10\\\/Logo-8.jpg\",\"contentUrl\":\"https:\\\/\\\/algarve7.pt\\\/wp-content\\\/uploads\\\/2020\\\/10\\\/Logo-8.jpg\",\"width\":1680,\"height\":1186,\"caption\":\"Algarve 7\"},\"image\":{\"@id\":\"https:\\\/\\\/algarve7.pt\\\/#\\\/schema\\\/logo\\\/image\\\/\"},\"sameAs\":[\"https:\\\/\\\/www.facebook.com\\\/algarve7\",\"https:\\\/\\\/x.com\\\/Algarvesete\",\"https:\\\/\\\/www.instagram.com\\\/jornalalgarve7\\\/\",\"https:\\\/\\\/www.linkedin.com\\\/company\\\/algarve7\",\"https:\\\/\\\/www.pinterest.pt\\\/geral0939\\\/_created\\\/\"]},{\"@type\":\"Person\",\"@id\":\"https:\\\/\\\/algarve7.pt\\\/#\\\/schema\\\/person\\\/23fa70681308e7b319a3204bcea45e0c\",\"name\":\"Algarve 7\",\"sameAs\":[\"https:\\\/\\\/algarve7.pt\",\"https:\\\/\\\/www.facebook.com\\\/algarve7\"],\"url\":\"https:\\\/\\\/algarve7.pt\\\/index.php\\\/author\\\/geralalgarve7-pt\\\/\"}]}<\/script>\n<!-- \/ Yoast SEO plugin. -->","yoast_head_json":{"title":"Alcoutim volta a ser distinguida com o selo \u201cAutarquia + Familiarmente Respons\u00e1vel\u201d - Algarve 7","description":"Alcoutim volta a ser distinguida com o selo \u201cAutarquia + Familiarmente Respons\u00e1vel\u201d Atualidade","robots":{"index":"index","follow":"follow","max-snippet":"max-snippet:-1","max-image-preview":"max-image-preview:large","max-video-preview":"max-video-preview:-1"},"canonical":"https:\/\/algarve7.pt\/index.php\/2023\/01\/alcoutim-volta-a-ser-distinguida-com-o-selo-autarquia-familiarmente-responsavel\/atualidade\/09\/14\/","og_locale":"pt_PT","og_type":"article","og_title":"Alcoutim volta a ser distinguida com o selo \u201cAutarquia + Familiarmente Respons\u00e1vel\u201d - Algarve 7","og_description":"Alcoutim volta a ser distinguida com o selo \u201cAutarquia + Familiarmente Respons\u00e1vel\u201d Atualidade","og_url":"https:\/\/algarve7.pt\/index.php\/2023\/01\/alcoutim-volta-a-ser-distinguida-com-o-selo-autarquia-familiarmente-responsavel\/atualidade\/09\/14\/","og_site_name":"Algarve 7","article_publisher":"https:\/\/www.facebook.com\/algarve7","article_author":"https:\/\/www.facebook.com\/algarve7","article_published_time":"2023-01-30T09:14:52+00:00","article_modified_time":"2023-01-30T09:14:54+00:00","og_image":[{"width":1024,"height":906,"url":"https:\/\/algarve7.pt\/wp-content\/uploads\/2023\/01\/Captura-de-ecra-2023-01-30-as-09.11.36.png","type":"image\/png"}],"author":"Algarve 7","twitter_card":"summary_large_image","twitter_creator":"@Algarvesete","twitter_site":"@Algarvesete","twitter_misc":{"Escrito por":"Algarve 7","Tempo estimado de leitura":"2 minutos"},"schema":{"@context":"https:\/\/schema.org","@graph":[{"@type":"Article","@id":"https:\/\/algarve7.pt\/index.php\/2023\/01\/alcoutim-volta-a-ser-distinguida-com-o-selo-autarquia-familiarmente-responsavel\/atualidade\/09\/14\/#article","isPartOf":{"@id":"https:\/\/algarve7.pt\/index.php\/2023\/01\/alcoutim-volta-a-ser-distinguida-com-o-selo-autarquia-familiarmente-responsavel\/atualidade\/09\/14\/"},"author":{"name":"Algarve 7","@id":"https:\/\/algarve7.pt\/#\/schema\/person\/23fa70681308e7b319a3204bcea45e0c"},"headline":"Alcoutim volta a ser distinguida com o selo \u201cAutarquia + Familiarmente Respons\u00e1vel\u201d","datePublished":"2023-01-30T09:14:52+00:00","dateModified":"2023-01-30T09:14:54+00:00","mainEntityOfPage":{"@id":"https:\/\/algarve7.pt\/index.php\/2023\/01\/alcoutim-volta-a-ser-distinguida-com-o-selo-autarquia-familiarmente-responsavel\/atualidade\/09\/14\/"},"wordCount":250,"publisher":{"@id":"https:\/\/algarve7.pt\/#organization"},"image":{"@id":"https:\/\/algarve7.pt\/index.php\/2023\/01\/alcoutim-volta-a-ser-distinguida-com-o-selo-autarquia-familiarmente-responsavel\/atualidade\/09\/14\/#primaryimage"},"thumbnailUrl":"https:\/\/algarve7.pt\/wp-content\/uploads\/2023\/01\/Captura-de-ecra-2023-01-30-as-09.11.36.png","keywords":["Alcoutim","Algarve","Atualidade","Autarquia + Familiarmente Respons\u00e1vel"],"articleSection":["Atualidade"],"inLanguage":"pt-PT"},{"@type":"WebPage","@id":"https:\/\/algarve7.pt\/index.php\/2023\/01\/alcoutim-volta-a-ser-distinguida-com-o-selo-autarquia-familiarmente-responsavel\/atualidade\/09\/14\/","url":"https:\/\/algarve7.pt\/index.php\/2023\/01\/alcoutim-volta-a-ser-distinguida-com-o-selo-autarquia-familiarmente-responsavel\/atualidade\/09\/14\/","name":"Alcoutim volta a ser distinguida com o selo \u201cAutarquia + Familiarmente Respons\u00e1vel\u201d - Algarve 7","isPartOf":{"@id":"https:\/\/algarve7.pt\/#website"},"primaryImageOfPage":{"@id":"https:\/\/algarve7.pt\/index.php\/2023\/01\/alcoutim-volta-a-ser-distinguida-com-o-selo-autarquia-familiarmente-responsavel\/atualidade\/09\/14\/#primaryimage"},"image":{"@id":"https:\/\/algarve7.pt\/index.php\/2023\/01\/alcoutim-volta-a-ser-distinguida-com-o-selo-autarquia-familiarmente-responsavel\/atualidade\/09\/14\/#primaryimage"},"thumbnailUrl":"https:\/\/algarve7.pt\/wp-content\/uploads\/2023\/01\/Captura-de-ecra-2023-01-30-as-09.11.36.png","datePublished":"2023-01-30T09:14:52+00:00","dateModified":"2023-01-30T09:14:54+00:00","description":"Alcoutim volta a ser distinguida com o selo \u201cAutarquia + Familiarmente Respons\u00e1vel\u201d Atualidade","breadcrumb":{"@id":"https:\/\/algarve7.pt\/index.php\/2023\/01\/alcoutim-volta-a-ser-distinguida-com-o-selo-autarquia-familiarmente-responsavel\/atualidade\/09\/14\/#breadcrumb"},"inLanguage":"pt-PT","potentialAction":[{"@type":"ReadAction","target":["https:\/\/algarve7.pt\/index.php\/2023\/01\/alcoutim-volta-a-ser-distinguida-com-o-selo-autarquia-familiarmente-responsavel\/atualidade\/09\/14\/"]}]},{"@type":"ImageObject","inLanguage":"pt-PT","@id":"https:\/\/algarve7.pt\/index.php\/2023\/01\/alcoutim-volta-a-ser-distinguida-com-o-selo-autarquia-familiarmente-responsavel\/atualidade\/09\/14\/#primaryimage","url":"https:\/\/algarve7.pt\/wp-content\/uploads\/2023\/01\/Captura-de-ecra-2023-01-30-as-09.11.36.png","contentUrl":"https:\/\/algarve7.pt\/wp-content\/uploads\/2023\/01\/Captura-de-ecra-2023-01-30-as-09.11.36.png","width":1024,"height":906},{"@type":"BreadcrumbList","@id":"https:\/\/algarve7.pt\/index.php\/2023\/01\/alcoutim-volta-a-ser-distinguida-com-o-selo-autarquia-familiarmente-responsavel\/atualidade\/09\/14\/#breadcrumb","itemListElement":[{"@type":"ListItem","position":1,"name":"In\u00edcio","item":"https:\/\/algarve7.pt\/"},{"@type":"ListItem","position":2,"name":"Alcoutim volta a ser distinguida com o selo \u201cAutarquia + Familiarmente Respons\u00e1vel\u201d"}]},{"@type":"WebSite","@id":"https:\/\/algarve7.pt\/#website","url":"https:\/\/algarve7.pt\/","name":"Algarve 7","description":"Informa\u00e7\u00e3o sobre o Algarve","publisher":{"@id":"https:\/\/algarve7.pt\/#organization"},"potentialAction":[{"@type":"SearchAction","target":{"@type":"EntryPoint","urlTemplate":"https:\/\/algarve7.pt\/?s={search_term_string}"},"query-input":{"@type":"PropertyValueSpecification","valueRequired":true,"valueName":"search_term_string"}}],"inLanguage":"pt-PT"},{"@type":"Organization","@id":"https:\/\/algarve7.pt\/#organization","name":"Algarve 7","url":"https:\/\/algarve7.pt\/","logo":{"@type":"ImageObject","inLanguage":"pt-PT","@id":"https:\/\/algarve7.pt\/#\/schema\/logo\/image\/","url":"https:\/\/algarve7.pt\/wp-content\/uploads\/2020\/10\/Logo-8.jpg","contentUrl":"https:\/\/algarve7.pt\/wp-content\/uploads\/2020\/10\/Logo-8.jpg","width":1680,"height":1186,"caption":"Algarve 7"},"image":{"@id":"https:\/\/algarve7.pt\/#\/schema\/logo\/image\/"},"sameAs":["https:\/\/www.facebook.com\/algarve7","https:\/\/x.com\/Algarvesete","https:\/\/www.instagram.com\/jornalalgarve7\/","https:\/\/www.linkedin.com\/company\/algarve7","https:\/\/www.pinterest.pt\/geral0939\/_created\/"]},{"@type":"Person","@id":"https:\/\/algarve7.pt\/#\/schema\/person\/23fa70681308e7b319a3204bcea45e0c","name":"Algarve 7","sameAs":["https:\/\/algarve7.pt","https:\/\/www.facebook.com\/algarve7"],"url":"https:\/\/algarve7.pt\/index.php\/author\/geralalgarve7-pt\/"}]}},"jetpack_publicize_connections":[],"jetpack_featured_media_url":"https:\/\/algarve7.pt\/wp-content\/uploads\/2023\/01\/Captura-de-ecra-2023-01-30-as-09.11.36.png","jetpack_shortlink":"https:\/\/wp.me\/pcezmW-6y6","jetpack_sharing_enabled":true,"_links":{"self":[{"href":"https:\/\/algarve7.pt\/index.php\/wp-json\/wp\/v2\/posts\/25178","targetHints":{"allow":["GET"]}}],"collection":[{"href":"https:\/\/algarve7.pt\/index.php\/wp-json\/wp\/v2\/posts"}],"about":[{"href":"https:\/\/algarve7.pt\/index.php\/wp-json\/wp\/v2\/types\/post"}],"author":[{"embeddable":true,"href":"https:\/\/algarve7.pt\/index.php\/wp-json\/wp\/v2\/users\/1"}],"replies":[{"embeddable":true,"href":"https:\/\/algarve7.pt\/index.php\/wp-json\/wp\/v2\/comments?post=25178"}],"version-history":[{"count":0,"href":"https:\/\/algarve7.pt\/index.php\/wp-json\/wp\/v2\/posts\/25178\/revisions"}],"wp:featuredmedia":[{"embeddable":true,"href":"https:\/\/algarve7.pt\/index.php\/wp-json\/wp\/v2\/media\/25179"}],"wp:attachment":[{"href":"https:\/\/algarve7.pt\/index.php\/wp-json\/wp\/v2\/media?parent=25178"}],"wp:term":[{"taxonomy":"category","embeddable":true,"href":"https:\/\/algarve7.pt\/index.php\/wp-json\/wp\/v2\/categories?post=25178"},{"taxonomy":"post_tag","embeddable":true,"href":"https:\/\/algarve7.pt\/index.php\/wp-json\/wp\/v2\/tags?post=25178"}],"curies":[{"name":"wp","href":"https:\/\/api.w.org\/{rel}","templated":true}]}}