{"id":25158,"date":"2023-01-29T10:30:00","date_gmt":"2023-01-29T10:30:00","guid":{"rendered":"https:\/\/algarve7.pt\/?p=25158"},"modified":"2023-01-29T00:07:21","modified_gmt":"2023-01-29T00:07:21","slug":"algarvensis-aspirante-a-geoparque-da-unesco-vai-ser-o-rei-do-carnaval-de-loule-2023","status":"publish","type":"post","link":"https:\/\/algarve7.pt\/index.php\/2023\/01\/algarvensis-aspirante-a-geoparque-da-unesco-vai-ser-o-rei-do-carnaval-de-loule-2023\/cultura\/10\/30\/","title":{"rendered":"Algarvensis, aspirante a geoparque da Unesco, vai ser o rei do carnaval de Loul\u00e9 2023"},"content":{"rendered":"\n<p>Foi em fevereiro de 2020 que o Carnaval de Loul\u00e9 saiu \u00e0 rua pela \u00faltima vez mas, nos pr\u00f3ximos dias 19, 20 e 21 de fevereiro, o mais antigo corso do pa\u00eds est\u00e1 de regresso para levar a folia \u00e0 Avenida Jos\u00e9 da Costa Mealha. A candidatura conjunta dos munic\u00edpios de Loul\u00e9, Silves e Albufeira a Geoparque Mundial da UNESCO \u2013 <em>Algarvensis<\/em>, ainda na condi\u00e7\u00e3o de aspirante, serve de inspira\u00e7\u00e3o para o desfile deste ano.<\/p>\n\n\n\n<p>\u201c\u00d3 Z\u00e9\u2026 J\u00e1 viste o Algarvensis?\u201d \u00e9 a pergunta que vai dar corpo ao cortejo onde 14 carros aleg\u00f3ricos, 9 grupos de anima\u00e7\u00e3o, 3 escolas de samba, gigantones e cabe\u00e7udos e mais de 600 animadores ir\u00e3o desfilar durante os tr\u00eas dias, das 15h00 \u00e0s 17h30.<\/p>\n\n\n\n<p>Ser\u00e1 uma lagarta, uma osga, que bicho ser\u00e1 este que vai andar \u00e0 solta neste Carnaval? A resposta \u00e9 simples: o rei deste corso \u00e9 o <em>Metoposaurus<\/em> <em>algarvensis, <\/em>um anf\u00edbio extinto semelhante a uma salamandra gigante que viveu h\u00e1 227 milh\u00f5es de anos e que serviu de base a esta candidatura a geoparque. O geoss\u00edtio da Penina, de refer\u00eancia mundial, onde o achado paleontol\u00f3gico que inspirou este projeto intermunicipal que tem como um dos seus principais objetivos a dinamiza\u00e7\u00e3o deste territ\u00f3rio, com um patrim\u00f3nio geol\u00f3gico de grande relevo para contrariar a desertifica\u00e7\u00e3o do interior da regi\u00e3o.<\/p>\n\n\n\n<p>Mas nos tr\u00eas dias de entrudo a ideia \u00e9 fazer deste assunto uma par\u00f3dia e transportar para um evento fortemente enraizado na vida louletana, cartaz tur\u00edstico de excel\u00eancia, um projeto que marcar\u00e1 o futuro n\u00e3o s\u00f3 de Loul\u00e9, Silves e Albufeira, mas de toda a regi\u00e3o e do pr\u00f3prio pa\u00eds.<\/p>\n\n\n\n<p>Tal como nos anos anteriores, a s\u00e1tira pol\u00edtica, social ou desportiva volta a estar presente no desfile e os assuntos que t\u00eam sido not\u00edcias nos \u00faltimos meses e os seus protagonistas ser\u00e3o aqui retratados. A crise socioecon\u00f3mica que est\u00e1 a afetar a vida do \u201cZ\u00e9 Povinho\u201d, as mexidas no Minist\u00e9rio da Sa\u00fade com a sa\u00edda de Marta Temido e entrada de Manuel Pizarro ou o empenho de Portugal na neutralidade carb\u00f3nica, com o Presidente da Rep\u00fablica Marcelo Rebelo de Sousa a surgir ao lado da ativista Greta Thunberg num pequeno barco a limpar a costa portuguesa, numa pescaria aos pl\u00e1sticos, s\u00e3o alguns dos epis\u00f3dios em destaque.<\/p>\n\n\n\n<p>Mas n\u00e3o \u00e9 s\u00f3 da atualidade portuguesa que se faz o Carnaval de Loul\u00e9, tamb\u00e9m os grandes temas do mundo marcam presen\u00e7a no \u201csamb\u00f3dromo louletano\u201d. A guerra da Ucr\u00e2nia, naturalmente, com Zelensky e Putin como tripulantes de um carro decorado com cereais, a disputa entre os \u201cdinossauros\u201d Lula e Bolsonaro, este \u00faltimo a ser pontapeado da cadeira do poder, ou os novos governantes brit\u00e2nicos, Charles III e Rishi Sunak, dar\u00e3o vida aos carros aleg\u00f3ricos, onde impera a qualidade art\u00edstica na sua execu\u00e7\u00e3o.<\/p>\n\n\n\n<p>Destaque ainda para as 10 associa\u00e7\u00f5es sociais, desportivas e recreativas do concelho que se juntam ao desfile, numa iniciativa de forte envolvimento da comunidade, mantendo vivo um evento que faz parte da pr\u00f3pria ess\u00eancia de todos os louletanos. S\u00e3o elas a EXISTIR, JS Campinense, Algarve Gym, GD Barreiras Brancas, As Tradi\u00e7\u00f5es de Loul\u00e9, Motoclube de Loul\u00e9, Associa\u00e7\u00e3o Satori, TUALLE \u2013 Tuna Universit\u00e1ria Afonsina de Loul\u00e9, AGAL \u2013 Associa\u00e7\u00e3o Grupo dos Amigos de Loul\u00e9 e Associa\u00e7\u00e3o F\u00e9nix.<\/p>\n\n\n\n<p>Motivos n\u00e3o v\u00e3o faltar para momentos de boa disposi\u00e7\u00e3o e muitas risadas nesta folia que conta com 117 anos de exist\u00eancia.<\/p>\n\n\n\n<p>As entradas t\u00eam um valor \u00fanico de 2 euros. A componente de solidariedade volta a marcar esta di\u00e7\u00e3o e as receitas de bilheteira ir\u00e3o reverter a favor de uma causa social.<\/p>\n\n\n\n<p>Para os respons\u00e1veis da Autarquia, o Carnaval de Loul\u00e9 2023 ser\u00e1 mais uma oportunidade para divulgar e promover o aspirante Geoparque <em>Algarvensis<\/em>, envolvendo tanto a popula\u00e7\u00e3o como os visitantes neste desiderato. \u201cVamos brincar com um tema que para n\u00f3s \u00e9 muito s\u00e9rio, um dos principais projetos para o nosso futuro como comunidade e territ\u00f3rio, e acreditamos que o Carnaval poder\u00e1 alavancar esta candidatura\u201d, consideram.<\/p>\n\n\n\n<p>De referir que no \u00e2mbito do programa do Carnaval de Loul\u00e9 2023 destaca-se ainda a realiza\u00e7\u00e3o do Carnaval Infantil, na manh\u00e3 (10h00) da sexta-feira, 17 de fevereiro, na Avenida Jos\u00e9 da Costa Mealha, com a participa\u00e7\u00e3o dos alunos das escolas do concelho que ir\u00e3o trazer uma vers\u00e3o \u201cmini\u201d do desfile, esperando-se milhares de pequenos foli\u00f5es mascarados a rigor. E na noite de segunda-feira, dia 20, a partir das 22h00, no Sal\u00e3o de Festas de Loul\u00e9, o Baile de Gala do Carnaval apela \u00e0 criatividade do p\u00fablico na escolha das suas m\u00e1scaras com o tema \u201cH\u00e1 227 milh\u00f5es de anos\u2026\u201d.<\/p>\n","protected":false},"excerpt":{"rendered":"<p>Foi em fevereiro de 2020 que o Carnaval de Loul\u00e9 saiu \u00e0 rua pela \u00faltima vez mas, nos pr\u00f3ximos dias<\/p>\n","protected":false},"author":1,"featured_media":25159,"comment_status":"closed","ping_status":"open","sticky":false,"template":"","format":"standard","meta":{"colormag_page_container_layout":"default_layout","colormag_page_sidebar_layout":"default_layout","_monsterinsights_skip_tracking":false,"_monsterinsights_sitenote_active":false,"_monsterinsights_sitenote_note":"","_monsterinsights_sitenote_category":0,"jetpack_post_was_ever_published":false,"_jetpack_newsletter_access":"","_jetpack_dont_email_post_to_subs":false,"_jetpack_newsletter_tier_id":0,"_jetpack_memberships_contains_paywalled_content":false,"_jetpack_memberships_contains_paid_content":false,"footnotes":"","jetpack_publicize_message":"","jetpack_publicize_feature_enabled":true,"jetpack_social_post_already_shared":true,"jetpack_social_options":{"image_generator_settings":{"template":"highway","default_image_id":0,"font":"","enabled":false},"version":2}},"categories":[14],"tags":[36,187,35,31],"class_list":["post-25158","post","type-post","status-publish","format-standard","has-post-thumbnail","hentry","category-cultura","tag-algarve","tag-carnaval","tag-cultura","tag-loule"],"yoast_head":"<!-- This site is optimized with the Yoast SEO plugin v27.5 - https:\/\/yoast.com\/product\/yoast-seo-wordpress\/ -->\n<title>Algarvensis, aspirante a geoparque da Unesco, vai ser o rei do carnaval de Loul\u00e9 2023 - Algarve 7<\/title>\n<meta name=\"description\" content=\"Algarvensis, aspirante a geoparque da Unesco, vai ser o rei do carnaval de Loul\u00e9 2023 Cultura\" \/>\n<meta name=\"robots\" content=\"index, follow, max-snippet:-1, max-image-preview:large, max-video-preview:-1\" \/>\n<link rel=\"canonical\" href=\"https:\/\/algarve7.pt\/index.php\/2023\/01\/algarvensis-aspirante-a-geoparque-da-unesco-vai-ser-o-rei-do-carnaval-de-loule-2023\/cultura\/10\/30\/\" \/>\n<meta property=\"og:locale\" content=\"pt_PT\" \/>\n<meta property=\"og:type\" content=\"article\" \/>\n<meta property=\"og:title\" content=\"Algarvensis, aspirante a geoparque da Unesco, vai ser o rei do carnaval de Loul\u00e9 2023 - Algarve 7\" \/>\n<meta property=\"og:description\" content=\"Algarvensis, aspirante a geoparque da Unesco, vai ser o rei do carnaval de Loul\u00e9 2023 Cultura\" \/>\n<meta property=\"og:url\" content=\"https:\/\/algarve7.pt\/index.php\/2023\/01\/algarvensis-aspirante-a-geoparque-da-unesco-vai-ser-o-rei-do-carnaval-de-loule-2023\/cultura\/10\/30\/\" \/>\n<meta property=\"og:site_name\" content=\"Algarve 7\" \/>\n<meta property=\"article:publisher\" content=\"https:\/\/www.facebook.com\/algarve7\" \/>\n<meta property=\"article:author\" content=\"https:\/\/www.facebook.com\/algarve7\" \/>\n<meta property=\"article:published_time\" content=\"2023-01-29T10:30:00+00:00\" \/>\n<meta property=\"og:image\" content=\"https:\/\/algarve7.pt\/wp-content\/uploads\/2023\/01\/Captura-de-ecra-2023-01-29-as-00.02.29.png\" \/>\n\t<meta property=\"og:image:width\" content=\"1024\" \/>\n\t<meta property=\"og:image:height\" content=\"908\" \/>\n\t<meta property=\"og:image:type\" content=\"image\/png\" \/>\n<meta name=\"author\" content=\"Algarve 7\" \/>\n<meta name=\"twitter:card\" content=\"summary_large_image\" \/>\n<meta name=\"twitter:creator\" content=\"@Algarvesete\" \/>\n<meta name=\"twitter:site\" content=\"@Algarvesete\" \/>\n<meta name=\"twitter:label1\" content=\"Escrito por\" \/>\n\t<meta name=\"twitter:data1\" content=\"Algarve 7\" \/>\n\t<meta name=\"twitter:label2\" content=\"Tempo estimado de leitura\" \/>\n\t<meta name=\"twitter:data2\" content=\"5 minutos\" \/>\n<script type=\"application\/ld+json\" class=\"yoast-schema-graph\">{\"@context\":\"https:\\\/\\\/schema.org\",\"@graph\":[{\"@type\":\"Article\",\"@id\":\"https:\\\/\\\/algarve7.pt\\\/index.php\\\/2023\\\/01\\\/algarvensis-aspirante-a-geoparque-da-unesco-vai-ser-o-rei-do-carnaval-de-loule-2023\\\/cultura\\\/10\\\/30\\\/#article\",\"isPartOf\":{\"@id\":\"https:\\\/\\\/algarve7.pt\\\/index.php\\\/2023\\\/01\\\/algarvensis-aspirante-a-geoparque-da-unesco-vai-ser-o-rei-do-carnaval-de-loule-2023\\\/cultura\\\/10\\\/30\\\/\"},\"author\":{\"name\":\"Algarve 7\",\"@id\":\"https:\\\/\\\/algarve7.pt\\\/#\\\/schema\\\/person\\\/23fa70681308e7b319a3204bcea45e0c\"},\"headline\":\"Algarvensis, aspirante a geoparque da Unesco, vai ser o rei do carnaval de Loul\u00e9 2023\",\"datePublished\":\"2023-01-29T10:30:00+00:00\",\"mainEntityOfPage\":{\"@id\":\"https:\\\/\\\/algarve7.pt\\\/index.php\\\/2023\\\/01\\\/algarvensis-aspirante-a-geoparque-da-unesco-vai-ser-o-rei-do-carnaval-de-loule-2023\\\/cultura\\\/10\\\/30\\\/\"},\"wordCount\":812,\"publisher\":{\"@id\":\"https:\\\/\\\/algarve7.pt\\\/#organization\"},\"image\":{\"@id\":\"https:\\\/\\\/algarve7.pt\\\/index.php\\\/2023\\\/01\\\/algarvensis-aspirante-a-geoparque-da-unesco-vai-ser-o-rei-do-carnaval-de-loule-2023\\\/cultura\\\/10\\\/30\\\/#primaryimage\"},\"thumbnailUrl\":\"https:\\\/\\\/algarve7.pt\\\/wp-content\\\/uploads\\\/2023\\\/01\\\/Captura-de-ecra-2023-01-29-as-00.02.29.png\",\"keywords\":[\"Algarve\",\"Carnaval\",\"Cultura\",\"Loul\u00e9\"],\"articleSection\":[\"Cultura\"],\"inLanguage\":\"pt-PT\"},{\"@type\":\"WebPage\",\"@id\":\"https:\\\/\\\/algarve7.pt\\\/index.php\\\/2023\\\/01\\\/algarvensis-aspirante-a-geoparque-da-unesco-vai-ser-o-rei-do-carnaval-de-loule-2023\\\/cultura\\\/10\\\/30\\\/\",\"url\":\"https:\\\/\\\/algarve7.pt\\\/index.php\\\/2023\\\/01\\\/algarvensis-aspirante-a-geoparque-da-unesco-vai-ser-o-rei-do-carnaval-de-loule-2023\\\/cultura\\\/10\\\/30\\\/\",\"name\":\"Algarvensis, aspirante a geoparque da Unesco, vai ser o rei do carnaval de Loul\u00e9 2023 - Algarve 7\",\"isPartOf\":{\"@id\":\"https:\\\/\\\/algarve7.pt\\\/#website\"},\"primaryImageOfPage\":{\"@id\":\"https:\\\/\\\/algarve7.pt\\\/index.php\\\/2023\\\/01\\\/algarvensis-aspirante-a-geoparque-da-unesco-vai-ser-o-rei-do-carnaval-de-loule-2023\\\/cultura\\\/10\\\/30\\\/#primaryimage\"},\"image\":{\"@id\":\"https:\\\/\\\/algarve7.pt\\\/index.php\\\/2023\\\/01\\\/algarvensis-aspirante-a-geoparque-da-unesco-vai-ser-o-rei-do-carnaval-de-loule-2023\\\/cultura\\\/10\\\/30\\\/#primaryimage\"},\"thumbnailUrl\":\"https:\\\/\\\/algarve7.pt\\\/wp-content\\\/uploads\\\/2023\\\/01\\\/Captura-de-ecra-2023-01-29-as-00.02.29.png\",\"datePublished\":\"2023-01-29T10:30:00+00:00\",\"description\":\"Algarvensis, aspirante a geoparque da Unesco, vai ser o rei do carnaval de Loul\u00e9 2023 Cultura\",\"breadcrumb\":{\"@id\":\"https:\\\/\\\/algarve7.pt\\\/index.php\\\/2023\\\/01\\\/algarvensis-aspirante-a-geoparque-da-unesco-vai-ser-o-rei-do-carnaval-de-loule-2023\\\/cultura\\\/10\\\/30\\\/#breadcrumb\"},\"inLanguage\":\"pt-PT\",\"potentialAction\":[{\"@type\":\"ReadAction\",\"target\":[\"https:\\\/\\\/algarve7.pt\\\/index.php\\\/2023\\\/01\\\/algarvensis-aspirante-a-geoparque-da-unesco-vai-ser-o-rei-do-carnaval-de-loule-2023\\\/cultura\\\/10\\\/30\\\/\"]}]},{\"@type\":\"ImageObject\",\"inLanguage\":\"pt-PT\",\"@id\":\"https:\\\/\\\/algarve7.pt\\\/index.php\\\/2023\\\/01\\\/algarvensis-aspirante-a-geoparque-da-unesco-vai-ser-o-rei-do-carnaval-de-loule-2023\\\/cultura\\\/10\\\/30\\\/#primaryimage\",\"url\":\"https:\\\/\\\/algarve7.pt\\\/wp-content\\\/uploads\\\/2023\\\/01\\\/Captura-de-ecra-2023-01-29-as-00.02.29.png\",\"contentUrl\":\"https:\\\/\\\/algarve7.pt\\\/wp-content\\\/uploads\\\/2023\\\/01\\\/Captura-de-ecra-2023-01-29-as-00.02.29.png\",\"width\":1024,\"height\":908},{\"@type\":\"BreadcrumbList\",\"@id\":\"https:\\\/\\\/algarve7.pt\\\/index.php\\\/2023\\\/01\\\/algarvensis-aspirante-a-geoparque-da-unesco-vai-ser-o-rei-do-carnaval-de-loule-2023\\\/cultura\\\/10\\\/30\\\/#breadcrumb\",\"itemListElement\":[{\"@type\":\"ListItem\",\"position\":1,\"name\":\"In\u00edcio\",\"item\":\"https:\\\/\\\/algarve7.pt\\\/\"},{\"@type\":\"ListItem\",\"position\":2,\"name\":\"Algarvensis, aspirante a geoparque da Unesco, vai ser o rei do carnaval de Loul\u00e9 2023\"}]},{\"@type\":\"WebSite\",\"@id\":\"https:\\\/\\\/algarve7.pt\\\/#website\",\"url\":\"https:\\\/\\\/algarve7.pt\\\/\",\"name\":\"Algarve 7\",\"description\":\"Informa\u00e7\u00e3o sobre o Algarve\",\"publisher\":{\"@id\":\"https:\\\/\\\/algarve7.pt\\\/#organization\"},\"potentialAction\":[{\"@type\":\"SearchAction\",\"target\":{\"@type\":\"EntryPoint\",\"urlTemplate\":\"https:\\\/\\\/algarve7.pt\\\/?s={search_term_string}\"},\"query-input\":{\"@type\":\"PropertyValueSpecification\",\"valueRequired\":true,\"valueName\":\"search_term_string\"}}],\"inLanguage\":\"pt-PT\"},{\"@type\":\"Organization\",\"@id\":\"https:\\\/\\\/algarve7.pt\\\/#organization\",\"name\":\"Algarve 7\",\"url\":\"https:\\\/\\\/algarve7.pt\\\/\",\"logo\":{\"@type\":\"ImageObject\",\"inLanguage\":\"pt-PT\",\"@id\":\"https:\\\/\\\/algarve7.pt\\\/#\\\/schema\\\/logo\\\/image\\\/\",\"url\":\"https:\\\/\\\/algarve7.pt\\\/wp-content\\\/uploads\\\/2020\\\/10\\\/Logo-8.jpg\",\"contentUrl\":\"https:\\\/\\\/algarve7.pt\\\/wp-content\\\/uploads\\\/2020\\\/10\\\/Logo-8.jpg\",\"width\":1680,\"height\":1186,\"caption\":\"Algarve 7\"},\"image\":{\"@id\":\"https:\\\/\\\/algarve7.pt\\\/#\\\/schema\\\/logo\\\/image\\\/\"},\"sameAs\":[\"https:\\\/\\\/www.facebook.com\\\/algarve7\",\"https:\\\/\\\/x.com\\\/Algarvesete\",\"https:\\\/\\\/www.instagram.com\\\/jornalalgarve7\\\/\",\"https:\\\/\\\/www.linkedin.com\\\/company\\\/algarve7\",\"https:\\\/\\\/www.pinterest.pt\\\/geral0939\\\/_created\\\/\"]},{\"@type\":\"Person\",\"@id\":\"https:\\\/\\\/algarve7.pt\\\/#\\\/schema\\\/person\\\/23fa70681308e7b319a3204bcea45e0c\",\"name\":\"Algarve 7\",\"sameAs\":[\"https:\\\/\\\/algarve7.pt\",\"https:\\\/\\\/www.facebook.com\\\/algarve7\"],\"url\":\"https:\\\/\\\/algarve7.pt\\\/index.php\\\/author\\\/geralalgarve7-pt\\\/\"}]}<\/script>\n<!-- \/ Yoast SEO plugin. -->","yoast_head_json":{"title":"Algarvensis, aspirante a geoparque da Unesco, vai ser o rei do carnaval de Loul\u00e9 2023 - Algarve 7","description":"Algarvensis, aspirante a geoparque da Unesco, vai ser o rei do carnaval de Loul\u00e9 2023 Cultura","robots":{"index":"index","follow":"follow","max-snippet":"max-snippet:-1","max-image-preview":"max-image-preview:large","max-video-preview":"max-video-preview:-1"},"canonical":"https:\/\/algarve7.pt\/index.php\/2023\/01\/algarvensis-aspirante-a-geoparque-da-unesco-vai-ser-o-rei-do-carnaval-de-loule-2023\/cultura\/10\/30\/","og_locale":"pt_PT","og_type":"article","og_title":"Algarvensis, aspirante a geoparque da Unesco, vai ser o rei do carnaval de Loul\u00e9 2023 - Algarve 7","og_description":"Algarvensis, aspirante a geoparque da Unesco, vai ser o rei do carnaval de Loul\u00e9 2023 Cultura","og_url":"https:\/\/algarve7.pt\/index.php\/2023\/01\/algarvensis-aspirante-a-geoparque-da-unesco-vai-ser-o-rei-do-carnaval-de-loule-2023\/cultura\/10\/30\/","og_site_name":"Algarve 7","article_publisher":"https:\/\/www.facebook.com\/algarve7","article_author":"https:\/\/www.facebook.com\/algarve7","article_published_time":"2023-01-29T10:30:00+00:00","og_image":[{"width":1024,"height":908,"url":"https:\/\/algarve7.pt\/wp-content\/uploads\/2023\/01\/Captura-de-ecra-2023-01-29-as-00.02.29.png","type":"image\/png"}],"author":"Algarve 7","twitter_card":"summary_large_image","twitter_creator":"@Algarvesete","twitter_site":"@Algarvesete","twitter_misc":{"Escrito por":"Algarve 7","Tempo estimado de leitura":"5 minutos"},"schema":{"@context":"https:\/\/schema.org","@graph":[{"@type":"Article","@id":"https:\/\/algarve7.pt\/index.php\/2023\/01\/algarvensis-aspirante-a-geoparque-da-unesco-vai-ser-o-rei-do-carnaval-de-loule-2023\/cultura\/10\/30\/#article","isPartOf":{"@id":"https:\/\/algarve7.pt\/index.php\/2023\/01\/algarvensis-aspirante-a-geoparque-da-unesco-vai-ser-o-rei-do-carnaval-de-loule-2023\/cultura\/10\/30\/"},"author":{"name":"Algarve 7","@id":"https:\/\/algarve7.pt\/#\/schema\/person\/23fa70681308e7b319a3204bcea45e0c"},"headline":"Algarvensis, aspirante a geoparque da Unesco, vai ser o rei do carnaval de Loul\u00e9 2023","datePublished":"2023-01-29T10:30:00+00:00","mainEntityOfPage":{"@id":"https:\/\/algarve7.pt\/index.php\/2023\/01\/algarvensis-aspirante-a-geoparque-da-unesco-vai-ser-o-rei-do-carnaval-de-loule-2023\/cultura\/10\/30\/"},"wordCount":812,"publisher":{"@id":"https:\/\/algarve7.pt\/#organization"},"image":{"@id":"https:\/\/algarve7.pt\/index.php\/2023\/01\/algarvensis-aspirante-a-geoparque-da-unesco-vai-ser-o-rei-do-carnaval-de-loule-2023\/cultura\/10\/30\/#primaryimage"},"thumbnailUrl":"https:\/\/algarve7.pt\/wp-content\/uploads\/2023\/01\/Captura-de-ecra-2023-01-29-as-00.02.29.png","keywords":["Algarve","Carnaval","Cultura","Loul\u00e9"],"articleSection":["Cultura"],"inLanguage":"pt-PT"},{"@type":"WebPage","@id":"https:\/\/algarve7.pt\/index.php\/2023\/01\/algarvensis-aspirante-a-geoparque-da-unesco-vai-ser-o-rei-do-carnaval-de-loule-2023\/cultura\/10\/30\/","url":"https:\/\/algarve7.pt\/index.php\/2023\/01\/algarvensis-aspirante-a-geoparque-da-unesco-vai-ser-o-rei-do-carnaval-de-loule-2023\/cultura\/10\/30\/","name":"Algarvensis, aspirante a geoparque da Unesco, vai ser o rei do carnaval de Loul\u00e9 2023 - Algarve 7","isPartOf":{"@id":"https:\/\/algarve7.pt\/#website"},"primaryImageOfPage":{"@id":"https:\/\/algarve7.pt\/index.php\/2023\/01\/algarvensis-aspirante-a-geoparque-da-unesco-vai-ser-o-rei-do-carnaval-de-loule-2023\/cultura\/10\/30\/#primaryimage"},"image":{"@id":"https:\/\/algarve7.pt\/index.php\/2023\/01\/algarvensis-aspirante-a-geoparque-da-unesco-vai-ser-o-rei-do-carnaval-de-loule-2023\/cultura\/10\/30\/#primaryimage"},"thumbnailUrl":"https:\/\/algarve7.pt\/wp-content\/uploads\/2023\/01\/Captura-de-ecra-2023-01-29-as-00.02.29.png","datePublished":"2023-01-29T10:30:00+00:00","description":"Algarvensis, aspirante a geoparque da Unesco, vai ser o rei do carnaval de Loul\u00e9 2023 Cultura","breadcrumb":{"@id":"https:\/\/algarve7.pt\/index.php\/2023\/01\/algarvensis-aspirante-a-geoparque-da-unesco-vai-ser-o-rei-do-carnaval-de-loule-2023\/cultura\/10\/30\/#breadcrumb"},"inLanguage":"pt-PT","potentialAction":[{"@type":"ReadAction","target":["https:\/\/algarve7.pt\/index.php\/2023\/01\/algarvensis-aspirante-a-geoparque-da-unesco-vai-ser-o-rei-do-carnaval-de-loule-2023\/cultura\/10\/30\/"]}]},{"@type":"ImageObject","inLanguage":"pt-PT","@id":"https:\/\/algarve7.pt\/index.php\/2023\/01\/algarvensis-aspirante-a-geoparque-da-unesco-vai-ser-o-rei-do-carnaval-de-loule-2023\/cultura\/10\/30\/#primaryimage","url":"https:\/\/algarve7.pt\/wp-content\/uploads\/2023\/01\/Captura-de-ecra-2023-01-29-as-00.02.29.png","contentUrl":"https:\/\/algarve7.pt\/wp-content\/uploads\/2023\/01\/Captura-de-ecra-2023-01-29-as-00.02.29.png","width":1024,"height":908},{"@type":"BreadcrumbList","@id":"https:\/\/algarve7.pt\/index.php\/2023\/01\/algarvensis-aspirante-a-geoparque-da-unesco-vai-ser-o-rei-do-carnaval-de-loule-2023\/cultura\/10\/30\/#breadcrumb","itemListElement":[{"@type":"ListItem","position":1,"name":"In\u00edcio","item":"https:\/\/algarve7.pt\/"},{"@type":"ListItem","position":2,"name":"Algarvensis, aspirante a geoparque da Unesco, vai ser o rei do carnaval de Loul\u00e9 2023"}]},{"@type":"WebSite","@id":"https:\/\/algarve7.pt\/#website","url":"https:\/\/algarve7.pt\/","name":"Algarve 7","description":"Informa\u00e7\u00e3o sobre o Algarve","publisher":{"@id":"https:\/\/algarve7.pt\/#organization"},"potentialAction":[{"@type":"SearchAction","target":{"@type":"EntryPoint","urlTemplate":"https:\/\/algarve7.pt\/?s={search_term_string}"},"query-input":{"@type":"PropertyValueSpecification","valueRequired":true,"valueName":"search_term_string"}}],"inLanguage":"pt-PT"},{"@type":"Organization","@id":"https:\/\/algarve7.pt\/#organization","name":"Algarve 7","url":"https:\/\/algarve7.pt\/","logo":{"@type":"ImageObject","inLanguage":"pt-PT","@id":"https:\/\/algarve7.pt\/#\/schema\/logo\/image\/","url":"https:\/\/algarve7.pt\/wp-content\/uploads\/2020\/10\/Logo-8.jpg","contentUrl":"https:\/\/algarve7.pt\/wp-content\/uploads\/2020\/10\/Logo-8.jpg","width":1680,"height":1186,"caption":"Algarve 7"},"image":{"@id":"https:\/\/algarve7.pt\/#\/schema\/logo\/image\/"},"sameAs":["https:\/\/www.facebook.com\/algarve7","https:\/\/x.com\/Algarvesete","https:\/\/www.instagram.com\/jornalalgarve7\/","https:\/\/www.linkedin.com\/company\/algarve7","https:\/\/www.pinterest.pt\/geral0939\/_created\/"]},{"@type":"Person","@id":"https:\/\/algarve7.pt\/#\/schema\/person\/23fa70681308e7b319a3204bcea45e0c","name":"Algarve 7","sameAs":["https:\/\/algarve7.pt","https:\/\/www.facebook.com\/algarve7"],"url":"https:\/\/algarve7.pt\/index.php\/author\/geralalgarve7-pt\/"}]}},"jetpack_publicize_connections":[],"jetpack_featured_media_url":"https:\/\/algarve7.pt\/wp-content\/uploads\/2023\/01\/Captura-de-ecra-2023-01-29-as-00.02.29.png","jetpack_shortlink":"https:\/\/wp.me\/pcezmW-6xM","jetpack_sharing_enabled":true,"_links":{"self":[{"href":"https:\/\/algarve7.pt\/index.php\/wp-json\/wp\/v2\/posts\/25158","targetHints":{"allow":["GET"]}}],"collection":[{"href":"https:\/\/algarve7.pt\/index.php\/wp-json\/wp\/v2\/posts"}],"about":[{"href":"https:\/\/algarve7.pt\/index.php\/wp-json\/wp\/v2\/types\/post"}],"author":[{"embeddable":true,"href":"https:\/\/algarve7.pt\/index.php\/wp-json\/wp\/v2\/users\/1"}],"replies":[{"embeddable":true,"href":"https:\/\/algarve7.pt\/index.php\/wp-json\/wp\/v2\/comments?post=25158"}],"version-history":[{"count":0,"href":"https:\/\/algarve7.pt\/index.php\/wp-json\/wp\/v2\/posts\/25158\/revisions"}],"wp:featuredmedia":[{"embeddable":true,"href":"https:\/\/algarve7.pt\/index.php\/wp-json\/wp\/v2\/media\/25159"}],"wp:attachment":[{"href":"https:\/\/algarve7.pt\/index.php\/wp-json\/wp\/v2\/media?parent=25158"}],"wp:term":[{"taxonomy":"category","embeddable":true,"href":"https:\/\/algarve7.pt\/index.php\/wp-json\/wp\/v2\/categories?post=25158"},{"taxonomy":"post_tag","embeddable":true,"href":"https:\/\/algarve7.pt\/index.php\/wp-json\/wp\/v2\/tags?post=25158"}],"curies":[{"name":"wp","href":"https:\/\/api.w.org\/{rel}","templated":true}]}}