{"id":25081,"date":"2023-01-24T17:47:59","date_gmt":"2023-01-24T17:47:59","guid":{"rendered":"https:\/\/algarve7.pt\/?p=25081"},"modified":"2023-01-24T17:48:01","modified_gmt":"2023-01-24T17:48:01","slug":"vrsa-defende-maior-proximidade-da-populacao-a-reserva-natural-do-sapal","status":"publish","type":"post","link":"https:\/\/algarve7.pt\/index.php\/2023\/01\/vrsa-defende-maior-proximidade-da-populacao-a-reserva-natural-do-sapal\/ambiente\/17\/47\/","title":{"rendered":"VRSA defende maior proximidade da popula\u00e7\u00e3o \u00e0 Reserva Natural do Sapal"},"content":{"rendered":"\n<p>Vila Real de Santo Ant\u00f3nio recebeu, esta ter\u00e7a-feira, a sess\u00e3o participativa \u00abPorque todos queremos uma Reserva Viva\u00bb, com vista a debater a estrat\u00e9gia de promo\u00e7\u00e3o, sensibiliza\u00e7\u00e3o e comunica\u00e7\u00e3o da Reserva Natural do Sapal de Castro Marim e Vila Real de Santo Ant\u00f3nio (RNSCMVRSA).<\/p>\n\n\n\n<p>A iniciativa decorreu na Biblioteca Municipal Vicente Campinas e procurou ouvir todas as partes interessadas na defesa e na gest\u00e3o da Reserva Natural e recolher propostas e ideias que contribuam para atingir o desenvolvimento sustent\u00e1vel daquela \u00e1rea protegida, compatibilizando-as com o seu modelo de cogest\u00e3o.<\/p>\n\n\n\n<p>O encontro contou com a presen\u00e7a do presidente da C\u00e2mara Municipal de VRSA, \u00c1lvaro Ara\u00fajo; do vereador com o pelouro do ambiente da C\u00e2mara Municipal de VRSA, \u00c1lvaro Leal; da cogestora da RNSCMVRSA representante da AMAL, Vanda Silva; e da cogestora representante do ICNF, Rosa Madeira.<\/p>\n\n\n\n<p>Registou ainda a presen\u00e7a de diversas associa\u00e7\u00f5es, cidad\u00e3os, empresas e quadros t\u00e9cnicos ligados \u00e0 gest\u00e3o do territ\u00f3rio.<\/p>\n\n\n\n<p>De acordo com o presidente da autarquia vila-realense, \u00c1lvaro Ara\u00fajo, \u00abimporta fazer com que as popula\u00e7\u00f5es de Vila Real de Santo Ant\u00f3nio sintam o sapal como seu e que possam ser libertadas todas as barreiras arquitet\u00f3nicas para que esta reserva natural &#8211; comum a dois munic\u00edpios &#8211; seja visitada e usufru\u00edda por todos, envolvendo tamb\u00e9m a comunidade escolar\u00bb.<\/p>\n\n\n\n<p>O plano de cogest\u00e3o da RNSCMVRSA visa, entre outros aspetos, a promo\u00e7\u00e3o de atividades econ\u00f3micas na reserva em conson\u00e2ncia com a prote\u00e7\u00e3o dos seus valores e recursos naturais; a valoriza\u00e7\u00e3o do territ\u00f3rio como local de lazer e aprendizagem; a promo\u00e7\u00e3o da atividade cient\u00edfica e a divulga\u00e7\u00e3o do patrim\u00f3nio cultural associado \u00e0 cultura do sal.<\/p>\n\n\n\n<p>Por outro lado, procura informar e sensibilizar as popula\u00e7\u00f5es acerca dos recursos naturais existentes e das boas pr\u00e1ticas de usufruto do territ\u00f3rio, aprofundando a gest\u00e3o colaborativa daquela zona h\u00famida.<\/p>\n\n\n\n<p>A RNSCMVRSA foi a primeira reserva natural criada em Portugal, em 1975, com o principal prop\u00f3sito de conservar a natureza atrav\u00e9s do equil\u00edbrio dos ecossistemas, da melhoria de condi\u00e7\u00f5es de vida das popula\u00e7\u00f5es residentes, da valoriza\u00e7\u00e3o das atividades tradicionais e da prote\u00e7\u00e3o do patrim\u00f3nio paisag\u00edstico.<\/p>\n\n\n\n<p>\u00c9 uma das mais importantes zonas h\u00famidas do pa\u00eds, com 2.307,99ha, da qual fazem parte um complexo sistema de \u00e1reas de sapal, canais, corpos de \u00e1gua salobra, salinas, espa\u00e7os secos para uso agr\u00edcola, algumas \u00e1reas de mato e um pequeno espa\u00e7o com montado de sobro.<\/p>\n","protected":false},"excerpt":{"rendered":"<p>Vila Real de Santo Ant\u00f3nio recebeu, esta ter\u00e7a-feira, a sess\u00e3o participativa \u00abPorque todos queremos uma Reserva Viva\u00bb, com vista a<\/p>\n","protected":false},"author":1,"featured_media":25082,"comment_status":"closed","ping_status":"open","sticky":false,"template":"","format":"standard","meta":{"colormag_page_container_layout":"default_layout","colormag_page_sidebar_layout":"default_layout","_monsterinsights_skip_tracking":false,"_monsterinsights_sitenote_active":false,"_monsterinsights_sitenote_note":"","_monsterinsights_sitenote_category":0,"jetpack_post_was_ever_published":false,"_jetpack_newsletter_access":"","_jetpack_dont_email_post_to_subs":false,"_jetpack_newsletter_tier_id":0,"_jetpack_memberships_contains_paywalled_content":false,"_jetpack_memberships_contains_paid_content":false,"footnotes":"","jetpack_publicize_message":"","jetpack_publicize_feature_enabled":true,"jetpack_social_post_already_shared":true,"jetpack_social_options":{"image_generator_settings":{"template":"highway","default_image_id":0,"font":"","enabled":false},"version":2}},"categories":[5],"tags":[36,32,862,123],"class_list":["post-25081","post","type-post","status-publish","format-standard","has-post-thumbnail","hentry","category-ambiente","tag-algarve","tag-ambiente","tag-reserva-natural-do-sapal","tag-vila-real-de-sto-antonio"],"yoast_head":"<!-- This site is optimized with the Yoast SEO plugin v27.5 - https:\/\/yoast.com\/product\/yoast-seo-wordpress\/ -->\n<title>VRSA defende maior proximidade da popula\u00e7\u00e3o \u00e0 Reserva Natural do Sapal - Algarve 7<\/title>\n<meta name=\"description\" content=\"VRSA defende maior proximidade da popula\u00e7\u00e3o \u00e0 Reserva Natural do Sapal Ambiente\" \/>\n<meta name=\"robots\" content=\"index, follow, max-snippet:-1, max-image-preview:large, max-video-preview:-1\" \/>\n<link rel=\"canonical\" href=\"https:\/\/algarve7.pt\/index.php\/2023\/01\/vrsa-defende-maior-proximidade-da-populacao-a-reserva-natural-do-sapal\/ambiente\/17\/47\/\" \/>\n<meta property=\"og:locale\" content=\"pt_PT\" \/>\n<meta property=\"og:type\" content=\"article\" \/>\n<meta property=\"og:title\" content=\"VRSA defende maior proximidade da popula\u00e7\u00e3o \u00e0 Reserva Natural do Sapal - Algarve 7\" \/>\n<meta property=\"og:description\" content=\"VRSA defende maior proximidade da popula\u00e7\u00e3o \u00e0 Reserva Natural do Sapal Ambiente\" \/>\n<meta property=\"og:url\" content=\"https:\/\/algarve7.pt\/index.php\/2023\/01\/vrsa-defende-maior-proximidade-da-populacao-a-reserva-natural-do-sapal\/ambiente\/17\/47\/\" \/>\n<meta property=\"og:site_name\" content=\"Algarve 7\" \/>\n<meta property=\"article:publisher\" content=\"https:\/\/www.facebook.com\/algarve7\" \/>\n<meta property=\"article:author\" content=\"https:\/\/www.facebook.com\/algarve7\" \/>\n<meta property=\"article:published_time\" content=\"2023-01-24T17:47:59+00:00\" \/>\n<meta property=\"article:modified_time\" content=\"2023-01-24T17:48:01+00:00\" \/>\n<meta property=\"og:image\" content=\"https:\/\/algarve7.pt\/wp-content\/uploads\/2023\/01\/Sessao-participativa_RNSCMVRSA-2.jpeg\" \/>\n\t<meta property=\"og:image:width\" content=\"1024\" \/>\n\t<meta property=\"og:image:height\" content=\"768\" \/>\n\t<meta property=\"og:image:type\" content=\"image\/jpeg\" \/>\n<meta name=\"author\" content=\"Algarve 7\" \/>\n<meta name=\"twitter:card\" content=\"summary_large_image\" \/>\n<meta name=\"twitter:creator\" content=\"@Algarvesete\" \/>\n<meta name=\"twitter:site\" content=\"@Algarvesete\" \/>\n<meta name=\"twitter:label1\" content=\"Escrito por\" \/>\n\t<meta name=\"twitter:data1\" content=\"Algarve 7\" \/>\n\t<meta name=\"twitter:label2\" content=\"Tempo estimado de leitura\" \/>\n\t<meta name=\"twitter:data2\" content=\"3 minutos\" \/>\n<script type=\"application\/ld+json\" class=\"yoast-schema-graph\">{\"@context\":\"https:\\\/\\\/schema.org\",\"@graph\":[{\"@type\":\"Article\",\"@id\":\"https:\\\/\\\/algarve7.pt\\\/index.php\\\/2023\\\/01\\\/vrsa-defende-maior-proximidade-da-populacao-a-reserva-natural-do-sapal\\\/ambiente\\\/17\\\/47\\\/#article\",\"isPartOf\":{\"@id\":\"https:\\\/\\\/algarve7.pt\\\/index.php\\\/2023\\\/01\\\/vrsa-defende-maior-proximidade-da-populacao-a-reserva-natural-do-sapal\\\/ambiente\\\/17\\\/47\\\/\"},\"author\":{\"name\":\"Algarve 7\",\"@id\":\"https:\\\/\\\/algarve7.pt\\\/#\\\/schema\\\/person\\\/23fa70681308e7b319a3204bcea45e0c\"},\"headline\":\"VRSA defende maior proximidade da popula\u00e7\u00e3o \u00e0 Reserva Natural do Sapal\",\"datePublished\":\"2023-01-24T17:47:59+00:00\",\"dateModified\":\"2023-01-24T17:48:01+00:00\",\"mainEntityOfPage\":{\"@id\":\"https:\\\/\\\/algarve7.pt\\\/index.php\\\/2023\\\/01\\\/vrsa-defende-maior-proximidade-da-populacao-a-reserva-natural-do-sapal\\\/ambiente\\\/17\\\/47\\\/\"},\"wordCount\":447,\"publisher\":{\"@id\":\"https:\\\/\\\/algarve7.pt\\\/#organization\"},\"image\":{\"@id\":\"https:\\\/\\\/algarve7.pt\\\/index.php\\\/2023\\\/01\\\/vrsa-defende-maior-proximidade-da-populacao-a-reserva-natural-do-sapal\\\/ambiente\\\/17\\\/47\\\/#primaryimage\"},\"thumbnailUrl\":\"https:\\\/\\\/algarve7.pt\\\/wp-content\\\/uploads\\\/2023\\\/01\\\/Sessao-participativa_RNSCMVRSA-2.jpeg\",\"keywords\":[\"Algarve\",\"Ambiente\",\"Reserva Natural do Sapal\",\"Vila Real de St\u00ba Ant\u00f3nio\"],\"articleSection\":[\"Ambiente\"],\"inLanguage\":\"pt-PT\"},{\"@type\":\"WebPage\",\"@id\":\"https:\\\/\\\/algarve7.pt\\\/index.php\\\/2023\\\/01\\\/vrsa-defende-maior-proximidade-da-populacao-a-reserva-natural-do-sapal\\\/ambiente\\\/17\\\/47\\\/\",\"url\":\"https:\\\/\\\/algarve7.pt\\\/index.php\\\/2023\\\/01\\\/vrsa-defende-maior-proximidade-da-populacao-a-reserva-natural-do-sapal\\\/ambiente\\\/17\\\/47\\\/\",\"name\":\"VRSA defende maior proximidade da popula\u00e7\u00e3o \u00e0 Reserva Natural do Sapal - Algarve 7\",\"isPartOf\":{\"@id\":\"https:\\\/\\\/algarve7.pt\\\/#website\"},\"primaryImageOfPage\":{\"@id\":\"https:\\\/\\\/algarve7.pt\\\/index.php\\\/2023\\\/01\\\/vrsa-defende-maior-proximidade-da-populacao-a-reserva-natural-do-sapal\\\/ambiente\\\/17\\\/47\\\/#primaryimage\"},\"image\":{\"@id\":\"https:\\\/\\\/algarve7.pt\\\/index.php\\\/2023\\\/01\\\/vrsa-defende-maior-proximidade-da-populacao-a-reserva-natural-do-sapal\\\/ambiente\\\/17\\\/47\\\/#primaryimage\"},\"thumbnailUrl\":\"https:\\\/\\\/algarve7.pt\\\/wp-content\\\/uploads\\\/2023\\\/01\\\/Sessao-participativa_RNSCMVRSA-2.jpeg\",\"datePublished\":\"2023-01-24T17:47:59+00:00\",\"dateModified\":\"2023-01-24T17:48:01+00:00\",\"description\":\"VRSA defende maior proximidade da popula\u00e7\u00e3o \u00e0 Reserva Natural do Sapal Ambiente\",\"breadcrumb\":{\"@id\":\"https:\\\/\\\/algarve7.pt\\\/index.php\\\/2023\\\/01\\\/vrsa-defende-maior-proximidade-da-populacao-a-reserva-natural-do-sapal\\\/ambiente\\\/17\\\/47\\\/#breadcrumb\"},\"inLanguage\":\"pt-PT\",\"potentialAction\":[{\"@type\":\"ReadAction\",\"target\":[\"https:\\\/\\\/algarve7.pt\\\/index.php\\\/2023\\\/01\\\/vrsa-defende-maior-proximidade-da-populacao-a-reserva-natural-do-sapal\\\/ambiente\\\/17\\\/47\\\/\"]}]},{\"@type\":\"ImageObject\",\"inLanguage\":\"pt-PT\",\"@id\":\"https:\\\/\\\/algarve7.pt\\\/index.php\\\/2023\\\/01\\\/vrsa-defende-maior-proximidade-da-populacao-a-reserva-natural-do-sapal\\\/ambiente\\\/17\\\/47\\\/#primaryimage\",\"url\":\"https:\\\/\\\/algarve7.pt\\\/wp-content\\\/uploads\\\/2023\\\/01\\\/Sessao-participativa_RNSCMVRSA-2.jpeg\",\"contentUrl\":\"https:\\\/\\\/algarve7.pt\\\/wp-content\\\/uploads\\\/2023\\\/01\\\/Sessao-participativa_RNSCMVRSA-2.jpeg\",\"width\":1024,\"height\":768},{\"@type\":\"BreadcrumbList\",\"@id\":\"https:\\\/\\\/algarve7.pt\\\/index.php\\\/2023\\\/01\\\/vrsa-defende-maior-proximidade-da-populacao-a-reserva-natural-do-sapal\\\/ambiente\\\/17\\\/47\\\/#breadcrumb\",\"itemListElement\":[{\"@type\":\"ListItem\",\"position\":1,\"name\":\"In\u00edcio\",\"item\":\"https:\\\/\\\/algarve7.pt\\\/\"},{\"@type\":\"ListItem\",\"position\":2,\"name\":\"VRSA defende maior proximidade da popula\u00e7\u00e3o \u00e0 Reserva Natural do Sapal\"}]},{\"@type\":\"WebSite\",\"@id\":\"https:\\\/\\\/algarve7.pt\\\/#website\",\"url\":\"https:\\\/\\\/algarve7.pt\\\/\",\"name\":\"Algarve 7\",\"description\":\"Informa\u00e7\u00e3o sobre o Algarve\",\"publisher\":{\"@id\":\"https:\\\/\\\/algarve7.pt\\\/#organization\"},\"potentialAction\":[{\"@type\":\"SearchAction\",\"target\":{\"@type\":\"EntryPoint\",\"urlTemplate\":\"https:\\\/\\\/algarve7.pt\\\/?s={search_term_string}\"},\"query-input\":{\"@type\":\"PropertyValueSpecification\",\"valueRequired\":true,\"valueName\":\"search_term_string\"}}],\"inLanguage\":\"pt-PT\"},{\"@type\":\"Organization\",\"@id\":\"https:\\\/\\\/algarve7.pt\\\/#organization\",\"name\":\"Algarve 7\",\"url\":\"https:\\\/\\\/algarve7.pt\\\/\",\"logo\":{\"@type\":\"ImageObject\",\"inLanguage\":\"pt-PT\",\"@id\":\"https:\\\/\\\/algarve7.pt\\\/#\\\/schema\\\/logo\\\/image\\\/\",\"url\":\"https:\\\/\\\/algarve7.pt\\\/wp-content\\\/uploads\\\/2020\\\/10\\\/Logo-8.jpg\",\"contentUrl\":\"https:\\\/\\\/algarve7.pt\\\/wp-content\\\/uploads\\\/2020\\\/10\\\/Logo-8.jpg\",\"width\":1680,\"height\":1186,\"caption\":\"Algarve 7\"},\"image\":{\"@id\":\"https:\\\/\\\/algarve7.pt\\\/#\\\/schema\\\/logo\\\/image\\\/\"},\"sameAs\":[\"https:\\\/\\\/www.facebook.com\\\/algarve7\",\"https:\\\/\\\/x.com\\\/Algarvesete\",\"https:\\\/\\\/www.instagram.com\\\/jornalalgarve7\\\/\",\"https:\\\/\\\/www.linkedin.com\\\/company\\\/algarve7\",\"https:\\\/\\\/www.pinterest.pt\\\/geral0939\\\/_created\\\/\"]},{\"@type\":\"Person\",\"@id\":\"https:\\\/\\\/algarve7.pt\\\/#\\\/schema\\\/person\\\/23fa70681308e7b319a3204bcea45e0c\",\"name\":\"Algarve 7\",\"sameAs\":[\"https:\\\/\\\/algarve7.pt\",\"https:\\\/\\\/www.facebook.com\\\/algarve7\"],\"url\":\"https:\\\/\\\/algarve7.pt\\\/index.php\\\/author\\\/geralalgarve7-pt\\\/\"}]}<\/script>\n<!-- \/ Yoast SEO plugin. -->","yoast_head_json":{"title":"VRSA defende maior proximidade da popula\u00e7\u00e3o \u00e0 Reserva Natural do Sapal - Algarve 7","description":"VRSA defende maior proximidade da popula\u00e7\u00e3o \u00e0 Reserva Natural do Sapal Ambiente","robots":{"index":"index","follow":"follow","max-snippet":"max-snippet:-1","max-image-preview":"max-image-preview:large","max-video-preview":"max-video-preview:-1"},"canonical":"https:\/\/algarve7.pt\/index.php\/2023\/01\/vrsa-defende-maior-proximidade-da-populacao-a-reserva-natural-do-sapal\/ambiente\/17\/47\/","og_locale":"pt_PT","og_type":"article","og_title":"VRSA defende maior proximidade da popula\u00e7\u00e3o \u00e0 Reserva Natural do Sapal - Algarve 7","og_description":"VRSA defende maior proximidade da popula\u00e7\u00e3o \u00e0 Reserva Natural do Sapal Ambiente","og_url":"https:\/\/algarve7.pt\/index.php\/2023\/01\/vrsa-defende-maior-proximidade-da-populacao-a-reserva-natural-do-sapal\/ambiente\/17\/47\/","og_site_name":"Algarve 7","article_publisher":"https:\/\/www.facebook.com\/algarve7","article_author":"https:\/\/www.facebook.com\/algarve7","article_published_time":"2023-01-24T17:47:59+00:00","article_modified_time":"2023-01-24T17:48:01+00:00","og_image":[{"width":1024,"height":768,"url":"https:\/\/algarve7.pt\/wp-content\/uploads\/2023\/01\/Sessao-participativa_RNSCMVRSA-2.jpeg","type":"image\/jpeg"}],"author":"Algarve 7","twitter_card":"summary_large_image","twitter_creator":"@Algarvesete","twitter_site":"@Algarvesete","twitter_misc":{"Escrito por":"Algarve 7","Tempo estimado de leitura":"3 minutos"},"schema":{"@context":"https:\/\/schema.org","@graph":[{"@type":"Article","@id":"https:\/\/algarve7.pt\/index.php\/2023\/01\/vrsa-defende-maior-proximidade-da-populacao-a-reserva-natural-do-sapal\/ambiente\/17\/47\/#article","isPartOf":{"@id":"https:\/\/algarve7.pt\/index.php\/2023\/01\/vrsa-defende-maior-proximidade-da-populacao-a-reserva-natural-do-sapal\/ambiente\/17\/47\/"},"author":{"name":"Algarve 7","@id":"https:\/\/algarve7.pt\/#\/schema\/person\/23fa70681308e7b319a3204bcea45e0c"},"headline":"VRSA defende maior proximidade da popula\u00e7\u00e3o \u00e0 Reserva Natural do Sapal","datePublished":"2023-01-24T17:47:59+00:00","dateModified":"2023-01-24T17:48:01+00:00","mainEntityOfPage":{"@id":"https:\/\/algarve7.pt\/index.php\/2023\/01\/vrsa-defende-maior-proximidade-da-populacao-a-reserva-natural-do-sapal\/ambiente\/17\/47\/"},"wordCount":447,"publisher":{"@id":"https:\/\/algarve7.pt\/#organization"},"image":{"@id":"https:\/\/algarve7.pt\/index.php\/2023\/01\/vrsa-defende-maior-proximidade-da-populacao-a-reserva-natural-do-sapal\/ambiente\/17\/47\/#primaryimage"},"thumbnailUrl":"https:\/\/algarve7.pt\/wp-content\/uploads\/2023\/01\/Sessao-participativa_RNSCMVRSA-2.jpeg","keywords":["Algarve","Ambiente","Reserva Natural do Sapal","Vila Real de St\u00ba Ant\u00f3nio"],"articleSection":["Ambiente"],"inLanguage":"pt-PT"},{"@type":"WebPage","@id":"https:\/\/algarve7.pt\/index.php\/2023\/01\/vrsa-defende-maior-proximidade-da-populacao-a-reserva-natural-do-sapal\/ambiente\/17\/47\/","url":"https:\/\/algarve7.pt\/index.php\/2023\/01\/vrsa-defende-maior-proximidade-da-populacao-a-reserva-natural-do-sapal\/ambiente\/17\/47\/","name":"VRSA defende maior proximidade da popula\u00e7\u00e3o \u00e0 Reserva Natural do Sapal - Algarve 7","isPartOf":{"@id":"https:\/\/algarve7.pt\/#website"},"primaryImageOfPage":{"@id":"https:\/\/algarve7.pt\/index.php\/2023\/01\/vrsa-defende-maior-proximidade-da-populacao-a-reserva-natural-do-sapal\/ambiente\/17\/47\/#primaryimage"},"image":{"@id":"https:\/\/algarve7.pt\/index.php\/2023\/01\/vrsa-defende-maior-proximidade-da-populacao-a-reserva-natural-do-sapal\/ambiente\/17\/47\/#primaryimage"},"thumbnailUrl":"https:\/\/algarve7.pt\/wp-content\/uploads\/2023\/01\/Sessao-participativa_RNSCMVRSA-2.jpeg","datePublished":"2023-01-24T17:47:59+00:00","dateModified":"2023-01-24T17:48:01+00:00","description":"VRSA defende maior proximidade da popula\u00e7\u00e3o \u00e0 Reserva Natural do Sapal Ambiente","breadcrumb":{"@id":"https:\/\/algarve7.pt\/index.php\/2023\/01\/vrsa-defende-maior-proximidade-da-populacao-a-reserva-natural-do-sapal\/ambiente\/17\/47\/#breadcrumb"},"inLanguage":"pt-PT","potentialAction":[{"@type":"ReadAction","target":["https:\/\/algarve7.pt\/index.php\/2023\/01\/vrsa-defende-maior-proximidade-da-populacao-a-reserva-natural-do-sapal\/ambiente\/17\/47\/"]}]},{"@type":"ImageObject","inLanguage":"pt-PT","@id":"https:\/\/algarve7.pt\/index.php\/2023\/01\/vrsa-defende-maior-proximidade-da-populacao-a-reserva-natural-do-sapal\/ambiente\/17\/47\/#primaryimage","url":"https:\/\/algarve7.pt\/wp-content\/uploads\/2023\/01\/Sessao-participativa_RNSCMVRSA-2.jpeg","contentUrl":"https:\/\/algarve7.pt\/wp-content\/uploads\/2023\/01\/Sessao-participativa_RNSCMVRSA-2.jpeg","width":1024,"height":768},{"@type":"BreadcrumbList","@id":"https:\/\/algarve7.pt\/index.php\/2023\/01\/vrsa-defende-maior-proximidade-da-populacao-a-reserva-natural-do-sapal\/ambiente\/17\/47\/#breadcrumb","itemListElement":[{"@type":"ListItem","position":1,"name":"In\u00edcio","item":"https:\/\/algarve7.pt\/"},{"@type":"ListItem","position":2,"name":"VRSA defende maior proximidade da popula\u00e7\u00e3o \u00e0 Reserva Natural do Sapal"}]},{"@type":"WebSite","@id":"https:\/\/algarve7.pt\/#website","url":"https:\/\/algarve7.pt\/","name":"Algarve 7","description":"Informa\u00e7\u00e3o sobre o Algarve","publisher":{"@id":"https:\/\/algarve7.pt\/#organization"},"potentialAction":[{"@type":"SearchAction","target":{"@type":"EntryPoint","urlTemplate":"https:\/\/algarve7.pt\/?s={search_term_string}"},"query-input":{"@type":"PropertyValueSpecification","valueRequired":true,"valueName":"search_term_string"}}],"inLanguage":"pt-PT"},{"@type":"Organization","@id":"https:\/\/algarve7.pt\/#organization","name":"Algarve 7","url":"https:\/\/algarve7.pt\/","logo":{"@type":"ImageObject","inLanguage":"pt-PT","@id":"https:\/\/algarve7.pt\/#\/schema\/logo\/image\/","url":"https:\/\/algarve7.pt\/wp-content\/uploads\/2020\/10\/Logo-8.jpg","contentUrl":"https:\/\/algarve7.pt\/wp-content\/uploads\/2020\/10\/Logo-8.jpg","width":1680,"height":1186,"caption":"Algarve 7"},"image":{"@id":"https:\/\/algarve7.pt\/#\/schema\/logo\/image\/"},"sameAs":["https:\/\/www.facebook.com\/algarve7","https:\/\/x.com\/Algarvesete","https:\/\/www.instagram.com\/jornalalgarve7\/","https:\/\/www.linkedin.com\/company\/algarve7","https:\/\/www.pinterest.pt\/geral0939\/_created\/"]},{"@type":"Person","@id":"https:\/\/algarve7.pt\/#\/schema\/person\/23fa70681308e7b319a3204bcea45e0c","name":"Algarve 7","sameAs":["https:\/\/algarve7.pt","https:\/\/www.facebook.com\/algarve7"],"url":"https:\/\/algarve7.pt\/index.php\/author\/geralalgarve7-pt\/"}]}},"jetpack_publicize_connections":[],"jetpack_featured_media_url":"https:\/\/algarve7.pt\/wp-content\/uploads\/2023\/01\/Sessao-participativa_RNSCMVRSA-2.jpeg","jetpack_shortlink":"https:\/\/wp.me\/pcezmW-6wx","jetpack_sharing_enabled":true,"_links":{"self":[{"href":"https:\/\/algarve7.pt\/index.php\/wp-json\/wp\/v2\/posts\/25081","targetHints":{"allow":["GET"]}}],"collection":[{"href":"https:\/\/algarve7.pt\/index.php\/wp-json\/wp\/v2\/posts"}],"about":[{"href":"https:\/\/algarve7.pt\/index.php\/wp-json\/wp\/v2\/types\/post"}],"author":[{"embeddable":true,"href":"https:\/\/algarve7.pt\/index.php\/wp-json\/wp\/v2\/users\/1"}],"replies":[{"embeddable":true,"href":"https:\/\/algarve7.pt\/index.php\/wp-json\/wp\/v2\/comments?post=25081"}],"version-history":[{"count":0,"href":"https:\/\/algarve7.pt\/index.php\/wp-json\/wp\/v2\/posts\/25081\/revisions"}],"wp:featuredmedia":[{"embeddable":true,"href":"https:\/\/algarve7.pt\/index.php\/wp-json\/wp\/v2\/media\/25082"}],"wp:attachment":[{"href":"https:\/\/algarve7.pt\/index.php\/wp-json\/wp\/v2\/media?parent=25081"}],"wp:term":[{"taxonomy":"category","embeddable":true,"href":"https:\/\/algarve7.pt\/index.php\/wp-json\/wp\/v2\/categories?post=25081"},{"taxonomy":"post_tag","embeddable":true,"href":"https:\/\/algarve7.pt\/index.php\/wp-json\/wp\/v2\/tags?post=25081"}],"curies":[{"name":"wp","href":"https:\/\/api.w.org\/{rel}","templated":true}]}}