{"id":25042,"date":"2023-01-24T09:36:17","date_gmt":"2023-01-24T09:36:17","guid":{"rendered":"https:\/\/algarve7.pt\/?p=25042"},"modified":"2023-01-24T09:36:18","modified_gmt":"2023-01-24T09:36:18","slug":"lagoa-inaugurou-a-zona-desportiva-da-espamol-e-area-de-lazer","status":"publish","type":"post","link":"https:\/\/algarve7.pt\/index.php\/2023\/01\/lagoa-inaugurou-a-zona-desportiva-da-espamol-e-area-de-lazer\/desporto\/09\/36\/","title":{"rendered":"Lagoa inaugurou a zona desportiva da ESPAMOL e \u00e1rea de lazer"},"content":{"rendered":"\n<p>A Cidade de Lagoa e o Agrupamento de Escolas ESPAMOL, tem a partir de ontem uma nova zona desportiva e uma nova \u00e1rea de lazer, inaugurada com pompa e circunst\u00e2ncia, que estar\u00e1 ao dispor da comunidade escolar, da popula\u00e7\u00e3o e das associa\u00e7\u00f5es desportivas do concelho.<\/p>\n\n\n\n<p>A inaugura\u00e7\u00e3o contou com a presen\u00e7a do Secret\u00e1rio de Estado da Juventude e do Desporto, Jo\u00e3o Paulo Correia, do Presidente da C\u00e2mara Municipal de Lagoa, Lu\u00eds Encarna\u00e7\u00e3o, do Diretor Regional do Instituto Portugu\u00eas do Desporto e Juventude, Cust\u00f3dio Moreno, do deputado da Assembleia da Rep\u00fablica, Lu\u00eds Gra\u00e7a, do Presidente da Federa\u00e7\u00e3o Portuguesa de Futev\u00f3lei, Carlos Coimbra, do Presidente da Associa\u00e7\u00e3o de Basquetebol do Algarve, Eduardo Cruz, do representante da Associa\u00e7\u00e3o de Futebol do Algarve, Miguel Boto, da Diretora do Agrupamento de Escolas ESPAMOL, Em\u00edlia Vicente, e dos membros da dire\u00e7\u00e3o, do Presidente da Assembleia Municipal de Lagoa, \u00c1guas da Cruz, dos Vereadores, com pelouros atribu\u00eddos, do executivo municipal, e v\u00e1rios t\u00e9cnicos do munic\u00edpio e da comunica\u00e7\u00e3o social local e regional.<\/p>\n\n\n\n<p>Esta nova zona desportiva e \u00e1rea de lazer est\u00e1 equipada com um campo de futebol, uma bancada com capacidade para 220 lugares, tr\u00eas pistas para treinar velocidade, uma pista para treinar salto em comprimento, um campo de futev\u00f3lei, um campo de basquetebol, um circuito de corrida com seis aparelhos de fitness e quatro zonas de lazer. No total s\u00e3o cerca de 8 mil metros quadrados de \u00e1rea, onde foram investidos mais de 750 mil euros por parte do Munic\u00edpio de Lagoa.&nbsp;&nbsp; &nbsp;<\/p>\n\n\n\n<p>Esta zona desportiva requalificada e nova \u00e1rea de lazer resulta de um protocolo de coopera\u00e7\u00e3o celebrado entre o Munic\u00edpio de Lagoa e o Minist\u00e9rio da Educa\u00e7\u00e3o, que permitiu que a Escola Secund\u00e1ria Padre Ant\u00f3nio Martins de Oliveira fique dotada de melhores condi\u00e7\u00f5es para a pr\u00e1tica desportiva, local onde est\u00e1 implementado umas das Unidades de Apoio ao Alto Rendimento na Escola (UAARE), que articula a<\/p>\n\n\n\n<p>carreira dual dos alunos, visando a concilia\u00e7\u00e3o entre o sucesso escolar e desportivo. Permite, igualmente, que os Lagoenses tenham mais uma zona onde podem praticar desporto de uma forma informal.<\/p>\n\n\n\n<p>A zona desportiva e a \u00e1rea de lazer ficar\u00e3o afetos ao Agrupamento de Escolas ESPAMOL durante o hor\u00e1rio escolar e abertos \u00e0 popula\u00e7\u00e3o e \u00e0s coletividades locais fora do hor\u00e1rio e per\u00edodos escolares.<\/p>\n\n\n\n<p><strong>\u201c<\/strong>\u00c9 para n\u00f3s Lagoenses um enorme orgulho receber o Secret\u00e1rio de Estado da Juventude e do Desporto, Jo\u00e3o Paulo Correia, e inaugurar mais um espa\u00e7o para a pr\u00e1tica desportiva, no nosso concelho. \u00c9 com obras como esta que promovemos a pr\u00e1tica desportiva e h\u00e1bitos saud\u00e1veis nas nossas crian\u00e7as e jovens, mas tamb\u00e9m junto da popula\u00e7\u00e3o s\u00e9nior\u201d, afirmou Lu\u00eds Encarna\u00e7\u00e3o, Presidente da C\u00e2mara Municipal de Lagoa<\/p>\n","protected":false},"excerpt":{"rendered":"<p>A Cidade de Lagoa e o Agrupamento de Escolas ESPAMOL, tem a partir de ontem uma nova zona desportiva e<\/p>\n","protected":false},"author":1,"featured_media":25043,"comment_status":"closed","ping_status":"open","sticky":false,"template":"","format":"standard","meta":{"colormag_page_container_layout":"default_layout","colormag_page_sidebar_layout":"default_layout","_monsterinsights_skip_tracking":false,"_monsterinsights_sitenote_active":false,"_monsterinsights_sitenote_note":"","_monsterinsights_sitenote_category":0,"jetpack_post_was_ever_published":false,"_jetpack_newsletter_access":"","_jetpack_dont_email_post_to_subs":false,"_jetpack_newsletter_tier_id":0,"_jetpack_memberships_contains_paywalled_content":false,"_jetpack_memberships_contains_paid_content":false,"footnotes":"","jetpack_publicize_message":"","jetpack_publicize_feature_enabled":true,"jetpack_social_post_already_shared":true,"jetpack_social_options":{"image_generator_settings":{"template":"highway","default_image_id":0,"font":"","enabled":false},"version":2}},"categories":[15],"tags":[36,40,85,48],"class_list":["post-25042","post","type-post","status-publish","format-standard","has-post-thumbnail","hentry","category-desporto","tag-algarve","tag-desporto","tag-inauguracao","tag-lagoa"],"yoast_head":"<!-- This site is optimized with the Yoast SEO plugin v27.5 - https:\/\/yoast.com\/product\/yoast-seo-wordpress\/ -->\n<title>Lagoa inaugurou a zona desportiva da ESPAMOL e \u00e1rea de lazer - Algarve 7<\/title>\n<meta name=\"description\" content=\"Lagoa inaugurou a zona desportiva da ESPAMOL e \u00e1rea de lazer Desporto\" \/>\n<meta name=\"robots\" content=\"index, follow, max-snippet:-1, max-image-preview:large, max-video-preview:-1\" \/>\n<link rel=\"canonical\" href=\"https:\/\/algarve7.pt\/index.php\/2023\/01\/lagoa-inaugurou-a-zona-desportiva-da-espamol-e-area-de-lazer\/desporto\/09\/36\/\" \/>\n<meta property=\"og:locale\" content=\"pt_PT\" \/>\n<meta property=\"og:type\" content=\"article\" \/>\n<meta property=\"og:title\" content=\"Lagoa inaugurou a zona desportiva da ESPAMOL e \u00e1rea de lazer - Algarve 7\" \/>\n<meta property=\"og:description\" content=\"Lagoa inaugurou a zona desportiva da ESPAMOL e \u00e1rea de lazer Desporto\" \/>\n<meta property=\"og:url\" content=\"https:\/\/algarve7.pt\/index.php\/2023\/01\/lagoa-inaugurou-a-zona-desportiva-da-espamol-e-area-de-lazer\/desporto\/09\/36\/\" \/>\n<meta property=\"og:site_name\" content=\"Algarve 7\" \/>\n<meta property=\"article:publisher\" content=\"https:\/\/www.facebook.com\/algarve7\" \/>\n<meta property=\"article:author\" content=\"https:\/\/www.facebook.com\/algarve7\" \/>\n<meta property=\"article:published_time\" content=\"2023-01-24T09:36:17+00:00\" \/>\n<meta property=\"article:modified_time\" content=\"2023-01-24T09:36:18+00:00\" \/>\n<meta property=\"og:image\" content=\"https:\/\/algarve7.pt\/wp-content\/uploads\/2023\/01\/DSC00260.jpg\" \/>\n\t<meta property=\"og:image:width\" content=\"1024\" \/>\n\t<meta property=\"og:image:height\" content=\"683\" \/>\n\t<meta property=\"og:image:type\" content=\"image\/jpeg\" \/>\n<meta name=\"author\" content=\"Algarve 7\" \/>\n<meta name=\"twitter:card\" content=\"summary_large_image\" \/>\n<meta name=\"twitter:creator\" content=\"@Algarvesete\" \/>\n<meta name=\"twitter:site\" content=\"@Algarvesete\" \/>\n<meta name=\"twitter:label1\" content=\"Escrito por\" \/>\n\t<meta name=\"twitter:data1\" content=\"Algarve 7\" \/>\n\t<meta name=\"twitter:label2\" content=\"Tempo estimado de leitura\" \/>\n\t<meta name=\"twitter:data2\" content=\"3 minutos\" \/>\n<script type=\"application\/ld+json\" class=\"yoast-schema-graph\">{\"@context\":\"https:\\\/\\\/schema.org\",\"@graph\":[{\"@type\":\"Article\",\"@id\":\"https:\\\/\\\/algarve7.pt\\\/index.php\\\/2023\\\/01\\\/lagoa-inaugurou-a-zona-desportiva-da-espamol-e-area-de-lazer\\\/desporto\\\/09\\\/36\\\/#article\",\"isPartOf\":{\"@id\":\"https:\\\/\\\/algarve7.pt\\\/index.php\\\/2023\\\/01\\\/lagoa-inaugurou-a-zona-desportiva-da-espamol-e-area-de-lazer\\\/desporto\\\/09\\\/36\\\/\"},\"author\":{\"name\":\"Algarve 7\",\"@id\":\"https:\\\/\\\/algarve7.pt\\\/#\\\/schema\\\/person\\\/23fa70681308e7b319a3204bcea45e0c\"},\"headline\":\"Lagoa inaugurou a zona desportiva da ESPAMOL e \u00e1rea de lazer\",\"datePublished\":\"2023-01-24T09:36:17+00:00\",\"dateModified\":\"2023-01-24T09:36:18+00:00\",\"mainEntityOfPage\":{\"@id\":\"https:\\\/\\\/algarve7.pt\\\/index.php\\\/2023\\\/01\\\/lagoa-inaugurou-a-zona-desportiva-da-espamol-e-area-de-lazer\\\/desporto\\\/09\\\/36\\\/\"},\"wordCount\":505,\"publisher\":{\"@id\":\"https:\\\/\\\/algarve7.pt\\\/#organization\"},\"image\":{\"@id\":\"https:\\\/\\\/algarve7.pt\\\/index.php\\\/2023\\\/01\\\/lagoa-inaugurou-a-zona-desportiva-da-espamol-e-area-de-lazer\\\/desporto\\\/09\\\/36\\\/#primaryimage\"},\"thumbnailUrl\":\"https:\\\/\\\/algarve7.pt\\\/wp-content\\\/uploads\\\/2023\\\/01\\\/DSC00260.jpg\",\"keywords\":[\"Algarve\",\"Desporto\",\"Inaugura\u00e7\u00e3o\",\"Lagoa\"],\"articleSection\":[\"Desporto\"],\"inLanguage\":\"pt-PT\"},{\"@type\":\"WebPage\",\"@id\":\"https:\\\/\\\/algarve7.pt\\\/index.php\\\/2023\\\/01\\\/lagoa-inaugurou-a-zona-desportiva-da-espamol-e-area-de-lazer\\\/desporto\\\/09\\\/36\\\/\",\"url\":\"https:\\\/\\\/algarve7.pt\\\/index.php\\\/2023\\\/01\\\/lagoa-inaugurou-a-zona-desportiva-da-espamol-e-area-de-lazer\\\/desporto\\\/09\\\/36\\\/\",\"name\":\"Lagoa inaugurou a zona desportiva da ESPAMOL e \u00e1rea de lazer - Algarve 7\",\"isPartOf\":{\"@id\":\"https:\\\/\\\/algarve7.pt\\\/#website\"},\"primaryImageOfPage\":{\"@id\":\"https:\\\/\\\/algarve7.pt\\\/index.php\\\/2023\\\/01\\\/lagoa-inaugurou-a-zona-desportiva-da-espamol-e-area-de-lazer\\\/desporto\\\/09\\\/36\\\/#primaryimage\"},\"image\":{\"@id\":\"https:\\\/\\\/algarve7.pt\\\/index.php\\\/2023\\\/01\\\/lagoa-inaugurou-a-zona-desportiva-da-espamol-e-area-de-lazer\\\/desporto\\\/09\\\/36\\\/#primaryimage\"},\"thumbnailUrl\":\"https:\\\/\\\/algarve7.pt\\\/wp-content\\\/uploads\\\/2023\\\/01\\\/DSC00260.jpg\",\"datePublished\":\"2023-01-24T09:36:17+00:00\",\"dateModified\":\"2023-01-24T09:36:18+00:00\",\"description\":\"Lagoa inaugurou a zona desportiva da ESPAMOL e \u00e1rea de lazer Desporto\",\"breadcrumb\":{\"@id\":\"https:\\\/\\\/algarve7.pt\\\/index.php\\\/2023\\\/01\\\/lagoa-inaugurou-a-zona-desportiva-da-espamol-e-area-de-lazer\\\/desporto\\\/09\\\/36\\\/#breadcrumb\"},\"inLanguage\":\"pt-PT\",\"potentialAction\":[{\"@type\":\"ReadAction\",\"target\":[\"https:\\\/\\\/algarve7.pt\\\/index.php\\\/2023\\\/01\\\/lagoa-inaugurou-a-zona-desportiva-da-espamol-e-area-de-lazer\\\/desporto\\\/09\\\/36\\\/\"]}]},{\"@type\":\"ImageObject\",\"inLanguage\":\"pt-PT\",\"@id\":\"https:\\\/\\\/algarve7.pt\\\/index.php\\\/2023\\\/01\\\/lagoa-inaugurou-a-zona-desportiva-da-espamol-e-area-de-lazer\\\/desporto\\\/09\\\/36\\\/#primaryimage\",\"url\":\"https:\\\/\\\/algarve7.pt\\\/wp-content\\\/uploads\\\/2023\\\/01\\\/DSC00260.jpg\",\"contentUrl\":\"https:\\\/\\\/algarve7.pt\\\/wp-content\\\/uploads\\\/2023\\\/01\\\/DSC00260.jpg\",\"width\":1024,\"height\":683},{\"@type\":\"BreadcrumbList\",\"@id\":\"https:\\\/\\\/algarve7.pt\\\/index.php\\\/2023\\\/01\\\/lagoa-inaugurou-a-zona-desportiva-da-espamol-e-area-de-lazer\\\/desporto\\\/09\\\/36\\\/#breadcrumb\",\"itemListElement\":[{\"@type\":\"ListItem\",\"position\":1,\"name\":\"In\u00edcio\",\"item\":\"https:\\\/\\\/algarve7.pt\\\/\"},{\"@type\":\"ListItem\",\"position\":2,\"name\":\"Lagoa inaugurou a zona desportiva da ESPAMOL e \u00e1rea de lazer\"}]},{\"@type\":\"WebSite\",\"@id\":\"https:\\\/\\\/algarve7.pt\\\/#website\",\"url\":\"https:\\\/\\\/algarve7.pt\\\/\",\"name\":\"Algarve 7\",\"description\":\"Informa\u00e7\u00e3o sobre o Algarve\",\"publisher\":{\"@id\":\"https:\\\/\\\/algarve7.pt\\\/#organization\"},\"potentialAction\":[{\"@type\":\"SearchAction\",\"target\":{\"@type\":\"EntryPoint\",\"urlTemplate\":\"https:\\\/\\\/algarve7.pt\\\/?s={search_term_string}\"},\"query-input\":{\"@type\":\"PropertyValueSpecification\",\"valueRequired\":true,\"valueName\":\"search_term_string\"}}],\"inLanguage\":\"pt-PT\"},{\"@type\":\"Organization\",\"@id\":\"https:\\\/\\\/algarve7.pt\\\/#organization\",\"name\":\"Algarve 7\",\"url\":\"https:\\\/\\\/algarve7.pt\\\/\",\"logo\":{\"@type\":\"ImageObject\",\"inLanguage\":\"pt-PT\",\"@id\":\"https:\\\/\\\/algarve7.pt\\\/#\\\/schema\\\/logo\\\/image\\\/\",\"url\":\"https:\\\/\\\/algarve7.pt\\\/wp-content\\\/uploads\\\/2020\\\/10\\\/Logo-8.jpg\",\"contentUrl\":\"https:\\\/\\\/algarve7.pt\\\/wp-content\\\/uploads\\\/2020\\\/10\\\/Logo-8.jpg\",\"width\":1680,\"height\":1186,\"caption\":\"Algarve 7\"},\"image\":{\"@id\":\"https:\\\/\\\/algarve7.pt\\\/#\\\/schema\\\/logo\\\/image\\\/\"},\"sameAs\":[\"https:\\\/\\\/www.facebook.com\\\/algarve7\",\"https:\\\/\\\/x.com\\\/Algarvesete\",\"https:\\\/\\\/www.instagram.com\\\/jornalalgarve7\\\/\",\"https:\\\/\\\/www.linkedin.com\\\/company\\\/algarve7\",\"https:\\\/\\\/www.pinterest.pt\\\/geral0939\\\/_created\\\/\"]},{\"@type\":\"Person\",\"@id\":\"https:\\\/\\\/algarve7.pt\\\/#\\\/schema\\\/person\\\/23fa70681308e7b319a3204bcea45e0c\",\"name\":\"Algarve 7\",\"sameAs\":[\"https:\\\/\\\/algarve7.pt\",\"https:\\\/\\\/www.facebook.com\\\/algarve7\"],\"url\":\"https:\\\/\\\/algarve7.pt\\\/index.php\\\/author\\\/geralalgarve7-pt\\\/\"}]}<\/script>\n<!-- \/ Yoast SEO plugin. -->","yoast_head_json":{"title":"Lagoa inaugurou a zona desportiva da ESPAMOL e \u00e1rea de lazer - Algarve 7","description":"Lagoa inaugurou a zona desportiva da ESPAMOL e \u00e1rea de lazer Desporto","robots":{"index":"index","follow":"follow","max-snippet":"max-snippet:-1","max-image-preview":"max-image-preview:large","max-video-preview":"max-video-preview:-1"},"canonical":"https:\/\/algarve7.pt\/index.php\/2023\/01\/lagoa-inaugurou-a-zona-desportiva-da-espamol-e-area-de-lazer\/desporto\/09\/36\/","og_locale":"pt_PT","og_type":"article","og_title":"Lagoa inaugurou a zona desportiva da ESPAMOL e \u00e1rea de lazer - Algarve 7","og_description":"Lagoa inaugurou a zona desportiva da ESPAMOL e \u00e1rea de lazer Desporto","og_url":"https:\/\/algarve7.pt\/index.php\/2023\/01\/lagoa-inaugurou-a-zona-desportiva-da-espamol-e-area-de-lazer\/desporto\/09\/36\/","og_site_name":"Algarve 7","article_publisher":"https:\/\/www.facebook.com\/algarve7","article_author":"https:\/\/www.facebook.com\/algarve7","article_published_time":"2023-01-24T09:36:17+00:00","article_modified_time":"2023-01-24T09:36:18+00:00","og_image":[{"width":1024,"height":683,"url":"https:\/\/algarve7.pt\/wp-content\/uploads\/2023\/01\/DSC00260.jpg","type":"image\/jpeg"}],"author":"Algarve 7","twitter_card":"summary_large_image","twitter_creator":"@Algarvesete","twitter_site":"@Algarvesete","twitter_misc":{"Escrito por":"Algarve 7","Tempo estimado de leitura":"3 minutos"},"schema":{"@context":"https:\/\/schema.org","@graph":[{"@type":"Article","@id":"https:\/\/algarve7.pt\/index.php\/2023\/01\/lagoa-inaugurou-a-zona-desportiva-da-espamol-e-area-de-lazer\/desporto\/09\/36\/#article","isPartOf":{"@id":"https:\/\/algarve7.pt\/index.php\/2023\/01\/lagoa-inaugurou-a-zona-desportiva-da-espamol-e-area-de-lazer\/desporto\/09\/36\/"},"author":{"name":"Algarve 7","@id":"https:\/\/algarve7.pt\/#\/schema\/person\/23fa70681308e7b319a3204bcea45e0c"},"headline":"Lagoa inaugurou a zona desportiva da ESPAMOL e \u00e1rea de lazer","datePublished":"2023-01-24T09:36:17+00:00","dateModified":"2023-01-24T09:36:18+00:00","mainEntityOfPage":{"@id":"https:\/\/algarve7.pt\/index.php\/2023\/01\/lagoa-inaugurou-a-zona-desportiva-da-espamol-e-area-de-lazer\/desporto\/09\/36\/"},"wordCount":505,"publisher":{"@id":"https:\/\/algarve7.pt\/#organization"},"image":{"@id":"https:\/\/algarve7.pt\/index.php\/2023\/01\/lagoa-inaugurou-a-zona-desportiva-da-espamol-e-area-de-lazer\/desporto\/09\/36\/#primaryimage"},"thumbnailUrl":"https:\/\/algarve7.pt\/wp-content\/uploads\/2023\/01\/DSC00260.jpg","keywords":["Algarve","Desporto","Inaugura\u00e7\u00e3o","Lagoa"],"articleSection":["Desporto"],"inLanguage":"pt-PT"},{"@type":"WebPage","@id":"https:\/\/algarve7.pt\/index.php\/2023\/01\/lagoa-inaugurou-a-zona-desportiva-da-espamol-e-area-de-lazer\/desporto\/09\/36\/","url":"https:\/\/algarve7.pt\/index.php\/2023\/01\/lagoa-inaugurou-a-zona-desportiva-da-espamol-e-area-de-lazer\/desporto\/09\/36\/","name":"Lagoa inaugurou a zona desportiva da ESPAMOL e \u00e1rea de lazer - Algarve 7","isPartOf":{"@id":"https:\/\/algarve7.pt\/#website"},"primaryImageOfPage":{"@id":"https:\/\/algarve7.pt\/index.php\/2023\/01\/lagoa-inaugurou-a-zona-desportiva-da-espamol-e-area-de-lazer\/desporto\/09\/36\/#primaryimage"},"image":{"@id":"https:\/\/algarve7.pt\/index.php\/2023\/01\/lagoa-inaugurou-a-zona-desportiva-da-espamol-e-area-de-lazer\/desporto\/09\/36\/#primaryimage"},"thumbnailUrl":"https:\/\/algarve7.pt\/wp-content\/uploads\/2023\/01\/DSC00260.jpg","datePublished":"2023-01-24T09:36:17+00:00","dateModified":"2023-01-24T09:36:18+00:00","description":"Lagoa inaugurou a zona desportiva da ESPAMOL e \u00e1rea de lazer Desporto","breadcrumb":{"@id":"https:\/\/algarve7.pt\/index.php\/2023\/01\/lagoa-inaugurou-a-zona-desportiva-da-espamol-e-area-de-lazer\/desporto\/09\/36\/#breadcrumb"},"inLanguage":"pt-PT","potentialAction":[{"@type":"ReadAction","target":["https:\/\/algarve7.pt\/index.php\/2023\/01\/lagoa-inaugurou-a-zona-desportiva-da-espamol-e-area-de-lazer\/desporto\/09\/36\/"]}]},{"@type":"ImageObject","inLanguage":"pt-PT","@id":"https:\/\/algarve7.pt\/index.php\/2023\/01\/lagoa-inaugurou-a-zona-desportiva-da-espamol-e-area-de-lazer\/desporto\/09\/36\/#primaryimage","url":"https:\/\/algarve7.pt\/wp-content\/uploads\/2023\/01\/DSC00260.jpg","contentUrl":"https:\/\/algarve7.pt\/wp-content\/uploads\/2023\/01\/DSC00260.jpg","width":1024,"height":683},{"@type":"BreadcrumbList","@id":"https:\/\/algarve7.pt\/index.php\/2023\/01\/lagoa-inaugurou-a-zona-desportiva-da-espamol-e-area-de-lazer\/desporto\/09\/36\/#breadcrumb","itemListElement":[{"@type":"ListItem","position":1,"name":"In\u00edcio","item":"https:\/\/algarve7.pt\/"},{"@type":"ListItem","position":2,"name":"Lagoa inaugurou a zona desportiva da ESPAMOL e \u00e1rea de lazer"}]},{"@type":"WebSite","@id":"https:\/\/algarve7.pt\/#website","url":"https:\/\/algarve7.pt\/","name":"Algarve 7","description":"Informa\u00e7\u00e3o sobre o Algarve","publisher":{"@id":"https:\/\/algarve7.pt\/#organization"},"potentialAction":[{"@type":"SearchAction","target":{"@type":"EntryPoint","urlTemplate":"https:\/\/algarve7.pt\/?s={search_term_string}"},"query-input":{"@type":"PropertyValueSpecification","valueRequired":true,"valueName":"search_term_string"}}],"inLanguage":"pt-PT"},{"@type":"Organization","@id":"https:\/\/algarve7.pt\/#organization","name":"Algarve 7","url":"https:\/\/algarve7.pt\/","logo":{"@type":"ImageObject","inLanguage":"pt-PT","@id":"https:\/\/algarve7.pt\/#\/schema\/logo\/image\/","url":"https:\/\/algarve7.pt\/wp-content\/uploads\/2020\/10\/Logo-8.jpg","contentUrl":"https:\/\/algarve7.pt\/wp-content\/uploads\/2020\/10\/Logo-8.jpg","width":1680,"height":1186,"caption":"Algarve 7"},"image":{"@id":"https:\/\/algarve7.pt\/#\/schema\/logo\/image\/"},"sameAs":["https:\/\/www.facebook.com\/algarve7","https:\/\/x.com\/Algarvesete","https:\/\/www.instagram.com\/jornalalgarve7\/","https:\/\/www.linkedin.com\/company\/algarve7","https:\/\/www.pinterest.pt\/geral0939\/_created\/"]},{"@type":"Person","@id":"https:\/\/algarve7.pt\/#\/schema\/person\/23fa70681308e7b319a3204bcea45e0c","name":"Algarve 7","sameAs":["https:\/\/algarve7.pt","https:\/\/www.facebook.com\/algarve7"],"url":"https:\/\/algarve7.pt\/index.php\/author\/geralalgarve7-pt\/"}]}},"jetpack_publicize_connections":[],"jetpack_featured_media_url":"https:\/\/algarve7.pt\/wp-content\/uploads\/2023\/01\/DSC00260.jpg","jetpack_shortlink":"https:\/\/wp.me\/pcezmW-6vU","jetpack_sharing_enabled":true,"_links":{"self":[{"href":"https:\/\/algarve7.pt\/index.php\/wp-json\/wp\/v2\/posts\/25042","targetHints":{"allow":["GET"]}}],"collection":[{"href":"https:\/\/algarve7.pt\/index.php\/wp-json\/wp\/v2\/posts"}],"about":[{"href":"https:\/\/algarve7.pt\/index.php\/wp-json\/wp\/v2\/types\/post"}],"author":[{"embeddable":true,"href":"https:\/\/algarve7.pt\/index.php\/wp-json\/wp\/v2\/users\/1"}],"replies":[{"embeddable":true,"href":"https:\/\/algarve7.pt\/index.php\/wp-json\/wp\/v2\/comments?post=25042"}],"version-history":[{"count":0,"href":"https:\/\/algarve7.pt\/index.php\/wp-json\/wp\/v2\/posts\/25042\/revisions"}],"wp:featuredmedia":[{"embeddable":true,"href":"https:\/\/algarve7.pt\/index.php\/wp-json\/wp\/v2\/media\/25043"}],"wp:attachment":[{"href":"https:\/\/algarve7.pt\/index.php\/wp-json\/wp\/v2\/media?parent=25042"}],"wp:term":[{"taxonomy":"category","embeddable":true,"href":"https:\/\/algarve7.pt\/index.php\/wp-json\/wp\/v2\/categories?post=25042"},{"taxonomy":"post_tag","embeddable":true,"href":"https:\/\/algarve7.pt\/index.php\/wp-json\/wp\/v2\/tags?post=25042"}],"curies":[{"name":"wp","href":"https:\/\/api.w.org\/{rel}","templated":true}]}}