{"id":24972,"date":"2023-01-20T15:02:12","date_gmt":"2023-01-20T15:02:12","guid":{"rendered":"https:\/\/algarve7.pt\/?p=24972"},"modified":"2023-01-20T15:02:14","modified_gmt":"2023-01-20T15:02:14","slug":"lula-pena-no-centro-multiusos-do-azinhal","status":"publish","type":"post","link":"https:\/\/algarve7.pt\/index.php\/2023\/01\/lula-pena-no-centro-multiusos-do-azinhal\/cultura\/15\/02\/","title":{"rendered":"Lula Pena no centro multiusos do Azinhal"},"content":{"rendered":"\n<p>Lula Pena \u00e9 a pr\u00f3xima artista em resid\u00eancia em Castro Marim, no \u00e2mbito da curadoria art\u00edstica da Filho \u00danico, parceira do projeto Particular Universal. A apresenta\u00e7\u00e3o final do trabalho ser\u00e1 no concerto de dia 28 de janeiro, pelas 17h00, no Centro Multiusos do Azinhal.<\/p>\n\n\n\n<p>Lula Pena \u00e9 uma cantora, guitarrista, compositora e int\u00e9rprete portuguesa, tesouro partilhado de todos os lus\u00f3fonos de cora\u00e7\u00e3o, e autora cuja fascinante abordagem \u00e0 Can\u00e7\u00e3o popular global \u00e9 radicada numa express\u00e3o art\u00edstica singular que entretece tantas e diversas tradi\u00e7\u00f5es de m\u00fasica, som e poesia.<\/p>\n\n\n\n<p>No decorrer da sua resid\u00eancia em Castro Marim, prop\u00f4s-se \u201cpesquisar e compor em tempo real um instante-ac\u00fastico-po\u00e9tico para Cordas\u201d, sendo que \u00e0 habitual combina\u00e7\u00e3o de voz (nas mais diversas l\u00ednguas mediterr\u00e2nicas) e guitarra se projeta a introdu\u00e7\u00e3o de novas explora\u00e7\u00f5es na lira.<\/p>\n\n\n\n<p>No concerto \u00e9 de esperar, portanto, alguns primeiros resultados desta l\u00edrica pesquisa, e a a intensidade e singularidade a que j\u00e1 habituou o seu p\u00fablico.<\/p>\n\n\n\n<p>Esta \u00e9 uma das muitas resid\u00eancias art\u00edsticas que o projeto Particular Universal tem trazido no munic\u00edpio, um projeto cultural internacional que promove artes sonoras e teatrais em todo o concelho. Financiado ao abrigo do Programa Cultura do Mecanismo EEA Grants, decorrer\u00e1 at\u00e9 setembro de 2023.<\/p>\n","protected":false},"excerpt":{"rendered":"<p>Lula Pena \u00e9 a pr\u00f3xima artista em resid\u00eancia em Castro Marim, no \u00e2mbito da curadoria art\u00edstica da Filho \u00danico, parceira<\/p>\n","protected":false},"author":1,"featured_media":24973,"comment_status":"closed","ping_status":"open","sticky":false,"template":"","format":"standard","meta":{"colormag_page_container_layout":"default_layout","colormag_page_sidebar_layout":"default_layout","_monsterinsights_skip_tracking":false,"_monsterinsights_sitenote_active":false,"_monsterinsights_sitenote_note":"","_monsterinsights_sitenote_category":0,"jetpack_post_was_ever_published":false,"_jetpack_newsletter_access":"","_jetpack_dont_email_post_to_subs":false,"_jetpack_newsletter_tier_id":0,"_jetpack_memberships_contains_paywalled_content":false,"_jetpack_memberships_contains_paid_content":false,"footnotes":"","jetpack_publicize_message":"","jetpack_publicize_feature_enabled":true,"jetpack_social_post_already_shared":true,"jetpack_social_options":{"image_generator_settings":{"template":"highway","default_image_id":0,"font":"","enabled":false},"version":2}},"categories":[14],"tags":[36,852,136,52,35],"class_list":["post-24972","post","type-post","status-publish","format-standard","has-post-thumbnail","hentry","category-cultura","tag-algarve","tag-azinhal","tag-castro-marim","tag-concerto","tag-cultura"],"yoast_head":"<!-- This site is optimized with the Yoast SEO plugin v27.5 - https:\/\/yoast.com\/product\/yoast-seo-wordpress\/ -->\n<title>Lula Pena no centro multiusos do Azinhal - Algarve 7<\/title>\n<meta name=\"description\" content=\"Lula Pena no centro multiusos do Azinhal Cultura\" \/>\n<meta name=\"robots\" content=\"index, follow, max-snippet:-1, max-image-preview:large, max-video-preview:-1\" \/>\n<link rel=\"canonical\" href=\"https:\/\/algarve7.pt\/index.php\/2023\/01\/lula-pena-no-centro-multiusos-do-azinhal\/cultura\/15\/02\/\" \/>\n<meta property=\"og:locale\" content=\"pt_PT\" \/>\n<meta property=\"og:type\" content=\"article\" \/>\n<meta property=\"og:title\" content=\"Lula Pena no centro multiusos do Azinhal - Algarve 7\" \/>\n<meta property=\"og:description\" content=\"Lula Pena no centro multiusos do Azinhal Cultura\" \/>\n<meta property=\"og:url\" content=\"https:\/\/algarve7.pt\/index.php\/2023\/01\/lula-pena-no-centro-multiusos-do-azinhal\/cultura\/15\/02\/\" \/>\n<meta property=\"og:site_name\" content=\"Algarve 7\" \/>\n<meta property=\"article:publisher\" content=\"https:\/\/www.facebook.com\/algarve7\" \/>\n<meta property=\"article:author\" content=\"https:\/\/www.facebook.com\/algarve7\" \/>\n<meta property=\"article:published_time\" content=\"2023-01-20T15:02:12+00:00\" \/>\n<meta property=\"article:modified_time\" content=\"2023-01-20T15:02:14+00:00\" \/>\n<meta property=\"og:image\" content=\"https:\/\/algarve7.pt\/wp-content\/uploads\/2023\/01\/Captura-de-ecra-2023-01-20-as-14.56.04.png\" \/>\n\t<meta property=\"og:image:width\" content=\"1024\" \/>\n\t<meta property=\"og:image:height\" content=\"687\" \/>\n\t<meta property=\"og:image:type\" content=\"image\/png\" \/>\n<meta name=\"author\" content=\"Algarve 7\" \/>\n<meta name=\"twitter:card\" content=\"summary_large_image\" \/>\n<meta name=\"twitter:creator\" content=\"@Algarvesete\" \/>\n<meta name=\"twitter:site\" content=\"@Algarvesete\" \/>\n<meta name=\"twitter:label1\" content=\"Escrito por\" \/>\n\t<meta name=\"twitter:data1\" content=\"Algarve 7\" \/>\n\t<meta name=\"twitter:label2\" content=\"Tempo estimado de leitura\" \/>\n\t<meta name=\"twitter:data2\" content=\"2 minutos\" \/>\n<script type=\"application\/ld+json\" class=\"yoast-schema-graph\">{\"@context\":\"https:\\\/\\\/schema.org\",\"@graph\":[{\"@type\":\"Article\",\"@id\":\"https:\\\/\\\/algarve7.pt\\\/index.php\\\/2023\\\/01\\\/lula-pena-no-centro-multiusos-do-azinhal\\\/cultura\\\/15\\\/02\\\/#article\",\"isPartOf\":{\"@id\":\"https:\\\/\\\/algarve7.pt\\\/index.php\\\/2023\\\/01\\\/lula-pena-no-centro-multiusos-do-azinhal\\\/cultura\\\/15\\\/02\\\/\"},\"author\":{\"name\":\"Algarve 7\",\"@id\":\"https:\\\/\\\/algarve7.pt\\\/#\\\/schema\\\/person\\\/23fa70681308e7b319a3204bcea45e0c\"},\"headline\":\"Lula Pena no centro multiusos do Azinhal\",\"datePublished\":\"2023-01-20T15:02:12+00:00\",\"dateModified\":\"2023-01-20T15:02:14+00:00\",\"mainEntityOfPage\":{\"@id\":\"https:\\\/\\\/algarve7.pt\\\/index.php\\\/2023\\\/01\\\/lula-pena-no-centro-multiusos-do-azinhal\\\/cultura\\\/15\\\/02\\\/\"},\"wordCount\":224,\"publisher\":{\"@id\":\"https:\\\/\\\/algarve7.pt\\\/#organization\"},\"image\":{\"@id\":\"https:\\\/\\\/algarve7.pt\\\/index.php\\\/2023\\\/01\\\/lula-pena-no-centro-multiusos-do-azinhal\\\/cultura\\\/15\\\/02\\\/#primaryimage\"},\"thumbnailUrl\":\"https:\\\/\\\/algarve7.pt\\\/wp-content\\\/uploads\\\/2023\\\/01\\\/Captura-de-ecra-2023-01-20-as-14.56.04.png\",\"keywords\":[\"Algarve\",\"Azinhal\",\"Castro Marim\",\"Concerto\",\"Cultura\"],\"articleSection\":[\"Cultura\"],\"inLanguage\":\"pt-PT\"},{\"@type\":\"WebPage\",\"@id\":\"https:\\\/\\\/algarve7.pt\\\/index.php\\\/2023\\\/01\\\/lula-pena-no-centro-multiusos-do-azinhal\\\/cultura\\\/15\\\/02\\\/\",\"url\":\"https:\\\/\\\/algarve7.pt\\\/index.php\\\/2023\\\/01\\\/lula-pena-no-centro-multiusos-do-azinhal\\\/cultura\\\/15\\\/02\\\/\",\"name\":\"Lula Pena no centro multiusos do Azinhal - Algarve 7\",\"isPartOf\":{\"@id\":\"https:\\\/\\\/algarve7.pt\\\/#website\"},\"primaryImageOfPage\":{\"@id\":\"https:\\\/\\\/algarve7.pt\\\/index.php\\\/2023\\\/01\\\/lula-pena-no-centro-multiusos-do-azinhal\\\/cultura\\\/15\\\/02\\\/#primaryimage\"},\"image\":{\"@id\":\"https:\\\/\\\/algarve7.pt\\\/index.php\\\/2023\\\/01\\\/lula-pena-no-centro-multiusos-do-azinhal\\\/cultura\\\/15\\\/02\\\/#primaryimage\"},\"thumbnailUrl\":\"https:\\\/\\\/algarve7.pt\\\/wp-content\\\/uploads\\\/2023\\\/01\\\/Captura-de-ecra-2023-01-20-as-14.56.04.png\",\"datePublished\":\"2023-01-20T15:02:12+00:00\",\"dateModified\":\"2023-01-20T15:02:14+00:00\",\"description\":\"Lula Pena no centro multiusos do Azinhal Cultura\",\"breadcrumb\":{\"@id\":\"https:\\\/\\\/algarve7.pt\\\/index.php\\\/2023\\\/01\\\/lula-pena-no-centro-multiusos-do-azinhal\\\/cultura\\\/15\\\/02\\\/#breadcrumb\"},\"inLanguage\":\"pt-PT\",\"potentialAction\":[{\"@type\":\"ReadAction\",\"target\":[\"https:\\\/\\\/algarve7.pt\\\/index.php\\\/2023\\\/01\\\/lula-pena-no-centro-multiusos-do-azinhal\\\/cultura\\\/15\\\/02\\\/\"]}]},{\"@type\":\"ImageObject\",\"inLanguage\":\"pt-PT\",\"@id\":\"https:\\\/\\\/algarve7.pt\\\/index.php\\\/2023\\\/01\\\/lula-pena-no-centro-multiusos-do-azinhal\\\/cultura\\\/15\\\/02\\\/#primaryimage\",\"url\":\"https:\\\/\\\/algarve7.pt\\\/wp-content\\\/uploads\\\/2023\\\/01\\\/Captura-de-ecra-2023-01-20-as-14.56.04.png\",\"contentUrl\":\"https:\\\/\\\/algarve7.pt\\\/wp-content\\\/uploads\\\/2023\\\/01\\\/Captura-de-ecra-2023-01-20-as-14.56.04.png\",\"width\":1024,\"height\":687},{\"@type\":\"BreadcrumbList\",\"@id\":\"https:\\\/\\\/algarve7.pt\\\/index.php\\\/2023\\\/01\\\/lula-pena-no-centro-multiusos-do-azinhal\\\/cultura\\\/15\\\/02\\\/#breadcrumb\",\"itemListElement\":[{\"@type\":\"ListItem\",\"position\":1,\"name\":\"In\u00edcio\",\"item\":\"https:\\\/\\\/algarve7.pt\\\/\"},{\"@type\":\"ListItem\",\"position\":2,\"name\":\"Lula Pena no centro multiusos do Azinhal\"}]},{\"@type\":\"WebSite\",\"@id\":\"https:\\\/\\\/algarve7.pt\\\/#website\",\"url\":\"https:\\\/\\\/algarve7.pt\\\/\",\"name\":\"Algarve 7\",\"description\":\"Informa\u00e7\u00e3o sobre o Algarve\",\"publisher\":{\"@id\":\"https:\\\/\\\/algarve7.pt\\\/#organization\"},\"potentialAction\":[{\"@type\":\"SearchAction\",\"target\":{\"@type\":\"EntryPoint\",\"urlTemplate\":\"https:\\\/\\\/algarve7.pt\\\/?s={search_term_string}\"},\"query-input\":{\"@type\":\"PropertyValueSpecification\",\"valueRequired\":true,\"valueName\":\"search_term_string\"}}],\"inLanguage\":\"pt-PT\"},{\"@type\":\"Organization\",\"@id\":\"https:\\\/\\\/algarve7.pt\\\/#organization\",\"name\":\"Algarve 7\",\"url\":\"https:\\\/\\\/algarve7.pt\\\/\",\"logo\":{\"@type\":\"ImageObject\",\"inLanguage\":\"pt-PT\",\"@id\":\"https:\\\/\\\/algarve7.pt\\\/#\\\/schema\\\/logo\\\/image\\\/\",\"url\":\"https:\\\/\\\/algarve7.pt\\\/wp-content\\\/uploads\\\/2020\\\/10\\\/Logo-8.jpg\",\"contentUrl\":\"https:\\\/\\\/algarve7.pt\\\/wp-content\\\/uploads\\\/2020\\\/10\\\/Logo-8.jpg\",\"width\":1680,\"height\":1186,\"caption\":\"Algarve 7\"},\"image\":{\"@id\":\"https:\\\/\\\/algarve7.pt\\\/#\\\/schema\\\/logo\\\/image\\\/\"},\"sameAs\":[\"https:\\\/\\\/www.facebook.com\\\/algarve7\",\"https:\\\/\\\/x.com\\\/Algarvesete\",\"https:\\\/\\\/www.instagram.com\\\/jornalalgarve7\\\/\",\"https:\\\/\\\/www.linkedin.com\\\/company\\\/algarve7\",\"https:\\\/\\\/www.pinterest.pt\\\/geral0939\\\/_created\\\/\"]},{\"@type\":\"Person\",\"@id\":\"https:\\\/\\\/algarve7.pt\\\/#\\\/schema\\\/person\\\/23fa70681308e7b319a3204bcea45e0c\",\"name\":\"Algarve 7\",\"sameAs\":[\"https:\\\/\\\/algarve7.pt\",\"https:\\\/\\\/www.facebook.com\\\/algarve7\"],\"url\":\"https:\\\/\\\/algarve7.pt\\\/index.php\\\/author\\\/geralalgarve7-pt\\\/\"}]}<\/script>\n<!-- \/ Yoast SEO plugin. -->","yoast_head_json":{"title":"Lula Pena no centro multiusos do Azinhal - Algarve 7","description":"Lula Pena no centro multiusos do Azinhal Cultura","robots":{"index":"index","follow":"follow","max-snippet":"max-snippet:-1","max-image-preview":"max-image-preview:large","max-video-preview":"max-video-preview:-1"},"canonical":"https:\/\/algarve7.pt\/index.php\/2023\/01\/lula-pena-no-centro-multiusos-do-azinhal\/cultura\/15\/02\/","og_locale":"pt_PT","og_type":"article","og_title":"Lula Pena no centro multiusos do Azinhal - Algarve 7","og_description":"Lula Pena no centro multiusos do Azinhal Cultura","og_url":"https:\/\/algarve7.pt\/index.php\/2023\/01\/lula-pena-no-centro-multiusos-do-azinhal\/cultura\/15\/02\/","og_site_name":"Algarve 7","article_publisher":"https:\/\/www.facebook.com\/algarve7","article_author":"https:\/\/www.facebook.com\/algarve7","article_published_time":"2023-01-20T15:02:12+00:00","article_modified_time":"2023-01-20T15:02:14+00:00","og_image":[{"width":1024,"height":687,"url":"https:\/\/algarve7.pt\/wp-content\/uploads\/2023\/01\/Captura-de-ecra-2023-01-20-as-14.56.04.png","type":"image\/png"}],"author":"Algarve 7","twitter_card":"summary_large_image","twitter_creator":"@Algarvesete","twitter_site":"@Algarvesete","twitter_misc":{"Escrito por":"Algarve 7","Tempo estimado de leitura":"2 minutos"},"schema":{"@context":"https:\/\/schema.org","@graph":[{"@type":"Article","@id":"https:\/\/algarve7.pt\/index.php\/2023\/01\/lula-pena-no-centro-multiusos-do-azinhal\/cultura\/15\/02\/#article","isPartOf":{"@id":"https:\/\/algarve7.pt\/index.php\/2023\/01\/lula-pena-no-centro-multiusos-do-azinhal\/cultura\/15\/02\/"},"author":{"name":"Algarve 7","@id":"https:\/\/algarve7.pt\/#\/schema\/person\/23fa70681308e7b319a3204bcea45e0c"},"headline":"Lula Pena no centro multiusos do Azinhal","datePublished":"2023-01-20T15:02:12+00:00","dateModified":"2023-01-20T15:02:14+00:00","mainEntityOfPage":{"@id":"https:\/\/algarve7.pt\/index.php\/2023\/01\/lula-pena-no-centro-multiusos-do-azinhal\/cultura\/15\/02\/"},"wordCount":224,"publisher":{"@id":"https:\/\/algarve7.pt\/#organization"},"image":{"@id":"https:\/\/algarve7.pt\/index.php\/2023\/01\/lula-pena-no-centro-multiusos-do-azinhal\/cultura\/15\/02\/#primaryimage"},"thumbnailUrl":"https:\/\/algarve7.pt\/wp-content\/uploads\/2023\/01\/Captura-de-ecra-2023-01-20-as-14.56.04.png","keywords":["Algarve","Azinhal","Castro Marim","Concerto","Cultura"],"articleSection":["Cultura"],"inLanguage":"pt-PT"},{"@type":"WebPage","@id":"https:\/\/algarve7.pt\/index.php\/2023\/01\/lula-pena-no-centro-multiusos-do-azinhal\/cultura\/15\/02\/","url":"https:\/\/algarve7.pt\/index.php\/2023\/01\/lula-pena-no-centro-multiusos-do-azinhal\/cultura\/15\/02\/","name":"Lula Pena no centro multiusos do Azinhal - Algarve 7","isPartOf":{"@id":"https:\/\/algarve7.pt\/#website"},"primaryImageOfPage":{"@id":"https:\/\/algarve7.pt\/index.php\/2023\/01\/lula-pena-no-centro-multiusos-do-azinhal\/cultura\/15\/02\/#primaryimage"},"image":{"@id":"https:\/\/algarve7.pt\/index.php\/2023\/01\/lula-pena-no-centro-multiusos-do-azinhal\/cultura\/15\/02\/#primaryimage"},"thumbnailUrl":"https:\/\/algarve7.pt\/wp-content\/uploads\/2023\/01\/Captura-de-ecra-2023-01-20-as-14.56.04.png","datePublished":"2023-01-20T15:02:12+00:00","dateModified":"2023-01-20T15:02:14+00:00","description":"Lula Pena no centro multiusos do Azinhal Cultura","breadcrumb":{"@id":"https:\/\/algarve7.pt\/index.php\/2023\/01\/lula-pena-no-centro-multiusos-do-azinhal\/cultura\/15\/02\/#breadcrumb"},"inLanguage":"pt-PT","potentialAction":[{"@type":"ReadAction","target":["https:\/\/algarve7.pt\/index.php\/2023\/01\/lula-pena-no-centro-multiusos-do-azinhal\/cultura\/15\/02\/"]}]},{"@type":"ImageObject","inLanguage":"pt-PT","@id":"https:\/\/algarve7.pt\/index.php\/2023\/01\/lula-pena-no-centro-multiusos-do-azinhal\/cultura\/15\/02\/#primaryimage","url":"https:\/\/algarve7.pt\/wp-content\/uploads\/2023\/01\/Captura-de-ecra-2023-01-20-as-14.56.04.png","contentUrl":"https:\/\/algarve7.pt\/wp-content\/uploads\/2023\/01\/Captura-de-ecra-2023-01-20-as-14.56.04.png","width":1024,"height":687},{"@type":"BreadcrumbList","@id":"https:\/\/algarve7.pt\/index.php\/2023\/01\/lula-pena-no-centro-multiusos-do-azinhal\/cultura\/15\/02\/#breadcrumb","itemListElement":[{"@type":"ListItem","position":1,"name":"In\u00edcio","item":"https:\/\/algarve7.pt\/"},{"@type":"ListItem","position":2,"name":"Lula Pena no centro multiusos do Azinhal"}]},{"@type":"WebSite","@id":"https:\/\/algarve7.pt\/#website","url":"https:\/\/algarve7.pt\/","name":"Algarve 7","description":"Informa\u00e7\u00e3o sobre o Algarve","publisher":{"@id":"https:\/\/algarve7.pt\/#organization"},"potentialAction":[{"@type":"SearchAction","target":{"@type":"EntryPoint","urlTemplate":"https:\/\/algarve7.pt\/?s={search_term_string}"},"query-input":{"@type":"PropertyValueSpecification","valueRequired":true,"valueName":"search_term_string"}}],"inLanguage":"pt-PT"},{"@type":"Organization","@id":"https:\/\/algarve7.pt\/#organization","name":"Algarve 7","url":"https:\/\/algarve7.pt\/","logo":{"@type":"ImageObject","inLanguage":"pt-PT","@id":"https:\/\/algarve7.pt\/#\/schema\/logo\/image\/","url":"https:\/\/algarve7.pt\/wp-content\/uploads\/2020\/10\/Logo-8.jpg","contentUrl":"https:\/\/algarve7.pt\/wp-content\/uploads\/2020\/10\/Logo-8.jpg","width":1680,"height":1186,"caption":"Algarve 7"},"image":{"@id":"https:\/\/algarve7.pt\/#\/schema\/logo\/image\/"},"sameAs":["https:\/\/www.facebook.com\/algarve7","https:\/\/x.com\/Algarvesete","https:\/\/www.instagram.com\/jornalalgarve7\/","https:\/\/www.linkedin.com\/company\/algarve7","https:\/\/www.pinterest.pt\/geral0939\/_created\/"]},{"@type":"Person","@id":"https:\/\/algarve7.pt\/#\/schema\/person\/23fa70681308e7b319a3204bcea45e0c","name":"Algarve 7","sameAs":["https:\/\/algarve7.pt","https:\/\/www.facebook.com\/algarve7"],"url":"https:\/\/algarve7.pt\/index.php\/author\/geralalgarve7-pt\/"}]}},"jetpack_publicize_connections":[],"jetpack_featured_media_url":"https:\/\/algarve7.pt\/wp-content\/uploads\/2023\/01\/Captura-de-ecra-2023-01-20-as-14.56.04.png","jetpack_shortlink":"https:\/\/wp.me\/pcezmW-6uM","jetpack_sharing_enabled":true,"_links":{"self":[{"href":"https:\/\/algarve7.pt\/index.php\/wp-json\/wp\/v2\/posts\/24972","targetHints":{"allow":["GET"]}}],"collection":[{"href":"https:\/\/algarve7.pt\/index.php\/wp-json\/wp\/v2\/posts"}],"about":[{"href":"https:\/\/algarve7.pt\/index.php\/wp-json\/wp\/v2\/types\/post"}],"author":[{"embeddable":true,"href":"https:\/\/algarve7.pt\/index.php\/wp-json\/wp\/v2\/users\/1"}],"replies":[{"embeddable":true,"href":"https:\/\/algarve7.pt\/index.php\/wp-json\/wp\/v2\/comments?post=24972"}],"version-history":[{"count":0,"href":"https:\/\/algarve7.pt\/index.php\/wp-json\/wp\/v2\/posts\/24972\/revisions"}],"wp:featuredmedia":[{"embeddable":true,"href":"https:\/\/algarve7.pt\/index.php\/wp-json\/wp\/v2\/media\/24973"}],"wp:attachment":[{"href":"https:\/\/algarve7.pt\/index.php\/wp-json\/wp\/v2\/media?parent=24972"}],"wp:term":[{"taxonomy":"category","embeddable":true,"href":"https:\/\/algarve7.pt\/index.php\/wp-json\/wp\/v2\/categories?post=24972"},{"taxonomy":"post_tag","embeddable":true,"href":"https:\/\/algarve7.pt\/index.php\/wp-json\/wp\/v2\/tags?post=24972"}],"curies":[{"name":"wp","href":"https:\/\/api.w.org\/{rel}","templated":true}]}}