{"id":24837,"date":"2023-01-15T11:41:13","date_gmt":"2023-01-15T11:41:13","guid":{"rendered":"https:\/\/algarve7.pt\/?p=24837"},"modified":"2023-01-15T11:41:15","modified_gmt":"2023-01-15T11:41:15","slug":"vii-encontro-de-polo-aquatico-de-lagoa","status":"publish","type":"post","link":"https:\/\/algarve7.pt\/index.php\/2023\/01\/vii-encontro-de-polo-aquatico-de-lagoa\/desporto\/11\/41\/","title":{"rendered":"VII Encontro de Polo Aqu\u00e1tico de Lagoa"},"content":{"rendered":"\n<p>As Piscinas Municipais de Lagoa recebem o VII Encontro de Polo Aqu\u00e1tico de Lagoa<\/p>\n\n\n\n<p>A 7\u00aa edi\u00e7\u00e3o do Torneio de P\u00f3lo Aqu\u00e1tico ir\u00e1 decorrer no dia 4 de fevereiro 2023, nas Piscinas Municipais de Lagoa, com jogos disputados por cerca de, aproximadamente, 90 atletas, divididos em tr\u00eas escal\u00f5es: sub-14 misto, sub-16 e absolutos masculinos. Poder\u00e3o participar neste Torneio atletas federados e n\u00e3o federados, com idades compreendidas entre os 12 e os 40 anos.<\/p>\n\n\n\n<p>Enquadrado no Programa Desportivo de Lagoa, e no Plano de Desenvolvimento do P\u00f3lo Aqu\u00e1tico, este evento \u00e9 organizado pelo Munic\u00edpio de Lagoa, em parceira com o Lagoa Acad\u00e9mico Clube, que t\u00eam como objetivo proporcionar aos atletas um maior ritmo competitivo na fase inicial da \u00e9poca desportiva e favorecer a promo\u00e7\u00e3o e divulga\u00e7\u00e3o da modalidade no concelho e na regi\u00e3o, ao mesmo tempo que fomenta a pr\u00e1tica da atividade f\u00edsica num ambiente de confraterniza\u00e7\u00e3o e partilha de experi\u00eancias entre os participantes, mobilizando o associativismo desportivo e a participa\u00e7\u00e3o comunit\u00e1ria<\/p>\n\n\n\n<p>13:00 &#8211; Rece\u00e7\u00e3o \u00e0s equipas participantes<\/p>\n\n\n\n<p>13:30 &#8211; In\u00edcio do Torneio<\/p>\n\n\n\n<p>&nbsp;19:00 &#8211; Fim dos jogos<\/p>\n\n\n\n<p>19:15 &#8211; Entrega de pr\u00e9mios<\/p>\n\n\n\n<p>19:30 &#8211; Encerramento do Torneio<\/p>\n","protected":false},"excerpt":{"rendered":"<p>As Piscinas Municipais de Lagoa recebem o VII Encontro de Polo Aqu\u00e1tico de Lagoa A 7\u00aa edi\u00e7\u00e3o do Torneio de<\/p>\n","protected":false},"author":1,"featured_media":24838,"comment_status":"closed","ping_status":"open","sticky":false,"template":"","format":"standard","meta":{"colormag_page_container_layout":"default_layout","colormag_page_sidebar_layout":"default_layout","_monsterinsights_skip_tracking":false,"_monsterinsights_sitenote_active":false,"_monsterinsights_sitenote_note":"","_monsterinsights_sitenote_category":0,"jetpack_post_was_ever_published":false,"_jetpack_newsletter_access":"","_jetpack_dont_email_post_to_subs":false,"_jetpack_newsletter_tier_id":0,"_jetpack_memberships_contains_paywalled_content":false,"_jetpack_memberships_contains_paid_content":false,"footnotes":"","jetpack_publicize_message":"","jetpack_publicize_feature_enabled":true,"jetpack_social_post_already_shared":true,"jetpack_social_options":{"image_generator_settings":{"template":"highway","default_image_id":0,"font":"","enabled":false},"version":2}},"categories":[15],"tags":[36,40,48,827],"class_list":["post-24837","post","type-post","status-publish","format-standard","has-post-thumbnail","hentry","category-desporto","tag-algarve","tag-desporto","tag-lagoa","tag-polo-aquatico"],"yoast_head":"<!-- This site is optimized with the Yoast SEO plugin v27.5 - https:\/\/yoast.com\/product\/yoast-seo-wordpress\/ -->\n<title>VII Encontro de Polo Aqu\u00e1tico de Lagoa - Algarve 7<\/title>\n<meta name=\"description\" content=\"VII Encontro de Polo Aqu\u00e1tico de Lagoa Desporto\" \/>\n<meta name=\"robots\" content=\"index, follow, max-snippet:-1, max-image-preview:large, max-video-preview:-1\" \/>\n<link rel=\"canonical\" href=\"https:\/\/algarve7.pt\/index.php\/2023\/01\/vii-encontro-de-polo-aquatico-de-lagoa\/desporto\/11\/41\/\" \/>\n<meta property=\"og:locale\" content=\"pt_PT\" \/>\n<meta property=\"og:type\" content=\"article\" \/>\n<meta property=\"og:title\" content=\"VII Encontro de Polo Aqu\u00e1tico de Lagoa - Algarve 7\" \/>\n<meta property=\"og:description\" content=\"VII Encontro de Polo Aqu\u00e1tico de Lagoa Desporto\" \/>\n<meta property=\"og:url\" content=\"https:\/\/algarve7.pt\/index.php\/2023\/01\/vii-encontro-de-polo-aquatico-de-lagoa\/desporto\/11\/41\/\" \/>\n<meta property=\"og:site_name\" content=\"Algarve 7\" \/>\n<meta property=\"article:publisher\" content=\"https:\/\/www.facebook.com\/algarve7\" \/>\n<meta property=\"article:author\" content=\"https:\/\/www.facebook.com\/algarve7\" \/>\n<meta property=\"article:published_time\" content=\"2023-01-15T11:41:13+00:00\" \/>\n<meta property=\"article:modified_time\" content=\"2023-01-15T11:41:15+00:00\" \/>\n<meta property=\"og:image\" content=\"https:\/\/algarve7.pt\/wp-content\/uploads\/2023\/01\/Captura-de-ecra-2023-01-15-as-11.36.07.png\" \/>\n\t<meta property=\"og:image:width\" content=\"1024\" \/>\n\t<meta property=\"og:image:height\" content=\"793\" \/>\n\t<meta property=\"og:image:type\" content=\"image\/png\" \/>\n<meta name=\"author\" content=\"Algarve 7\" \/>\n<meta name=\"twitter:card\" content=\"summary_large_image\" \/>\n<meta name=\"twitter:creator\" content=\"@Algarvesete\" \/>\n<meta name=\"twitter:site\" content=\"@Algarvesete\" \/>\n<meta name=\"twitter:label1\" content=\"Escrito por\" \/>\n\t<meta name=\"twitter:data1\" content=\"Algarve 7\" \/>\n\t<meta name=\"twitter:label2\" content=\"Tempo estimado de leitura\" \/>\n\t<meta name=\"twitter:data2\" content=\"2 minutos\" \/>\n<script type=\"application\/ld+json\" class=\"yoast-schema-graph\">{\"@context\":\"https:\\\/\\\/schema.org\",\"@graph\":[{\"@type\":\"Article\",\"@id\":\"https:\\\/\\\/algarve7.pt\\\/index.php\\\/2023\\\/01\\\/vii-encontro-de-polo-aquatico-de-lagoa\\\/desporto\\\/11\\\/41\\\/#article\",\"isPartOf\":{\"@id\":\"https:\\\/\\\/algarve7.pt\\\/index.php\\\/2023\\\/01\\\/vii-encontro-de-polo-aquatico-de-lagoa\\\/desporto\\\/11\\\/41\\\/\"},\"author\":{\"name\":\"Algarve 7\",\"@id\":\"https:\\\/\\\/algarve7.pt\\\/#\\\/schema\\\/person\\\/23fa70681308e7b319a3204bcea45e0c\"},\"headline\":\"VII Encontro de Polo Aqu\u00e1tico de Lagoa\",\"datePublished\":\"2023-01-15T11:41:13+00:00\",\"dateModified\":\"2023-01-15T11:41:15+00:00\",\"mainEntityOfPage\":{\"@id\":\"https:\\\/\\\/algarve7.pt\\\/index.php\\\/2023\\\/01\\\/vii-encontro-de-polo-aquatico-de-lagoa\\\/desporto\\\/11\\\/41\\\/\"},\"wordCount\":209,\"publisher\":{\"@id\":\"https:\\\/\\\/algarve7.pt\\\/#organization\"},\"image\":{\"@id\":\"https:\\\/\\\/algarve7.pt\\\/index.php\\\/2023\\\/01\\\/vii-encontro-de-polo-aquatico-de-lagoa\\\/desporto\\\/11\\\/41\\\/#primaryimage\"},\"thumbnailUrl\":\"https:\\\/\\\/algarve7.pt\\\/wp-content\\\/uploads\\\/2023\\\/01\\\/Captura-de-ecra-2023-01-15-as-11.36.07.png\",\"keywords\":[\"Algarve\",\"Desporto\",\"Lagoa\",\"Polo Aqu\u00e1tico\"],\"articleSection\":[\"Desporto\"],\"inLanguage\":\"pt-PT\"},{\"@type\":\"WebPage\",\"@id\":\"https:\\\/\\\/algarve7.pt\\\/index.php\\\/2023\\\/01\\\/vii-encontro-de-polo-aquatico-de-lagoa\\\/desporto\\\/11\\\/41\\\/\",\"url\":\"https:\\\/\\\/algarve7.pt\\\/index.php\\\/2023\\\/01\\\/vii-encontro-de-polo-aquatico-de-lagoa\\\/desporto\\\/11\\\/41\\\/\",\"name\":\"VII Encontro de Polo Aqu\u00e1tico de Lagoa - Algarve 7\",\"isPartOf\":{\"@id\":\"https:\\\/\\\/algarve7.pt\\\/#website\"},\"primaryImageOfPage\":{\"@id\":\"https:\\\/\\\/algarve7.pt\\\/index.php\\\/2023\\\/01\\\/vii-encontro-de-polo-aquatico-de-lagoa\\\/desporto\\\/11\\\/41\\\/#primaryimage\"},\"image\":{\"@id\":\"https:\\\/\\\/algarve7.pt\\\/index.php\\\/2023\\\/01\\\/vii-encontro-de-polo-aquatico-de-lagoa\\\/desporto\\\/11\\\/41\\\/#primaryimage\"},\"thumbnailUrl\":\"https:\\\/\\\/algarve7.pt\\\/wp-content\\\/uploads\\\/2023\\\/01\\\/Captura-de-ecra-2023-01-15-as-11.36.07.png\",\"datePublished\":\"2023-01-15T11:41:13+00:00\",\"dateModified\":\"2023-01-15T11:41:15+00:00\",\"description\":\"VII Encontro de Polo Aqu\u00e1tico de Lagoa Desporto\",\"breadcrumb\":{\"@id\":\"https:\\\/\\\/algarve7.pt\\\/index.php\\\/2023\\\/01\\\/vii-encontro-de-polo-aquatico-de-lagoa\\\/desporto\\\/11\\\/41\\\/#breadcrumb\"},\"inLanguage\":\"pt-PT\",\"potentialAction\":[{\"@type\":\"ReadAction\",\"target\":[\"https:\\\/\\\/algarve7.pt\\\/index.php\\\/2023\\\/01\\\/vii-encontro-de-polo-aquatico-de-lagoa\\\/desporto\\\/11\\\/41\\\/\"]}]},{\"@type\":\"ImageObject\",\"inLanguage\":\"pt-PT\",\"@id\":\"https:\\\/\\\/algarve7.pt\\\/index.php\\\/2023\\\/01\\\/vii-encontro-de-polo-aquatico-de-lagoa\\\/desporto\\\/11\\\/41\\\/#primaryimage\",\"url\":\"https:\\\/\\\/algarve7.pt\\\/wp-content\\\/uploads\\\/2023\\\/01\\\/Captura-de-ecra-2023-01-15-as-11.36.07.png\",\"contentUrl\":\"https:\\\/\\\/algarve7.pt\\\/wp-content\\\/uploads\\\/2023\\\/01\\\/Captura-de-ecra-2023-01-15-as-11.36.07.png\",\"width\":1024,\"height\":793},{\"@type\":\"BreadcrumbList\",\"@id\":\"https:\\\/\\\/algarve7.pt\\\/index.php\\\/2023\\\/01\\\/vii-encontro-de-polo-aquatico-de-lagoa\\\/desporto\\\/11\\\/41\\\/#breadcrumb\",\"itemListElement\":[{\"@type\":\"ListItem\",\"position\":1,\"name\":\"In\u00edcio\",\"item\":\"https:\\\/\\\/algarve7.pt\\\/\"},{\"@type\":\"ListItem\",\"position\":2,\"name\":\"VII Encontro de Polo Aqu\u00e1tico de Lagoa\"}]},{\"@type\":\"WebSite\",\"@id\":\"https:\\\/\\\/algarve7.pt\\\/#website\",\"url\":\"https:\\\/\\\/algarve7.pt\\\/\",\"name\":\"Algarve 7\",\"description\":\"Informa\u00e7\u00e3o sobre o Algarve\",\"publisher\":{\"@id\":\"https:\\\/\\\/algarve7.pt\\\/#organization\"},\"potentialAction\":[{\"@type\":\"SearchAction\",\"target\":{\"@type\":\"EntryPoint\",\"urlTemplate\":\"https:\\\/\\\/algarve7.pt\\\/?s={search_term_string}\"},\"query-input\":{\"@type\":\"PropertyValueSpecification\",\"valueRequired\":true,\"valueName\":\"search_term_string\"}}],\"inLanguage\":\"pt-PT\"},{\"@type\":\"Organization\",\"@id\":\"https:\\\/\\\/algarve7.pt\\\/#organization\",\"name\":\"Algarve 7\",\"url\":\"https:\\\/\\\/algarve7.pt\\\/\",\"logo\":{\"@type\":\"ImageObject\",\"inLanguage\":\"pt-PT\",\"@id\":\"https:\\\/\\\/algarve7.pt\\\/#\\\/schema\\\/logo\\\/image\\\/\",\"url\":\"https:\\\/\\\/algarve7.pt\\\/wp-content\\\/uploads\\\/2020\\\/10\\\/Logo-8.jpg\",\"contentUrl\":\"https:\\\/\\\/algarve7.pt\\\/wp-content\\\/uploads\\\/2020\\\/10\\\/Logo-8.jpg\",\"width\":1680,\"height\":1186,\"caption\":\"Algarve 7\"},\"image\":{\"@id\":\"https:\\\/\\\/algarve7.pt\\\/#\\\/schema\\\/logo\\\/image\\\/\"},\"sameAs\":[\"https:\\\/\\\/www.facebook.com\\\/algarve7\",\"https:\\\/\\\/x.com\\\/Algarvesete\",\"https:\\\/\\\/www.instagram.com\\\/jornalalgarve7\\\/\",\"https:\\\/\\\/www.linkedin.com\\\/company\\\/algarve7\",\"https:\\\/\\\/www.pinterest.pt\\\/geral0939\\\/_created\\\/\"]},{\"@type\":\"Person\",\"@id\":\"https:\\\/\\\/algarve7.pt\\\/#\\\/schema\\\/person\\\/23fa70681308e7b319a3204bcea45e0c\",\"name\":\"Algarve 7\",\"sameAs\":[\"https:\\\/\\\/algarve7.pt\",\"https:\\\/\\\/www.facebook.com\\\/algarve7\"],\"url\":\"https:\\\/\\\/algarve7.pt\\\/index.php\\\/author\\\/geralalgarve7-pt\\\/\"}]}<\/script>\n<!-- \/ Yoast SEO plugin. -->","yoast_head_json":{"title":"VII Encontro de Polo Aqu\u00e1tico de Lagoa - Algarve 7","description":"VII Encontro de Polo Aqu\u00e1tico de Lagoa Desporto","robots":{"index":"index","follow":"follow","max-snippet":"max-snippet:-1","max-image-preview":"max-image-preview:large","max-video-preview":"max-video-preview:-1"},"canonical":"https:\/\/algarve7.pt\/index.php\/2023\/01\/vii-encontro-de-polo-aquatico-de-lagoa\/desporto\/11\/41\/","og_locale":"pt_PT","og_type":"article","og_title":"VII Encontro de Polo Aqu\u00e1tico de Lagoa - Algarve 7","og_description":"VII Encontro de Polo Aqu\u00e1tico de Lagoa Desporto","og_url":"https:\/\/algarve7.pt\/index.php\/2023\/01\/vii-encontro-de-polo-aquatico-de-lagoa\/desporto\/11\/41\/","og_site_name":"Algarve 7","article_publisher":"https:\/\/www.facebook.com\/algarve7","article_author":"https:\/\/www.facebook.com\/algarve7","article_published_time":"2023-01-15T11:41:13+00:00","article_modified_time":"2023-01-15T11:41:15+00:00","og_image":[{"width":1024,"height":793,"url":"https:\/\/algarve7.pt\/wp-content\/uploads\/2023\/01\/Captura-de-ecra-2023-01-15-as-11.36.07.png","type":"image\/png"}],"author":"Algarve 7","twitter_card":"summary_large_image","twitter_creator":"@Algarvesete","twitter_site":"@Algarvesete","twitter_misc":{"Escrito por":"Algarve 7","Tempo estimado de leitura":"2 minutos"},"schema":{"@context":"https:\/\/schema.org","@graph":[{"@type":"Article","@id":"https:\/\/algarve7.pt\/index.php\/2023\/01\/vii-encontro-de-polo-aquatico-de-lagoa\/desporto\/11\/41\/#article","isPartOf":{"@id":"https:\/\/algarve7.pt\/index.php\/2023\/01\/vii-encontro-de-polo-aquatico-de-lagoa\/desporto\/11\/41\/"},"author":{"name":"Algarve 7","@id":"https:\/\/algarve7.pt\/#\/schema\/person\/23fa70681308e7b319a3204bcea45e0c"},"headline":"VII Encontro de Polo Aqu\u00e1tico de Lagoa","datePublished":"2023-01-15T11:41:13+00:00","dateModified":"2023-01-15T11:41:15+00:00","mainEntityOfPage":{"@id":"https:\/\/algarve7.pt\/index.php\/2023\/01\/vii-encontro-de-polo-aquatico-de-lagoa\/desporto\/11\/41\/"},"wordCount":209,"publisher":{"@id":"https:\/\/algarve7.pt\/#organization"},"image":{"@id":"https:\/\/algarve7.pt\/index.php\/2023\/01\/vii-encontro-de-polo-aquatico-de-lagoa\/desporto\/11\/41\/#primaryimage"},"thumbnailUrl":"https:\/\/algarve7.pt\/wp-content\/uploads\/2023\/01\/Captura-de-ecra-2023-01-15-as-11.36.07.png","keywords":["Algarve","Desporto","Lagoa","Polo Aqu\u00e1tico"],"articleSection":["Desporto"],"inLanguage":"pt-PT"},{"@type":"WebPage","@id":"https:\/\/algarve7.pt\/index.php\/2023\/01\/vii-encontro-de-polo-aquatico-de-lagoa\/desporto\/11\/41\/","url":"https:\/\/algarve7.pt\/index.php\/2023\/01\/vii-encontro-de-polo-aquatico-de-lagoa\/desporto\/11\/41\/","name":"VII Encontro de Polo Aqu\u00e1tico de Lagoa - Algarve 7","isPartOf":{"@id":"https:\/\/algarve7.pt\/#website"},"primaryImageOfPage":{"@id":"https:\/\/algarve7.pt\/index.php\/2023\/01\/vii-encontro-de-polo-aquatico-de-lagoa\/desporto\/11\/41\/#primaryimage"},"image":{"@id":"https:\/\/algarve7.pt\/index.php\/2023\/01\/vii-encontro-de-polo-aquatico-de-lagoa\/desporto\/11\/41\/#primaryimage"},"thumbnailUrl":"https:\/\/algarve7.pt\/wp-content\/uploads\/2023\/01\/Captura-de-ecra-2023-01-15-as-11.36.07.png","datePublished":"2023-01-15T11:41:13+00:00","dateModified":"2023-01-15T11:41:15+00:00","description":"VII Encontro de Polo Aqu\u00e1tico de Lagoa Desporto","breadcrumb":{"@id":"https:\/\/algarve7.pt\/index.php\/2023\/01\/vii-encontro-de-polo-aquatico-de-lagoa\/desporto\/11\/41\/#breadcrumb"},"inLanguage":"pt-PT","potentialAction":[{"@type":"ReadAction","target":["https:\/\/algarve7.pt\/index.php\/2023\/01\/vii-encontro-de-polo-aquatico-de-lagoa\/desporto\/11\/41\/"]}]},{"@type":"ImageObject","inLanguage":"pt-PT","@id":"https:\/\/algarve7.pt\/index.php\/2023\/01\/vii-encontro-de-polo-aquatico-de-lagoa\/desporto\/11\/41\/#primaryimage","url":"https:\/\/algarve7.pt\/wp-content\/uploads\/2023\/01\/Captura-de-ecra-2023-01-15-as-11.36.07.png","contentUrl":"https:\/\/algarve7.pt\/wp-content\/uploads\/2023\/01\/Captura-de-ecra-2023-01-15-as-11.36.07.png","width":1024,"height":793},{"@type":"BreadcrumbList","@id":"https:\/\/algarve7.pt\/index.php\/2023\/01\/vii-encontro-de-polo-aquatico-de-lagoa\/desporto\/11\/41\/#breadcrumb","itemListElement":[{"@type":"ListItem","position":1,"name":"In\u00edcio","item":"https:\/\/algarve7.pt\/"},{"@type":"ListItem","position":2,"name":"VII Encontro de Polo Aqu\u00e1tico de Lagoa"}]},{"@type":"WebSite","@id":"https:\/\/algarve7.pt\/#website","url":"https:\/\/algarve7.pt\/","name":"Algarve 7","description":"Informa\u00e7\u00e3o sobre o Algarve","publisher":{"@id":"https:\/\/algarve7.pt\/#organization"},"potentialAction":[{"@type":"SearchAction","target":{"@type":"EntryPoint","urlTemplate":"https:\/\/algarve7.pt\/?s={search_term_string}"},"query-input":{"@type":"PropertyValueSpecification","valueRequired":true,"valueName":"search_term_string"}}],"inLanguage":"pt-PT"},{"@type":"Organization","@id":"https:\/\/algarve7.pt\/#organization","name":"Algarve 7","url":"https:\/\/algarve7.pt\/","logo":{"@type":"ImageObject","inLanguage":"pt-PT","@id":"https:\/\/algarve7.pt\/#\/schema\/logo\/image\/","url":"https:\/\/algarve7.pt\/wp-content\/uploads\/2020\/10\/Logo-8.jpg","contentUrl":"https:\/\/algarve7.pt\/wp-content\/uploads\/2020\/10\/Logo-8.jpg","width":1680,"height":1186,"caption":"Algarve 7"},"image":{"@id":"https:\/\/algarve7.pt\/#\/schema\/logo\/image\/"},"sameAs":["https:\/\/www.facebook.com\/algarve7","https:\/\/x.com\/Algarvesete","https:\/\/www.instagram.com\/jornalalgarve7\/","https:\/\/www.linkedin.com\/company\/algarve7","https:\/\/www.pinterest.pt\/geral0939\/_created\/"]},{"@type":"Person","@id":"https:\/\/algarve7.pt\/#\/schema\/person\/23fa70681308e7b319a3204bcea45e0c","name":"Algarve 7","sameAs":["https:\/\/algarve7.pt","https:\/\/www.facebook.com\/algarve7"],"url":"https:\/\/algarve7.pt\/index.php\/author\/geralalgarve7-pt\/"}]}},"jetpack_publicize_connections":[],"jetpack_featured_media_url":"https:\/\/algarve7.pt\/wp-content\/uploads\/2023\/01\/Captura-de-ecra-2023-01-15-as-11.36.07.png","jetpack_shortlink":"https:\/\/wp.me\/pcezmW-6sB","jetpack_sharing_enabled":true,"_links":{"self":[{"href":"https:\/\/algarve7.pt\/index.php\/wp-json\/wp\/v2\/posts\/24837","targetHints":{"allow":["GET"]}}],"collection":[{"href":"https:\/\/algarve7.pt\/index.php\/wp-json\/wp\/v2\/posts"}],"about":[{"href":"https:\/\/algarve7.pt\/index.php\/wp-json\/wp\/v2\/types\/post"}],"author":[{"embeddable":true,"href":"https:\/\/algarve7.pt\/index.php\/wp-json\/wp\/v2\/users\/1"}],"replies":[{"embeddable":true,"href":"https:\/\/algarve7.pt\/index.php\/wp-json\/wp\/v2\/comments?post=24837"}],"version-history":[{"count":0,"href":"https:\/\/algarve7.pt\/index.php\/wp-json\/wp\/v2\/posts\/24837\/revisions"}],"wp:featuredmedia":[{"embeddable":true,"href":"https:\/\/algarve7.pt\/index.php\/wp-json\/wp\/v2\/media\/24838"}],"wp:attachment":[{"href":"https:\/\/algarve7.pt\/index.php\/wp-json\/wp\/v2\/media?parent=24837"}],"wp:term":[{"taxonomy":"category","embeddable":true,"href":"https:\/\/algarve7.pt\/index.php\/wp-json\/wp\/v2\/categories?post=24837"},{"taxonomy":"post_tag","embeddable":true,"href":"https:\/\/algarve7.pt\/index.php\/wp-json\/wp\/v2\/tags?post=24837"}],"curies":[{"name":"wp","href":"https:\/\/api.w.org\/{rel}","templated":true}]}}