{"id":24811,"date":"2023-01-14T09:30:00","date_gmt":"2023-01-14T09:30:00","guid":{"rendered":"https:\/\/algarve7.pt\/?p=24811"},"modified":"2023-01-14T08:58:14","modified_gmt":"2023-01-14T08:58:14","slug":"concelho-de-lagoa-comemora-250-anos","status":"publish","type":"post","link":"https:\/\/algarve7.pt\/index.php\/2023\/01\/concelho-de-lagoa-comemora-250-anos\/atualidade\/09\/30\/","title":{"rendered":"Concelho de Lagoa comemora 250 anos"},"content":{"rendered":"\n<p class=\"wp-block-paragraph\">Lagoa comemora, na pr\u00f3xima segunda-feira, dia 16 de janeiro, 250 anos da cria\u00e7\u00e3o do concelho, depois de a 16 de janeiro de 1773, por meio de carta r\u00e9gia, D. Jos\u00e9 ter redefinido as divis\u00f5es administrativas da regi\u00e3o do Algarve e ter feito nascer o concelho de Lagoa.<\/p>\n\n\n\n<p class=\"wp-block-paragraph\">O concelho de Lagoa estar\u00e1 em festa, j\u00e1 a partir da pr\u00f3xima segunda-feira, para comemorar a cria\u00e7\u00e3o de Lagoa enquanto concelho, que durante o s\u00e9culo XVIII foi desagregado do concelho de Silves, tendo como presidente da Comiss\u00e3o de Honra das Comemora\u00e7\u00f5es o ilustre Lagoense Vasco Joaquim Rocha Vieira, General do Ex\u00e9rcito Portugu\u00eas e \u00faltimo Governador de Macau sob a administra\u00e7\u00e3o portuguesa.<\/p>\n\n\n\n<p class=\"wp-block-paragraph\">As comemora\u00e7\u00f5es oficiais iniciam-se no dia de hoje, com a inaugura\u00e7\u00e3o do P\u00e1tio das Gera\u00e7\u00f5es, e durar\u00e3o at\u00e9 ao dia 16 de janeiro de 2024. Para a pr\u00f3xima segunda-feira, dia em que se comemora os 250 anos da cria\u00e7\u00e3o do concelho, est\u00e3o programadas v\u00e1rias iniciativas, desde o hastear da bandeira, em frente ao edif\u00edcio da C\u00e2mara Municipal, o lan\u00e7amento do novo portal do munic\u00edpio, uma arruada pelo concelho, bem como a Cerim\u00f3nia de Abertura das Comemora\u00e7\u00f5es dos 250 anos da Cria\u00e7\u00e3o do Concelho de Lagoa 1773-2023, que ter\u00e1 lugar, pelas 17h30, no Audit\u00f3rio Carlos do Carmo.&nbsp;<\/p>\n\n\n\n<p class=\"wp-block-paragraph\">O Munic\u00edpio de Lagoa preparou um vasto programa dedicado aos 250 anos da cria\u00e7\u00e3o do concelho onde ir\u00e1 realizar, ao longo de todo o ano, iniciativas que ir\u00e3o perdurar na mem\u00f3ria dos Lagoenses e marcar\u00e3o a hist\u00f3ria.<\/p>\n\n\n\n<p class=\"wp-block-paragraph\">O programa comemorativo integra ciclos de confer\u00eancias e a\u00e7\u00f5es de forma\u00e7\u00e3o, capacita\u00e7\u00e3o das equipas t\u00e9cnicas da autarquia e das empresas locais, mas tamb\u00e9m dos agentes desportivos e educativos, trazendo a Lagoa investigadores, decisores e pensadores. Ciclos de reflex\u00e3o e partilha de conhecimento e saber, que ser\u00e3o pensados numa articula\u00e7\u00e3o entre a mem\u00f3ria e a constru\u00e7\u00e3o do territ\u00f3rio e os novos desafios que hoje se levantam aos munic\u00edpios e ao mundo. A arte p\u00fablica<\/p>\n\n\n\n<p class=\"wp-block-paragraph\">marcar\u00e1 tamb\u00e9m este momento celebrativo nas v\u00e1rias freguesias do concelho, assinalando a identidade e a mem\u00f3ria dos lugares. Ser\u00e1 ainda desenvolvido um conjunto de eventos, onde o trabalho com a comunidade possa continuar a fortalecer a identidade de Lagoa e dos Lagoenses, num di\u00e1logo permanente do Munic\u00edpio com os agentes sociais e culturais do concelho, de forma a que estes tamb\u00e9m construam programa\u00e7\u00f5es comemorativas, conscientes de que todos contribuem para o desenvolvimento do concelho.<\/p>\n\n\n\n<p class=\"wp-block-paragraph\">O munic\u00edpio convida todos os Lagoenses a participarem nas comemora\u00e7\u00f5es dos 250 anos da cria\u00e7\u00e3o do concelho de Lagoa e pretende que as comemora\u00e7\u00f5es sejam uma oportunidade para festejar a identidade, a mem\u00f3ria e o \u201cOrgulho em ser Lagoa\u201d. &nbsp;<\/p>\n\n\n\n<p class=\"wp-block-paragraph\">\u201cParab\u00e9ns Lagoa! N\u00e3o posso deixar de manifestar o orgulho em viver neste fant\u00e1stico territ\u00f3rio, que segunda-feira comemora 250 anos de exist\u00eancia. Tamb\u00e9m n\u00e3o posso deixar de agradecer a todos os homens e mulheres que servem ou j\u00e1 serviram o concelho, que fazem parte da sua hist\u00f3ria e que contribu\u00edram para a sua afirma\u00e7\u00e3o no mundo. Convido todos os Lagoenses a participarem nas comemora\u00e7\u00f5es e a sentirem o \u201cOrgulho em Ser Lagoa\u201d, afirmou Lu\u00eds Encarna\u00e7\u00e3o, Presidente da C\u00e2mara Municipal de Lagoa.&nbsp;<\/p>\n\n\n\n<p class=\"wp-block-paragraph\"><strong>Programa de dia 16 de janeiro:<\/strong><\/p>\n\n\n\n<p class=\"wp-block-paragraph\"><strong>08h45 \u2013 Hastear de Bandeira<\/strong><\/p>\n\n\n\n<p class=\"wp-block-paragraph\"><strong>09h00 \u2013 17h30 \u2013 Arruada pelas ruas do concelho<\/strong><\/p>\n\n\n\n<p class=\"wp-block-paragraph\"><strong>10h00 \u2013 Apresenta\u00e7\u00e3o do Novo Portal do Munic\u00edpio<\/strong><\/p>\n\n\n\n<p class=\"wp-block-paragraph\"><strong>17h30 \u2013 Cerim\u00f3nia de Abertura das Comemora\u00e7\u00f5es dos 250 Anos da Cria\u00e7\u00e3o do Concelho de Lagoa 1773-2023<\/strong><\/p>\n","protected":false},"excerpt":{"rendered":"<p>Lagoa comemora, na pr\u00f3xima segunda-feira, dia 16 de janeiro, 250 anos da cria\u00e7\u00e3o do concelho, depois de a 16 de<\/p>\n","protected":false},"author":1,"featured_media":24814,"comment_status":"closed","ping_status":"open","sticky":false,"template":"","format":"standard","meta":{"colormag_page_container_layout":"default_layout","colormag_page_sidebar_layout":"default_layout","_monsterinsights_skip_tracking":false,"_jetpack_newsletter_access":"","_jetpack_dont_email_post_to_subs":false,"_jetpack_newsletter_tier_id":0,"_jetpack_memberships_contains_paywalled_content":false,"_jetpack_feature_clip_id":0,"_jetpack_memberships_contains_paid_content":false,"footnotes":"","jetpack_publicize_message":"","jetpack_publicize_feature_enabled":true,"jetpack_social_post_already_shared":true,"jetpack_social_options":{"image_generator_settings":{"template":"highway","default_image_id":0,"font":"","enabled":false},"version":2},"jetpack_post_was_ever_published":false},"categories":[11],"tags":[36,62,48],"class_list":["post-24811","post","type-post","status-publish","format-standard","has-post-thumbnail","hentry","category-atualidade","tag-algarve","tag-atualidade","tag-lagoa"],"yoast_head":"<!-- This site is optimized with the Yoast SEO plugin v28.4 - https:\/\/yoast.com\/product\/yoast-seo-wordpress\/ -->\n<title>Concelho de Lagoa comemora 250 anos - Algarve 7<\/title>\n<meta name=\"description\" content=\"Concelho de Lagoa comemora 250 anos Atualidade\" \/>\n<meta name=\"robots\" content=\"index, follow, max-snippet:-1, max-image-preview:large, max-video-preview:-1\" \/>\n<link rel=\"canonical\" href=\"https:\/\/algarve7.pt\/index.php\/2023\/01\/concelho-de-lagoa-comemora-250-anos\/atualidade\/09\/30\/\" \/>\n<meta property=\"og:locale\" content=\"pt_PT\" \/>\n<meta property=\"og:type\" content=\"article\" \/>\n<meta property=\"og:title\" content=\"Concelho de Lagoa comemora 250 anos - Algarve 7\" \/>\n<meta property=\"og:description\" content=\"Concelho de Lagoa comemora 250 anos Atualidade\" \/>\n<meta property=\"og:url\" content=\"https:\/\/algarve7.pt\/index.php\/2023\/01\/concelho-de-lagoa-comemora-250-anos\/atualidade\/09\/30\/\" \/>\n<meta property=\"og:site_name\" content=\"Algarve 7\" \/>\n<meta property=\"article:publisher\" content=\"https:\/\/www.facebook.com\/algarve7\" \/>\n<meta property=\"article:author\" content=\"https:\/\/www.facebook.com\/algarve7\" \/>\n<meta property=\"article:published_time\" content=\"2023-01-14T09:30:00+00:00\" \/>\n<meta property=\"og:image\" content=\"https:\/\/algarve7.pt\/wp-content\/uploads\/2023\/01\/20230113_banner-post-250LGA_1200x1200px-06-1-1-e1673686639546.png\" \/>\n\t<meta property=\"og:image:width\" content=\"1200\" \/>\n\t<meta property=\"og:image:height\" content=\"927\" \/>\n\t<meta property=\"og:image:type\" content=\"image\/png\" \/>\n<meta name=\"author\" content=\"Algarve 7\" \/>\n<meta name=\"twitter:card\" content=\"summary_large_image\" \/>\n<meta name=\"twitter:creator\" content=\"@Algarvesete\" \/>\n<meta name=\"twitter:site\" content=\"@Algarvesete\" \/>\n<meta name=\"twitter:label1\" content=\"Escrito por\" \/>\n\t<meta name=\"twitter:data1\" content=\"Algarve 7\" \/>\n\t<meta name=\"twitter:label2\" content=\"Tempo estimado de leitura\" \/>\n\t<meta name=\"twitter:data2\" content=\"4 minutos\" \/>\n<script type=\"application\/ld+json\" class=\"yoast-schema-graph\">{\"@context\":\"https:\\\/\\\/schema.org\",\"@graph\":[{\"@type\":\"Article\",\"@id\":\"https:\\\/\\\/algarve7.pt\\\/index.php\\\/2023\\\/01\\\/concelho-de-lagoa-comemora-250-anos\\\/atualidade\\\/09\\\/30\\\/#article\",\"isPartOf\":{\"@id\":\"https:\\\/\\\/algarve7.pt\\\/index.php\\\/2023\\\/01\\\/concelho-de-lagoa-comemora-250-anos\\\/atualidade\\\/09\\\/30\\\/\"},\"author\":{\"name\":\"Algarve 7\",\"@id\":\"https:\\\/\\\/algarve7.pt\\\/#\\\/schema\\\/person\\\/23fa70681308e7b319a3204bcea45e0c\"},\"headline\":\"Concelho de Lagoa comemora 250 anos\",\"datePublished\":\"2023-01-14T09:30:00+00:00\",\"mainEntityOfPage\":{\"@id\":\"https:\\\/\\\/algarve7.pt\\\/index.php\\\/2023\\\/01\\\/concelho-de-lagoa-comemora-250-anos\\\/atualidade\\\/09\\\/30\\\/\"},\"wordCount\":623,\"publisher\":{\"@id\":\"https:\\\/\\\/algarve7.pt\\\/#organization\"},\"image\":{\"@id\":\"https:\\\/\\\/algarve7.pt\\\/index.php\\\/2023\\\/01\\\/concelho-de-lagoa-comemora-250-anos\\\/atualidade\\\/09\\\/30\\\/#primaryimage\"},\"thumbnailUrl\":\"https:\\\/\\\/algarve7.pt\\\/wp-content\\\/uploads\\\/2023\\\/01\\\/20230113_banner-post-250LGA_1200x1200px-06-1-1-e1673686639546.png\",\"keywords\":[\"Algarve\",\"Atualidade\",\"Lagoa\"],\"articleSection\":[\"Atualidade\"],\"inLanguage\":\"pt-PT\"},{\"@type\":\"WebPage\",\"@id\":\"https:\\\/\\\/algarve7.pt\\\/index.php\\\/2023\\\/01\\\/concelho-de-lagoa-comemora-250-anos\\\/atualidade\\\/09\\\/30\\\/\",\"url\":\"https:\\\/\\\/algarve7.pt\\\/index.php\\\/2023\\\/01\\\/concelho-de-lagoa-comemora-250-anos\\\/atualidade\\\/09\\\/30\\\/\",\"name\":\"Concelho de Lagoa comemora 250 anos - Algarve 7\",\"isPartOf\":{\"@id\":\"https:\\\/\\\/algarve7.pt\\\/#website\"},\"primaryImageOfPage\":{\"@id\":\"https:\\\/\\\/algarve7.pt\\\/index.php\\\/2023\\\/01\\\/concelho-de-lagoa-comemora-250-anos\\\/atualidade\\\/09\\\/30\\\/#primaryimage\"},\"image\":{\"@id\":\"https:\\\/\\\/algarve7.pt\\\/index.php\\\/2023\\\/01\\\/concelho-de-lagoa-comemora-250-anos\\\/atualidade\\\/09\\\/30\\\/#primaryimage\"},\"thumbnailUrl\":\"https:\\\/\\\/algarve7.pt\\\/wp-content\\\/uploads\\\/2023\\\/01\\\/20230113_banner-post-250LGA_1200x1200px-06-1-1-e1673686639546.png\",\"datePublished\":\"2023-01-14T09:30:00+00:00\",\"description\":\"Concelho de Lagoa comemora 250 anos Atualidade\",\"breadcrumb\":{\"@id\":\"https:\\\/\\\/algarve7.pt\\\/index.php\\\/2023\\\/01\\\/concelho-de-lagoa-comemora-250-anos\\\/atualidade\\\/09\\\/30\\\/#breadcrumb\"},\"inLanguage\":\"pt-PT\",\"potentialAction\":[{\"@type\":\"ReadAction\",\"target\":[\"https:\\\/\\\/algarve7.pt\\\/index.php\\\/2023\\\/01\\\/concelho-de-lagoa-comemora-250-anos\\\/atualidade\\\/09\\\/30\\\/\"]}]},{\"@type\":\"ImageObject\",\"inLanguage\":\"pt-PT\",\"@id\":\"https:\\\/\\\/algarve7.pt\\\/index.php\\\/2023\\\/01\\\/concelho-de-lagoa-comemora-250-anos\\\/atualidade\\\/09\\\/30\\\/#primaryimage\",\"url\":\"https:\\\/\\\/algarve7.pt\\\/wp-content\\\/uploads\\\/2023\\\/01\\\/20230113_banner-post-250LGA_1200x1200px-06-1-1-e1673686639546.png\",\"contentUrl\":\"https:\\\/\\\/algarve7.pt\\\/wp-content\\\/uploads\\\/2023\\\/01\\\/20230113_banner-post-250LGA_1200x1200px-06-1-1-e1673686639546.png\",\"width\":1200,\"height\":927},{\"@type\":\"BreadcrumbList\",\"@id\":\"https:\\\/\\\/algarve7.pt\\\/index.php\\\/2023\\\/01\\\/concelho-de-lagoa-comemora-250-anos\\\/atualidade\\\/09\\\/30\\\/#breadcrumb\",\"itemListElement\":[{\"@type\":\"ListItem\",\"position\":1,\"name\":\"In\u00edcio\",\"item\":\"https:\\\/\\\/algarve7.pt\\\/\"},{\"@type\":\"ListItem\",\"position\":2,\"name\":\"Concelho de Lagoa comemora 250 anos\"}]},{\"@type\":\"WebSite\",\"@id\":\"https:\\\/\\\/algarve7.pt\\\/#website\",\"url\":\"https:\\\/\\\/algarve7.pt\\\/\",\"name\":\"Algarve 7\",\"description\":\"Informa\u00e7\u00e3o sobre o Algarve\",\"publisher\":{\"@id\":\"https:\\\/\\\/algarve7.pt\\\/#organization\"},\"potentialAction\":[{\"@type\":\"SearchAction\",\"target\":{\"@type\":\"EntryPoint\",\"urlTemplate\":\"https:\\\/\\\/algarve7.pt\\\/?s={search_term_string}\"},\"query-input\":{\"@type\":\"PropertyValueSpecification\",\"valueRequired\":true,\"valueName\":\"search_term_string\"}}],\"inLanguage\":\"pt-PT\"},{\"@type\":\"Organization\",\"@id\":\"https:\\\/\\\/algarve7.pt\\\/#organization\",\"name\":\"Algarve 7\",\"url\":\"https:\\\/\\\/algarve7.pt\\\/\",\"logo\":{\"@type\":\"ImageObject\",\"inLanguage\":\"pt-PT\",\"@id\":\"https:\\\/\\\/algarve7.pt\\\/#\\\/schema\\\/logo\\\/image\\\/\",\"url\":\"https:\\\/\\\/algarve7.pt\\\/wp-content\\\/uploads\\\/2020\\\/10\\\/Logo-8.jpg\",\"contentUrl\":\"https:\\\/\\\/algarve7.pt\\\/wp-content\\\/uploads\\\/2020\\\/10\\\/Logo-8.jpg\",\"width\":1680,\"height\":1186,\"caption\":\"Algarve 7\"},\"image\":{\"@id\":\"https:\\\/\\\/algarve7.pt\\\/#\\\/schema\\\/logo\\\/image\\\/\"},\"sameAs\":[\"https:\\\/\\\/www.facebook.com\\\/algarve7\",\"https:\\\/\\\/x.com\\\/Algarvesete\",\"https:\\\/\\\/www.instagram.com\\\/jornalalgarve7\\\/\",\"https:\\\/\\\/www.linkedin.com\\\/company\\\/algarve7\",\"https:\\\/\\\/www.pinterest.pt\\\/geral0939\\\/_created\\\/\"]},{\"@type\":\"Person\",\"@id\":\"https:\\\/\\\/algarve7.pt\\\/#\\\/schema\\\/person\\\/23fa70681308e7b319a3204bcea45e0c\",\"name\":\"Algarve 7\",\"sameAs\":[\"https:\\\/\\\/algarve7.pt\",\"https:\\\/\\\/www.facebook.com\\\/algarve7\"],\"url\":\"https:\\\/\\\/algarve7.pt\\\/index.php\\\/author\\\/geralalgarve7-pt\\\/\"}]}<\/script>\n<!-- \/ Yoast SEO plugin. -->","yoast_head_json":{"title":"Concelho de Lagoa comemora 250 anos - Algarve 7","description":"Concelho de Lagoa comemora 250 anos Atualidade","robots":{"index":"index","follow":"follow","max-snippet":"max-snippet:-1","max-image-preview":"max-image-preview:large","max-video-preview":"max-video-preview:-1"},"canonical":"https:\/\/algarve7.pt\/index.php\/2023\/01\/concelho-de-lagoa-comemora-250-anos\/atualidade\/09\/30\/","og_locale":"pt_PT","og_type":"article","og_title":"Concelho de Lagoa comemora 250 anos - Algarve 7","og_description":"Concelho de Lagoa comemora 250 anos Atualidade","og_url":"https:\/\/algarve7.pt\/index.php\/2023\/01\/concelho-de-lagoa-comemora-250-anos\/atualidade\/09\/30\/","og_site_name":"Algarve 7","article_publisher":"https:\/\/www.facebook.com\/algarve7","article_author":"https:\/\/www.facebook.com\/algarve7","article_published_time":"2023-01-14T09:30:00+00:00","og_image":[{"width":1200,"height":927,"url":"https:\/\/algarve7.pt\/wp-content\/uploads\/2023\/01\/20230113_banner-post-250LGA_1200x1200px-06-1-1-e1673686639546.png","type":"image\/png"}],"author":"Algarve 7","twitter_card":"summary_large_image","twitter_creator":"@Algarvesete","twitter_site":"@Algarvesete","twitter_misc":{"Escrito por":"Algarve 7","Tempo estimado de leitura":"4 minutos"},"schema":{"@context":"https:\/\/schema.org","@graph":[{"@type":"Article","@id":"https:\/\/algarve7.pt\/index.php\/2023\/01\/concelho-de-lagoa-comemora-250-anos\/atualidade\/09\/30\/#article","isPartOf":{"@id":"https:\/\/algarve7.pt\/index.php\/2023\/01\/concelho-de-lagoa-comemora-250-anos\/atualidade\/09\/30\/"},"author":{"name":"Algarve 7","@id":"https:\/\/algarve7.pt\/#\/schema\/person\/23fa70681308e7b319a3204bcea45e0c"},"headline":"Concelho de Lagoa comemora 250 anos","datePublished":"2023-01-14T09:30:00+00:00","mainEntityOfPage":{"@id":"https:\/\/algarve7.pt\/index.php\/2023\/01\/concelho-de-lagoa-comemora-250-anos\/atualidade\/09\/30\/"},"wordCount":623,"publisher":{"@id":"https:\/\/algarve7.pt\/#organization"},"image":{"@id":"https:\/\/algarve7.pt\/index.php\/2023\/01\/concelho-de-lagoa-comemora-250-anos\/atualidade\/09\/30\/#primaryimage"},"thumbnailUrl":"https:\/\/algarve7.pt\/wp-content\/uploads\/2023\/01\/20230113_banner-post-250LGA_1200x1200px-06-1-1-e1673686639546.png","keywords":["Algarve","Atualidade","Lagoa"],"articleSection":["Atualidade"],"inLanguage":"pt-PT"},{"@type":"WebPage","@id":"https:\/\/algarve7.pt\/index.php\/2023\/01\/concelho-de-lagoa-comemora-250-anos\/atualidade\/09\/30\/","url":"https:\/\/algarve7.pt\/index.php\/2023\/01\/concelho-de-lagoa-comemora-250-anos\/atualidade\/09\/30\/","name":"Concelho de Lagoa comemora 250 anos - Algarve 7","isPartOf":{"@id":"https:\/\/algarve7.pt\/#website"},"primaryImageOfPage":{"@id":"https:\/\/algarve7.pt\/index.php\/2023\/01\/concelho-de-lagoa-comemora-250-anos\/atualidade\/09\/30\/#primaryimage"},"image":{"@id":"https:\/\/algarve7.pt\/index.php\/2023\/01\/concelho-de-lagoa-comemora-250-anos\/atualidade\/09\/30\/#primaryimage"},"thumbnailUrl":"https:\/\/algarve7.pt\/wp-content\/uploads\/2023\/01\/20230113_banner-post-250LGA_1200x1200px-06-1-1-e1673686639546.png","datePublished":"2023-01-14T09:30:00+00:00","description":"Concelho de Lagoa comemora 250 anos Atualidade","breadcrumb":{"@id":"https:\/\/algarve7.pt\/index.php\/2023\/01\/concelho-de-lagoa-comemora-250-anos\/atualidade\/09\/30\/#breadcrumb"},"inLanguage":"pt-PT","potentialAction":[{"@type":"ReadAction","target":["https:\/\/algarve7.pt\/index.php\/2023\/01\/concelho-de-lagoa-comemora-250-anos\/atualidade\/09\/30\/"]}]},{"@type":"ImageObject","inLanguage":"pt-PT","@id":"https:\/\/algarve7.pt\/index.php\/2023\/01\/concelho-de-lagoa-comemora-250-anos\/atualidade\/09\/30\/#primaryimage","url":"https:\/\/algarve7.pt\/wp-content\/uploads\/2023\/01\/20230113_banner-post-250LGA_1200x1200px-06-1-1-e1673686639546.png","contentUrl":"https:\/\/algarve7.pt\/wp-content\/uploads\/2023\/01\/20230113_banner-post-250LGA_1200x1200px-06-1-1-e1673686639546.png","width":1200,"height":927},{"@type":"BreadcrumbList","@id":"https:\/\/algarve7.pt\/index.php\/2023\/01\/concelho-de-lagoa-comemora-250-anos\/atualidade\/09\/30\/#breadcrumb","itemListElement":[{"@type":"ListItem","position":1,"name":"In\u00edcio","item":"https:\/\/algarve7.pt\/"},{"@type":"ListItem","position":2,"name":"Concelho de Lagoa comemora 250 anos"}]},{"@type":"WebSite","@id":"https:\/\/algarve7.pt\/#website","url":"https:\/\/algarve7.pt\/","name":"Algarve 7","description":"Informa\u00e7\u00e3o sobre o Algarve","publisher":{"@id":"https:\/\/algarve7.pt\/#organization"},"potentialAction":[{"@type":"SearchAction","target":{"@type":"EntryPoint","urlTemplate":"https:\/\/algarve7.pt\/?s={search_term_string}"},"query-input":{"@type":"PropertyValueSpecification","valueRequired":true,"valueName":"search_term_string"}}],"inLanguage":"pt-PT"},{"@type":"Organization","@id":"https:\/\/algarve7.pt\/#organization","name":"Algarve 7","url":"https:\/\/algarve7.pt\/","logo":{"@type":"ImageObject","inLanguage":"pt-PT","@id":"https:\/\/algarve7.pt\/#\/schema\/logo\/image\/","url":"https:\/\/algarve7.pt\/wp-content\/uploads\/2020\/10\/Logo-8.jpg","contentUrl":"https:\/\/algarve7.pt\/wp-content\/uploads\/2020\/10\/Logo-8.jpg","width":1680,"height":1186,"caption":"Algarve 7"},"image":{"@id":"https:\/\/algarve7.pt\/#\/schema\/logo\/image\/"},"sameAs":["https:\/\/www.facebook.com\/algarve7","https:\/\/x.com\/Algarvesete","https:\/\/www.instagram.com\/jornalalgarve7\/","https:\/\/www.linkedin.com\/company\/algarve7","https:\/\/www.pinterest.pt\/geral0939\/_created\/"]},{"@type":"Person","@id":"https:\/\/algarve7.pt\/#\/schema\/person\/23fa70681308e7b319a3204bcea45e0c","name":"Algarve 7","sameAs":["https:\/\/algarve7.pt","https:\/\/www.facebook.com\/algarve7"],"url":"https:\/\/algarve7.pt\/index.php\/author\/geralalgarve7-pt\/"}]}},"jetpack_publicize_connections":[],"jetpack_shortlink":"https:\/\/wp.me\/pcezmW-6sb","jetpack_sharing_enabled":true,"jetpack_featured_media_url":"https:\/\/algarve7.pt\/wp-content\/uploads\/2023\/01\/20230113_banner-post-250LGA_1200x1200px-06-1-1-e1673686639546.png","_links":{"self":[{"href":"https:\/\/algarve7.pt\/index.php\/wp-json\/wp\/v2\/posts\/24811","targetHints":{"allow":["GET"]}}],"collection":[{"href":"https:\/\/algarve7.pt\/index.php\/wp-json\/wp\/v2\/posts"}],"about":[{"href":"https:\/\/algarve7.pt\/index.php\/wp-json\/wp\/v2\/types\/post"}],"author":[{"embeddable":true,"href":"https:\/\/algarve7.pt\/index.php\/wp-json\/wp\/v2\/users\/1"}],"replies":[{"embeddable":true,"href":"https:\/\/algarve7.pt\/index.php\/wp-json\/wp\/v2\/comments?post=24811"}],"version-history":[{"count":0,"href":"https:\/\/algarve7.pt\/index.php\/wp-json\/wp\/v2\/posts\/24811\/revisions"}],"wp:featuredmedia":[{"embeddable":true,"href":"https:\/\/algarve7.pt\/index.php\/wp-json\/wp\/v2\/media\/24814"}],"wp:attachment":[{"href":"https:\/\/algarve7.pt\/index.php\/wp-json\/wp\/v2\/media?parent=24811"}],"wp:term":[{"taxonomy":"category","embeddable":true,"href":"https:\/\/algarve7.pt\/index.php\/wp-json\/wp\/v2\/categories?post=24811"},{"taxonomy":"post_tag","embeddable":true,"href":"https:\/\/algarve7.pt\/index.php\/wp-json\/wp\/v2\/tags?post=24811"}],"curies":[{"name":"wp","href":"https:\/\/api.w.org\/{rel}","templated":true}]}}