{"id":24795,"date":"2023-01-13T12:59:43","date_gmt":"2023-01-13T12:59:43","guid":{"rendered":"https:\/\/algarve7.pt\/?p=24795"},"modified":"2023-01-13T12:59:45","modified_gmt":"2023-01-13T12:59:45","slug":"portimao-assiste-nos-proximos-seis-meses-ao-melhor-do-novo-cinema-frances","status":"publish","type":"post","link":"https:\/\/algarve7.pt\/index.php\/2023\/01\/portimao-assiste-nos-proximos-seis-meses-ao-melhor-do-novo-cinema-frances\/cultura\/12\/59\/","title":{"rendered":"Portim\u00e3o assiste nos pr\u00f3ximos seis meses ao melhor do novo cinema franc\u00eas"},"content":{"rendered":"\n<p>O Museu de Portim\u00e3o volta a mostrar o que de melhor produzem os realizadores gauleses, atrav\u00e9s da quinta edi\u00e7\u00e3o da iniciativa \u201cO Filme Franc\u00eas do M\u00eas\u201d, que est\u00e1 de regresso \u00e0 cidade no dia 26 de janeiro e se prolongar\u00e1 at\u00e9 junho pr\u00f3ximo, sempre \u00e0s 21h00 e com entrada gratuita.<\/p>\n\n\n\n<p>Promovido conjuntamente entre a Alliance Fran\u00e7aise do Algarve, o Institut Fran\u00e7ais e o Grupo dos Amigos do Museu de Portim\u00e3o (GAMP), este ciclo de cinema franc\u00eas, al\u00e9m de divulgar junto do p\u00fablico algarvio os grandes \u00eaxitos cinematogr\u00e1ficos na l\u00edngua de Moli\u00e8re, tamb\u00e9m se destina a atrair os muitos franceses que, cada vez mais, vivem na regi\u00e3o ou passam f\u00e9rias no Algarve, permitindo-lhes em contraponto conhecer a hist\u00f3ria e o patrim\u00f3nio regionais.<\/p>\n\n\n\n<p>A primeira pel\u00edcula deste novo ciclo intitula-se \u201cRouge\u201d (Drama), foi realizada por Farid Bentoumi em 2020 e ser\u00e1 exibida a 26 de janeiro, a partir das 21h00, no audit\u00f3rio do Museu de Portim\u00e3o.<\/p>\n\n\n\n<p>Este drama, com a dura\u00e7\u00e3o de 1h28, aborda a vida da enfermeira Nour, acabada de ser contratada por uma f\u00e1brica qu\u00edmica onde trabalha o seu pai. Enquanto a f\u00e1brica est\u00e1 sob uma investiga\u00e7\u00e3o sanit\u00e1ria, uma jovem jornalista investiga sobre a gest\u00e3o dos res\u00edduos. As duas jovens v\u00e3o, pouco a pouco, descobrir que esta f\u00e1brica, pilar da economia local, esconde muitos segredos. Entre mentiras sobreas emiss\u00f5es poluentes, processos m\u00e9dicos manipulados ou acidentesescondidos, Nour ter\u00e1 de escolher entre calar-se ou trair o seu pai e revelar a verdade.<\/p>\n\n\n\n<p>Todos os filmes s\u00e3o exibidos na \u00faltima quinta-feira do m\u00eas e em vers\u00e3o original francesa, com legendas em portugu\u00eas, nas seguintes datas: 26 de janeiro \u2013 \u201cRouge\u201d, de Farid Bentoumi; 23 de fevereiro \u2013 &#8220;Petit Pays\u201d de Eric Barbier; 30 de mar\u00e7o \u2013 \u201cDe nos fr\u00e8res bless\u00e9s\u201d, de H\u00e9lier Cisterne; 27 de abril \u2013 \u201cLa derni\u00e8re vie de Simon\u201d, de L\u00e9o Karmann; 25 de maio &#8211; \u201cL&#8217;Autre Continent\u201d, de Romain Cogitore; e 29 de junho \u2013 \u201cLes 2 Alfred\u201d, Bruno Podalyd\u00e8s.<\/p>\n\n\n\n<p>A Alliance Fran\u00e7aise do Algarve, cuja sede se localiza em Faro, \u00e9 uma associa\u00e7\u00e3o sem fins lucrativos cujo objeto \u00e9 a divulga\u00e7\u00e3o da l\u00edngua e da cultura francesas, fazendo parte das suas atividades o ensino do franc\u00eas, do portugu\u00eas para franc\u00f3fonos, al\u00e9m da realiza\u00e7\u00e3o de exames de franc\u00eas e tradu\u00e7\u00f5es, entre outras a\u00e7\u00f5es.<\/p>\n\n\n\n<p>Em mar\u00e7o de 2018, a entidade decidiu alargar a sua presen\u00e7a ao barlavento algarvio e estabeleceu um protocolo de parceria com o GAMP, visando estreitar os la\u00e7os amig\u00e1veis e culturais com o tecido associativo local, gra\u00e7as aos quais o ciclo \u201cO Filme Franc\u00eas do M\u00eas\u201d come\u00e7ou a ter lugar em Portim\u00e3o. Este ano, para al\u00e9m de Portim\u00e3o, tamb\u00e9m ser\u00e3o abrangidas as cidades de Loul\u00e9 e Faro.<\/p>\n","protected":false},"excerpt":{"rendered":"<p>O Museu de Portim\u00e3o volta a mostrar o que de melhor produzem os realizadores gauleses, atrav\u00e9s da quinta edi\u00e7\u00e3o da<\/p>\n","protected":false},"author":1,"featured_media":24796,"comment_status":"closed","ping_status":"open","sticky":false,"template":"","format":"standard","meta":{"colormag_page_container_layout":"default_layout","colormag_page_sidebar_layout":"default_layout","_monsterinsights_skip_tracking":false,"_monsterinsights_sitenote_active":false,"_monsterinsights_sitenote_note":"","_monsterinsights_sitenote_category":0,"jetpack_post_was_ever_published":false,"_jetpack_newsletter_access":"","_jetpack_dont_email_post_to_subs":false,"_jetpack_newsletter_tier_id":0,"_jetpack_memberships_contains_paywalled_content":false,"_jetpack_memberships_contains_paid_content":false,"footnotes":"","jetpack_publicize_message":"","jetpack_publicize_feature_enabled":true,"jetpack_social_post_already_shared":true,"jetpack_social_options":{"image_generator_settings":{"template":"highway","default_image_id":0,"font":"","enabled":false},"version":2}},"categories":[14],"tags":[36,43,35,72],"class_list":["post-24795","post","type-post","status-publish","format-standard","has-post-thumbnail","hentry","category-cultura","tag-algarve","tag-cinema","tag-cultura","tag-portimao"],"yoast_head":"<!-- This site is optimized with the Yoast SEO plugin v27.5 - https:\/\/yoast.com\/product\/yoast-seo-wordpress\/ -->\n<title>Portim\u00e3o assiste nos pr\u00f3ximos seis meses ao melhor do novo cinema franc\u00eas - Algarve 7<\/title>\n<meta name=\"description\" content=\"Portim\u00e3o assiste nos pr\u00f3ximos seis meses ao melhor do novo cinema franc\u00eas Cultura\" \/>\n<meta name=\"robots\" content=\"index, follow, max-snippet:-1, max-image-preview:large, max-video-preview:-1\" \/>\n<link rel=\"canonical\" href=\"https:\/\/algarve7.pt\/index.php\/2023\/01\/portimao-assiste-nos-proximos-seis-meses-ao-melhor-do-novo-cinema-frances\/cultura\/12\/59\/\" \/>\n<meta property=\"og:locale\" content=\"pt_PT\" \/>\n<meta property=\"og:type\" content=\"article\" \/>\n<meta property=\"og:title\" content=\"Portim\u00e3o assiste nos pr\u00f3ximos seis meses ao melhor do novo cinema franc\u00eas - Algarve 7\" \/>\n<meta property=\"og:description\" content=\"Portim\u00e3o assiste nos pr\u00f3ximos seis meses ao melhor do novo cinema franc\u00eas Cultura\" \/>\n<meta property=\"og:url\" content=\"https:\/\/algarve7.pt\/index.php\/2023\/01\/portimao-assiste-nos-proximos-seis-meses-ao-melhor-do-novo-cinema-frances\/cultura\/12\/59\/\" \/>\n<meta property=\"og:site_name\" content=\"Algarve 7\" \/>\n<meta property=\"article:publisher\" content=\"https:\/\/www.facebook.com\/algarve7\" \/>\n<meta property=\"article:author\" content=\"https:\/\/www.facebook.com\/algarve7\" \/>\n<meta property=\"article:published_time\" content=\"2023-01-13T12:59:43+00:00\" \/>\n<meta property=\"article:modified_time\" content=\"2023-01-13T12:59:45+00:00\" \/>\n<meta property=\"og:image\" content=\"https:\/\/algarve7.pt\/wp-content\/uploads\/2023\/01\/07-Fachada-Museu-actual.jpg\" \/>\n\t<meta property=\"og:image:width\" content=\"1024\" \/>\n\t<meta property=\"og:image:height\" content=\"688\" \/>\n\t<meta property=\"og:image:type\" content=\"image\/jpeg\" \/>\n<meta name=\"author\" content=\"Algarve 7\" \/>\n<meta name=\"twitter:card\" content=\"summary_large_image\" \/>\n<meta name=\"twitter:creator\" content=\"@Algarvesete\" \/>\n<meta name=\"twitter:site\" content=\"@Algarvesete\" \/>\n<meta name=\"twitter:label1\" content=\"Escrito por\" \/>\n\t<meta name=\"twitter:data1\" content=\"Algarve 7\" \/>\n\t<meta name=\"twitter:label2\" content=\"Tempo estimado de leitura\" \/>\n\t<meta name=\"twitter:data2\" content=\"3 minutos\" \/>\n<script type=\"application\/ld+json\" class=\"yoast-schema-graph\">{\"@context\":\"https:\\\/\\\/schema.org\",\"@graph\":[{\"@type\":\"Article\",\"@id\":\"https:\\\/\\\/algarve7.pt\\\/index.php\\\/2023\\\/01\\\/portimao-assiste-nos-proximos-seis-meses-ao-melhor-do-novo-cinema-frances\\\/cultura\\\/12\\\/59\\\/#article\",\"isPartOf\":{\"@id\":\"https:\\\/\\\/algarve7.pt\\\/index.php\\\/2023\\\/01\\\/portimao-assiste-nos-proximos-seis-meses-ao-melhor-do-novo-cinema-frances\\\/cultura\\\/12\\\/59\\\/\"},\"author\":{\"name\":\"Algarve 7\",\"@id\":\"https:\\\/\\\/algarve7.pt\\\/#\\\/schema\\\/person\\\/23fa70681308e7b319a3204bcea45e0c\"},\"headline\":\"Portim\u00e3o assiste nos pr\u00f3ximos seis meses ao melhor do novo cinema franc\u00eas\",\"datePublished\":\"2023-01-13T12:59:43+00:00\",\"dateModified\":\"2023-01-13T12:59:45+00:00\",\"mainEntityOfPage\":{\"@id\":\"https:\\\/\\\/algarve7.pt\\\/index.php\\\/2023\\\/01\\\/portimao-assiste-nos-proximos-seis-meses-ao-melhor-do-novo-cinema-frances\\\/cultura\\\/12\\\/59\\\/\"},\"wordCount\":508,\"publisher\":{\"@id\":\"https:\\\/\\\/algarve7.pt\\\/#organization\"},\"image\":{\"@id\":\"https:\\\/\\\/algarve7.pt\\\/index.php\\\/2023\\\/01\\\/portimao-assiste-nos-proximos-seis-meses-ao-melhor-do-novo-cinema-frances\\\/cultura\\\/12\\\/59\\\/#primaryimage\"},\"thumbnailUrl\":\"https:\\\/\\\/algarve7.pt\\\/wp-content\\\/uploads\\\/2023\\\/01\\\/07-Fachada-Museu-actual.jpg\",\"keywords\":[\"Algarve\",\"Cinema\",\"Cultura\",\"Portim\u00e3o\"],\"articleSection\":[\"Cultura\"],\"inLanguage\":\"pt-PT\"},{\"@type\":\"WebPage\",\"@id\":\"https:\\\/\\\/algarve7.pt\\\/index.php\\\/2023\\\/01\\\/portimao-assiste-nos-proximos-seis-meses-ao-melhor-do-novo-cinema-frances\\\/cultura\\\/12\\\/59\\\/\",\"url\":\"https:\\\/\\\/algarve7.pt\\\/index.php\\\/2023\\\/01\\\/portimao-assiste-nos-proximos-seis-meses-ao-melhor-do-novo-cinema-frances\\\/cultura\\\/12\\\/59\\\/\",\"name\":\"Portim\u00e3o assiste nos pr\u00f3ximos seis meses ao melhor do novo cinema franc\u00eas - Algarve 7\",\"isPartOf\":{\"@id\":\"https:\\\/\\\/algarve7.pt\\\/#website\"},\"primaryImageOfPage\":{\"@id\":\"https:\\\/\\\/algarve7.pt\\\/index.php\\\/2023\\\/01\\\/portimao-assiste-nos-proximos-seis-meses-ao-melhor-do-novo-cinema-frances\\\/cultura\\\/12\\\/59\\\/#primaryimage\"},\"image\":{\"@id\":\"https:\\\/\\\/algarve7.pt\\\/index.php\\\/2023\\\/01\\\/portimao-assiste-nos-proximos-seis-meses-ao-melhor-do-novo-cinema-frances\\\/cultura\\\/12\\\/59\\\/#primaryimage\"},\"thumbnailUrl\":\"https:\\\/\\\/algarve7.pt\\\/wp-content\\\/uploads\\\/2023\\\/01\\\/07-Fachada-Museu-actual.jpg\",\"datePublished\":\"2023-01-13T12:59:43+00:00\",\"dateModified\":\"2023-01-13T12:59:45+00:00\",\"description\":\"Portim\u00e3o assiste nos pr\u00f3ximos seis meses ao melhor do novo cinema franc\u00eas Cultura\",\"breadcrumb\":{\"@id\":\"https:\\\/\\\/algarve7.pt\\\/index.php\\\/2023\\\/01\\\/portimao-assiste-nos-proximos-seis-meses-ao-melhor-do-novo-cinema-frances\\\/cultura\\\/12\\\/59\\\/#breadcrumb\"},\"inLanguage\":\"pt-PT\",\"potentialAction\":[{\"@type\":\"ReadAction\",\"target\":[\"https:\\\/\\\/algarve7.pt\\\/index.php\\\/2023\\\/01\\\/portimao-assiste-nos-proximos-seis-meses-ao-melhor-do-novo-cinema-frances\\\/cultura\\\/12\\\/59\\\/\"]}]},{\"@type\":\"ImageObject\",\"inLanguage\":\"pt-PT\",\"@id\":\"https:\\\/\\\/algarve7.pt\\\/index.php\\\/2023\\\/01\\\/portimao-assiste-nos-proximos-seis-meses-ao-melhor-do-novo-cinema-frances\\\/cultura\\\/12\\\/59\\\/#primaryimage\",\"url\":\"https:\\\/\\\/algarve7.pt\\\/wp-content\\\/uploads\\\/2023\\\/01\\\/07-Fachada-Museu-actual.jpg\",\"contentUrl\":\"https:\\\/\\\/algarve7.pt\\\/wp-content\\\/uploads\\\/2023\\\/01\\\/07-Fachada-Museu-actual.jpg\",\"width\":1024,\"height\":688},{\"@type\":\"BreadcrumbList\",\"@id\":\"https:\\\/\\\/algarve7.pt\\\/index.php\\\/2023\\\/01\\\/portimao-assiste-nos-proximos-seis-meses-ao-melhor-do-novo-cinema-frances\\\/cultura\\\/12\\\/59\\\/#breadcrumb\",\"itemListElement\":[{\"@type\":\"ListItem\",\"position\":1,\"name\":\"In\u00edcio\",\"item\":\"https:\\\/\\\/algarve7.pt\\\/\"},{\"@type\":\"ListItem\",\"position\":2,\"name\":\"Portim\u00e3o assiste nos pr\u00f3ximos seis meses ao melhor do novo cinema franc\u00eas\"}]},{\"@type\":\"WebSite\",\"@id\":\"https:\\\/\\\/algarve7.pt\\\/#website\",\"url\":\"https:\\\/\\\/algarve7.pt\\\/\",\"name\":\"Algarve 7\",\"description\":\"Informa\u00e7\u00e3o sobre o Algarve\",\"publisher\":{\"@id\":\"https:\\\/\\\/algarve7.pt\\\/#organization\"},\"potentialAction\":[{\"@type\":\"SearchAction\",\"target\":{\"@type\":\"EntryPoint\",\"urlTemplate\":\"https:\\\/\\\/algarve7.pt\\\/?s={search_term_string}\"},\"query-input\":{\"@type\":\"PropertyValueSpecification\",\"valueRequired\":true,\"valueName\":\"search_term_string\"}}],\"inLanguage\":\"pt-PT\"},{\"@type\":\"Organization\",\"@id\":\"https:\\\/\\\/algarve7.pt\\\/#organization\",\"name\":\"Algarve 7\",\"url\":\"https:\\\/\\\/algarve7.pt\\\/\",\"logo\":{\"@type\":\"ImageObject\",\"inLanguage\":\"pt-PT\",\"@id\":\"https:\\\/\\\/algarve7.pt\\\/#\\\/schema\\\/logo\\\/image\\\/\",\"url\":\"https:\\\/\\\/algarve7.pt\\\/wp-content\\\/uploads\\\/2020\\\/10\\\/Logo-8.jpg\",\"contentUrl\":\"https:\\\/\\\/algarve7.pt\\\/wp-content\\\/uploads\\\/2020\\\/10\\\/Logo-8.jpg\",\"width\":1680,\"height\":1186,\"caption\":\"Algarve 7\"},\"image\":{\"@id\":\"https:\\\/\\\/algarve7.pt\\\/#\\\/schema\\\/logo\\\/image\\\/\"},\"sameAs\":[\"https:\\\/\\\/www.facebook.com\\\/algarve7\",\"https:\\\/\\\/x.com\\\/Algarvesete\",\"https:\\\/\\\/www.instagram.com\\\/jornalalgarve7\\\/\",\"https:\\\/\\\/www.linkedin.com\\\/company\\\/algarve7\",\"https:\\\/\\\/www.pinterest.pt\\\/geral0939\\\/_created\\\/\"]},{\"@type\":\"Person\",\"@id\":\"https:\\\/\\\/algarve7.pt\\\/#\\\/schema\\\/person\\\/23fa70681308e7b319a3204bcea45e0c\",\"name\":\"Algarve 7\",\"sameAs\":[\"https:\\\/\\\/algarve7.pt\",\"https:\\\/\\\/www.facebook.com\\\/algarve7\"],\"url\":\"https:\\\/\\\/algarve7.pt\\\/index.php\\\/author\\\/geralalgarve7-pt\\\/\"}]}<\/script>\n<!-- \/ Yoast SEO plugin. -->","yoast_head_json":{"title":"Portim\u00e3o assiste nos pr\u00f3ximos seis meses ao melhor do novo cinema franc\u00eas - Algarve 7","description":"Portim\u00e3o assiste nos pr\u00f3ximos seis meses ao melhor do novo cinema franc\u00eas Cultura","robots":{"index":"index","follow":"follow","max-snippet":"max-snippet:-1","max-image-preview":"max-image-preview:large","max-video-preview":"max-video-preview:-1"},"canonical":"https:\/\/algarve7.pt\/index.php\/2023\/01\/portimao-assiste-nos-proximos-seis-meses-ao-melhor-do-novo-cinema-frances\/cultura\/12\/59\/","og_locale":"pt_PT","og_type":"article","og_title":"Portim\u00e3o assiste nos pr\u00f3ximos seis meses ao melhor do novo cinema franc\u00eas - Algarve 7","og_description":"Portim\u00e3o assiste nos pr\u00f3ximos seis meses ao melhor do novo cinema franc\u00eas Cultura","og_url":"https:\/\/algarve7.pt\/index.php\/2023\/01\/portimao-assiste-nos-proximos-seis-meses-ao-melhor-do-novo-cinema-frances\/cultura\/12\/59\/","og_site_name":"Algarve 7","article_publisher":"https:\/\/www.facebook.com\/algarve7","article_author":"https:\/\/www.facebook.com\/algarve7","article_published_time":"2023-01-13T12:59:43+00:00","article_modified_time":"2023-01-13T12:59:45+00:00","og_image":[{"width":1024,"height":688,"url":"https:\/\/algarve7.pt\/wp-content\/uploads\/2023\/01\/07-Fachada-Museu-actual.jpg","type":"image\/jpeg"}],"author":"Algarve 7","twitter_card":"summary_large_image","twitter_creator":"@Algarvesete","twitter_site":"@Algarvesete","twitter_misc":{"Escrito por":"Algarve 7","Tempo estimado de leitura":"3 minutos"},"schema":{"@context":"https:\/\/schema.org","@graph":[{"@type":"Article","@id":"https:\/\/algarve7.pt\/index.php\/2023\/01\/portimao-assiste-nos-proximos-seis-meses-ao-melhor-do-novo-cinema-frances\/cultura\/12\/59\/#article","isPartOf":{"@id":"https:\/\/algarve7.pt\/index.php\/2023\/01\/portimao-assiste-nos-proximos-seis-meses-ao-melhor-do-novo-cinema-frances\/cultura\/12\/59\/"},"author":{"name":"Algarve 7","@id":"https:\/\/algarve7.pt\/#\/schema\/person\/23fa70681308e7b319a3204bcea45e0c"},"headline":"Portim\u00e3o assiste nos pr\u00f3ximos seis meses ao melhor do novo cinema franc\u00eas","datePublished":"2023-01-13T12:59:43+00:00","dateModified":"2023-01-13T12:59:45+00:00","mainEntityOfPage":{"@id":"https:\/\/algarve7.pt\/index.php\/2023\/01\/portimao-assiste-nos-proximos-seis-meses-ao-melhor-do-novo-cinema-frances\/cultura\/12\/59\/"},"wordCount":508,"publisher":{"@id":"https:\/\/algarve7.pt\/#organization"},"image":{"@id":"https:\/\/algarve7.pt\/index.php\/2023\/01\/portimao-assiste-nos-proximos-seis-meses-ao-melhor-do-novo-cinema-frances\/cultura\/12\/59\/#primaryimage"},"thumbnailUrl":"https:\/\/algarve7.pt\/wp-content\/uploads\/2023\/01\/07-Fachada-Museu-actual.jpg","keywords":["Algarve","Cinema","Cultura","Portim\u00e3o"],"articleSection":["Cultura"],"inLanguage":"pt-PT"},{"@type":"WebPage","@id":"https:\/\/algarve7.pt\/index.php\/2023\/01\/portimao-assiste-nos-proximos-seis-meses-ao-melhor-do-novo-cinema-frances\/cultura\/12\/59\/","url":"https:\/\/algarve7.pt\/index.php\/2023\/01\/portimao-assiste-nos-proximos-seis-meses-ao-melhor-do-novo-cinema-frances\/cultura\/12\/59\/","name":"Portim\u00e3o assiste nos pr\u00f3ximos seis meses ao melhor do novo cinema franc\u00eas - Algarve 7","isPartOf":{"@id":"https:\/\/algarve7.pt\/#website"},"primaryImageOfPage":{"@id":"https:\/\/algarve7.pt\/index.php\/2023\/01\/portimao-assiste-nos-proximos-seis-meses-ao-melhor-do-novo-cinema-frances\/cultura\/12\/59\/#primaryimage"},"image":{"@id":"https:\/\/algarve7.pt\/index.php\/2023\/01\/portimao-assiste-nos-proximos-seis-meses-ao-melhor-do-novo-cinema-frances\/cultura\/12\/59\/#primaryimage"},"thumbnailUrl":"https:\/\/algarve7.pt\/wp-content\/uploads\/2023\/01\/07-Fachada-Museu-actual.jpg","datePublished":"2023-01-13T12:59:43+00:00","dateModified":"2023-01-13T12:59:45+00:00","description":"Portim\u00e3o assiste nos pr\u00f3ximos seis meses ao melhor do novo cinema franc\u00eas Cultura","breadcrumb":{"@id":"https:\/\/algarve7.pt\/index.php\/2023\/01\/portimao-assiste-nos-proximos-seis-meses-ao-melhor-do-novo-cinema-frances\/cultura\/12\/59\/#breadcrumb"},"inLanguage":"pt-PT","potentialAction":[{"@type":"ReadAction","target":["https:\/\/algarve7.pt\/index.php\/2023\/01\/portimao-assiste-nos-proximos-seis-meses-ao-melhor-do-novo-cinema-frances\/cultura\/12\/59\/"]}]},{"@type":"ImageObject","inLanguage":"pt-PT","@id":"https:\/\/algarve7.pt\/index.php\/2023\/01\/portimao-assiste-nos-proximos-seis-meses-ao-melhor-do-novo-cinema-frances\/cultura\/12\/59\/#primaryimage","url":"https:\/\/algarve7.pt\/wp-content\/uploads\/2023\/01\/07-Fachada-Museu-actual.jpg","contentUrl":"https:\/\/algarve7.pt\/wp-content\/uploads\/2023\/01\/07-Fachada-Museu-actual.jpg","width":1024,"height":688},{"@type":"BreadcrumbList","@id":"https:\/\/algarve7.pt\/index.php\/2023\/01\/portimao-assiste-nos-proximos-seis-meses-ao-melhor-do-novo-cinema-frances\/cultura\/12\/59\/#breadcrumb","itemListElement":[{"@type":"ListItem","position":1,"name":"In\u00edcio","item":"https:\/\/algarve7.pt\/"},{"@type":"ListItem","position":2,"name":"Portim\u00e3o assiste nos pr\u00f3ximos seis meses ao melhor do novo cinema franc\u00eas"}]},{"@type":"WebSite","@id":"https:\/\/algarve7.pt\/#website","url":"https:\/\/algarve7.pt\/","name":"Algarve 7","description":"Informa\u00e7\u00e3o sobre o Algarve","publisher":{"@id":"https:\/\/algarve7.pt\/#organization"},"potentialAction":[{"@type":"SearchAction","target":{"@type":"EntryPoint","urlTemplate":"https:\/\/algarve7.pt\/?s={search_term_string}"},"query-input":{"@type":"PropertyValueSpecification","valueRequired":true,"valueName":"search_term_string"}}],"inLanguage":"pt-PT"},{"@type":"Organization","@id":"https:\/\/algarve7.pt\/#organization","name":"Algarve 7","url":"https:\/\/algarve7.pt\/","logo":{"@type":"ImageObject","inLanguage":"pt-PT","@id":"https:\/\/algarve7.pt\/#\/schema\/logo\/image\/","url":"https:\/\/algarve7.pt\/wp-content\/uploads\/2020\/10\/Logo-8.jpg","contentUrl":"https:\/\/algarve7.pt\/wp-content\/uploads\/2020\/10\/Logo-8.jpg","width":1680,"height":1186,"caption":"Algarve 7"},"image":{"@id":"https:\/\/algarve7.pt\/#\/schema\/logo\/image\/"},"sameAs":["https:\/\/www.facebook.com\/algarve7","https:\/\/x.com\/Algarvesete","https:\/\/www.instagram.com\/jornalalgarve7\/","https:\/\/www.linkedin.com\/company\/algarve7","https:\/\/www.pinterest.pt\/geral0939\/_created\/"]},{"@type":"Person","@id":"https:\/\/algarve7.pt\/#\/schema\/person\/23fa70681308e7b319a3204bcea45e0c","name":"Algarve 7","sameAs":["https:\/\/algarve7.pt","https:\/\/www.facebook.com\/algarve7"],"url":"https:\/\/algarve7.pt\/index.php\/author\/geralalgarve7-pt\/"}]}},"jetpack_publicize_connections":[],"jetpack_featured_media_url":"https:\/\/algarve7.pt\/wp-content\/uploads\/2023\/01\/07-Fachada-Museu-actual.jpg","jetpack_shortlink":"https:\/\/wp.me\/pcezmW-6rV","jetpack_sharing_enabled":true,"_links":{"self":[{"href":"https:\/\/algarve7.pt\/index.php\/wp-json\/wp\/v2\/posts\/24795","targetHints":{"allow":["GET"]}}],"collection":[{"href":"https:\/\/algarve7.pt\/index.php\/wp-json\/wp\/v2\/posts"}],"about":[{"href":"https:\/\/algarve7.pt\/index.php\/wp-json\/wp\/v2\/types\/post"}],"author":[{"embeddable":true,"href":"https:\/\/algarve7.pt\/index.php\/wp-json\/wp\/v2\/users\/1"}],"replies":[{"embeddable":true,"href":"https:\/\/algarve7.pt\/index.php\/wp-json\/wp\/v2\/comments?post=24795"}],"version-history":[{"count":0,"href":"https:\/\/algarve7.pt\/index.php\/wp-json\/wp\/v2\/posts\/24795\/revisions"}],"wp:featuredmedia":[{"embeddable":true,"href":"https:\/\/algarve7.pt\/index.php\/wp-json\/wp\/v2\/media\/24796"}],"wp:attachment":[{"href":"https:\/\/algarve7.pt\/index.php\/wp-json\/wp\/v2\/media?parent=24795"}],"wp:term":[{"taxonomy":"category","embeddable":true,"href":"https:\/\/algarve7.pt\/index.php\/wp-json\/wp\/v2\/categories?post=24795"},{"taxonomy":"post_tag","embeddable":true,"href":"https:\/\/algarve7.pt\/index.php\/wp-json\/wp\/v2\/tags?post=24795"}],"curies":[{"name":"wp","href":"https:\/\/api.w.org\/{rel}","templated":true}]}}