{"id":24792,"date":"2023-01-13T10:50:00","date_gmt":"2023-01-13T10:50:00","guid":{"rendered":"https:\/\/algarve7.pt\/?p=24792"},"modified":"2023-01-12T17:52:23","modified_gmt":"2023-01-12T17:52:23","slug":"festa-das-chouricas-sabores-da-serra-algarvia-regressam-a-querenca","status":"publish","type":"post","link":"https:\/\/algarve7.pt\/index.php\/2023\/01\/festa-das-chouricas-sabores-da-serra-algarvia-regressam-a-querenca\/cultura\/10\/50\/","title":{"rendered":"Festa das chouri\u00e7as: sabores da serra algarvia regressam a Queren\u00e7a"},"content":{"rendered":"\n<p>S\u00e3o Lu\u00eds \u00e9 homenageado nos dias 21 e 22 de janeiro em Queren\u00e7a, em mais uma edi\u00e7\u00e3o da Festa das Chouri\u00e7as que volta a realizar-se passados dois anos de interrup\u00e7\u00e3o.<\/p>\n\n\n\n<p>As celebra\u00e7\u00f5es arrancam no s\u00e1bado, com uma Noite de Fados, que decorrer\u00e1 na Casa do Povo de Queren\u00e7a, pelas 21h00. Os fadistas Isa Brito, Adriana Marques e Andr\u00e9 Catarino ser\u00e3o acompanhados \u00e0 guitarra por Valentim Filipe e na viola Nuno Martins num evento que ter\u00e1 um custo de entrada de 7,5 euros. Os fundos angariados revertem a favor da Par\u00f3quia.<\/p>\n\n\n\n<p>No domingo, dia 22, a partir das 11h00 e ao longo do dia, os visitantes poder\u00e3o degustar a chouri\u00e7a assada nos v\u00e1rios estabelecimentos de Queren\u00e7a, alguns localizados no Largo da Igreja.<\/p>\n\n\n\n<p>A celebra\u00e7\u00e3o religiosa ter\u00e1 in\u00edcio \u00e0s 14h30, com a eucaristia na Igreja de Nossa Senhora da Assun\u00e7\u00e3o, presidida pelo padre Carlos Aquino, \u00e0 qual se seguir\u00e1 a prociss\u00e3o solene com a imagem de S Lu\u00eds, acompanhada pela Banda Filarm\u00f3nica Artistas de Minerva.<\/p>\n\n\n\n<p>Pelas 16h00, ter\u00e1 in\u00edcio o habitual e sempre animado leil\u00e3o de chouri\u00e7as, onde o p\u00fablico poder\u00e1 participar e adquirir a rainha da festa, a chouri\u00e7a.<\/p>\n\n\n\n<p>O programa integra tamb\u00e9m, pelas 17h00, as comemora\u00e7\u00f5es do 70\u00ba anivers\u00e1rio da Voz de Loul\u00e9. E \u00e0s 17h30, atua o Grupo de Janeiras do Projetos Asas de Alte.<\/p>\n\n\n\n<p>A partir das 19h00, o Sal\u00e3o de Festas da Casa do Povo de Queren\u00e7a enche-se de m\u00fasica para um baile animado pelo artista R\u00faben Filipe.<\/p>\n\n\n\n<p>Durante o evento haver\u00e1 anima\u00e7\u00e3o de rua com o Grupo Al-Fanfarre e a Palha\u00e7a Pirolita. Das 10h00 \u00e0s 18h00, decorre um Mercadinho com exposi\u00e7\u00e3o e venda de artesanato e produtos locais, representativos da serra algarvia.<\/p>\n\n\n\n<p>\u201cPasse um Domingo em Queren\u00e7a e assista a uma das festas mais emblem\u00e1ticas da regi\u00e3o. Esperamos por si!\u201d \u00e9 o convite da organiza\u00e7\u00e3o. Esta \u00e9 uma iniciativa promovida pela Comiss\u00e3o de Festas da Par\u00f3quia e Uni\u00e3o de Freguesias de Queren\u00e7a, T\u00f4r e Benafim, com o apoio da C\u00e2mara Municipal de Loul\u00e9 e da Casa do Povo de Queren\u00e7a.<\/p>\n\n\n\n<p>Refira-se que as ra\u00edzes deste evento remontam a uma \u00e9poca em que, no interior algarvio, as fam\u00edlias tinham o h\u00e1bito de criar o seu porco para sustento ao longo do ano. Era igualmente tradi\u00e7\u00e3o pedir a S\u00e3o Luis, patrono dos animais, que conservasse em boas condi\u00e7\u00f5es o porco, para garantir a alimenta\u00e7\u00e3o do agregado familiar. Em forma de gratid\u00e3o as fam\u00edlias ofereciam ao Santo Protetor as melhores chouri\u00e7as caseiras. A cren\u00e7a diz que em janeiro \u00e9 tempo de glorificar o Santo que ajudou na cria\u00e7\u00e3o dos animais.<\/p>\n\n\n\n<p>Como tal, \u00e9 tradi\u00e7\u00e3o entre os agricultores desta zona, caso os animais tenham uma vida saud\u00e1vel at\u00e9 \u00e0 Festa da Matan\u00e7a, que se realiza no in\u00edcio do ano, oferecer uma ou mais chouri\u00e7as a S. Lu\u00eds, sendo as restantes leiloadas, em conjunto com outras ofertas, num leil\u00e3o bastante concorrido.<\/p>\n\n\n\n<p>A Festa das Chouri\u00e7as de Queren\u00e7a surge na continuidade de uma tradi\u00e7\u00e3o secular e \u00e9 a mais emblem\u00e1tica festa de g\u00e9nero no interior algarvio e, nessa medida, constitui um importante cartaz tur\u00edstico nesta altura do ano, aliando a componente da gastronomia \u00e0 religiosa.<\/p>\n","protected":false},"excerpt":{"rendered":"<p>S\u00e3o Lu\u00eds \u00e9 homenageado nos dias 21 e 22 de janeiro em Queren\u00e7a, em mais uma edi\u00e7\u00e3o da Festa das<\/p>\n","protected":false},"author":1,"featured_media":24793,"comment_status":"closed","ping_status":"open","sticky":false,"template":"","format":"standard","meta":{"colormag_page_container_layout":"default_layout","colormag_page_sidebar_layout":"default_layout","_monsterinsights_skip_tracking":false,"_monsterinsights_sitenote_active":false,"_monsterinsights_sitenote_note":"","_monsterinsights_sitenote_category":0,"jetpack_post_was_ever_published":false,"_jetpack_newsletter_access":"","_jetpack_dont_email_post_to_subs":false,"_jetpack_newsletter_tier_id":0,"_jetpack_memberships_contains_paywalled_content":false,"_jetpack_memberships_contains_paid_content":false,"footnotes":"","jetpack_publicize_message":"","jetpack_publicize_feature_enabled":true,"jetpack_social_post_already_shared":true,"jetpack_social_options":{"image_generator_settings":{"template":"highway","default_image_id":0,"font":"","enabled":false},"version":2}},"categories":[14],"tags":[36,35,825,429],"class_list":["post-24792","post","type-post","status-publish","format-standard","has-post-thumbnail","hentry","category-cultura","tag-algarve","tag-cultura","tag-festa-das-chouricas","tag-querenca"],"yoast_head":"<!-- This site is optimized with the Yoast SEO plugin v27.5 - https:\/\/yoast.com\/product\/yoast-seo-wordpress\/ -->\n<title>Festa das chouri\u00e7as: sabores da serra algarvia regressam a Queren\u00e7a - Algarve 7<\/title>\n<meta name=\"description\" content=\"Festa das chouri\u00e7as: sabores da serra algarvia regressam a Queren\u00e7a Cultura\" \/>\n<meta name=\"robots\" content=\"index, follow, max-snippet:-1, max-image-preview:large, max-video-preview:-1\" \/>\n<link rel=\"canonical\" href=\"https:\/\/algarve7.pt\/index.php\/2023\/01\/festa-das-chouricas-sabores-da-serra-algarvia-regressam-a-querenca\/cultura\/10\/50\/\" \/>\n<meta property=\"og:locale\" content=\"pt_PT\" \/>\n<meta property=\"og:type\" content=\"article\" \/>\n<meta property=\"og:title\" content=\"Festa das chouri\u00e7as: sabores da serra algarvia regressam a Queren\u00e7a - Algarve 7\" \/>\n<meta property=\"og:description\" content=\"Festa das chouri\u00e7as: sabores da serra algarvia regressam a Queren\u00e7a Cultura\" \/>\n<meta property=\"og:url\" content=\"https:\/\/algarve7.pt\/index.php\/2023\/01\/festa-das-chouricas-sabores-da-serra-algarvia-regressam-a-querenca\/cultura\/10\/50\/\" \/>\n<meta property=\"og:site_name\" content=\"Algarve 7\" \/>\n<meta property=\"article:publisher\" content=\"https:\/\/www.facebook.com\/algarve7\" \/>\n<meta property=\"article:author\" content=\"https:\/\/www.facebook.com\/algarve7\" \/>\n<meta property=\"article:published_time\" content=\"2023-01-13T10:50:00+00:00\" \/>\n<meta property=\"og:image\" content=\"https:\/\/algarve7.pt\/wp-content\/uploads\/2023\/01\/Festa-das-chouricas-Querenca.jpg\" \/>\n\t<meta property=\"og:image:width\" content=\"1024\" \/>\n\t<meta property=\"og:image:height\" content=\"683\" \/>\n\t<meta property=\"og:image:type\" content=\"image\/jpeg\" \/>\n<meta name=\"author\" content=\"Algarve 7\" \/>\n<meta name=\"twitter:card\" content=\"summary_large_image\" \/>\n<meta name=\"twitter:creator\" content=\"@Algarvesete\" \/>\n<meta name=\"twitter:site\" content=\"@Algarvesete\" \/>\n<meta name=\"twitter:label1\" content=\"Escrito por\" \/>\n\t<meta name=\"twitter:data1\" content=\"Algarve 7\" \/>\n\t<meta name=\"twitter:label2\" content=\"Tempo estimado de leitura\" \/>\n\t<meta name=\"twitter:data2\" content=\"3 minutos\" \/>\n<script type=\"application\/ld+json\" class=\"yoast-schema-graph\">{\"@context\":\"https:\\\/\\\/schema.org\",\"@graph\":[{\"@type\":\"Article\",\"@id\":\"https:\\\/\\\/algarve7.pt\\\/index.php\\\/2023\\\/01\\\/festa-das-chouricas-sabores-da-serra-algarvia-regressam-a-querenca\\\/cultura\\\/10\\\/50\\\/#article\",\"isPartOf\":{\"@id\":\"https:\\\/\\\/algarve7.pt\\\/index.php\\\/2023\\\/01\\\/festa-das-chouricas-sabores-da-serra-algarvia-regressam-a-querenca\\\/cultura\\\/10\\\/50\\\/\"},\"author\":{\"name\":\"Algarve 7\",\"@id\":\"https:\\\/\\\/algarve7.pt\\\/#\\\/schema\\\/person\\\/23fa70681308e7b319a3204bcea45e0c\"},\"headline\":\"Festa das chouri\u00e7as: sabores da serra algarvia regressam a Queren\u00e7a\",\"datePublished\":\"2023-01-13T10:50:00+00:00\",\"mainEntityOfPage\":{\"@id\":\"https:\\\/\\\/algarve7.pt\\\/index.php\\\/2023\\\/01\\\/festa-das-chouricas-sabores-da-serra-algarvia-regressam-a-querenca\\\/cultura\\\/10\\\/50\\\/\"},\"wordCount\":582,\"publisher\":{\"@id\":\"https:\\\/\\\/algarve7.pt\\\/#organization\"},\"image\":{\"@id\":\"https:\\\/\\\/algarve7.pt\\\/index.php\\\/2023\\\/01\\\/festa-das-chouricas-sabores-da-serra-algarvia-regressam-a-querenca\\\/cultura\\\/10\\\/50\\\/#primaryimage\"},\"thumbnailUrl\":\"https:\\\/\\\/algarve7.pt\\\/wp-content\\\/uploads\\\/2023\\\/01\\\/Festa-das-chouricas-Querenca.jpg\",\"keywords\":[\"Algarve\",\"Cultura\",\"Festa das chouri\u00e7as\",\"Queren\u00e7a\"],\"articleSection\":[\"Cultura\"],\"inLanguage\":\"pt-PT\"},{\"@type\":\"WebPage\",\"@id\":\"https:\\\/\\\/algarve7.pt\\\/index.php\\\/2023\\\/01\\\/festa-das-chouricas-sabores-da-serra-algarvia-regressam-a-querenca\\\/cultura\\\/10\\\/50\\\/\",\"url\":\"https:\\\/\\\/algarve7.pt\\\/index.php\\\/2023\\\/01\\\/festa-das-chouricas-sabores-da-serra-algarvia-regressam-a-querenca\\\/cultura\\\/10\\\/50\\\/\",\"name\":\"Festa das chouri\u00e7as: sabores da serra algarvia regressam a Queren\u00e7a - Algarve 7\",\"isPartOf\":{\"@id\":\"https:\\\/\\\/algarve7.pt\\\/#website\"},\"primaryImageOfPage\":{\"@id\":\"https:\\\/\\\/algarve7.pt\\\/index.php\\\/2023\\\/01\\\/festa-das-chouricas-sabores-da-serra-algarvia-regressam-a-querenca\\\/cultura\\\/10\\\/50\\\/#primaryimage\"},\"image\":{\"@id\":\"https:\\\/\\\/algarve7.pt\\\/index.php\\\/2023\\\/01\\\/festa-das-chouricas-sabores-da-serra-algarvia-regressam-a-querenca\\\/cultura\\\/10\\\/50\\\/#primaryimage\"},\"thumbnailUrl\":\"https:\\\/\\\/algarve7.pt\\\/wp-content\\\/uploads\\\/2023\\\/01\\\/Festa-das-chouricas-Querenca.jpg\",\"datePublished\":\"2023-01-13T10:50:00+00:00\",\"description\":\"Festa das chouri\u00e7as: sabores da serra algarvia regressam a Queren\u00e7a Cultura\",\"breadcrumb\":{\"@id\":\"https:\\\/\\\/algarve7.pt\\\/index.php\\\/2023\\\/01\\\/festa-das-chouricas-sabores-da-serra-algarvia-regressam-a-querenca\\\/cultura\\\/10\\\/50\\\/#breadcrumb\"},\"inLanguage\":\"pt-PT\",\"potentialAction\":[{\"@type\":\"ReadAction\",\"target\":[\"https:\\\/\\\/algarve7.pt\\\/index.php\\\/2023\\\/01\\\/festa-das-chouricas-sabores-da-serra-algarvia-regressam-a-querenca\\\/cultura\\\/10\\\/50\\\/\"]}]},{\"@type\":\"ImageObject\",\"inLanguage\":\"pt-PT\",\"@id\":\"https:\\\/\\\/algarve7.pt\\\/index.php\\\/2023\\\/01\\\/festa-das-chouricas-sabores-da-serra-algarvia-regressam-a-querenca\\\/cultura\\\/10\\\/50\\\/#primaryimage\",\"url\":\"https:\\\/\\\/algarve7.pt\\\/wp-content\\\/uploads\\\/2023\\\/01\\\/Festa-das-chouricas-Querenca.jpg\",\"contentUrl\":\"https:\\\/\\\/algarve7.pt\\\/wp-content\\\/uploads\\\/2023\\\/01\\\/Festa-das-chouricas-Querenca.jpg\",\"width\":1024,\"height\":683},{\"@type\":\"BreadcrumbList\",\"@id\":\"https:\\\/\\\/algarve7.pt\\\/index.php\\\/2023\\\/01\\\/festa-das-chouricas-sabores-da-serra-algarvia-regressam-a-querenca\\\/cultura\\\/10\\\/50\\\/#breadcrumb\",\"itemListElement\":[{\"@type\":\"ListItem\",\"position\":1,\"name\":\"In\u00edcio\",\"item\":\"https:\\\/\\\/algarve7.pt\\\/\"},{\"@type\":\"ListItem\",\"position\":2,\"name\":\"Festa das chouri\u00e7as: sabores da serra algarvia regressam a Queren\u00e7a\"}]},{\"@type\":\"WebSite\",\"@id\":\"https:\\\/\\\/algarve7.pt\\\/#website\",\"url\":\"https:\\\/\\\/algarve7.pt\\\/\",\"name\":\"Algarve 7\",\"description\":\"Informa\u00e7\u00e3o sobre o Algarve\",\"publisher\":{\"@id\":\"https:\\\/\\\/algarve7.pt\\\/#organization\"},\"potentialAction\":[{\"@type\":\"SearchAction\",\"target\":{\"@type\":\"EntryPoint\",\"urlTemplate\":\"https:\\\/\\\/algarve7.pt\\\/?s={search_term_string}\"},\"query-input\":{\"@type\":\"PropertyValueSpecification\",\"valueRequired\":true,\"valueName\":\"search_term_string\"}}],\"inLanguage\":\"pt-PT\"},{\"@type\":\"Organization\",\"@id\":\"https:\\\/\\\/algarve7.pt\\\/#organization\",\"name\":\"Algarve 7\",\"url\":\"https:\\\/\\\/algarve7.pt\\\/\",\"logo\":{\"@type\":\"ImageObject\",\"inLanguage\":\"pt-PT\",\"@id\":\"https:\\\/\\\/algarve7.pt\\\/#\\\/schema\\\/logo\\\/image\\\/\",\"url\":\"https:\\\/\\\/algarve7.pt\\\/wp-content\\\/uploads\\\/2020\\\/10\\\/Logo-8.jpg\",\"contentUrl\":\"https:\\\/\\\/algarve7.pt\\\/wp-content\\\/uploads\\\/2020\\\/10\\\/Logo-8.jpg\",\"width\":1680,\"height\":1186,\"caption\":\"Algarve 7\"},\"image\":{\"@id\":\"https:\\\/\\\/algarve7.pt\\\/#\\\/schema\\\/logo\\\/image\\\/\"},\"sameAs\":[\"https:\\\/\\\/www.facebook.com\\\/algarve7\",\"https:\\\/\\\/x.com\\\/Algarvesete\",\"https:\\\/\\\/www.instagram.com\\\/jornalalgarve7\\\/\",\"https:\\\/\\\/www.linkedin.com\\\/company\\\/algarve7\",\"https:\\\/\\\/www.pinterest.pt\\\/geral0939\\\/_created\\\/\"]},{\"@type\":\"Person\",\"@id\":\"https:\\\/\\\/algarve7.pt\\\/#\\\/schema\\\/person\\\/23fa70681308e7b319a3204bcea45e0c\",\"name\":\"Algarve 7\",\"sameAs\":[\"https:\\\/\\\/algarve7.pt\",\"https:\\\/\\\/www.facebook.com\\\/algarve7\"],\"url\":\"https:\\\/\\\/algarve7.pt\\\/index.php\\\/author\\\/geralalgarve7-pt\\\/\"}]}<\/script>\n<!-- \/ Yoast SEO plugin. -->","yoast_head_json":{"title":"Festa das chouri\u00e7as: sabores da serra algarvia regressam a Queren\u00e7a - Algarve 7","description":"Festa das chouri\u00e7as: sabores da serra algarvia regressam a Queren\u00e7a Cultura","robots":{"index":"index","follow":"follow","max-snippet":"max-snippet:-1","max-image-preview":"max-image-preview:large","max-video-preview":"max-video-preview:-1"},"canonical":"https:\/\/algarve7.pt\/index.php\/2023\/01\/festa-das-chouricas-sabores-da-serra-algarvia-regressam-a-querenca\/cultura\/10\/50\/","og_locale":"pt_PT","og_type":"article","og_title":"Festa das chouri\u00e7as: sabores da serra algarvia regressam a Queren\u00e7a - Algarve 7","og_description":"Festa das chouri\u00e7as: sabores da serra algarvia regressam a Queren\u00e7a Cultura","og_url":"https:\/\/algarve7.pt\/index.php\/2023\/01\/festa-das-chouricas-sabores-da-serra-algarvia-regressam-a-querenca\/cultura\/10\/50\/","og_site_name":"Algarve 7","article_publisher":"https:\/\/www.facebook.com\/algarve7","article_author":"https:\/\/www.facebook.com\/algarve7","article_published_time":"2023-01-13T10:50:00+00:00","og_image":[{"width":1024,"height":683,"url":"https:\/\/algarve7.pt\/wp-content\/uploads\/2023\/01\/Festa-das-chouricas-Querenca.jpg","type":"image\/jpeg"}],"author":"Algarve 7","twitter_card":"summary_large_image","twitter_creator":"@Algarvesete","twitter_site":"@Algarvesete","twitter_misc":{"Escrito por":"Algarve 7","Tempo estimado de leitura":"3 minutos"},"schema":{"@context":"https:\/\/schema.org","@graph":[{"@type":"Article","@id":"https:\/\/algarve7.pt\/index.php\/2023\/01\/festa-das-chouricas-sabores-da-serra-algarvia-regressam-a-querenca\/cultura\/10\/50\/#article","isPartOf":{"@id":"https:\/\/algarve7.pt\/index.php\/2023\/01\/festa-das-chouricas-sabores-da-serra-algarvia-regressam-a-querenca\/cultura\/10\/50\/"},"author":{"name":"Algarve 7","@id":"https:\/\/algarve7.pt\/#\/schema\/person\/23fa70681308e7b319a3204bcea45e0c"},"headline":"Festa das chouri\u00e7as: sabores da serra algarvia regressam a Queren\u00e7a","datePublished":"2023-01-13T10:50:00+00:00","mainEntityOfPage":{"@id":"https:\/\/algarve7.pt\/index.php\/2023\/01\/festa-das-chouricas-sabores-da-serra-algarvia-regressam-a-querenca\/cultura\/10\/50\/"},"wordCount":582,"publisher":{"@id":"https:\/\/algarve7.pt\/#organization"},"image":{"@id":"https:\/\/algarve7.pt\/index.php\/2023\/01\/festa-das-chouricas-sabores-da-serra-algarvia-regressam-a-querenca\/cultura\/10\/50\/#primaryimage"},"thumbnailUrl":"https:\/\/algarve7.pt\/wp-content\/uploads\/2023\/01\/Festa-das-chouricas-Querenca.jpg","keywords":["Algarve","Cultura","Festa das chouri\u00e7as","Queren\u00e7a"],"articleSection":["Cultura"],"inLanguage":"pt-PT"},{"@type":"WebPage","@id":"https:\/\/algarve7.pt\/index.php\/2023\/01\/festa-das-chouricas-sabores-da-serra-algarvia-regressam-a-querenca\/cultura\/10\/50\/","url":"https:\/\/algarve7.pt\/index.php\/2023\/01\/festa-das-chouricas-sabores-da-serra-algarvia-regressam-a-querenca\/cultura\/10\/50\/","name":"Festa das chouri\u00e7as: sabores da serra algarvia regressam a Queren\u00e7a - Algarve 7","isPartOf":{"@id":"https:\/\/algarve7.pt\/#website"},"primaryImageOfPage":{"@id":"https:\/\/algarve7.pt\/index.php\/2023\/01\/festa-das-chouricas-sabores-da-serra-algarvia-regressam-a-querenca\/cultura\/10\/50\/#primaryimage"},"image":{"@id":"https:\/\/algarve7.pt\/index.php\/2023\/01\/festa-das-chouricas-sabores-da-serra-algarvia-regressam-a-querenca\/cultura\/10\/50\/#primaryimage"},"thumbnailUrl":"https:\/\/algarve7.pt\/wp-content\/uploads\/2023\/01\/Festa-das-chouricas-Querenca.jpg","datePublished":"2023-01-13T10:50:00+00:00","description":"Festa das chouri\u00e7as: sabores da serra algarvia regressam a Queren\u00e7a Cultura","breadcrumb":{"@id":"https:\/\/algarve7.pt\/index.php\/2023\/01\/festa-das-chouricas-sabores-da-serra-algarvia-regressam-a-querenca\/cultura\/10\/50\/#breadcrumb"},"inLanguage":"pt-PT","potentialAction":[{"@type":"ReadAction","target":["https:\/\/algarve7.pt\/index.php\/2023\/01\/festa-das-chouricas-sabores-da-serra-algarvia-regressam-a-querenca\/cultura\/10\/50\/"]}]},{"@type":"ImageObject","inLanguage":"pt-PT","@id":"https:\/\/algarve7.pt\/index.php\/2023\/01\/festa-das-chouricas-sabores-da-serra-algarvia-regressam-a-querenca\/cultura\/10\/50\/#primaryimage","url":"https:\/\/algarve7.pt\/wp-content\/uploads\/2023\/01\/Festa-das-chouricas-Querenca.jpg","contentUrl":"https:\/\/algarve7.pt\/wp-content\/uploads\/2023\/01\/Festa-das-chouricas-Querenca.jpg","width":1024,"height":683},{"@type":"BreadcrumbList","@id":"https:\/\/algarve7.pt\/index.php\/2023\/01\/festa-das-chouricas-sabores-da-serra-algarvia-regressam-a-querenca\/cultura\/10\/50\/#breadcrumb","itemListElement":[{"@type":"ListItem","position":1,"name":"In\u00edcio","item":"https:\/\/algarve7.pt\/"},{"@type":"ListItem","position":2,"name":"Festa das chouri\u00e7as: sabores da serra algarvia regressam a Queren\u00e7a"}]},{"@type":"WebSite","@id":"https:\/\/algarve7.pt\/#website","url":"https:\/\/algarve7.pt\/","name":"Algarve 7","description":"Informa\u00e7\u00e3o sobre o Algarve","publisher":{"@id":"https:\/\/algarve7.pt\/#organization"},"potentialAction":[{"@type":"SearchAction","target":{"@type":"EntryPoint","urlTemplate":"https:\/\/algarve7.pt\/?s={search_term_string}"},"query-input":{"@type":"PropertyValueSpecification","valueRequired":true,"valueName":"search_term_string"}}],"inLanguage":"pt-PT"},{"@type":"Organization","@id":"https:\/\/algarve7.pt\/#organization","name":"Algarve 7","url":"https:\/\/algarve7.pt\/","logo":{"@type":"ImageObject","inLanguage":"pt-PT","@id":"https:\/\/algarve7.pt\/#\/schema\/logo\/image\/","url":"https:\/\/algarve7.pt\/wp-content\/uploads\/2020\/10\/Logo-8.jpg","contentUrl":"https:\/\/algarve7.pt\/wp-content\/uploads\/2020\/10\/Logo-8.jpg","width":1680,"height":1186,"caption":"Algarve 7"},"image":{"@id":"https:\/\/algarve7.pt\/#\/schema\/logo\/image\/"},"sameAs":["https:\/\/www.facebook.com\/algarve7","https:\/\/x.com\/Algarvesete","https:\/\/www.instagram.com\/jornalalgarve7\/","https:\/\/www.linkedin.com\/company\/algarve7","https:\/\/www.pinterest.pt\/geral0939\/_created\/"]},{"@type":"Person","@id":"https:\/\/algarve7.pt\/#\/schema\/person\/23fa70681308e7b319a3204bcea45e0c","name":"Algarve 7","sameAs":["https:\/\/algarve7.pt","https:\/\/www.facebook.com\/algarve7"],"url":"https:\/\/algarve7.pt\/index.php\/author\/geralalgarve7-pt\/"}]}},"jetpack_publicize_connections":[],"jetpack_featured_media_url":"https:\/\/algarve7.pt\/wp-content\/uploads\/2023\/01\/Festa-das-chouricas-Querenca.jpg","jetpack_shortlink":"https:\/\/wp.me\/pcezmW-6rS","jetpack_sharing_enabled":true,"_links":{"self":[{"href":"https:\/\/algarve7.pt\/index.php\/wp-json\/wp\/v2\/posts\/24792","targetHints":{"allow":["GET"]}}],"collection":[{"href":"https:\/\/algarve7.pt\/index.php\/wp-json\/wp\/v2\/posts"}],"about":[{"href":"https:\/\/algarve7.pt\/index.php\/wp-json\/wp\/v2\/types\/post"}],"author":[{"embeddable":true,"href":"https:\/\/algarve7.pt\/index.php\/wp-json\/wp\/v2\/users\/1"}],"replies":[{"embeddable":true,"href":"https:\/\/algarve7.pt\/index.php\/wp-json\/wp\/v2\/comments?post=24792"}],"version-history":[{"count":0,"href":"https:\/\/algarve7.pt\/index.php\/wp-json\/wp\/v2\/posts\/24792\/revisions"}],"wp:featuredmedia":[{"embeddable":true,"href":"https:\/\/algarve7.pt\/index.php\/wp-json\/wp\/v2\/media\/24793"}],"wp:attachment":[{"href":"https:\/\/algarve7.pt\/index.php\/wp-json\/wp\/v2\/media?parent=24792"}],"wp:term":[{"taxonomy":"category","embeddable":true,"href":"https:\/\/algarve7.pt\/index.php\/wp-json\/wp\/v2\/categories?post=24792"},{"taxonomy":"post_tag","embeddable":true,"href":"https:\/\/algarve7.pt\/index.php\/wp-json\/wp\/v2\/tags?post=24792"}],"curies":[{"name":"wp","href":"https:\/\/api.w.org\/{rel}","templated":true}]}}