{"id":24651,"date":"2023-01-07T11:44:54","date_gmt":"2023-01-07T11:44:54","guid":{"rendered":"https:\/\/algarve7.pt\/?p=24651"},"modified":"2023-01-07T11:44:56","modified_gmt":"2023-01-07T11:44:56","slug":"concurso-agua-jovem-2023","status":"publish","type":"post","link":"https:\/\/algarve7.pt\/index.php\/2023\/01\/concurso-agua-jovem-2023\/ambiente\/11\/44\/","title":{"rendered":"Concurso \u00e1gua jovem 2023"},"content":{"rendered":"\n<p>A Ag\u00eancia Portuguesa do Ambiente \u2013 ARH do Algarve,&nbsp;promove a&nbsp;<strong>13.\u00aa edi\u00e7\u00e3o do<\/strong>&nbsp;<strong>Concurso \u201c\u00c1gua Jovem\u201d<\/strong>, concurso destinado a todas as crian\u00e7as&nbsp;e jovens que frequentem o ensino pr\u00e9-escolar e os 1.\u00ba, 2.\u00ba e 3.\u00ba ciclos do ensino b\u00e1sico do Algarve.<\/p>\n\n\n\n<p>\u00c9 uma iniciativa conjunta com as empresas \u00c1guas do Algarve, Mundo Aqu\u00e1tico (Zoomarine) e a International Water Technology.<\/p>\n\n\n\n<p>O principal objetivo \u00e9 sensibilizar, informar e divulgar junto das comunidades escolares a import\u00e2ncia da preserva\u00e7\u00e3o do patrim\u00f3nio \u00e1gua, promover o conhecimento dos ecossistemas aqu\u00e1ticos da regi\u00e3o e contribuir para a sua gest\u00e3o participada.<\/p>\n\n\n\n<p>O Concurso distinguir\u00e1 os melhores trabalhos nas categorias: ensino pr\u00e9-escolar, 1.\u00ba ciclo do ensino b\u00e1sico, 2.\u00ba ciclo do ensino b\u00e1sico, 3.\u00ba ciclo do ensino b\u00e1sico e alunos que beneficiam de medidas educativas seletivas e adicionais.<\/p>\n\n\n\n<p>Os temas desta edi\u00e7\u00e3o s\u00e3o:<\/p>\n\n\n\n<p>&#8211; a \u201cAlian\u00e7a pela \u00c1gua\u201d (Tema I),<\/p>\n\n\n\n<p>&#8211; a \u201cSerra de Monchique \u2013 A import\u00e2ncia da \u00e1gua e dos seus ecossistemas aqu\u00e1ticos\u201d (Tema II) e<\/p>\n\n\n\n<p>&#8211; os \u201cDesafios da \u00c1gua \u2013 Impacte das Altera\u00e7\u00f5es Clim\u00e1ticas (ODS13) no ODS 6\u201d.<\/p>\n\n\n\n<p>Ser\u00e3o aceites trabalhos em todos os formatos, sendo incentivada a criatividade em todos os aspetos (conte\u00fados, materiais, t\u00e9cnicas, etc.).<\/p>\n\n\n\n<p>O regulamento do Concurso \u201c\u00c1gua Jovem 2023\u201d pode ser consultado no\u00a0<a href=\"https:\/\/voluntariadoambientalagua.apambiente.pt\/\" target=\"_blank\" rel=\"noreferrer noopener\">portal do Voluntariado Ambiental para a \u00c1gua<\/a>.<\/p>\n\n\n\n<p>As inscri\u00e7\u00f5es devem ser feitas at\u00e9 ao dia 1 de mar\u00e7o de 2023 e os trabalhos entregues na APA &#8211; ARH do Algarve at\u00e9 ao dia 1 de maio de 2023. A entrega dos pr\u00e9mios ser\u00e1 realizada no dia 2 de junho de 2023, em Monchique, durante o F\u00f3rum \u00c1gua Jovem 2023.<\/p>\n\n\n\n<p>O j\u00fari do Concurso \u00e9 constitu\u00eddo por representantes das entidades organizadoras, do ICNF &#8211; Instituto da Conserva\u00e7\u00e3o da Natureza e das Florestas e da DGEstE &#8211; Dire\u00e7\u00e3o-Geral dos Estabelecimentos Escolares &#8211; DSR Algarve.<\/p>\n","protected":false},"excerpt":{"rendered":"<p>A Ag\u00eancia Portuguesa do Ambiente \u2013 ARH do Algarve,&nbsp;promove a&nbsp;13.\u00aa edi\u00e7\u00e3o do&nbsp;Concurso \u201c\u00c1gua Jovem\u201d, concurso destinado a todas as crian\u00e7as&nbsp;e<\/p>\n","protected":false},"author":1,"featured_media":24652,"comment_status":"closed","ping_status":"open","sticky":false,"template":"","format":"standard","meta":{"colormag_page_container_layout":"default_layout","colormag_page_sidebar_layout":"default_layout","_monsterinsights_skip_tracking":false,"_monsterinsights_sitenote_active":false,"_monsterinsights_sitenote_note":"","_monsterinsights_sitenote_category":0,"jetpack_post_was_ever_published":false,"_jetpack_newsletter_access":"","_jetpack_dont_email_post_to_subs":false,"_jetpack_newsletter_tier_id":0,"_jetpack_memberships_contains_paywalled_content":false,"_jetpack_memberships_contains_paid_content":false,"footnotes":"","jetpack_publicize_message":"","jetpack_publicize_feature_enabled":true,"jetpack_social_post_already_shared":true,"jetpack_social_options":{"image_generator_settings":{"template":"highway","default_image_id":0,"font":"","enabled":false},"version":2}},"categories":[5],"tags":[36,32,226,146],"class_list":["post-24651","post","type-post","status-publish","format-standard","has-post-thumbnail","hentry","category-ambiente","tag-algarve","tag-ambiente","tag-apa","tag-concurso"],"yoast_head":"<!-- This site is optimized with the Yoast SEO plugin v27.5 - https:\/\/yoast.com\/product\/yoast-seo-wordpress\/ -->\n<title>Concurso \u00e1gua jovem 2023 - Algarve 7<\/title>\n<meta name=\"description\" content=\"Concurso \u00e1gua jovem 2023 Ambiente\" \/>\n<meta name=\"robots\" content=\"index, follow, max-snippet:-1, max-image-preview:large, max-video-preview:-1\" \/>\n<link rel=\"canonical\" href=\"https:\/\/algarve7.pt\/index.php\/2023\/01\/concurso-agua-jovem-2023\/ambiente\/11\/44\/\" \/>\n<meta property=\"og:locale\" content=\"pt_PT\" \/>\n<meta property=\"og:type\" content=\"article\" \/>\n<meta property=\"og:title\" content=\"Concurso \u00e1gua jovem 2023 - Algarve 7\" \/>\n<meta property=\"og:description\" content=\"Concurso \u00e1gua jovem 2023 Ambiente\" \/>\n<meta property=\"og:url\" content=\"https:\/\/algarve7.pt\/index.php\/2023\/01\/concurso-agua-jovem-2023\/ambiente\/11\/44\/\" \/>\n<meta property=\"og:site_name\" content=\"Algarve 7\" \/>\n<meta property=\"article:publisher\" content=\"https:\/\/www.facebook.com\/algarve7\" \/>\n<meta property=\"article:author\" content=\"https:\/\/www.facebook.com\/algarve7\" \/>\n<meta property=\"article:published_time\" content=\"2023-01-07T11:44:54+00:00\" \/>\n<meta property=\"article:modified_time\" content=\"2023-01-07T11:44:56+00:00\" \/>\n<meta property=\"og:image\" content=\"https:\/\/algarve7.pt\/wp-content\/uploads\/2023\/01\/Captura-de-ecra-2023-01-07-as-11.41.54.png\" \/>\n\t<meta property=\"og:image:width\" content=\"1024\" \/>\n\t<meta property=\"og:image:height\" content=\"778\" \/>\n\t<meta property=\"og:image:type\" content=\"image\/png\" \/>\n<meta name=\"author\" content=\"Algarve 7\" \/>\n<meta name=\"twitter:card\" content=\"summary_large_image\" \/>\n<meta name=\"twitter:creator\" content=\"@Algarvesete\" \/>\n<meta name=\"twitter:site\" content=\"@Algarvesete\" \/>\n<meta name=\"twitter:label1\" content=\"Escrito por\" \/>\n\t<meta name=\"twitter:data1\" content=\"Algarve 7\" \/>\n\t<meta name=\"twitter:label2\" content=\"Tempo estimado de leitura\" \/>\n\t<meta name=\"twitter:data2\" content=\"2 minutos\" \/>\n<script type=\"application\/ld+json\" class=\"yoast-schema-graph\">{\"@context\":\"https:\\\/\\\/schema.org\",\"@graph\":[{\"@type\":\"Article\",\"@id\":\"https:\\\/\\\/algarve7.pt\\\/index.php\\\/2023\\\/01\\\/concurso-agua-jovem-2023\\\/ambiente\\\/11\\\/44\\\/#article\",\"isPartOf\":{\"@id\":\"https:\\\/\\\/algarve7.pt\\\/index.php\\\/2023\\\/01\\\/concurso-agua-jovem-2023\\\/ambiente\\\/11\\\/44\\\/\"},\"author\":{\"name\":\"Algarve 7\",\"@id\":\"https:\\\/\\\/algarve7.pt\\\/#\\\/schema\\\/person\\\/23fa70681308e7b319a3204bcea45e0c\"},\"headline\":\"Concurso \u00e1gua jovem 2023\",\"datePublished\":\"2023-01-07T11:44:54+00:00\",\"dateModified\":\"2023-01-07T11:44:56+00:00\",\"mainEntityOfPage\":{\"@id\":\"https:\\\/\\\/algarve7.pt\\\/index.php\\\/2023\\\/01\\\/concurso-agua-jovem-2023\\\/ambiente\\\/11\\\/44\\\/\"},\"wordCount\":314,\"publisher\":{\"@id\":\"https:\\\/\\\/algarve7.pt\\\/#organization\"},\"image\":{\"@id\":\"https:\\\/\\\/algarve7.pt\\\/index.php\\\/2023\\\/01\\\/concurso-agua-jovem-2023\\\/ambiente\\\/11\\\/44\\\/#primaryimage\"},\"thumbnailUrl\":\"https:\\\/\\\/algarve7.pt\\\/wp-content\\\/uploads\\\/2023\\\/01\\\/Captura-de-ecra-2023-01-07-as-11.41.54.png\",\"keywords\":[\"Algarve\",\"Ambiente\",\"APA\",\"Concurso\"],\"articleSection\":[\"Ambiente\"],\"inLanguage\":\"pt-PT\"},{\"@type\":\"WebPage\",\"@id\":\"https:\\\/\\\/algarve7.pt\\\/index.php\\\/2023\\\/01\\\/concurso-agua-jovem-2023\\\/ambiente\\\/11\\\/44\\\/\",\"url\":\"https:\\\/\\\/algarve7.pt\\\/index.php\\\/2023\\\/01\\\/concurso-agua-jovem-2023\\\/ambiente\\\/11\\\/44\\\/\",\"name\":\"Concurso \u00e1gua jovem 2023 - Algarve 7\",\"isPartOf\":{\"@id\":\"https:\\\/\\\/algarve7.pt\\\/#website\"},\"primaryImageOfPage\":{\"@id\":\"https:\\\/\\\/algarve7.pt\\\/index.php\\\/2023\\\/01\\\/concurso-agua-jovem-2023\\\/ambiente\\\/11\\\/44\\\/#primaryimage\"},\"image\":{\"@id\":\"https:\\\/\\\/algarve7.pt\\\/index.php\\\/2023\\\/01\\\/concurso-agua-jovem-2023\\\/ambiente\\\/11\\\/44\\\/#primaryimage\"},\"thumbnailUrl\":\"https:\\\/\\\/algarve7.pt\\\/wp-content\\\/uploads\\\/2023\\\/01\\\/Captura-de-ecra-2023-01-07-as-11.41.54.png\",\"datePublished\":\"2023-01-07T11:44:54+00:00\",\"dateModified\":\"2023-01-07T11:44:56+00:00\",\"description\":\"Concurso \u00e1gua jovem 2023 Ambiente\",\"breadcrumb\":{\"@id\":\"https:\\\/\\\/algarve7.pt\\\/index.php\\\/2023\\\/01\\\/concurso-agua-jovem-2023\\\/ambiente\\\/11\\\/44\\\/#breadcrumb\"},\"inLanguage\":\"pt-PT\",\"potentialAction\":[{\"@type\":\"ReadAction\",\"target\":[\"https:\\\/\\\/algarve7.pt\\\/index.php\\\/2023\\\/01\\\/concurso-agua-jovem-2023\\\/ambiente\\\/11\\\/44\\\/\"]}]},{\"@type\":\"ImageObject\",\"inLanguage\":\"pt-PT\",\"@id\":\"https:\\\/\\\/algarve7.pt\\\/index.php\\\/2023\\\/01\\\/concurso-agua-jovem-2023\\\/ambiente\\\/11\\\/44\\\/#primaryimage\",\"url\":\"https:\\\/\\\/algarve7.pt\\\/wp-content\\\/uploads\\\/2023\\\/01\\\/Captura-de-ecra-2023-01-07-as-11.41.54.png\",\"contentUrl\":\"https:\\\/\\\/algarve7.pt\\\/wp-content\\\/uploads\\\/2023\\\/01\\\/Captura-de-ecra-2023-01-07-as-11.41.54.png\",\"width\":1024,\"height\":778},{\"@type\":\"BreadcrumbList\",\"@id\":\"https:\\\/\\\/algarve7.pt\\\/index.php\\\/2023\\\/01\\\/concurso-agua-jovem-2023\\\/ambiente\\\/11\\\/44\\\/#breadcrumb\",\"itemListElement\":[{\"@type\":\"ListItem\",\"position\":1,\"name\":\"In\u00edcio\",\"item\":\"https:\\\/\\\/algarve7.pt\\\/\"},{\"@type\":\"ListItem\",\"position\":2,\"name\":\"Concurso \u00e1gua jovem 2023\"}]},{\"@type\":\"WebSite\",\"@id\":\"https:\\\/\\\/algarve7.pt\\\/#website\",\"url\":\"https:\\\/\\\/algarve7.pt\\\/\",\"name\":\"Algarve 7\",\"description\":\"Informa\u00e7\u00e3o sobre o Algarve\",\"publisher\":{\"@id\":\"https:\\\/\\\/algarve7.pt\\\/#organization\"},\"potentialAction\":[{\"@type\":\"SearchAction\",\"target\":{\"@type\":\"EntryPoint\",\"urlTemplate\":\"https:\\\/\\\/algarve7.pt\\\/?s={search_term_string}\"},\"query-input\":{\"@type\":\"PropertyValueSpecification\",\"valueRequired\":true,\"valueName\":\"search_term_string\"}}],\"inLanguage\":\"pt-PT\"},{\"@type\":\"Organization\",\"@id\":\"https:\\\/\\\/algarve7.pt\\\/#organization\",\"name\":\"Algarve 7\",\"url\":\"https:\\\/\\\/algarve7.pt\\\/\",\"logo\":{\"@type\":\"ImageObject\",\"inLanguage\":\"pt-PT\",\"@id\":\"https:\\\/\\\/algarve7.pt\\\/#\\\/schema\\\/logo\\\/image\\\/\",\"url\":\"https:\\\/\\\/algarve7.pt\\\/wp-content\\\/uploads\\\/2020\\\/10\\\/Logo-8.jpg\",\"contentUrl\":\"https:\\\/\\\/algarve7.pt\\\/wp-content\\\/uploads\\\/2020\\\/10\\\/Logo-8.jpg\",\"width\":1680,\"height\":1186,\"caption\":\"Algarve 7\"},\"image\":{\"@id\":\"https:\\\/\\\/algarve7.pt\\\/#\\\/schema\\\/logo\\\/image\\\/\"},\"sameAs\":[\"https:\\\/\\\/www.facebook.com\\\/algarve7\",\"https:\\\/\\\/x.com\\\/Algarvesete\",\"https:\\\/\\\/www.instagram.com\\\/jornalalgarve7\\\/\",\"https:\\\/\\\/www.linkedin.com\\\/company\\\/algarve7\",\"https:\\\/\\\/www.pinterest.pt\\\/geral0939\\\/_created\\\/\"]},{\"@type\":\"Person\",\"@id\":\"https:\\\/\\\/algarve7.pt\\\/#\\\/schema\\\/person\\\/23fa70681308e7b319a3204bcea45e0c\",\"name\":\"Algarve 7\",\"sameAs\":[\"https:\\\/\\\/algarve7.pt\",\"https:\\\/\\\/www.facebook.com\\\/algarve7\"],\"url\":\"https:\\\/\\\/algarve7.pt\\\/index.php\\\/author\\\/geralalgarve7-pt\\\/\"}]}<\/script>\n<!-- \/ Yoast SEO plugin. -->","yoast_head_json":{"title":"Concurso \u00e1gua jovem 2023 - Algarve 7","description":"Concurso \u00e1gua jovem 2023 Ambiente","robots":{"index":"index","follow":"follow","max-snippet":"max-snippet:-1","max-image-preview":"max-image-preview:large","max-video-preview":"max-video-preview:-1"},"canonical":"https:\/\/algarve7.pt\/index.php\/2023\/01\/concurso-agua-jovem-2023\/ambiente\/11\/44\/","og_locale":"pt_PT","og_type":"article","og_title":"Concurso \u00e1gua jovem 2023 - Algarve 7","og_description":"Concurso \u00e1gua jovem 2023 Ambiente","og_url":"https:\/\/algarve7.pt\/index.php\/2023\/01\/concurso-agua-jovem-2023\/ambiente\/11\/44\/","og_site_name":"Algarve 7","article_publisher":"https:\/\/www.facebook.com\/algarve7","article_author":"https:\/\/www.facebook.com\/algarve7","article_published_time":"2023-01-07T11:44:54+00:00","article_modified_time":"2023-01-07T11:44:56+00:00","og_image":[{"width":1024,"height":778,"url":"https:\/\/algarve7.pt\/wp-content\/uploads\/2023\/01\/Captura-de-ecra-2023-01-07-as-11.41.54.png","type":"image\/png"}],"author":"Algarve 7","twitter_card":"summary_large_image","twitter_creator":"@Algarvesete","twitter_site":"@Algarvesete","twitter_misc":{"Escrito por":"Algarve 7","Tempo estimado de leitura":"2 minutos"},"schema":{"@context":"https:\/\/schema.org","@graph":[{"@type":"Article","@id":"https:\/\/algarve7.pt\/index.php\/2023\/01\/concurso-agua-jovem-2023\/ambiente\/11\/44\/#article","isPartOf":{"@id":"https:\/\/algarve7.pt\/index.php\/2023\/01\/concurso-agua-jovem-2023\/ambiente\/11\/44\/"},"author":{"name":"Algarve 7","@id":"https:\/\/algarve7.pt\/#\/schema\/person\/23fa70681308e7b319a3204bcea45e0c"},"headline":"Concurso \u00e1gua jovem 2023","datePublished":"2023-01-07T11:44:54+00:00","dateModified":"2023-01-07T11:44:56+00:00","mainEntityOfPage":{"@id":"https:\/\/algarve7.pt\/index.php\/2023\/01\/concurso-agua-jovem-2023\/ambiente\/11\/44\/"},"wordCount":314,"publisher":{"@id":"https:\/\/algarve7.pt\/#organization"},"image":{"@id":"https:\/\/algarve7.pt\/index.php\/2023\/01\/concurso-agua-jovem-2023\/ambiente\/11\/44\/#primaryimage"},"thumbnailUrl":"https:\/\/algarve7.pt\/wp-content\/uploads\/2023\/01\/Captura-de-ecra-2023-01-07-as-11.41.54.png","keywords":["Algarve","Ambiente","APA","Concurso"],"articleSection":["Ambiente"],"inLanguage":"pt-PT"},{"@type":"WebPage","@id":"https:\/\/algarve7.pt\/index.php\/2023\/01\/concurso-agua-jovem-2023\/ambiente\/11\/44\/","url":"https:\/\/algarve7.pt\/index.php\/2023\/01\/concurso-agua-jovem-2023\/ambiente\/11\/44\/","name":"Concurso \u00e1gua jovem 2023 - Algarve 7","isPartOf":{"@id":"https:\/\/algarve7.pt\/#website"},"primaryImageOfPage":{"@id":"https:\/\/algarve7.pt\/index.php\/2023\/01\/concurso-agua-jovem-2023\/ambiente\/11\/44\/#primaryimage"},"image":{"@id":"https:\/\/algarve7.pt\/index.php\/2023\/01\/concurso-agua-jovem-2023\/ambiente\/11\/44\/#primaryimage"},"thumbnailUrl":"https:\/\/algarve7.pt\/wp-content\/uploads\/2023\/01\/Captura-de-ecra-2023-01-07-as-11.41.54.png","datePublished":"2023-01-07T11:44:54+00:00","dateModified":"2023-01-07T11:44:56+00:00","description":"Concurso \u00e1gua jovem 2023 Ambiente","breadcrumb":{"@id":"https:\/\/algarve7.pt\/index.php\/2023\/01\/concurso-agua-jovem-2023\/ambiente\/11\/44\/#breadcrumb"},"inLanguage":"pt-PT","potentialAction":[{"@type":"ReadAction","target":["https:\/\/algarve7.pt\/index.php\/2023\/01\/concurso-agua-jovem-2023\/ambiente\/11\/44\/"]}]},{"@type":"ImageObject","inLanguage":"pt-PT","@id":"https:\/\/algarve7.pt\/index.php\/2023\/01\/concurso-agua-jovem-2023\/ambiente\/11\/44\/#primaryimage","url":"https:\/\/algarve7.pt\/wp-content\/uploads\/2023\/01\/Captura-de-ecra-2023-01-07-as-11.41.54.png","contentUrl":"https:\/\/algarve7.pt\/wp-content\/uploads\/2023\/01\/Captura-de-ecra-2023-01-07-as-11.41.54.png","width":1024,"height":778},{"@type":"BreadcrumbList","@id":"https:\/\/algarve7.pt\/index.php\/2023\/01\/concurso-agua-jovem-2023\/ambiente\/11\/44\/#breadcrumb","itemListElement":[{"@type":"ListItem","position":1,"name":"In\u00edcio","item":"https:\/\/algarve7.pt\/"},{"@type":"ListItem","position":2,"name":"Concurso \u00e1gua jovem 2023"}]},{"@type":"WebSite","@id":"https:\/\/algarve7.pt\/#website","url":"https:\/\/algarve7.pt\/","name":"Algarve 7","description":"Informa\u00e7\u00e3o sobre o Algarve","publisher":{"@id":"https:\/\/algarve7.pt\/#organization"},"potentialAction":[{"@type":"SearchAction","target":{"@type":"EntryPoint","urlTemplate":"https:\/\/algarve7.pt\/?s={search_term_string}"},"query-input":{"@type":"PropertyValueSpecification","valueRequired":true,"valueName":"search_term_string"}}],"inLanguage":"pt-PT"},{"@type":"Organization","@id":"https:\/\/algarve7.pt\/#organization","name":"Algarve 7","url":"https:\/\/algarve7.pt\/","logo":{"@type":"ImageObject","inLanguage":"pt-PT","@id":"https:\/\/algarve7.pt\/#\/schema\/logo\/image\/","url":"https:\/\/algarve7.pt\/wp-content\/uploads\/2020\/10\/Logo-8.jpg","contentUrl":"https:\/\/algarve7.pt\/wp-content\/uploads\/2020\/10\/Logo-8.jpg","width":1680,"height":1186,"caption":"Algarve 7"},"image":{"@id":"https:\/\/algarve7.pt\/#\/schema\/logo\/image\/"},"sameAs":["https:\/\/www.facebook.com\/algarve7","https:\/\/x.com\/Algarvesete","https:\/\/www.instagram.com\/jornalalgarve7\/","https:\/\/www.linkedin.com\/company\/algarve7","https:\/\/www.pinterest.pt\/geral0939\/_created\/"]},{"@type":"Person","@id":"https:\/\/algarve7.pt\/#\/schema\/person\/23fa70681308e7b319a3204bcea45e0c","name":"Algarve 7","sameAs":["https:\/\/algarve7.pt","https:\/\/www.facebook.com\/algarve7"],"url":"https:\/\/algarve7.pt\/index.php\/author\/geralalgarve7-pt\/"}]}},"jetpack_publicize_connections":[],"jetpack_featured_media_url":"https:\/\/algarve7.pt\/wp-content\/uploads\/2023\/01\/Captura-de-ecra-2023-01-07-as-11.41.54.png","jetpack_shortlink":"https:\/\/wp.me\/pcezmW-6pB","jetpack_sharing_enabled":true,"_links":{"self":[{"href":"https:\/\/algarve7.pt\/index.php\/wp-json\/wp\/v2\/posts\/24651","targetHints":{"allow":["GET"]}}],"collection":[{"href":"https:\/\/algarve7.pt\/index.php\/wp-json\/wp\/v2\/posts"}],"about":[{"href":"https:\/\/algarve7.pt\/index.php\/wp-json\/wp\/v2\/types\/post"}],"author":[{"embeddable":true,"href":"https:\/\/algarve7.pt\/index.php\/wp-json\/wp\/v2\/users\/1"}],"replies":[{"embeddable":true,"href":"https:\/\/algarve7.pt\/index.php\/wp-json\/wp\/v2\/comments?post=24651"}],"version-history":[{"count":0,"href":"https:\/\/algarve7.pt\/index.php\/wp-json\/wp\/v2\/posts\/24651\/revisions"}],"wp:featuredmedia":[{"embeddable":true,"href":"https:\/\/algarve7.pt\/index.php\/wp-json\/wp\/v2\/media\/24652"}],"wp:attachment":[{"href":"https:\/\/algarve7.pt\/index.php\/wp-json\/wp\/v2\/media?parent=24651"}],"wp:term":[{"taxonomy":"category","embeddable":true,"href":"https:\/\/algarve7.pt\/index.php\/wp-json\/wp\/v2\/categories?post=24651"},{"taxonomy":"post_tag","embeddable":true,"href":"https:\/\/algarve7.pt\/index.php\/wp-json\/wp\/v2\/tags?post=24651"}],"curies":[{"name":"wp","href":"https:\/\/api.w.org\/{rel}","templated":true}]}}