{"id":24638,"date":"2023-01-06T12:15:00","date_gmt":"2023-01-06T12:15:00","guid":{"rendered":"https:\/\/algarve7.pt\/?p=24638"},"modified":"2023-01-05T17:48:11","modified_gmt":"2023-01-05T17:48:11","slug":"mulheres-ualg-sao-tema-de-destaque-na-revista-ualgzine","status":"publish","type":"post","link":"https:\/\/algarve7.pt\/index.php\/2023\/01\/mulheres-ualg-sao-tema-de-destaque-na-revista-ualgzine\/educacao\/12\/15\/","title":{"rendered":"\u201cMulheres UAlg\u201d s\u00e3o tema de destaque na revista UALGzine"},"content":{"rendered":"\n<p>A Universidade do Algarve (UAlg) acaba de lan\u00e7ar mais uma edi\u00e7\u00e3o da revista institucional \u00abUALGzine\u00bb. Com uma periodicidade anual, este n\u00famero, dedicado \u00e0s \u201cMulheres UAlg\u201d, d\u00e1 a conhecer o percurso de 25 mulheres, antigas e atuais alunas, funcion\u00e1rias, investigadoras e docentes, que ajudaram a escrever a hist\u00f3ria da Universidade do Algarve.<\/p>\n\n\n\n<p>Muito se fala do papel da mulher na sociedade. A verdade \u00e9 que a mulher sempre desempenhou diversos papeis em simult\u00e2neo, tendo como cen\u00e1rio realidades diferentes, de acordo com a religi\u00e3o, a etnia, a cor, a localiza\u00e7\u00e3o geogr\u00e1fica, caprichos individuais ou outras realidades distintas. Esta edi\u00e7\u00e3o n\u00famero 15 d\u00e1 a conhecer os rostos de algumas mulheres UAlg, que falam das suas \u201chist\u00f3rias\u201d, dos desafios da mulher na sociedade atual, das refer\u00eancias que marcaram as suas vidas e dos seus percursos na Universidade do Algarve. Nelas est\u00e3o representadas todas as outras mulheres que ajudaram a escrever a hist\u00f3ria da UAlg e a tornaram em \u201cUma Universidade que marca\u201d!<\/p>\n\n\n\n<p>\u00c0 semelhan\u00e7a das edi\u00e7\u00f5es anteriores, destina-se a um p\u00fablico-alvo diversificado, mantendo uma abordagem generalista e de f\u00e1cil compreens\u00e3o, recorrendo ao formato storytelling, mas sempre com o objetivo promover e divulgar a Academia.<\/p>\n\n\n\n<p>Tal como refere a vice-reitora para a Qualidade, Planeamento e Forma\u00e7\u00e3o, Ana de Freitas, no seu editorial, \u201cno ano em que publicou o Plano Inclusivo de Igualdade de G\u00e9nero, a UAlg dedica um n\u00famero da \u00abUALGzine\u00bb \u00e0s mulheres da academia, que tal como as entrevistadas afirmam, vestem a camisola e se dedicam de corpo e alma ao desenvolvimento da miss\u00e3o da Universidade, acreditando que esta, atrav\u00e9s de todos e logo tamb\u00e9m delas, contribui para um mundo mais justo, inclusivo e igualit\u00e1rio, e, portanto, melhor\u201d.<\/p>\n\n\n\n<p>No final de 2021, 72% dos recursos humanos afetos aos servi\u00e7os da Universidade eram mulheres, 64% investigadoras e 52% eram docentes (Balan\u00e7o Social da Universidade do Algarve, 2021). As mulheres, refere Ana de Freitas, \u201cest\u00e3o bem representadas em todos os setores de atividade da UAlg, em maior n\u00famero nos tradicionalmente associados ao universo feminino, mas tamb\u00e9m nos que s\u00e3o mais ligados ao universo masculino\u201d. Na sua opini\u00e3o, \u201cesta representatividade manifesta-se em quantidade, mas sobretudo em qualidade, que \u00e9 tamb\u00e9m confirmada pelo n\u00famero de mulheres que no final de 2021 assumiam cargos dirigentes dos Servi\u00e7os (60%), das Unidades Org\u00e2nicas e da Reitoria (50%)\u201d.<\/p>\n\n\n\n<p>No que concerne aos estudantes da UAlg, explica ainda no Editorial, tamb\u00e9m s\u00e3o, maioritariamente, do g\u00e9nero feminino, correspondendo a 55% do n\u00famero total de inscritos em 2021\/22 (DGEEC), encontrando-se apenas em minoria nos Cursos T\u00e9cnicos Superiores Profissionais (30% do total de inscritos).&nbsp;<\/p>\n\n\n\n<p>Sendo certo que ainda muito falta fazer para uma sociedade mais inclusiva, igualit\u00e1ria e justa, prossegue a vice-reitora, \u201cdos testemunhos recolhidos \u00e9 percet\u00edvel que a Universidade tem realizado um bom trabalho e que as mulheres da academia se sentem totalmente integradas e n\u00e3o discriminadas, em fun\u00e7\u00e3o do g\u00e9nero, na Institui\u00e7\u00e3o\u201d.<\/p>\n","protected":false},"excerpt":{"rendered":"<p>A Universidade do Algarve (UAlg) acaba de lan\u00e7ar mais uma edi\u00e7\u00e3o da revista institucional \u00abUALGzine\u00bb. Com uma periodicidade anual, este<\/p>\n","protected":false},"author":1,"featured_media":24639,"comment_status":"closed","ping_status":"open","sticky":false,"template":"","format":"standard","meta":{"colormag_page_container_layout":"default_layout","colormag_page_sidebar_layout":"default_layout","_monsterinsights_skip_tracking":false,"_monsterinsights_sitenote_active":false,"_monsterinsights_sitenote_note":"","_monsterinsights_sitenote_category":0,"jetpack_post_was_ever_published":false,"_jetpack_newsletter_access":"","_jetpack_dont_email_post_to_subs":false,"_jetpack_newsletter_tier_id":0,"_jetpack_memberships_contains_paywalled_content":false,"_jetpack_memberships_contains_paid_content":false,"footnotes":"","jetpack_publicize_message":"","jetpack_publicize_feature_enabled":true,"jetpack_social_post_already_shared":true,"jetpack_social_options":{"image_generator_settings":{"template":"highway","default_image_id":0,"font":"","enabled":false},"version":2}},"categories":[93],"tags":[36,57,182],"class_list":["post-24638","post","type-post","status-publish","format-standard","has-post-thumbnail","hentry","category-educacao","tag-algarve","tag-faro","tag-ualg"],"yoast_head":"<!-- This site is optimized with the Yoast SEO plugin v27.5 - https:\/\/yoast.com\/product\/yoast-seo-wordpress\/ -->\n<title>\u201cMulheres UAlg\u201d s\u00e3o tema de destaque na revista UALGzine - Algarve 7<\/title>\n<meta name=\"description\" content=\"\u201cMulheres UAlg\u201d s\u00e3o tema de destaque na revista UALGzine Educa\u00e7\u00e3o\" \/>\n<meta name=\"robots\" content=\"index, follow, max-snippet:-1, max-image-preview:large, max-video-preview:-1\" \/>\n<link rel=\"canonical\" href=\"https:\/\/algarve7.pt\/index.php\/2023\/01\/mulheres-ualg-sao-tema-de-destaque-na-revista-ualgzine\/educacao\/12\/15\/\" \/>\n<meta property=\"og:locale\" content=\"pt_PT\" \/>\n<meta property=\"og:type\" content=\"article\" \/>\n<meta property=\"og:title\" content=\"\u201cMulheres UAlg\u201d s\u00e3o tema de destaque na revista UALGzine - Algarve 7\" \/>\n<meta property=\"og:description\" content=\"\u201cMulheres UAlg\u201d s\u00e3o tema de destaque na revista UALGzine Educa\u00e7\u00e3o\" \/>\n<meta property=\"og:url\" content=\"https:\/\/algarve7.pt\/index.php\/2023\/01\/mulheres-ualg-sao-tema-de-destaque-na-revista-ualgzine\/educacao\/12\/15\/\" \/>\n<meta property=\"og:site_name\" content=\"Algarve 7\" \/>\n<meta property=\"article:publisher\" content=\"https:\/\/www.facebook.com\/algarve7\" \/>\n<meta property=\"article:author\" content=\"https:\/\/www.facebook.com\/algarve7\" \/>\n<meta property=\"article:published_time\" content=\"2023-01-06T12:15:00+00:00\" \/>\n<meta property=\"og:image\" content=\"https:\/\/algarve7.pt\/wp-content\/uploads\/2023\/01\/primage_65561.jpeg\" \/>\n\t<meta property=\"og:image:width\" content=\"1024\" \/>\n\t<meta property=\"og:image:height\" content=\"576\" \/>\n\t<meta property=\"og:image:type\" content=\"image\/jpeg\" \/>\n<meta name=\"author\" content=\"Algarve 7\" \/>\n<meta name=\"twitter:card\" content=\"summary_large_image\" \/>\n<meta name=\"twitter:creator\" content=\"@Algarvesete\" \/>\n<meta name=\"twitter:site\" content=\"@Algarvesete\" \/>\n<meta name=\"twitter:label1\" content=\"Escrito por\" \/>\n\t<meta name=\"twitter:data1\" content=\"Algarve 7\" \/>\n\t<meta name=\"twitter:label2\" content=\"Tempo estimado de leitura\" \/>\n\t<meta name=\"twitter:data2\" content=\"3 minutos\" \/>\n<script type=\"application\/ld+json\" class=\"yoast-schema-graph\">{\"@context\":\"https:\\\/\\\/schema.org\",\"@graph\":[{\"@type\":\"Article\",\"@id\":\"https:\\\/\\\/algarve7.pt\\\/index.php\\\/2023\\\/01\\\/mulheres-ualg-sao-tema-de-destaque-na-revista-ualgzine\\\/educacao\\\/12\\\/15\\\/#article\",\"isPartOf\":{\"@id\":\"https:\\\/\\\/algarve7.pt\\\/index.php\\\/2023\\\/01\\\/mulheres-ualg-sao-tema-de-destaque-na-revista-ualgzine\\\/educacao\\\/12\\\/15\\\/\"},\"author\":{\"name\":\"Algarve 7\",\"@id\":\"https:\\\/\\\/algarve7.pt\\\/#\\\/schema\\\/person\\\/23fa70681308e7b319a3204bcea45e0c\"},\"headline\":\"\u201cMulheres UAlg\u201d s\u00e3o tema de destaque na revista UALGzine\",\"datePublished\":\"2023-01-06T12:15:00+00:00\",\"mainEntityOfPage\":{\"@id\":\"https:\\\/\\\/algarve7.pt\\\/index.php\\\/2023\\\/01\\\/mulheres-ualg-sao-tema-de-destaque-na-revista-ualgzine\\\/educacao\\\/12\\\/15\\\/\"},\"wordCount\":512,\"publisher\":{\"@id\":\"https:\\\/\\\/algarve7.pt\\\/#organization\"},\"image\":{\"@id\":\"https:\\\/\\\/algarve7.pt\\\/index.php\\\/2023\\\/01\\\/mulheres-ualg-sao-tema-de-destaque-na-revista-ualgzine\\\/educacao\\\/12\\\/15\\\/#primaryimage\"},\"thumbnailUrl\":\"https:\\\/\\\/algarve7.pt\\\/wp-content\\\/uploads\\\/2023\\\/01\\\/primage_65561.jpeg\",\"keywords\":[\"Algarve\",\"Faro\",\"UALG\"],\"articleSection\":[\"Educa\u00e7\u00e3o\"],\"inLanguage\":\"pt-PT\"},{\"@type\":\"WebPage\",\"@id\":\"https:\\\/\\\/algarve7.pt\\\/index.php\\\/2023\\\/01\\\/mulheres-ualg-sao-tema-de-destaque-na-revista-ualgzine\\\/educacao\\\/12\\\/15\\\/\",\"url\":\"https:\\\/\\\/algarve7.pt\\\/index.php\\\/2023\\\/01\\\/mulheres-ualg-sao-tema-de-destaque-na-revista-ualgzine\\\/educacao\\\/12\\\/15\\\/\",\"name\":\"\u201cMulheres UAlg\u201d s\u00e3o tema de destaque na revista UALGzine - Algarve 7\",\"isPartOf\":{\"@id\":\"https:\\\/\\\/algarve7.pt\\\/#website\"},\"primaryImageOfPage\":{\"@id\":\"https:\\\/\\\/algarve7.pt\\\/index.php\\\/2023\\\/01\\\/mulheres-ualg-sao-tema-de-destaque-na-revista-ualgzine\\\/educacao\\\/12\\\/15\\\/#primaryimage\"},\"image\":{\"@id\":\"https:\\\/\\\/algarve7.pt\\\/index.php\\\/2023\\\/01\\\/mulheres-ualg-sao-tema-de-destaque-na-revista-ualgzine\\\/educacao\\\/12\\\/15\\\/#primaryimage\"},\"thumbnailUrl\":\"https:\\\/\\\/algarve7.pt\\\/wp-content\\\/uploads\\\/2023\\\/01\\\/primage_65561.jpeg\",\"datePublished\":\"2023-01-06T12:15:00+00:00\",\"description\":\"\u201cMulheres UAlg\u201d s\u00e3o tema de destaque na revista UALGzine Educa\u00e7\u00e3o\",\"breadcrumb\":{\"@id\":\"https:\\\/\\\/algarve7.pt\\\/index.php\\\/2023\\\/01\\\/mulheres-ualg-sao-tema-de-destaque-na-revista-ualgzine\\\/educacao\\\/12\\\/15\\\/#breadcrumb\"},\"inLanguage\":\"pt-PT\",\"potentialAction\":[{\"@type\":\"ReadAction\",\"target\":[\"https:\\\/\\\/algarve7.pt\\\/index.php\\\/2023\\\/01\\\/mulheres-ualg-sao-tema-de-destaque-na-revista-ualgzine\\\/educacao\\\/12\\\/15\\\/\"]}]},{\"@type\":\"ImageObject\",\"inLanguage\":\"pt-PT\",\"@id\":\"https:\\\/\\\/algarve7.pt\\\/index.php\\\/2023\\\/01\\\/mulheres-ualg-sao-tema-de-destaque-na-revista-ualgzine\\\/educacao\\\/12\\\/15\\\/#primaryimage\",\"url\":\"https:\\\/\\\/algarve7.pt\\\/wp-content\\\/uploads\\\/2023\\\/01\\\/primage_65561.jpeg\",\"contentUrl\":\"https:\\\/\\\/algarve7.pt\\\/wp-content\\\/uploads\\\/2023\\\/01\\\/primage_65561.jpeg\",\"width\":1024,\"height\":576},{\"@type\":\"BreadcrumbList\",\"@id\":\"https:\\\/\\\/algarve7.pt\\\/index.php\\\/2023\\\/01\\\/mulheres-ualg-sao-tema-de-destaque-na-revista-ualgzine\\\/educacao\\\/12\\\/15\\\/#breadcrumb\",\"itemListElement\":[{\"@type\":\"ListItem\",\"position\":1,\"name\":\"In\u00edcio\",\"item\":\"https:\\\/\\\/algarve7.pt\\\/\"},{\"@type\":\"ListItem\",\"position\":2,\"name\":\"\u201cMulheres UAlg\u201d s\u00e3o tema de destaque na revista UALGzine\"}]},{\"@type\":\"WebSite\",\"@id\":\"https:\\\/\\\/algarve7.pt\\\/#website\",\"url\":\"https:\\\/\\\/algarve7.pt\\\/\",\"name\":\"Algarve 7\",\"description\":\"Informa\u00e7\u00e3o sobre o Algarve\",\"publisher\":{\"@id\":\"https:\\\/\\\/algarve7.pt\\\/#organization\"},\"potentialAction\":[{\"@type\":\"SearchAction\",\"target\":{\"@type\":\"EntryPoint\",\"urlTemplate\":\"https:\\\/\\\/algarve7.pt\\\/?s={search_term_string}\"},\"query-input\":{\"@type\":\"PropertyValueSpecification\",\"valueRequired\":true,\"valueName\":\"search_term_string\"}}],\"inLanguage\":\"pt-PT\"},{\"@type\":\"Organization\",\"@id\":\"https:\\\/\\\/algarve7.pt\\\/#organization\",\"name\":\"Algarve 7\",\"url\":\"https:\\\/\\\/algarve7.pt\\\/\",\"logo\":{\"@type\":\"ImageObject\",\"inLanguage\":\"pt-PT\",\"@id\":\"https:\\\/\\\/algarve7.pt\\\/#\\\/schema\\\/logo\\\/image\\\/\",\"url\":\"https:\\\/\\\/algarve7.pt\\\/wp-content\\\/uploads\\\/2020\\\/10\\\/Logo-8.jpg\",\"contentUrl\":\"https:\\\/\\\/algarve7.pt\\\/wp-content\\\/uploads\\\/2020\\\/10\\\/Logo-8.jpg\",\"width\":1680,\"height\":1186,\"caption\":\"Algarve 7\"},\"image\":{\"@id\":\"https:\\\/\\\/algarve7.pt\\\/#\\\/schema\\\/logo\\\/image\\\/\"},\"sameAs\":[\"https:\\\/\\\/www.facebook.com\\\/algarve7\",\"https:\\\/\\\/x.com\\\/Algarvesete\",\"https:\\\/\\\/www.instagram.com\\\/jornalalgarve7\\\/\",\"https:\\\/\\\/www.linkedin.com\\\/company\\\/algarve7\",\"https:\\\/\\\/www.pinterest.pt\\\/geral0939\\\/_created\\\/\"]},{\"@type\":\"Person\",\"@id\":\"https:\\\/\\\/algarve7.pt\\\/#\\\/schema\\\/person\\\/23fa70681308e7b319a3204bcea45e0c\",\"name\":\"Algarve 7\",\"sameAs\":[\"https:\\\/\\\/algarve7.pt\",\"https:\\\/\\\/www.facebook.com\\\/algarve7\"],\"url\":\"https:\\\/\\\/algarve7.pt\\\/index.php\\\/author\\\/geralalgarve7-pt\\\/\"}]}<\/script>\n<!-- \/ Yoast SEO plugin. -->","yoast_head_json":{"title":"\u201cMulheres UAlg\u201d s\u00e3o tema de destaque na revista UALGzine - Algarve 7","description":"\u201cMulheres UAlg\u201d s\u00e3o tema de destaque na revista UALGzine Educa\u00e7\u00e3o","robots":{"index":"index","follow":"follow","max-snippet":"max-snippet:-1","max-image-preview":"max-image-preview:large","max-video-preview":"max-video-preview:-1"},"canonical":"https:\/\/algarve7.pt\/index.php\/2023\/01\/mulheres-ualg-sao-tema-de-destaque-na-revista-ualgzine\/educacao\/12\/15\/","og_locale":"pt_PT","og_type":"article","og_title":"\u201cMulheres UAlg\u201d s\u00e3o tema de destaque na revista UALGzine - Algarve 7","og_description":"\u201cMulheres UAlg\u201d s\u00e3o tema de destaque na revista UALGzine Educa\u00e7\u00e3o","og_url":"https:\/\/algarve7.pt\/index.php\/2023\/01\/mulheres-ualg-sao-tema-de-destaque-na-revista-ualgzine\/educacao\/12\/15\/","og_site_name":"Algarve 7","article_publisher":"https:\/\/www.facebook.com\/algarve7","article_author":"https:\/\/www.facebook.com\/algarve7","article_published_time":"2023-01-06T12:15:00+00:00","og_image":[{"width":1024,"height":576,"url":"https:\/\/algarve7.pt\/wp-content\/uploads\/2023\/01\/primage_65561.jpeg","type":"image\/jpeg"}],"author":"Algarve 7","twitter_card":"summary_large_image","twitter_creator":"@Algarvesete","twitter_site":"@Algarvesete","twitter_misc":{"Escrito por":"Algarve 7","Tempo estimado de leitura":"3 minutos"},"schema":{"@context":"https:\/\/schema.org","@graph":[{"@type":"Article","@id":"https:\/\/algarve7.pt\/index.php\/2023\/01\/mulheres-ualg-sao-tema-de-destaque-na-revista-ualgzine\/educacao\/12\/15\/#article","isPartOf":{"@id":"https:\/\/algarve7.pt\/index.php\/2023\/01\/mulheres-ualg-sao-tema-de-destaque-na-revista-ualgzine\/educacao\/12\/15\/"},"author":{"name":"Algarve 7","@id":"https:\/\/algarve7.pt\/#\/schema\/person\/23fa70681308e7b319a3204bcea45e0c"},"headline":"\u201cMulheres UAlg\u201d s\u00e3o tema de destaque na revista UALGzine","datePublished":"2023-01-06T12:15:00+00:00","mainEntityOfPage":{"@id":"https:\/\/algarve7.pt\/index.php\/2023\/01\/mulheres-ualg-sao-tema-de-destaque-na-revista-ualgzine\/educacao\/12\/15\/"},"wordCount":512,"publisher":{"@id":"https:\/\/algarve7.pt\/#organization"},"image":{"@id":"https:\/\/algarve7.pt\/index.php\/2023\/01\/mulheres-ualg-sao-tema-de-destaque-na-revista-ualgzine\/educacao\/12\/15\/#primaryimage"},"thumbnailUrl":"https:\/\/algarve7.pt\/wp-content\/uploads\/2023\/01\/primage_65561.jpeg","keywords":["Algarve","Faro","UALG"],"articleSection":["Educa\u00e7\u00e3o"],"inLanguage":"pt-PT"},{"@type":"WebPage","@id":"https:\/\/algarve7.pt\/index.php\/2023\/01\/mulheres-ualg-sao-tema-de-destaque-na-revista-ualgzine\/educacao\/12\/15\/","url":"https:\/\/algarve7.pt\/index.php\/2023\/01\/mulheres-ualg-sao-tema-de-destaque-na-revista-ualgzine\/educacao\/12\/15\/","name":"\u201cMulheres UAlg\u201d s\u00e3o tema de destaque na revista UALGzine - Algarve 7","isPartOf":{"@id":"https:\/\/algarve7.pt\/#website"},"primaryImageOfPage":{"@id":"https:\/\/algarve7.pt\/index.php\/2023\/01\/mulheres-ualg-sao-tema-de-destaque-na-revista-ualgzine\/educacao\/12\/15\/#primaryimage"},"image":{"@id":"https:\/\/algarve7.pt\/index.php\/2023\/01\/mulheres-ualg-sao-tema-de-destaque-na-revista-ualgzine\/educacao\/12\/15\/#primaryimage"},"thumbnailUrl":"https:\/\/algarve7.pt\/wp-content\/uploads\/2023\/01\/primage_65561.jpeg","datePublished":"2023-01-06T12:15:00+00:00","description":"\u201cMulheres UAlg\u201d s\u00e3o tema de destaque na revista UALGzine Educa\u00e7\u00e3o","breadcrumb":{"@id":"https:\/\/algarve7.pt\/index.php\/2023\/01\/mulheres-ualg-sao-tema-de-destaque-na-revista-ualgzine\/educacao\/12\/15\/#breadcrumb"},"inLanguage":"pt-PT","potentialAction":[{"@type":"ReadAction","target":["https:\/\/algarve7.pt\/index.php\/2023\/01\/mulheres-ualg-sao-tema-de-destaque-na-revista-ualgzine\/educacao\/12\/15\/"]}]},{"@type":"ImageObject","inLanguage":"pt-PT","@id":"https:\/\/algarve7.pt\/index.php\/2023\/01\/mulheres-ualg-sao-tema-de-destaque-na-revista-ualgzine\/educacao\/12\/15\/#primaryimage","url":"https:\/\/algarve7.pt\/wp-content\/uploads\/2023\/01\/primage_65561.jpeg","contentUrl":"https:\/\/algarve7.pt\/wp-content\/uploads\/2023\/01\/primage_65561.jpeg","width":1024,"height":576},{"@type":"BreadcrumbList","@id":"https:\/\/algarve7.pt\/index.php\/2023\/01\/mulheres-ualg-sao-tema-de-destaque-na-revista-ualgzine\/educacao\/12\/15\/#breadcrumb","itemListElement":[{"@type":"ListItem","position":1,"name":"In\u00edcio","item":"https:\/\/algarve7.pt\/"},{"@type":"ListItem","position":2,"name":"\u201cMulheres UAlg\u201d s\u00e3o tema de destaque na revista UALGzine"}]},{"@type":"WebSite","@id":"https:\/\/algarve7.pt\/#website","url":"https:\/\/algarve7.pt\/","name":"Algarve 7","description":"Informa\u00e7\u00e3o sobre o Algarve","publisher":{"@id":"https:\/\/algarve7.pt\/#organization"},"potentialAction":[{"@type":"SearchAction","target":{"@type":"EntryPoint","urlTemplate":"https:\/\/algarve7.pt\/?s={search_term_string}"},"query-input":{"@type":"PropertyValueSpecification","valueRequired":true,"valueName":"search_term_string"}}],"inLanguage":"pt-PT"},{"@type":"Organization","@id":"https:\/\/algarve7.pt\/#organization","name":"Algarve 7","url":"https:\/\/algarve7.pt\/","logo":{"@type":"ImageObject","inLanguage":"pt-PT","@id":"https:\/\/algarve7.pt\/#\/schema\/logo\/image\/","url":"https:\/\/algarve7.pt\/wp-content\/uploads\/2020\/10\/Logo-8.jpg","contentUrl":"https:\/\/algarve7.pt\/wp-content\/uploads\/2020\/10\/Logo-8.jpg","width":1680,"height":1186,"caption":"Algarve 7"},"image":{"@id":"https:\/\/algarve7.pt\/#\/schema\/logo\/image\/"},"sameAs":["https:\/\/www.facebook.com\/algarve7","https:\/\/x.com\/Algarvesete","https:\/\/www.instagram.com\/jornalalgarve7\/","https:\/\/www.linkedin.com\/company\/algarve7","https:\/\/www.pinterest.pt\/geral0939\/_created\/"]},{"@type":"Person","@id":"https:\/\/algarve7.pt\/#\/schema\/person\/23fa70681308e7b319a3204bcea45e0c","name":"Algarve 7","sameAs":["https:\/\/algarve7.pt","https:\/\/www.facebook.com\/algarve7"],"url":"https:\/\/algarve7.pt\/index.php\/author\/geralalgarve7-pt\/"}]}},"jetpack_publicize_connections":[],"jetpack_featured_media_url":"https:\/\/algarve7.pt\/wp-content\/uploads\/2023\/01\/primage_65561.jpeg","jetpack_shortlink":"https:\/\/wp.me\/pcezmW-6po","jetpack_sharing_enabled":true,"_links":{"self":[{"href":"https:\/\/algarve7.pt\/index.php\/wp-json\/wp\/v2\/posts\/24638","targetHints":{"allow":["GET"]}}],"collection":[{"href":"https:\/\/algarve7.pt\/index.php\/wp-json\/wp\/v2\/posts"}],"about":[{"href":"https:\/\/algarve7.pt\/index.php\/wp-json\/wp\/v2\/types\/post"}],"author":[{"embeddable":true,"href":"https:\/\/algarve7.pt\/index.php\/wp-json\/wp\/v2\/users\/1"}],"replies":[{"embeddable":true,"href":"https:\/\/algarve7.pt\/index.php\/wp-json\/wp\/v2\/comments?post=24638"}],"version-history":[{"count":0,"href":"https:\/\/algarve7.pt\/index.php\/wp-json\/wp\/v2\/posts\/24638\/revisions"}],"wp:featuredmedia":[{"embeddable":true,"href":"https:\/\/algarve7.pt\/index.php\/wp-json\/wp\/v2\/media\/24639"}],"wp:attachment":[{"href":"https:\/\/algarve7.pt\/index.php\/wp-json\/wp\/v2\/media?parent=24638"}],"wp:term":[{"taxonomy":"category","embeddable":true,"href":"https:\/\/algarve7.pt\/index.php\/wp-json\/wp\/v2\/categories?post=24638"},{"taxonomy":"post_tag","embeddable":true,"href":"https:\/\/algarve7.pt\/index.php\/wp-json\/wp\/v2\/tags?post=24638"}],"curies":[{"name":"wp","href":"https:\/\/api.w.org\/{rel}","templated":true}]}}