{"id":24527,"date":"2023-01-02T09:59:27","date_gmt":"2023-01-02T09:59:27","guid":{"rendered":"https:\/\/algarve7.pt\/?p=24527"},"modified":"2023-01-02T09:59:29","modified_gmt":"2023-01-02T09:59:29","slug":"programa-regional-do-algarve-alavanca-investimento-superior-a-8-milhoes-de-euros-na-requalificacao-e-reabilitacao-de-escolas","status":"publish","type":"post","link":"https:\/\/algarve7.pt\/index.php\/2023\/01\/programa-regional-do-algarve-alavanca-investimento-superior-a-8-milhoes-de-euros-na-requalificacao-e-reabilitacao-de-escolas\/economia\/09\/59\/","title":{"rendered":"Programa Regional do Algarve alavanca investimento superior a 8 milh\u00f5es de euros na Requalifica\u00e7\u00e3o e Reabilita\u00e7\u00e3o de Escolas"},"content":{"rendered":"\n<p>A Autoridade de Gest\u00e3o do Programa Regional do Algarve apresentou no final do ano, o primeiro aviso para apresenta\u00e7\u00e3o de candidaturas (AAC) no \u00e2mbito do Acordo de Parceria PORTUGAL 2030, que visa financiar infraestruturas escolares, por parte dos Munic\u00edpios da Regi\u00e3o.<\/p>\n\n\n\n<p>Este aviso \u00e9 publicado ao abrigo do Mecanismo Extraordin\u00e1rio de Antecipa\u00e7\u00e3o do PORTUGAL 2030, especialmente dedicado a candidaturas para medidas de pol\u00edtica com impacte relevante na <strong>melhoria da coes\u00e3o social e territorial e da competitividade<\/strong>, nos termos do regime normativo em vigor constante do Portugal 2020, para posterior integra\u00e7\u00e3o nos Programas do PORTUGAL 2030.<\/p>\n\n\n\n<p>Por outro lado, no quadro da transfer\u00eancia de compet\u00eancias da Administra\u00e7\u00e3o Central para as Autarquias Locais e para as Entidades Intermuunicipais previsto na Lei n.\u00ba 50\/2018, de 16 de agosto, o Governo assumiu o compromisso de realizar investimentos de requalifica\u00e7\u00e3o\/reabilita\u00e7\u00e3o de um conjunto de escolas cuja propriedade foi transferida para os Munic\u00edpios, criando para o efeito o <strong>Programa de Requalifica\u00e7\u00e3o\/Reabilita\u00e7\u00e3o de Escolas<\/strong>, no \u00e2mbito do <u>acordo setorial estabelecido com a Associa\u00e7\u00e3o Nacional de Munic\u00edpios Portugueses (ANMP)<\/u>, celebrado em 22 de julho de 2022.<\/p>\n\n\n\n<p>O montante do Fundo Europeu de Desenvolvimento Regional (FEDER) dispon\u00edvel para estas interven\u00e7\u00f5es \u00e9 de cinco milh\u00f5es de euros, sendo a parte nacional assumida pelo Minist\u00e9rio das Finan\u00e7as. A taxa de comparticipa\u00e7\u00e3o das opera\u00e7\u00f5es aprovadas ser\u00e1 de 60%, permitindo um conjunto de investimentos superior a oito milh\u00f5es de euros. As candidaturas podem ser apresentadas at\u00e9 2 de maio.<\/p>\n\n\n\n<p>No \u00e2mbito do Programa Regional do Algarve \u2013 CRESC ALGARVE 2020 foram investidos mais de trinta milh\u00f5es de euros na moderniza\u00e7\u00e3o do parque escolar da Regi\u00e3o, dos quais 27,2 milh\u00f5es de euros foram considerados como investimento eleg\u00edvel e beneficiaram de 19,8 milh\u00f5es de euros de apoios do FEDER, pagos atrav\u00e9s dos Fundos Europeus geridos no Algarve.<\/p>\n","protected":false},"excerpt":{"rendered":"<p>A Autoridade de Gest\u00e3o do Programa Regional do Algarve apresentou no final do ano, o primeiro aviso para apresenta\u00e7\u00e3o de<\/p>\n","protected":false},"author":1,"featured_media":24529,"comment_status":"closed","ping_status":"open","sticky":false,"template":"","format":"standard","meta":{"colormag_page_container_layout":"default_layout","colormag_page_sidebar_layout":"default_layout","_monsterinsights_skip_tracking":false,"_monsterinsights_sitenote_active":false,"_monsterinsights_sitenote_note":"","_monsterinsights_sitenote_category":0,"jetpack_post_was_ever_published":false,"_jetpack_newsletter_access":"","_jetpack_dont_email_post_to_subs":false,"_jetpack_newsletter_tier_id":0,"_jetpack_memberships_contains_paywalled_content":false,"_jetpack_memberships_contains_paid_content":false,"footnotes":"","jetpack_publicize_message":"","jetpack_publicize_feature_enabled":true,"jetpack_social_post_already_shared":true,"jetpack_social_options":{"image_generator_settings":{"template":"highway","default_image_id":0,"font":"","enabled":false},"version":2}},"categories":[151],"tags":[36,143,153,138],"class_list":["post-24527","post","type-post","status-publish","format-standard","has-post-thumbnail","hentry","category-economia","tag-algarve","tag-ccdr-algarve","tag-economia","tag-escola"],"yoast_head":"<!-- This site is optimized with the Yoast SEO plugin v27.5 - https:\/\/yoast.com\/product\/yoast-seo-wordpress\/ -->\n<title>Programa Regional do Algarve alavanca investimento superior a 8 milh\u00f5es de euros na Requalifica\u00e7\u00e3o e Reabilita\u00e7\u00e3o de Escolas - Algarve 7<\/title>\n<meta name=\"description\" content=\"Programa Regional do Algarve alavanca investimento superior a 8 milh\u00f5es de euros na Requalifica\u00e7\u00e3o e Reabilita\u00e7\u00e3o de Escolas Economia\" \/>\n<meta name=\"robots\" content=\"index, follow, max-snippet:-1, max-image-preview:large, max-video-preview:-1\" \/>\n<link rel=\"canonical\" href=\"https:\/\/algarve7.pt\/index.php\/2023\/01\/programa-regional-do-algarve-alavanca-investimento-superior-a-8-milhoes-de-euros-na-requalificacao-e-reabilitacao-de-escolas\/economia\/09\/59\/\" \/>\n<meta property=\"og:locale\" content=\"pt_PT\" \/>\n<meta property=\"og:type\" content=\"article\" \/>\n<meta property=\"og:title\" content=\"Programa Regional do Algarve alavanca investimento superior a 8 milh\u00f5es de euros na Requalifica\u00e7\u00e3o e Reabilita\u00e7\u00e3o de Escolas - Algarve 7\" \/>\n<meta property=\"og:description\" content=\"Programa Regional do Algarve alavanca investimento superior a 8 milh\u00f5es de euros na Requalifica\u00e7\u00e3o e Reabilita\u00e7\u00e3o de Escolas Economia\" \/>\n<meta property=\"og:url\" content=\"https:\/\/algarve7.pt\/index.php\/2023\/01\/programa-regional-do-algarve-alavanca-investimento-superior-a-8-milhoes-de-euros-na-requalificacao-e-reabilitacao-de-escolas\/economia\/09\/59\/\" \/>\n<meta property=\"og:site_name\" content=\"Algarve 7\" \/>\n<meta property=\"article:publisher\" content=\"https:\/\/www.facebook.com\/algarve7\" \/>\n<meta property=\"article:author\" content=\"https:\/\/www.facebook.com\/algarve7\" \/>\n<meta property=\"article:published_time\" content=\"2023-01-02T09:59:27+00:00\" \/>\n<meta property=\"article:modified_time\" content=\"2023-01-02T09:59:29+00:00\" \/>\n<meta property=\"og:image\" content=\"https:\/\/algarve7.pt\/wp-content\/uploads\/2023\/01\/Captura-de-ecra-2023-01-02-as-09.58.34.png\" \/>\n\t<meta property=\"og:image:width\" content=\"1024\" \/>\n\t<meta property=\"og:image:height\" content=\"607\" \/>\n\t<meta property=\"og:image:type\" content=\"image\/png\" \/>\n<meta name=\"author\" content=\"Algarve 7\" \/>\n<meta name=\"twitter:card\" content=\"summary_large_image\" \/>\n<meta name=\"twitter:creator\" content=\"@Algarvesete\" \/>\n<meta name=\"twitter:site\" content=\"@Algarvesete\" \/>\n<meta name=\"twitter:label1\" content=\"Escrito por\" \/>\n\t<meta name=\"twitter:data1\" content=\"Algarve 7\" \/>\n\t<meta name=\"twitter:label2\" content=\"Tempo estimado de leitura\" \/>\n\t<meta name=\"twitter:data2\" content=\"2 minutos\" \/>\n<script type=\"application\/ld+json\" class=\"yoast-schema-graph\">{\"@context\":\"https:\\\/\\\/schema.org\",\"@graph\":[{\"@type\":\"Article\",\"@id\":\"https:\\\/\\\/algarve7.pt\\\/index.php\\\/2023\\\/01\\\/programa-regional-do-algarve-alavanca-investimento-superior-a-8-milhoes-de-euros-na-requalificacao-e-reabilitacao-de-escolas\\\/economia\\\/09\\\/59\\\/#article\",\"isPartOf\":{\"@id\":\"https:\\\/\\\/algarve7.pt\\\/index.php\\\/2023\\\/01\\\/programa-regional-do-algarve-alavanca-investimento-superior-a-8-milhoes-de-euros-na-requalificacao-e-reabilitacao-de-escolas\\\/economia\\\/09\\\/59\\\/\"},\"author\":{\"name\":\"Algarve 7\",\"@id\":\"https:\\\/\\\/algarve7.pt\\\/#\\\/schema\\\/person\\\/23fa70681308e7b319a3204bcea45e0c\"},\"headline\":\"Programa Regional do Algarve alavanca investimento superior a 8 milh\u00f5es de euros na Requalifica\u00e7\u00e3o e Reabilita\u00e7\u00e3o de Escolas\",\"datePublished\":\"2023-01-02T09:59:27+00:00\",\"dateModified\":\"2023-01-02T09:59:29+00:00\",\"mainEntityOfPage\":{\"@id\":\"https:\\\/\\\/algarve7.pt\\\/index.php\\\/2023\\\/01\\\/programa-regional-do-algarve-alavanca-investimento-superior-a-8-milhoes-de-euros-na-requalificacao-e-reabilitacao-de-escolas\\\/economia\\\/09\\\/59\\\/\"},\"wordCount\":332,\"publisher\":{\"@id\":\"https:\\\/\\\/algarve7.pt\\\/#organization\"},\"image\":{\"@id\":\"https:\\\/\\\/algarve7.pt\\\/index.php\\\/2023\\\/01\\\/programa-regional-do-algarve-alavanca-investimento-superior-a-8-milhoes-de-euros-na-requalificacao-e-reabilitacao-de-escolas\\\/economia\\\/09\\\/59\\\/#primaryimage\"},\"thumbnailUrl\":\"https:\\\/\\\/algarve7.pt\\\/wp-content\\\/uploads\\\/2023\\\/01\\\/Captura-de-ecra-2023-01-02-as-09.58.34.png\",\"keywords\":[\"Algarve\",\"CCDR Algarve\",\"Economia\",\"Escola\"],\"articleSection\":[\"Economia\"],\"inLanguage\":\"pt-PT\"},{\"@type\":\"WebPage\",\"@id\":\"https:\\\/\\\/algarve7.pt\\\/index.php\\\/2023\\\/01\\\/programa-regional-do-algarve-alavanca-investimento-superior-a-8-milhoes-de-euros-na-requalificacao-e-reabilitacao-de-escolas\\\/economia\\\/09\\\/59\\\/\",\"url\":\"https:\\\/\\\/algarve7.pt\\\/index.php\\\/2023\\\/01\\\/programa-regional-do-algarve-alavanca-investimento-superior-a-8-milhoes-de-euros-na-requalificacao-e-reabilitacao-de-escolas\\\/economia\\\/09\\\/59\\\/\",\"name\":\"Programa Regional do Algarve alavanca investimento superior a 8 milh\u00f5es de euros na Requalifica\u00e7\u00e3o e Reabilita\u00e7\u00e3o de Escolas - Algarve 7\",\"isPartOf\":{\"@id\":\"https:\\\/\\\/algarve7.pt\\\/#website\"},\"primaryImageOfPage\":{\"@id\":\"https:\\\/\\\/algarve7.pt\\\/index.php\\\/2023\\\/01\\\/programa-regional-do-algarve-alavanca-investimento-superior-a-8-milhoes-de-euros-na-requalificacao-e-reabilitacao-de-escolas\\\/economia\\\/09\\\/59\\\/#primaryimage\"},\"image\":{\"@id\":\"https:\\\/\\\/algarve7.pt\\\/index.php\\\/2023\\\/01\\\/programa-regional-do-algarve-alavanca-investimento-superior-a-8-milhoes-de-euros-na-requalificacao-e-reabilitacao-de-escolas\\\/economia\\\/09\\\/59\\\/#primaryimage\"},\"thumbnailUrl\":\"https:\\\/\\\/algarve7.pt\\\/wp-content\\\/uploads\\\/2023\\\/01\\\/Captura-de-ecra-2023-01-02-as-09.58.34.png\",\"datePublished\":\"2023-01-02T09:59:27+00:00\",\"dateModified\":\"2023-01-02T09:59:29+00:00\",\"description\":\"Programa Regional do Algarve alavanca investimento superior a 8 milh\u00f5es de euros na Requalifica\u00e7\u00e3o e Reabilita\u00e7\u00e3o de Escolas Economia\",\"breadcrumb\":{\"@id\":\"https:\\\/\\\/algarve7.pt\\\/index.php\\\/2023\\\/01\\\/programa-regional-do-algarve-alavanca-investimento-superior-a-8-milhoes-de-euros-na-requalificacao-e-reabilitacao-de-escolas\\\/economia\\\/09\\\/59\\\/#breadcrumb\"},\"inLanguage\":\"pt-PT\",\"potentialAction\":[{\"@type\":\"ReadAction\",\"target\":[\"https:\\\/\\\/algarve7.pt\\\/index.php\\\/2023\\\/01\\\/programa-regional-do-algarve-alavanca-investimento-superior-a-8-milhoes-de-euros-na-requalificacao-e-reabilitacao-de-escolas\\\/economia\\\/09\\\/59\\\/\"]}]},{\"@type\":\"ImageObject\",\"inLanguage\":\"pt-PT\",\"@id\":\"https:\\\/\\\/algarve7.pt\\\/index.php\\\/2023\\\/01\\\/programa-regional-do-algarve-alavanca-investimento-superior-a-8-milhoes-de-euros-na-requalificacao-e-reabilitacao-de-escolas\\\/economia\\\/09\\\/59\\\/#primaryimage\",\"url\":\"https:\\\/\\\/algarve7.pt\\\/wp-content\\\/uploads\\\/2023\\\/01\\\/Captura-de-ecra-2023-01-02-as-09.58.34.png\",\"contentUrl\":\"https:\\\/\\\/algarve7.pt\\\/wp-content\\\/uploads\\\/2023\\\/01\\\/Captura-de-ecra-2023-01-02-as-09.58.34.png\",\"width\":1024,\"height\":607},{\"@type\":\"BreadcrumbList\",\"@id\":\"https:\\\/\\\/algarve7.pt\\\/index.php\\\/2023\\\/01\\\/programa-regional-do-algarve-alavanca-investimento-superior-a-8-milhoes-de-euros-na-requalificacao-e-reabilitacao-de-escolas\\\/economia\\\/09\\\/59\\\/#breadcrumb\",\"itemListElement\":[{\"@type\":\"ListItem\",\"position\":1,\"name\":\"In\u00edcio\",\"item\":\"https:\\\/\\\/algarve7.pt\\\/\"},{\"@type\":\"ListItem\",\"position\":2,\"name\":\"Programa Regional do Algarve alavanca investimento superior a 8 milh\u00f5es de euros na Requalifica\u00e7\u00e3o e Reabilita\u00e7\u00e3o de Escolas\"}]},{\"@type\":\"WebSite\",\"@id\":\"https:\\\/\\\/algarve7.pt\\\/#website\",\"url\":\"https:\\\/\\\/algarve7.pt\\\/\",\"name\":\"Algarve 7\",\"description\":\"Informa\u00e7\u00e3o sobre o Algarve\",\"publisher\":{\"@id\":\"https:\\\/\\\/algarve7.pt\\\/#organization\"},\"potentialAction\":[{\"@type\":\"SearchAction\",\"target\":{\"@type\":\"EntryPoint\",\"urlTemplate\":\"https:\\\/\\\/algarve7.pt\\\/?s={search_term_string}\"},\"query-input\":{\"@type\":\"PropertyValueSpecification\",\"valueRequired\":true,\"valueName\":\"search_term_string\"}}],\"inLanguage\":\"pt-PT\"},{\"@type\":\"Organization\",\"@id\":\"https:\\\/\\\/algarve7.pt\\\/#organization\",\"name\":\"Algarve 7\",\"url\":\"https:\\\/\\\/algarve7.pt\\\/\",\"logo\":{\"@type\":\"ImageObject\",\"inLanguage\":\"pt-PT\",\"@id\":\"https:\\\/\\\/algarve7.pt\\\/#\\\/schema\\\/logo\\\/image\\\/\",\"url\":\"https:\\\/\\\/algarve7.pt\\\/wp-content\\\/uploads\\\/2020\\\/10\\\/Logo-8.jpg\",\"contentUrl\":\"https:\\\/\\\/algarve7.pt\\\/wp-content\\\/uploads\\\/2020\\\/10\\\/Logo-8.jpg\",\"width\":1680,\"height\":1186,\"caption\":\"Algarve 7\"},\"image\":{\"@id\":\"https:\\\/\\\/algarve7.pt\\\/#\\\/schema\\\/logo\\\/image\\\/\"},\"sameAs\":[\"https:\\\/\\\/www.facebook.com\\\/algarve7\",\"https:\\\/\\\/x.com\\\/Algarvesete\",\"https:\\\/\\\/www.instagram.com\\\/jornalalgarve7\\\/\",\"https:\\\/\\\/www.linkedin.com\\\/company\\\/algarve7\",\"https:\\\/\\\/www.pinterest.pt\\\/geral0939\\\/_created\\\/\"]},{\"@type\":\"Person\",\"@id\":\"https:\\\/\\\/algarve7.pt\\\/#\\\/schema\\\/person\\\/23fa70681308e7b319a3204bcea45e0c\",\"name\":\"Algarve 7\",\"sameAs\":[\"https:\\\/\\\/algarve7.pt\",\"https:\\\/\\\/www.facebook.com\\\/algarve7\"],\"url\":\"https:\\\/\\\/algarve7.pt\\\/index.php\\\/author\\\/geralalgarve7-pt\\\/\"}]}<\/script>\n<!-- \/ Yoast SEO plugin. -->","yoast_head_json":{"title":"Programa Regional do Algarve alavanca investimento superior a 8 milh\u00f5es de euros na Requalifica\u00e7\u00e3o e Reabilita\u00e7\u00e3o de Escolas - Algarve 7","description":"Programa Regional do Algarve alavanca investimento superior a 8 milh\u00f5es de euros na Requalifica\u00e7\u00e3o e Reabilita\u00e7\u00e3o de Escolas Economia","robots":{"index":"index","follow":"follow","max-snippet":"max-snippet:-1","max-image-preview":"max-image-preview:large","max-video-preview":"max-video-preview:-1"},"canonical":"https:\/\/algarve7.pt\/index.php\/2023\/01\/programa-regional-do-algarve-alavanca-investimento-superior-a-8-milhoes-de-euros-na-requalificacao-e-reabilitacao-de-escolas\/economia\/09\/59\/","og_locale":"pt_PT","og_type":"article","og_title":"Programa Regional do Algarve alavanca investimento superior a 8 milh\u00f5es de euros na Requalifica\u00e7\u00e3o e Reabilita\u00e7\u00e3o de Escolas - Algarve 7","og_description":"Programa Regional do Algarve alavanca investimento superior a 8 milh\u00f5es de euros na Requalifica\u00e7\u00e3o e Reabilita\u00e7\u00e3o de Escolas Economia","og_url":"https:\/\/algarve7.pt\/index.php\/2023\/01\/programa-regional-do-algarve-alavanca-investimento-superior-a-8-milhoes-de-euros-na-requalificacao-e-reabilitacao-de-escolas\/economia\/09\/59\/","og_site_name":"Algarve 7","article_publisher":"https:\/\/www.facebook.com\/algarve7","article_author":"https:\/\/www.facebook.com\/algarve7","article_published_time":"2023-01-02T09:59:27+00:00","article_modified_time":"2023-01-02T09:59:29+00:00","og_image":[{"width":1024,"height":607,"url":"https:\/\/algarve7.pt\/wp-content\/uploads\/2023\/01\/Captura-de-ecra-2023-01-02-as-09.58.34.png","type":"image\/png"}],"author":"Algarve 7","twitter_card":"summary_large_image","twitter_creator":"@Algarvesete","twitter_site":"@Algarvesete","twitter_misc":{"Escrito por":"Algarve 7","Tempo estimado de leitura":"2 minutos"},"schema":{"@context":"https:\/\/schema.org","@graph":[{"@type":"Article","@id":"https:\/\/algarve7.pt\/index.php\/2023\/01\/programa-regional-do-algarve-alavanca-investimento-superior-a-8-milhoes-de-euros-na-requalificacao-e-reabilitacao-de-escolas\/economia\/09\/59\/#article","isPartOf":{"@id":"https:\/\/algarve7.pt\/index.php\/2023\/01\/programa-regional-do-algarve-alavanca-investimento-superior-a-8-milhoes-de-euros-na-requalificacao-e-reabilitacao-de-escolas\/economia\/09\/59\/"},"author":{"name":"Algarve 7","@id":"https:\/\/algarve7.pt\/#\/schema\/person\/23fa70681308e7b319a3204bcea45e0c"},"headline":"Programa Regional do Algarve alavanca investimento superior a 8 milh\u00f5es de euros na Requalifica\u00e7\u00e3o e Reabilita\u00e7\u00e3o de Escolas","datePublished":"2023-01-02T09:59:27+00:00","dateModified":"2023-01-02T09:59:29+00:00","mainEntityOfPage":{"@id":"https:\/\/algarve7.pt\/index.php\/2023\/01\/programa-regional-do-algarve-alavanca-investimento-superior-a-8-milhoes-de-euros-na-requalificacao-e-reabilitacao-de-escolas\/economia\/09\/59\/"},"wordCount":332,"publisher":{"@id":"https:\/\/algarve7.pt\/#organization"},"image":{"@id":"https:\/\/algarve7.pt\/index.php\/2023\/01\/programa-regional-do-algarve-alavanca-investimento-superior-a-8-milhoes-de-euros-na-requalificacao-e-reabilitacao-de-escolas\/economia\/09\/59\/#primaryimage"},"thumbnailUrl":"https:\/\/algarve7.pt\/wp-content\/uploads\/2023\/01\/Captura-de-ecra-2023-01-02-as-09.58.34.png","keywords":["Algarve","CCDR Algarve","Economia","Escola"],"articleSection":["Economia"],"inLanguage":"pt-PT"},{"@type":"WebPage","@id":"https:\/\/algarve7.pt\/index.php\/2023\/01\/programa-regional-do-algarve-alavanca-investimento-superior-a-8-milhoes-de-euros-na-requalificacao-e-reabilitacao-de-escolas\/economia\/09\/59\/","url":"https:\/\/algarve7.pt\/index.php\/2023\/01\/programa-regional-do-algarve-alavanca-investimento-superior-a-8-milhoes-de-euros-na-requalificacao-e-reabilitacao-de-escolas\/economia\/09\/59\/","name":"Programa Regional do Algarve alavanca investimento superior a 8 milh\u00f5es de euros na Requalifica\u00e7\u00e3o e Reabilita\u00e7\u00e3o de Escolas - Algarve 7","isPartOf":{"@id":"https:\/\/algarve7.pt\/#website"},"primaryImageOfPage":{"@id":"https:\/\/algarve7.pt\/index.php\/2023\/01\/programa-regional-do-algarve-alavanca-investimento-superior-a-8-milhoes-de-euros-na-requalificacao-e-reabilitacao-de-escolas\/economia\/09\/59\/#primaryimage"},"image":{"@id":"https:\/\/algarve7.pt\/index.php\/2023\/01\/programa-regional-do-algarve-alavanca-investimento-superior-a-8-milhoes-de-euros-na-requalificacao-e-reabilitacao-de-escolas\/economia\/09\/59\/#primaryimage"},"thumbnailUrl":"https:\/\/algarve7.pt\/wp-content\/uploads\/2023\/01\/Captura-de-ecra-2023-01-02-as-09.58.34.png","datePublished":"2023-01-02T09:59:27+00:00","dateModified":"2023-01-02T09:59:29+00:00","description":"Programa Regional do Algarve alavanca investimento superior a 8 milh\u00f5es de euros na Requalifica\u00e7\u00e3o e Reabilita\u00e7\u00e3o de Escolas Economia","breadcrumb":{"@id":"https:\/\/algarve7.pt\/index.php\/2023\/01\/programa-regional-do-algarve-alavanca-investimento-superior-a-8-milhoes-de-euros-na-requalificacao-e-reabilitacao-de-escolas\/economia\/09\/59\/#breadcrumb"},"inLanguage":"pt-PT","potentialAction":[{"@type":"ReadAction","target":["https:\/\/algarve7.pt\/index.php\/2023\/01\/programa-regional-do-algarve-alavanca-investimento-superior-a-8-milhoes-de-euros-na-requalificacao-e-reabilitacao-de-escolas\/economia\/09\/59\/"]}]},{"@type":"ImageObject","inLanguage":"pt-PT","@id":"https:\/\/algarve7.pt\/index.php\/2023\/01\/programa-regional-do-algarve-alavanca-investimento-superior-a-8-milhoes-de-euros-na-requalificacao-e-reabilitacao-de-escolas\/economia\/09\/59\/#primaryimage","url":"https:\/\/algarve7.pt\/wp-content\/uploads\/2023\/01\/Captura-de-ecra-2023-01-02-as-09.58.34.png","contentUrl":"https:\/\/algarve7.pt\/wp-content\/uploads\/2023\/01\/Captura-de-ecra-2023-01-02-as-09.58.34.png","width":1024,"height":607},{"@type":"BreadcrumbList","@id":"https:\/\/algarve7.pt\/index.php\/2023\/01\/programa-regional-do-algarve-alavanca-investimento-superior-a-8-milhoes-de-euros-na-requalificacao-e-reabilitacao-de-escolas\/economia\/09\/59\/#breadcrumb","itemListElement":[{"@type":"ListItem","position":1,"name":"In\u00edcio","item":"https:\/\/algarve7.pt\/"},{"@type":"ListItem","position":2,"name":"Programa Regional do Algarve alavanca investimento superior a 8 milh\u00f5es de euros na Requalifica\u00e7\u00e3o e Reabilita\u00e7\u00e3o de Escolas"}]},{"@type":"WebSite","@id":"https:\/\/algarve7.pt\/#website","url":"https:\/\/algarve7.pt\/","name":"Algarve 7","description":"Informa\u00e7\u00e3o sobre o Algarve","publisher":{"@id":"https:\/\/algarve7.pt\/#organization"},"potentialAction":[{"@type":"SearchAction","target":{"@type":"EntryPoint","urlTemplate":"https:\/\/algarve7.pt\/?s={search_term_string}"},"query-input":{"@type":"PropertyValueSpecification","valueRequired":true,"valueName":"search_term_string"}}],"inLanguage":"pt-PT"},{"@type":"Organization","@id":"https:\/\/algarve7.pt\/#organization","name":"Algarve 7","url":"https:\/\/algarve7.pt\/","logo":{"@type":"ImageObject","inLanguage":"pt-PT","@id":"https:\/\/algarve7.pt\/#\/schema\/logo\/image\/","url":"https:\/\/algarve7.pt\/wp-content\/uploads\/2020\/10\/Logo-8.jpg","contentUrl":"https:\/\/algarve7.pt\/wp-content\/uploads\/2020\/10\/Logo-8.jpg","width":1680,"height":1186,"caption":"Algarve 7"},"image":{"@id":"https:\/\/algarve7.pt\/#\/schema\/logo\/image\/"},"sameAs":["https:\/\/www.facebook.com\/algarve7","https:\/\/x.com\/Algarvesete","https:\/\/www.instagram.com\/jornalalgarve7\/","https:\/\/www.linkedin.com\/company\/algarve7","https:\/\/www.pinterest.pt\/geral0939\/_created\/"]},{"@type":"Person","@id":"https:\/\/algarve7.pt\/#\/schema\/person\/23fa70681308e7b319a3204bcea45e0c","name":"Algarve 7","sameAs":["https:\/\/algarve7.pt","https:\/\/www.facebook.com\/algarve7"],"url":"https:\/\/algarve7.pt\/index.php\/author\/geralalgarve7-pt\/"}]}},"jetpack_publicize_connections":[],"jetpack_featured_media_url":"https:\/\/algarve7.pt\/wp-content\/uploads\/2023\/01\/Captura-de-ecra-2023-01-02-as-09.58.34.png","jetpack_shortlink":"https:\/\/wp.me\/pcezmW-6nB","jetpack_sharing_enabled":true,"_links":{"self":[{"href":"https:\/\/algarve7.pt\/index.php\/wp-json\/wp\/v2\/posts\/24527","targetHints":{"allow":["GET"]}}],"collection":[{"href":"https:\/\/algarve7.pt\/index.php\/wp-json\/wp\/v2\/posts"}],"about":[{"href":"https:\/\/algarve7.pt\/index.php\/wp-json\/wp\/v2\/types\/post"}],"author":[{"embeddable":true,"href":"https:\/\/algarve7.pt\/index.php\/wp-json\/wp\/v2\/users\/1"}],"replies":[{"embeddable":true,"href":"https:\/\/algarve7.pt\/index.php\/wp-json\/wp\/v2\/comments?post=24527"}],"version-history":[{"count":0,"href":"https:\/\/algarve7.pt\/index.php\/wp-json\/wp\/v2\/posts\/24527\/revisions"}],"wp:featuredmedia":[{"embeddable":true,"href":"https:\/\/algarve7.pt\/index.php\/wp-json\/wp\/v2\/media\/24529"}],"wp:attachment":[{"href":"https:\/\/algarve7.pt\/index.php\/wp-json\/wp\/v2\/media?parent=24527"}],"wp:term":[{"taxonomy":"category","embeddable":true,"href":"https:\/\/algarve7.pt\/index.php\/wp-json\/wp\/v2\/categories?post=24527"},{"taxonomy":"post_tag","embeddable":true,"href":"https:\/\/algarve7.pt\/index.php\/wp-json\/wp\/v2\/tags?post=24527"}],"curies":[{"name":"wp","href":"https:\/\/api.w.org\/{rel}","templated":true}]}}