{"id":24504,"date":"2022-12-30T08:35:59","date_gmt":"2022-12-30T08:35:59","guid":{"rendered":"https:\/\/algarve7.pt\/?p=24504"},"modified":"2022-12-30T08:36:01","modified_gmt":"2022-12-30T08:36:01","slug":"faro-tem-mais-um-parque-canino","status":"publish","type":"post","link":"https:\/\/algarve7.pt\/index.php\/2022\/12\/faro-tem-mais-um-parque-canino\/atualidade\/08\/35\/","title":{"rendered":"Faro tem mais um Parque Canino"},"content":{"rendered":"\n<p>Dado o sucesso do Parque Canino instalado, em 2019, no Alto de Santo Ant\u00f3nio, na Rua de Berlim, a Uni\u00e3o das Freguesias de Faro inaugurou hoje o seu segundo parque canino na cidade de Faro, tendo sido desenvolvido em parceria com a associa\u00e7\u00e3o desportiva WallRide, estando localizado junto ao Pavilh\u00e3o Desportivo da Penha, ao lado do skate parque,<\/p>\n\n\n\n<p>Com um hor\u00e1rio de utiliza\u00e7\u00e3o compreendido entre as 8h e as 23h, este parque, com cerca de 1000 m<sup>2<\/sup>, \u00e9 de entrada livre para todos os c\u00e3es com mais de 4 meses, com o plano de vacina\u00e7\u00e3o em dia, desparasitados, chipados e com o seu registo e licen\u00e7a v\u00e1lida. Para al\u00e9m desta norma, a presen\u00e7a no parque implica o cumprimento de um conjunto de regras, que se destacam tamb\u00e9m a necessidade dos can\u00eddeos estarem sempre acompanhados e sob vigil\u00e2ncia, sendo obrigat\u00f3ria a recolha imediata dos dejetos caninos. N\u00e3o \u00e9 permitida a entrada a can\u00eddeos doentes, ou em tratamento, de ra\u00e7a perigosa ou potencialmente perigosa, ou com comportamentos agressivos.<\/p>\n\n\n\n<p>Dado o aumento do n\u00famero de animais de estima\u00e7\u00e3o na cidade, nomeadamente os c\u00e3es, este segundo parque visa dar resposta aos anseios manifestados por v\u00e1rios fregueses que expressaram a necessidade da cria\u00e7\u00e3o de mais um local vocacionado para a divers\u00e3o dos seus animais.<\/p>\n\n\n\n<p>De acordo com Bruno Lage, presidente da Uni\u00e3o das Freguesias de Faro, \u201cos parques caninos s\u00e3o locais pr\u00f3prios para a perman\u00eancia e circula\u00e7\u00e3o de c\u00e3es sendo hoje em dia equipamentos absolutamente essenciais para que os c\u00e3es gastem as suas energias para n\u00e3o desenvolverem comportamentos agressivos e destrutivos.\u201d<\/p>\n\n\n\n<p>\u201cDe real\u00e7ar que nem todas as pessoas possuem casas com terreno suficiente para que os c\u00e3es possam correr \u00e0 vontade sem trela e, para alguns donos, \u00e9 dif\u00edcil soltar os c\u00e3es em zonas p\u00fablicas pois corre-se o risco de eles irem para a estrada, fugirem ou saltarem para os transeuntes. Mesmo que n\u00e3o sejam agressivos, h\u00e1 c\u00e3es que t\u00eam necessidade de procurar a aten\u00e7\u00e3o dos humanos para brincar saltando para estes. Isto pode ser algo desagrad\u00e1vel e at\u00e9 mesmo perigoso para algumas pessoas, uma vez que um c\u00e3o de grande porte pode saltar sobre uma crian\u00e7a ou um idoso e causar danos f\u00edsicos indesej\u00e1veis.\u201d<\/p>\n\n\n\n<p>Para al\u00e9m disso \u00e9 obrigat\u00f3rio o uso de trela ou a\u00e7aimo na via p\u00fablica. Sendo que estes acess\u00f3rios podem condicionar o bem-estar e a liberdade do c\u00e3o, estes parques s\u00e3o uma excelente oportunidade para que as pessoas possam soltar os seus c\u00e3es sem preocupa\u00e7\u00f5es acrescidas.<\/p>\n\n\n\n<p>Sabendo que, muitas vezes, o abandono de animais est\u00e1 diretamente relacionado com os seus problemas comportamentais e, muitas vezes, estes problemas podem estar, por sua vez, relacionados com a falta de exerc\u00edcio, brincadeira e conv\u00edvio (com c\u00e3es e com pessoas!), a cria\u00e7\u00e3o de parques caninos pode ajudar a atenuar alguns destes problemas. \u00c9 importante que os c\u00e3es possam brincar (ser c\u00e3es!) e que possam socializar com outros c\u00e3es e pessoas para viverem melhor em sociedade.<\/p>\n\n\n\n<p>Neste sentido, pelos motivos anteriormente referidos, a Uni\u00e3o das Freguesias de Faro considera de crucial import\u00e2ncia a cria\u00e7\u00e3o deste parque canino, de forma a responder a uma necessidade cada vez mais evidente dos seus fregueses e contribuir assim para uma melhoria da qualidade de vida e do bem-estar animal.<\/p>\n","protected":false},"excerpt":{"rendered":"<p>Dado o sucesso do Parque Canino instalado, em 2019, no Alto de Santo Ant\u00f3nio, na Rua de Berlim, a Uni\u00e3o<\/p>\n","protected":false},"author":1,"featured_media":24505,"comment_status":"closed","ping_status":"open","sticky":false,"template":"","format":"standard","meta":{"colormag_page_container_layout":"default_layout","colormag_page_sidebar_layout":"default_layout","_monsterinsights_skip_tracking":false,"_monsterinsights_sitenote_active":false,"_monsterinsights_sitenote_note":"","_monsterinsights_sitenote_category":0,"jetpack_post_was_ever_published":false,"_jetpack_newsletter_access":"","_jetpack_dont_email_post_to_subs":false,"_jetpack_newsletter_tier_id":0,"_jetpack_memberships_contains_paywalled_content":false,"_jetpack_memberships_contains_paid_content":false,"footnotes":"","jetpack_publicize_message":"","jetpack_publicize_feature_enabled":true,"jetpack_social_post_already_shared":true,"jetpack_social_options":{"image_generator_settings":{"template":"highway","default_image_id":0,"font":"","enabled":false},"version":2}},"categories":[11],"tags":[36,218,62,57],"class_list":["post-24504","post","type-post","status-publish","format-standard","has-post-thumbnail","hentry","category-atualidade","tag-algarve","tag-animais","tag-atualidade","tag-faro"],"yoast_head":"<!-- This site is optimized with the Yoast SEO plugin v27.4 - https:\/\/yoast.com\/product\/yoast-seo-wordpress\/ -->\n<title>Faro tem mais um Parque Canino - Algarve 7<\/title>\n<meta name=\"description\" content=\"Faro tem mais um Parque Canino Atualidade\" \/>\n<meta name=\"robots\" content=\"index, follow, max-snippet:-1, max-image-preview:large, max-video-preview:-1\" \/>\n<link rel=\"canonical\" href=\"https:\/\/algarve7.pt\/index.php\/2022\/12\/faro-tem-mais-um-parque-canino\/atualidade\/08\/35\/\" \/>\n<meta property=\"og:locale\" content=\"pt_PT\" \/>\n<meta property=\"og:type\" content=\"article\" \/>\n<meta property=\"og:title\" content=\"Faro tem mais um Parque Canino - Algarve 7\" \/>\n<meta property=\"og:description\" content=\"Faro tem mais um Parque Canino Atualidade\" \/>\n<meta property=\"og:url\" content=\"https:\/\/algarve7.pt\/index.php\/2022\/12\/faro-tem-mais-um-parque-canino\/atualidade\/08\/35\/\" \/>\n<meta property=\"og:site_name\" content=\"Algarve 7\" \/>\n<meta property=\"article:publisher\" content=\"https:\/\/www.facebook.com\/algarve7\" \/>\n<meta property=\"article:author\" content=\"https:\/\/www.facebook.com\/algarve7\" \/>\n<meta property=\"article:published_time\" content=\"2022-12-30T08:35:59+00:00\" \/>\n<meta property=\"article:modified_time\" content=\"2022-12-30T08:36:01+00:00\" \/>\n<meta property=\"og:image\" content=\"https:\/\/algarve7.pt\/wp-content\/uploads\/2022\/12\/pcanino2.jpg\" \/>\n\t<meta property=\"og:image:width\" content=\"1024\" \/>\n\t<meta property=\"og:image:height\" content=\"768\" \/>\n\t<meta property=\"og:image:type\" content=\"image\/jpeg\" \/>\n<meta name=\"author\" content=\"Algarve 7\" \/>\n<meta name=\"twitter:card\" content=\"summary_large_image\" \/>\n<meta name=\"twitter:creator\" content=\"@Algarvesete\" \/>\n<meta name=\"twitter:site\" content=\"@Algarvesete\" \/>\n<meta name=\"twitter:label1\" content=\"Escrito por\" \/>\n\t<meta name=\"twitter:data1\" content=\"Algarve 7\" \/>\n\t<meta name=\"twitter:label2\" content=\"Tempo estimado de leitura\" \/>\n\t<meta name=\"twitter:data2\" content=\"3 minutos\" \/>\n<script type=\"application\/ld+json\" class=\"yoast-schema-graph\">{\"@context\":\"https:\\\/\\\/schema.org\",\"@graph\":[{\"@type\":\"Article\",\"@id\":\"https:\\\/\\\/algarve7.pt\\\/index.php\\\/2022\\\/12\\\/faro-tem-mais-um-parque-canino\\\/atualidade\\\/08\\\/35\\\/#article\",\"isPartOf\":{\"@id\":\"https:\\\/\\\/algarve7.pt\\\/index.php\\\/2022\\\/12\\\/faro-tem-mais-um-parque-canino\\\/atualidade\\\/08\\\/35\\\/\"},\"author\":{\"name\":\"Algarve 7\",\"@id\":\"https:\\\/\\\/algarve7.pt\\\/#\\\/schema\\\/person\\\/23fa70681308e7b319a3204bcea45e0c\"},\"headline\":\"Faro tem mais um Parque Canino\",\"datePublished\":\"2022-12-30T08:35:59+00:00\",\"dateModified\":\"2022-12-30T08:36:01+00:00\",\"mainEntityOfPage\":{\"@id\":\"https:\\\/\\\/algarve7.pt\\\/index.php\\\/2022\\\/12\\\/faro-tem-mais-um-parque-canino\\\/atualidade\\\/08\\\/35\\\/\"},\"wordCount\":592,\"publisher\":{\"@id\":\"https:\\\/\\\/algarve7.pt\\\/#organization\"},\"image\":{\"@id\":\"https:\\\/\\\/algarve7.pt\\\/index.php\\\/2022\\\/12\\\/faro-tem-mais-um-parque-canino\\\/atualidade\\\/08\\\/35\\\/#primaryimage\"},\"thumbnailUrl\":\"https:\\\/\\\/algarve7.pt\\\/wp-content\\\/uploads\\\/2022\\\/12\\\/pcanino2.jpg\",\"keywords\":[\"Algarve\",\"Animais\",\"Atualidade\",\"Faro\"],\"articleSection\":[\"Atualidade\"],\"inLanguage\":\"pt-PT\"},{\"@type\":\"WebPage\",\"@id\":\"https:\\\/\\\/algarve7.pt\\\/index.php\\\/2022\\\/12\\\/faro-tem-mais-um-parque-canino\\\/atualidade\\\/08\\\/35\\\/\",\"url\":\"https:\\\/\\\/algarve7.pt\\\/index.php\\\/2022\\\/12\\\/faro-tem-mais-um-parque-canino\\\/atualidade\\\/08\\\/35\\\/\",\"name\":\"Faro tem mais um Parque Canino - Algarve 7\",\"isPartOf\":{\"@id\":\"https:\\\/\\\/algarve7.pt\\\/#website\"},\"primaryImageOfPage\":{\"@id\":\"https:\\\/\\\/algarve7.pt\\\/index.php\\\/2022\\\/12\\\/faro-tem-mais-um-parque-canino\\\/atualidade\\\/08\\\/35\\\/#primaryimage\"},\"image\":{\"@id\":\"https:\\\/\\\/algarve7.pt\\\/index.php\\\/2022\\\/12\\\/faro-tem-mais-um-parque-canino\\\/atualidade\\\/08\\\/35\\\/#primaryimage\"},\"thumbnailUrl\":\"https:\\\/\\\/algarve7.pt\\\/wp-content\\\/uploads\\\/2022\\\/12\\\/pcanino2.jpg\",\"datePublished\":\"2022-12-30T08:35:59+00:00\",\"dateModified\":\"2022-12-30T08:36:01+00:00\",\"description\":\"Faro tem mais um Parque Canino Atualidade\",\"breadcrumb\":{\"@id\":\"https:\\\/\\\/algarve7.pt\\\/index.php\\\/2022\\\/12\\\/faro-tem-mais-um-parque-canino\\\/atualidade\\\/08\\\/35\\\/#breadcrumb\"},\"inLanguage\":\"pt-PT\",\"potentialAction\":[{\"@type\":\"ReadAction\",\"target\":[\"https:\\\/\\\/algarve7.pt\\\/index.php\\\/2022\\\/12\\\/faro-tem-mais-um-parque-canino\\\/atualidade\\\/08\\\/35\\\/\"]}]},{\"@type\":\"ImageObject\",\"inLanguage\":\"pt-PT\",\"@id\":\"https:\\\/\\\/algarve7.pt\\\/index.php\\\/2022\\\/12\\\/faro-tem-mais-um-parque-canino\\\/atualidade\\\/08\\\/35\\\/#primaryimage\",\"url\":\"https:\\\/\\\/algarve7.pt\\\/wp-content\\\/uploads\\\/2022\\\/12\\\/pcanino2.jpg\",\"contentUrl\":\"https:\\\/\\\/algarve7.pt\\\/wp-content\\\/uploads\\\/2022\\\/12\\\/pcanino2.jpg\",\"width\":1024,\"height\":768},{\"@type\":\"BreadcrumbList\",\"@id\":\"https:\\\/\\\/algarve7.pt\\\/index.php\\\/2022\\\/12\\\/faro-tem-mais-um-parque-canino\\\/atualidade\\\/08\\\/35\\\/#breadcrumb\",\"itemListElement\":[{\"@type\":\"ListItem\",\"position\":1,\"name\":\"In\u00edcio\",\"item\":\"https:\\\/\\\/algarve7.pt\\\/\"},{\"@type\":\"ListItem\",\"position\":2,\"name\":\"Faro tem mais um Parque Canino\"}]},{\"@type\":\"WebSite\",\"@id\":\"https:\\\/\\\/algarve7.pt\\\/#website\",\"url\":\"https:\\\/\\\/algarve7.pt\\\/\",\"name\":\"Algarve 7\",\"description\":\"Informa\u00e7\u00e3o sobre o Algarve\",\"publisher\":{\"@id\":\"https:\\\/\\\/algarve7.pt\\\/#organization\"},\"potentialAction\":[{\"@type\":\"SearchAction\",\"target\":{\"@type\":\"EntryPoint\",\"urlTemplate\":\"https:\\\/\\\/algarve7.pt\\\/?s={search_term_string}\"},\"query-input\":{\"@type\":\"PropertyValueSpecification\",\"valueRequired\":true,\"valueName\":\"search_term_string\"}}],\"inLanguage\":\"pt-PT\"},{\"@type\":\"Organization\",\"@id\":\"https:\\\/\\\/algarve7.pt\\\/#organization\",\"name\":\"Algarve 7\",\"url\":\"https:\\\/\\\/algarve7.pt\\\/\",\"logo\":{\"@type\":\"ImageObject\",\"inLanguage\":\"pt-PT\",\"@id\":\"https:\\\/\\\/algarve7.pt\\\/#\\\/schema\\\/logo\\\/image\\\/\",\"url\":\"https:\\\/\\\/algarve7.pt\\\/wp-content\\\/uploads\\\/2020\\\/10\\\/Logo-8.jpg\",\"contentUrl\":\"https:\\\/\\\/algarve7.pt\\\/wp-content\\\/uploads\\\/2020\\\/10\\\/Logo-8.jpg\",\"width\":1680,\"height\":1186,\"caption\":\"Algarve 7\"},\"image\":{\"@id\":\"https:\\\/\\\/algarve7.pt\\\/#\\\/schema\\\/logo\\\/image\\\/\"},\"sameAs\":[\"https:\\\/\\\/www.facebook.com\\\/algarve7\",\"https:\\\/\\\/x.com\\\/Algarvesete\",\"https:\\\/\\\/www.instagram.com\\\/jornalalgarve7\\\/\",\"https:\\\/\\\/www.linkedin.com\\\/company\\\/algarve7\",\"https:\\\/\\\/www.pinterest.pt\\\/geral0939\\\/_created\\\/\"]},{\"@type\":\"Person\",\"@id\":\"https:\\\/\\\/algarve7.pt\\\/#\\\/schema\\\/person\\\/23fa70681308e7b319a3204bcea45e0c\",\"name\":\"Algarve 7\",\"sameAs\":[\"https:\\\/\\\/algarve7.pt\",\"https:\\\/\\\/www.facebook.com\\\/algarve7\"],\"url\":\"https:\\\/\\\/algarve7.pt\\\/index.php\\\/author\\\/geralalgarve7-pt\\\/\"}]}<\/script>\n<!-- \/ Yoast SEO plugin. -->","yoast_head_json":{"title":"Faro tem mais um Parque Canino - Algarve 7","description":"Faro tem mais um Parque Canino Atualidade","robots":{"index":"index","follow":"follow","max-snippet":"max-snippet:-1","max-image-preview":"max-image-preview:large","max-video-preview":"max-video-preview:-1"},"canonical":"https:\/\/algarve7.pt\/index.php\/2022\/12\/faro-tem-mais-um-parque-canino\/atualidade\/08\/35\/","og_locale":"pt_PT","og_type":"article","og_title":"Faro tem mais um Parque Canino - Algarve 7","og_description":"Faro tem mais um Parque Canino Atualidade","og_url":"https:\/\/algarve7.pt\/index.php\/2022\/12\/faro-tem-mais-um-parque-canino\/atualidade\/08\/35\/","og_site_name":"Algarve 7","article_publisher":"https:\/\/www.facebook.com\/algarve7","article_author":"https:\/\/www.facebook.com\/algarve7","article_published_time":"2022-12-30T08:35:59+00:00","article_modified_time":"2022-12-30T08:36:01+00:00","og_image":[{"width":1024,"height":768,"url":"https:\/\/algarve7.pt\/wp-content\/uploads\/2022\/12\/pcanino2.jpg","type":"image\/jpeg"}],"author":"Algarve 7","twitter_card":"summary_large_image","twitter_creator":"@Algarvesete","twitter_site":"@Algarvesete","twitter_misc":{"Escrito por":"Algarve 7","Tempo estimado de leitura":"3 minutos"},"schema":{"@context":"https:\/\/schema.org","@graph":[{"@type":"Article","@id":"https:\/\/algarve7.pt\/index.php\/2022\/12\/faro-tem-mais-um-parque-canino\/atualidade\/08\/35\/#article","isPartOf":{"@id":"https:\/\/algarve7.pt\/index.php\/2022\/12\/faro-tem-mais-um-parque-canino\/atualidade\/08\/35\/"},"author":{"name":"Algarve 7","@id":"https:\/\/algarve7.pt\/#\/schema\/person\/23fa70681308e7b319a3204bcea45e0c"},"headline":"Faro tem mais um Parque Canino","datePublished":"2022-12-30T08:35:59+00:00","dateModified":"2022-12-30T08:36:01+00:00","mainEntityOfPage":{"@id":"https:\/\/algarve7.pt\/index.php\/2022\/12\/faro-tem-mais-um-parque-canino\/atualidade\/08\/35\/"},"wordCount":592,"publisher":{"@id":"https:\/\/algarve7.pt\/#organization"},"image":{"@id":"https:\/\/algarve7.pt\/index.php\/2022\/12\/faro-tem-mais-um-parque-canino\/atualidade\/08\/35\/#primaryimage"},"thumbnailUrl":"https:\/\/algarve7.pt\/wp-content\/uploads\/2022\/12\/pcanino2.jpg","keywords":["Algarve","Animais","Atualidade","Faro"],"articleSection":["Atualidade"],"inLanguage":"pt-PT"},{"@type":"WebPage","@id":"https:\/\/algarve7.pt\/index.php\/2022\/12\/faro-tem-mais-um-parque-canino\/atualidade\/08\/35\/","url":"https:\/\/algarve7.pt\/index.php\/2022\/12\/faro-tem-mais-um-parque-canino\/atualidade\/08\/35\/","name":"Faro tem mais um Parque Canino - Algarve 7","isPartOf":{"@id":"https:\/\/algarve7.pt\/#website"},"primaryImageOfPage":{"@id":"https:\/\/algarve7.pt\/index.php\/2022\/12\/faro-tem-mais-um-parque-canino\/atualidade\/08\/35\/#primaryimage"},"image":{"@id":"https:\/\/algarve7.pt\/index.php\/2022\/12\/faro-tem-mais-um-parque-canino\/atualidade\/08\/35\/#primaryimage"},"thumbnailUrl":"https:\/\/algarve7.pt\/wp-content\/uploads\/2022\/12\/pcanino2.jpg","datePublished":"2022-12-30T08:35:59+00:00","dateModified":"2022-12-30T08:36:01+00:00","description":"Faro tem mais um Parque Canino Atualidade","breadcrumb":{"@id":"https:\/\/algarve7.pt\/index.php\/2022\/12\/faro-tem-mais-um-parque-canino\/atualidade\/08\/35\/#breadcrumb"},"inLanguage":"pt-PT","potentialAction":[{"@type":"ReadAction","target":["https:\/\/algarve7.pt\/index.php\/2022\/12\/faro-tem-mais-um-parque-canino\/atualidade\/08\/35\/"]}]},{"@type":"ImageObject","inLanguage":"pt-PT","@id":"https:\/\/algarve7.pt\/index.php\/2022\/12\/faro-tem-mais-um-parque-canino\/atualidade\/08\/35\/#primaryimage","url":"https:\/\/algarve7.pt\/wp-content\/uploads\/2022\/12\/pcanino2.jpg","contentUrl":"https:\/\/algarve7.pt\/wp-content\/uploads\/2022\/12\/pcanino2.jpg","width":1024,"height":768},{"@type":"BreadcrumbList","@id":"https:\/\/algarve7.pt\/index.php\/2022\/12\/faro-tem-mais-um-parque-canino\/atualidade\/08\/35\/#breadcrumb","itemListElement":[{"@type":"ListItem","position":1,"name":"In\u00edcio","item":"https:\/\/algarve7.pt\/"},{"@type":"ListItem","position":2,"name":"Faro tem mais um Parque Canino"}]},{"@type":"WebSite","@id":"https:\/\/algarve7.pt\/#website","url":"https:\/\/algarve7.pt\/","name":"Algarve 7","description":"Informa\u00e7\u00e3o sobre o Algarve","publisher":{"@id":"https:\/\/algarve7.pt\/#organization"},"potentialAction":[{"@type":"SearchAction","target":{"@type":"EntryPoint","urlTemplate":"https:\/\/algarve7.pt\/?s={search_term_string}"},"query-input":{"@type":"PropertyValueSpecification","valueRequired":true,"valueName":"search_term_string"}}],"inLanguage":"pt-PT"},{"@type":"Organization","@id":"https:\/\/algarve7.pt\/#organization","name":"Algarve 7","url":"https:\/\/algarve7.pt\/","logo":{"@type":"ImageObject","inLanguage":"pt-PT","@id":"https:\/\/algarve7.pt\/#\/schema\/logo\/image\/","url":"https:\/\/algarve7.pt\/wp-content\/uploads\/2020\/10\/Logo-8.jpg","contentUrl":"https:\/\/algarve7.pt\/wp-content\/uploads\/2020\/10\/Logo-8.jpg","width":1680,"height":1186,"caption":"Algarve 7"},"image":{"@id":"https:\/\/algarve7.pt\/#\/schema\/logo\/image\/"},"sameAs":["https:\/\/www.facebook.com\/algarve7","https:\/\/x.com\/Algarvesete","https:\/\/www.instagram.com\/jornalalgarve7\/","https:\/\/www.linkedin.com\/company\/algarve7","https:\/\/www.pinterest.pt\/geral0939\/_created\/"]},{"@type":"Person","@id":"https:\/\/algarve7.pt\/#\/schema\/person\/23fa70681308e7b319a3204bcea45e0c","name":"Algarve 7","sameAs":["https:\/\/algarve7.pt","https:\/\/www.facebook.com\/algarve7"],"url":"https:\/\/algarve7.pt\/index.php\/author\/geralalgarve7-pt\/"}]}},"jetpack_publicize_connections":[],"jetpack_featured_media_url":"https:\/\/algarve7.pt\/wp-content\/uploads\/2022\/12\/pcanino2.jpg","jetpack_shortlink":"https:\/\/wp.me\/pcezmW-6ne","jetpack_sharing_enabled":true,"_links":{"self":[{"href":"https:\/\/algarve7.pt\/index.php\/wp-json\/wp\/v2\/posts\/24504","targetHints":{"allow":["GET"]}}],"collection":[{"href":"https:\/\/algarve7.pt\/index.php\/wp-json\/wp\/v2\/posts"}],"about":[{"href":"https:\/\/algarve7.pt\/index.php\/wp-json\/wp\/v2\/types\/post"}],"author":[{"embeddable":true,"href":"https:\/\/algarve7.pt\/index.php\/wp-json\/wp\/v2\/users\/1"}],"replies":[{"embeddable":true,"href":"https:\/\/algarve7.pt\/index.php\/wp-json\/wp\/v2\/comments?post=24504"}],"version-history":[{"count":0,"href":"https:\/\/algarve7.pt\/index.php\/wp-json\/wp\/v2\/posts\/24504\/revisions"}],"wp:featuredmedia":[{"embeddable":true,"href":"https:\/\/algarve7.pt\/index.php\/wp-json\/wp\/v2\/media\/24505"}],"wp:attachment":[{"href":"https:\/\/algarve7.pt\/index.php\/wp-json\/wp\/v2\/media?parent=24504"}],"wp:term":[{"taxonomy":"category","embeddable":true,"href":"https:\/\/algarve7.pt\/index.php\/wp-json\/wp\/v2\/categories?post=24504"},{"taxonomy":"post_tag","embeddable":true,"href":"https:\/\/algarve7.pt\/index.php\/wp-json\/wp\/v2\/tags?post=24504"}],"curies":[{"name":"wp","href":"https:\/\/api.w.org\/{rel}","templated":true}]}}