{"id":24490,"date":"2022-12-28T16:32:31","date_gmt":"2022-12-28T16:32:31","guid":{"rendered":"https:\/\/algarve7.pt\/?p=24490"},"modified":"2022-12-28T16:33:25","modified_gmt":"2022-12-28T16:33:25","slug":"constrangimentos-nos-servicos-de-pediatria-para-o-fim-de-ano","status":"publish","type":"post","link":"https:\/\/algarve7.pt\/index.php\/2022\/12\/constrangimentos-nos-servicos-de-pediatria-para-o-fim-de-ano\/saude\/16\/32\/","title":{"rendered":"Constrangimentos nos servi\u00e7os de pediatria para o fim de ano"},"content":{"rendered":"\n<p class=\"wp-block-paragraph\">Tendo em conta a reconhecida car\u00eancia de m\u00e9dicos especialistas em Pediatria, o Centro Hospitalar Universit\u00e1rio do Algarve (CHUA) organizou para este per\u00edodo de fim de ano uma resposta regional no Algarve articulada entre as suas duas unidades hospitalares, de forma a garantir os melhores cuidados de sa\u00fade \u00e0 popula\u00e7\u00e3o, sem necessidade de transfer\u00eancia para hospitais de outras regi\u00f5es.<\/p>\n\n\n\n<p class=\"wp-block-paragraph\">Assim, entre as 09h00 do dia 29 de dezembro de 2022 e as 09h00h do dia 2 de janeiro de 2023, devido \u00e0 aus\u00eancia de m\u00e9dico especialista de Pediatra escalado para assegurar qualquer servi\u00e7o em Portim\u00e3o, a resposta nesta especialidade vai ser garantida da seguinte forma:<\/p>\n\n\n\n<p class=\"wp-block-paragraph\">\u00b7&nbsp;&nbsp;&nbsp;&nbsp;&nbsp;&nbsp;&nbsp;O atendimento&nbsp;por m\u00e9dicos especialistas de Pediatria&nbsp;est\u00e1 assegurado pelo&nbsp;Servi\u00e7o de Urg\u00eancia Pedi\u00e1trica de Faro durante todo este per\u00edodo;<\/p>\n\n\n\n<p class=\"wp-block-paragraph\">\u00b7&nbsp;&nbsp;&nbsp;&nbsp;&nbsp;&nbsp;&nbsp;Em Portim\u00e3o, o atendimento em Urg\u00eancia de Pediatria ser\u00e1 realizado por m\u00e9dicos n\u00e3o especialistas, funcionando como Servi\u00e7o de Urg\u00eancia B\u00e1sico;<\/p>\n\n\n\n<p class=\"wp-block-paragraph\">\u00b7&nbsp;&nbsp;&nbsp;&nbsp;&nbsp;&nbsp;&nbsp;O Internamento&nbsp;ser\u00e1 assegurado em Faro&nbsp;durante este per\u00edodo.<\/p>\n\n\n\n<p class=\"wp-block-paragraph\">\u00b7&nbsp;&nbsp;&nbsp;&nbsp;&nbsp;&nbsp;&nbsp;Por restri\u00e7\u00f5es no apoio de Pediatria, tamb\u00e9m o&nbsp;Bloco de Partos da Unidade Hospitalar de Portim\u00e3o est\u00e1 encerrado&nbsp;desde as 21h00 do dia 27 de dezembro de 2022 at\u00e9 \u00e0s 09h00 do dia 2 de janeiro de 2023,&nbsp;assegurando-se no entanto Urg\u00eancia de Obstetr\u00edcia (at\u00e9 \u00e0s 22 semanas de gravidez) e Urg\u00eancia de Ginecologia.<\/p>\n\n\n\n<p class=\"wp-block-paragraph\">\u00b7&nbsp;&nbsp;&nbsp;&nbsp;&nbsp;&nbsp;&nbsp;O Bloco de Partos\/Maternidade est\u00e1 em pleno funcionamento na Unidade Hospitalar de Faro do CHUA, garantindo assim uma resposta regional.&nbsp;<\/p>\n\n\n\n<p class=\"wp-block-paragraph\">Estes constrangimentos devem-se \u00e0 grande car\u00eancia\/limita\u00e7\u00e3o de recursos humanos, situa\u00e7\u00e3o na qual o CHUA tem estado a trabalhar no sentido de resolver, refor\u00e7ando os servi\u00e7os com a contrata\u00e7\u00e3o de novos profissionais em 2023.<\/p>\n\n\n\n<p class=\"wp-block-paragraph\">Fonte: CHUA<\/p>\n","protected":false},"excerpt":{"rendered":"<p>Tendo em conta a reconhecida car\u00eancia de m\u00e9dicos especialistas em Pediatria, o Centro Hospitalar Universit\u00e1rio do Algarve (CHUA) organizou para<\/p>\n","protected":false},"author":1,"featured_media":20796,"comment_status":"closed","ping_status":"open","sticky":false,"template":"","format":"standard","meta":{"colormag_page_container_layout":"default_layout","colormag_page_sidebar_layout":"default_layout","_monsterinsights_skip_tracking":false,"_jetpack_newsletter_access":"","_jetpack_dont_email_post_to_subs":false,"_jetpack_newsletter_tier_id":0,"_jetpack_memberships_contains_paywalled_content":false,"_jetpack_feature_clip_id":0,"_jetpack_memberships_contains_paid_content":false,"footnotes":"","jetpack_publicize_message":"","jetpack_publicize_feature_enabled":true,"jetpack_social_post_already_shared":true,"jetpack_social_options":{"image_generator_settings":{"template":"highway","default_image_id":0,"font":"","enabled":false},"version":2},"jetpack_post_was_ever_published":false},"categories":[59],"tags":[36,181,58],"class_list":["post-24490","post","type-post","status-publish","format-standard","has-post-thumbnail","hentry","category-saude","tag-algarve","tag-chua","tag-saude"],"yoast_head":"<!-- This site is optimized with the Yoast SEO plugin v28.3 - https:\/\/yoast.com\/product\/yoast-seo-wordpress\/ -->\n<title>Constrangimentos nos servi\u00e7os de pediatria para o fim de ano - Algarve 7<\/title>\n<meta name=\"description\" content=\"Constrangimentos nos servi\u00e7os de pediatria para o fim de ano Sa\u00fade\" \/>\n<meta name=\"robots\" content=\"index, follow, max-snippet:-1, max-image-preview:large, max-video-preview:-1\" \/>\n<link rel=\"canonical\" href=\"https:\/\/algarve7.pt\/index.php\/2022\/12\/constrangimentos-nos-servicos-de-pediatria-para-o-fim-de-ano\/saude\/16\/32\/\" \/>\n<meta property=\"og:locale\" content=\"pt_PT\" \/>\n<meta property=\"og:type\" content=\"article\" \/>\n<meta property=\"og:title\" content=\"Constrangimentos nos servi\u00e7os de pediatria para o fim de ano - Algarve 7\" \/>\n<meta property=\"og:description\" content=\"Constrangimentos nos servi\u00e7os de pediatria para o fim de ano Sa\u00fade\" \/>\n<meta property=\"og:url\" content=\"https:\/\/algarve7.pt\/index.php\/2022\/12\/constrangimentos-nos-servicos-de-pediatria-para-o-fim-de-ano\/saude\/16\/32\/\" \/>\n<meta property=\"og:site_name\" content=\"Algarve 7\" \/>\n<meta property=\"article:publisher\" content=\"https:\/\/www.facebook.com\/algarve7\" \/>\n<meta property=\"article:author\" content=\"https:\/\/www.facebook.com\/algarve7\" \/>\n<meta property=\"article:published_time\" content=\"2022-12-28T16:32:31+00:00\" \/>\n<meta property=\"article:modified_time\" content=\"2022-12-28T16:33:25+00:00\" \/>\n<meta property=\"og:image\" content=\"https:\/\/algarve7.pt\/wp-content\/uploads\/2022\/08\/img1180632720Chua.png\" \/>\n\t<meta property=\"og:image:width\" content=\"884\" \/>\n\t<meta property=\"og:image:height\" content=\"544\" \/>\n\t<meta property=\"og:image:type\" content=\"image\/png\" \/>\n<meta name=\"author\" content=\"Algarve 7\" \/>\n<meta name=\"twitter:card\" content=\"summary_large_image\" \/>\n<meta name=\"twitter:creator\" content=\"@Algarvesete\" \/>\n<meta name=\"twitter:site\" content=\"@Algarvesete\" \/>\n<meta name=\"twitter:label1\" content=\"Escrito por\" \/>\n\t<meta name=\"twitter:data1\" content=\"Algarve 7\" \/>\n\t<meta name=\"twitter:label2\" content=\"Tempo estimado de leitura\" \/>\n\t<meta name=\"twitter:data2\" content=\"2 minutos\" \/>\n<script type=\"application\/ld+json\" class=\"yoast-schema-graph\">{\"@context\":\"https:\\\/\\\/schema.org\",\"@graph\":[{\"@type\":\"Article\",\"@id\":\"https:\\\/\\\/algarve7.pt\\\/index.php\\\/2022\\\/12\\\/constrangimentos-nos-servicos-de-pediatria-para-o-fim-de-ano\\\/saude\\\/16\\\/32\\\/#article\",\"isPartOf\":{\"@id\":\"https:\\\/\\\/algarve7.pt\\\/index.php\\\/2022\\\/12\\\/constrangimentos-nos-servicos-de-pediatria-para-o-fim-de-ano\\\/saude\\\/16\\\/32\\\/\"},\"author\":{\"name\":\"Algarve 7\",\"@id\":\"https:\\\/\\\/algarve7.pt\\\/#\\\/schema\\\/person\\\/23fa70681308e7b319a3204bcea45e0c\"},\"headline\":\"Constrangimentos nos servi\u00e7os de pediatria para o fim de ano\",\"datePublished\":\"2022-12-28T16:32:31+00:00\",\"dateModified\":\"2022-12-28T16:33:25+00:00\",\"mainEntityOfPage\":{\"@id\":\"https:\\\/\\\/algarve7.pt\\\/index.php\\\/2022\\\/12\\\/constrangimentos-nos-servicos-de-pediatria-para-o-fim-de-ano\\\/saude\\\/16\\\/32\\\/\"},\"wordCount\":344,\"publisher\":{\"@id\":\"https:\\\/\\\/algarve7.pt\\\/#organization\"},\"image\":{\"@id\":\"https:\\\/\\\/algarve7.pt\\\/index.php\\\/2022\\\/12\\\/constrangimentos-nos-servicos-de-pediatria-para-o-fim-de-ano\\\/saude\\\/16\\\/32\\\/#primaryimage\"},\"thumbnailUrl\":\"https:\\\/\\\/algarve7.pt\\\/wp-content\\\/uploads\\\/2022\\\/08\\\/img1180632720Chua.png\",\"keywords\":[\"Algarve\",\"CHUA\",\"Sa\u00fade\"],\"articleSection\":[\"Sa\u00fade\"],\"inLanguage\":\"pt-PT\"},{\"@type\":\"WebPage\",\"@id\":\"https:\\\/\\\/algarve7.pt\\\/index.php\\\/2022\\\/12\\\/constrangimentos-nos-servicos-de-pediatria-para-o-fim-de-ano\\\/saude\\\/16\\\/32\\\/\",\"url\":\"https:\\\/\\\/algarve7.pt\\\/index.php\\\/2022\\\/12\\\/constrangimentos-nos-servicos-de-pediatria-para-o-fim-de-ano\\\/saude\\\/16\\\/32\\\/\",\"name\":\"Constrangimentos nos servi\u00e7os de pediatria para o fim de ano - Algarve 7\",\"isPartOf\":{\"@id\":\"https:\\\/\\\/algarve7.pt\\\/#website\"},\"primaryImageOfPage\":{\"@id\":\"https:\\\/\\\/algarve7.pt\\\/index.php\\\/2022\\\/12\\\/constrangimentos-nos-servicos-de-pediatria-para-o-fim-de-ano\\\/saude\\\/16\\\/32\\\/#primaryimage\"},\"image\":{\"@id\":\"https:\\\/\\\/algarve7.pt\\\/index.php\\\/2022\\\/12\\\/constrangimentos-nos-servicos-de-pediatria-para-o-fim-de-ano\\\/saude\\\/16\\\/32\\\/#primaryimage\"},\"thumbnailUrl\":\"https:\\\/\\\/algarve7.pt\\\/wp-content\\\/uploads\\\/2022\\\/08\\\/img1180632720Chua.png\",\"datePublished\":\"2022-12-28T16:32:31+00:00\",\"dateModified\":\"2022-12-28T16:33:25+00:00\",\"description\":\"Constrangimentos nos servi\u00e7os de pediatria para o fim de ano Sa\u00fade\",\"breadcrumb\":{\"@id\":\"https:\\\/\\\/algarve7.pt\\\/index.php\\\/2022\\\/12\\\/constrangimentos-nos-servicos-de-pediatria-para-o-fim-de-ano\\\/saude\\\/16\\\/32\\\/#breadcrumb\"},\"inLanguage\":\"pt-PT\",\"potentialAction\":[{\"@type\":\"ReadAction\",\"target\":[\"https:\\\/\\\/algarve7.pt\\\/index.php\\\/2022\\\/12\\\/constrangimentos-nos-servicos-de-pediatria-para-o-fim-de-ano\\\/saude\\\/16\\\/32\\\/\"]}]},{\"@type\":\"ImageObject\",\"inLanguage\":\"pt-PT\",\"@id\":\"https:\\\/\\\/algarve7.pt\\\/index.php\\\/2022\\\/12\\\/constrangimentos-nos-servicos-de-pediatria-para-o-fim-de-ano\\\/saude\\\/16\\\/32\\\/#primaryimage\",\"url\":\"https:\\\/\\\/algarve7.pt\\\/wp-content\\\/uploads\\\/2022\\\/08\\\/img1180632720Chua.png\",\"contentUrl\":\"https:\\\/\\\/algarve7.pt\\\/wp-content\\\/uploads\\\/2022\\\/08\\\/img1180632720Chua.png\",\"width\":884,\"height\":544},{\"@type\":\"BreadcrumbList\",\"@id\":\"https:\\\/\\\/algarve7.pt\\\/index.php\\\/2022\\\/12\\\/constrangimentos-nos-servicos-de-pediatria-para-o-fim-de-ano\\\/saude\\\/16\\\/32\\\/#breadcrumb\",\"itemListElement\":[{\"@type\":\"ListItem\",\"position\":1,\"name\":\"In\u00edcio\",\"item\":\"https:\\\/\\\/algarve7.pt\\\/\"},{\"@type\":\"ListItem\",\"position\":2,\"name\":\"Constrangimentos nos servi\u00e7os de pediatria para o fim de ano\"}]},{\"@type\":\"WebSite\",\"@id\":\"https:\\\/\\\/algarve7.pt\\\/#website\",\"url\":\"https:\\\/\\\/algarve7.pt\\\/\",\"name\":\"Algarve 7\",\"description\":\"Informa\u00e7\u00e3o sobre o Algarve\",\"publisher\":{\"@id\":\"https:\\\/\\\/algarve7.pt\\\/#organization\"},\"potentialAction\":[{\"@type\":\"SearchAction\",\"target\":{\"@type\":\"EntryPoint\",\"urlTemplate\":\"https:\\\/\\\/algarve7.pt\\\/?s={search_term_string}\"},\"query-input\":{\"@type\":\"PropertyValueSpecification\",\"valueRequired\":true,\"valueName\":\"search_term_string\"}}],\"inLanguage\":\"pt-PT\"},{\"@type\":\"Organization\",\"@id\":\"https:\\\/\\\/algarve7.pt\\\/#organization\",\"name\":\"Algarve 7\",\"url\":\"https:\\\/\\\/algarve7.pt\\\/\",\"logo\":{\"@type\":\"ImageObject\",\"inLanguage\":\"pt-PT\",\"@id\":\"https:\\\/\\\/algarve7.pt\\\/#\\\/schema\\\/logo\\\/image\\\/\",\"url\":\"https:\\\/\\\/algarve7.pt\\\/wp-content\\\/uploads\\\/2020\\\/10\\\/Logo-8.jpg\",\"contentUrl\":\"https:\\\/\\\/algarve7.pt\\\/wp-content\\\/uploads\\\/2020\\\/10\\\/Logo-8.jpg\",\"width\":1680,\"height\":1186,\"caption\":\"Algarve 7\"},\"image\":{\"@id\":\"https:\\\/\\\/algarve7.pt\\\/#\\\/schema\\\/logo\\\/image\\\/\"},\"sameAs\":[\"https:\\\/\\\/www.facebook.com\\\/algarve7\",\"https:\\\/\\\/x.com\\\/Algarvesete\",\"https:\\\/\\\/www.instagram.com\\\/jornalalgarve7\\\/\",\"https:\\\/\\\/www.linkedin.com\\\/company\\\/algarve7\",\"https:\\\/\\\/www.pinterest.pt\\\/geral0939\\\/_created\\\/\"]},{\"@type\":\"Person\",\"@id\":\"https:\\\/\\\/algarve7.pt\\\/#\\\/schema\\\/person\\\/23fa70681308e7b319a3204bcea45e0c\",\"name\":\"Algarve 7\",\"sameAs\":[\"https:\\\/\\\/algarve7.pt\",\"https:\\\/\\\/www.facebook.com\\\/algarve7\"],\"url\":\"https:\\\/\\\/algarve7.pt\\\/index.php\\\/author\\\/geralalgarve7-pt\\\/\"}]}<\/script>\n<!-- \/ Yoast SEO plugin. -->","yoast_head_json":{"title":"Constrangimentos nos servi\u00e7os de pediatria para o fim de ano - Algarve 7","description":"Constrangimentos nos servi\u00e7os de pediatria para o fim de ano Sa\u00fade","robots":{"index":"index","follow":"follow","max-snippet":"max-snippet:-1","max-image-preview":"max-image-preview:large","max-video-preview":"max-video-preview:-1"},"canonical":"https:\/\/algarve7.pt\/index.php\/2022\/12\/constrangimentos-nos-servicos-de-pediatria-para-o-fim-de-ano\/saude\/16\/32\/","og_locale":"pt_PT","og_type":"article","og_title":"Constrangimentos nos servi\u00e7os de pediatria para o fim de ano - Algarve 7","og_description":"Constrangimentos nos servi\u00e7os de pediatria para o fim de ano Sa\u00fade","og_url":"https:\/\/algarve7.pt\/index.php\/2022\/12\/constrangimentos-nos-servicos-de-pediatria-para-o-fim-de-ano\/saude\/16\/32\/","og_site_name":"Algarve 7","article_publisher":"https:\/\/www.facebook.com\/algarve7","article_author":"https:\/\/www.facebook.com\/algarve7","article_published_time":"2022-12-28T16:32:31+00:00","article_modified_time":"2022-12-28T16:33:25+00:00","og_image":[{"width":884,"height":544,"url":"https:\/\/algarve7.pt\/wp-content\/uploads\/2022\/08\/img1180632720Chua.png","type":"image\/png"}],"author":"Algarve 7","twitter_card":"summary_large_image","twitter_creator":"@Algarvesete","twitter_site":"@Algarvesete","twitter_misc":{"Escrito por":"Algarve 7","Tempo estimado de leitura":"2 minutos"},"schema":{"@context":"https:\/\/schema.org","@graph":[{"@type":"Article","@id":"https:\/\/algarve7.pt\/index.php\/2022\/12\/constrangimentos-nos-servicos-de-pediatria-para-o-fim-de-ano\/saude\/16\/32\/#article","isPartOf":{"@id":"https:\/\/algarve7.pt\/index.php\/2022\/12\/constrangimentos-nos-servicos-de-pediatria-para-o-fim-de-ano\/saude\/16\/32\/"},"author":{"name":"Algarve 7","@id":"https:\/\/algarve7.pt\/#\/schema\/person\/23fa70681308e7b319a3204bcea45e0c"},"headline":"Constrangimentos nos servi\u00e7os de pediatria para o fim de ano","datePublished":"2022-12-28T16:32:31+00:00","dateModified":"2022-12-28T16:33:25+00:00","mainEntityOfPage":{"@id":"https:\/\/algarve7.pt\/index.php\/2022\/12\/constrangimentos-nos-servicos-de-pediatria-para-o-fim-de-ano\/saude\/16\/32\/"},"wordCount":344,"publisher":{"@id":"https:\/\/algarve7.pt\/#organization"},"image":{"@id":"https:\/\/algarve7.pt\/index.php\/2022\/12\/constrangimentos-nos-servicos-de-pediatria-para-o-fim-de-ano\/saude\/16\/32\/#primaryimage"},"thumbnailUrl":"https:\/\/algarve7.pt\/wp-content\/uploads\/2022\/08\/img1180632720Chua.png","keywords":["Algarve","CHUA","Sa\u00fade"],"articleSection":["Sa\u00fade"],"inLanguage":"pt-PT"},{"@type":"WebPage","@id":"https:\/\/algarve7.pt\/index.php\/2022\/12\/constrangimentos-nos-servicos-de-pediatria-para-o-fim-de-ano\/saude\/16\/32\/","url":"https:\/\/algarve7.pt\/index.php\/2022\/12\/constrangimentos-nos-servicos-de-pediatria-para-o-fim-de-ano\/saude\/16\/32\/","name":"Constrangimentos nos servi\u00e7os de pediatria para o fim de ano - Algarve 7","isPartOf":{"@id":"https:\/\/algarve7.pt\/#website"},"primaryImageOfPage":{"@id":"https:\/\/algarve7.pt\/index.php\/2022\/12\/constrangimentos-nos-servicos-de-pediatria-para-o-fim-de-ano\/saude\/16\/32\/#primaryimage"},"image":{"@id":"https:\/\/algarve7.pt\/index.php\/2022\/12\/constrangimentos-nos-servicos-de-pediatria-para-o-fim-de-ano\/saude\/16\/32\/#primaryimage"},"thumbnailUrl":"https:\/\/algarve7.pt\/wp-content\/uploads\/2022\/08\/img1180632720Chua.png","datePublished":"2022-12-28T16:32:31+00:00","dateModified":"2022-12-28T16:33:25+00:00","description":"Constrangimentos nos servi\u00e7os de pediatria para o fim de ano Sa\u00fade","breadcrumb":{"@id":"https:\/\/algarve7.pt\/index.php\/2022\/12\/constrangimentos-nos-servicos-de-pediatria-para-o-fim-de-ano\/saude\/16\/32\/#breadcrumb"},"inLanguage":"pt-PT","potentialAction":[{"@type":"ReadAction","target":["https:\/\/algarve7.pt\/index.php\/2022\/12\/constrangimentos-nos-servicos-de-pediatria-para-o-fim-de-ano\/saude\/16\/32\/"]}]},{"@type":"ImageObject","inLanguage":"pt-PT","@id":"https:\/\/algarve7.pt\/index.php\/2022\/12\/constrangimentos-nos-servicos-de-pediatria-para-o-fim-de-ano\/saude\/16\/32\/#primaryimage","url":"https:\/\/algarve7.pt\/wp-content\/uploads\/2022\/08\/img1180632720Chua.png","contentUrl":"https:\/\/algarve7.pt\/wp-content\/uploads\/2022\/08\/img1180632720Chua.png","width":884,"height":544},{"@type":"BreadcrumbList","@id":"https:\/\/algarve7.pt\/index.php\/2022\/12\/constrangimentos-nos-servicos-de-pediatria-para-o-fim-de-ano\/saude\/16\/32\/#breadcrumb","itemListElement":[{"@type":"ListItem","position":1,"name":"In\u00edcio","item":"https:\/\/algarve7.pt\/"},{"@type":"ListItem","position":2,"name":"Constrangimentos nos servi\u00e7os de pediatria para o fim de ano"}]},{"@type":"WebSite","@id":"https:\/\/algarve7.pt\/#website","url":"https:\/\/algarve7.pt\/","name":"Algarve 7","description":"Informa\u00e7\u00e3o sobre o Algarve","publisher":{"@id":"https:\/\/algarve7.pt\/#organization"},"potentialAction":[{"@type":"SearchAction","target":{"@type":"EntryPoint","urlTemplate":"https:\/\/algarve7.pt\/?s={search_term_string}"},"query-input":{"@type":"PropertyValueSpecification","valueRequired":true,"valueName":"search_term_string"}}],"inLanguage":"pt-PT"},{"@type":"Organization","@id":"https:\/\/algarve7.pt\/#organization","name":"Algarve 7","url":"https:\/\/algarve7.pt\/","logo":{"@type":"ImageObject","inLanguage":"pt-PT","@id":"https:\/\/algarve7.pt\/#\/schema\/logo\/image\/","url":"https:\/\/algarve7.pt\/wp-content\/uploads\/2020\/10\/Logo-8.jpg","contentUrl":"https:\/\/algarve7.pt\/wp-content\/uploads\/2020\/10\/Logo-8.jpg","width":1680,"height":1186,"caption":"Algarve 7"},"image":{"@id":"https:\/\/algarve7.pt\/#\/schema\/logo\/image\/"},"sameAs":["https:\/\/www.facebook.com\/algarve7","https:\/\/x.com\/Algarvesete","https:\/\/www.instagram.com\/jornalalgarve7\/","https:\/\/www.linkedin.com\/company\/algarve7","https:\/\/www.pinterest.pt\/geral0939\/_created\/"]},{"@type":"Person","@id":"https:\/\/algarve7.pt\/#\/schema\/person\/23fa70681308e7b319a3204bcea45e0c","name":"Algarve 7","sameAs":["https:\/\/algarve7.pt","https:\/\/www.facebook.com\/algarve7"],"url":"https:\/\/algarve7.pt\/index.php\/author\/geralalgarve7-pt\/"}]}},"jetpack_publicize_connections":[],"jetpack_shortlink":"https:\/\/wp.me\/pcezmW-6n0","jetpack_sharing_enabled":true,"jetpack_featured_media_url":"https:\/\/algarve7.pt\/wp-content\/uploads\/2022\/08\/img1180632720Chua.png","_links":{"self":[{"href":"https:\/\/algarve7.pt\/index.php\/wp-json\/wp\/v2\/posts\/24490","targetHints":{"allow":["GET"]}}],"collection":[{"href":"https:\/\/algarve7.pt\/index.php\/wp-json\/wp\/v2\/posts"}],"about":[{"href":"https:\/\/algarve7.pt\/index.php\/wp-json\/wp\/v2\/types\/post"}],"author":[{"embeddable":true,"href":"https:\/\/algarve7.pt\/index.php\/wp-json\/wp\/v2\/users\/1"}],"replies":[{"embeddable":true,"href":"https:\/\/algarve7.pt\/index.php\/wp-json\/wp\/v2\/comments?post=24490"}],"version-history":[{"count":0,"href":"https:\/\/algarve7.pt\/index.php\/wp-json\/wp\/v2\/posts\/24490\/revisions"}],"wp:featuredmedia":[{"embeddable":true,"href":"https:\/\/algarve7.pt\/index.php\/wp-json\/wp\/v2\/media\/20796"}],"wp:attachment":[{"href":"https:\/\/algarve7.pt\/index.php\/wp-json\/wp\/v2\/media?parent=24490"}],"wp:term":[{"taxonomy":"category","embeddable":true,"href":"https:\/\/algarve7.pt\/index.php\/wp-json\/wp\/v2\/categories?post=24490"},{"taxonomy":"post_tag","embeddable":true,"href":"https:\/\/algarve7.pt\/index.php\/wp-json\/wp\/v2\/tags?post=24490"}],"curies":[{"name":"wp","href":"https:\/\/api.w.org\/{rel}","templated":true}]}}