{"id":24487,"date":"2022-12-28T14:18:15","date_gmt":"2022-12-28T14:18:15","guid":{"rendered":"https:\/\/algarve7.pt\/?p=24487"},"modified":"2022-12-28T14:18:18","modified_gmt":"2022-12-28T14:18:18","slug":"balanco-2022-reclamacoes-dirigidas-aos-servicos-publicos-disparam-41","status":"publish","type":"post","link":"https:\/\/algarve7.pt\/index.php\/2022\/12\/balanco-2022-reclamacoes-dirigidas-aos-servicos-publicos-disparam-41\/nacional\/14\/18\/","title":{"rendered":"Balan\u00e7o\/2022: Reclama\u00e7\u00f5es dirigidas aos servi\u00e7os p\u00fablicos disparam 41%"},"content":{"rendered":"\n<p class=\"wp-block-paragraph\">Este ano, o Portal da Queixa&nbsp;recebeu mais de 13.400 reclama\u00e7\u00f5es dirigidas aos servi\u00e7os p\u00fablicos, um aumento de 41% em rela\u00e7\u00e3o a 2019, ano de pr\u00e9-pandemia. O&nbsp;IMT, a Seguran\u00e7a Social, o SNS, o SEF e a Autoridade Tribut\u00e1ria est\u00e3o no topo da lista das entidades com mais reclama\u00e7\u00f5es.<\/p>\n\n\n\n<p class=\"wp-block-paragraph\">Na reta final de 2022, uma an\u00e1lise do Portal da Queixa revela quais os servi\u00e7os p\u00fablicos que receberam o maior n\u00famero de reclama\u00e7\u00f5es dos portugueses.&nbsp;<\/p>\n\n\n\n<p class=\"wp-block-paragraph\">De 01 janeiro a 27 de dezembro de 2022, foram dirigidas \u00e0 categoria&nbsp;Servi\u00e7os e Administra\u00e7\u00e3o P\u00fablica 13.445 reclama\u00e7\u00f5es, um aumento de 41%, em compara\u00e7\u00e3o com o per\u00edodo hom\u00f3logo de 2019 (ano de pr\u00e9-pandemia), onde se verificaram&nbsp;9.483 reclama\u00e7\u00f5es.<\/p>\n\n\n\n<p class=\"wp-block-paragraph\">As subcategorias analisadas foram: Administra\u00e7\u00e3o P\u00fablica, C\u00e2maras Municipais, Empresas de Gest\u00e3o Municipal, Institutos P\u00fablicos, Pol\u00edcia, Emerg\u00eancia e Bombeiros e Servi\u00e7os Sociais e Provid\u00eancia.&nbsp;<\/p>\n\n\n\n<p class=\"wp-block-paragraph\">Segundo revela a an\u00e1lise, no&nbsp;TOP 10 dos organismos p\u00fablicos com mais reclama\u00e7\u00f5es&nbsp;figuram:&nbsp;o&nbsp;Instituto da Mobilidade e dos Transportes&nbsp;(IMT) com a fatia mais elevada: 4.992 queixas (37% do total);&nbsp;a Seguran\u00e7a Social com&nbsp;967 reclama\u00e7\u00f5es; o Servi\u00e7o Nacional de Sa\u00fade (SNS) com 912 queixas; o Servi\u00e7o de Estrangeiros e Fronteiras (SEF) a somar 905 reclama\u00e7\u00f5es, a Autoridade Tribut\u00e1ria e Aduaneira (AT), com 783. Seguem-se a C\u00e2mara Municipal de Lisboa a absorver 441 reclama\u00e7\u00f5es; o Instituto dos Registos e do Notariado (IRN) a acolher 396 reclama\u00e7\u00f5es; o IEFP a registar 341 queixas, a C\u00e2mara Municipal de Almada com 271 reclama\u00e7\u00f5es e o Centro Nacional de Pens\u00f5es (267).<\/p>\n\n\n\n<p class=\"wp-block-paragraph\">Principais motivos de reclama\u00e7\u00e3o<\/p>\n\n\n\n<p class=\"wp-block-paragraph\">O estudo apurou ainda quais os principais motivos de reclama\u00e7\u00e3o dirigidos \u00e0s dez entidades mais reclamadas. No&nbsp;IMT,&nbsp;o principal problema reportado refere-se \u00e0 troca de carta estrangeira, a recolher mais de 61% das reclama\u00e7\u00f5es registadas (3.035).<\/p>\n\n\n\n<p class=\"wp-block-paragraph\">Na&nbsp;Seguran\u00e7a Social, cerca de 50% das queixas dos portugueses est\u00e3o relacionadas com o mau atendimento e falta de resposta do organismo e 31% reporta problemas com o Abono de Fam\u00edlia. J\u00e1 no&nbsp;SNS,&nbsp;o&nbsp;mau atendimento\/falta de apoio ao utente continua a ser um dos problemas que gera mais queixas, 49% do total. Outro motivo que absorve 25% das reclama\u00e7\u00f5es, est\u00e1 relacionado com o apoio prestado devido \u00e0 Covid-19.&nbsp;<\/p>\n\n\n\n<p class=\"wp-block-paragraph\">No&nbsp;SEF, a maioria das reclama\u00e7\u00f5es (63%) aponta como motivo os problemas com a renova\u00e7\u00e3o do t\u00edtulo de resid\u00eancia. As dificuldades no atendimento telef\u00f3nico para marca\u00e7\u00e3o de visita nas delega\u00e7\u00f5es do SEF somam 35% das queixas.&nbsp;<\/p>\n\n\n\n<p class=\"wp-block-paragraph\">Relativamente \u00e0&nbsp;AT,&nbsp;os problemas com o IBAN (por causa do apoio extraordin\u00e1rio do Estado), geraram 47% das queixas dirigidas \u00e0s finan\u00e7as e o atraso com o reembolso do IRS representa 32% das reclama\u00e7\u00f5es.&nbsp;&nbsp;<\/p>\n\n\n\n<p class=\"wp-block-paragraph\">Dirigidas \u00e0&nbsp;C\u00e2mara Municipal de Lisboa, destacaram-se duas queixas este ano: as multas de estacionamento (29%) e os problemas com a recolha de lixo (22%).&nbsp;<\/p>\n\n\n\n<p class=\"wp-block-paragraph\">No&nbsp;IRN, foram tr\u00eas os principais motivos de insatisfa\u00e7\u00e3o reportados:&nbsp;problemas no levantamento do cart\u00e3o de cidad\u00e3o (27%), mau atendimento (24%) e dificuldades na renova\u00e7\u00e3o do passaporte (8%).&nbsp;<\/p>\n\n\n\n<p class=\"wp-block-paragraph\">J\u00e1 no&nbsp;IEFP, a demora na aprova\u00e7\u00e3o de est\u00e1gios profissionais foi o motivo que mais queixas gerou: 32%.&nbsp;<\/p>\n\n\n\n<p class=\"wp-block-paragraph\">Da&nbsp;C\u00e2mara Municipal de Almada, o que os mun\u00edcipes mais reclamaram foi da recolha do lixo (22%).<\/p>\n\n\n\n<p class=\"wp-block-paragraph\">Os problemas com o c\u00e1lculo e atribui\u00e7\u00e3o das reformas estiveram na origem 56% das queixas dirigidas ao&nbsp;CNP.<\/p>\n\n\n\n<p class=\"wp-block-paragraph\">Finan\u00e7as t\u00eam a melhor performance de resolu\u00e7\u00e3o<\/p>\n\n\n\n<p class=\"wp-block-paragraph\">De acordo com os indicadores no Portal da Queixa, entre os v\u00e1rios organismos p\u00fablicos, a&nbsp;Autoridade Tribut\u00e1ria \u00e9 a entidade que mais resolve os problemas que lhe s\u00e3o reportados, com 96,9% de Taxa de Solu\u00e7\u00e3o, 99,6% de Taxa de Resposta e um \u00cdndice de Satisfa\u00e7\u00e3o (IS) avaliado em 91 pontos (em 100). Na resposta \u00e0s reclama\u00e7\u00f5es evidencia-se tamb\u00e9m o IEFP com 100% de Taxa de Resposta, Taxa de Solu\u00e7\u00e3o de 95,8% e um IS pontuado em 88.8. De referir ainda que o instituto foi distinguido, este ano, como \u201cMarca Recomendada 2022\u201d.&nbsp;<\/p>\n\n\n\n<p class=\"wp-block-paragraph\">Com altos indicadores de resolu\u00e7\u00e3o destaca-se o IMT com uma Taxa de Resposta de 100%, Taxa de Solu\u00e7\u00e3o de 77,8% e um \u00cdndice de Satisfa\u00e7\u00e3o cifrado em 82.3 pontos.&nbsp;<\/p>\n\n\n\n<p class=\"wp-block-paragraph\">Tamb\u00e9m as duas autarquias do TOP 10, registam uma Taxa de Resposta elevada aos problemas dos mun\u00edcipes: C\u00e2mara Municipal de Lisboa (100%) e a C\u00e2mara Municipal de Almada (97,7%).<\/p>\n\n\n\n<p class=\"wp-block-paragraph\">Por outro lado, com baixos indicadores de resolu\u00e7\u00e3o, sobressai a Seguran\u00e7a Social com 16,7% de Taxa de Solu\u00e7\u00e3o, 15,8% de Taxa de Resposta e IS de 17.1; o SNS com 10% de Taxa de Solu\u00e7\u00e3o e 9,4% de Taxa de Resposta e 11.4 de IS. Tamb\u00e9m \u00e9 baixo o n\u00edvel de performance do IRN com 16% de Taxa de Solu\u00e7\u00e3o, 15,4% de Taxa de Resposta e 16.7 de IS. O SEF \u00e9 outro organismo com fracos indicadores: 15,2% de Taxa de Solu\u00e7\u00e3o, 14,4% de Taxa de Resposta e 16.5 de IS. Baixos indicadores tamb\u00e9m para o CNP: 15.8% de Taxa de Solu\u00e7\u00e3o, 15,2% Taxa de Resposta e 15.4 de IS.<\/p>\n\n\n\n<p class=\"wp-block-paragraph\">Sobre os resultados aferidos,&nbsp;Pedro Louren\u00e7o, fundador do Portal da Queixa&nbsp;considera que: \u201cO servi\u00e7o p\u00fablico em Portugal deve ser encarado como um servi\u00e7o de excel\u00eancia ao cidad\u00e3o e a expectativa deste n\u00e3o deve ser muito diferente da que tem relativamente ao servi\u00e7o privado. Felizmente, esta realidade j\u00e1 est\u00e1 presente em algumas organiza\u00e7\u00f5es p\u00fablicas que apresentam altos \u00cdndices de Satisfa\u00e7\u00e3o no Portal da Queixa e s\u00e3o excelentes exemplos de&nbsp;Customer Success, demonstrando que \u00e9 poss\u00edvel prestar um servi\u00e7o de acordo com os padr\u00f5es de qualidade exigidos. Este aumento dos n\u00edveis de qualidade do servi\u00e7o tem sido potenciado pelas redes sociais &#8211; como o Portal da Queixa -, que em muito contribuem para a identifica\u00e7\u00e3o de falhas e apresenta\u00e7\u00e3o de melhorias junto dos cidad\u00e3os, mostrando que \u00e9 poss\u00edvel fazer mais e melhor.\u201d<\/p>\n\n\n\n<p class=\"wp-block-paragraph\"><br>De referir que, as reclama\u00e7\u00f5es dirigidas ao setor p\u00fablico foram vistas, nos \u00faltimos 12 meses, um total de\u00a01.171.110 vezes. Em m\u00e9dia, cada reclama\u00e7\u00e3o neste setor teve\u00a0186 visualiza\u00e7\u00f5es.<\/p>\n\n\n\n<p class=\"wp-block-paragraph\">Fonte: Portal da queixa<\/p>\n","protected":false},"excerpt":{"rendered":"<p>Este ano, o Portal da Queixa&nbsp;recebeu mais de 13.400 reclama\u00e7\u00f5es dirigidas aos servi\u00e7os p\u00fablicos, um aumento de 41% em rela\u00e7\u00e3o<\/p>\n","protected":false},"author":1,"featured_media":24488,"comment_status":"closed","ping_status":"open","sticky":false,"template":"","format":"standard","meta":{"colormag_page_container_layout":"default_layout","colormag_page_sidebar_layout":"default_layout","_monsterinsights_skip_tracking":false,"_jetpack_newsletter_access":"","_jetpack_dont_email_post_to_subs":false,"_jetpack_newsletter_tier_id":0,"_jetpack_memberships_contains_paywalled_content":false,"_jetpack_feature_clip_id":0,"_jetpack_memberships_contains_paid_content":false,"footnotes":"","jetpack_publicize_message":"","jetpack_publicize_feature_enabled":true,"jetpack_social_post_already_shared":true,"jetpack_social_options":{"image_generator_settings":{"template":"highway","default_image_id":0,"font":"","enabled":false},"version":2},"jetpack_post_was_ever_published":false},"categories":[189],"tags":[98,811],"class_list":["post-24487","post","type-post","status-publish","format-standard","has-post-thumbnail","hentry","category-nacional","tag-nacional","tag-portal-da-queixa"],"yoast_head":"<!-- This site is optimized with the Yoast SEO plugin v28.3 - https:\/\/yoast.com\/product\/yoast-seo-wordpress\/ -->\n<title>Balan\u00e7o\/2022: Reclama\u00e7\u00f5es dirigidas aos servi\u00e7os p\u00fablicos disparam 41% - Algarve 7<\/title>\n<meta name=\"description\" content=\"Balan\u00e7o\/2022: Reclama\u00e7\u00f5es dirigidas aos servi\u00e7os p\u00fablicos disparam 41% Nacional\" \/>\n<meta name=\"robots\" content=\"index, follow, max-snippet:-1, max-image-preview:large, max-video-preview:-1\" \/>\n<link rel=\"canonical\" href=\"https:\/\/algarve7.pt\/index.php\/2022\/12\/balanco-2022-reclamacoes-dirigidas-aos-servicos-publicos-disparam-41\/nacional\/14\/18\/\" \/>\n<meta property=\"og:locale\" content=\"pt_PT\" \/>\n<meta property=\"og:type\" content=\"article\" \/>\n<meta property=\"og:title\" content=\"Balan\u00e7o\/2022: Reclama\u00e7\u00f5es dirigidas aos servi\u00e7os p\u00fablicos disparam 41% - Algarve 7\" \/>\n<meta property=\"og:description\" content=\"Balan\u00e7o\/2022: Reclama\u00e7\u00f5es dirigidas aos servi\u00e7os p\u00fablicos disparam 41% Nacional\" \/>\n<meta property=\"og:url\" content=\"https:\/\/algarve7.pt\/index.php\/2022\/12\/balanco-2022-reclamacoes-dirigidas-aos-servicos-publicos-disparam-41\/nacional\/14\/18\/\" \/>\n<meta property=\"og:site_name\" content=\"Algarve 7\" \/>\n<meta property=\"article:publisher\" content=\"https:\/\/www.facebook.com\/algarve7\" \/>\n<meta property=\"article:author\" content=\"https:\/\/www.facebook.com\/algarve7\" \/>\n<meta property=\"article:published_time\" content=\"2022-12-28T14:18:15+00:00\" \/>\n<meta property=\"article:modified_time\" content=\"2022-12-28T14:18:18+00:00\" \/>\n<meta property=\"og:image\" content=\"https:\/\/algarve7.pt\/wp-content\/uploads\/2022\/12\/Captura-de-ecra-2022-12-28-as-14.16.23.png\" \/>\n\t<meta property=\"og:image:width\" content=\"1024\" \/>\n\t<meta property=\"og:image:height\" content=\"563\" \/>\n\t<meta property=\"og:image:type\" content=\"image\/png\" \/>\n<meta name=\"author\" content=\"Algarve 7\" \/>\n<meta name=\"twitter:card\" content=\"summary_large_image\" \/>\n<meta name=\"twitter:creator\" content=\"@Algarvesete\" \/>\n<meta name=\"twitter:site\" content=\"@Algarvesete\" \/>\n<meta name=\"twitter:label1\" content=\"Escrito por\" \/>\n\t<meta name=\"twitter:data1\" content=\"Algarve 7\" \/>\n\t<meta name=\"twitter:label2\" content=\"Tempo estimado de leitura\" \/>\n\t<meta name=\"twitter:data2\" content=\"6 minutos\" \/>\n<script type=\"application\/ld+json\" class=\"yoast-schema-graph\">{\"@context\":\"https:\\\/\\\/schema.org\",\"@graph\":[{\"@type\":\"Article\",\"@id\":\"https:\\\/\\\/algarve7.pt\\\/index.php\\\/2022\\\/12\\\/balanco-2022-reclamacoes-dirigidas-aos-servicos-publicos-disparam-41\\\/nacional\\\/14\\\/18\\\/#article\",\"isPartOf\":{\"@id\":\"https:\\\/\\\/algarve7.pt\\\/index.php\\\/2022\\\/12\\\/balanco-2022-reclamacoes-dirigidas-aos-servicos-publicos-disparam-41\\\/nacional\\\/14\\\/18\\\/\"},\"author\":{\"name\":\"Algarve 7\",\"@id\":\"https:\\\/\\\/algarve7.pt\\\/#\\\/schema\\\/person\\\/23fa70681308e7b319a3204bcea45e0c\"},\"headline\":\"Balan\u00e7o\\\/2022: Reclama\u00e7\u00f5es dirigidas aos servi\u00e7os p\u00fablicos disparam 41%\",\"datePublished\":\"2022-12-28T14:18:15+00:00\",\"dateModified\":\"2022-12-28T14:18:18+00:00\",\"mainEntityOfPage\":{\"@id\":\"https:\\\/\\\/algarve7.pt\\\/index.php\\\/2022\\\/12\\\/balanco-2022-reclamacoes-dirigidas-aos-servicos-publicos-disparam-41\\\/nacional\\\/14\\\/18\\\/\"},\"wordCount\":1064,\"publisher\":{\"@id\":\"https:\\\/\\\/algarve7.pt\\\/#organization\"},\"image\":{\"@id\":\"https:\\\/\\\/algarve7.pt\\\/index.php\\\/2022\\\/12\\\/balanco-2022-reclamacoes-dirigidas-aos-servicos-publicos-disparam-41\\\/nacional\\\/14\\\/18\\\/#primaryimage\"},\"thumbnailUrl\":\"https:\\\/\\\/algarve7.pt\\\/wp-content\\\/uploads\\\/2022\\\/12\\\/Captura-de-ecra-2022-12-28-as-14.16.23.png\",\"keywords\":[\"Nacional\",\"Portal da queixa\"],\"articleSection\":[\"Nacional\"],\"inLanguage\":\"pt-PT\"},{\"@type\":\"WebPage\",\"@id\":\"https:\\\/\\\/algarve7.pt\\\/index.php\\\/2022\\\/12\\\/balanco-2022-reclamacoes-dirigidas-aos-servicos-publicos-disparam-41\\\/nacional\\\/14\\\/18\\\/\",\"url\":\"https:\\\/\\\/algarve7.pt\\\/index.php\\\/2022\\\/12\\\/balanco-2022-reclamacoes-dirigidas-aos-servicos-publicos-disparam-41\\\/nacional\\\/14\\\/18\\\/\",\"name\":\"Balan\u00e7o\\\/2022: Reclama\u00e7\u00f5es dirigidas aos servi\u00e7os p\u00fablicos disparam 41% - Algarve 7\",\"isPartOf\":{\"@id\":\"https:\\\/\\\/algarve7.pt\\\/#website\"},\"primaryImageOfPage\":{\"@id\":\"https:\\\/\\\/algarve7.pt\\\/index.php\\\/2022\\\/12\\\/balanco-2022-reclamacoes-dirigidas-aos-servicos-publicos-disparam-41\\\/nacional\\\/14\\\/18\\\/#primaryimage\"},\"image\":{\"@id\":\"https:\\\/\\\/algarve7.pt\\\/index.php\\\/2022\\\/12\\\/balanco-2022-reclamacoes-dirigidas-aos-servicos-publicos-disparam-41\\\/nacional\\\/14\\\/18\\\/#primaryimage\"},\"thumbnailUrl\":\"https:\\\/\\\/algarve7.pt\\\/wp-content\\\/uploads\\\/2022\\\/12\\\/Captura-de-ecra-2022-12-28-as-14.16.23.png\",\"datePublished\":\"2022-12-28T14:18:15+00:00\",\"dateModified\":\"2022-12-28T14:18:18+00:00\",\"description\":\"Balan\u00e7o\\\/2022: Reclama\u00e7\u00f5es dirigidas aos servi\u00e7os p\u00fablicos disparam 41% Nacional\",\"breadcrumb\":{\"@id\":\"https:\\\/\\\/algarve7.pt\\\/index.php\\\/2022\\\/12\\\/balanco-2022-reclamacoes-dirigidas-aos-servicos-publicos-disparam-41\\\/nacional\\\/14\\\/18\\\/#breadcrumb\"},\"inLanguage\":\"pt-PT\",\"potentialAction\":[{\"@type\":\"ReadAction\",\"target\":[\"https:\\\/\\\/algarve7.pt\\\/index.php\\\/2022\\\/12\\\/balanco-2022-reclamacoes-dirigidas-aos-servicos-publicos-disparam-41\\\/nacional\\\/14\\\/18\\\/\"]}]},{\"@type\":\"ImageObject\",\"inLanguage\":\"pt-PT\",\"@id\":\"https:\\\/\\\/algarve7.pt\\\/index.php\\\/2022\\\/12\\\/balanco-2022-reclamacoes-dirigidas-aos-servicos-publicos-disparam-41\\\/nacional\\\/14\\\/18\\\/#primaryimage\",\"url\":\"https:\\\/\\\/algarve7.pt\\\/wp-content\\\/uploads\\\/2022\\\/12\\\/Captura-de-ecra-2022-12-28-as-14.16.23.png\",\"contentUrl\":\"https:\\\/\\\/algarve7.pt\\\/wp-content\\\/uploads\\\/2022\\\/12\\\/Captura-de-ecra-2022-12-28-as-14.16.23.png\",\"width\":1024,\"height\":563},{\"@type\":\"BreadcrumbList\",\"@id\":\"https:\\\/\\\/algarve7.pt\\\/index.php\\\/2022\\\/12\\\/balanco-2022-reclamacoes-dirigidas-aos-servicos-publicos-disparam-41\\\/nacional\\\/14\\\/18\\\/#breadcrumb\",\"itemListElement\":[{\"@type\":\"ListItem\",\"position\":1,\"name\":\"In\u00edcio\",\"item\":\"https:\\\/\\\/algarve7.pt\\\/\"},{\"@type\":\"ListItem\",\"position\":2,\"name\":\"Balan\u00e7o\\\/2022: Reclama\u00e7\u00f5es dirigidas aos servi\u00e7os p\u00fablicos disparam 41%\"}]},{\"@type\":\"WebSite\",\"@id\":\"https:\\\/\\\/algarve7.pt\\\/#website\",\"url\":\"https:\\\/\\\/algarve7.pt\\\/\",\"name\":\"Algarve 7\",\"description\":\"Informa\u00e7\u00e3o sobre o Algarve\",\"publisher\":{\"@id\":\"https:\\\/\\\/algarve7.pt\\\/#organization\"},\"potentialAction\":[{\"@type\":\"SearchAction\",\"target\":{\"@type\":\"EntryPoint\",\"urlTemplate\":\"https:\\\/\\\/algarve7.pt\\\/?s={search_term_string}\"},\"query-input\":{\"@type\":\"PropertyValueSpecification\",\"valueRequired\":true,\"valueName\":\"search_term_string\"}}],\"inLanguage\":\"pt-PT\"},{\"@type\":\"Organization\",\"@id\":\"https:\\\/\\\/algarve7.pt\\\/#organization\",\"name\":\"Algarve 7\",\"url\":\"https:\\\/\\\/algarve7.pt\\\/\",\"logo\":{\"@type\":\"ImageObject\",\"inLanguage\":\"pt-PT\",\"@id\":\"https:\\\/\\\/algarve7.pt\\\/#\\\/schema\\\/logo\\\/image\\\/\",\"url\":\"https:\\\/\\\/algarve7.pt\\\/wp-content\\\/uploads\\\/2020\\\/10\\\/Logo-8.jpg\",\"contentUrl\":\"https:\\\/\\\/algarve7.pt\\\/wp-content\\\/uploads\\\/2020\\\/10\\\/Logo-8.jpg\",\"width\":1680,\"height\":1186,\"caption\":\"Algarve 7\"},\"image\":{\"@id\":\"https:\\\/\\\/algarve7.pt\\\/#\\\/schema\\\/logo\\\/image\\\/\"},\"sameAs\":[\"https:\\\/\\\/www.facebook.com\\\/algarve7\",\"https:\\\/\\\/x.com\\\/Algarvesete\",\"https:\\\/\\\/www.instagram.com\\\/jornalalgarve7\\\/\",\"https:\\\/\\\/www.linkedin.com\\\/company\\\/algarve7\",\"https:\\\/\\\/www.pinterest.pt\\\/geral0939\\\/_created\\\/\"]},{\"@type\":\"Person\",\"@id\":\"https:\\\/\\\/algarve7.pt\\\/#\\\/schema\\\/person\\\/23fa70681308e7b319a3204bcea45e0c\",\"name\":\"Algarve 7\",\"sameAs\":[\"https:\\\/\\\/algarve7.pt\",\"https:\\\/\\\/www.facebook.com\\\/algarve7\"],\"url\":\"https:\\\/\\\/algarve7.pt\\\/index.php\\\/author\\\/geralalgarve7-pt\\\/\"}]}<\/script>\n<!-- \/ Yoast SEO plugin. -->","yoast_head_json":{"title":"Balan\u00e7o\/2022: Reclama\u00e7\u00f5es dirigidas aos servi\u00e7os p\u00fablicos disparam 41% - Algarve 7","description":"Balan\u00e7o\/2022: Reclama\u00e7\u00f5es dirigidas aos servi\u00e7os p\u00fablicos disparam 41% Nacional","robots":{"index":"index","follow":"follow","max-snippet":"max-snippet:-1","max-image-preview":"max-image-preview:large","max-video-preview":"max-video-preview:-1"},"canonical":"https:\/\/algarve7.pt\/index.php\/2022\/12\/balanco-2022-reclamacoes-dirigidas-aos-servicos-publicos-disparam-41\/nacional\/14\/18\/","og_locale":"pt_PT","og_type":"article","og_title":"Balan\u00e7o\/2022: Reclama\u00e7\u00f5es dirigidas aos servi\u00e7os p\u00fablicos disparam 41% - Algarve 7","og_description":"Balan\u00e7o\/2022: Reclama\u00e7\u00f5es dirigidas aos servi\u00e7os p\u00fablicos disparam 41% Nacional","og_url":"https:\/\/algarve7.pt\/index.php\/2022\/12\/balanco-2022-reclamacoes-dirigidas-aos-servicos-publicos-disparam-41\/nacional\/14\/18\/","og_site_name":"Algarve 7","article_publisher":"https:\/\/www.facebook.com\/algarve7","article_author":"https:\/\/www.facebook.com\/algarve7","article_published_time":"2022-12-28T14:18:15+00:00","article_modified_time":"2022-12-28T14:18:18+00:00","og_image":[{"width":1024,"height":563,"url":"https:\/\/algarve7.pt\/wp-content\/uploads\/2022\/12\/Captura-de-ecra-2022-12-28-as-14.16.23.png","type":"image\/png"}],"author":"Algarve 7","twitter_card":"summary_large_image","twitter_creator":"@Algarvesete","twitter_site":"@Algarvesete","twitter_misc":{"Escrito por":"Algarve 7","Tempo estimado de leitura":"6 minutos"},"schema":{"@context":"https:\/\/schema.org","@graph":[{"@type":"Article","@id":"https:\/\/algarve7.pt\/index.php\/2022\/12\/balanco-2022-reclamacoes-dirigidas-aos-servicos-publicos-disparam-41\/nacional\/14\/18\/#article","isPartOf":{"@id":"https:\/\/algarve7.pt\/index.php\/2022\/12\/balanco-2022-reclamacoes-dirigidas-aos-servicos-publicos-disparam-41\/nacional\/14\/18\/"},"author":{"name":"Algarve 7","@id":"https:\/\/algarve7.pt\/#\/schema\/person\/23fa70681308e7b319a3204bcea45e0c"},"headline":"Balan\u00e7o\/2022: Reclama\u00e7\u00f5es dirigidas aos servi\u00e7os p\u00fablicos disparam 41%","datePublished":"2022-12-28T14:18:15+00:00","dateModified":"2022-12-28T14:18:18+00:00","mainEntityOfPage":{"@id":"https:\/\/algarve7.pt\/index.php\/2022\/12\/balanco-2022-reclamacoes-dirigidas-aos-servicos-publicos-disparam-41\/nacional\/14\/18\/"},"wordCount":1064,"publisher":{"@id":"https:\/\/algarve7.pt\/#organization"},"image":{"@id":"https:\/\/algarve7.pt\/index.php\/2022\/12\/balanco-2022-reclamacoes-dirigidas-aos-servicos-publicos-disparam-41\/nacional\/14\/18\/#primaryimage"},"thumbnailUrl":"https:\/\/algarve7.pt\/wp-content\/uploads\/2022\/12\/Captura-de-ecra-2022-12-28-as-14.16.23.png","keywords":["Nacional","Portal da queixa"],"articleSection":["Nacional"],"inLanguage":"pt-PT"},{"@type":"WebPage","@id":"https:\/\/algarve7.pt\/index.php\/2022\/12\/balanco-2022-reclamacoes-dirigidas-aos-servicos-publicos-disparam-41\/nacional\/14\/18\/","url":"https:\/\/algarve7.pt\/index.php\/2022\/12\/balanco-2022-reclamacoes-dirigidas-aos-servicos-publicos-disparam-41\/nacional\/14\/18\/","name":"Balan\u00e7o\/2022: Reclama\u00e7\u00f5es dirigidas aos servi\u00e7os p\u00fablicos disparam 41% - Algarve 7","isPartOf":{"@id":"https:\/\/algarve7.pt\/#website"},"primaryImageOfPage":{"@id":"https:\/\/algarve7.pt\/index.php\/2022\/12\/balanco-2022-reclamacoes-dirigidas-aos-servicos-publicos-disparam-41\/nacional\/14\/18\/#primaryimage"},"image":{"@id":"https:\/\/algarve7.pt\/index.php\/2022\/12\/balanco-2022-reclamacoes-dirigidas-aos-servicos-publicos-disparam-41\/nacional\/14\/18\/#primaryimage"},"thumbnailUrl":"https:\/\/algarve7.pt\/wp-content\/uploads\/2022\/12\/Captura-de-ecra-2022-12-28-as-14.16.23.png","datePublished":"2022-12-28T14:18:15+00:00","dateModified":"2022-12-28T14:18:18+00:00","description":"Balan\u00e7o\/2022: Reclama\u00e7\u00f5es dirigidas aos servi\u00e7os p\u00fablicos disparam 41% Nacional","breadcrumb":{"@id":"https:\/\/algarve7.pt\/index.php\/2022\/12\/balanco-2022-reclamacoes-dirigidas-aos-servicos-publicos-disparam-41\/nacional\/14\/18\/#breadcrumb"},"inLanguage":"pt-PT","potentialAction":[{"@type":"ReadAction","target":["https:\/\/algarve7.pt\/index.php\/2022\/12\/balanco-2022-reclamacoes-dirigidas-aos-servicos-publicos-disparam-41\/nacional\/14\/18\/"]}]},{"@type":"ImageObject","inLanguage":"pt-PT","@id":"https:\/\/algarve7.pt\/index.php\/2022\/12\/balanco-2022-reclamacoes-dirigidas-aos-servicos-publicos-disparam-41\/nacional\/14\/18\/#primaryimage","url":"https:\/\/algarve7.pt\/wp-content\/uploads\/2022\/12\/Captura-de-ecra-2022-12-28-as-14.16.23.png","contentUrl":"https:\/\/algarve7.pt\/wp-content\/uploads\/2022\/12\/Captura-de-ecra-2022-12-28-as-14.16.23.png","width":1024,"height":563},{"@type":"BreadcrumbList","@id":"https:\/\/algarve7.pt\/index.php\/2022\/12\/balanco-2022-reclamacoes-dirigidas-aos-servicos-publicos-disparam-41\/nacional\/14\/18\/#breadcrumb","itemListElement":[{"@type":"ListItem","position":1,"name":"In\u00edcio","item":"https:\/\/algarve7.pt\/"},{"@type":"ListItem","position":2,"name":"Balan\u00e7o\/2022: Reclama\u00e7\u00f5es dirigidas aos servi\u00e7os p\u00fablicos disparam 41%"}]},{"@type":"WebSite","@id":"https:\/\/algarve7.pt\/#website","url":"https:\/\/algarve7.pt\/","name":"Algarve 7","description":"Informa\u00e7\u00e3o sobre o Algarve","publisher":{"@id":"https:\/\/algarve7.pt\/#organization"},"potentialAction":[{"@type":"SearchAction","target":{"@type":"EntryPoint","urlTemplate":"https:\/\/algarve7.pt\/?s={search_term_string}"},"query-input":{"@type":"PropertyValueSpecification","valueRequired":true,"valueName":"search_term_string"}}],"inLanguage":"pt-PT"},{"@type":"Organization","@id":"https:\/\/algarve7.pt\/#organization","name":"Algarve 7","url":"https:\/\/algarve7.pt\/","logo":{"@type":"ImageObject","inLanguage":"pt-PT","@id":"https:\/\/algarve7.pt\/#\/schema\/logo\/image\/","url":"https:\/\/algarve7.pt\/wp-content\/uploads\/2020\/10\/Logo-8.jpg","contentUrl":"https:\/\/algarve7.pt\/wp-content\/uploads\/2020\/10\/Logo-8.jpg","width":1680,"height":1186,"caption":"Algarve 7"},"image":{"@id":"https:\/\/algarve7.pt\/#\/schema\/logo\/image\/"},"sameAs":["https:\/\/www.facebook.com\/algarve7","https:\/\/x.com\/Algarvesete","https:\/\/www.instagram.com\/jornalalgarve7\/","https:\/\/www.linkedin.com\/company\/algarve7","https:\/\/www.pinterest.pt\/geral0939\/_created\/"]},{"@type":"Person","@id":"https:\/\/algarve7.pt\/#\/schema\/person\/23fa70681308e7b319a3204bcea45e0c","name":"Algarve 7","sameAs":["https:\/\/algarve7.pt","https:\/\/www.facebook.com\/algarve7"],"url":"https:\/\/algarve7.pt\/index.php\/author\/geralalgarve7-pt\/"}]}},"jetpack_publicize_connections":[],"jetpack_shortlink":"https:\/\/wp.me\/pcezmW-6mX","jetpack_sharing_enabled":true,"jetpack_featured_media_url":"https:\/\/algarve7.pt\/wp-content\/uploads\/2022\/12\/Captura-de-ecra-2022-12-28-as-14.16.23.png","_links":{"self":[{"href":"https:\/\/algarve7.pt\/index.php\/wp-json\/wp\/v2\/posts\/24487","targetHints":{"allow":["GET"]}}],"collection":[{"href":"https:\/\/algarve7.pt\/index.php\/wp-json\/wp\/v2\/posts"}],"about":[{"href":"https:\/\/algarve7.pt\/index.php\/wp-json\/wp\/v2\/types\/post"}],"author":[{"embeddable":true,"href":"https:\/\/algarve7.pt\/index.php\/wp-json\/wp\/v2\/users\/1"}],"replies":[{"embeddable":true,"href":"https:\/\/algarve7.pt\/index.php\/wp-json\/wp\/v2\/comments?post=24487"}],"version-history":[{"count":0,"href":"https:\/\/algarve7.pt\/index.php\/wp-json\/wp\/v2\/posts\/24487\/revisions"}],"wp:featuredmedia":[{"embeddable":true,"href":"https:\/\/algarve7.pt\/index.php\/wp-json\/wp\/v2\/media\/24488"}],"wp:attachment":[{"href":"https:\/\/algarve7.pt\/index.php\/wp-json\/wp\/v2\/media?parent=24487"}],"wp:term":[{"taxonomy":"category","embeddable":true,"href":"https:\/\/algarve7.pt\/index.php\/wp-json\/wp\/v2\/categories?post=24487"},{"taxonomy":"post_tag","embeddable":true,"href":"https:\/\/algarve7.pt\/index.php\/wp-json\/wp\/v2\/tags?post=24487"}],"curies":[{"name":"wp","href":"https:\/\/api.w.org\/{rel}","templated":true}]}}