{"id":24458,"date":"2022-12-26T17:46:13","date_gmt":"2022-12-26T17:46:13","guid":{"rendered":"https:\/\/algarve7.pt\/?p=24458"},"modified":"2022-12-26T17:46:15","modified_gmt":"2022-12-26T17:46:15","slug":"a-rua-da-europa-celebra-primeiro-aniversario-e-ja-acolheu-muitos-jovens-e-projetos-inspiradores","status":"publish","type":"post","link":"https:\/\/algarve7.pt\/index.php\/2022\/12\/a-rua-da-europa-celebra-primeiro-aniversario-e-ja-acolheu-muitos-jovens-e-projetos-inspiradores\/atualidade\/17\/46\/","title":{"rendered":"A Rua da Europa celebra primeiro anivers\u00e1rio e j\u00e1 acolheu muitos jovens e projetos inspiradores"},"content":{"rendered":"\n<p>No ano em que assinala 20 anos desde a sua funda\u00e7\u00e3o, a RUA FM acolheu uma rubrica que, ao longo de cerca de seis minutos, nos permite percorrer uma RUA bastante movimentada, multicultural e inclusiva que fala de uma EUROPA que \u00e9 de todos e para todos.<\/p>\n\n\n\n<p>Semanalmente, \u00e0s segundas-feiras \u00e0s 08h45, com repeti\u00e7\u00e3o \u00e0s 18h45, a Rua da Europa tem transmiss\u00e3o regular na RUA FM &#8211; R\u00e1dio Universit\u00e1ria do Algarve. A celebrar o primeiro anivers\u00e1rio e a 50.\u00aa edi\u00e7\u00e3o, quem a escuta \u00e9 levado a passear por uma rua muito especial.<\/p>\n\n\n\n<p>\u00c9 uma viagem pela diversidade cultural e lingu\u00edstica da Europa \u2013 atrav\u00e9s do \u00abSpeakCorner\u00bb, mas \u00e9 tamb\u00e9m uma viagem de encontros, com jovens e projetos inspiradores \u2013 atrav\u00e9s dos \u00abDestaques\u00bb em modelo de entrevista.<\/p>\n\n\n\n<p>N\u00b4A Rua da Europa h\u00e1 espa\u00e7o tamb\u00e9m para informar e convidar \u00e0 reflex\u00e3o sobre o projeto europeu \u2013 com as not\u00edcias \u00abBreves\u00bb e o \u00abSabias que?!\u00bb.<\/p>\n\n\n\n<p>O objetivo do programa, que se desenvolveu e amadureceu durante o Ano Europeu da Juventude 2022, passa por dar voz aos jovens que est\u00e3o na regi\u00e3o ou s\u00e3o daqui oriundos, convidando-os \u00e0 participa\u00e7\u00e3o ativa na constru\u00e7\u00e3o do projeto europeu.<\/p>\n\n\n\n<p>Por essa raz\u00e3o, o alinhamento mensal dos programas tenta acompanhar as iniciativas e projetos mais relevantes, para os jovens entre os 17 e os 35 anos, a n\u00edvel europeu (Erasmus + e outros), mas tamb\u00e9m a n\u00edvel regional e transfronteiri\u00e7o: comemora\u00e7\u00e3o de efem\u00e9rides, semanas europeias, eventos, oportunidades de voluntariado, est\u00e1gio ou emprego, entre outros.<\/p>\n\n\n\n<p>Equipa conta com 10 volunt\u00e1rios<\/p>\n\n\n\n<p>Semanalmente, na prepara\u00e7\u00e3o, grava\u00e7\u00e3o e edi\u00e7\u00e3o da rubrica est\u00e3o atualmente 10 volunt\u00e1rios (que sucederam aos 6 primeiros) sempre prontos para os mais variados desafios. Uma equipa intergeracional (maioritariamente com idade inferior a 35 anos), diversa quanto ao g\u00e9nero e interdisciplinar: um antigo aluno da ETIC Algarve, uma estudante da Escola Secund\u00e1ria Tomas Cabreira, estudantes de Comunica\u00e7\u00e3o da Universidade do Algarve, uma jornalista, um jovem cientista da equipa do Centro de Ci\u00eancia Viva do Algarve (CCValg), duas jovens empres\u00e1rias e duas colegas das redes europeias CDE e EuropeDirect.<\/p>\n\n\n\n<p>Nesta RUA t\u00e3o especial h\u00e1 sempre espa\u00e7o para mais um: na edi\u00e7\u00e3o de som, locu\u00e7\u00e3o, entrevistas, produ\u00e7\u00e3o de textos ou comunica\u00e7\u00e3o ou contribuindo de alguma outra forma para o projeto. Todos s\u00e3o bem-vindos!<\/p>\n\n\n\n<p>Contactos: <a href=\"mailto:europedirect@ccdr-alg.pt\" target=\"_blank\" rel=\"noreferrer noopener\">europedirect@ccdr-alg.pt<\/a> ou <a href=\"cde@ualg.pt\" target=\"_blank\" rel=\"noreferrer noopener\">cde@ualg.pt <\/a><\/p>\n\n\n\n<p>Em 2023, o Ano Europeu das Compet\u00eancias ser\u00e1 o tema de destaque e est\u00e3o tamb\u00e9m previstas algumas novidades, sobretudo para maio, conhecido como o \u00abM\u00eas da Europa\u00bb!<\/p>\n\n\n\n<p>A rubrica \u00abA Rua da Europa\u00bb \u00e9 uma iniciativa do Centro de Documenta\u00e7\u00e3o Europeia da Universidade do Algarve e do Europe Direct Algarve, acolhido pela Comiss\u00e3o de Coordena\u00e7\u00e3o e Desenvolvimento Regional (CCDR) da Regi\u00e3o do Algarve, com a parceria da Rede MOVE Algarve e o apoio imprescind\u00edvel da RUA FM \u2013 R\u00e1dio Universit\u00e1ria do Algarve.<\/p>\n","protected":false},"excerpt":{"rendered":"<p>No ano em que assinala 20 anos desde a sua funda\u00e7\u00e3o, a RUA FM acolheu uma rubrica que, ao longo<\/p>\n","protected":false},"author":1,"featured_media":24459,"comment_status":"closed","ping_status":"open","sticky":false,"template":"","format":"standard","meta":{"colormag_page_container_layout":"default_layout","colormag_page_sidebar_layout":"default_layout","_monsterinsights_skip_tracking":false,"_monsterinsights_sitenote_active":false,"_monsterinsights_sitenote_note":"","_monsterinsights_sitenote_category":0,"jetpack_post_was_ever_published":false,"_jetpack_newsletter_access":"","_jetpack_dont_email_post_to_subs":false,"_jetpack_newsletter_tier_id":0,"_jetpack_memberships_contains_paywalled_content":false,"_jetpack_memberships_contains_paid_content":false,"footnotes":"","jetpack_publicize_message":"","jetpack_publicize_feature_enabled":true,"jetpack_social_post_already_shared":true,"jetpack_social_options":{"image_generator_settings":{"template":"highway","default_image_id":0,"font":"","enabled":false},"version":2}},"categories":[11],"tags":[36,62,143],"class_list":["post-24458","post","type-post","status-publish","format-standard","has-post-thumbnail","hentry","category-atualidade","tag-algarve","tag-atualidade","tag-ccdr-algarve"],"yoast_head":"<!-- This site is optimized with the Yoast SEO plugin v27.5 - https:\/\/yoast.com\/product\/yoast-seo-wordpress\/ -->\n<title>A Rua da Europa celebra primeiro anivers\u00e1rio e j\u00e1 acolheu muitos jovens e projetos inspiradores - Algarve 7<\/title>\n<meta name=\"description\" content=\"A Rua da Europa celebra primeiro anivers\u00e1rio e j\u00e1 acolheu muitos jovens e projetos inspiradores Atualidade\" \/>\n<meta name=\"robots\" content=\"index, follow, max-snippet:-1, max-image-preview:large, max-video-preview:-1\" \/>\n<link rel=\"canonical\" href=\"https:\/\/algarve7.pt\/index.php\/2022\/12\/a-rua-da-europa-celebra-primeiro-aniversario-e-ja-acolheu-muitos-jovens-e-projetos-inspiradores\/atualidade\/17\/46\/\" \/>\n<meta property=\"og:locale\" content=\"pt_PT\" \/>\n<meta property=\"og:type\" content=\"article\" \/>\n<meta property=\"og:title\" content=\"A Rua da Europa celebra primeiro anivers\u00e1rio e j\u00e1 acolheu muitos jovens e projetos inspiradores - Algarve 7\" \/>\n<meta property=\"og:description\" content=\"A Rua da Europa celebra primeiro anivers\u00e1rio e j\u00e1 acolheu muitos jovens e projetos inspiradores Atualidade\" \/>\n<meta property=\"og:url\" content=\"https:\/\/algarve7.pt\/index.php\/2022\/12\/a-rua-da-europa-celebra-primeiro-aniversario-e-ja-acolheu-muitos-jovens-e-projetos-inspiradores\/atualidade\/17\/46\/\" \/>\n<meta property=\"og:site_name\" content=\"Algarve 7\" \/>\n<meta property=\"article:publisher\" content=\"https:\/\/www.facebook.com\/algarve7\" \/>\n<meta property=\"article:author\" content=\"https:\/\/www.facebook.com\/algarve7\" \/>\n<meta property=\"article:published_time\" content=\"2022-12-26T17:46:13+00:00\" \/>\n<meta property=\"article:modified_time\" content=\"2022-12-26T17:46:15+00:00\" \/>\n<meta property=\"og:image\" content=\"https:\/\/algarve7.pt\/wp-content\/uploads\/2022\/12\/20221226_A-Rua-da-Europa_50.jpg\" \/>\n\t<meta property=\"og:image:width\" content=\"1080\" \/>\n\t<meta property=\"og:image:height\" content=\"1080\" \/>\n\t<meta property=\"og:image:type\" content=\"image\/jpeg\" \/>\n<meta name=\"author\" content=\"Algarve 7\" \/>\n<meta name=\"twitter:card\" content=\"summary_large_image\" \/>\n<meta name=\"twitter:creator\" content=\"@Algarvesete\" \/>\n<meta name=\"twitter:site\" content=\"@Algarvesete\" \/>\n<meta name=\"twitter:label1\" content=\"Escrito por\" \/>\n\t<meta name=\"twitter:data1\" content=\"Algarve 7\" \/>\n\t<meta name=\"twitter:label2\" content=\"Tempo estimado de leitura\" \/>\n\t<meta name=\"twitter:data2\" content=\"3 minutos\" \/>\n<script type=\"application\/ld+json\" class=\"yoast-schema-graph\">{\"@context\":\"https:\\\/\\\/schema.org\",\"@graph\":[{\"@type\":\"Article\",\"@id\":\"https:\\\/\\\/algarve7.pt\\\/index.php\\\/2022\\\/12\\\/a-rua-da-europa-celebra-primeiro-aniversario-e-ja-acolheu-muitos-jovens-e-projetos-inspiradores\\\/atualidade\\\/17\\\/46\\\/#article\",\"isPartOf\":{\"@id\":\"https:\\\/\\\/algarve7.pt\\\/index.php\\\/2022\\\/12\\\/a-rua-da-europa-celebra-primeiro-aniversario-e-ja-acolheu-muitos-jovens-e-projetos-inspiradores\\\/atualidade\\\/17\\\/46\\\/\"},\"author\":{\"name\":\"Algarve 7\",\"@id\":\"https:\\\/\\\/algarve7.pt\\\/#\\\/schema\\\/person\\\/23fa70681308e7b319a3204bcea45e0c\"},\"headline\":\"A Rua da Europa celebra primeiro anivers\u00e1rio e j\u00e1 acolheu muitos jovens e projetos inspiradores\",\"datePublished\":\"2022-12-26T17:46:13+00:00\",\"dateModified\":\"2022-12-26T17:46:15+00:00\",\"mainEntityOfPage\":{\"@id\":\"https:\\\/\\\/algarve7.pt\\\/index.php\\\/2022\\\/12\\\/a-rua-da-europa-celebra-primeiro-aniversario-e-ja-acolheu-muitos-jovens-e-projetos-inspiradores\\\/atualidade\\\/17\\\/46\\\/\"},\"wordCount\":512,\"publisher\":{\"@id\":\"https:\\\/\\\/algarve7.pt\\\/#organization\"},\"image\":{\"@id\":\"https:\\\/\\\/algarve7.pt\\\/index.php\\\/2022\\\/12\\\/a-rua-da-europa-celebra-primeiro-aniversario-e-ja-acolheu-muitos-jovens-e-projetos-inspiradores\\\/atualidade\\\/17\\\/46\\\/#primaryimage\"},\"thumbnailUrl\":\"https:\\\/\\\/algarve7.pt\\\/wp-content\\\/uploads\\\/2022\\\/12\\\/20221226_A-Rua-da-Europa_50.jpg\",\"keywords\":[\"Algarve\",\"Atualidade\",\"CCDR Algarve\"],\"articleSection\":[\"Atualidade\"],\"inLanguage\":\"pt-PT\"},{\"@type\":\"WebPage\",\"@id\":\"https:\\\/\\\/algarve7.pt\\\/index.php\\\/2022\\\/12\\\/a-rua-da-europa-celebra-primeiro-aniversario-e-ja-acolheu-muitos-jovens-e-projetos-inspiradores\\\/atualidade\\\/17\\\/46\\\/\",\"url\":\"https:\\\/\\\/algarve7.pt\\\/index.php\\\/2022\\\/12\\\/a-rua-da-europa-celebra-primeiro-aniversario-e-ja-acolheu-muitos-jovens-e-projetos-inspiradores\\\/atualidade\\\/17\\\/46\\\/\",\"name\":\"A Rua da Europa celebra primeiro anivers\u00e1rio e j\u00e1 acolheu muitos jovens e projetos inspiradores - Algarve 7\",\"isPartOf\":{\"@id\":\"https:\\\/\\\/algarve7.pt\\\/#website\"},\"primaryImageOfPage\":{\"@id\":\"https:\\\/\\\/algarve7.pt\\\/index.php\\\/2022\\\/12\\\/a-rua-da-europa-celebra-primeiro-aniversario-e-ja-acolheu-muitos-jovens-e-projetos-inspiradores\\\/atualidade\\\/17\\\/46\\\/#primaryimage\"},\"image\":{\"@id\":\"https:\\\/\\\/algarve7.pt\\\/index.php\\\/2022\\\/12\\\/a-rua-da-europa-celebra-primeiro-aniversario-e-ja-acolheu-muitos-jovens-e-projetos-inspiradores\\\/atualidade\\\/17\\\/46\\\/#primaryimage\"},\"thumbnailUrl\":\"https:\\\/\\\/algarve7.pt\\\/wp-content\\\/uploads\\\/2022\\\/12\\\/20221226_A-Rua-da-Europa_50.jpg\",\"datePublished\":\"2022-12-26T17:46:13+00:00\",\"dateModified\":\"2022-12-26T17:46:15+00:00\",\"description\":\"A Rua da Europa celebra primeiro anivers\u00e1rio e j\u00e1 acolheu muitos jovens e projetos inspiradores Atualidade\",\"breadcrumb\":{\"@id\":\"https:\\\/\\\/algarve7.pt\\\/index.php\\\/2022\\\/12\\\/a-rua-da-europa-celebra-primeiro-aniversario-e-ja-acolheu-muitos-jovens-e-projetos-inspiradores\\\/atualidade\\\/17\\\/46\\\/#breadcrumb\"},\"inLanguage\":\"pt-PT\",\"potentialAction\":[{\"@type\":\"ReadAction\",\"target\":[\"https:\\\/\\\/algarve7.pt\\\/index.php\\\/2022\\\/12\\\/a-rua-da-europa-celebra-primeiro-aniversario-e-ja-acolheu-muitos-jovens-e-projetos-inspiradores\\\/atualidade\\\/17\\\/46\\\/\"]}]},{\"@type\":\"ImageObject\",\"inLanguage\":\"pt-PT\",\"@id\":\"https:\\\/\\\/algarve7.pt\\\/index.php\\\/2022\\\/12\\\/a-rua-da-europa-celebra-primeiro-aniversario-e-ja-acolheu-muitos-jovens-e-projetos-inspiradores\\\/atualidade\\\/17\\\/46\\\/#primaryimage\",\"url\":\"https:\\\/\\\/algarve7.pt\\\/wp-content\\\/uploads\\\/2022\\\/12\\\/20221226_A-Rua-da-Europa_50.jpg\",\"contentUrl\":\"https:\\\/\\\/algarve7.pt\\\/wp-content\\\/uploads\\\/2022\\\/12\\\/20221226_A-Rua-da-Europa_50.jpg\",\"width\":1080,\"height\":1080},{\"@type\":\"BreadcrumbList\",\"@id\":\"https:\\\/\\\/algarve7.pt\\\/index.php\\\/2022\\\/12\\\/a-rua-da-europa-celebra-primeiro-aniversario-e-ja-acolheu-muitos-jovens-e-projetos-inspiradores\\\/atualidade\\\/17\\\/46\\\/#breadcrumb\",\"itemListElement\":[{\"@type\":\"ListItem\",\"position\":1,\"name\":\"In\u00edcio\",\"item\":\"https:\\\/\\\/algarve7.pt\\\/\"},{\"@type\":\"ListItem\",\"position\":2,\"name\":\"A Rua da Europa celebra primeiro anivers\u00e1rio e j\u00e1 acolheu muitos jovens e projetos inspiradores\"}]},{\"@type\":\"WebSite\",\"@id\":\"https:\\\/\\\/algarve7.pt\\\/#website\",\"url\":\"https:\\\/\\\/algarve7.pt\\\/\",\"name\":\"Algarve 7\",\"description\":\"Informa\u00e7\u00e3o sobre o Algarve\",\"publisher\":{\"@id\":\"https:\\\/\\\/algarve7.pt\\\/#organization\"},\"potentialAction\":[{\"@type\":\"SearchAction\",\"target\":{\"@type\":\"EntryPoint\",\"urlTemplate\":\"https:\\\/\\\/algarve7.pt\\\/?s={search_term_string}\"},\"query-input\":{\"@type\":\"PropertyValueSpecification\",\"valueRequired\":true,\"valueName\":\"search_term_string\"}}],\"inLanguage\":\"pt-PT\"},{\"@type\":\"Organization\",\"@id\":\"https:\\\/\\\/algarve7.pt\\\/#organization\",\"name\":\"Algarve 7\",\"url\":\"https:\\\/\\\/algarve7.pt\\\/\",\"logo\":{\"@type\":\"ImageObject\",\"inLanguage\":\"pt-PT\",\"@id\":\"https:\\\/\\\/algarve7.pt\\\/#\\\/schema\\\/logo\\\/image\\\/\",\"url\":\"https:\\\/\\\/algarve7.pt\\\/wp-content\\\/uploads\\\/2020\\\/10\\\/Logo-8.jpg\",\"contentUrl\":\"https:\\\/\\\/algarve7.pt\\\/wp-content\\\/uploads\\\/2020\\\/10\\\/Logo-8.jpg\",\"width\":1680,\"height\":1186,\"caption\":\"Algarve 7\"},\"image\":{\"@id\":\"https:\\\/\\\/algarve7.pt\\\/#\\\/schema\\\/logo\\\/image\\\/\"},\"sameAs\":[\"https:\\\/\\\/www.facebook.com\\\/algarve7\",\"https:\\\/\\\/x.com\\\/Algarvesete\",\"https:\\\/\\\/www.instagram.com\\\/jornalalgarve7\\\/\",\"https:\\\/\\\/www.linkedin.com\\\/company\\\/algarve7\",\"https:\\\/\\\/www.pinterest.pt\\\/geral0939\\\/_created\\\/\"]},{\"@type\":\"Person\",\"@id\":\"https:\\\/\\\/algarve7.pt\\\/#\\\/schema\\\/person\\\/23fa70681308e7b319a3204bcea45e0c\",\"name\":\"Algarve 7\",\"sameAs\":[\"https:\\\/\\\/algarve7.pt\",\"https:\\\/\\\/www.facebook.com\\\/algarve7\"],\"url\":\"https:\\\/\\\/algarve7.pt\\\/index.php\\\/author\\\/geralalgarve7-pt\\\/\"}]}<\/script>\n<!-- \/ Yoast SEO plugin. -->","yoast_head_json":{"title":"A Rua da Europa celebra primeiro anivers\u00e1rio e j\u00e1 acolheu muitos jovens e projetos inspiradores - Algarve 7","description":"A Rua da Europa celebra primeiro anivers\u00e1rio e j\u00e1 acolheu muitos jovens e projetos inspiradores Atualidade","robots":{"index":"index","follow":"follow","max-snippet":"max-snippet:-1","max-image-preview":"max-image-preview:large","max-video-preview":"max-video-preview:-1"},"canonical":"https:\/\/algarve7.pt\/index.php\/2022\/12\/a-rua-da-europa-celebra-primeiro-aniversario-e-ja-acolheu-muitos-jovens-e-projetos-inspiradores\/atualidade\/17\/46\/","og_locale":"pt_PT","og_type":"article","og_title":"A Rua da Europa celebra primeiro anivers\u00e1rio e j\u00e1 acolheu muitos jovens e projetos inspiradores - Algarve 7","og_description":"A Rua da Europa celebra primeiro anivers\u00e1rio e j\u00e1 acolheu muitos jovens e projetos inspiradores Atualidade","og_url":"https:\/\/algarve7.pt\/index.php\/2022\/12\/a-rua-da-europa-celebra-primeiro-aniversario-e-ja-acolheu-muitos-jovens-e-projetos-inspiradores\/atualidade\/17\/46\/","og_site_name":"Algarve 7","article_publisher":"https:\/\/www.facebook.com\/algarve7","article_author":"https:\/\/www.facebook.com\/algarve7","article_published_time":"2022-12-26T17:46:13+00:00","article_modified_time":"2022-12-26T17:46:15+00:00","og_image":[{"width":1080,"height":1080,"url":"https:\/\/algarve7.pt\/wp-content\/uploads\/2022\/12\/20221226_A-Rua-da-Europa_50.jpg","type":"image\/jpeg"}],"author":"Algarve 7","twitter_card":"summary_large_image","twitter_creator":"@Algarvesete","twitter_site":"@Algarvesete","twitter_misc":{"Escrito por":"Algarve 7","Tempo estimado de leitura":"3 minutos"},"schema":{"@context":"https:\/\/schema.org","@graph":[{"@type":"Article","@id":"https:\/\/algarve7.pt\/index.php\/2022\/12\/a-rua-da-europa-celebra-primeiro-aniversario-e-ja-acolheu-muitos-jovens-e-projetos-inspiradores\/atualidade\/17\/46\/#article","isPartOf":{"@id":"https:\/\/algarve7.pt\/index.php\/2022\/12\/a-rua-da-europa-celebra-primeiro-aniversario-e-ja-acolheu-muitos-jovens-e-projetos-inspiradores\/atualidade\/17\/46\/"},"author":{"name":"Algarve 7","@id":"https:\/\/algarve7.pt\/#\/schema\/person\/23fa70681308e7b319a3204bcea45e0c"},"headline":"A Rua da Europa celebra primeiro anivers\u00e1rio e j\u00e1 acolheu muitos jovens e projetos inspiradores","datePublished":"2022-12-26T17:46:13+00:00","dateModified":"2022-12-26T17:46:15+00:00","mainEntityOfPage":{"@id":"https:\/\/algarve7.pt\/index.php\/2022\/12\/a-rua-da-europa-celebra-primeiro-aniversario-e-ja-acolheu-muitos-jovens-e-projetos-inspiradores\/atualidade\/17\/46\/"},"wordCount":512,"publisher":{"@id":"https:\/\/algarve7.pt\/#organization"},"image":{"@id":"https:\/\/algarve7.pt\/index.php\/2022\/12\/a-rua-da-europa-celebra-primeiro-aniversario-e-ja-acolheu-muitos-jovens-e-projetos-inspiradores\/atualidade\/17\/46\/#primaryimage"},"thumbnailUrl":"https:\/\/algarve7.pt\/wp-content\/uploads\/2022\/12\/20221226_A-Rua-da-Europa_50.jpg","keywords":["Algarve","Atualidade","CCDR Algarve"],"articleSection":["Atualidade"],"inLanguage":"pt-PT"},{"@type":"WebPage","@id":"https:\/\/algarve7.pt\/index.php\/2022\/12\/a-rua-da-europa-celebra-primeiro-aniversario-e-ja-acolheu-muitos-jovens-e-projetos-inspiradores\/atualidade\/17\/46\/","url":"https:\/\/algarve7.pt\/index.php\/2022\/12\/a-rua-da-europa-celebra-primeiro-aniversario-e-ja-acolheu-muitos-jovens-e-projetos-inspiradores\/atualidade\/17\/46\/","name":"A Rua da Europa celebra primeiro anivers\u00e1rio e j\u00e1 acolheu muitos jovens e projetos inspiradores - Algarve 7","isPartOf":{"@id":"https:\/\/algarve7.pt\/#website"},"primaryImageOfPage":{"@id":"https:\/\/algarve7.pt\/index.php\/2022\/12\/a-rua-da-europa-celebra-primeiro-aniversario-e-ja-acolheu-muitos-jovens-e-projetos-inspiradores\/atualidade\/17\/46\/#primaryimage"},"image":{"@id":"https:\/\/algarve7.pt\/index.php\/2022\/12\/a-rua-da-europa-celebra-primeiro-aniversario-e-ja-acolheu-muitos-jovens-e-projetos-inspiradores\/atualidade\/17\/46\/#primaryimage"},"thumbnailUrl":"https:\/\/algarve7.pt\/wp-content\/uploads\/2022\/12\/20221226_A-Rua-da-Europa_50.jpg","datePublished":"2022-12-26T17:46:13+00:00","dateModified":"2022-12-26T17:46:15+00:00","description":"A Rua da Europa celebra primeiro anivers\u00e1rio e j\u00e1 acolheu muitos jovens e projetos inspiradores Atualidade","breadcrumb":{"@id":"https:\/\/algarve7.pt\/index.php\/2022\/12\/a-rua-da-europa-celebra-primeiro-aniversario-e-ja-acolheu-muitos-jovens-e-projetos-inspiradores\/atualidade\/17\/46\/#breadcrumb"},"inLanguage":"pt-PT","potentialAction":[{"@type":"ReadAction","target":["https:\/\/algarve7.pt\/index.php\/2022\/12\/a-rua-da-europa-celebra-primeiro-aniversario-e-ja-acolheu-muitos-jovens-e-projetos-inspiradores\/atualidade\/17\/46\/"]}]},{"@type":"ImageObject","inLanguage":"pt-PT","@id":"https:\/\/algarve7.pt\/index.php\/2022\/12\/a-rua-da-europa-celebra-primeiro-aniversario-e-ja-acolheu-muitos-jovens-e-projetos-inspiradores\/atualidade\/17\/46\/#primaryimage","url":"https:\/\/algarve7.pt\/wp-content\/uploads\/2022\/12\/20221226_A-Rua-da-Europa_50.jpg","contentUrl":"https:\/\/algarve7.pt\/wp-content\/uploads\/2022\/12\/20221226_A-Rua-da-Europa_50.jpg","width":1080,"height":1080},{"@type":"BreadcrumbList","@id":"https:\/\/algarve7.pt\/index.php\/2022\/12\/a-rua-da-europa-celebra-primeiro-aniversario-e-ja-acolheu-muitos-jovens-e-projetos-inspiradores\/atualidade\/17\/46\/#breadcrumb","itemListElement":[{"@type":"ListItem","position":1,"name":"In\u00edcio","item":"https:\/\/algarve7.pt\/"},{"@type":"ListItem","position":2,"name":"A Rua da Europa celebra primeiro anivers\u00e1rio e j\u00e1 acolheu muitos jovens e projetos inspiradores"}]},{"@type":"WebSite","@id":"https:\/\/algarve7.pt\/#website","url":"https:\/\/algarve7.pt\/","name":"Algarve 7","description":"Informa\u00e7\u00e3o sobre o Algarve","publisher":{"@id":"https:\/\/algarve7.pt\/#organization"},"potentialAction":[{"@type":"SearchAction","target":{"@type":"EntryPoint","urlTemplate":"https:\/\/algarve7.pt\/?s={search_term_string}"},"query-input":{"@type":"PropertyValueSpecification","valueRequired":true,"valueName":"search_term_string"}}],"inLanguage":"pt-PT"},{"@type":"Organization","@id":"https:\/\/algarve7.pt\/#organization","name":"Algarve 7","url":"https:\/\/algarve7.pt\/","logo":{"@type":"ImageObject","inLanguage":"pt-PT","@id":"https:\/\/algarve7.pt\/#\/schema\/logo\/image\/","url":"https:\/\/algarve7.pt\/wp-content\/uploads\/2020\/10\/Logo-8.jpg","contentUrl":"https:\/\/algarve7.pt\/wp-content\/uploads\/2020\/10\/Logo-8.jpg","width":1680,"height":1186,"caption":"Algarve 7"},"image":{"@id":"https:\/\/algarve7.pt\/#\/schema\/logo\/image\/"},"sameAs":["https:\/\/www.facebook.com\/algarve7","https:\/\/x.com\/Algarvesete","https:\/\/www.instagram.com\/jornalalgarve7\/","https:\/\/www.linkedin.com\/company\/algarve7","https:\/\/www.pinterest.pt\/geral0939\/_created\/"]},{"@type":"Person","@id":"https:\/\/algarve7.pt\/#\/schema\/person\/23fa70681308e7b319a3204bcea45e0c","name":"Algarve 7","sameAs":["https:\/\/algarve7.pt","https:\/\/www.facebook.com\/algarve7"],"url":"https:\/\/algarve7.pt\/index.php\/author\/geralalgarve7-pt\/"}]}},"jetpack_publicize_connections":[],"jetpack_featured_media_url":"https:\/\/algarve7.pt\/wp-content\/uploads\/2022\/12\/20221226_A-Rua-da-Europa_50.jpg","jetpack_shortlink":"https:\/\/wp.me\/pcezmW-6mu","jetpack_sharing_enabled":true,"_links":{"self":[{"href":"https:\/\/algarve7.pt\/index.php\/wp-json\/wp\/v2\/posts\/24458","targetHints":{"allow":["GET"]}}],"collection":[{"href":"https:\/\/algarve7.pt\/index.php\/wp-json\/wp\/v2\/posts"}],"about":[{"href":"https:\/\/algarve7.pt\/index.php\/wp-json\/wp\/v2\/types\/post"}],"author":[{"embeddable":true,"href":"https:\/\/algarve7.pt\/index.php\/wp-json\/wp\/v2\/users\/1"}],"replies":[{"embeddable":true,"href":"https:\/\/algarve7.pt\/index.php\/wp-json\/wp\/v2\/comments?post=24458"}],"version-history":[{"count":0,"href":"https:\/\/algarve7.pt\/index.php\/wp-json\/wp\/v2\/posts\/24458\/revisions"}],"wp:featuredmedia":[{"embeddable":true,"href":"https:\/\/algarve7.pt\/index.php\/wp-json\/wp\/v2\/media\/24459"}],"wp:attachment":[{"href":"https:\/\/algarve7.pt\/index.php\/wp-json\/wp\/v2\/media?parent=24458"}],"wp:term":[{"taxonomy":"category","embeddable":true,"href":"https:\/\/algarve7.pt\/index.php\/wp-json\/wp\/v2\/categories?post=24458"},{"taxonomy":"post_tag","embeddable":true,"href":"https:\/\/algarve7.pt\/index.php\/wp-json\/wp\/v2\/tags?post=24458"}],"curies":[{"name":"wp","href":"https:\/\/api.w.org\/{rel}","templated":true}]}}