{"id":2431,"date":"2020-10-14T15:19:16","date_gmt":"2020-10-14T14:19:16","guid":{"rendered":"https:\/\/algarve7.pt\/?p=2431"},"modified":"2020-10-14T15:19:17","modified_gmt":"2020-10-14T14:19:17","slug":"algarve-nature-fest-com-edicao-exclusiva-para-profissionais-de-saude-em-2020","status":"publish","type":"post","link":"https:\/\/algarve7.pt\/index.php\/2020\/10\/algarve-nature-fest-com-edicao-exclusiva-para-profissionais-de-saude-em-2020\/turismo\/15\/19\/","title":{"rendered":"Algarve Nature Fest com edi\u00e7\u00e3o exclusiva para profissionais de sa\u00fade em 2020"},"content":{"rendered":"\n<p>O&nbsp;<strong>Algarve Nature Fest<\/strong>, evento de refer\u00eancia do turismo de natureza realizado anualmente na regi\u00e3o, vai ter uma edi\u00e7\u00e3o especial em 2020, que ter\u00e1 em conta a atual crise de sa\u00fade p\u00fablica. Assim, este ano a iniciativa destina-se em exclusivo aos profissionais do Servi\u00e7o Nacional de Sa\u00fade da regi\u00e3o como forma de agradecimento por estarem, desde mar\u00e7o, na linha da frente do combate \u00e0 pandemia do novo coronav\u00edrus. De 17 a 31 de outubro, os profissionais de sa\u00fade v\u00e3o poder desfrutar de um total de 21 experi\u00eancias ao ar livre, disponibilizadas pelo Turismo do Algarve de forma gratuita, permitindo a descoberta do patrim\u00f3nio natural algarvio.&nbsp;<\/p>\n\n\n\n<p>H\u00e1 sugest\u00f5es para os mais aventureiros e outras para quem prefere um ambiente mais tranquilo, podendo ainda optar por atividades com dura\u00e7\u00e3o mais curta, ou seja, mesmo quem n\u00e3o possa despender de muito tempo encontrar\u00e1 uma experi\u00eancia na qual possa participar sem colocar em causa a atividade profissional. O que se pretende \u00e9 que os profissionais de sa\u00fade aproveitem este momento para descontrair e desfrutem, em plena harmonia com a natureza, do melhor que a regi\u00e3o tem para oferecer: a Natureza.<\/p>\n\n\n\n<p>O programa inclui passeios de bicicleta todo-o-terreno, caminhadas tem\u00e1ticas e guiadas nas serras algarvias, travessia do rio Guadiana em tirolesa, passeios de barco na ria Formosa ou para visita \u00e0s grutas e observa\u00e7\u00e3o de golfinhos, passeios de SUP e caiaque, aulas de surf ou visitas \u00e0s grutas de sal gema de Loul\u00e9, entre outras experi\u00eancias realizadas em \u00e1reas naturais ou territ\u00f3rios de baixa densidade. Todas as atividades desta edi\u00e7\u00e3o do&nbsp;<strong>Algarve Nature Fest<\/strong>&nbsp;requerem marca\u00e7\u00e3o pr\u00e9via e s\u00e3o realizadas individualmente ou em pequenos grupos, cumprindo com as recomenda\u00e7\u00f5es da Dire\u00e7\u00e3o-Geral de Sa\u00fade e das autoridades locais.<\/p>\n\n\n\n<p>Jo\u00e3o Fernandes, presidente da Regi\u00e3o de Turismo do Algarve refere que&nbsp;<strong>\u00abeste ano, n\u00e3o pudemos promover o&nbsp;Algarve Nature Fest&nbsp;com as caracter\u00edsticas habituais. Mantivemos o formato base, mas as atividades de anima\u00e7\u00e3o ao ar livre, que costumam ser dirigidas ao p\u00fablico em geral e para as escolas, foram agora disponibilizadas, em exclusivo, aos profissionais de sa\u00fade que tanto t\u00eam feito pela comunidade. De uma forma simb\u00f3lica, estamos a prestar uma homenagem a quem est\u00e1 na linha da frente no combate \u00e0 pandemia\u00bb<\/strong>.<\/p>\n\n\n\n<p>O respons\u00e1vel pela entidade algarvia conclui que&nbsp;<strong>\u00abo&nbsp;Algarve Nature Fest&nbsp;\u00e9 uma aposta do Turismo do Algarve centrada no produto de turismo de natureza, o que tem permitido divulgar o patrim\u00f3nio natural da regi\u00e3o de forma consistente. Trata-se de uma oferta tur\u00edstica na qual temos vindo a apostar e que tem vindo a evoluir de forma muito significativa, com potencial para atrair procura na \u00e9poca que agora se inicia, considerando tamb\u00e9m a crise sanit\u00e1ria global que estamos a viver. Convidamos, este ano, os profissionais de sa\u00fade a juntarem-se ao ANF para vivenciarem algumas das experi\u00eancias mais procuradas pelos turistas que visitam a regi\u00e3o\u00bb<\/strong>.<\/p>\n\n\n\n<p>O&nbsp;<strong>Algarve Nature Fest&nbsp;2020<\/strong>&nbsp;\u00e9 organizado pela Regi\u00e3o de Turismo do Algarve, em colabora\u00e7\u00e3o com a Administra\u00e7\u00e3o Regional de Sa\u00fade do Algarve e o apoio do Turismo de Portugal, e decorre de 17 a 31 de outubro, numa edi\u00e7\u00e3o especial, exclusivamente dedicada aos profissionais do Servi\u00e7o Nacional de Sa\u00fade.<\/p>\n\n\n\n<p>Mais informa\u00e7\u00e3o em\u00a0<a href=\"http:\/\/www.algarvenaturefest.pt\/\">www.algarvenaturefest.pt<\/a>.<\/p>\n\n\n\n<div class=\"wp-block-image\"><figure class=\"aligncenter size-large is-resized\"><img loading=\"lazy\" decoding=\"async\" src=\"https:\/\/algarve7.pt\/wp-content\/uploads\/2020\/10\/Cartaz_ANF_2020-724x1024.jpg\" alt=\"\" class=\"wp-image-2432\" width=\"359\" height=\"508\" srcset=\"https:\/\/algarve7.pt\/wp-content\/uploads\/2020\/10\/Cartaz_ANF_2020-724x1024.jpg 724w, https:\/\/algarve7.pt\/wp-content\/uploads\/2020\/10\/Cartaz_ANF_2020-212x300.jpg 212w, https:\/\/algarve7.pt\/wp-content\/uploads\/2020\/10\/Cartaz_ANF_2020-768x1087.jpg 768w, https:\/\/algarve7.pt\/wp-content\/uploads\/2020\/10\/Cartaz_ANF_2020.jpg 827w\" sizes=\"auto, (max-width: 359px) 100vw, 359px\" \/><\/figure><\/div>\n","protected":false},"excerpt":{"rendered":"<p>O&nbsp;Algarve Nature Fest, evento de refer\u00eancia do turismo de natureza realizado anualmente na regi\u00e3o, vai ter uma edi\u00e7\u00e3o especial em<\/p>\n","protected":false},"author":1,"featured_media":2433,"comment_status":"closed","ping_status":"open","sticky":false,"template":"","format":"standard","meta":{"colormag_page_container_layout":"default_layout","colormag_page_sidebar_layout":"default_layout","_monsterinsights_skip_tracking":false,"_monsterinsights_sitenote_active":false,"_monsterinsights_sitenote_note":"","_monsterinsights_sitenote_category":0,"jetpack_post_was_ever_published":false,"_jetpack_newsletter_access":"","_jetpack_dont_email_post_to_subs":false,"_jetpack_newsletter_tier_id":0,"_jetpack_memberships_contains_paywalled_content":false,"_jetpack_memberships_contains_paid_content":false,"footnotes":"","jetpack_publicize_message":"","jetpack_publicize_feature_enabled":true,"jetpack_social_post_already_shared":true,"jetpack_social_options":{"image_generator_settings":{"template":"highway","default_image_id":0,"font":"","enabled":false},"version":2}},"categories":[17],"tags":[36,203,173,45],"class_list":["post-2431","post","type-post","status-publish","format-standard","has-post-thumbnail","hentry","category-turismo","tag-algarve","tag-algarve-nature-fest","tag-rta","tag-turismo"],"yoast_head":"<!-- This site is optimized with the Yoast SEO plugin v27.5 - https:\/\/yoast.com\/product\/yoast-seo-wordpress\/ -->\n<title>Algarve Nature Fest com edi\u00e7\u00e3o exclusiva para profissionais de sa\u00fade em 2020 - Algarve 7<\/title>\n<meta name=\"description\" content=\"Algarve Nature Fest com edi\u00e7\u00e3o exclusiva para profissionais de sa\u00fade em 2020\" \/>\n<meta name=\"robots\" content=\"index, follow, max-snippet:-1, max-image-preview:large, max-video-preview:-1\" \/>\n<link rel=\"canonical\" href=\"https:\/\/algarve7.pt\/index.php\/2020\/10\/algarve-nature-fest-com-edicao-exclusiva-para-profissionais-de-saude-em-2020\/turismo\/15\/19\/\" \/>\n<meta property=\"og:locale\" content=\"pt_PT\" \/>\n<meta property=\"og:type\" content=\"article\" \/>\n<meta property=\"og:title\" content=\"Algarve Nature Fest com edi\u00e7\u00e3o exclusiva para profissionais de sa\u00fade em 2020 - Algarve 7\" \/>\n<meta property=\"og:description\" content=\"Algarve Nature Fest com edi\u00e7\u00e3o exclusiva para profissionais de sa\u00fade em 2020\" \/>\n<meta property=\"og:url\" content=\"https:\/\/algarve7.pt\/index.php\/2020\/10\/algarve-nature-fest-com-edicao-exclusiva-para-profissionais-de-saude-em-2020\/turismo\/15\/19\/\" \/>\n<meta property=\"og:site_name\" content=\"Algarve 7\" \/>\n<meta property=\"article:publisher\" content=\"https:\/\/www.facebook.com\/algarve7\" \/>\n<meta property=\"article:author\" content=\"https:\/\/www.facebook.com\/algarve7\" \/>\n<meta property=\"article:published_time\" content=\"2020-10-14T14:19:16+00:00\" \/>\n<meta property=\"article:modified_time\" content=\"2020-10-14T14:19:17+00:00\" \/>\n<meta property=\"og:image\" content=\"https:\/\/algarve7.pt\/wp-content\/uploads\/2020\/10\/ANF_2020_aula-surf-e1602685145181.jpg\" \/>\n\t<meta property=\"og:image:width\" content=\"972\" \/>\n\t<meta property=\"og:image:height\" content=\"547\" \/>\n\t<meta property=\"og:image:type\" content=\"image\/jpeg\" \/>\n<meta name=\"author\" content=\"Algarve 7\" \/>\n<meta name=\"twitter:card\" content=\"summary_large_image\" \/>\n<meta name=\"twitter:creator\" content=\"@Algarvesete\" \/>\n<meta name=\"twitter:site\" content=\"@Algarvesete\" \/>\n<meta name=\"twitter:label1\" content=\"Escrito por\" \/>\n\t<meta name=\"twitter:data1\" content=\"Algarve 7\" \/>\n\t<meta name=\"twitter:label2\" content=\"Tempo estimado de leitura\" \/>\n\t<meta name=\"twitter:data2\" content=\"3 minutos\" \/>\n<script type=\"application\/ld+json\" class=\"yoast-schema-graph\">{\"@context\":\"https:\\\/\\\/schema.org\",\"@graph\":[{\"@type\":\"Article\",\"@id\":\"https:\\\/\\\/algarve7.pt\\\/index.php\\\/2020\\\/10\\\/algarve-nature-fest-com-edicao-exclusiva-para-profissionais-de-saude-em-2020\\\/turismo\\\/15\\\/19\\\/#article\",\"isPartOf\":{\"@id\":\"https:\\\/\\\/algarve7.pt\\\/index.php\\\/2020\\\/10\\\/algarve-nature-fest-com-edicao-exclusiva-para-profissionais-de-saude-em-2020\\\/turismo\\\/15\\\/19\\\/\"},\"author\":{\"name\":\"Algarve 7\",\"@id\":\"https:\\\/\\\/algarve7.pt\\\/#\\\/schema\\\/person\\\/23fa70681308e7b319a3204bcea45e0c\"},\"headline\":\"Algarve Nature Fest com edi\u00e7\u00e3o exclusiva para profissionais de sa\u00fade em 2020\",\"datePublished\":\"2020-10-14T14:19:16+00:00\",\"dateModified\":\"2020-10-14T14:19:17+00:00\",\"mainEntityOfPage\":{\"@id\":\"https:\\\/\\\/algarve7.pt\\\/index.php\\\/2020\\\/10\\\/algarve-nature-fest-com-edicao-exclusiva-para-profissionais-de-saude-em-2020\\\/turismo\\\/15\\\/19\\\/\"},\"wordCount\":596,\"publisher\":{\"@id\":\"https:\\\/\\\/algarve7.pt\\\/#organization\"},\"image\":{\"@id\":\"https:\\\/\\\/algarve7.pt\\\/index.php\\\/2020\\\/10\\\/algarve-nature-fest-com-edicao-exclusiva-para-profissionais-de-saude-em-2020\\\/turismo\\\/15\\\/19\\\/#primaryimage\"},\"thumbnailUrl\":\"https:\\\/\\\/algarve7.pt\\\/wp-content\\\/uploads\\\/2020\\\/10\\\/ANF_2020_aula-surf-e1602685145181.jpg\",\"keywords\":[\"Algarve\",\"Algarve Nature Fest\",\"RTA\",\"Turismo\"],\"articleSection\":[\"Turismo\"],\"inLanguage\":\"pt-PT\"},{\"@type\":\"WebPage\",\"@id\":\"https:\\\/\\\/algarve7.pt\\\/index.php\\\/2020\\\/10\\\/algarve-nature-fest-com-edicao-exclusiva-para-profissionais-de-saude-em-2020\\\/turismo\\\/15\\\/19\\\/\",\"url\":\"https:\\\/\\\/algarve7.pt\\\/index.php\\\/2020\\\/10\\\/algarve-nature-fest-com-edicao-exclusiva-para-profissionais-de-saude-em-2020\\\/turismo\\\/15\\\/19\\\/\",\"name\":\"Algarve Nature Fest com edi\u00e7\u00e3o exclusiva para profissionais de sa\u00fade em 2020 - Algarve 7\",\"isPartOf\":{\"@id\":\"https:\\\/\\\/algarve7.pt\\\/#website\"},\"primaryImageOfPage\":{\"@id\":\"https:\\\/\\\/algarve7.pt\\\/index.php\\\/2020\\\/10\\\/algarve-nature-fest-com-edicao-exclusiva-para-profissionais-de-saude-em-2020\\\/turismo\\\/15\\\/19\\\/#primaryimage\"},\"image\":{\"@id\":\"https:\\\/\\\/algarve7.pt\\\/index.php\\\/2020\\\/10\\\/algarve-nature-fest-com-edicao-exclusiva-para-profissionais-de-saude-em-2020\\\/turismo\\\/15\\\/19\\\/#primaryimage\"},\"thumbnailUrl\":\"https:\\\/\\\/algarve7.pt\\\/wp-content\\\/uploads\\\/2020\\\/10\\\/ANF_2020_aula-surf-e1602685145181.jpg\",\"datePublished\":\"2020-10-14T14:19:16+00:00\",\"dateModified\":\"2020-10-14T14:19:17+00:00\",\"description\":\"Algarve Nature Fest com edi\u00e7\u00e3o exclusiva para profissionais de sa\u00fade em 2020\",\"breadcrumb\":{\"@id\":\"https:\\\/\\\/algarve7.pt\\\/index.php\\\/2020\\\/10\\\/algarve-nature-fest-com-edicao-exclusiva-para-profissionais-de-saude-em-2020\\\/turismo\\\/15\\\/19\\\/#breadcrumb\"},\"inLanguage\":\"pt-PT\",\"potentialAction\":[{\"@type\":\"ReadAction\",\"target\":[\"https:\\\/\\\/algarve7.pt\\\/index.php\\\/2020\\\/10\\\/algarve-nature-fest-com-edicao-exclusiva-para-profissionais-de-saude-em-2020\\\/turismo\\\/15\\\/19\\\/\"]}]},{\"@type\":\"ImageObject\",\"inLanguage\":\"pt-PT\",\"@id\":\"https:\\\/\\\/algarve7.pt\\\/index.php\\\/2020\\\/10\\\/algarve-nature-fest-com-edicao-exclusiva-para-profissionais-de-saude-em-2020\\\/turismo\\\/15\\\/19\\\/#primaryimage\",\"url\":\"https:\\\/\\\/algarve7.pt\\\/wp-content\\\/uploads\\\/2020\\\/10\\\/ANF_2020_aula-surf-e1602685145181.jpg\",\"contentUrl\":\"https:\\\/\\\/algarve7.pt\\\/wp-content\\\/uploads\\\/2020\\\/10\\\/ANF_2020_aula-surf-e1602685145181.jpg\",\"width\":972,\"height\":547},{\"@type\":\"BreadcrumbList\",\"@id\":\"https:\\\/\\\/algarve7.pt\\\/index.php\\\/2020\\\/10\\\/algarve-nature-fest-com-edicao-exclusiva-para-profissionais-de-saude-em-2020\\\/turismo\\\/15\\\/19\\\/#breadcrumb\",\"itemListElement\":[{\"@type\":\"ListItem\",\"position\":1,\"name\":\"In\u00edcio\",\"item\":\"https:\\\/\\\/algarve7.pt\\\/\"},{\"@type\":\"ListItem\",\"position\":2,\"name\":\"Algarve Nature Fest com edi\u00e7\u00e3o exclusiva para profissionais de sa\u00fade em 2020\"}]},{\"@type\":\"WebSite\",\"@id\":\"https:\\\/\\\/algarve7.pt\\\/#website\",\"url\":\"https:\\\/\\\/algarve7.pt\\\/\",\"name\":\"Algarve 7\",\"description\":\"Informa\u00e7\u00e3o sobre o Algarve\",\"publisher\":{\"@id\":\"https:\\\/\\\/algarve7.pt\\\/#organization\"},\"potentialAction\":[{\"@type\":\"SearchAction\",\"target\":{\"@type\":\"EntryPoint\",\"urlTemplate\":\"https:\\\/\\\/algarve7.pt\\\/?s={search_term_string}\"},\"query-input\":{\"@type\":\"PropertyValueSpecification\",\"valueRequired\":true,\"valueName\":\"search_term_string\"}}],\"inLanguage\":\"pt-PT\"},{\"@type\":\"Organization\",\"@id\":\"https:\\\/\\\/algarve7.pt\\\/#organization\",\"name\":\"Algarve 7\",\"url\":\"https:\\\/\\\/algarve7.pt\\\/\",\"logo\":{\"@type\":\"ImageObject\",\"inLanguage\":\"pt-PT\",\"@id\":\"https:\\\/\\\/algarve7.pt\\\/#\\\/schema\\\/logo\\\/image\\\/\",\"url\":\"https:\\\/\\\/algarve7.pt\\\/wp-content\\\/uploads\\\/2020\\\/10\\\/Logo-8.jpg\",\"contentUrl\":\"https:\\\/\\\/algarve7.pt\\\/wp-content\\\/uploads\\\/2020\\\/10\\\/Logo-8.jpg\",\"width\":1680,\"height\":1186,\"caption\":\"Algarve 7\"},\"image\":{\"@id\":\"https:\\\/\\\/algarve7.pt\\\/#\\\/schema\\\/logo\\\/image\\\/\"},\"sameAs\":[\"https:\\\/\\\/www.facebook.com\\\/algarve7\",\"https:\\\/\\\/x.com\\\/Algarvesete\",\"https:\\\/\\\/www.instagram.com\\\/jornalalgarve7\\\/\",\"https:\\\/\\\/www.linkedin.com\\\/company\\\/algarve7\",\"https:\\\/\\\/www.pinterest.pt\\\/geral0939\\\/_created\\\/\"]},{\"@type\":\"Person\",\"@id\":\"https:\\\/\\\/algarve7.pt\\\/#\\\/schema\\\/person\\\/23fa70681308e7b319a3204bcea45e0c\",\"name\":\"Algarve 7\",\"sameAs\":[\"https:\\\/\\\/algarve7.pt\",\"https:\\\/\\\/www.facebook.com\\\/algarve7\"],\"url\":\"https:\\\/\\\/algarve7.pt\\\/index.php\\\/author\\\/geralalgarve7-pt\\\/\"}]}<\/script>\n<!-- \/ Yoast SEO plugin. -->","yoast_head_json":{"title":"Algarve Nature Fest com edi\u00e7\u00e3o exclusiva para profissionais de sa\u00fade em 2020 - Algarve 7","description":"Algarve Nature Fest com edi\u00e7\u00e3o exclusiva para profissionais de sa\u00fade em 2020","robots":{"index":"index","follow":"follow","max-snippet":"max-snippet:-1","max-image-preview":"max-image-preview:large","max-video-preview":"max-video-preview:-1"},"canonical":"https:\/\/algarve7.pt\/index.php\/2020\/10\/algarve-nature-fest-com-edicao-exclusiva-para-profissionais-de-saude-em-2020\/turismo\/15\/19\/","og_locale":"pt_PT","og_type":"article","og_title":"Algarve Nature Fest com edi\u00e7\u00e3o exclusiva para profissionais de sa\u00fade em 2020 - Algarve 7","og_description":"Algarve Nature Fest com edi\u00e7\u00e3o exclusiva para profissionais de sa\u00fade em 2020","og_url":"https:\/\/algarve7.pt\/index.php\/2020\/10\/algarve-nature-fest-com-edicao-exclusiva-para-profissionais-de-saude-em-2020\/turismo\/15\/19\/","og_site_name":"Algarve 7","article_publisher":"https:\/\/www.facebook.com\/algarve7","article_author":"https:\/\/www.facebook.com\/algarve7","article_published_time":"2020-10-14T14:19:16+00:00","article_modified_time":"2020-10-14T14:19:17+00:00","og_image":[{"width":972,"height":547,"url":"https:\/\/algarve7.pt\/wp-content\/uploads\/2020\/10\/ANF_2020_aula-surf-e1602685145181.jpg","type":"image\/jpeg"}],"author":"Algarve 7","twitter_card":"summary_large_image","twitter_creator":"@Algarvesete","twitter_site":"@Algarvesete","twitter_misc":{"Escrito por":"Algarve 7","Tempo estimado de leitura":"3 minutos"},"schema":{"@context":"https:\/\/schema.org","@graph":[{"@type":"Article","@id":"https:\/\/algarve7.pt\/index.php\/2020\/10\/algarve-nature-fest-com-edicao-exclusiva-para-profissionais-de-saude-em-2020\/turismo\/15\/19\/#article","isPartOf":{"@id":"https:\/\/algarve7.pt\/index.php\/2020\/10\/algarve-nature-fest-com-edicao-exclusiva-para-profissionais-de-saude-em-2020\/turismo\/15\/19\/"},"author":{"name":"Algarve 7","@id":"https:\/\/algarve7.pt\/#\/schema\/person\/23fa70681308e7b319a3204bcea45e0c"},"headline":"Algarve Nature Fest com edi\u00e7\u00e3o exclusiva para profissionais de sa\u00fade em 2020","datePublished":"2020-10-14T14:19:16+00:00","dateModified":"2020-10-14T14:19:17+00:00","mainEntityOfPage":{"@id":"https:\/\/algarve7.pt\/index.php\/2020\/10\/algarve-nature-fest-com-edicao-exclusiva-para-profissionais-de-saude-em-2020\/turismo\/15\/19\/"},"wordCount":596,"publisher":{"@id":"https:\/\/algarve7.pt\/#organization"},"image":{"@id":"https:\/\/algarve7.pt\/index.php\/2020\/10\/algarve-nature-fest-com-edicao-exclusiva-para-profissionais-de-saude-em-2020\/turismo\/15\/19\/#primaryimage"},"thumbnailUrl":"https:\/\/algarve7.pt\/wp-content\/uploads\/2020\/10\/ANF_2020_aula-surf-e1602685145181.jpg","keywords":["Algarve","Algarve Nature Fest","RTA","Turismo"],"articleSection":["Turismo"],"inLanguage":"pt-PT"},{"@type":"WebPage","@id":"https:\/\/algarve7.pt\/index.php\/2020\/10\/algarve-nature-fest-com-edicao-exclusiva-para-profissionais-de-saude-em-2020\/turismo\/15\/19\/","url":"https:\/\/algarve7.pt\/index.php\/2020\/10\/algarve-nature-fest-com-edicao-exclusiva-para-profissionais-de-saude-em-2020\/turismo\/15\/19\/","name":"Algarve Nature Fest com edi\u00e7\u00e3o exclusiva para profissionais de sa\u00fade em 2020 - Algarve 7","isPartOf":{"@id":"https:\/\/algarve7.pt\/#website"},"primaryImageOfPage":{"@id":"https:\/\/algarve7.pt\/index.php\/2020\/10\/algarve-nature-fest-com-edicao-exclusiva-para-profissionais-de-saude-em-2020\/turismo\/15\/19\/#primaryimage"},"image":{"@id":"https:\/\/algarve7.pt\/index.php\/2020\/10\/algarve-nature-fest-com-edicao-exclusiva-para-profissionais-de-saude-em-2020\/turismo\/15\/19\/#primaryimage"},"thumbnailUrl":"https:\/\/algarve7.pt\/wp-content\/uploads\/2020\/10\/ANF_2020_aula-surf-e1602685145181.jpg","datePublished":"2020-10-14T14:19:16+00:00","dateModified":"2020-10-14T14:19:17+00:00","description":"Algarve Nature Fest com edi\u00e7\u00e3o exclusiva para profissionais de sa\u00fade em 2020","breadcrumb":{"@id":"https:\/\/algarve7.pt\/index.php\/2020\/10\/algarve-nature-fest-com-edicao-exclusiva-para-profissionais-de-saude-em-2020\/turismo\/15\/19\/#breadcrumb"},"inLanguage":"pt-PT","potentialAction":[{"@type":"ReadAction","target":["https:\/\/algarve7.pt\/index.php\/2020\/10\/algarve-nature-fest-com-edicao-exclusiva-para-profissionais-de-saude-em-2020\/turismo\/15\/19\/"]}]},{"@type":"ImageObject","inLanguage":"pt-PT","@id":"https:\/\/algarve7.pt\/index.php\/2020\/10\/algarve-nature-fest-com-edicao-exclusiva-para-profissionais-de-saude-em-2020\/turismo\/15\/19\/#primaryimage","url":"https:\/\/algarve7.pt\/wp-content\/uploads\/2020\/10\/ANF_2020_aula-surf-e1602685145181.jpg","contentUrl":"https:\/\/algarve7.pt\/wp-content\/uploads\/2020\/10\/ANF_2020_aula-surf-e1602685145181.jpg","width":972,"height":547},{"@type":"BreadcrumbList","@id":"https:\/\/algarve7.pt\/index.php\/2020\/10\/algarve-nature-fest-com-edicao-exclusiva-para-profissionais-de-saude-em-2020\/turismo\/15\/19\/#breadcrumb","itemListElement":[{"@type":"ListItem","position":1,"name":"In\u00edcio","item":"https:\/\/algarve7.pt\/"},{"@type":"ListItem","position":2,"name":"Algarve Nature Fest com edi\u00e7\u00e3o exclusiva para profissionais de sa\u00fade em 2020"}]},{"@type":"WebSite","@id":"https:\/\/algarve7.pt\/#website","url":"https:\/\/algarve7.pt\/","name":"Algarve 7","description":"Informa\u00e7\u00e3o sobre o Algarve","publisher":{"@id":"https:\/\/algarve7.pt\/#organization"},"potentialAction":[{"@type":"SearchAction","target":{"@type":"EntryPoint","urlTemplate":"https:\/\/algarve7.pt\/?s={search_term_string}"},"query-input":{"@type":"PropertyValueSpecification","valueRequired":true,"valueName":"search_term_string"}}],"inLanguage":"pt-PT"},{"@type":"Organization","@id":"https:\/\/algarve7.pt\/#organization","name":"Algarve 7","url":"https:\/\/algarve7.pt\/","logo":{"@type":"ImageObject","inLanguage":"pt-PT","@id":"https:\/\/algarve7.pt\/#\/schema\/logo\/image\/","url":"https:\/\/algarve7.pt\/wp-content\/uploads\/2020\/10\/Logo-8.jpg","contentUrl":"https:\/\/algarve7.pt\/wp-content\/uploads\/2020\/10\/Logo-8.jpg","width":1680,"height":1186,"caption":"Algarve 7"},"image":{"@id":"https:\/\/algarve7.pt\/#\/schema\/logo\/image\/"},"sameAs":["https:\/\/www.facebook.com\/algarve7","https:\/\/x.com\/Algarvesete","https:\/\/www.instagram.com\/jornalalgarve7\/","https:\/\/www.linkedin.com\/company\/algarve7","https:\/\/www.pinterest.pt\/geral0939\/_created\/"]},{"@type":"Person","@id":"https:\/\/algarve7.pt\/#\/schema\/person\/23fa70681308e7b319a3204bcea45e0c","name":"Algarve 7","sameAs":["https:\/\/algarve7.pt","https:\/\/www.facebook.com\/algarve7"],"url":"https:\/\/algarve7.pt\/index.php\/author\/geralalgarve7-pt\/"}]}},"jetpack_publicize_connections":[],"jetpack_featured_media_url":"https:\/\/algarve7.pt\/wp-content\/uploads\/2020\/10\/ANF_2020_aula-surf-e1602685145181.jpg","jetpack_shortlink":"https:\/\/wp.me\/pcezmW-Dd","jetpack_sharing_enabled":true,"_links":{"self":[{"href":"https:\/\/algarve7.pt\/index.php\/wp-json\/wp\/v2\/posts\/2431","targetHints":{"allow":["GET"]}}],"collection":[{"href":"https:\/\/algarve7.pt\/index.php\/wp-json\/wp\/v2\/posts"}],"about":[{"href":"https:\/\/algarve7.pt\/index.php\/wp-json\/wp\/v2\/types\/post"}],"author":[{"embeddable":true,"href":"https:\/\/algarve7.pt\/index.php\/wp-json\/wp\/v2\/users\/1"}],"replies":[{"embeddable":true,"href":"https:\/\/algarve7.pt\/index.php\/wp-json\/wp\/v2\/comments?post=2431"}],"version-history":[{"count":0,"href":"https:\/\/algarve7.pt\/index.php\/wp-json\/wp\/v2\/posts\/2431\/revisions"}],"wp:featuredmedia":[{"embeddable":true,"href":"https:\/\/algarve7.pt\/index.php\/wp-json\/wp\/v2\/media\/2433"}],"wp:attachment":[{"href":"https:\/\/algarve7.pt\/index.php\/wp-json\/wp\/v2\/media?parent=2431"}],"wp:term":[{"taxonomy":"category","embeddable":true,"href":"https:\/\/algarve7.pt\/index.php\/wp-json\/wp\/v2\/categories?post=2431"},{"taxonomy":"post_tag","embeddable":true,"href":"https:\/\/algarve7.pt\/index.php\/wp-json\/wp\/v2\/tags?post=2431"}],"curies":[{"name":"wp","href":"https:\/\/api.w.org\/{rel}","templated":true}]}}