{"id":24265,"date":"2022-12-15T19:00:13","date_gmt":"2022-12-15T19:00:13","guid":{"rendered":"https:\/\/algarve7.pt\/?p=24265"},"modified":"2022-12-15T19:00:16","modified_gmt":"2022-12-15T19:00:16","slug":"fundacao-manuel-violante-abre-inscricoes-no-algarve-para-o-programa-miles","status":"publish","type":"post","link":"https:\/\/algarve7.pt\/index.php\/2022\/12\/fundacao-manuel-violante-abre-inscricoes-no-algarve-para-o-programa-miles\/atualidade\/19\/00\/","title":{"rendered":"Funda\u00e7\u00e3o Manuel Violante abre inscri\u00e7\u00f5es no Algarve para o Programa Miles"},"content":{"rendered":"\n<p>As organiza\u00e7\u00f5es com miss\u00e3o social do Algarve e resto do pa\u00eds, j\u00e1 podem inscrever-se no\u00a0<a href=\"https:\/\/ses.prsts.de\/CL0\/https:%2F%2Fforms.gle%2F2f5npKoL1sdrYZRk8\/1\/010201851006cd34-ce0d2894-a3d7-4e31-9685-a083a9408706-000000\/7H6KPqjNJZVnughDyJUZk08qk5OhUIbKliP6hFJcGQQ=279\" target=\"_blank\" rel=\"noreferrer noopener\">Programa Miles<\/a>\u00a0&#8211; um programa de transforma\u00e7\u00e3o da economia social da Funda\u00e7\u00e3o Manuel Violante, uma organiza\u00e7\u00e3o sem fins lucrativos, que presta apoio a organiza\u00e7\u00f5es nacionais que pretendam melhorar as suas pr\u00e1ticas de gest\u00e3o.<\/p>\n\n\n\n<p>O Programa conta com 50 a 60 volunt\u00e1rios e, ao longo de um ano, cada participante definir\u00e1 os seus objetivos e no decurso da forma\u00e7\u00e3o ter\u00e1 o acompanhamento individualizado de um formador que faz parte da Funda\u00e7\u00e3o Manuel Violante, que dar\u00e1 todo o apoio para que o curso tenha aplicabilidade na pr\u00e1tica e que o objetivo final de capacita\u00e7\u00e3o dos l\u00edderes e gestores das organiza\u00e7\u00f5es se concretize.<\/p>\n\n\n\n<p>A forma\u00e7\u00e3o acontece em duas etapas diferentes e nas quais se adquirem dois n\u00edveis de conhecimento. De janeiro a maio o programa dedica-se a preparar as organiza\u00e7\u00f5es para que a sua sustentabilidade esteja garantida e de setembro a dezembro, numa segunda fase do programa, o foco \u00e9 no impacto e na inova\u00e7\u00e3o. S\u00e3o desenvolvidos temas como Lideran\u00e7a, Inova\u00e7\u00e3o e Empreendedorismo,&nbsp;Governance&nbsp;ou Transi\u00e7\u00e3o Digital. Em ambas as etapas, o objetivo \u00e9 comum: a mudan\u00e7a de&nbsp;mindset&nbsp;destas organiza\u00e7\u00f5es para que sejam mais \u00e1geis e eficientes na sua gest\u00e3o interna e dos recursos que disp\u00f5em.<\/p>\n\n\n\n<p>Patr\u00edcia Rocha, Diretora Executiva da Funda\u00e7\u00e3o Manuel Violante afirma:&nbsp;\u201cO plano \u00e9 que nos pr\u00f3ximos tr\u00eas anos estejamos a apoiar 500 organiza\u00e7\u00f5es sociais. Refor\u00e7ar a gest\u00e3o das organiza\u00e7\u00f5es participantes e faz\u00ea-las crescer e ganhar voz na sua causa. Garantir que os seus modelos de neg\u00f3cio s\u00e3o sustent\u00e1veis e que as equipas de lideran\u00e7a est\u00e3o motivadas e trabalham em harmonia para que a miss\u00e3o e o servi\u00e7o da organiza\u00e7\u00e3o seja prestado e, cada vez mais, capaz de responder \u00e0s necessidades de uma sociedade em evolu\u00e7\u00e3o\u201d<\/p>\n\n\n\n<p>De acordo com o&nbsp;Presidente de Administra\u00e7\u00e3o da Funda\u00e7\u00e3o Manuel Violante, Ra\u00fal Galamba de Oliveira&nbsp;\u201cO Miles permite que estas organiza\u00e7\u00f5es &#8211; que cuidam da sociedade, das crian\u00e7as, dos jovens, dos mais velhos, das pessoas com defici\u00eancia ou em situa\u00e7\u00e3o de sem abrigo, das fam\u00edlias vulner\u00e1veis, de quem precisa de um apoio &#8211; desempenhem ainda melhor o seu papel e que por isso cuidem ainda melhor das comunidades. Este programa possibilita \u00e0s equipas destas organiza\u00e7\u00f5es e a cada uma das suas pessoas, crescer profissional e pessoalmente, sentir-se mais capaz, ganhar confian\u00e7a e com isso refor\u00e7ar o seu impacto na organiza\u00e7\u00e3o e no 3\u00ba setor.\u201d A 6\u00aa edi\u00e7\u00e3o do programa Miles tem um valor anual de 300 euros. A inscri\u00e7\u00e3o no programa possibilita o acesso a um conjunto de iniciativas complementares de capacita\u00e7\u00e3o em gest\u00e3o como Masterclasses e Mesas Redondas. Em edi\u00e7\u00f5es anteriores participaram organiza\u00e7\u00f5es como a APAV, a Terra dos Sonhos e a Funda\u00e7\u00e3o O S\u00e9culo.<\/p>\n","protected":false},"excerpt":{"rendered":"<p>As organiza\u00e7\u00f5es com miss\u00e3o social do Algarve e resto do pa\u00eds, j\u00e1 podem inscrever-se no\u00a0Programa Miles\u00a0&#8211; um programa de transforma\u00e7\u00e3o<\/p>\n","protected":false},"author":1,"featured_media":24267,"comment_status":"closed","ping_status":"open","sticky":false,"template":"","format":"standard","meta":{"colormag_page_container_layout":"default_layout","colormag_page_sidebar_layout":"default_layout","_monsterinsights_skip_tracking":false,"_monsterinsights_sitenote_active":false,"_monsterinsights_sitenote_note":"","_monsterinsights_sitenote_category":0,"jetpack_post_was_ever_published":false,"_jetpack_newsletter_access":"","_jetpack_dont_email_post_to_subs":false,"_jetpack_newsletter_tier_id":0,"_jetpack_memberships_contains_paywalled_content":false,"_jetpack_memberships_contains_paid_content":false,"footnotes":"","jetpack_publicize_message":"","jetpack_publicize_feature_enabled":true,"jetpack_social_post_already_shared":true,"jetpack_social_options":{"image_generator_settings":{"template":"highway","default_image_id":0,"font":"","enabled":false},"version":2}},"categories":[11],"tags":[36,62,801,802],"class_list":["post-24265","post","type-post","status-publish","format-standard","has-post-thumbnail","hentry","category-atualidade","tag-algarve","tag-atualidade","tag-fundacao-manuel-violante","tag-programa-miles"],"yoast_head":"<!-- This site is optimized with the Yoast SEO plugin v27.5 - https:\/\/yoast.com\/product\/yoast-seo-wordpress\/ -->\n<title>Funda\u00e7\u00e3o Manuel Violante abre inscri\u00e7\u00f5es no Algarve para o Programa Miles - Algarve 7<\/title>\n<meta name=\"description\" content=\"Funda\u00e7\u00e3o Manuel Violante abre inscri\u00e7\u00f5es no Algarve para o Programa Miles Atualidade\" \/>\n<meta name=\"robots\" content=\"index, follow, max-snippet:-1, max-image-preview:large, max-video-preview:-1\" \/>\n<link rel=\"canonical\" href=\"https:\/\/algarve7.pt\/index.php\/2022\/12\/fundacao-manuel-violante-abre-inscricoes-no-algarve-para-o-programa-miles\/atualidade\/19\/00\/\" \/>\n<meta property=\"og:locale\" content=\"pt_PT\" \/>\n<meta property=\"og:type\" content=\"article\" \/>\n<meta property=\"og:title\" content=\"Funda\u00e7\u00e3o Manuel Violante abre inscri\u00e7\u00f5es no Algarve para o Programa Miles - Algarve 7\" \/>\n<meta property=\"og:description\" content=\"Funda\u00e7\u00e3o Manuel Violante abre inscri\u00e7\u00f5es no Algarve para o Programa Miles Atualidade\" \/>\n<meta property=\"og:url\" content=\"https:\/\/algarve7.pt\/index.php\/2022\/12\/fundacao-manuel-violante-abre-inscricoes-no-algarve-para-o-programa-miles\/atualidade\/19\/00\/\" \/>\n<meta property=\"og:site_name\" content=\"Algarve 7\" \/>\n<meta property=\"article:publisher\" content=\"https:\/\/www.facebook.com\/algarve7\" \/>\n<meta property=\"article:author\" content=\"https:\/\/www.facebook.com\/algarve7\" \/>\n<meta property=\"article:published_time\" content=\"2022-12-15T19:00:13+00:00\" \/>\n<meta property=\"article:modified_time\" content=\"2022-12-15T19:00:16+00:00\" \/>\n<meta property=\"og:image\" content=\"https:\/\/algarve7.pt\/wp-content\/uploads\/2022\/12\/Captura-de-ecra-2022-12-15-as-18.49.46.png\" \/>\n\t<meta property=\"og:image:width\" content=\"1454\" \/>\n\t<meta property=\"og:image:height\" content=\"638\" \/>\n\t<meta property=\"og:image:type\" content=\"image\/png\" \/>\n<meta name=\"author\" content=\"Algarve 7\" \/>\n<meta name=\"twitter:card\" content=\"summary_large_image\" \/>\n<meta name=\"twitter:creator\" content=\"@Algarvesete\" \/>\n<meta name=\"twitter:site\" content=\"@Algarvesete\" \/>\n<meta name=\"twitter:label1\" content=\"Escrito por\" \/>\n\t<meta name=\"twitter:data1\" content=\"Algarve 7\" \/>\n\t<meta name=\"twitter:label2\" content=\"Tempo estimado de leitura\" \/>\n\t<meta name=\"twitter:data2\" content=\"3 minutos\" \/>\n<script type=\"application\/ld+json\" class=\"yoast-schema-graph\">{\"@context\":\"https:\\\/\\\/schema.org\",\"@graph\":[{\"@type\":\"Article\",\"@id\":\"https:\\\/\\\/algarve7.pt\\\/index.php\\\/2022\\\/12\\\/fundacao-manuel-violante-abre-inscricoes-no-algarve-para-o-programa-miles\\\/atualidade\\\/19\\\/00\\\/#article\",\"isPartOf\":{\"@id\":\"https:\\\/\\\/algarve7.pt\\\/index.php\\\/2022\\\/12\\\/fundacao-manuel-violante-abre-inscricoes-no-algarve-para-o-programa-miles\\\/atualidade\\\/19\\\/00\\\/\"},\"author\":{\"name\":\"Algarve 7\",\"@id\":\"https:\\\/\\\/algarve7.pt\\\/#\\\/schema\\\/person\\\/23fa70681308e7b319a3204bcea45e0c\"},\"headline\":\"Funda\u00e7\u00e3o Manuel Violante abre inscri\u00e7\u00f5es no Algarve para o Programa Miles\",\"datePublished\":\"2022-12-15T19:00:13+00:00\",\"dateModified\":\"2022-12-15T19:00:16+00:00\",\"mainEntityOfPage\":{\"@id\":\"https:\\\/\\\/algarve7.pt\\\/index.php\\\/2022\\\/12\\\/fundacao-manuel-violante-abre-inscricoes-no-algarve-para-o-programa-miles\\\/atualidade\\\/19\\\/00\\\/\"},\"wordCount\":527,\"publisher\":{\"@id\":\"https:\\\/\\\/algarve7.pt\\\/#organization\"},\"image\":{\"@id\":\"https:\\\/\\\/algarve7.pt\\\/index.php\\\/2022\\\/12\\\/fundacao-manuel-violante-abre-inscricoes-no-algarve-para-o-programa-miles\\\/atualidade\\\/19\\\/00\\\/#primaryimage\"},\"thumbnailUrl\":\"https:\\\/\\\/algarve7.pt\\\/wp-content\\\/uploads\\\/2022\\\/12\\\/Captura-de-ecra-2022-12-15-as-18.49.46.png\",\"keywords\":[\"Algarve\",\"Atualidade\",\"Funda\u00e7\u00e3o Manuel Violante\",\"Programa Miles\"],\"articleSection\":[\"Atualidade\"],\"inLanguage\":\"pt-PT\"},{\"@type\":\"WebPage\",\"@id\":\"https:\\\/\\\/algarve7.pt\\\/index.php\\\/2022\\\/12\\\/fundacao-manuel-violante-abre-inscricoes-no-algarve-para-o-programa-miles\\\/atualidade\\\/19\\\/00\\\/\",\"url\":\"https:\\\/\\\/algarve7.pt\\\/index.php\\\/2022\\\/12\\\/fundacao-manuel-violante-abre-inscricoes-no-algarve-para-o-programa-miles\\\/atualidade\\\/19\\\/00\\\/\",\"name\":\"Funda\u00e7\u00e3o Manuel Violante abre inscri\u00e7\u00f5es no Algarve para o Programa Miles - Algarve 7\",\"isPartOf\":{\"@id\":\"https:\\\/\\\/algarve7.pt\\\/#website\"},\"primaryImageOfPage\":{\"@id\":\"https:\\\/\\\/algarve7.pt\\\/index.php\\\/2022\\\/12\\\/fundacao-manuel-violante-abre-inscricoes-no-algarve-para-o-programa-miles\\\/atualidade\\\/19\\\/00\\\/#primaryimage\"},\"image\":{\"@id\":\"https:\\\/\\\/algarve7.pt\\\/index.php\\\/2022\\\/12\\\/fundacao-manuel-violante-abre-inscricoes-no-algarve-para-o-programa-miles\\\/atualidade\\\/19\\\/00\\\/#primaryimage\"},\"thumbnailUrl\":\"https:\\\/\\\/algarve7.pt\\\/wp-content\\\/uploads\\\/2022\\\/12\\\/Captura-de-ecra-2022-12-15-as-18.49.46.png\",\"datePublished\":\"2022-12-15T19:00:13+00:00\",\"dateModified\":\"2022-12-15T19:00:16+00:00\",\"description\":\"Funda\u00e7\u00e3o Manuel Violante abre inscri\u00e7\u00f5es no Algarve para o Programa Miles Atualidade\",\"breadcrumb\":{\"@id\":\"https:\\\/\\\/algarve7.pt\\\/index.php\\\/2022\\\/12\\\/fundacao-manuel-violante-abre-inscricoes-no-algarve-para-o-programa-miles\\\/atualidade\\\/19\\\/00\\\/#breadcrumb\"},\"inLanguage\":\"pt-PT\",\"potentialAction\":[{\"@type\":\"ReadAction\",\"target\":[\"https:\\\/\\\/algarve7.pt\\\/index.php\\\/2022\\\/12\\\/fundacao-manuel-violante-abre-inscricoes-no-algarve-para-o-programa-miles\\\/atualidade\\\/19\\\/00\\\/\"]}]},{\"@type\":\"ImageObject\",\"inLanguage\":\"pt-PT\",\"@id\":\"https:\\\/\\\/algarve7.pt\\\/index.php\\\/2022\\\/12\\\/fundacao-manuel-violante-abre-inscricoes-no-algarve-para-o-programa-miles\\\/atualidade\\\/19\\\/00\\\/#primaryimage\",\"url\":\"https:\\\/\\\/algarve7.pt\\\/wp-content\\\/uploads\\\/2022\\\/12\\\/Captura-de-ecra-2022-12-15-as-18.49.46.png\",\"contentUrl\":\"https:\\\/\\\/algarve7.pt\\\/wp-content\\\/uploads\\\/2022\\\/12\\\/Captura-de-ecra-2022-12-15-as-18.49.46.png\",\"width\":1454,\"height\":638},{\"@type\":\"BreadcrumbList\",\"@id\":\"https:\\\/\\\/algarve7.pt\\\/index.php\\\/2022\\\/12\\\/fundacao-manuel-violante-abre-inscricoes-no-algarve-para-o-programa-miles\\\/atualidade\\\/19\\\/00\\\/#breadcrumb\",\"itemListElement\":[{\"@type\":\"ListItem\",\"position\":1,\"name\":\"In\u00edcio\",\"item\":\"https:\\\/\\\/algarve7.pt\\\/\"},{\"@type\":\"ListItem\",\"position\":2,\"name\":\"Funda\u00e7\u00e3o Manuel Violante abre inscri\u00e7\u00f5es no Algarve para o Programa Miles\"}]},{\"@type\":\"WebSite\",\"@id\":\"https:\\\/\\\/algarve7.pt\\\/#website\",\"url\":\"https:\\\/\\\/algarve7.pt\\\/\",\"name\":\"Algarve 7\",\"description\":\"Informa\u00e7\u00e3o sobre o Algarve\",\"publisher\":{\"@id\":\"https:\\\/\\\/algarve7.pt\\\/#organization\"},\"potentialAction\":[{\"@type\":\"SearchAction\",\"target\":{\"@type\":\"EntryPoint\",\"urlTemplate\":\"https:\\\/\\\/algarve7.pt\\\/?s={search_term_string}\"},\"query-input\":{\"@type\":\"PropertyValueSpecification\",\"valueRequired\":true,\"valueName\":\"search_term_string\"}}],\"inLanguage\":\"pt-PT\"},{\"@type\":\"Organization\",\"@id\":\"https:\\\/\\\/algarve7.pt\\\/#organization\",\"name\":\"Algarve 7\",\"url\":\"https:\\\/\\\/algarve7.pt\\\/\",\"logo\":{\"@type\":\"ImageObject\",\"inLanguage\":\"pt-PT\",\"@id\":\"https:\\\/\\\/algarve7.pt\\\/#\\\/schema\\\/logo\\\/image\\\/\",\"url\":\"https:\\\/\\\/algarve7.pt\\\/wp-content\\\/uploads\\\/2020\\\/10\\\/Logo-8.jpg\",\"contentUrl\":\"https:\\\/\\\/algarve7.pt\\\/wp-content\\\/uploads\\\/2020\\\/10\\\/Logo-8.jpg\",\"width\":1680,\"height\":1186,\"caption\":\"Algarve 7\"},\"image\":{\"@id\":\"https:\\\/\\\/algarve7.pt\\\/#\\\/schema\\\/logo\\\/image\\\/\"},\"sameAs\":[\"https:\\\/\\\/www.facebook.com\\\/algarve7\",\"https:\\\/\\\/x.com\\\/Algarvesete\",\"https:\\\/\\\/www.instagram.com\\\/jornalalgarve7\\\/\",\"https:\\\/\\\/www.linkedin.com\\\/company\\\/algarve7\",\"https:\\\/\\\/www.pinterest.pt\\\/geral0939\\\/_created\\\/\"]},{\"@type\":\"Person\",\"@id\":\"https:\\\/\\\/algarve7.pt\\\/#\\\/schema\\\/person\\\/23fa70681308e7b319a3204bcea45e0c\",\"name\":\"Algarve 7\",\"sameAs\":[\"https:\\\/\\\/algarve7.pt\",\"https:\\\/\\\/www.facebook.com\\\/algarve7\"],\"url\":\"https:\\\/\\\/algarve7.pt\\\/index.php\\\/author\\\/geralalgarve7-pt\\\/\"}]}<\/script>\n<!-- \/ Yoast SEO plugin. -->","yoast_head_json":{"title":"Funda\u00e7\u00e3o Manuel Violante abre inscri\u00e7\u00f5es no Algarve para o Programa Miles - Algarve 7","description":"Funda\u00e7\u00e3o Manuel Violante abre inscri\u00e7\u00f5es no Algarve para o Programa Miles Atualidade","robots":{"index":"index","follow":"follow","max-snippet":"max-snippet:-1","max-image-preview":"max-image-preview:large","max-video-preview":"max-video-preview:-1"},"canonical":"https:\/\/algarve7.pt\/index.php\/2022\/12\/fundacao-manuel-violante-abre-inscricoes-no-algarve-para-o-programa-miles\/atualidade\/19\/00\/","og_locale":"pt_PT","og_type":"article","og_title":"Funda\u00e7\u00e3o Manuel Violante abre inscri\u00e7\u00f5es no Algarve para o Programa Miles - Algarve 7","og_description":"Funda\u00e7\u00e3o Manuel Violante abre inscri\u00e7\u00f5es no Algarve para o Programa Miles Atualidade","og_url":"https:\/\/algarve7.pt\/index.php\/2022\/12\/fundacao-manuel-violante-abre-inscricoes-no-algarve-para-o-programa-miles\/atualidade\/19\/00\/","og_site_name":"Algarve 7","article_publisher":"https:\/\/www.facebook.com\/algarve7","article_author":"https:\/\/www.facebook.com\/algarve7","article_published_time":"2022-12-15T19:00:13+00:00","article_modified_time":"2022-12-15T19:00:16+00:00","og_image":[{"width":1454,"height":638,"url":"https:\/\/algarve7.pt\/wp-content\/uploads\/2022\/12\/Captura-de-ecra-2022-12-15-as-18.49.46.png","type":"image\/png"}],"author":"Algarve 7","twitter_card":"summary_large_image","twitter_creator":"@Algarvesete","twitter_site":"@Algarvesete","twitter_misc":{"Escrito por":"Algarve 7","Tempo estimado de leitura":"3 minutos"},"schema":{"@context":"https:\/\/schema.org","@graph":[{"@type":"Article","@id":"https:\/\/algarve7.pt\/index.php\/2022\/12\/fundacao-manuel-violante-abre-inscricoes-no-algarve-para-o-programa-miles\/atualidade\/19\/00\/#article","isPartOf":{"@id":"https:\/\/algarve7.pt\/index.php\/2022\/12\/fundacao-manuel-violante-abre-inscricoes-no-algarve-para-o-programa-miles\/atualidade\/19\/00\/"},"author":{"name":"Algarve 7","@id":"https:\/\/algarve7.pt\/#\/schema\/person\/23fa70681308e7b319a3204bcea45e0c"},"headline":"Funda\u00e7\u00e3o Manuel Violante abre inscri\u00e7\u00f5es no Algarve para o Programa Miles","datePublished":"2022-12-15T19:00:13+00:00","dateModified":"2022-12-15T19:00:16+00:00","mainEntityOfPage":{"@id":"https:\/\/algarve7.pt\/index.php\/2022\/12\/fundacao-manuel-violante-abre-inscricoes-no-algarve-para-o-programa-miles\/atualidade\/19\/00\/"},"wordCount":527,"publisher":{"@id":"https:\/\/algarve7.pt\/#organization"},"image":{"@id":"https:\/\/algarve7.pt\/index.php\/2022\/12\/fundacao-manuel-violante-abre-inscricoes-no-algarve-para-o-programa-miles\/atualidade\/19\/00\/#primaryimage"},"thumbnailUrl":"https:\/\/algarve7.pt\/wp-content\/uploads\/2022\/12\/Captura-de-ecra-2022-12-15-as-18.49.46.png","keywords":["Algarve","Atualidade","Funda\u00e7\u00e3o Manuel Violante","Programa Miles"],"articleSection":["Atualidade"],"inLanguage":"pt-PT"},{"@type":"WebPage","@id":"https:\/\/algarve7.pt\/index.php\/2022\/12\/fundacao-manuel-violante-abre-inscricoes-no-algarve-para-o-programa-miles\/atualidade\/19\/00\/","url":"https:\/\/algarve7.pt\/index.php\/2022\/12\/fundacao-manuel-violante-abre-inscricoes-no-algarve-para-o-programa-miles\/atualidade\/19\/00\/","name":"Funda\u00e7\u00e3o Manuel Violante abre inscri\u00e7\u00f5es no Algarve para o Programa Miles - Algarve 7","isPartOf":{"@id":"https:\/\/algarve7.pt\/#website"},"primaryImageOfPage":{"@id":"https:\/\/algarve7.pt\/index.php\/2022\/12\/fundacao-manuel-violante-abre-inscricoes-no-algarve-para-o-programa-miles\/atualidade\/19\/00\/#primaryimage"},"image":{"@id":"https:\/\/algarve7.pt\/index.php\/2022\/12\/fundacao-manuel-violante-abre-inscricoes-no-algarve-para-o-programa-miles\/atualidade\/19\/00\/#primaryimage"},"thumbnailUrl":"https:\/\/algarve7.pt\/wp-content\/uploads\/2022\/12\/Captura-de-ecra-2022-12-15-as-18.49.46.png","datePublished":"2022-12-15T19:00:13+00:00","dateModified":"2022-12-15T19:00:16+00:00","description":"Funda\u00e7\u00e3o Manuel Violante abre inscri\u00e7\u00f5es no Algarve para o Programa Miles Atualidade","breadcrumb":{"@id":"https:\/\/algarve7.pt\/index.php\/2022\/12\/fundacao-manuel-violante-abre-inscricoes-no-algarve-para-o-programa-miles\/atualidade\/19\/00\/#breadcrumb"},"inLanguage":"pt-PT","potentialAction":[{"@type":"ReadAction","target":["https:\/\/algarve7.pt\/index.php\/2022\/12\/fundacao-manuel-violante-abre-inscricoes-no-algarve-para-o-programa-miles\/atualidade\/19\/00\/"]}]},{"@type":"ImageObject","inLanguage":"pt-PT","@id":"https:\/\/algarve7.pt\/index.php\/2022\/12\/fundacao-manuel-violante-abre-inscricoes-no-algarve-para-o-programa-miles\/atualidade\/19\/00\/#primaryimage","url":"https:\/\/algarve7.pt\/wp-content\/uploads\/2022\/12\/Captura-de-ecra-2022-12-15-as-18.49.46.png","contentUrl":"https:\/\/algarve7.pt\/wp-content\/uploads\/2022\/12\/Captura-de-ecra-2022-12-15-as-18.49.46.png","width":1454,"height":638},{"@type":"BreadcrumbList","@id":"https:\/\/algarve7.pt\/index.php\/2022\/12\/fundacao-manuel-violante-abre-inscricoes-no-algarve-para-o-programa-miles\/atualidade\/19\/00\/#breadcrumb","itemListElement":[{"@type":"ListItem","position":1,"name":"In\u00edcio","item":"https:\/\/algarve7.pt\/"},{"@type":"ListItem","position":2,"name":"Funda\u00e7\u00e3o Manuel Violante abre inscri\u00e7\u00f5es no Algarve para o Programa Miles"}]},{"@type":"WebSite","@id":"https:\/\/algarve7.pt\/#website","url":"https:\/\/algarve7.pt\/","name":"Algarve 7","description":"Informa\u00e7\u00e3o sobre o Algarve","publisher":{"@id":"https:\/\/algarve7.pt\/#organization"},"potentialAction":[{"@type":"SearchAction","target":{"@type":"EntryPoint","urlTemplate":"https:\/\/algarve7.pt\/?s={search_term_string}"},"query-input":{"@type":"PropertyValueSpecification","valueRequired":true,"valueName":"search_term_string"}}],"inLanguage":"pt-PT"},{"@type":"Organization","@id":"https:\/\/algarve7.pt\/#organization","name":"Algarve 7","url":"https:\/\/algarve7.pt\/","logo":{"@type":"ImageObject","inLanguage":"pt-PT","@id":"https:\/\/algarve7.pt\/#\/schema\/logo\/image\/","url":"https:\/\/algarve7.pt\/wp-content\/uploads\/2020\/10\/Logo-8.jpg","contentUrl":"https:\/\/algarve7.pt\/wp-content\/uploads\/2020\/10\/Logo-8.jpg","width":1680,"height":1186,"caption":"Algarve 7"},"image":{"@id":"https:\/\/algarve7.pt\/#\/schema\/logo\/image\/"},"sameAs":["https:\/\/www.facebook.com\/algarve7","https:\/\/x.com\/Algarvesete","https:\/\/www.instagram.com\/jornalalgarve7\/","https:\/\/www.linkedin.com\/company\/algarve7","https:\/\/www.pinterest.pt\/geral0939\/_created\/"]},{"@type":"Person","@id":"https:\/\/algarve7.pt\/#\/schema\/person\/23fa70681308e7b319a3204bcea45e0c","name":"Algarve 7","sameAs":["https:\/\/algarve7.pt","https:\/\/www.facebook.com\/algarve7"],"url":"https:\/\/algarve7.pt\/index.php\/author\/geralalgarve7-pt\/"}]}},"jetpack_publicize_connections":[],"jetpack_featured_media_url":"https:\/\/algarve7.pt\/wp-content\/uploads\/2022\/12\/Captura-de-ecra-2022-12-15-as-18.49.46.png","jetpack_shortlink":"https:\/\/wp.me\/pcezmW-6jn","jetpack_sharing_enabled":true,"_links":{"self":[{"href":"https:\/\/algarve7.pt\/index.php\/wp-json\/wp\/v2\/posts\/24265","targetHints":{"allow":["GET"]}}],"collection":[{"href":"https:\/\/algarve7.pt\/index.php\/wp-json\/wp\/v2\/posts"}],"about":[{"href":"https:\/\/algarve7.pt\/index.php\/wp-json\/wp\/v2\/types\/post"}],"author":[{"embeddable":true,"href":"https:\/\/algarve7.pt\/index.php\/wp-json\/wp\/v2\/users\/1"}],"replies":[{"embeddable":true,"href":"https:\/\/algarve7.pt\/index.php\/wp-json\/wp\/v2\/comments?post=24265"}],"version-history":[{"count":0,"href":"https:\/\/algarve7.pt\/index.php\/wp-json\/wp\/v2\/posts\/24265\/revisions"}],"wp:featuredmedia":[{"embeddable":true,"href":"https:\/\/algarve7.pt\/index.php\/wp-json\/wp\/v2\/media\/24267"}],"wp:attachment":[{"href":"https:\/\/algarve7.pt\/index.php\/wp-json\/wp\/v2\/media?parent=24265"}],"wp:term":[{"taxonomy":"category","embeddable":true,"href":"https:\/\/algarve7.pt\/index.php\/wp-json\/wp\/v2\/categories?post=24265"},{"taxonomy":"post_tag","embeddable":true,"href":"https:\/\/algarve7.pt\/index.php\/wp-json\/wp\/v2\/tags?post=24265"}],"curies":[{"name":"wp","href":"https:\/\/api.w.org\/{rel}","templated":true}]}}