{"id":2425,"date":"2020-10-14T15:06:19","date_gmt":"2020-10-14T14:06:19","guid":{"rendered":"https:\/\/algarve7.pt\/?p=2425"},"modified":"2020-10-14T15:06:19","modified_gmt":"2020-10-14T14:06:19","slug":"comando-dos-bombeiros-municipais-de-olhao-tem-nova-adjunta-tecnica","status":"publish","type":"post","link":"https:\/\/algarve7.pt\/index.php\/2020\/10\/comando-dos-bombeiros-municipais-de-olhao-tem-nova-adjunta-tecnica\/atualidade\/15\/06\/","title":{"rendered":"Comando dos Bombeiros Municipais de Olh\u00e3o tem nova adjunta t\u00e9cnica"},"content":{"rendered":"\n<p>O presidente da C\u00e2mara de Olh\u00e3o, Ant\u00f3nio Miguel Pina, deu posse, no in\u00edcio deste m\u00eas, \u00e0 nova adjunta t\u00e9cnica do comando dos Bombeiros Municipais, Sara Ferreira. Fica assim completo o quadro de pessoal previsto para os cargos de chefia no Corpo de Bombeiros Municipais de Olh\u00e3o.<\/p>\n\n\n\n<p>Sara Raquel Martins Ferreira, licenciada em Geografia, Ambiente e Desenvolvimento \u00e9, desde o dia 1 de outubro deste ano, adjunta t\u00e9cnica do comandante no Corpo de Bombeiros Municipais de Olh\u00e3o. A nomea\u00e7\u00e3o de Sara Ferreira pelo presidente do Munic\u00edpio, Ant\u00f3nio Miguel Pina, \u00e9 efetuada por um per\u00edodo de cinco anos, eventualmente renov\u00e1vel por id\u00eantico per\u00edodo.<\/p>\n\n\n\n<p>Sara Ferreira desempenhou fun\u00e7\u00f5es no Gabinete de Planeamento e Ordenamento do Territ\u00f3rio do Munic\u00edpio de Almod\u00f4var entre 2011 e 2015, tendo depois integrado, durante dois anos, a Divis\u00e3o de Inform\u00e1tica do Munic\u00edpio de Olh\u00e3o, na \u00e1rea de Sistemas de Informa\u00e7\u00e3o Geogr\u00e1fica. Era, desde 2017, adjunta t\u00e9cnica do comandante do Corpo de Bombeiros Sapadores de Faro, de onde saiu para desempenhar o cargo que agora ocupa nos Bombeiros Municipais de Olh\u00e3o.<\/p>\n","protected":false},"excerpt":{"rendered":"<p>O presidente da C\u00e2mara de Olh\u00e3o, Ant\u00f3nio Miguel Pina, deu posse, no in\u00edcio deste m\u00eas, \u00e0 nova adjunta t\u00e9cnica do<\/p>\n","protected":false},"author":1,"featured_media":2426,"comment_status":"closed","ping_status":"open","sticky":false,"template":"","format":"standard","meta":{"colormag_page_container_layout":"default_layout","colormag_page_sidebar_layout":"default_layout","_monsterinsights_skip_tracking":false,"_monsterinsights_sitenote_active":false,"_monsterinsights_sitenote_note":"","_monsterinsights_sitenote_category":0,"jetpack_post_was_ever_published":false,"_jetpack_newsletter_access":"","_jetpack_dont_email_post_to_subs":false,"_jetpack_newsletter_tier_id":0,"_jetpack_memberships_contains_paywalled_content":false,"_jetpack_memberships_contains_paid_content":false,"footnotes":"","jetpack_publicize_message":"","jetpack_publicize_feature_enabled":true,"jetpack_social_post_already_shared":true,"jetpack_social_options":{"image_generator_settings":{"template":"highway","default_image_id":0,"font":"","enabled":false},"version":2}},"categories":[11],"tags":[36,62,104,37],"class_list":["post-2425","post","type-post","status-publish","format-standard","has-post-thumbnail","hentry","category-atualidade","tag-algarve","tag-atualidade","tag-bombeiros","tag-olhao"],"yoast_head":"<!-- This site is optimized with the Yoast SEO plugin v27.5 - https:\/\/yoast.com\/product\/yoast-seo-wordpress\/ -->\n<title>Comando dos Bombeiros Municipais de Olh\u00e3o tem nova adjunta t\u00e9cnica - Algarve 7<\/title>\n<meta name=\"description\" content=\"Comando dos Bombeiros Municipais de Olh\u00e3o tem nova adjunta t\u00e9cnica\" \/>\n<meta name=\"robots\" content=\"index, follow, max-snippet:-1, max-image-preview:large, max-video-preview:-1\" \/>\n<link rel=\"canonical\" href=\"https:\/\/algarve7.pt\/index.php\/2020\/10\/comando-dos-bombeiros-municipais-de-olhao-tem-nova-adjunta-tecnica\/atualidade\/15\/06\/\" \/>\n<meta property=\"og:locale\" content=\"pt_PT\" \/>\n<meta property=\"og:type\" content=\"article\" \/>\n<meta property=\"og:title\" content=\"Comando dos Bombeiros Municipais de Olh\u00e3o tem nova adjunta t\u00e9cnica - Algarve 7\" \/>\n<meta property=\"og:description\" content=\"Comando dos Bombeiros Municipais de Olh\u00e3o tem nova adjunta t\u00e9cnica\" \/>\n<meta property=\"og:url\" content=\"https:\/\/algarve7.pt\/index.php\/2020\/10\/comando-dos-bombeiros-municipais-de-olhao-tem-nova-adjunta-tecnica\/atualidade\/15\/06\/\" \/>\n<meta property=\"og:site_name\" content=\"Algarve 7\" \/>\n<meta property=\"article:publisher\" content=\"https:\/\/www.facebook.com\/algarve7\" \/>\n<meta property=\"article:author\" content=\"https:\/\/www.facebook.com\/algarve7\" \/>\n<meta property=\"article:published_time\" content=\"2020-10-14T14:06:19+00:00\" \/>\n<meta property=\"og:image\" content=\"https:\/\/algarve7.pt\/wp-content\/uploads\/2020\/10\/2020-118-adjunta-bmo-01.jpg\" \/>\n\t<meta property=\"og:image:width\" content=\"1500\" \/>\n\t<meta property=\"og:image:height\" content=\"1000\" \/>\n\t<meta property=\"og:image:type\" content=\"image\/jpeg\" \/>\n<meta name=\"author\" content=\"Algarve 7\" \/>\n<meta name=\"twitter:card\" content=\"summary_large_image\" \/>\n<meta name=\"twitter:creator\" content=\"@Algarvesete\" \/>\n<meta name=\"twitter:site\" content=\"@Algarvesete\" \/>\n<meta name=\"twitter:label1\" content=\"Escrito por\" \/>\n\t<meta name=\"twitter:data1\" content=\"Algarve 7\" \/>\n\t<meta name=\"twitter:label2\" content=\"Tempo estimado de leitura\" \/>\n\t<meta name=\"twitter:data2\" content=\"1 minuto\" \/>\n<script type=\"application\/ld+json\" class=\"yoast-schema-graph\">{\"@context\":\"https:\\\/\\\/schema.org\",\"@graph\":[{\"@type\":\"Article\",\"@id\":\"https:\\\/\\\/algarve7.pt\\\/index.php\\\/2020\\\/10\\\/comando-dos-bombeiros-municipais-de-olhao-tem-nova-adjunta-tecnica\\\/atualidade\\\/15\\\/06\\\/#article\",\"isPartOf\":{\"@id\":\"https:\\\/\\\/algarve7.pt\\\/index.php\\\/2020\\\/10\\\/comando-dos-bombeiros-municipais-de-olhao-tem-nova-adjunta-tecnica\\\/atualidade\\\/15\\\/06\\\/\"},\"author\":{\"name\":\"Algarve 7\",\"@id\":\"https:\\\/\\\/algarve7.pt\\\/#\\\/schema\\\/person\\\/23fa70681308e7b319a3204bcea45e0c\"},\"headline\":\"Comando dos Bombeiros Municipais de Olh\u00e3o tem nova adjunta t\u00e9cnica\",\"datePublished\":\"2020-10-14T14:06:19+00:00\",\"mainEntityOfPage\":{\"@id\":\"https:\\\/\\\/algarve7.pt\\\/index.php\\\/2020\\\/10\\\/comando-dos-bombeiros-municipais-de-olhao-tem-nova-adjunta-tecnica\\\/atualidade\\\/15\\\/06\\\/\"},\"wordCount\":204,\"publisher\":{\"@id\":\"https:\\\/\\\/algarve7.pt\\\/#organization\"},\"image\":{\"@id\":\"https:\\\/\\\/algarve7.pt\\\/index.php\\\/2020\\\/10\\\/comando-dos-bombeiros-municipais-de-olhao-tem-nova-adjunta-tecnica\\\/atualidade\\\/15\\\/06\\\/#primaryimage\"},\"thumbnailUrl\":\"https:\\\/\\\/algarve7.pt\\\/wp-content\\\/uploads\\\/2020\\\/10\\\/2020-118-adjunta-bmo-01.jpg\",\"keywords\":[\"Algarve\",\"Atualidade\",\"Bombeiros\",\"Olh\u00e3o\"],\"articleSection\":[\"Atualidade\"],\"inLanguage\":\"pt-PT\"},{\"@type\":\"WebPage\",\"@id\":\"https:\\\/\\\/algarve7.pt\\\/index.php\\\/2020\\\/10\\\/comando-dos-bombeiros-municipais-de-olhao-tem-nova-adjunta-tecnica\\\/atualidade\\\/15\\\/06\\\/\",\"url\":\"https:\\\/\\\/algarve7.pt\\\/index.php\\\/2020\\\/10\\\/comando-dos-bombeiros-municipais-de-olhao-tem-nova-adjunta-tecnica\\\/atualidade\\\/15\\\/06\\\/\",\"name\":\"Comando dos Bombeiros Municipais de Olh\u00e3o tem nova adjunta t\u00e9cnica - Algarve 7\",\"isPartOf\":{\"@id\":\"https:\\\/\\\/algarve7.pt\\\/#website\"},\"primaryImageOfPage\":{\"@id\":\"https:\\\/\\\/algarve7.pt\\\/index.php\\\/2020\\\/10\\\/comando-dos-bombeiros-municipais-de-olhao-tem-nova-adjunta-tecnica\\\/atualidade\\\/15\\\/06\\\/#primaryimage\"},\"image\":{\"@id\":\"https:\\\/\\\/algarve7.pt\\\/index.php\\\/2020\\\/10\\\/comando-dos-bombeiros-municipais-de-olhao-tem-nova-adjunta-tecnica\\\/atualidade\\\/15\\\/06\\\/#primaryimage\"},\"thumbnailUrl\":\"https:\\\/\\\/algarve7.pt\\\/wp-content\\\/uploads\\\/2020\\\/10\\\/2020-118-adjunta-bmo-01.jpg\",\"datePublished\":\"2020-10-14T14:06:19+00:00\",\"description\":\"Comando dos Bombeiros Municipais de Olh\u00e3o tem nova adjunta t\u00e9cnica\",\"breadcrumb\":{\"@id\":\"https:\\\/\\\/algarve7.pt\\\/index.php\\\/2020\\\/10\\\/comando-dos-bombeiros-municipais-de-olhao-tem-nova-adjunta-tecnica\\\/atualidade\\\/15\\\/06\\\/#breadcrumb\"},\"inLanguage\":\"pt-PT\",\"potentialAction\":[{\"@type\":\"ReadAction\",\"target\":[\"https:\\\/\\\/algarve7.pt\\\/index.php\\\/2020\\\/10\\\/comando-dos-bombeiros-municipais-de-olhao-tem-nova-adjunta-tecnica\\\/atualidade\\\/15\\\/06\\\/\"]}]},{\"@type\":\"ImageObject\",\"inLanguage\":\"pt-PT\",\"@id\":\"https:\\\/\\\/algarve7.pt\\\/index.php\\\/2020\\\/10\\\/comando-dos-bombeiros-municipais-de-olhao-tem-nova-adjunta-tecnica\\\/atualidade\\\/15\\\/06\\\/#primaryimage\",\"url\":\"https:\\\/\\\/algarve7.pt\\\/wp-content\\\/uploads\\\/2020\\\/10\\\/2020-118-adjunta-bmo-01.jpg\",\"contentUrl\":\"https:\\\/\\\/algarve7.pt\\\/wp-content\\\/uploads\\\/2020\\\/10\\\/2020-118-adjunta-bmo-01.jpg\",\"width\":1500,\"height\":1000},{\"@type\":\"BreadcrumbList\",\"@id\":\"https:\\\/\\\/algarve7.pt\\\/index.php\\\/2020\\\/10\\\/comando-dos-bombeiros-municipais-de-olhao-tem-nova-adjunta-tecnica\\\/atualidade\\\/15\\\/06\\\/#breadcrumb\",\"itemListElement\":[{\"@type\":\"ListItem\",\"position\":1,\"name\":\"In\u00edcio\",\"item\":\"https:\\\/\\\/algarve7.pt\\\/\"},{\"@type\":\"ListItem\",\"position\":2,\"name\":\"Comando dos Bombeiros Municipais de Olh\u00e3o tem nova adjunta t\u00e9cnica\"}]},{\"@type\":\"WebSite\",\"@id\":\"https:\\\/\\\/algarve7.pt\\\/#website\",\"url\":\"https:\\\/\\\/algarve7.pt\\\/\",\"name\":\"Algarve 7\",\"description\":\"Informa\u00e7\u00e3o sobre o Algarve\",\"publisher\":{\"@id\":\"https:\\\/\\\/algarve7.pt\\\/#organization\"},\"potentialAction\":[{\"@type\":\"SearchAction\",\"target\":{\"@type\":\"EntryPoint\",\"urlTemplate\":\"https:\\\/\\\/algarve7.pt\\\/?s={search_term_string}\"},\"query-input\":{\"@type\":\"PropertyValueSpecification\",\"valueRequired\":true,\"valueName\":\"search_term_string\"}}],\"inLanguage\":\"pt-PT\"},{\"@type\":\"Organization\",\"@id\":\"https:\\\/\\\/algarve7.pt\\\/#organization\",\"name\":\"Algarve 7\",\"url\":\"https:\\\/\\\/algarve7.pt\\\/\",\"logo\":{\"@type\":\"ImageObject\",\"inLanguage\":\"pt-PT\",\"@id\":\"https:\\\/\\\/algarve7.pt\\\/#\\\/schema\\\/logo\\\/image\\\/\",\"url\":\"https:\\\/\\\/algarve7.pt\\\/wp-content\\\/uploads\\\/2020\\\/10\\\/Logo-8.jpg\",\"contentUrl\":\"https:\\\/\\\/algarve7.pt\\\/wp-content\\\/uploads\\\/2020\\\/10\\\/Logo-8.jpg\",\"width\":1680,\"height\":1186,\"caption\":\"Algarve 7\"},\"image\":{\"@id\":\"https:\\\/\\\/algarve7.pt\\\/#\\\/schema\\\/logo\\\/image\\\/\"},\"sameAs\":[\"https:\\\/\\\/www.facebook.com\\\/algarve7\",\"https:\\\/\\\/x.com\\\/Algarvesete\",\"https:\\\/\\\/www.instagram.com\\\/jornalalgarve7\\\/\",\"https:\\\/\\\/www.linkedin.com\\\/company\\\/algarve7\",\"https:\\\/\\\/www.pinterest.pt\\\/geral0939\\\/_created\\\/\"]},{\"@type\":\"Person\",\"@id\":\"https:\\\/\\\/algarve7.pt\\\/#\\\/schema\\\/person\\\/23fa70681308e7b319a3204bcea45e0c\",\"name\":\"Algarve 7\",\"sameAs\":[\"https:\\\/\\\/algarve7.pt\",\"https:\\\/\\\/www.facebook.com\\\/algarve7\"],\"url\":\"https:\\\/\\\/algarve7.pt\\\/index.php\\\/author\\\/geralalgarve7-pt\\\/\"}]}<\/script>\n<!-- \/ Yoast SEO plugin. -->","yoast_head_json":{"title":"Comando dos Bombeiros Municipais de Olh\u00e3o tem nova adjunta t\u00e9cnica - Algarve 7","description":"Comando dos Bombeiros Municipais de Olh\u00e3o tem nova adjunta t\u00e9cnica","robots":{"index":"index","follow":"follow","max-snippet":"max-snippet:-1","max-image-preview":"max-image-preview:large","max-video-preview":"max-video-preview:-1"},"canonical":"https:\/\/algarve7.pt\/index.php\/2020\/10\/comando-dos-bombeiros-municipais-de-olhao-tem-nova-adjunta-tecnica\/atualidade\/15\/06\/","og_locale":"pt_PT","og_type":"article","og_title":"Comando dos Bombeiros Municipais de Olh\u00e3o tem nova adjunta t\u00e9cnica - Algarve 7","og_description":"Comando dos Bombeiros Municipais de Olh\u00e3o tem nova adjunta t\u00e9cnica","og_url":"https:\/\/algarve7.pt\/index.php\/2020\/10\/comando-dos-bombeiros-municipais-de-olhao-tem-nova-adjunta-tecnica\/atualidade\/15\/06\/","og_site_name":"Algarve 7","article_publisher":"https:\/\/www.facebook.com\/algarve7","article_author":"https:\/\/www.facebook.com\/algarve7","article_published_time":"2020-10-14T14:06:19+00:00","og_image":[{"width":1500,"height":1000,"url":"https:\/\/algarve7.pt\/wp-content\/uploads\/2020\/10\/2020-118-adjunta-bmo-01.jpg","type":"image\/jpeg"}],"author":"Algarve 7","twitter_card":"summary_large_image","twitter_creator":"@Algarvesete","twitter_site":"@Algarvesete","twitter_misc":{"Escrito por":"Algarve 7","Tempo estimado de leitura":"1 minuto"},"schema":{"@context":"https:\/\/schema.org","@graph":[{"@type":"Article","@id":"https:\/\/algarve7.pt\/index.php\/2020\/10\/comando-dos-bombeiros-municipais-de-olhao-tem-nova-adjunta-tecnica\/atualidade\/15\/06\/#article","isPartOf":{"@id":"https:\/\/algarve7.pt\/index.php\/2020\/10\/comando-dos-bombeiros-municipais-de-olhao-tem-nova-adjunta-tecnica\/atualidade\/15\/06\/"},"author":{"name":"Algarve 7","@id":"https:\/\/algarve7.pt\/#\/schema\/person\/23fa70681308e7b319a3204bcea45e0c"},"headline":"Comando dos Bombeiros Municipais de Olh\u00e3o tem nova adjunta t\u00e9cnica","datePublished":"2020-10-14T14:06:19+00:00","mainEntityOfPage":{"@id":"https:\/\/algarve7.pt\/index.php\/2020\/10\/comando-dos-bombeiros-municipais-de-olhao-tem-nova-adjunta-tecnica\/atualidade\/15\/06\/"},"wordCount":204,"publisher":{"@id":"https:\/\/algarve7.pt\/#organization"},"image":{"@id":"https:\/\/algarve7.pt\/index.php\/2020\/10\/comando-dos-bombeiros-municipais-de-olhao-tem-nova-adjunta-tecnica\/atualidade\/15\/06\/#primaryimage"},"thumbnailUrl":"https:\/\/algarve7.pt\/wp-content\/uploads\/2020\/10\/2020-118-adjunta-bmo-01.jpg","keywords":["Algarve","Atualidade","Bombeiros","Olh\u00e3o"],"articleSection":["Atualidade"],"inLanguage":"pt-PT"},{"@type":"WebPage","@id":"https:\/\/algarve7.pt\/index.php\/2020\/10\/comando-dos-bombeiros-municipais-de-olhao-tem-nova-adjunta-tecnica\/atualidade\/15\/06\/","url":"https:\/\/algarve7.pt\/index.php\/2020\/10\/comando-dos-bombeiros-municipais-de-olhao-tem-nova-adjunta-tecnica\/atualidade\/15\/06\/","name":"Comando dos Bombeiros Municipais de Olh\u00e3o tem nova adjunta t\u00e9cnica - Algarve 7","isPartOf":{"@id":"https:\/\/algarve7.pt\/#website"},"primaryImageOfPage":{"@id":"https:\/\/algarve7.pt\/index.php\/2020\/10\/comando-dos-bombeiros-municipais-de-olhao-tem-nova-adjunta-tecnica\/atualidade\/15\/06\/#primaryimage"},"image":{"@id":"https:\/\/algarve7.pt\/index.php\/2020\/10\/comando-dos-bombeiros-municipais-de-olhao-tem-nova-adjunta-tecnica\/atualidade\/15\/06\/#primaryimage"},"thumbnailUrl":"https:\/\/algarve7.pt\/wp-content\/uploads\/2020\/10\/2020-118-adjunta-bmo-01.jpg","datePublished":"2020-10-14T14:06:19+00:00","description":"Comando dos Bombeiros Municipais de Olh\u00e3o tem nova adjunta t\u00e9cnica","breadcrumb":{"@id":"https:\/\/algarve7.pt\/index.php\/2020\/10\/comando-dos-bombeiros-municipais-de-olhao-tem-nova-adjunta-tecnica\/atualidade\/15\/06\/#breadcrumb"},"inLanguage":"pt-PT","potentialAction":[{"@type":"ReadAction","target":["https:\/\/algarve7.pt\/index.php\/2020\/10\/comando-dos-bombeiros-municipais-de-olhao-tem-nova-adjunta-tecnica\/atualidade\/15\/06\/"]}]},{"@type":"ImageObject","inLanguage":"pt-PT","@id":"https:\/\/algarve7.pt\/index.php\/2020\/10\/comando-dos-bombeiros-municipais-de-olhao-tem-nova-adjunta-tecnica\/atualidade\/15\/06\/#primaryimage","url":"https:\/\/algarve7.pt\/wp-content\/uploads\/2020\/10\/2020-118-adjunta-bmo-01.jpg","contentUrl":"https:\/\/algarve7.pt\/wp-content\/uploads\/2020\/10\/2020-118-adjunta-bmo-01.jpg","width":1500,"height":1000},{"@type":"BreadcrumbList","@id":"https:\/\/algarve7.pt\/index.php\/2020\/10\/comando-dos-bombeiros-municipais-de-olhao-tem-nova-adjunta-tecnica\/atualidade\/15\/06\/#breadcrumb","itemListElement":[{"@type":"ListItem","position":1,"name":"In\u00edcio","item":"https:\/\/algarve7.pt\/"},{"@type":"ListItem","position":2,"name":"Comando dos Bombeiros Municipais de Olh\u00e3o tem nova adjunta t\u00e9cnica"}]},{"@type":"WebSite","@id":"https:\/\/algarve7.pt\/#website","url":"https:\/\/algarve7.pt\/","name":"Algarve 7","description":"Informa\u00e7\u00e3o sobre o Algarve","publisher":{"@id":"https:\/\/algarve7.pt\/#organization"},"potentialAction":[{"@type":"SearchAction","target":{"@type":"EntryPoint","urlTemplate":"https:\/\/algarve7.pt\/?s={search_term_string}"},"query-input":{"@type":"PropertyValueSpecification","valueRequired":true,"valueName":"search_term_string"}}],"inLanguage":"pt-PT"},{"@type":"Organization","@id":"https:\/\/algarve7.pt\/#organization","name":"Algarve 7","url":"https:\/\/algarve7.pt\/","logo":{"@type":"ImageObject","inLanguage":"pt-PT","@id":"https:\/\/algarve7.pt\/#\/schema\/logo\/image\/","url":"https:\/\/algarve7.pt\/wp-content\/uploads\/2020\/10\/Logo-8.jpg","contentUrl":"https:\/\/algarve7.pt\/wp-content\/uploads\/2020\/10\/Logo-8.jpg","width":1680,"height":1186,"caption":"Algarve 7"},"image":{"@id":"https:\/\/algarve7.pt\/#\/schema\/logo\/image\/"},"sameAs":["https:\/\/www.facebook.com\/algarve7","https:\/\/x.com\/Algarvesete","https:\/\/www.instagram.com\/jornalalgarve7\/","https:\/\/www.linkedin.com\/company\/algarve7","https:\/\/www.pinterest.pt\/geral0939\/_created\/"]},{"@type":"Person","@id":"https:\/\/algarve7.pt\/#\/schema\/person\/23fa70681308e7b319a3204bcea45e0c","name":"Algarve 7","sameAs":["https:\/\/algarve7.pt","https:\/\/www.facebook.com\/algarve7"],"url":"https:\/\/algarve7.pt\/index.php\/author\/geralalgarve7-pt\/"}]}},"jetpack_publicize_connections":[],"jetpack_featured_media_url":"https:\/\/algarve7.pt\/wp-content\/uploads\/2020\/10\/2020-118-adjunta-bmo-01.jpg","jetpack_shortlink":"https:\/\/wp.me\/pcezmW-D7","jetpack_sharing_enabled":true,"_links":{"self":[{"href":"https:\/\/algarve7.pt\/index.php\/wp-json\/wp\/v2\/posts\/2425","targetHints":{"allow":["GET"]}}],"collection":[{"href":"https:\/\/algarve7.pt\/index.php\/wp-json\/wp\/v2\/posts"}],"about":[{"href":"https:\/\/algarve7.pt\/index.php\/wp-json\/wp\/v2\/types\/post"}],"author":[{"embeddable":true,"href":"https:\/\/algarve7.pt\/index.php\/wp-json\/wp\/v2\/users\/1"}],"replies":[{"embeddable":true,"href":"https:\/\/algarve7.pt\/index.php\/wp-json\/wp\/v2\/comments?post=2425"}],"version-history":[{"count":0,"href":"https:\/\/algarve7.pt\/index.php\/wp-json\/wp\/v2\/posts\/2425\/revisions"}],"wp:featuredmedia":[{"embeddable":true,"href":"https:\/\/algarve7.pt\/index.php\/wp-json\/wp\/v2\/media\/2426"}],"wp:attachment":[{"href":"https:\/\/algarve7.pt\/index.php\/wp-json\/wp\/v2\/media?parent=2425"}],"wp:term":[{"taxonomy":"category","embeddable":true,"href":"https:\/\/algarve7.pt\/index.php\/wp-json\/wp\/v2\/categories?post=2425"},{"taxonomy":"post_tag","embeddable":true,"href":"https:\/\/algarve7.pt\/index.php\/wp-json\/wp\/v2\/tags?post=2425"}],"curies":[{"name":"wp","href":"https:\/\/api.w.org\/{rel}","templated":true}]}}