{"id":24084,"date":"2022-12-11T09:19:55","date_gmt":"2022-12-11T09:19:55","guid":{"rendered":"https:\/\/algarve7.pt\/?p=24084"},"modified":"2022-12-11T09:29:12","modified_gmt":"2022-12-11T09:29:12","slug":"conferencia-odslocal22-reforcou-urgencia-em-cumprir-metas-de-sutentabilidade-da-agenda-2030-da-onu","status":"publish","type":"post","link":"https:\/\/algarve7.pt\/index.php\/2022\/12\/conferencia-odslocal22-reforcou-urgencia-em-cumprir-metas-de-sutentabilidade-da-agenda-2030-da-onu\/ambiente\/09\/19\/","title":{"rendered":"Confer\u00eancia odslocal\u201922 refor\u00e7ou urg\u00eancia em cumprir metas de sustentabilidade da agenda 2030 da ONU"},"content":{"rendered":"\n<p>Ana Abrunhosa, Ministra da Coes\u00e3o Territorial, marcou presen\u00e7a na Confer\u00eancia ODSLocal\u201922 que decorreu na quarta-feira, dia 30 de novembro,, no Wyndham Grand Hotel, na Quinta do Lago, concelho de Loul\u00e9, e foi uma das vozes de alerta neste f\u00f3rum para a emerg\u00eancia em dar resposta aos 17 Objetivos de Desenvolvimento Sustent\u00e1vel (ODS) tra\u00e7ados na Agenda 2030 da ONU.<\/p>\n\n\n\n<p>\u201cAquilo que parecia algo que era distante e que nos foi colocado como um desafio pelas Na\u00e7\u00f5es Unidas em 2015, sentimos agora como uma emerg\u00eancia. Hoje j\u00e1 n\u00e3o \u00e9 uma op\u00e7\u00e3o, \u00e9 um caminho que temos que fazer\u201d, disse esta respons\u00e1vel em rela\u00e7\u00e3o ao cumprimento das metas propostas em \u00e1reas como erradica\u00e7\u00e3o da pobreza, melhoria da qualidade da sa\u00fade, combate \u00e0s altera\u00e7\u00f5es clim\u00e1ticas, igualdade de g\u00e9nero, defesa da biodiversidade, redu\u00e7\u00e3o das desigualdades ou produ\u00e7\u00e3o e consumos sustent\u00e1veis.<\/p>\n\n\n\n<p>O \u00faltimo relat\u00f3rio da ONU que avaliou o desempenho de 193 pa\u00edses no desenvolvimento sustent\u00e1vel coloca Portugal nos 30 pa\u00edses mais sustent\u00e1veis do mundo, ocupando o 20\u00ba lugar no ranking, com uma subida de 6 posi\u00e7\u00f5es face a 2019.<\/p>\n\n\n\n<p>O fator principal deste sucesso, disse Ana Abrunhosa, reside precisamente num dos ODS, o 17, que aponta para a import\u00e2ncia das parcerias para o desenvolvimento. \u201cN\u00e3o tenho a m\u00ednima das d\u00favidas que este \u00e9 um trabalho conjunto, da sociedade civil, desta plataforma, mas tamb\u00e9m dos nossos autarcas\u201d, sublinhou.<\/p>\n\n\n\n<p>Iniciativa pioneira a n\u00edvel mundial, o projeto ODSLocal nasceu h\u00e1 mais de 2 anos, coordenado pelo Conselho Nacional de Ambiente e Desenvolvimento Sustent\u00e1vel, em colabora\u00e7\u00e3o com o OBSERVA do Instituto de Ci\u00eancias Sociais da Universidade de Lisboa, do MARE da Faculdade de Ci\u00eancias e Tecnologia da Universidade Nova de Lisboa, e ainda com o envolvimento da empresa <em>start-up<\/em> 2ADAPT. Os fundos que t\u00eam suportado, em grande parte, este projeto adv\u00eam de outro parceiro, a Funda\u00e7\u00e3o La Caixa do BPI.<\/p>\n\n\n\n<p>Durante esta que foi a terceira confer\u00eancia do projeto, Filipe Duarte Santos, presidente do Conselho Nacional de Ambiente e Desenvolvimento Sustent\u00e1vel, fez um balan\u00e7o \u201cbastante positivo\u201d do trabalho realizado at\u00e9 agora.<\/p>\n\n\n\n<p>\u201c\u00c9 uma iniciativa que ajuda o nosso pa\u00eds a cumprir os ODS\u201d, sublinhou. E adiantou as mais-valias da plataforma: acompanhar ao n\u00edvel do poder local em que medida \u00e9 que as v\u00e1rias metas est\u00e3o a ser alcan\u00e7adas, dar visibilidade a esse esfor\u00e7o, permitir que as pessoas tenham conhecimento dos v\u00e1rios projetos que est\u00e3o em curso e que envolvem n\u00e3o s\u00f3 os munic\u00edpios, mas tamb\u00e9m empresas e organiza\u00e7\u00f5es n\u00e3o-governamentais e sociedade civil.<\/p>\n\n\n\n<p>Neste momento s\u00e3o 88 munic\u00edpios que fazem parte da rede, \u201cuma ades\u00e3o satisfat\u00f3ria\u201d para Filipe Duarte Santos. Mas o Presidente da Rep\u00fablica, numa mensagem enviada a esta sess\u00e3o, elevou a fasquia para o pr\u00f3ximo ano. \u201cNo ano passado eu lancei-vos o desafio de continuarem a crescer e cresceram, de darem visibilidade e deram, de estimularem a pr\u00e1tica de iniciativas a n\u00edvel local e estimularam. Apesar de um ano muito dif\u00edcil, da vossa parte houve cumprimento e supera\u00e7\u00e3o. Este ano o meu desafio \u00e9 mais ambicioso, irem mais longe: 120 munic\u00edpios e duplicar os projetos\u201d, apelou Marcelo Rebelo de Sousa<\/p>\n\n\n\n<p>Jo\u00e3o Ferr\u00e3o, coordenador do ODSlocal, salientou duas mat\u00e9rias em que \u00e9 fundamental o papel das autarquias a sociedade civil para atingir as metas tra\u00e7adas: cidades e comunidades sustent\u00e1veis (ODS 11) e a\u00e7\u00e3o clim\u00e1tica (ODS 13).<\/p>\n\n\n\n<p>O anfitri\u00e3o da confer\u00eancia, o autarca V\u00edtor Aleixo, tamb\u00e9m ele h\u00e1 muito comprometido com as quest\u00f5es da sustentabilidade, falou da \u201cfor\u00e7a pedag\u00f3gica\u201d deste momento para mobiliza\u00e7\u00e3o dos atores pol\u00edticos de primeira linha para a import\u00e2ncia da Agenda 2030 das Na\u00e7\u00f5es Unidas.<\/p>\n\n\n\n<p>E n\u00e3o foi por acaso a escolha de Loul\u00e9 para receber o primeiro encontro ODSlocal fora da capital. \u201cLoul\u00e9 tem uma posi\u00e7\u00e3o de lideran\u00e7a, ao lado de outros munic\u00edpios portugueses, na gest\u00e3o destes <em>dossiers<\/em>. Lan\u00e7aram-nos o desafio e n\u00f3s acolhemos com todo o gosto. Partilh\u00e1mos experi\u00eancia pois acreditamos que \u00e9 ao n\u00edvel local, municipal, onde as decis\u00f5es t\u00eam mais capacidade de transformar o nosso mundo\u201d, disse.<\/p>\n\n\n\n<p>Com um trabalho importante e que \u00e9 j\u00e1 bastante vis\u00edvel, V\u00edtor Aleixo assegurou que Loul\u00e9 vai continuar a dar o seu contributo para que o pa\u00eds consiga alcan\u00e7ar os objetivos desta agenda.<\/p>\n\n\n\n<p>Esta sess\u00e3o teve importantes momentos de debate de ideias e contou com a participa\u00e7\u00e3o de peritos convidados que partilharam um pouco da sua experi\u00eancia. Lorenz Gross, economista e analista da OCDE, fez uma abordagem \u00e0 implementa\u00e7\u00e3o dos ODS na revis\u00e3o das pol\u00edticas locais; Helena Roseta, coordenadora nacional do Programa Bairros Saud\u00e1veis, falou sobre este pr<strong>ograma p\u00fablico<\/strong>, de&nbsp;<strong>natureza participativa<\/strong>, para a&nbsp;<strong>melhoria das condi\u00e7\u00f5es de sa\u00fade, bem-estar e qualidade de vida em territ\u00f3rios vulner\u00e1veis<\/strong>. Um projeto que, assegurou Ana Abrunhosa, \u201cir\u00e1 continuar\u201d.<\/p>\n\n\n\n<p>A sess\u00e3o culminou com a entrega de Pr\u00e9mios ODSlocal que distinguiram as boas pr\u00e1ticas dos munic\u00edpios e sociedade civil, nas variadas dimens\u00f5es da sustentabilidade que os ODS abordam.<\/p>\n\n\n\n<p>Loul\u00e9 foi distinguido com dois desses galard\u00f5es: Men\u00e7\u00e3o Honrosa nos \u201cPr\u00e9mios Boas Pr\u00e1ticas\u201d para o projeto da Comunidade Energ\u00e9tica Escolar de Loul\u00e9\/Escola de Salir e \u201cMunic\u00edpios com Melhores conjuntos de Boas Pr\u00e1ticas\u201d, ao lado de Oeiras e Torres Vedras.<\/p>\n","protected":false},"excerpt":{"rendered":"<p>Ana Abrunhosa, Ministra da Coes\u00e3o Territorial, marcou presen\u00e7a na Confer\u00eancia ODSLocal\u201922 que decorreu na quarta-feira, dia 30 de novembro,, no<\/p>\n","protected":false},"author":1,"featured_media":24085,"comment_status":"closed","ping_status":"open","sticky":false,"template":"","format":"standard","meta":{"colormag_page_container_layout":"default_layout","colormag_page_sidebar_layout":"default_layout","_monsterinsights_skip_tracking":false,"_monsterinsights_sitenote_active":false,"_monsterinsights_sitenote_note":"","_monsterinsights_sitenote_category":0,"jetpack_post_was_ever_published":false,"_jetpack_newsletter_access":"","_jetpack_dont_email_post_to_subs":false,"_jetpack_newsletter_tier_id":0,"_jetpack_memberships_contains_paywalled_content":false,"_jetpack_memberships_contains_paid_content":false,"footnotes":"","jetpack_publicize_message":"","jetpack_publicize_feature_enabled":true,"jetpack_social_post_already_shared":true,"jetpack_social_options":{"image_generator_settings":{"template":"highway","default_image_id":0,"font":"","enabled":false},"version":2}},"categories":[5],"tags":[36,32,31,446],"class_list":["post-24084","post","type-post","status-publish","format-standard","has-post-thumbnail","hentry","category-ambiente","tag-algarve","tag-ambiente","tag-loule","tag-odslocal"],"yoast_head":"<!-- This site is optimized with the Yoast SEO plugin v27.5 - https:\/\/yoast.com\/product\/yoast-seo-wordpress\/ -->\n<title>Confer\u00eancia odslocal\u201922 refor\u00e7ou urg\u00eancia em cumprir metas de sustentabilidade da agenda 2030 da ONU - Algarve 7<\/title>\n<meta name=\"description\" content=\"Confer\u00eancia odslocal\u201922 refor\u00e7ou urg\u00eancia em cumprir metas de sustentabilidade da agenda 2030 da ONU Ambiente\" \/>\n<meta name=\"robots\" content=\"index, follow, max-snippet:-1, max-image-preview:large, max-video-preview:-1\" \/>\n<link rel=\"canonical\" href=\"https:\/\/algarve7.pt\/index.php\/2022\/12\/conferencia-odslocal22-reforcou-urgencia-em-cumprir-metas-de-sutentabilidade-da-agenda-2030-da-onu\/ambiente\/09\/19\/\" \/>\n<meta property=\"og:locale\" content=\"pt_PT\" \/>\n<meta property=\"og:type\" content=\"article\" \/>\n<meta property=\"og:title\" content=\"Confer\u00eancia odslocal\u201922 refor\u00e7ou urg\u00eancia em cumprir metas de sustentabilidade da agenda 2030 da ONU - Algarve 7\" \/>\n<meta property=\"og:description\" content=\"Confer\u00eancia odslocal\u201922 refor\u00e7ou urg\u00eancia em cumprir metas de sustentabilidade da agenda 2030 da ONU Ambiente\" \/>\n<meta property=\"og:url\" content=\"https:\/\/algarve7.pt\/index.php\/2022\/12\/conferencia-odslocal22-reforcou-urgencia-em-cumprir-metas-de-sutentabilidade-da-agenda-2030-da-onu\/ambiente\/09\/19\/\" \/>\n<meta property=\"og:site_name\" content=\"Algarve 7\" \/>\n<meta property=\"article:publisher\" content=\"https:\/\/www.facebook.com\/algarve7\" \/>\n<meta property=\"article:author\" content=\"https:\/\/www.facebook.com\/algarve7\" \/>\n<meta property=\"article:published_time\" content=\"2022-12-11T09:19:55+00:00\" \/>\n<meta property=\"article:modified_time\" content=\"2022-12-11T09:29:12+00:00\" \/>\n<meta property=\"og:image\" content=\"https:\/\/algarve7.pt\/wp-content\/uploads\/2022\/12\/Conferencia-ODS-Local-Quinta-do-Lago-07-12-2022-76.jpg\" \/>\n\t<meta property=\"og:image:width\" content=\"1024\" \/>\n\t<meta property=\"og:image:height\" content=\"683\" \/>\n\t<meta property=\"og:image:type\" content=\"image\/jpeg\" \/>\n<meta name=\"author\" content=\"Algarve 7\" \/>\n<meta name=\"twitter:card\" content=\"summary_large_image\" \/>\n<meta name=\"twitter:creator\" content=\"@Algarvesete\" \/>\n<meta name=\"twitter:site\" content=\"@Algarvesete\" \/>\n<meta name=\"twitter:label1\" content=\"Escrito por\" \/>\n\t<meta name=\"twitter:data1\" content=\"Algarve 7\" \/>\n\t<meta name=\"twitter:label2\" content=\"Tempo estimado de leitura\" \/>\n\t<meta name=\"twitter:data2\" content=\"5 minutos\" \/>\n<script type=\"application\/ld+json\" class=\"yoast-schema-graph\">{\"@context\":\"https:\\\/\\\/schema.org\",\"@graph\":[{\"@type\":\"Article\",\"@id\":\"https:\\\/\\\/algarve7.pt\\\/index.php\\\/2022\\\/12\\\/conferencia-odslocal22-reforcou-urgencia-em-cumprir-metas-de-sutentabilidade-da-agenda-2030-da-onu\\\/ambiente\\\/09\\\/19\\\/#article\",\"isPartOf\":{\"@id\":\"https:\\\/\\\/algarve7.pt\\\/index.php\\\/2022\\\/12\\\/conferencia-odslocal22-reforcou-urgencia-em-cumprir-metas-de-sutentabilidade-da-agenda-2030-da-onu\\\/ambiente\\\/09\\\/19\\\/\"},\"author\":{\"name\":\"Algarve 7\",\"@id\":\"https:\\\/\\\/algarve7.pt\\\/#\\\/schema\\\/person\\\/23fa70681308e7b319a3204bcea45e0c\"},\"headline\":\"Confer\u00eancia odslocal\u201922 refor\u00e7ou urg\u00eancia em cumprir metas de sustentabilidade da agenda 2030 da ONU\",\"datePublished\":\"2022-12-11T09:19:55+00:00\",\"dateModified\":\"2022-12-11T09:29:12+00:00\",\"mainEntityOfPage\":{\"@id\":\"https:\\\/\\\/algarve7.pt\\\/index.php\\\/2022\\\/12\\\/conferencia-odslocal22-reforcou-urgencia-em-cumprir-metas-de-sutentabilidade-da-agenda-2030-da-onu\\\/ambiente\\\/09\\\/19\\\/\"},\"wordCount\":944,\"publisher\":{\"@id\":\"https:\\\/\\\/algarve7.pt\\\/#organization\"},\"image\":{\"@id\":\"https:\\\/\\\/algarve7.pt\\\/index.php\\\/2022\\\/12\\\/conferencia-odslocal22-reforcou-urgencia-em-cumprir-metas-de-sutentabilidade-da-agenda-2030-da-onu\\\/ambiente\\\/09\\\/19\\\/#primaryimage\"},\"thumbnailUrl\":\"https:\\\/\\\/algarve7.pt\\\/wp-content\\\/uploads\\\/2022\\\/12\\\/Conferencia-ODS-Local-Quinta-do-Lago-07-12-2022-76.jpg\",\"keywords\":[\"Algarve\",\"Ambiente\",\"Loul\u00e9\",\"ODSlocal\"],\"articleSection\":[\"Ambiente\"],\"inLanguage\":\"pt-PT\"},{\"@type\":\"WebPage\",\"@id\":\"https:\\\/\\\/algarve7.pt\\\/index.php\\\/2022\\\/12\\\/conferencia-odslocal22-reforcou-urgencia-em-cumprir-metas-de-sutentabilidade-da-agenda-2030-da-onu\\\/ambiente\\\/09\\\/19\\\/\",\"url\":\"https:\\\/\\\/algarve7.pt\\\/index.php\\\/2022\\\/12\\\/conferencia-odslocal22-reforcou-urgencia-em-cumprir-metas-de-sutentabilidade-da-agenda-2030-da-onu\\\/ambiente\\\/09\\\/19\\\/\",\"name\":\"Confer\u00eancia odslocal\u201922 refor\u00e7ou urg\u00eancia em cumprir metas de sustentabilidade da agenda 2030 da ONU - Algarve 7\",\"isPartOf\":{\"@id\":\"https:\\\/\\\/algarve7.pt\\\/#website\"},\"primaryImageOfPage\":{\"@id\":\"https:\\\/\\\/algarve7.pt\\\/index.php\\\/2022\\\/12\\\/conferencia-odslocal22-reforcou-urgencia-em-cumprir-metas-de-sutentabilidade-da-agenda-2030-da-onu\\\/ambiente\\\/09\\\/19\\\/#primaryimage\"},\"image\":{\"@id\":\"https:\\\/\\\/algarve7.pt\\\/index.php\\\/2022\\\/12\\\/conferencia-odslocal22-reforcou-urgencia-em-cumprir-metas-de-sutentabilidade-da-agenda-2030-da-onu\\\/ambiente\\\/09\\\/19\\\/#primaryimage\"},\"thumbnailUrl\":\"https:\\\/\\\/algarve7.pt\\\/wp-content\\\/uploads\\\/2022\\\/12\\\/Conferencia-ODS-Local-Quinta-do-Lago-07-12-2022-76.jpg\",\"datePublished\":\"2022-12-11T09:19:55+00:00\",\"dateModified\":\"2022-12-11T09:29:12+00:00\",\"description\":\"Confer\u00eancia odslocal\u201922 refor\u00e7ou urg\u00eancia em cumprir metas de sustentabilidade da agenda 2030 da ONU Ambiente\",\"breadcrumb\":{\"@id\":\"https:\\\/\\\/algarve7.pt\\\/index.php\\\/2022\\\/12\\\/conferencia-odslocal22-reforcou-urgencia-em-cumprir-metas-de-sutentabilidade-da-agenda-2030-da-onu\\\/ambiente\\\/09\\\/19\\\/#breadcrumb\"},\"inLanguage\":\"pt-PT\",\"potentialAction\":[{\"@type\":\"ReadAction\",\"target\":[\"https:\\\/\\\/algarve7.pt\\\/index.php\\\/2022\\\/12\\\/conferencia-odslocal22-reforcou-urgencia-em-cumprir-metas-de-sutentabilidade-da-agenda-2030-da-onu\\\/ambiente\\\/09\\\/19\\\/\"]}]},{\"@type\":\"ImageObject\",\"inLanguage\":\"pt-PT\",\"@id\":\"https:\\\/\\\/algarve7.pt\\\/index.php\\\/2022\\\/12\\\/conferencia-odslocal22-reforcou-urgencia-em-cumprir-metas-de-sutentabilidade-da-agenda-2030-da-onu\\\/ambiente\\\/09\\\/19\\\/#primaryimage\",\"url\":\"https:\\\/\\\/algarve7.pt\\\/wp-content\\\/uploads\\\/2022\\\/12\\\/Conferencia-ODS-Local-Quinta-do-Lago-07-12-2022-76.jpg\",\"contentUrl\":\"https:\\\/\\\/algarve7.pt\\\/wp-content\\\/uploads\\\/2022\\\/12\\\/Conferencia-ODS-Local-Quinta-do-Lago-07-12-2022-76.jpg\",\"width\":1024,\"height\":683},{\"@type\":\"BreadcrumbList\",\"@id\":\"https:\\\/\\\/algarve7.pt\\\/index.php\\\/2022\\\/12\\\/conferencia-odslocal22-reforcou-urgencia-em-cumprir-metas-de-sutentabilidade-da-agenda-2030-da-onu\\\/ambiente\\\/09\\\/19\\\/#breadcrumb\",\"itemListElement\":[{\"@type\":\"ListItem\",\"position\":1,\"name\":\"In\u00edcio\",\"item\":\"https:\\\/\\\/algarve7.pt\\\/\"},{\"@type\":\"ListItem\",\"position\":2,\"name\":\"Confer\u00eancia odslocal\u201922 refor\u00e7ou urg\u00eancia em cumprir metas de sustentabilidade da agenda 2030 da ONU\"}]},{\"@type\":\"WebSite\",\"@id\":\"https:\\\/\\\/algarve7.pt\\\/#website\",\"url\":\"https:\\\/\\\/algarve7.pt\\\/\",\"name\":\"Algarve 7\",\"description\":\"Informa\u00e7\u00e3o sobre o Algarve\",\"publisher\":{\"@id\":\"https:\\\/\\\/algarve7.pt\\\/#organization\"},\"potentialAction\":[{\"@type\":\"SearchAction\",\"target\":{\"@type\":\"EntryPoint\",\"urlTemplate\":\"https:\\\/\\\/algarve7.pt\\\/?s={search_term_string}\"},\"query-input\":{\"@type\":\"PropertyValueSpecification\",\"valueRequired\":true,\"valueName\":\"search_term_string\"}}],\"inLanguage\":\"pt-PT\"},{\"@type\":\"Organization\",\"@id\":\"https:\\\/\\\/algarve7.pt\\\/#organization\",\"name\":\"Algarve 7\",\"url\":\"https:\\\/\\\/algarve7.pt\\\/\",\"logo\":{\"@type\":\"ImageObject\",\"inLanguage\":\"pt-PT\",\"@id\":\"https:\\\/\\\/algarve7.pt\\\/#\\\/schema\\\/logo\\\/image\\\/\",\"url\":\"https:\\\/\\\/algarve7.pt\\\/wp-content\\\/uploads\\\/2020\\\/10\\\/Logo-8.jpg\",\"contentUrl\":\"https:\\\/\\\/algarve7.pt\\\/wp-content\\\/uploads\\\/2020\\\/10\\\/Logo-8.jpg\",\"width\":1680,\"height\":1186,\"caption\":\"Algarve 7\"},\"image\":{\"@id\":\"https:\\\/\\\/algarve7.pt\\\/#\\\/schema\\\/logo\\\/image\\\/\"},\"sameAs\":[\"https:\\\/\\\/www.facebook.com\\\/algarve7\",\"https:\\\/\\\/x.com\\\/Algarvesete\",\"https:\\\/\\\/www.instagram.com\\\/jornalalgarve7\\\/\",\"https:\\\/\\\/www.linkedin.com\\\/company\\\/algarve7\",\"https:\\\/\\\/www.pinterest.pt\\\/geral0939\\\/_created\\\/\"]},{\"@type\":\"Person\",\"@id\":\"https:\\\/\\\/algarve7.pt\\\/#\\\/schema\\\/person\\\/23fa70681308e7b319a3204bcea45e0c\",\"name\":\"Algarve 7\",\"sameAs\":[\"https:\\\/\\\/algarve7.pt\",\"https:\\\/\\\/www.facebook.com\\\/algarve7\"],\"url\":\"https:\\\/\\\/algarve7.pt\\\/index.php\\\/author\\\/geralalgarve7-pt\\\/\"}]}<\/script>\n<!-- \/ Yoast SEO plugin. -->","yoast_head_json":{"title":"Confer\u00eancia odslocal\u201922 refor\u00e7ou urg\u00eancia em cumprir metas de sustentabilidade da agenda 2030 da ONU - Algarve 7","description":"Confer\u00eancia odslocal\u201922 refor\u00e7ou urg\u00eancia em cumprir metas de sustentabilidade da agenda 2030 da ONU Ambiente","robots":{"index":"index","follow":"follow","max-snippet":"max-snippet:-1","max-image-preview":"max-image-preview:large","max-video-preview":"max-video-preview:-1"},"canonical":"https:\/\/algarve7.pt\/index.php\/2022\/12\/conferencia-odslocal22-reforcou-urgencia-em-cumprir-metas-de-sutentabilidade-da-agenda-2030-da-onu\/ambiente\/09\/19\/","og_locale":"pt_PT","og_type":"article","og_title":"Confer\u00eancia odslocal\u201922 refor\u00e7ou urg\u00eancia em cumprir metas de sustentabilidade da agenda 2030 da ONU - Algarve 7","og_description":"Confer\u00eancia odslocal\u201922 refor\u00e7ou urg\u00eancia em cumprir metas de sustentabilidade da agenda 2030 da ONU Ambiente","og_url":"https:\/\/algarve7.pt\/index.php\/2022\/12\/conferencia-odslocal22-reforcou-urgencia-em-cumprir-metas-de-sutentabilidade-da-agenda-2030-da-onu\/ambiente\/09\/19\/","og_site_name":"Algarve 7","article_publisher":"https:\/\/www.facebook.com\/algarve7","article_author":"https:\/\/www.facebook.com\/algarve7","article_published_time":"2022-12-11T09:19:55+00:00","article_modified_time":"2022-12-11T09:29:12+00:00","og_image":[{"width":1024,"height":683,"url":"https:\/\/algarve7.pt\/wp-content\/uploads\/2022\/12\/Conferencia-ODS-Local-Quinta-do-Lago-07-12-2022-76.jpg","type":"image\/jpeg"}],"author":"Algarve 7","twitter_card":"summary_large_image","twitter_creator":"@Algarvesete","twitter_site":"@Algarvesete","twitter_misc":{"Escrito por":"Algarve 7","Tempo estimado de leitura":"5 minutos"},"schema":{"@context":"https:\/\/schema.org","@graph":[{"@type":"Article","@id":"https:\/\/algarve7.pt\/index.php\/2022\/12\/conferencia-odslocal22-reforcou-urgencia-em-cumprir-metas-de-sutentabilidade-da-agenda-2030-da-onu\/ambiente\/09\/19\/#article","isPartOf":{"@id":"https:\/\/algarve7.pt\/index.php\/2022\/12\/conferencia-odslocal22-reforcou-urgencia-em-cumprir-metas-de-sutentabilidade-da-agenda-2030-da-onu\/ambiente\/09\/19\/"},"author":{"name":"Algarve 7","@id":"https:\/\/algarve7.pt\/#\/schema\/person\/23fa70681308e7b319a3204bcea45e0c"},"headline":"Confer\u00eancia odslocal\u201922 refor\u00e7ou urg\u00eancia em cumprir metas de sustentabilidade da agenda 2030 da ONU","datePublished":"2022-12-11T09:19:55+00:00","dateModified":"2022-12-11T09:29:12+00:00","mainEntityOfPage":{"@id":"https:\/\/algarve7.pt\/index.php\/2022\/12\/conferencia-odslocal22-reforcou-urgencia-em-cumprir-metas-de-sutentabilidade-da-agenda-2030-da-onu\/ambiente\/09\/19\/"},"wordCount":944,"publisher":{"@id":"https:\/\/algarve7.pt\/#organization"},"image":{"@id":"https:\/\/algarve7.pt\/index.php\/2022\/12\/conferencia-odslocal22-reforcou-urgencia-em-cumprir-metas-de-sutentabilidade-da-agenda-2030-da-onu\/ambiente\/09\/19\/#primaryimage"},"thumbnailUrl":"https:\/\/algarve7.pt\/wp-content\/uploads\/2022\/12\/Conferencia-ODS-Local-Quinta-do-Lago-07-12-2022-76.jpg","keywords":["Algarve","Ambiente","Loul\u00e9","ODSlocal"],"articleSection":["Ambiente"],"inLanguage":"pt-PT"},{"@type":"WebPage","@id":"https:\/\/algarve7.pt\/index.php\/2022\/12\/conferencia-odslocal22-reforcou-urgencia-em-cumprir-metas-de-sutentabilidade-da-agenda-2030-da-onu\/ambiente\/09\/19\/","url":"https:\/\/algarve7.pt\/index.php\/2022\/12\/conferencia-odslocal22-reforcou-urgencia-em-cumprir-metas-de-sutentabilidade-da-agenda-2030-da-onu\/ambiente\/09\/19\/","name":"Confer\u00eancia odslocal\u201922 refor\u00e7ou urg\u00eancia em cumprir metas de sustentabilidade da agenda 2030 da ONU - Algarve 7","isPartOf":{"@id":"https:\/\/algarve7.pt\/#website"},"primaryImageOfPage":{"@id":"https:\/\/algarve7.pt\/index.php\/2022\/12\/conferencia-odslocal22-reforcou-urgencia-em-cumprir-metas-de-sutentabilidade-da-agenda-2030-da-onu\/ambiente\/09\/19\/#primaryimage"},"image":{"@id":"https:\/\/algarve7.pt\/index.php\/2022\/12\/conferencia-odslocal22-reforcou-urgencia-em-cumprir-metas-de-sutentabilidade-da-agenda-2030-da-onu\/ambiente\/09\/19\/#primaryimage"},"thumbnailUrl":"https:\/\/algarve7.pt\/wp-content\/uploads\/2022\/12\/Conferencia-ODS-Local-Quinta-do-Lago-07-12-2022-76.jpg","datePublished":"2022-12-11T09:19:55+00:00","dateModified":"2022-12-11T09:29:12+00:00","description":"Confer\u00eancia odslocal\u201922 refor\u00e7ou urg\u00eancia em cumprir metas de sustentabilidade da agenda 2030 da ONU Ambiente","breadcrumb":{"@id":"https:\/\/algarve7.pt\/index.php\/2022\/12\/conferencia-odslocal22-reforcou-urgencia-em-cumprir-metas-de-sutentabilidade-da-agenda-2030-da-onu\/ambiente\/09\/19\/#breadcrumb"},"inLanguage":"pt-PT","potentialAction":[{"@type":"ReadAction","target":["https:\/\/algarve7.pt\/index.php\/2022\/12\/conferencia-odslocal22-reforcou-urgencia-em-cumprir-metas-de-sutentabilidade-da-agenda-2030-da-onu\/ambiente\/09\/19\/"]}]},{"@type":"ImageObject","inLanguage":"pt-PT","@id":"https:\/\/algarve7.pt\/index.php\/2022\/12\/conferencia-odslocal22-reforcou-urgencia-em-cumprir-metas-de-sutentabilidade-da-agenda-2030-da-onu\/ambiente\/09\/19\/#primaryimage","url":"https:\/\/algarve7.pt\/wp-content\/uploads\/2022\/12\/Conferencia-ODS-Local-Quinta-do-Lago-07-12-2022-76.jpg","contentUrl":"https:\/\/algarve7.pt\/wp-content\/uploads\/2022\/12\/Conferencia-ODS-Local-Quinta-do-Lago-07-12-2022-76.jpg","width":1024,"height":683},{"@type":"BreadcrumbList","@id":"https:\/\/algarve7.pt\/index.php\/2022\/12\/conferencia-odslocal22-reforcou-urgencia-em-cumprir-metas-de-sutentabilidade-da-agenda-2030-da-onu\/ambiente\/09\/19\/#breadcrumb","itemListElement":[{"@type":"ListItem","position":1,"name":"In\u00edcio","item":"https:\/\/algarve7.pt\/"},{"@type":"ListItem","position":2,"name":"Confer\u00eancia odslocal\u201922 refor\u00e7ou urg\u00eancia em cumprir metas de sustentabilidade da agenda 2030 da ONU"}]},{"@type":"WebSite","@id":"https:\/\/algarve7.pt\/#website","url":"https:\/\/algarve7.pt\/","name":"Algarve 7","description":"Informa\u00e7\u00e3o sobre o Algarve","publisher":{"@id":"https:\/\/algarve7.pt\/#organization"},"potentialAction":[{"@type":"SearchAction","target":{"@type":"EntryPoint","urlTemplate":"https:\/\/algarve7.pt\/?s={search_term_string}"},"query-input":{"@type":"PropertyValueSpecification","valueRequired":true,"valueName":"search_term_string"}}],"inLanguage":"pt-PT"},{"@type":"Organization","@id":"https:\/\/algarve7.pt\/#organization","name":"Algarve 7","url":"https:\/\/algarve7.pt\/","logo":{"@type":"ImageObject","inLanguage":"pt-PT","@id":"https:\/\/algarve7.pt\/#\/schema\/logo\/image\/","url":"https:\/\/algarve7.pt\/wp-content\/uploads\/2020\/10\/Logo-8.jpg","contentUrl":"https:\/\/algarve7.pt\/wp-content\/uploads\/2020\/10\/Logo-8.jpg","width":1680,"height":1186,"caption":"Algarve 7"},"image":{"@id":"https:\/\/algarve7.pt\/#\/schema\/logo\/image\/"},"sameAs":["https:\/\/www.facebook.com\/algarve7","https:\/\/x.com\/Algarvesete","https:\/\/www.instagram.com\/jornalalgarve7\/","https:\/\/www.linkedin.com\/company\/algarve7","https:\/\/www.pinterest.pt\/geral0939\/_created\/"]},{"@type":"Person","@id":"https:\/\/algarve7.pt\/#\/schema\/person\/23fa70681308e7b319a3204bcea45e0c","name":"Algarve 7","sameAs":["https:\/\/algarve7.pt","https:\/\/www.facebook.com\/algarve7"],"url":"https:\/\/algarve7.pt\/index.php\/author\/geralalgarve7-pt\/"}]}},"jetpack_publicize_connections":[],"jetpack_featured_media_url":"https:\/\/algarve7.pt\/wp-content\/uploads\/2022\/12\/Conferencia-ODS-Local-Quinta-do-Lago-07-12-2022-76.jpg","jetpack_shortlink":"https:\/\/wp.me\/pcezmW-6gs","jetpack_sharing_enabled":true,"_links":{"self":[{"href":"https:\/\/algarve7.pt\/index.php\/wp-json\/wp\/v2\/posts\/24084","targetHints":{"allow":["GET"]}}],"collection":[{"href":"https:\/\/algarve7.pt\/index.php\/wp-json\/wp\/v2\/posts"}],"about":[{"href":"https:\/\/algarve7.pt\/index.php\/wp-json\/wp\/v2\/types\/post"}],"author":[{"embeddable":true,"href":"https:\/\/algarve7.pt\/index.php\/wp-json\/wp\/v2\/users\/1"}],"replies":[{"embeddable":true,"href":"https:\/\/algarve7.pt\/index.php\/wp-json\/wp\/v2\/comments?post=24084"}],"version-history":[{"count":0,"href":"https:\/\/algarve7.pt\/index.php\/wp-json\/wp\/v2\/posts\/24084\/revisions"}],"wp:featuredmedia":[{"embeddable":true,"href":"https:\/\/algarve7.pt\/index.php\/wp-json\/wp\/v2\/media\/24085"}],"wp:attachment":[{"href":"https:\/\/algarve7.pt\/index.php\/wp-json\/wp\/v2\/media?parent=24084"}],"wp:term":[{"taxonomy":"category","embeddable":true,"href":"https:\/\/algarve7.pt\/index.php\/wp-json\/wp\/v2\/categories?post=24084"},{"taxonomy":"post_tag","embeddable":true,"href":"https:\/\/algarve7.pt\/index.php\/wp-json\/wp\/v2\/tags?post=24084"}],"curies":[{"name":"wp","href":"https:\/\/api.w.org\/{rel}","templated":true}]}}