{"id":24059,"date":"2022-12-09T14:33:33","date_gmt":"2022-12-09T14:33:33","guid":{"rendered":"https:\/\/algarve7.pt\/?p=24059"},"modified":"2022-12-09T14:33:37","modified_gmt":"2022-12-09T14:33:37","slug":"peca-infantil-o-natal-esta-em-greve-sobe-ao-palco-de-silves-alegria-do-natal-no-dia-11-de-dezembro","status":"publish","type":"post","link":"https:\/\/algarve7.pt\/index.php\/2022\/12\/peca-infantil-o-natal-esta-em-greve-sobe-ao-palco-de-silves-alegria-do-natal-no-dia-11-de-dezembro\/cultura\/14\/33\/","title":{"rendered":"Pe\u00e7a infantil \u201cO natal est\u00e1 em greve\u201d sobe ao palco de Silves alegria do natal no dia 11 de dezembro"},"content":{"rendered":"\n<p>\u201cO Natal est\u00e1 em greve\u201d \u00e9 o nome da pe\u00e7a de teatro infantil que ir\u00e1 subir ao palco do evento Silves Alegria do Natal, no pr\u00f3ximo domingo, dia 11 de dezembro, pelas 17h00. A iniciativa ser\u00e1 antecedida pelo concerto do Polo de Forma\u00e7\u00e3o de Guitarras Cl\u00e1ssicas da Casa do Povo de SB Messines (forma\u00e7\u00e3o que integra a Orquestra de Guitarras Cl\u00e1ssicas do Algarve), pelas 15h00. A entrada \u00e9 livre.<\/p>\n\n\n\n<p>Ser\u00e1, assim, uma tarde plena divers\u00e3o, n\u00e3o s\u00f3 em termos musicais como, tamb\u00e9m, de teatro para toda a fam\u00edlia, numa hist\u00f3ria que revela como os enfeites de Natal decidiram tomar uma posi\u00e7\u00e3o e sa\u00edram para a rua em protesto pelo excesso de horas extraordin\u00e1rias, desvaloriza\u00e7\u00e3o do Natal e&nbsp;por valores como a uni\u00e3o, a paz e a amizade terem deixado de ser tidos em conta&nbsp;nesta \u00e9poca especial.<\/p>\n\n\n\n<p>Relembramos que Silves Alegria do Natal apresenta in\u00fameras propostas de entretenimento para todas as idades e conv\u00edvio em fam\u00edlia, com um leque de espet\u00e1culos diferenciadores onde se incluem os concertos de Natal com o Ensemble Saint Dominics Gospel Choir e a forma\u00e7\u00e3o completa da Orquestra de Jazz do Algarve, com Ilse Huizinga; o musical de Natal baseado no Conto de Natal de Charles Dickens; entre muitas outras ofertas ao n\u00edvel de teatro, m\u00fasica e dan\u00e7a que poder\u00e3o ser conhecidos em detalhe em <a href=\"https:\/\/www.cm-silves.pt\/pt\/menu\/1844\/espetaculos-e-animacao.aspx\" target=\"_blank\" rel=\"noreferrer noopener\">https:\/\/www.cm-silves.pt\/pt\/menu\/1844\/espetaculos-e-animacao.aspx<\/a>.<\/p>\n\n\n\n<p>O Munic\u00edpio de Silves convida todos a viver a alegria do Natal em Silves, passando momentos partilha e experi\u00eancias inesquec\u00edveis neste espa\u00e7o marcado pela anima\u00e7\u00e3o, sorrisos, cor, magia e espirito natal\u00edcio, onde n\u00e3o faltam as habituais divers\u00f5es como a pista de gelo, o comboio de Natal e o carrossel m\u00e1gico.<\/p>\n\n\n\n<p><strong>SINOPSE <\/strong><strong>Polo de S\u00e3o Bartolomeu de Messines &#8211; Orquestra Juvenil de Guitarras do Algarve <\/strong><strong><\/strong><\/p>\n\n\n\n<p>A Associa\u00e7\u00e3o de Guitarra do Algarve \u00e9 uma associa\u00e7\u00e3o cultural que desenvolve, entre outros, o projeto Orquestra Juvenil de Guitarras do Algarve (OJGA). Neste concerto de Natal na cidade de Silves a Associa\u00e7\u00e3o de Guitarra do Algarve apresentar\u00e1 um dos polos integrantes do projeto Orquestra Juvenil de Guitarras do Algarve \u2013 o Polo de S\u00e3o Bartolomeu de Messines, sediado na Casa do Povo de S. Bartolomeu de Messines (CPSBM), institui\u00e7\u00e3o que apoia o projeto desde o seu in\u00edcio em 2001, oferecendo apoio log\u00edstico e criando espa\u00e7os prop\u00edcios \u00e0 demonstra\u00e7\u00e3o do trabalho realizado pelos jovens no concelho de Silves.<\/p>\n\n\n\n<p><strong>Calendariza\u00e7\u00e3o e hor\u00e1rios Silves Alegria do Natal (Pra\u00e7a Al-Muthamid)<\/strong><\/p>\n\n\n\n<p><strong>Hor\u00e1rio:<\/strong> 14h00-20h00<\/p>\n\n\n\n<p>(exceto nos dias 24 e 31 de dezembro, cujo hor\u00e1rio ser\u00e1 reduzido, das 14h00 \u00e0s 18h00)<\/p>\n\n\n\n<p><strong>Per\u00edodo de funcionamento:<\/strong><\/p>\n\n\n\n<p>\u00bb De 3 de dezembro.2022 a 8 de janeiro.2023<\/p>\n\n\n\n<p>\u00bb Aberto todos os dias(exceto 25 de dezembro.2022 e 01 de janeiro.2023)<\/p>\n","protected":false},"excerpt":{"rendered":"<p>\u201cO Natal est\u00e1 em greve\u201d \u00e9 o nome da pe\u00e7a de teatro infantil que ir\u00e1 subir ao palco do evento<\/p>\n","protected":false},"author":1,"featured_media":24060,"comment_status":"closed","ping_status":"open","sticky":false,"template":"","format":"standard","meta":{"colormag_page_container_layout":"default_layout","colormag_page_sidebar_layout":"default_layout","_monsterinsights_skip_tracking":false,"_monsterinsights_sitenote_active":false,"_monsterinsights_sitenote_note":"","_monsterinsights_sitenote_category":0,"jetpack_post_was_ever_published":false,"_jetpack_newsletter_access":"","_jetpack_dont_email_post_to_subs":false,"_jetpack_newsletter_tier_id":0,"_jetpack_memberships_contains_paywalled_content":false,"_jetpack_memberships_contains_paid_content":false,"footnotes":"","jetpack_publicize_message":"","jetpack_publicize_feature_enabled":true,"jetpack_social_post_already_shared":true,"jetpack_social_options":{"image_generator_settings":{"template":"highway","default_image_id":0,"font":"","enabled":false},"version":2}},"categories":[14],"tags":[36,35,42,101],"class_list":["post-24059","post","type-post","status-publish","format-standard","has-post-thumbnail","hentry","category-cultura","tag-algarve","tag-cultura","tag-silves","tag-teatro"],"yoast_head":"<!-- This site is optimized with the Yoast SEO plugin v27.5 - https:\/\/yoast.com\/product\/yoast-seo-wordpress\/ -->\n<title>Pe\u00e7a infantil \u201cO natal est\u00e1 em greve\u201d sobe ao palco de Silves alegria do natal no dia 11 de dezembro - Algarve 7<\/title>\n<meta name=\"description\" content=\"Pe\u00e7a infantil \u201cO natal est\u00e1 em greve\u201d sobe ao palco de Silves alegria do natal no dia 11 de dezembro Cultura\" \/>\n<meta name=\"robots\" content=\"index, follow, max-snippet:-1, max-image-preview:large, max-video-preview:-1\" \/>\n<link rel=\"canonical\" href=\"https:\/\/algarve7.pt\/index.php\/2022\/12\/peca-infantil-o-natal-esta-em-greve-sobe-ao-palco-de-silves-alegria-do-natal-no-dia-11-de-dezembro\/cultura\/14\/33\/\" \/>\n<meta property=\"og:locale\" content=\"pt_PT\" \/>\n<meta property=\"og:type\" content=\"article\" \/>\n<meta property=\"og:title\" content=\"Pe\u00e7a infantil \u201cO natal est\u00e1 em greve\u201d sobe ao palco de Silves alegria do natal no dia 11 de dezembro - Algarve 7\" \/>\n<meta property=\"og:description\" content=\"Pe\u00e7a infantil \u201cO natal est\u00e1 em greve\u201d sobe ao palco de Silves alegria do natal no dia 11 de dezembro Cultura\" \/>\n<meta property=\"og:url\" content=\"https:\/\/algarve7.pt\/index.php\/2022\/12\/peca-infantil-o-natal-esta-em-greve-sobe-ao-palco-de-silves-alegria-do-natal-no-dia-11-de-dezembro\/cultura\/14\/33\/\" \/>\n<meta property=\"og:site_name\" content=\"Algarve 7\" \/>\n<meta property=\"article:publisher\" content=\"https:\/\/www.facebook.com\/algarve7\" \/>\n<meta property=\"article:author\" content=\"https:\/\/www.facebook.com\/algarve7\" \/>\n<meta property=\"article:published_time\" content=\"2022-12-09T14:33:33+00:00\" \/>\n<meta property=\"article:modified_time\" content=\"2022-12-09T14:33:37+00:00\" \/>\n<meta property=\"og:image\" content=\"https:\/\/algarve7.pt\/wp-content\/uploads\/2022\/12\/banners-SAN_teatro-Natal-em-Greve.jpg\" \/>\n\t<meta property=\"og:image:width\" content=\"1280\" \/>\n\t<meta property=\"og:image:height\" content=\"620\" \/>\n\t<meta property=\"og:image:type\" content=\"image\/jpeg\" \/>\n<meta name=\"author\" content=\"Algarve 7\" \/>\n<meta name=\"twitter:card\" content=\"summary_large_image\" \/>\n<meta name=\"twitter:creator\" content=\"@Algarvesete\" \/>\n<meta name=\"twitter:site\" content=\"@Algarvesete\" \/>\n<meta name=\"twitter:label1\" content=\"Escrito por\" \/>\n\t<meta name=\"twitter:data1\" content=\"Algarve 7\" \/>\n\t<meta name=\"twitter:label2\" content=\"Tempo estimado de leitura\" \/>\n\t<meta name=\"twitter:data2\" content=\"3 minutos\" \/>\n<script type=\"application\/ld+json\" class=\"yoast-schema-graph\">{\"@context\":\"https:\\\/\\\/schema.org\",\"@graph\":[{\"@type\":\"Article\",\"@id\":\"https:\\\/\\\/algarve7.pt\\\/index.php\\\/2022\\\/12\\\/peca-infantil-o-natal-esta-em-greve-sobe-ao-palco-de-silves-alegria-do-natal-no-dia-11-de-dezembro\\\/cultura\\\/14\\\/33\\\/#article\",\"isPartOf\":{\"@id\":\"https:\\\/\\\/algarve7.pt\\\/index.php\\\/2022\\\/12\\\/peca-infantil-o-natal-esta-em-greve-sobe-ao-palco-de-silves-alegria-do-natal-no-dia-11-de-dezembro\\\/cultura\\\/14\\\/33\\\/\"},\"author\":{\"name\":\"Algarve 7\",\"@id\":\"https:\\\/\\\/algarve7.pt\\\/#\\\/schema\\\/person\\\/23fa70681308e7b319a3204bcea45e0c\"},\"headline\":\"Pe\u00e7a infantil \u201cO natal est\u00e1 em greve\u201d sobe ao palco de Silves alegria do natal no dia 11 de dezembro\",\"datePublished\":\"2022-12-09T14:33:33+00:00\",\"dateModified\":\"2022-12-09T14:33:37+00:00\",\"mainEntityOfPage\":{\"@id\":\"https:\\\/\\\/algarve7.pt\\\/index.php\\\/2022\\\/12\\\/peca-infantil-o-natal-esta-em-greve-sobe-ao-palco-de-silves-alegria-do-natal-no-dia-11-de-dezembro\\\/cultura\\\/14\\\/33\\\/\"},\"wordCount\":501,\"publisher\":{\"@id\":\"https:\\\/\\\/algarve7.pt\\\/#organization\"},\"image\":{\"@id\":\"https:\\\/\\\/algarve7.pt\\\/index.php\\\/2022\\\/12\\\/peca-infantil-o-natal-esta-em-greve-sobe-ao-palco-de-silves-alegria-do-natal-no-dia-11-de-dezembro\\\/cultura\\\/14\\\/33\\\/#primaryimage\"},\"thumbnailUrl\":\"https:\\\/\\\/algarve7.pt\\\/wp-content\\\/uploads\\\/2022\\\/12\\\/banners-SAN_teatro-Natal-em-Greve.jpg\",\"keywords\":[\"Algarve\",\"Cultura\",\"Silves\",\"Teatro\"],\"articleSection\":[\"Cultura\"],\"inLanguage\":\"pt-PT\"},{\"@type\":\"WebPage\",\"@id\":\"https:\\\/\\\/algarve7.pt\\\/index.php\\\/2022\\\/12\\\/peca-infantil-o-natal-esta-em-greve-sobe-ao-palco-de-silves-alegria-do-natal-no-dia-11-de-dezembro\\\/cultura\\\/14\\\/33\\\/\",\"url\":\"https:\\\/\\\/algarve7.pt\\\/index.php\\\/2022\\\/12\\\/peca-infantil-o-natal-esta-em-greve-sobe-ao-palco-de-silves-alegria-do-natal-no-dia-11-de-dezembro\\\/cultura\\\/14\\\/33\\\/\",\"name\":\"Pe\u00e7a infantil \u201cO natal est\u00e1 em greve\u201d sobe ao palco de Silves alegria do natal no dia 11 de dezembro - Algarve 7\",\"isPartOf\":{\"@id\":\"https:\\\/\\\/algarve7.pt\\\/#website\"},\"primaryImageOfPage\":{\"@id\":\"https:\\\/\\\/algarve7.pt\\\/index.php\\\/2022\\\/12\\\/peca-infantil-o-natal-esta-em-greve-sobe-ao-palco-de-silves-alegria-do-natal-no-dia-11-de-dezembro\\\/cultura\\\/14\\\/33\\\/#primaryimage\"},\"image\":{\"@id\":\"https:\\\/\\\/algarve7.pt\\\/index.php\\\/2022\\\/12\\\/peca-infantil-o-natal-esta-em-greve-sobe-ao-palco-de-silves-alegria-do-natal-no-dia-11-de-dezembro\\\/cultura\\\/14\\\/33\\\/#primaryimage\"},\"thumbnailUrl\":\"https:\\\/\\\/algarve7.pt\\\/wp-content\\\/uploads\\\/2022\\\/12\\\/banners-SAN_teatro-Natal-em-Greve.jpg\",\"datePublished\":\"2022-12-09T14:33:33+00:00\",\"dateModified\":\"2022-12-09T14:33:37+00:00\",\"description\":\"Pe\u00e7a infantil \u201cO natal est\u00e1 em greve\u201d sobe ao palco de Silves alegria do natal no dia 11 de dezembro Cultura\",\"breadcrumb\":{\"@id\":\"https:\\\/\\\/algarve7.pt\\\/index.php\\\/2022\\\/12\\\/peca-infantil-o-natal-esta-em-greve-sobe-ao-palco-de-silves-alegria-do-natal-no-dia-11-de-dezembro\\\/cultura\\\/14\\\/33\\\/#breadcrumb\"},\"inLanguage\":\"pt-PT\",\"potentialAction\":[{\"@type\":\"ReadAction\",\"target\":[\"https:\\\/\\\/algarve7.pt\\\/index.php\\\/2022\\\/12\\\/peca-infantil-o-natal-esta-em-greve-sobe-ao-palco-de-silves-alegria-do-natal-no-dia-11-de-dezembro\\\/cultura\\\/14\\\/33\\\/\"]}]},{\"@type\":\"ImageObject\",\"inLanguage\":\"pt-PT\",\"@id\":\"https:\\\/\\\/algarve7.pt\\\/index.php\\\/2022\\\/12\\\/peca-infantil-o-natal-esta-em-greve-sobe-ao-palco-de-silves-alegria-do-natal-no-dia-11-de-dezembro\\\/cultura\\\/14\\\/33\\\/#primaryimage\",\"url\":\"https:\\\/\\\/algarve7.pt\\\/wp-content\\\/uploads\\\/2022\\\/12\\\/banners-SAN_teatro-Natal-em-Greve.jpg\",\"contentUrl\":\"https:\\\/\\\/algarve7.pt\\\/wp-content\\\/uploads\\\/2022\\\/12\\\/banners-SAN_teatro-Natal-em-Greve.jpg\",\"width\":1280,\"height\":620},{\"@type\":\"BreadcrumbList\",\"@id\":\"https:\\\/\\\/algarve7.pt\\\/index.php\\\/2022\\\/12\\\/peca-infantil-o-natal-esta-em-greve-sobe-ao-palco-de-silves-alegria-do-natal-no-dia-11-de-dezembro\\\/cultura\\\/14\\\/33\\\/#breadcrumb\",\"itemListElement\":[{\"@type\":\"ListItem\",\"position\":1,\"name\":\"In\u00edcio\",\"item\":\"https:\\\/\\\/algarve7.pt\\\/\"},{\"@type\":\"ListItem\",\"position\":2,\"name\":\"Pe\u00e7a infantil \u201cO natal est\u00e1 em greve\u201d sobe ao palco de Silves alegria do natal no dia 11 de dezembro\"}]},{\"@type\":\"WebSite\",\"@id\":\"https:\\\/\\\/algarve7.pt\\\/#website\",\"url\":\"https:\\\/\\\/algarve7.pt\\\/\",\"name\":\"Algarve 7\",\"description\":\"Informa\u00e7\u00e3o sobre o Algarve\",\"publisher\":{\"@id\":\"https:\\\/\\\/algarve7.pt\\\/#organization\"},\"potentialAction\":[{\"@type\":\"SearchAction\",\"target\":{\"@type\":\"EntryPoint\",\"urlTemplate\":\"https:\\\/\\\/algarve7.pt\\\/?s={search_term_string}\"},\"query-input\":{\"@type\":\"PropertyValueSpecification\",\"valueRequired\":true,\"valueName\":\"search_term_string\"}}],\"inLanguage\":\"pt-PT\"},{\"@type\":\"Organization\",\"@id\":\"https:\\\/\\\/algarve7.pt\\\/#organization\",\"name\":\"Algarve 7\",\"url\":\"https:\\\/\\\/algarve7.pt\\\/\",\"logo\":{\"@type\":\"ImageObject\",\"inLanguage\":\"pt-PT\",\"@id\":\"https:\\\/\\\/algarve7.pt\\\/#\\\/schema\\\/logo\\\/image\\\/\",\"url\":\"https:\\\/\\\/algarve7.pt\\\/wp-content\\\/uploads\\\/2020\\\/10\\\/Logo-8.jpg\",\"contentUrl\":\"https:\\\/\\\/algarve7.pt\\\/wp-content\\\/uploads\\\/2020\\\/10\\\/Logo-8.jpg\",\"width\":1680,\"height\":1186,\"caption\":\"Algarve 7\"},\"image\":{\"@id\":\"https:\\\/\\\/algarve7.pt\\\/#\\\/schema\\\/logo\\\/image\\\/\"},\"sameAs\":[\"https:\\\/\\\/www.facebook.com\\\/algarve7\",\"https:\\\/\\\/x.com\\\/Algarvesete\",\"https:\\\/\\\/www.instagram.com\\\/jornalalgarve7\\\/\",\"https:\\\/\\\/www.linkedin.com\\\/company\\\/algarve7\",\"https:\\\/\\\/www.pinterest.pt\\\/geral0939\\\/_created\\\/\"]},{\"@type\":\"Person\",\"@id\":\"https:\\\/\\\/algarve7.pt\\\/#\\\/schema\\\/person\\\/23fa70681308e7b319a3204bcea45e0c\",\"name\":\"Algarve 7\",\"sameAs\":[\"https:\\\/\\\/algarve7.pt\",\"https:\\\/\\\/www.facebook.com\\\/algarve7\"],\"url\":\"https:\\\/\\\/algarve7.pt\\\/index.php\\\/author\\\/geralalgarve7-pt\\\/\"}]}<\/script>\n<!-- \/ Yoast SEO plugin. -->","yoast_head_json":{"title":"Pe\u00e7a infantil \u201cO natal est\u00e1 em greve\u201d sobe ao palco de Silves alegria do natal no dia 11 de dezembro - Algarve 7","description":"Pe\u00e7a infantil \u201cO natal est\u00e1 em greve\u201d sobe ao palco de Silves alegria do natal no dia 11 de dezembro Cultura","robots":{"index":"index","follow":"follow","max-snippet":"max-snippet:-1","max-image-preview":"max-image-preview:large","max-video-preview":"max-video-preview:-1"},"canonical":"https:\/\/algarve7.pt\/index.php\/2022\/12\/peca-infantil-o-natal-esta-em-greve-sobe-ao-palco-de-silves-alegria-do-natal-no-dia-11-de-dezembro\/cultura\/14\/33\/","og_locale":"pt_PT","og_type":"article","og_title":"Pe\u00e7a infantil \u201cO natal est\u00e1 em greve\u201d sobe ao palco de Silves alegria do natal no dia 11 de dezembro - Algarve 7","og_description":"Pe\u00e7a infantil \u201cO natal est\u00e1 em greve\u201d sobe ao palco de Silves alegria do natal no dia 11 de dezembro Cultura","og_url":"https:\/\/algarve7.pt\/index.php\/2022\/12\/peca-infantil-o-natal-esta-em-greve-sobe-ao-palco-de-silves-alegria-do-natal-no-dia-11-de-dezembro\/cultura\/14\/33\/","og_site_name":"Algarve 7","article_publisher":"https:\/\/www.facebook.com\/algarve7","article_author":"https:\/\/www.facebook.com\/algarve7","article_published_time":"2022-12-09T14:33:33+00:00","article_modified_time":"2022-12-09T14:33:37+00:00","og_image":[{"width":1280,"height":620,"url":"https:\/\/algarve7.pt\/wp-content\/uploads\/2022\/12\/banners-SAN_teatro-Natal-em-Greve.jpg","type":"image\/jpeg"}],"author":"Algarve 7","twitter_card":"summary_large_image","twitter_creator":"@Algarvesete","twitter_site":"@Algarvesete","twitter_misc":{"Escrito por":"Algarve 7","Tempo estimado de leitura":"3 minutos"},"schema":{"@context":"https:\/\/schema.org","@graph":[{"@type":"Article","@id":"https:\/\/algarve7.pt\/index.php\/2022\/12\/peca-infantil-o-natal-esta-em-greve-sobe-ao-palco-de-silves-alegria-do-natal-no-dia-11-de-dezembro\/cultura\/14\/33\/#article","isPartOf":{"@id":"https:\/\/algarve7.pt\/index.php\/2022\/12\/peca-infantil-o-natal-esta-em-greve-sobe-ao-palco-de-silves-alegria-do-natal-no-dia-11-de-dezembro\/cultura\/14\/33\/"},"author":{"name":"Algarve 7","@id":"https:\/\/algarve7.pt\/#\/schema\/person\/23fa70681308e7b319a3204bcea45e0c"},"headline":"Pe\u00e7a infantil \u201cO natal est\u00e1 em greve\u201d sobe ao palco de Silves alegria do natal no dia 11 de dezembro","datePublished":"2022-12-09T14:33:33+00:00","dateModified":"2022-12-09T14:33:37+00:00","mainEntityOfPage":{"@id":"https:\/\/algarve7.pt\/index.php\/2022\/12\/peca-infantil-o-natal-esta-em-greve-sobe-ao-palco-de-silves-alegria-do-natal-no-dia-11-de-dezembro\/cultura\/14\/33\/"},"wordCount":501,"publisher":{"@id":"https:\/\/algarve7.pt\/#organization"},"image":{"@id":"https:\/\/algarve7.pt\/index.php\/2022\/12\/peca-infantil-o-natal-esta-em-greve-sobe-ao-palco-de-silves-alegria-do-natal-no-dia-11-de-dezembro\/cultura\/14\/33\/#primaryimage"},"thumbnailUrl":"https:\/\/algarve7.pt\/wp-content\/uploads\/2022\/12\/banners-SAN_teatro-Natal-em-Greve.jpg","keywords":["Algarve","Cultura","Silves","Teatro"],"articleSection":["Cultura"],"inLanguage":"pt-PT"},{"@type":"WebPage","@id":"https:\/\/algarve7.pt\/index.php\/2022\/12\/peca-infantil-o-natal-esta-em-greve-sobe-ao-palco-de-silves-alegria-do-natal-no-dia-11-de-dezembro\/cultura\/14\/33\/","url":"https:\/\/algarve7.pt\/index.php\/2022\/12\/peca-infantil-o-natal-esta-em-greve-sobe-ao-palco-de-silves-alegria-do-natal-no-dia-11-de-dezembro\/cultura\/14\/33\/","name":"Pe\u00e7a infantil \u201cO natal est\u00e1 em greve\u201d sobe ao palco de Silves alegria do natal no dia 11 de dezembro - Algarve 7","isPartOf":{"@id":"https:\/\/algarve7.pt\/#website"},"primaryImageOfPage":{"@id":"https:\/\/algarve7.pt\/index.php\/2022\/12\/peca-infantil-o-natal-esta-em-greve-sobe-ao-palco-de-silves-alegria-do-natal-no-dia-11-de-dezembro\/cultura\/14\/33\/#primaryimage"},"image":{"@id":"https:\/\/algarve7.pt\/index.php\/2022\/12\/peca-infantil-o-natal-esta-em-greve-sobe-ao-palco-de-silves-alegria-do-natal-no-dia-11-de-dezembro\/cultura\/14\/33\/#primaryimage"},"thumbnailUrl":"https:\/\/algarve7.pt\/wp-content\/uploads\/2022\/12\/banners-SAN_teatro-Natal-em-Greve.jpg","datePublished":"2022-12-09T14:33:33+00:00","dateModified":"2022-12-09T14:33:37+00:00","description":"Pe\u00e7a infantil \u201cO natal est\u00e1 em greve\u201d sobe ao palco de Silves alegria do natal no dia 11 de dezembro Cultura","breadcrumb":{"@id":"https:\/\/algarve7.pt\/index.php\/2022\/12\/peca-infantil-o-natal-esta-em-greve-sobe-ao-palco-de-silves-alegria-do-natal-no-dia-11-de-dezembro\/cultura\/14\/33\/#breadcrumb"},"inLanguage":"pt-PT","potentialAction":[{"@type":"ReadAction","target":["https:\/\/algarve7.pt\/index.php\/2022\/12\/peca-infantil-o-natal-esta-em-greve-sobe-ao-palco-de-silves-alegria-do-natal-no-dia-11-de-dezembro\/cultura\/14\/33\/"]}]},{"@type":"ImageObject","inLanguage":"pt-PT","@id":"https:\/\/algarve7.pt\/index.php\/2022\/12\/peca-infantil-o-natal-esta-em-greve-sobe-ao-palco-de-silves-alegria-do-natal-no-dia-11-de-dezembro\/cultura\/14\/33\/#primaryimage","url":"https:\/\/algarve7.pt\/wp-content\/uploads\/2022\/12\/banners-SAN_teatro-Natal-em-Greve.jpg","contentUrl":"https:\/\/algarve7.pt\/wp-content\/uploads\/2022\/12\/banners-SAN_teatro-Natal-em-Greve.jpg","width":1280,"height":620},{"@type":"BreadcrumbList","@id":"https:\/\/algarve7.pt\/index.php\/2022\/12\/peca-infantil-o-natal-esta-em-greve-sobe-ao-palco-de-silves-alegria-do-natal-no-dia-11-de-dezembro\/cultura\/14\/33\/#breadcrumb","itemListElement":[{"@type":"ListItem","position":1,"name":"In\u00edcio","item":"https:\/\/algarve7.pt\/"},{"@type":"ListItem","position":2,"name":"Pe\u00e7a infantil \u201cO natal est\u00e1 em greve\u201d sobe ao palco de Silves alegria do natal no dia 11 de dezembro"}]},{"@type":"WebSite","@id":"https:\/\/algarve7.pt\/#website","url":"https:\/\/algarve7.pt\/","name":"Algarve 7","description":"Informa\u00e7\u00e3o sobre o Algarve","publisher":{"@id":"https:\/\/algarve7.pt\/#organization"},"potentialAction":[{"@type":"SearchAction","target":{"@type":"EntryPoint","urlTemplate":"https:\/\/algarve7.pt\/?s={search_term_string}"},"query-input":{"@type":"PropertyValueSpecification","valueRequired":true,"valueName":"search_term_string"}}],"inLanguage":"pt-PT"},{"@type":"Organization","@id":"https:\/\/algarve7.pt\/#organization","name":"Algarve 7","url":"https:\/\/algarve7.pt\/","logo":{"@type":"ImageObject","inLanguage":"pt-PT","@id":"https:\/\/algarve7.pt\/#\/schema\/logo\/image\/","url":"https:\/\/algarve7.pt\/wp-content\/uploads\/2020\/10\/Logo-8.jpg","contentUrl":"https:\/\/algarve7.pt\/wp-content\/uploads\/2020\/10\/Logo-8.jpg","width":1680,"height":1186,"caption":"Algarve 7"},"image":{"@id":"https:\/\/algarve7.pt\/#\/schema\/logo\/image\/"},"sameAs":["https:\/\/www.facebook.com\/algarve7","https:\/\/x.com\/Algarvesete","https:\/\/www.instagram.com\/jornalalgarve7\/","https:\/\/www.linkedin.com\/company\/algarve7","https:\/\/www.pinterest.pt\/geral0939\/_created\/"]},{"@type":"Person","@id":"https:\/\/algarve7.pt\/#\/schema\/person\/23fa70681308e7b319a3204bcea45e0c","name":"Algarve 7","sameAs":["https:\/\/algarve7.pt","https:\/\/www.facebook.com\/algarve7"],"url":"https:\/\/algarve7.pt\/index.php\/author\/geralalgarve7-pt\/"}]}},"jetpack_publicize_connections":[],"jetpack_featured_media_url":"https:\/\/algarve7.pt\/wp-content\/uploads\/2022\/12\/banners-SAN_teatro-Natal-em-Greve.jpg","jetpack_shortlink":"https:\/\/wp.me\/pcezmW-6g3","jetpack_sharing_enabled":true,"_links":{"self":[{"href":"https:\/\/algarve7.pt\/index.php\/wp-json\/wp\/v2\/posts\/24059","targetHints":{"allow":["GET"]}}],"collection":[{"href":"https:\/\/algarve7.pt\/index.php\/wp-json\/wp\/v2\/posts"}],"about":[{"href":"https:\/\/algarve7.pt\/index.php\/wp-json\/wp\/v2\/types\/post"}],"author":[{"embeddable":true,"href":"https:\/\/algarve7.pt\/index.php\/wp-json\/wp\/v2\/users\/1"}],"replies":[{"embeddable":true,"href":"https:\/\/algarve7.pt\/index.php\/wp-json\/wp\/v2\/comments?post=24059"}],"version-history":[{"count":0,"href":"https:\/\/algarve7.pt\/index.php\/wp-json\/wp\/v2\/posts\/24059\/revisions"}],"wp:featuredmedia":[{"embeddable":true,"href":"https:\/\/algarve7.pt\/index.php\/wp-json\/wp\/v2\/media\/24060"}],"wp:attachment":[{"href":"https:\/\/algarve7.pt\/index.php\/wp-json\/wp\/v2\/media?parent=24059"}],"wp:term":[{"taxonomy":"category","embeddable":true,"href":"https:\/\/algarve7.pt\/index.php\/wp-json\/wp\/v2\/categories?post=24059"},{"taxonomy":"post_tag","embeddable":true,"href":"https:\/\/algarve7.pt\/index.php\/wp-json\/wp\/v2\/tags?post=24059"}],"curies":[{"name":"wp","href":"https:\/\/api.w.org\/{rel}","templated":true}]}}