{"id":24055,"date":"2022-12-09T11:50:49","date_gmt":"2022-12-09T11:50:49","guid":{"rendered":"https:\/\/algarve7.pt\/?p=24055"},"modified":"2022-12-09T11:50:52","modified_gmt":"2022-12-09T11:50:52","slug":"obra-linda-como-um-cravo-vence-premio-literario-manuel-teixeira-gomes-2022","status":"publish","type":"post","link":"https:\/\/algarve7.pt\/index.php\/2022\/12\/obra-linda-como-um-cravo-vence-premio-literario-manuel-teixeira-gomes-2022\/cultura\/11\/50\/","title":{"rendered":"Obra \u201cLinda como um cravo\u201d vence Pr\u00e9mio Liter\u00e1rio Manuel Teixeira Gomes 2022"},"content":{"rendered":"\n<p>Teve lugar no passado dia 7 de dezembro a apresenta\u00e7\u00e3o da obra vencedora do Pr\u00e9mio Liter\u00e1rio Manuel Teixeira Gomes 2022, intitulada \u201cLinda como um cravo\u201d e da autoria de Clementina Rosa Matos, que esteve presente na cerim\u00f3nia.<\/p>\n\n\n\n<p>A apresenta\u00e7\u00e3o, que decorreu na Biblioteca Municipal Manuel Teixeira Gomes no \u00e2mbito das comemora\u00e7\u00f5es do Dia da Cidade, tamb\u00e9m contou com a presen\u00e7a de Analita Santos e Virg\u00edlio Machado, dois dos membros do j\u00fari deste certame liter\u00e1rio, que justificaram a atribui\u00e7\u00e3o do galard\u00e3o.<\/p>\n\n\n\n<p>Na sinopse de \u201cLinda como um cravo\u201d, Clementina Rosa Matos escreve que \u201cnuma aldeia remota vive uma mulher que desconhece a liberdade. Rodeada de espa\u00e7o e de natureza, acha-se, todavia, encarcerada na solid\u00e3o, sequestrada num casamento malogrado com um artes\u00e3o alco\u00f3lico. Por um feliz acaso, surge um carro perdido na serra, e a serrana vem a conhecer a sua confidente. Este livro \u00e9 a hist\u00f3ria que nos revela a aventura e a trag\u00e9dia desta mulher, insignificante e grandiosa, chamada Maria das Dores.\u201d<\/p>\n\n\n\n<p>A autora frequentou a Universidade de Paris La Sorbonne, onde recebeu o Certificado de L\u00edngua e Civiliza\u00e7\u00e3o Francesa, tendo-se licenciado em L\u00ednguas e Literaturas Modernas, Portugu\u00eas e Franc\u00eas, pela Faculdade de Letras da Universidade do Porto.<\/p>\n\n\n\n<p>Obteve posteriormente a sua profissionaliza\u00e7\u00e3o para o ensino com o diploma de Qualifica\u00e7\u00e3o em Ci\u00eancias da Educa\u00e7\u00e3o, pela Universidade Aberta de Lisboa, antes de adquirir o diploma de Forma\u00e7\u00e3o em Bibliotecas Escolares, passado pela Faculdade de Psicologia e Ci\u00eancias da Educa\u00e7\u00e3o do Porto.<\/p>\n\n\n\n<p>Em 2015 publicou o livro de poesia \u201cOs amantes de janeiro\u201d e no mesmo ano lan\u00e7ou \u201cA letra- E\u201d, narrativa inspirada em factos vivenciados no seio de uma fam\u00edlia nortenha, em meados do s\u00e9culo XX, seguindo-se dois anos depois o romance \u201cPiedade\u201d, baseado em factos da vida real e ocorridos entre o in\u00edcio do s\u00e9culo XX e a primeira d\u00e9cada do s\u00e9culo XXI, e em 2019 um livro de poesia integrado numa cole\u00e7\u00e3o denominada A \u00c1gua e a Sede, com o t\u00edtulo \u201cA curva do tempo\u201d.<\/p>\n\n\n\n<p>Al\u00e9m de participar em colet\u00e2neas diversas com contos, ensaios e poesias, no ano de 2021 publicou \u201cO gentil vagabundo\u201d.<\/p>\n\n\n\n<p><strong>Estimular a cria\u00e7\u00e3o liter\u00e1ria em l\u00edngua portuguesa<\/strong><strong><\/strong><\/p>\n\n\n\n<p>O Pr\u00e9mio Liter\u00e1rio Manuel Teixeira Gomes visa distinguir trabalhos in\u00e9ditos escritos em l\u00edngua portuguesa, no sentido de estimular a cria\u00e7\u00e3o liter\u00e1ria, e constitui mais uma forma de perpetuar a mem\u00f3ria do seu patrono, o escritor e Presidente da Rep\u00fablica Manuel Teixeira Gomes, natural de Portim\u00e3o.<\/p>\n\n\n\n<p>Promovido pelo Munic\u00edpio e pela Biblioteca Municipal de Portim\u00e3o, o galard\u00e3o \u00e9 oficialmente lan\u00e7ado no feriado nacional do 10 de Junho, Dia de Portugal, de Cam\u00f5es e das Comunidades Portuguesas, aceitando trabalhos in\u00e9ditos sob tema livre, escritos por autores nacionais, cidad\u00e3os de pa\u00edses de l\u00edngua oficial portuguesa ou comunit\u00e1rios e estrangeiros com situa\u00e7\u00e3o regularizada de perman\u00eancia em Portugal.<\/p>\n\n\n\n<p>A obra vencedora teve uma edi\u00e7\u00e3o de 300 exemplares, metade dos quais destinados \u00e0 autora, a quem foi atribu\u00eddo um pr\u00e9mio monet\u00e1rio no valor de mil euros.<\/p>\n","protected":false},"excerpt":{"rendered":"<p>Teve lugar no passado dia 7 de dezembro a apresenta\u00e7\u00e3o da obra vencedora do Pr\u00e9mio Liter\u00e1rio Manuel Teixeira Gomes 2022,<\/p>\n","protected":false},"author":1,"featured_media":24056,"comment_status":"closed","ping_status":"open","sticky":false,"template":"","format":"standard","meta":{"colormag_page_container_layout":"default_layout","colormag_page_sidebar_layout":"default_layout","_monsterinsights_skip_tracking":false,"_monsterinsights_sitenote_active":false,"_monsterinsights_sitenote_note":"","_monsterinsights_sitenote_category":0,"jetpack_post_was_ever_published":false,"_jetpack_newsletter_access":"","_jetpack_dont_email_post_to_subs":false,"_jetpack_newsletter_tier_id":0,"_jetpack_memberships_contains_paywalled_content":false,"_jetpack_memberships_contains_paid_content":false,"footnotes":"","jetpack_publicize_message":"","jetpack_publicize_feature_enabled":true,"jetpack_social_post_already_shared":true,"jetpack_social_options":{"image_generator_settings":{"template":"highway","default_image_id":0,"font":"","enabled":false},"version":2}},"categories":[14],"tags":[36,35,201,72,80],"class_list":["post-24055","post","type-post","status-publish","format-standard","has-post-thumbnail","hentry","category-cultura","tag-algarve","tag-cultura","tag-livros","tag-portimao","tag-premio"],"yoast_head":"<!-- This site is optimized with the Yoast SEO plugin v27.5 - https:\/\/yoast.com\/product\/yoast-seo-wordpress\/ -->\n<title>Obra \u201cLinda como um cravo\u201d vence Pr\u00e9mio Liter\u00e1rio Manuel Teixeira Gomes 2022 - Algarve 7<\/title>\n<meta name=\"description\" content=\"Obra \u201cLinda como um cravo\u201d vence Pr\u00e9mio Liter\u00e1rio Manuel Teixeira Gomes 2022 Cultura\" \/>\n<meta name=\"robots\" content=\"index, follow, max-snippet:-1, max-image-preview:large, max-video-preview:-1\" \/>\n<link rel=\"canonical\" href=\"https:\/\/algarve7.pt\/index.php\/2022\/12\/obra-linda-como-um-cravo-vence-premio-literario-manuel-teixeira-gomes-2022\/cultura\/11\/50\/\" \/>\n<meta property=\"og:locale\" content=\"pt_PT\" \/>\n<meta property=\"og:type\" content=\"article\" \/>\n<meta property=\"og:title\" content=\"Obra \u201cLinda como um cravo\u201d vence Pr\u00e9mio Liter\u00e1rio Manuel Teixeira Gomes 2022 - Algarve 7\" \/>\n<meta property=\"og:description\" content=\"Obra \u201cLinda como um cravo\u201d vence Pr\u00e9mio Liter\u00e1rio Manuel Teixeira Gomes 2022 Cultura\" \/>\n<meta property=\"og:url\" content=\"https:\/\/algarve7.pt\/index.php\/2022\/12\/obra-linda-como-um-cravo-vence-premio-literario-manuel-teixeira-gomes-2022\/cultura\/11\/50\/\" \/>\n<meta property=\"og:site_name\" content=\"Algarve 7\" \/>\n<meta property=\"article:publisher\" content=\"https:\/\/www.facebook.com\/algarve7\" \/>\n<meta property=\"article:author\" content=\"https:\/\/www.facebook.com\/algarve7\" \/>\n<meta property=\"article:published_time\" content=\"2022-12-09T11:50:49+00:00\" \/>\n<meta property=\"article:modified_time\" content=\"2022-12-09T11:50:52+00:00\" \/>\n<meta property=\"og:image\" content=\"https:\/\/algarve7.pt\/wp-content\/uploads\/2022\/12\/Apresentacao-Premio-Literario-MTG.-1.jpg\" \/>\n\t<meta property=\"og:image:width\" content=\"1024\" \/>\n\t<meta property=\"og:image:height\" content=\"683\" \/>\n\t<meta property=\"og:image:type\" content=\"image\/jpeg\" \/>\n<meta name=\"author\" content=\"Algarve 7\" \/>\n<meta name=\"twitter:card\" content=\"summary_large_image\" \/>\n<meta name=\"twitter:creator\" content=\"@Algarvesete\" \/>\n<meta name=\"twitter:site\" content=\"@Algarvesete\" \/>\n<meta name=\"twitter:label1\" content=\"Escrito por\" \/>\n\t<meta name=\"twitter:data1\" content=\"Algarve 7\" \/>\n\t<meta name=\"twitter:label2\" content=\"Tempo estimado de leitura\" \/>\n\t<meta name=\"twitter:data2\" content=\"3 minutos\" \/>\n<script type=\"application\/ld+json\" class=\"yoast-schema-graph\">{\"@context\":\"https:\\\/\\\/schema.org\",\"@graph\":[{\"@type\":\"Article\",\"@id\":\"https:\\\/\\\/algarve7.pt\\\/index.php\\\/2022\\\/12\\\/obra-linda-como-um-cravo-vence-premio-literario-manuel-teixeira-gomes-2022\\\/cultura\\\/11\\\/50\\\/#article\",\"isPartOf\":{\"@id\":\"https:\\\/\\\/algarve7.pt\\\/index.php\\\/2022\\\/12\\\/obra-linda-como-um-cravo-vence-premio-literario-manuel-teixeira-gomes-2022\\\/cultura\\\/11\\\/50\\\/\"},\"author\":{\"name\":\"Algarve 7\",\"@id\":\"https:\\\/\\\/algarve7.pt\\\/#\\\/schema\\\/person\\\/23fa70681308e7b319a3204bcea45e0c\"},\"headline\":\"Obra \u201cLinda como um cravo\u201d vence Pr\u00e9mio Liter\u00e1rio Manuel Teixeira Gomes 2022\",\"datePublished\":\"2022-12-09T11:50:49+00:00\",\"dateModified\":\"2022-12-09T11:50:52+00:00\",\"mainEntityOfPage\":{\"@id\":\"https:\\\/\\\/algarve7.pt\\\/index.php\\\/2022\\\/12\\\/obra-linda-como-um-cravo-vence-premio-literario-manuel-teixeira-gomes-2022\\\/cultura\\\/11\\\/50\\\/\"},\"wordCount\":556,\"publisher\":{\"@id\":\"https:\\\/\\\/algarve7.pt\\\/#organization\"},\"image\":{\"@id\":\"https:\\\/\\\/algarve7.pt\\\/index.php\\\/2022\\\/12\\\/obra-linda-como-um-cravo-vence-premio-literario-manuel-teixeira-gomes-2022\\\/cultura\\\/11\\\/50\\\/#primaryimage\"},\"thumbnailUrl\":\"https:\\\/\\\/algarve7.pt\\\/wp-content\\\/uploads\\\/2022\\\/12\\\/Apresentacao-Premio-Literario-MTG.-1.jpg\",\"keywords\":[\"Algarve\",\"Cultura\",\"Livros\",\"Portim\u00e3o\",\"Pr\u00e9mio\"],\"articleSection\":[\"Cultura\"],\"inLanguage\":\"pt-PT\"},{\"@type\":\"WebPage\",\"@id\":\"https:\\\/\\\/algarve7.pt\\\/index.php\\\/2022\\\/12\\\/obra-linda-como-um-cravo-vence-premio-literario-manuel-teixeira-gomes-2022\\\/cultura\\\/11\\\/50\\\/\",\"url\":\"https:\\\/\\\/algarve7.pt\\\/index.php\\\/2022\\\/12\\\/obra-linda-como-um-cravo-vence-premio-literario-manuel-teixeira-gomes-2022\\\/cultura\\\/11\\\/50\\\/\",\"name\":\"Obra \u201cLinda como um cravo\u201d vence Pr\u00e9mio Liter\u00e1rio Manuel Teixeira Gomes 2022 - Algarve 7\",\"isPartOf\":{\"@id\":\"https:\\\/\\\/algarve7.pt\\\/#website\"},\"primaryImageOfPage\":{\"@id\":\"https:\\\/\\\/algarve7.pt\\\/index.php\\\/2022\\\/12\\\/obra-linda-como-um-cravo-vence-premio-literario-manuel-teixeira-gomes-2022\\\/cultura\\\/11\\\/50\\\/#primaryimage\"},\"image\":{\"@id\":\"https:\\\/\\\/algarve7.pt\\\/index.php\\\/2022\\\/12\\\/obra-linda-como-um-cravo-vence-premio-literario-manuel-teixeira-gomes-2022\\\/cultura\\\/11\\\/50\\\/#primaryimage\"},\"thumbnailUrl\":\"https:\\\/\\\/algarve7.pt\\\/wp-content\\\/uploads\\\/2022\\\/12\\\/Apresentacao-Premio-Literario-MTG.-1.jpg\",\"datePublished\":\"2022-12-09T11:50:49+00:00\",\"dateModified\":\"2022-12-09T11:50:52+00:00\",\"description\":\"Obra \u201cLinda como um cravo\u201d vence Pr\u00e9mio Liter\u00e1rio Manuel Teixeira Gomes 2022 Cultura\",\"breadcrumb\":{\"@id\":\"https:\\\/\\\/algarve7.pt\\\/index.php\\\/2022\\\/12\\\/obra-linda-como-um-cravo-vence-premio-literario-manuel-teixeira-gomes-2022\\\/cultura\\\/11\\\/50\\\/#breadcrumb\"},\"inLanguage\":\"pt-PT\",\"potentialAction\":[{\"@type\":\"ReadAction\",\"target\":[\"https:\\\/\\\/algarve7.pt\\\/index.php\\\/2022\\\/12\\\/obra-linda-como-um-cravo-vence-premio-literario-manuel-teixeira-gomes-2022\\\/cultura\\\/11\\\/50\\\/\"]}]},{\"@type\":\"ImageObject\",\"inLanguage\":\"pt-PT\",\"@id\":\"https:\\\/\\\/algarve7.pt\\\/index.php\\\/2022\\\/12\\\/obra-linda-como-um-cravo-vence-premio-literario-manuel-teixeira-gomes-2022\\\/cultura\\\/11\\\/50\\\/#primaryimage\",\"url\":\"https:\\\/\\\/algarve7.pt\\\/wp-content\\\/uploads\\\/2022\\\/12\\\/Apresentacao-Premio-Literario-MTG.-1.jpg\",\"contentUrl\":\"https:\\\/\\\/algarve7.pt\\\/wp-content\\\/uploads\\\/2022\\\/12\\\/Apresentacao-Premio-Literario-MTG.-1.jpg\",\"width\":1024,\"height\":683},{\"@type\":\"BreadcrumbList\",\"@id\":\"https:\\\/\\\/algarve7.pt\\\/index.php\\\/2022\\\/12\\\/obra-linda-como-um-cravo-vence-premio-literario-manuel-teixeira-gomes-2022\\\/cultura\\\/11\\\/50\\\/#breadcrumb\",\"itemListElement\":[{\"@type\":\"ListItem\",\"position\":1,\"name\":\"In\u00edcio\",\"item\":\"https:\\\/\\\/algarve7.pt\\\/\"},{\"@type\":\"ListItem\",\"position\":2,\"name\":\"Obra \u201cLinda como um cravo\u201d vence Pr\u00e9mio Liter\u00e1rio Manuel Teixeira Gomes 2022\"}]},{\"@type\":\"WebSite\",\"@id\":\"https:\\\/\\\/algarve7.pt\\\/#website\",\"url\":\"https:\\\/\\\/algarve7.pt\\\/\",\"name\":\"Algarve 7\",\"description\":\"Informa\u00e7\u00e3o sobre o Algarve\",\"publisher\":{\"@id\":\"https:\\\/\\\/algarve7.pt\\\/#organization\"},\"potentialAction\":[{\"@type\":\"SearchAction\",\"target\":{\"@type\":\"EntryPoint\",\"urlTemplate\":\"https:\\\/\\\/algarve7.pt\\\/?s={search_term_string}\"},\"query-input\":{\"@type\":\"PropertyValueSpecification\",\"valueRequired\":true,\"valueName\":\"search_term_string\"}}],\"inLanguage\":\"pt-PT\"},{\"@type\":\"Organization\",\"@id\":\"https:\\\/\\\/algarve7.pt\\\/#organization\",\"name\":\"Algarve 7\",\"url\":\"https:\\\/\\\/algarve7.pt\\\/\",\"logo\":{\"@type\":\"ImageObject\",\"inLanguage\":\"pt-PT\",\"@id\":\"https:\\\/\\\/algarve7.pt\\\/#\\\/schema\\\/logo\\\/image\\\/\",\"url\":\"https:\\\/\\\/algarve7.pt\\\/wp-content\\\/uploads\\\/2020\\\/10\\\/Logo-8.jpg\",\"contentUrl\":\"https:\\\/\\\/algarve7.pt\\\/wp-content\\\/uploads\\\/2020\\\/10\\\/Logo-8.jpg\",\"width\":1680,\"height\":1186,\"caption\":\"Algarve 7\"},\"image\":{\"@id\":\"https:\\\/\\\/algarve7.pt\\\/#\\\/schema\\\/logo\\\/image\\\/\"},\"sameAs\":[\"https:\\\/\\\/www.facebook.com\\\/algarve7\",\"https:\\\/\\\/x.com\\\/Algarvesete\",\"https:\\\/\\\/www.instagram.com\\\/jornalalgarve7\\\/\",\"https:\\\/\\\/www.linkedin.com\\\/company\\\/algarve7\",\"https:\\\/\\\/www.pinterest.pt\\\/geral0939\\\/_created\\\/\"]},{\"@type\":\"Person\",\"@id\":\"https:\\\/\\\/algarve7.pt\\\/#\\\/schema\\\/person\\\/23fa70681308e7b319a3204bcea45e0c\",\"name\":\"Algarve 7\",\"sameAs\":[\"https:\\\/\\\/algarve7.pt\",\"https:\\\/\\\/www.facebook.com\\\/algarve7\"],\"url\":\"https:\\\/\\\/algarve7.pt\\\/index.php\\\/author\\\/geralalgarve7-pt\\\/\"}]}<\/script>\n<!-- \/ Yoast SEO plugin. -->","yoast_head_json":{"title":"Obra \u201cLinda como um cravo\u201d vence Pr\u00e9mio Liter\u00e1rio Manuel Teixeira Gomes 2022 - Algarve 7","description":"Obra \u201cLinda como um cravo\u201d vence Pr\u00e9mio Liter\u00e1rio Manuel Teixeira Gomes 2022 Cultura","robots":{"index":"index","follow":"follow","max-snippet":"max-snippet:-1","max-image-preview":"max-image-preview:large","max-video-preview":"max-video-preview:-1"},"canonical":"https:\/\/algarve7.pt\/index.php\/2022\/12\/obra-linda-como-um-cravo-vence-premio-literario-manuel-teixeira-gomes-2022\/cultura\/11\/50\/","og_locale":"pt_PT","og_type":"article","og_title":"Obra \u201cLinda como um cravo\u201d vence Pr\u00e9mio Liter\u00e1rio Manuel Teixeira Gomes 2022 - Algarve 7","og_description":"Obra \u201cLinda como um cravo\u201d vence Pr\u00e9mio Liter\u00e1rio Manuel Teixeira Gomes 2022 Cultura","og_url":"https:\/\/algarve7.pt\/index.php\/2022\/12\/obra-linda-como-um-cravo-vence-premio-literario-manuel-teixeira-gomes-2022\/cultura\/11\/50\/","og_site_name":"Algarve 7","article_publisher":"https:\/\/www.facebook.com\/algarve7","article_author":"https:\/\/www.facebook.com\/algarve7","article_published_time":"2022-12-09T11:50:49+00:00","article_modified_time":"2022-12-09T11:50:52+00:00","og_image":[{"width":1024,"height":683,"url":"https:\/\/algarve7.pt\/wp-content\/uploads\/2022\/12\/Apresentacao-Premio-Literario-MTG.-1.jpg","type":"image\/jpeg"}],"author":"Algarve 7","twitter_card":"summary_large_image","twitter_creator":"@Algarvesete","twitter_site":"@Algarvesete","twitter_misc":{"Escrito por":"Algarve 7","Tempo estimado de leitura":"3 minutos"},"schema":{"@context":"https:\/\/schema.org","@graph":[{"@type":"Article","@id":"https:\/\/algarve7.pt\/index.php\/2022\/12\/obra-linda-como-um-cravo-vence-premio-literario-manuel-teixeira-gomes-2022\/cultura\/11\/50\/#article","isPartOf":{"@id":"https:\/\/algarve7.pt\/index.php\/2022\/12\/obra-linda-como-um-cravo-vence-premio-literario-manuel-teixeira-gomes-2022\/cultura\/11\/50\/"},"author":{"name":"Algarve 7","@id":"https:\/\/algarve7.pt\/#\/schema\/person\/23fa70681308e7b319a3204bcea45e0c"},"headline":"Obra \u201cLinda como um cravo\u201d vence Pr\u00e9mio Liter\u00e1rio Manuel Teixeira Gomes 2022","datePublished":"2022-12-09T11:50:49+00:00","dateModified":"2022-12-09T11:50:52+00:00","mainEntityOfPage":{"@id":"https:\/\/algarve7.pt\/index.php\/2022\/12\/obra-linda-como-um-cravo-vence-premio-literario-manuel-teixeira-gomes-2022\/cultura\/11\/50\/"},"wordCount":556,"publisher":{"@id":"https:\/\/algarve7.pt\/#organization"},"image":{"@id":"https:\/\/algarve7.pt\/index.php\/2022\/12\/obra-linda-como-um-cravo-vence-premio-literario-manuel-teixeira-gomes-2022\/cultura\/11\/50\/#primaryimage"},"thumbnailUrl":"https:\/\/algarve7.pt\/wp-content\/uploads\/2022\/12\/Apresentacao-Premio-Literario-MTG.-1.jpg","keywords":["Algarve","Cultura","Livros","Portim\u00e3o","Pr\u00e9mio"],"articleSection":["Cultura"],"inLanguage":"pt-PT"},{"@type":"WebPage","@id":"https:\/\/algarve7.pt\/index.php\/2022\/12\/obra-linda-como-um-cravo-vence-premio-literario-manuel-teixeira-gomes-2022\/cultura\/11\/50\/","url":"https:\/\/algarve7.pt\/index.php\/2022\/12\/obra-linda-como-um-cravo-vence-premio-literario-manuel-teixeira-gomes-2022\/cultura\/11\/50\/","name":"Obra \u201cLinda como um cravo\u201d vence Pr\u00e9mio Liter\u00e1rio Manuel Teixeira Gomes 2022 - Algarve 7","isPartOf":{"@id":"https:\/\/algarve7.pt\/#website"},"primaryImageOfPage":{"@id":"https:\/\/algarve7.pt\/index.php\/2022\/12\/obra-linda-como-um-cravo-vence-premio-literario-manuel-teixeira-gomes-2022\/cultura\/11\/50\/#primaryimage"},"image":{"@id":"https:\/\/algarve7.pt\/index.php\/2022\/12\/obra-linda-como-um-cravo-vence-premio-literario-manuel-teixeira-gomes-2022\/cultura\/11\/50\/#primaryimage"},"thumbnailUrl":"https:\/\/algarve7.pt\/wp-content\/uploads\/2022\/12\/Apresentacao-Premio-Literario-MTG.-1.jpg","datePublished":"2022-12-09T11:50:49+00:00","dateModified":"2022-12-09T11:50:52+00:00","description":"Obra \u201cLinda como um cravo\u201d vence Pr\u00e9mio Liter\u00e1rio Manuel Teixeira Gomes 2022 Cultura","breadcrumb":{"@id":"https:\/\/algarve7.pt\/index.php\/2022\/12\/obra-linda-como-um-cravo-vence-premio-literario-manuel-teixeira-gomes-2022\/cultura\/11\/50\/#breadcrumb"},"inLanguage":"pt-PT","potentialAction":[{"@type":"ReadAction","target":["https:\/\/algarve7.pt\/index.php\/2022\/12\/obra-linda-como-um-cravo-vence-premio-literario-manuel-teixeira-gomes-2022\/cultura\/11\/50\/"]}]},{"@type":"ImageObject","inLanguage":"pt-PT","@id":"https:\/\/algarve7.pt\/index.php\/2022\/12\/obra-linda-como-um-cravo-vence-premio-literario-manuel-teixeira-gomes-2022\/cultura\/11\/50\/#primaryimage","url":"https:\/\/algarve7.pt\/wp-content\/uploads\/2022\/12\/Apresentacao-Premio-Literario-MTG.-1.jpg","contentUrl":"https:\/\/algarve7.pt\/wp-content\/uploads\/2022\/12\/Apresentacao-Premio-Literario-MTG.-1.jpg","width":1024,"height":683},{"@type":"BreadcrumbList","@id":"https:\/\/algarve7.pt\/index.php\/2022\/12\/obra-linda-como-um-cravo-vence-premio-literario-manuel-teixeira-gomes-2022\/cultura\/11\/50\/#breadcrumb","itemListElement":[{"@type":"ListItem","position":1,"name":"In\u00edcio","item":"https:\/\/algarve7.pt\/"},{"@type":"ListItem","position":2,"name":"Obra \u201cLinda como um cravo\u201d vence Pr\u00e9mio Liter\u00e1rio Manuel Teixeira Gomes 2022"}]},{"@type":"WebSite","@id":"https:\/\/algarve7.pt\/#website","url":"https:\/\/algarve7.pt\/","name":"Algarve 7","description":"Informa\u00e7\u00e3o sobre o Algarve","publisher":{"@id":"https:\/\/algarve7.pt\/#organization"},"potentialAction":[{"@type":"SearchAction","target":{"@type":"EntryPoint","urlTemplate":"https:\/\/algarve7.pt\/?s={search_term_string}"},"query-input":{"@type":"PropertyValueSpecification","valueRequired":true,"valueName":"search_term_string"}}],"inLanguage":"pt-PT"},{"@type":"Organization","@id":"https:\/\/algarve7.pt\/#organization","name":"Algarve 7","url":"https:\/\/algarve7.pt\/","logo":{"@type":"ImageObject","inLanguage":"pt-PT","@id":"https:\/\/algarve7.pt\/#\/schema\/logo\/image\/","url":"https:\/\/algarve7.pt\/wp-content\/uploads\/2020\/10\/Logo-8.jpg","contentUrl":"https:\/\/algarve7.pt\/wp-content\/uploads\/2020\/10\/Logo-8.jpg","width":1680,"height":1186,"caption":"Algarve 7"},"image":{"@id":"https:\/\/algarve7.pt\/#\/schema\/logo\/image\/"},"sameAs":["https:\/\/www.facebook.com\/algarve7","https:\/\/x.com\/Algarvesete","https:\/\/www.instagram.com\/jornalalgarve7\/","https:\/\/www.linkedin.com\/company\/algarve7","https:\/\/www.pinterest.pt\/geral0939\/_created\/"]},{"@type":"Person","@id":"https:\/\/algarve7.pt\/#\/schema\/person\/23fa70681308e7b319a3204bcea45e0c","name":"Algarve 7","sameAs":["https:\/\/algarve7.pt","https:\/\/www.facebook.com\/algarve7"],"url":"https:\/\/algarve7.pt\/index.php\/author\/geralalgarve7-pt\/"}]}},"jetpack_publicize_connections":[],"jetpack_featured_media_url":"https:\/\/algarve7.pt\/wp-content\/uploads\/2022\/12\/Apresentacao-Premio-Literario-MTG.-1.jpg","jetpack_shortlink":"https:\/\/wp.me\/pcezmW-6fZ","jetpack_sharing_enabled":true,"_links":{"self":[{"href":"https:\/\/algarve7.pt\/index.php\/wp-json\/wp\/v2\/posts\/24055","targetHints":{"allow":["GET"]}}],"collection":[{"href":"https:\/\/algarve7.pt\/index.php\/wp-json\/wp\/v2\/posts"}],"about":[{"href":"https:\/\/algarve7.pt\/index.php\/wp-json\/wp\/v2\/types\/post"}],"author":[{"embeddable":true,"href":"https:\/\/algarve7.pt\/index.php\/wp-json\/wp\/v2\/users\/1"}],"replies":[{"embeddable":true,"href":"https:\/\/algarve7.pt\/index.php\/wp-json\/wp\/v2\/comments?post=24055"}],"version-history":[{"count":0,"href":"https:\/\/algarve7.pt\/index.php\/wp-json\/wp\/v2\/posts\/24055\/revisions"}],"wp:featuredmedia":[{"embeddable":true,"href":"https:\/\/algarve7.pt\/index.php\/wp-json\/wp\/v2\/media\/24056"}],"wp:attachment":[{"href":"https:\/\/algarve7.pt\/index.php\/wp-json\/wp\/v2\/media?parent=24055"}],"wp:term":[{"taxonomy":"category","embeddable":true,"href":"https:\/\/algarve7.pt\/index.php\/wp-json\/wp\/v2\/categories?post=24055"},{"taxonomy":"post_tag","embeddable":true,"href":"https:\/\/algarve7.pt\/index.php\/wp-json\/wp\/v2\/tags?post=24055"}],"curies":[{"name":"wp","href":"https:\/\/api.w.org\/{rel}","templated":true}]}}