{"id":23922,"date":"2022-12-05T13:41:30","date_gmt":"2022-12-05T13:41:30","guid":{"rendered":"https:\/\/algarve7.pt\/?p=23922"},"modified":"2022-12-05T13:41:33","modified_gmt":"2022-12-05T13:41:33","slug":"iniciativa-intergeracional-assinalou-dia-internacional-das-cidades-educadoras-em-loule","status":"publish","type":"post","link":"https:\/\/algarve7.pt\/index.php\/2022\/12\/iniciativa-intergeracional-assinalou-dia-internacional-das-cidades-educadoras-em-loule\/atualidade\/13\/41\/","title":{"rendered":"Iniciativa intergeracional assinalou dia internacional das cidades educadoras em Loul\u00e9"},"content":{"rendered":"\n<p>O Munic\u00edpio de Loul\u00e9 celebrou o Dia Internacional das Cidades Educadoras (30 de novembro), este ano alusivo ao tema \u201cCidade de Paz e das Oportunidades\u201d, com uma iniciativa intergeracional.<\/p>\n\n\n\n<p>A Pra\u00e7a da Rep\u00fablica, em frente aos Pa\u00e7os do Concelho, foi o local escolhido para a constru\u00e7\u00e3o de um cord\u00e3o humano com a palavra PAZ, numa a\u00e7\u00e3o que contou com a &nbsp;participa\u00e7\u00e3o, colabora\u00e7\u00e3o e envolvimento de cerca de 400 representantes da rede de parceiros, para al\u00e9m dos v\u00e1rios elementos da comunidade geral que quiseram juntar-se \u00e0 mesma.<\/p>\n\n\n\n<p>Os parceiros presentes na constru\u00e7\u00e3o da palavra e moldura foram: &nbsp;Escola Secund\u00e1ria de Loul\u00e9 &nbsp;(50 participantes), Escola Profissional de Alte (12 participantes), Centro de Anima\u00e7\u00e3o de Alte (30 participantes), Funda\u00e7\u00e3o Ant\u00f3nio Aleixo com o grupo s\u00e9nior (30 participantes),&nbsp;Universidade S\u00e9nior (20 participantes), Agrupamento de Escolas Padre Jo\u00e3o Coelho Cabanita com a participa\u00e7\u00e3o de todas as crian\u00e7as de 1\u00ba ciclo da escola EB1n\u00ba 4 (180 participantes), Agrupamento de Escolas Eng\u00ba Duarte Pacheco com a participa\u00e7\u00e3o dos alunos do pr\u00e9-escolar da EB1\/JI Hortas de Santo Ant\u00f3nio (70 participantes).<\/p>\n\n\n\n<p>Refira-se que o Dia Internacional da Cidade Educadora \u00e9 uma celebra\u00e7\u00e3o que tem como objetivo criar consci\u00eancia sobre a import\u00e2ncia da educa\u00e7\u00e3o no sentido mais lato e pretende dar a conhecer o compromisso dos governos locais como geradores de bem-estar das comunidades que habitam o territ\u00f3rio, a sua conviv\u00eancia, bem-estar, prosperidade e coes\u00e3o social. A Rede Territorial Portuguesa de Cidades Educadoras, da qual o Munic\u00edpio de Loul\u00e9 faz parte desde 2007, procura que, todos os anos, se encontre uma forma original para se assinalar o dia e o seu conceito plasmado na Carta da Associa\u00e7\u00e3o Internacional das Cidades Educadoras.<\/p>\n","protected":false},"excerpt":{"rendered":"<p>O Munic\u00edpio de Loul\u00e9 celebrou o Dia Internacional das Cidades Educadoras (30 de novembro), este ano alusivo ao tema \u201cCidade<\/p>\n","protected":false},"author":1,"featured_media":23923,"comment_status":"closed","ping_status":"open","sticky":false,"template":"","format":"standard","meta":{"colormag_page_container_layout":"default_layout","colormag_page_sidebar_layout":"default_layout","_monsterinsights_skip_tracking":false,"_monsterinsights_sitenote_active":false,"_monsterinsights_sitenote_note":"","_monsterinsights_sitenote_category":0,"jetpack_post_was_ever_published":false,"_jetpack_newsletter_access":"","_jetpack_dont_email_post_to_subs":false,"_jetpack_newsletter_tier_id":0,"_jetpack_memberships_contains_paywalled_content":false,"_jetpack_memberships_contains_paid_content":false,"footnotes":"","jetpack_publicize_message":"","jetpack_publicize_feature_enabled":true,"jetpack_social_post_already_shared":true,"jetpack_social_options":{"image_generator_settings":{"template":"highway","default_image_id":0,"font":"","enabled":false},"version":2}},"categories":[11],"tags":[36,62,783,31],"class_list":["post-23922","post","type-post","status-publish","format-standard","has-post-thumbnail","hentry","category-atualidade","tag-algarve","tag-atualidade","tag-cidade-educadora","tag-loule"],"yoast_head":"<!-- This site is optimized with the Yoast SEO plugin v27.5 - https:\/\/yoast.com\/product\/yoast-seo-wordpress\/ -->\n<title>Iniciativa intergeracional assinalou dia internacional das cidades educadoras em Loul\u00e9 - Algarve 7<\/title>\n<meta name=\"description\" content=\"Iniciativa intergeracional assinalou dia internacional das cidades educadoras em Loul\u00e9 Atualidade\" \/>\n<meta name=\"robots\" content=\"index, follow, max-snippet:-1, max-image-preview:large, max-video-preview:-1\" \/>\n<link rel=\"canonical\" href=\"https:\/\/algarve7.pt\/index.php\/2022\/12\/iniciativa-intergeracional-assinalou-dia-internacional-das-cidades-educadoras-em-loule\/atualidade\/13\/41\/\" \/>\n<meta property=\"og:locale\" content=\"pt_PT\" \/>\n<meta property=\"og:type\" content=\"article\" \/>\n<meta property=\"og:title\" content=\"Iniciativa intergeracional assinalou dia internacional das cidades educadoras em Loul\u00e9 - Algarve 7\" \/>\n<meta property=\"og:description\" content=\"Iniciativa intergeracional assinalou dia internacional das cidades educadoras em Loul\u00e9 Atualidade\" \/>\n<meta property=\"og:url\" content=\"https:\/\/algarve7.pt\/index.php\/2022\/12\/iniciativa-intergeracional-assinalou-dia-internacional-das-cidades-educadoras-em-loule\/atualidade\/13\/41\/\" \/>\n<meta property=\"og:site_name\" content=\"Algarve 7\" \/>\n<meta property=\"article:publisher\" content=\"https:\/\/www.facebook.com\/algarve7\" \/>\n<meta property=\"article:author\" content=\"https:\/\/www.facebook.com\/algarve7\" \/>\n<meta property=\"article:published_time\" content=\"2022-12-05T13:41:30+00:00\" \/>\n<meta property=\"article:modified_time\" content=\"2022-12-05T13:41:33+00:00\" \/>\n<meta property=\"og:image\" content=\"https:\/\/algarve7.pt\/wp-content\/uploads\/2022\/12\/Dia-Internacional-Cidade-Educadora-2022.jpg\" \/>\n\t<meta property=\"og:image:width\" content=\"1024\" \/>\n\t<meta property=\"og:image:height\" content=\"768\" \/>\n\t<meta property=\"og:image:type\" content=\"image\/jpeg\" \/>\n<meta name=\"author\" content=\"Algarve 7\" \/>\n<meta name=\"twitter:card\" content=\"summary_large_image\" \/>\n<meta name=\"twitter:creator\" content=\"@Algarvesete\" \/>\n<meta name=\"twitter:site\" content=\"@Algarvesete\" \/>\n<meta name=\"twitter:label1\" content=\"Escrito por\" \/>\n\t<meta name=\"twitter:data1\" content=\"Algarve 7\" \/>\n\t<meta name=\"twitter:label2\" content=\"Tempo estimado de leitura\" \/>\n\t<meta name=\"twitter:data2\" content=\"2 minutos\" \/>\n<script type=\"application\/ld+json\" class=\"yoast-schema-graph\">{\"@context\":\"https:\\\/\\\/schema.org\",\"@graph\":[{\"@type\":\"Article\",\"@id\":\"https:\\\/\\\/algarve7.pt\\\/index.php\\\/2022\\\/12\\\/iniciativa-intergeracional-assinalou-dia-internacional-das-cidades-educadoras-em-loule\\\/atualidade\\\/13\\\/41\\\/#article\",\"isPartOf\":{\"@id\":\"https:\\\/\\\/algarve7.pt\\\/index.php\\\/2022\\\/12\\\/iniciativa-intergeracional-assinalou-dia-internacional-das-cidades-educadoras-em-loule\\\/atualidade\\\/13\\\/41\\\/\"},\"author\":{\"name\":\"Algarve 7\",\"@id\":\"https:\\\/\\\/algarve7.pt\\\/#\\\/schema\\\/person\\\/23fa70681308e7b319a3204bcea45e0c\"},\"headline\":\"Iniciativa intergeracional assinalou dia internacional das cidades educadoras em Loul\u00e9\",\"datePublished\":\"2022-12-05T13:41:30+00:00\",\"dateModified\":\"2022-12-05T13:41:33+00:00\",\"mainEntityOfPage\":{\"@id\":\"https:\\\/\\\/algarve7.pt\\\/index.php\\\/2022\\\/12\\\/iniciativa-intergeracional-assinalou-dia-internacional-das-cidades-educadoras-em-loule\\\/atualidade\\\/13\\\/41\\\/\"},\"wordCount\":306,\"publisher\":{\"@id\":\"https:\\\/\\\/algarve7.pt\\\/#organization\"},\"image\":{\"@id\":\"https:\\\/\\\/algarve7.pt\\\/index.php\\\/2022\\\/12\\\/iniciativa-intergeracional-assinalou-dia-internacional-das-cidades-educadoras-em-loule\\\/atualidade\\\/13\\\/41\\\/#primaryimage\"},\"thumbnailUrl\":\"https:\\\/\\\/algarve7.pt\\\/wp-content\\\/uploads\\\/2022\\\/12\\\/Dia-Internacional-Cidade-Educadora-2022.jpg\",\"keywords\":[\"Algarve\",\"Atualidade\",\"Cidade Educadora\",\"Loul\u00e9\"],\"articleSection\":[\"Atualidade\"],\"inLanguage\":\"pt-PT\"},{\"@type\":\"WebPage\",\"@id\":\"https:\\\/\\\/algarve7.pt\\\/index.php\\\/2022\\\/12\\\/iniciativa-intergeracional-assinalou-dia-internacional-das-cidades-educadoras-em-loule\\\/atualidade\\\/13\\\/41\\\/\",\"url\":\"https:\\\/\\\/algarve7.pt\\\/index.php\\\/2022\\\/12\\\/iniciativa-intergeracional-assinalou-dia-internacional-das-cidades-educadoras-em-loule\\\/atualidade\\\/13\\\/41\\\/\",\"name\":\"Iniciativa intergeracional assinalou dia internacional das cidades educadoras em Loul\u00e9 - Algarve 7\",\"isPartOf\":{\"@id\":\"https:\\\/\\\/algarve7.pt\\\/#website\"},\"primaryImageOfPage\":{\"@id\":\"https:\\\/\\\/algarve7.pt\\\/index.php\\\/2022\\\/12\\\/iniciativa-intergeracional-assinalou-dia-internacional-das-cidades-educadoras-em-loule\\\/atualidade\\\/13\\\/41\\\/#primaryimage\"},\"image\":{\"@id\":\"https:\\\/\\\/algarve7.pt\\\/index.php\\\/2022\\\/12\\\/iniciativa-intergeracional-assinalou-dia-internacional-das-cidades-educadoras-em-loule\\\/atualidade\\\/13\\\/41\\\/#primaryimage\"},\"thumbnailUrl\":\"https:\\\/\\\/algarve7.pt\\\/wp-content\\\/uploads\\\/2022\\\/12\\\/Dia-Internacional-Cidade-Educadora-2022.jpg\",\"datePublished\":\"2022-12-05T13:41:30+00:00\",\"dateModified\":\"2022-12-05T13:41:33+00:00\",\"description\":\"Iniciativa intergeracional assinalou dia internacional das cidades educadoras em Loul\u00e9 Atualidade\",\"breadcrumb\":{\"@id\":\"https:\\\/\\\/algarve7.pt\\\/index.php\\\/2022\\\/12\\\/iniciativa-intergeracional-assinalou-dia-internacional-das-cidades-educadoras-em-loule\\\/atualidade\\\/13\\\/41\\\/#breadcrumb\"},\"inLanguage\":\"pt-PT\",\"potentialAction\":[{\"@type\":\"ReadAction\",\"target\":[\"https:\\\/\\\/algarve7.pt\\\/index.php\\\/2022\\\/12\\\/iniciativa-intergeracional-assinalou-dia-internacional-das-cidades-educadoras-em-loule\\\/atualidade\\\/13\\\/41\\\/\"]}]},{\"@type\":\"ImageObject\",\"inLanguage\":\"pt-PT\",\"@id\":\"https:\\\/\\\/algarve7.pt\\\/index.php\\\/2022\\\/12\\\/iniciativa-intergeracional-assinalou-dia-internacional-das-cidades-educadoras-em-loule\\\/atualidade\\\/13\\\/41\\\/#primaryimage\",\"url\":\"https:\\\/\\\/algarve7.pt\\\/wp-content\\\/uploads\\\/2022\\\/12\\\/Dia-Internacional-Cidade-Educadora-2022.jpg\",\"contentUrl\":\"https:\\\/\\\/algarve7.pt\\\/wp-content\\\/uploads\\\/2022\\\/12\\\/Dia-Internacional-Cidade-Educadora-2022.jpg\",\"width\":1024,\"height\":768},{\"@type\":\"BreadcrumbList\",\"@id\":\"https:\\\/\\\/algarve7.pt\\\/index.php\\\/2022\\\/12\\\/iniciativa-intergeracional-assinalou-dia-internacional-das-cidades-educadoras-em-loule\\\/atualidade\\\/13\\\/41\\\/#breadcrumb\",\"itemListElement\":[{\"@type\":\"ListItem\",\"position\":1,\"name\":\"In\u00edcio\",\"item\":\"https:\\\/\\\/algarve7.pt\\\/\"},{\"@type\":\"ListItem\",\"position\":2,\"name\":\"Iniciativa intergeracional assinalou dia internacional das cidades educadoras em Loul\u00e9\"}]},{\"@type\":\"WebSite\",\"@id\":\"https:\\\/\\\/algarve7.pt\\\/#website\",\"url\":\"https:\\\/\\\/algarve7.pt\\\/\",\"name\":\"Algarve 7\",\"description\":\"Informa\u00e7\u00e3o sobre o Algarve\",\"publisher\":{\"@id\":\"https:\\\/\\\/algarve7.pt\\\/#organization\"},\"potentialAction\":[{\"@type\":\"SearchAction\",\"target\":{\"@type\":\"EntryPoint\",\"urlTemplate\":\"https:\\\/\\\/algarve7.pt\\\/?s={search_term_string}\"},\"query-input\":{\"@type\":\"PropertyValueSpecification\",\"valueRequired\":true,\"valueName\":\"search_term_string\"}}],\"inLanguage\":\"pt-PT\"},{\"@type\":\"Organization\",\"@id\":\"https:\\\/\\\/algarve7.pt\\\/#organization\",\"name\":\"Algarve 7\",\"url\":\"https:\\\/\\\/algarve7.pt\\\/\",\"logo\":{\"@type\":\"ImageObject\",\"inLanguage\":\"pt-PT\",\"@id\":\"https:\\\/\\\/algarve7.pt\\\/#\\\/schema\\\/logo\\\/image\\\/\",\"url\":\"https:\\\/\\\/algarve7.pt\\\/wp-content\\\/uploads\\\/2020\\\/10\\\/Logo-8.jpg\",\"contentUrl\":\"https:\\\/\\\/algarve7.pt\\\/wp-content\\\/uploads\\\/2020\\\/10\\\/Logo-8.jpg\",\"width\":1680,\"height\":1186,\"caption\":\"Algarve 7\"},\"image\":{\"@id\":\"https:\\\/\\\/algarve7.pt\\\/#\\\/schema\\\/logo\\\/image\\\/\"},\"sameAs\":[\"https:\\\/\\\/www.facebook.com\\\/algarve7\",\"https:\\\/\\\/x.com\\\/Algarvesete\",\"https:\\\/\\\/www.instagram.com\\\/jornalalgarve7\\\/\",\"https:\\\/\\\/www.linkedin.com\\\/company\\\/algarve7\",\"https:\\\/\\\/www.pinterest.pt\\\/geral0939\\\/_created\\\/\"]},{\"@type\":\"Person\",\"@id\":\"https:\\\/\\\/algarve7.pt\\\/#\\\/schema\\\/person\\\/23fa70681308e7b319a3204bcea45e0c\",\"name\":\"Algarve 7\",\"sameAs\":[\"https:\\\/\\\/algarve7.pt\",\"https:\\\/\\\/www.facebook.com\\\/algarve7\"],\"url\":\"https:\\\/\\\/algarve7.pt\\\/index.php\\\/author\\\/geralalgarve7-pt\\\/\"}]}<\/script>\n<!-- \/ Yoast SEO plugin. -->","yoast_head_json":{"title":"Iniciativa intergeracional assinalou dia internacional das cidades educadoras em Loul\u00e9 - Algarve 7","description":"Iniciativa intergeracional assinalou dia internacional das cidades educadoras em Loul\u00e9 Atualidade","robots":{"index":"index","follow":"follow","max-snippet":"max-snippet:-1","max-image-preview":"max-image-preview:large","max-video-preview":"max-video-preview:-1"},"canonical":"https:\/\/algarve7.pt\/index.php\/2022\/12\/iniciativa-intergeracional-assinalou-dia-internacional-das-cidades-educadoras-em-loule\/atualidade\/13\/41\/","og_locale":"pt_PT","og_type":"article","og_title":"Iniciativa intergeracional assinalou dia internacional das cidades educadoras em Loul\u00e9 - Algarve 7","og_description":"Iniciativa intergeracional assinalou dia internacional das cidades educadoras em Loul\u00e9 Atualidade","og_url":"https:\/\/algarve7.pt\/index.php\/2022\/12\/iniciativa-intergeracional-assinalou-dia-internacional-das-cidades-educadoras-em-loule\/atualidade\/13\/41\/","og_site_name":"Algarve 7","article_publisher":"https:\/\/www.facebook.com\/algarve7","article_author":"https:\/\/www.facebook.com\/algarve7","article_published_time":"2022-12-05T13:41:30+00:00","article_modified_time":"2022-12-05T13:41:33+00:00","og_image":[{"width":1024,"height":768,"url":"https:\/\/algarve7.pt\/wp-content\/uploads\/2022\/12\/Dia-Internacional-Cidade-Educadora-2022.jpg","type":"image\/jpeg"}],"author":"Algarve 7","twitter_card":"summary_large_image","twitter_creator":"@Algarvesete","twitter_site":"@Algarvesete","twitter_misc":{"Escrito por":"Algarve 7","Tempo estimado de leitura":"2 minutos"},"schema":{"@context":"https:\/\/schema.org","@graph":[{"@type":"Article","@id":"https:\/\/algarve7.pt\/index.php\/2022\/12\/iniciativa-intergeracional-assinalou-dia-internacional-das-cidades-educadoras-em-loule\/atualidade\/13\/41\/#article","isPartOf":{"@id":"https:\/\/algarve7.pt\/index.php\/2022\/12\/iniciativa-intergeracional-assinalou-dia-internacional-das-cidades-educadoras-em-loule\/atualidade\/13\/41\/"},"author":{"name":"Algarve 7","@id":"https:\/\/algarve7.pt\/#\/schema\/person\/23fa70681308e7b319a3204bcea45e0c"},"headline":"Iniciativa intergeracional assinalou dia internacional das cidades educadoras em Loul\u00e9","datePublished":"2022-12-05T13:41:30+00:00","dateModified":"2022-12-05T13:41:33+00:00","mainEntityOfPage":{"@id":"https:\/\/algarve7.pt\/index.php\/2022\/12\/iniciativa-intergeracional-assinalou-dia-internacional-das-cidades-educadoras-em-loule\/atualidade\/13\/41\/"},"wordCount":306,"publisher":{"@id":"https:\/\/algarve7.pt\/#organization"},"image":{"@id":"https:\/\/algarve7.pt\/index.php\/2022\/12\/iniciativa-intergeracional-assinalou-dia-internacional-das-cidades-educadoras-em-loule\/atualidade\/13\/41\/#primaryimage"},"thumbnailUrl":"https:\/\/algarve7.pt\/wp-content\/uploads\/2022\/12\/Dia-Internacional-Cidade-Educadora-2022.jpg","keywords":["Algarve","Atualidade","Cidade Educadora","Loul\u00e9"],"articleSection":["Atualidade"],"inLanguage":"pt-PT"},{"@type":"WebPage","@id":"https:\/\/algarve7.pt\/index.php\/2022\/12\/iniciativa-intergeracional-assinalou-dia-internacional-das-cidades-educadoras-em-loule\/atualidade\/13\/41\/","url":"https:\/\/algarve7.pt\/index.php\/2022\/12\/iniciativa-intergeracional-assinalou-dia-internacional-das-cidades-educadoras-em-loule\/atualidade\/13\/41\/","name":"Iniciativa intergeracional assinalou dia internacional das cidades educadoras em Loul\u00e9 - Algarve 7","isPartOf":{"@id":"https:\/\/algarve7.pt\/#website"},"primaryImageOfPage":{"@id":"https:\/\/algarve7.pt\/index.php\/2022\/12\/iniciativa-intergeracional-assinalou-dia-internacional-das-cidades-educadoras-em-loule\/atualidade\/13\/41\/#primaryimage"},"image":{"@id":"https:\/\/algarve7.pt\/index.php\/2022\/12\/iniciativa-intergeracional-assinalou-dia-internacional-das-cidades-educadoras-em-loule\/atualidade\/13\/41\/#primaryimage"},"thumbnailUrl":"https:\/\/algarve7.pt\/wp-content\/uploads\/2022\/12\/Dia-Internacional-Cidade-Educadora-2022.jpg","datePublished":"2022-12-05T13:41:30+00:00","dateModified":"2022-12-05T13:41:33+00:00","description":"Iniciativa intergeracional assinalou dia internacional das cidades educadoras em Loul\u00e9 Atualidade","breadcrumb":{"@id":"https:\/\/algarve7.pt\/index.php\/2022\/12\/iniciativa-intergeracional-assinalou-dia-internacional-das-cidades-educadoras-em-loule\/atualidade\/13\/41\/#breadcrumb"},"inLanguage":"pt-PT","potentialAction":[{"@type":"ReadAction","target":["https:\/\/algarve7.pt\/index.php\/2022\/12\/iniciativa-intergeracional-assinalou-dia-internacional-das-cidades-educadoras-em-loule\/atualidade\/13\/41\/"]}]},{"@type":"ImageObject","inLanguage":"pt-PT","@id":"https:\/\/algarve7.pt\/index.php\/2022\/12\/iniciativa-intergeracional-assinalou-dia-internacional-das-cidades-educadoras-em-loule\/atualidade\/13\/41\/#primaryimage","url":"https:\/\/algarve7.pt\/wp-content\/uploads\/2022\/12\/Dia-Internacional-Cidade-Educadora-2022.jpg","contentUrl":"https:\/\/algarve7.pt\/wp-content\/uploads\/2022\/12\/Dia-Internacional-Cidade-Educadora-2022.jpg","width":1024,"height":768},{"@type":"BreadcrumbList","@id":"https:\/\/algarve7.pt\/index.php\/2022\/12\/iniciativa-intergeracional-assinalou-dia-internacional-das-cidades-educadoras-em-loule\/atualidade\/13\/41\/#breadcrumb","itemListElement":[{"@type":"ListItem","position":1,"name":"In\u00edcio","item":"https:\/\/algarve7.pt\/"},{"@type":"ListItem","position":2,"name":"Iniciativa intergeracional assinalou dia internacional das cidades educadoras em Loul\u00e9"}]},{"@type":"WebSite","@id":"https:\/\/algarve7.pt\/#website","url":"https:\/\/algarve7.pt\/","name":"Algarve 7","description":"Informa\u00e7\u00e3o sobre o Algarve","publisher":{"@id":"https:\/\/algarve7.pt\/#organization"},"potentialAction":[{"@type":"SearchAction","target":{"@type":"EntryPoint","urlTemplate":"https:\/\/algarve7.pt\/?s={search_term_string}"},"query-input":{"@type":"PropertyValueSpecification","valueRequired":true,"valueName":"search_term_string"}}],"inLanguage":"pt-PT"},{"@type":"Organization","@id":"https:\/\/algarve7.pt\/#organization","name":"Algarve 7","url":"https:\/\/algarve7.pt\/","logo":{"@type":"ImageObject","inLanguage":"pt-PT","@id":"https:\/\/algarve7.pt\/#\/schema\/logo\/image\/","url":"https:\/\/algarve7.pt\/wp-content\/uploads\/2020\/10\/Logo-8.jpg","contentUrl":"https:\/\/algarve7.pt\/wp-content\/uploads\/2020\/10\/Logo-8.jpg","width":1680,"height":1186,"caption":"Algarve 7"},"image":{"@id":"https:\/\/algarve7.pt\/#\/schema\/logo\/image\/"},"sameAs":["https:\/\/www.facebook.com\/algarve7","https:\/\/x.com\/Algarvesete","https:\/\/www.instagram.com\/jornalalgarve7\/","https:\/\/www.linkedin.com\/company\/algarve7","https:\/\/www.pinterest.pt\/geral0939\/_created\/"]},{"@type":"Person","@id":"https:\/\/algarve7.pt\/#\/schema\/person\/23fa70681308e7b319a3204bcea45e0c","name":"Algarve 7","sameAs":["https:\/\/algarve7.pt","https:\/\/www.facebook.com\/algarve7"],"url":"https:\/\/algarve7.pt\/index.php\/author\/geralalgarve7-pt\/"}]}},"jetpack_publicize_connections":[],"jetpack_featured_media_url":"https:\/\/algarve7.pt\/wp-content\/uploads\/2022\/12\/Dia-Internacional-Cidade-Educadora-2022.jpg","jetpack_shortlink":"https:\/\/wp.me\/pcezmW-6dQ","jetpack_sharing_enabled":true,"_links":{"self":[{"href":"https:\/\/algarve7.pt\/index.php\/wp-json\/wp\/v2\/posts\/23922","targetHints":{"allow":["GET"]}}],"collection":[{"href":"https:\/\/algarve7.pt\/index.php\/wp-json\/wp\/v2\/posts"}],"about":[{"href":"https:\/\/algarve7.pt\/index.php\/wp-json\/wp\/v2\/types\/post"}],"author":[{"embeddable":true,"href":"https:\/\/algarve7.pt\/index.php\/wp-json\/wp\/v2\/users\/1"}],"replies":[{"embeddable":true,"href":"https:\/\/algarve7.pt\/index.php\/wp-json\/wp\/v2\/comments?post=23922"}],"version-history":[{"count":0,"href":"https:\/\/algarve7.pt\/index.php\/wp-json\/wp\/v2\/posts\/23922\/revisions"}],"wp:featuredmedia":[{"embeddable":true,"href":"https:\/\/algarve7.pt\/index.php\/wp-json\/wp\/v2\/media\/23923"}],"wp:attachment":[{"href":"https:\/\/algarve7.pt\/index.php\/wp-json\/wp\/v2\/media?parent=23922"}],"wp:term":[{"taxonomy":"category","embeddable":true,"href":"https:\/\/algarve7.pt\/index.php\/wp-json\/wp\/v2\/categories?post=23922"},{"taxonomy":"post_tag","embeddable":true,"href":"https:\/\/algarve7.pt\/index.php\/wp-json\/wp\/v2\/tags?post=23922"}],"curies":[{"name":"wp","href":"https:\/\/api.w.org\/{rel}","templated":true}]}}