{"id":23918,"date":"2022-12-05T10:38:22","date_gmt":"2022-12-05T10:38:22","guid":{"rendered":"https:\/\/algarve7.pt\/?p=23918"},"modified":"2022-12-05T10:38:24","modified_gmt":"2022-12-05T10:38:24","slug":"cidades-saudaveis-reuniram-em-loule","status":"publish","type":"post","link":"https:\/\/algarve7.pt\/index.php\/2022\/12\/cidades-saudaveis-reuniram-em-loule\/atualidade\/10\/38\/","title":{"rendered":"Cidades saud\u00e1veis reuniram em Loul\u00e9"},"content":{"rendered":"\n<p>Sob o mote \u201c25 anos em Rede pela Sa\u00fade\u201d, perto de tr\u00eas dezenas de munic\u00edpios de todo o pa\u00eds marcaram presen\u00e7a em Loul\u00e9, no passado dia 30 de novembro, para participar na Assembleia Intermunicipal da Rede Portuguesa de Munic\u00edpios Saud\u00e1veis.<\/p>\n\n\n\n<p>Numa sess\u00e3o h\u00edbrida, em que alguns dos representantes estiveram presencialmente no Audit\u00f3rio do Solar da M\u00fasica Nova e outros acompanharam online, debateram-se tanto quest\u00f5es mais t\u00e9cnicas e financeiras como assuntos de interesse geral dos membros. Em rela\u00e7\u00e3o aos pontos da ordem do dia daquela que foi a \u00faltima reuni\u00e3o do ano, al\u00e9m da primeira proposta de revis\u00e3o or\u00e7amental de 2022, tamb\u00e9m o Plano de Atividades para 2023 esteve em destaque.<\/p>\n\n\n\n<p>A sess\u00e3o foi conduzida pelo presidente da rede, Paulo Silva, autarca do Seixal, e pelo presidente da Assembleia Intermunicipal de Viana do Castelo, Ricardo Rego, vice-presidente da C\u00e2mara Municipal de Viana do Castelo. Na mesa esteve tamb\u00e9m a anfitri\u00e3, Ana Machado, vice-presidente da C\u00e2mara Municipal de Loul\u00e9.<\/p>\n\n\n\n<p>Dar continuidade \u00e0s linhas de a\u00e7\u00e3o que at\u00e9 aqui t\u00eam sido seguidas \u00e9 o grande objetivo desta Rede para o ano que se avizinha, nomeadamente no refor\u00e7o do trabalho a quatro n\u00edveis: crescimento do n\u00famero de parceiros, consolida\u00e7\u00e3o dos projetos, divulga\u00e7\u00e3o e avalia\u00e7\u00e3o dos resultados.<\/p>\n\n\n\n<p>A constitui\u00e7\u00e3o de uma Rede Lus\u00f3fona de Cidades Saud\u00e1veis, no seguimento da coopera\u00e7\u00e3o que est\u00e1 j\u00e1 a ser feita com pa\u00edses como Angola, Brasil e Cabo Verde, o reconhecimento da Rede junto do Minist\u00e9rio da Sa\u00fade para possibilitar aceder a financiamento, a participa\u00e7\u00e3o na VII Fase da Rede Europeia de Cidades Saud\u00e1veis da Organiza\u00e7\u00e3o Mundial da Sa\u00fade, a cria\u00e7\u00e3o da comiss\u00e3o de acompanhamento do Plano Nacional de Sa\u00fade, o refor\u00e7o do trabalho intermunicipal e investimento em produtos e plataformas de comunica\u00e7\u00e3o e divulga\u00e7\u00e3o s\u00e3o algumas das atividades propostas.<\/p>\n\n\n\n<p>O or\u00e7amento da receita para 2023 \u00e9 de 181.110,31\u20ac, sendo que 42.000,00\u20ac ser\u00e3o canalizados para um dos grandes desideratos: o&nbsp;Projeto&nbsp;&#8220;Atlas da Sa\u00fade da Rede Portuguesa de Munic\u00edpios Saud\u00e1veis&#8221;. Este projeto compreende a cria\u00e7\u00e3o de uma plataforma de conhecimento online, em que vai ser poss\u00edvel caracterizar o estado da sa\u00fade nos munic\u00edpios, obtendo dados estat\u00edsticos georreferenciados e atualiz\u00e1veis ao longo dos anos.<\/p>\n\n\n\n<p>Trata-se de uma iniciativa \u201cmultifatorial de sa\u00fade e qualidade de vida\u201d que, prev\u00ea-se, ficar\u00e1 conclu\u00edda no primeiro trimestre de 2023. \u201c\u00c9 uma ferramenta de trabalho muito importante para os munic\u00edpios, para que cada um veja quais s\u00e3o as suas fragilidades. Tem que haver uma monitoriza\u00e7\u00e3o e acompanhamento para o Atlas n\u00e3o ficar desatualizado, queremos que seja din\u00e2mico e nos permita ver como vai ser a evolu\u00e7\u00e3o\u201d, considerou o presidente da Rede, Paulo Silva.<\/p>\n\n\n\n<p>A Rede Portuguesa de Munic\u00edpios Saud\u00e1veis \u00e9 um f\u00f3rum de partilha e de discuss\u00e3o de quest\u00f5es com impacto na sa\u00fade e qualidade de vida das pessoas. A sua miss\u00e3o \u00e9 apoiar a divulga\u00e7\u00e3o, implementa\u00e7\u00e3o e desenvolvimento do projeto Cidades Saud\u00e1veis nos munic\u00edpios que pretendam assumir a promo\u00e7\u00e3o da sa\u00fade como uma prioridade da agenda dos decisores pol\u00edticos.<\/p>\n\n\n\n<p>Os seus objetivos estrat\u00e9gicos sustentam-se na melhoria da sa\u00fade para todos e redu\u00e7\u00e3o das desigualdades em sa\u00fade e, por outro lado, melhoria da lideran\u00e7a e da governan\u00e7a participativa para a sa\u00fade.<\/p>\n","protected":false},"excerpt":{"rendered":"<p>Sob o mote \u201c25 anos em Rede pela Sa\u00fade\u201d, perto de tr\u00eas dezenas de munic\u00edpios de todo o pa\u00eds marcaram<\/p>\n","protected":false},"author":1,"featured_media":23919,"comment_status":"closed","ping_status":"open","sticky":false,"template":"","format":"standard","meta":{"colormag_page_container_layout":"default_layout","colormag_page_sidebar_layout":"default_layout","_monsterinsights_skip_tracking":false,"_monsterinsights_sitenote_active":false,"_monsterinsights_sitenote_note":"","_monsterinsights_sitenote_category":0,"jetpack_post_was_ever_published":false,"_jetpack_newsletter_access":"","_jetpack_dont_email_post_to_subs":false,"_jetpack_newsletter_tier_id":0,"_jetpack_memberships_contains_paywalled_content":false,"_jetpack_memberships_contains_paid_content":false,"footnotes":"","jetpack_publicize_message":"","jetpack_publicize_feature_enabled":true,"jetpack_social_post_already_shared":true,"jetpack_social_options":{"image_generator_settings":{"template":"highway","default_image_id":0,"font":"","enabled":false},"version":2}},"categories":[11],"tags":[36,62,31],"class_list":["post-23918","post","type-post","status-publish","format-standard","has-post-thumbnail","hentry","category-atualidade","tag-algarve","tag-atualidade","tag-loule"],"yoast_head":"<!-- This site is optimized with the Yoast SEO plugin v27.5 - https:\/\/yoast.com\/product\/yoast-seo-wordpress\/ -->\n<title>Cidades saud\u00e1veis reuniram em Loul\u00e9 - Algarve 7<\/title>\n<meta name=\"description\" content=\"Cidades saud\u00e1veis reuniram em Loul\u00e9 Atualidade\" \/>\n<meta name=\"robots\" content=\"index, follow, max-snippet:-1, max-image-preview:large, max-video-preview:-1\" \/>\n<link rel=\"canonical\" href=\"https:\/\/algarve7.pt\/index.php\/2022\/12\/cidades-saudaveis-reuniram-em-loule\/atualidade\/10\/38\/\" \/>\n<meta property=\"og:locale\" content=\"pt_PT\" \/>\n<meta property=\"og:type\" content=\"article\" \/>\n<meta property=\"og:title\" content=\"Cidades saud\u00e1veis reuniram em Loul\u00e9 - Algarve 7\" \/>\n<meta property=\"og:description\" content=\"Cidades saud\u00e1veis reuniram em Loul\u00e9 Atualidade\" \/>\n<meta property=\"og:url\" content=\"https:\/\/algarve7.pt\/index.php\/2022\/12\/cidades-saudaveis-reuniram-em-loule\/atualidade\/10\/38\/\" \/>\n<meta property=\"og:site_name\" content=\"Algarve 7\" \/>\n<meta property=\"article:publisher\" content=\"https:\/\/www.facebook.com\/algarve7\" \/>\n<meta property=\"article:author\" content=\"https:\/\/www.facebook.com\/algarve7\" \/>\n<meta property=\"article:published_time\" content=\"2022-12-05T10:38:22+00:00\" \/>\n<meta property=\"article:modified_time\" content=\"2022-12-05T10:38:24+00:00\" \/>\n<meta property=\"og:image\" content=\"https:\/\/algarve7.pt\/wp-content\/uploads\/2022\/12\/Encontro-da-RPMS-em-Loule-30-11-2022-33.jpg\" \/>\n\t<meta property=\"og:image:width\" content=\"1024\" \/>\n\t<meta property=\"og:image:height\" content=\"683\" \/>\n\t<meta property=\"og:image:type\" content=\"image\/jpeg\" \/>\n<meta name=\"author\" content=\"Algarve 7\" \/>\n<meta name=\"twitter:card\" content=\"summary_large_image\" \/>\n<meta name=\"twitter:creator\" content=\"@Algarvesete\" \/>\n<meta name=\"twitter:site\" content=\"@Algarvesete\" \/>\n<meta name=\"twitter:label1\" content=\"Escrito por\" \/>\n\t<meta name=\"twitter:data1\" content=\"Algarve 7\" \/>\n\t<meta name=\"twitter:label2\" content=\"Tempo estimado de leitura\" \/>\n\t<meta name=\"twitter:data2\" content=\"3 minutos\" \/>\n<script type=\"application\/ld+json\" class=\"yoast-schema-graph\">{\"@context\":\"https:\\\/\\\/schema.org\",\"@graph\":[{\"@type\":\"Article\",\"@id\":\"https:\\\/\\\/algarve7.pt\\\/index.php\\\/2022\\\/12\\\/cidades-saudaveis-reuniram-em-loule\\\/atualidade\\\/10\\\/38\\\/#article\",\"isPartOf\":{\"@id\":\"https:\\\/\\\/algarve7.pt\\\/index.php\\\/2022\\\/12\\\/cidades-saudaveis-reuniram-em-loule\\\/atualidade\\\/10\\\/38\\\/\"},\"author\":{\"name\":\"Algarve 7\",\"@id\":\"https:\\\/\\\/algarve7.pt\\\/#\\\/schema\\\/person\\\/23fa70681308e7b319a3204bcea45e0c\"},\"headline\":\"Cidades saud\u00e1veis reuniram em Loul\u00e9\",\"datePublished\":\"2022-12-05T10:38:22+00:00\",\"dateModified\":\"2022-12-05T10:38:24+00:00\",\"mainEntityOfPage\":{\"@id\":\"https:\\\/\\\/algarve7.pt\\\/index.php\\\/2022\\\/12\\\/cidades-saudaveis-reuniram-em-loule\\\/atualidade\\\/10\\\/38\\\/\"},\"wordCount\":599,\"publisher\":{\"@id\":\"https:\\\/\\\/algarve7.pt\\\/#organization\"},\"image\":{\"@id\":\"https:\\\/\\\/algarve7.pt\\\/index.php\\\/2022\\\/12\\\/cidades-saudaveis-reuniram-em-loule\\\/atualidade\\\/10\\\/38\\\/#primaryimage\"},\"thumbnailUrl\":\"https:\\\/\\\/algarve7.pt\\\/wp-content\\\/uploads\\\/2022\\\/12\\\/Encontro-da-RPMS-em-Loule-30-11-2022-33.jpg\",\"keywords\":[\"Algarve\",\"Atualidade\",\"Loul\u00e9\"],\"articleSection\":[\"Atualidade\"],\"inLanguage\":\"pt-PT\"},{\"@type\":\"WebPage\",\"@id\":\"https:\\\/\\\/algarve7.pt\\\/index.php\\\/2022\\\/12\\\/cidades-saudaveis-reuniram-em-loule\\\/atualidade\\\/10\\\/38\\\/\",\"url\":\"https:\\\/\\\/algarve7.pt\\\/index.php\\\/2022\\\/12\\\/cidades-saudaveis-reuniram-em-loule\\\/atualidade\\\/10\\\/38\\\/\",\"name\":\"Cidades saud\u00e1veis reuniram em Loul\u00e9 - Algarve 7\",\"isPartOf\":{\"@id\":\"https:\\\/\\\/algarve7.pt\\\/#website\"},\"primaryImageOfPage\":{\"@id\":\"https:\\\/\\\/algarve7.pt\\\/index.php\\\/2022\\\/12\\\/cidades-saudaveis-reuniram-em-loule\\\/atualidade\\\/10\\\/38\\\/#primaryimage\"},\"image\":{\"@id\":\"https:\\\/\\\/algarve7.pt\\\/index.php\\\/2022\\\/12\\\/cidades-saudaveis-reuniram-em-loule\\\/atualidade\\\/10\\\/38\\\/#primaryimage\"},\"thumbnailUrl\":\"https:\\\/\\\/algarve7.pt\\\/wp-content\\\/uploads\\\/2022\\\/12\\\/Encontro-da-RPMS-em-Loule-30-11-2022-33.jpg\",\"datePublished\":\"2022-12-05T10:38:22+00:00\",\"dateModified\":\"2022-12-05T10:38:24+00:00\",\"description\":\"Cidades saud\u00e1veis reuniram em Loul\u00e9 Atualidade\",\"breadcrumb\":{\"@id\":\"https:\\\/\\\/algarve7.pt\\\/index.php\\\/2022\\\/12\\\/cidades-saudaveis-reuniram-em-loule\\\/atualidade\\\/10\\\/38\\\/#breadcrumb\"},\"inLanguage\":\"pt-PT\",\"potentialAction\":[{\"@type\":\"ReadAction\",\"target\":[\"https:\\\/\\\/algarve7.pt\\\/index.php\\\/2022\\\/12\\\/cidades-saudaveis-reuniram-em-loule\\\/atualidade\\\/10\\\/38\\\/\"]}]},{\"@type\":\"ImageObject\",\"inLanguage\":\"pt-PT\",\"@id\":\"https:\\\/\\\/algarve7.pt\\\/index.php\\\/2022\\\/12\\\/cidades-saudaveis-reuniram-em-loule\\\/atualidade\\\/10\\\/38\\\/#primaryimage\",\"url\":\"https:\\\/\\\/algarve7.pt\\\/wp-content\\\/uploads\\\/2022\\\/12\\\/Encontro-da-RPMS-em-Loule-30-11-2022-33.jpg\",\"contentUrl\":\"https:\\\/\\\/algarve7.pt\\\/wp-content\\\/uploads\\\/2022\\\/12\\\/Encontro-da-RPMS-em-Loule-30-11-2022-33.jpg\",\"width\":1024,\"height\":683},{\"@type\":\"BreadcrumbList\",\"@id\":\"https:\\\/\\\/algarve7.pt\\\/index.php\\\/2022\\\/12\\\/cidades-saudaveis-reuniram-em-loule\\\/atualidade\\\/10\\\/38\\\/#breadcrumb\",\"itemListElement\":[{\"@type\":\"ListItem\",\"position\":1,\"name\":\"In\u00edcio\",\"item\":\"https:\\\/\\\/algarve7.pt\\\/\"},{\"@type\":\"ListItem\",\"position\":2,\"name\":\"Cidades saud\u00e1veis reuniram em Loul\u00e9\"}]},{\"@type\":\"WebSite\",\"@id\":\"https:\\\/\\\/algarve7.pt\\\/#website\",\"url\":\"https:\\\/\\\/algarve7.pt\\\/\",\"name\":\"Algarve 7\",\"description\":\"Informa\u00e7\u00e3o sobre o Algarve\",\"publisher\":{\"@id\":\"https:\\\/\\\/algarve7.pt\\\/#organization\"},\"potentialAction\":[{\"@type\":\"SearchAction\",\"target\":{\"@type\":\"EntryPoint\",\"urlTemplate\":\"https:\\\/\\\/algarve7.pt\\\/?s={search_term_string}\"},\"query-input\":{\"@type\":\"PropertyValueSpecification\",\"valueRequired\":true,\"valueName\":\"search_term_string\"}}],\"inLanguage\":\"pt-PT\"},{\"@type\":\"Organization\",\"@id\":\"https:\\\/\\\/algarve7.pt\\\/#organization\",\"name\":\"Algarve 7\",\"url\":\"https:\\\/\\\/algarve7.pt\\\/\",\"logo\":{\"@type\":\"ImageObject\",\"inLanguage\":\"pt-PT\",\"@id\":\"https:\\\/\\\/algarve7.pt\\\/#\\\/schema\\\/logo\\\/image\\\/\",\"url\":\"https:\\\/\\\/algarve7.pt\\\/wp-content\\\/uploads\\\/2020\\\/10\\\/Logo-8.jpg\",\"contentUrl\":\"https:\\\/\\\/algarve7.pt\\\/wp-content\\\/uploads\\\/2020\\\/10\\\/Logo-8.jpg\",\"width\":1680,\"height\":1186,\"caption\":\"Algarve 7\"},\"image\":{\"@id\":\"https:\\\/\\\/algarve7.pt\\\/#\\\/schema\\\/logo\\\/image\\\/\"},\"sameAs\":[\"https:\\\/\\\/www.facebook.com\\\/algarve7\",\"https:\\\/\\\/x.com\\\/Algarvesete\",\"https:\\\/\\\/www.instagram.com\\\/jornalalgarve7\\\/\",\"https:\\\/\\\/www.linkedin.com\\\/company\\\/algarve7\",\"https:\\\/\\\/www.pinterest.pt\\\/geral0939\\\/_created\\\/\"]},{\"@type\":\"Person\",\"@id\":\"https:\\\/\\\/algarve7.pt\\\/#\\\/schema\\\/person\\\/23fa70681308e7b319a3204bcea45e0c\",\"name\":\"Algarve 7\",\"sameAs\":[\"https:\\\/\\\/algarve7.pt\",\"https:\\\/\\\/www.facebook.com\\\/algarve7\"],\"url\":\"https:\\\/\\\/algarve7.pt\\\/index.php\\\/author\\\/geralalgarve7-pt\\\/\"}]}<\/script>\n<!-- \/ Yoast SEO plugin. -->","yoast_head_json":{"title":"Cidades saud\u00e1veis reuniram em Loul\u00e9 - Algarve 7","description":"Cidades saud\u00e1veis reuniram em Loul\u00e9 Atualidade","robots":{"index":"index","follow":"follow","max-snippet":"max-snippet:-1","max-image-preview":"max-image-preview:large","max-video-preview":"max-video-preview:-1"},"canonical":"https:\/\/algarve7.pt\/index.php\/2022\/12\/cidades-saudaveis-reuniram-em-loule\/atualidade\/10\/38\/","og_locale":"pt_PT","og_type":"article","og_title":"Cidades saud\u00e1veis reuniram em Loul\u00e9 - Algarve 7","og_description":"Cidades saud\u00e1veis reuniram em Loul\u00e9 Atualidade","og_url":"https:\/\/algarve7.pt\/index.php\/2022\/12\/cidades-saudaveis-reuniram-em-loule\/atualidade\/10\/38\/","og_site_name":"Algarve 7","article_publisher":"https:\/\/www.facebook.com\/algarve7","article_author":"https:\/\/www.facebook.com\/algarve7","article_published_time":"2022-12-05T10:38:22+00:00","article_modified_time":"2022-12-05T10:38:24+00:00","og_image":[{"width":1024,"height":683,"url":"https:\/\/algarve7.pt\/wp-content\/uploads\/2022\/12\/Encontro-da-RPMS-em-Loule-30-11-2022-33.jpg","type":"image\/jpeg"}],"author":"Algarve 7","twitter_card":"summary_large_image","twitter_creator":"@Algarvesete","twitter_site":"@Algarvesete","twitter_misc":{"Escrito por":"Algarve 7","Tempo estimado de leitura":"3 minutos"},"schema":{"@context":"https:\/\/schema.org","@graph":[{"@type":"Article","@id":"https:\/\/algarve7.pt\/index.php\/2022\/12\/cidades-saudaveis-reuniram-em-loule\/atualidade\/10\/38\/#article","isPartOf":{"@id":"https:\/\/algarve7.pt\/index.php\/2022\/12\/cidades-saudaveis-reuniram-em-loule\/atualidade\/10\/38\/"},"author":{"name":"Algarve 7","@id":"https:\/\/algarve7.pt\/#\/schema\/person\/23fa70681308e7b319a3204bcea45e0c"},"headline":"Cidades saud\u00e1veis reuniram em Loul\u00e9","datePublished":"2022-12-05T10:38:22+00:00","dateModified":"2022-12-05T10:38:24+00:00","mainEntityOfPage":{"@id":"https:\/\/algarve7.pt\/index.php\/2022\/12\/cidades-saudaveis-reuniram-em-loule\/atualidade\/10\/38\/"},"wordCount":599,"publisher":{"@id":"https:\/\/algarve7.pt\/#organization"},"image":{"@id":"https:\/\/algarve7.pt\/index.php\/2022\/12\/cidades-saudaveis-reuniram-em-loule\/atualidade\/10\/38\/#primaryimage"},"thumbnailUrl":"https:\/\/algarve7.pt\/wp-content\/uploads\/2022\/12\/Encontro-da-RPMS-em-Loule-30-11-2022-33.jpg","keywords":["Algarve","Atualidade","Loul\u00e9"],"articleSection":["Atualidade"],"inLanguage":"pt-PT"},{"@type":"WebPage","@id":"https:\/\/algarve7.pt\/index.php\/2022\/12\/cidades-saudaveis-reuniram-em-loule\/atualidade\/10\/38\/","url":"https:\/\/algarve7.pt\/index.php\/2022\/12\/cidades-saudaveis-reuniram-em-loule\/atualidade\/10\/38\/","name":"Cidades saud\u00e1veis reuniram em Loul\u00e9 - Algarve 7","isPartOf":{"@id":"https:\/\/algarve7.pt\/#website"},"primaryImageOfPage":{"@id":"https:\/\/algarve7.pt\/index.php\/2022\/12\/cidades-saudaveis-reuniram-em-loule\/atualidade\/10\/38\/#primaryimage"},"image":{"@id":"https:\/\/algarve7.pt\/index.php\/2022\/12\/cidades-saudaveis-reuniram-em-loule\/atualidade\/10\/38\/#primaryimage"},"thumbnailUrl":"https:\/\/algarve7.pt\/wp-content\/uploads\/2022\/12\/Encontro-da-RPMS-em-Loule-30-11-2022-33.jpg","datePublished":"2022-12-05T10:38:22+00:00","dateModified":"2022-12-05T10:38:24+00:00","description":"Cidades saud\u00e1veis reuniram em Loul\u00e9 Atualidade","breadcrumb":{"@id":"https:\/\/algarve7.pt\/index.php\/2022\/12\/cidades-saudaveis-reuniram-em-loule\/atualidade\/10\/38\/#breadcrumb"},"inLanguage":"pt-PT","potentialAction":[{"@type":"ReadAction","target":["https:\/\/algarve7.pt\/index.php\/2022\/12\/cidades-saudaveis-reuniram-em-loule\/atualidade\/10\/38\/"]}]},{"@type":"ImageObject","inLanguage":"pt-PT","@id":"https:\/\/algarve7.pt\/index.php\/2022\/12\/cidades-saudaveis-reuniram-em-loule\/atualidade\/10\/38\/#primaryimage","url":"https:\/\/algarve7.pt\/wp-content\/uploads\/2022\/12\/Encontro-da-RPMS-em-Loule-30-11-2022-33.jpg","contentUrl":"https:\/\/algarve7.pt\/wp-content\/uploads\/2022\/12\/Encontro-da-RPMS-em-Loule-30-11-2022-33.jpg","width":1024,"height":683},{"@type":"BreadcrumbList","@id":"https:\/\/algarve7.pt\/index.php\/2022\/12\/cidades-saudaveis-reuniram-em-loule\/atualidade\/10\/38\/#breadcrumb","itemListElement":[{"@type":"ListItem","position":1,"name":"In\u00edcio","item":"https:\/\/algarve7.pt\/"},{"@type":"ListItem","position":2,"name":"Cidades saud\u00e1veis reuniram em Loul\u00e9"}]},{"@type":"WebSite","@id":"https:\/\/algarve7.pt\/#website","url":"https:\/\/algarve7.pt\/","name":"Algarve 7","description":"Informa\u00e7\u00e3o sobre o Algarve","publisher":{"@id":"https:\/\/algarve7.pt\/#organization"},"potentialAction":[{"@type":"SearchAction","target":{"@type":"EntryPoint","urlTemplate":"https:\/\/algarve7.pt\/?s={search_term_string}"},"query-input":{"@type":"PropertyValueSpecification","valueRequired":true,"valueName":"search_term_string"}}],"inLanguage":"pt-PT"},{"@type":"Organization","@id":"https:\/\/algarve7.pt\/#organization","name":"Algarve 7","url":"https:\/\/algarve7.pt\/","logo":{"@type":"ImageObject","inLanguage":"pt-PT","@id":"https:\/\/algarve7.pt\/#\/schema\/logo\/image\/","url":"https:\/\/algarve7.pt\/wp-content\/uploads\/2020\/10\/Logo-8.jpg","contentUrl":"https:\/\/algarve7.pt\/wp-content\/uploads\/2020\/10\/Logo-8.jpg","width":1680,"height":1186,"caption":"Algarve 7"},"image":{"@id":"https:\/\/algarve7.pt\/#\/schema\/logo\/image\/"},"sameAs":["https:\/\/www.facebook.com\/algarve7","https:\/\/x.com\/Algarvesete","https:\/\/www.instagram.com\/jornalalgarve7\/","https:\/\/www.linkedin.com\/company\/algarve7","https:\/\/www.pinterest.pt\/geral0939\/_created\/"]},{"@type":"Person","@id":"https:\/\/algarve7.pt\/#\/schema\/person\/23fa70681308e7b319a3204bcea45e0c","name":"Algarve 7","sameAs":["https:\/\/algarve7.pt","https:\/\/www.facebook.com\/algarve7"],"url":"https:\/\/algarve7.pt\/index.php\/author\/geralalgarve7-pt\/"}]}},"jetpack_publicize_connections":[],"jetpack_featured_media_url":"https:\/\/algarve7.pt\/wp-content\/uploads\/2022\/12\/Encontro-da-RPMS-em-Loule-30-11-2022-33.jpg","jetpack_shortlink":"https:\/\/wp.me\/pcezmW-6dM","jetpack_sharing_enabled":true,"_links":{"self":[{"href":"https:\/\/algarve7.pt\/index.php\/wp-json\/wp\/v2\/posts\/23918","targetHints":{"allow":["GET"]}}],"collection":[{"href":"https:\/\/algarve7.pt\/index.php\/wp-json\/wp\/v2\/posts"}],"about":[{"href":"https:\/\/algarve7.pt\/index.php\/wp-json\/wp\/v2\/types\/post"}],"author":[{"embeddable":true,"href":"https:\/\/algarve7.pt\/index.php\/wp-json\/wp\/v2\/users\/1"}],"replies":[{"embeddable":true,"href":"https:\/\/algarve7.pt\/index.php\/wp-json\/wp\/v2\/comments?post=23918"}],"version-history":[{"count":0,"href":"https:\/\/algarve7.pt\/index.php\/wp-json\/wp\/v2\/posts\/23918\/revisions"}],"wp:featuredmedia":[{"embeddable":true,"href":"https:\/\/algarve7.pt\/index.php\/wp-json\/wp\/v2\/media\/23919"}],"wp:attachment":[{"href":"https:\/\/algarve7.pt\/index.php\/wp-json\/wp\/v2\/media?parent=23918"}],"wp:term":[{"taxonomy":"category","embeddable":true,"href":"https:\/\/algarve7.pt\/index.php\/wp-json\/wp\/v2\/categories?post=23918"},{"taxonomy":"post_tag","embeddable":true,"href":"https:\/\/algarve7.pt\/index.php\/wp-json\/wp\/v2\/tags?post=23918"}],"curies":[{"name":"wp","href":"https:\/\/api.w.org\/{rel}","templated":true}]}}