{"id":23662,"date":"2022-11-25T08:20:01","date_gmt":"2022-11-25T08:20:01","guid":{"rendered":"https:\/\/algarve7.pt\/?p=23662"},"modified":"2022-11-25T08:20:03","modified_gmt":"2022-11-25T08:20:03","slug":"lagos-recebeu-as-comemoracoes-dos-10-anos-do-projeto-centros-de-formacao-do-desporto-escolar","status":"publish","type":"post","link":"https:\/\/algarve7.pt\/index.php\/2022\/11\/lagos-recebeu-as-comemoracoes-dos-10-anos-do-projeto-centros-de-formacao-do-desporto-escolar\/desporto\/08\/20\/","title":{"rendered":"Lagos recebeu as comemora\u00e7\u00f5es dos 10 anos do Projeto &#8220;Centros de Forma\u00e7\u00e3o do Desporto Escolar&#8221;"},"content":{"rendered":"\n<p>A fim de assinalar os 10 anos da cria\u00e7\u00e3o do Projeto &#8220;Centros de Forma\u00e7\u00e3o Desportiva do Desporto Escolar (CFDDE)&#8221;, a Dire\u00e7\u00e3o-Geral da Educa\u00e7\u00e3o e a Dire\u00e7\u00e3o-Geral dos Estabelecimentos Escolares, com apoio da C\u00e2mara Municipal de Lagos, promoveu no dia 23 de novembro, em Lagos, a sess\u00e3o protocolar e comemorativa, na qual esteve presente o Ministro da Educa\u00e7\u00e3o, Jo\u00e3o Costa.<\/p>\n\n\n\n<p>Cerca de 260 pessoas estiveram presentes na cerim\u00f3nia e tiveram a oportunidade de testemunhar as evid\u00eancias sobre a elevada import\u00e2ncia estrat\u00e9gica dos CFDDE que, ao longo do per\u00edodo da sua exist\u00eancia, t\u00eam&nbsp;assumido um papel vital na promo\u00e7\u00e3o da pr\u00e1tica desportiva das modalidades abrangidas, bem como no contributo para a ativa e eficiente implementa\u00e7\u00e3o de boas pr\u00e1ticas de inclus\u00e3o, valoriza\u00e7\u00e3o do&nbsp;ambiente e da sustentabilidade e para a promo\u00e7\u00e3o da coes\u00e3o territorial e social.<\/p>\n\n\n\n<p>O papel dos CFDDE foi destacado pelos diferentes oradores da sess\u00e3o, com destaque para a interven\u00e7\u00e3o do Ministro da Educa\u00e7\u00e3o, que centrou o seu discurso nos impactos gerados por este projeto, a n\u00edvel nacional e em diferentes dom\u00ednios, desde o desenvolvimento desportivo, \u00e0s aprendizagens motoras e cognitivas, passando pela aquisi\u00e7\u00e3o de compet\u00eancias sociais e de cidadania e pela inclus\u00e3o. O Ministro da Educa\u00e7\u00e3o, Jo\u00e3o Costa, destacou ainda a import\u00e2ncia dos CFDE no contributo dado para a promo\u00e7\u00e3o de oportunidades para todos e para o desenvolvimento ao n\u00edvel da&nbsp;coes\u00e3o territorial, traduzida no envolvimento de in\u00fameras escolas e entidades parceiras, como as autarquias, as federa\u00e7\u00f5es desportivas e demais organiza\u00e7\u00f5es locais e regionais.<\/p>\n\n\n\n<p>Neste contexto, o Presidente da C\u00e2mara Municipal de Lagos, importante parceira deste evento, tamb\u00e9m salientou o trabalho desenvolvido pelos CFDE, centrando ainda a sua interven\u00e7\u00e3o no papel que as autarquias t\u00eam assumido no apoio ao desenvolvimento desportivo e na rela\u00e7\u00e3o positiva que tem sido desenvolvida entre a autarquia de Lagos e o Desporto Escolar.<\/p>\n\n\n\n<p>A cerim\u00f3nia contou ainda com a participa\u00e7\u00e3o de Pedro Cunha, um dos pioneiros e impulsionadores deste projeto CFDDE, quando h\u00e1 10 anos exercia as fun\u00e7\u00f5es de subdiretor da Dire\u00e7\u00e3o-geral da Educa\u00e7\u00e3o, tendo sido convidado para apresentar uma comunica\u00e7\u00e3o sobre \u201cCFDDE novas perspetivas para a Coes\u00e3o territorial e Equidade social\u201d.<\/p>\n\n\n\n<p>Esta sess\u00e3o comemorativa teve a particularidade de incluir a&nbsp;assinatura de protocolos com cinco novos agrupamentos de escolas, que passaram a integrar a rede nacional dos CFDDE, a qual passa a contar com 78 centros nomeadamente, 64 de desportos n\u00e1uticos (Vela, Remo,&nbsp;Canoagem e&nbsp;<em>Surfing<\/em>) e 14 n\u00e3o n\u00e1uticos (Atletismo, Golfe e Nata\u00e7\u00e3o).&nbsp;Foram ainda distinguidas as entidades e organiza\u00e7\u00f5es parceiras que mais contribu\u00edram e colaboraram para o desenvolvimento deste projeto.&nbsp;A seguir \u00e0 sess\u00e3o protocolar, as entidades convidadas tiveram a oportunidade de visitar as atividades dinamizadas pelos dois CFDDE de Lagos (AE J\u00falio Dantas, com vela e o AE Gil Eanes, com Surfing).&nbsp;<\/p>\n\n\n\n<p>Para o munic\u00edpio de Lagos, foi um enorme prazer acolher a iniciativa de \u00e2mbito nacional, a qual refor\u00e7a e valoriza o papel das pr\u00e1ticas desportivas e vida ativa junto de crian\u00e7as e jovens em idade formativa, alinhada com as atuais estrat\u00e9gias da autarquia no que toca ao desenvolvimento das \u00e1reas da Educa\u00e7\u00e3o e do Desporto.<\/p>\n","protected":false},"excerpt":{"rendered":"<p>A fim de assinalar os 10 anos da cria\u00e7\u00e3o do Projeto &#8220;Centros de Forma\u00e7\u00e3o Desportiva do Desporto Escolar (CFDDE)&#8221;, a<\/p>\n","protected":false},"author":1,"featured_media":23663,"comment_status":"closed","ping_status":"open","sticky":false,"template":"","format":"standard","meta":{"colormag_page_container_layout":"default_layout","colormag_page_sidebar_layout":"default_layout","_monsterinsights_skip_tracking":false,"_monsterinsights_sitenote_active":false,"_monsterinsights_sitenote_note":"","_monsterinsights_sitenote_category":0,"jetpack_post_was_ever_published":false,"_jetpack_newsletter_access":"","_jetpack_dont_email_post_to_subs":false,"_jetpack_newsletter_tier_id":0,"_jetpack_memberships_contains_paywalled_content":false,"_jetpack_memberships_contains_paid_content":false,"footnotes":"","jetpack_publicize_message":"","jetpack_publicize_feature_enabled":true,"jetpack_social_post_already_shared":true,"jetpack_social_options":{"image_generator_settings":{"template":"highway","default_image_id":0,"font":"","enabled":false},"version":2}},"categories":[15],"tags":[36,40,74,68],"class_list":["post-23662","post","type-post","status-publish","format-standard","has-post-thumbnail","hentry","category-desporto","tag-algarve","tag-desporto","tag-educacao","tag-lagos"],"yoast_head":"<!-- This site is optimized with the Yoast SEO plugin v27.5 - https:\/\/yoast.com\/product\/yoast-seo-wordpress\/ -->\n<title>Lagos recebeu as comemora\u00e7\u00f5es dos 10 anos do Projeto &quot;Centros de Forma\u00e7\u00e3o do Desporto Escolar&quot; - Algarve 7<\/title>\n<meta name=\"description\" content=\"Lagos recebeu as comemora\u00e7\u00f5es dos 10 anos do Projeto &quot;Centros de Forma\u00e7\u00e3o do Desporto Escolar&quot; Desporto\" \/>\n<meta name=\"robots\" content=\"index, follow, max-snippet:-1, max-image-preview:large, max-video-preview:-1\" \/>\n<link rel=\"canonical\" href=\"https:\/\/algarve7.pt\/index.php\/2022\/11\/lagos-recebeu-as-comemoracoes-dos-10-anos-do-projeto-centros-de-formacao-do-desporto-escolar\/desporto\/08\/20\/\" \/>\n<meta property=\"og:locale\" content=\"pt_PT\" \/>\n<meta property=\"og:type\" content=\"article\" \/>\n<meta property=\"og:title\" content=\"Lagos recebeu as comemora\u00e7\u00f5es dos 10 anos do Projeto &quot;Centros de Forma\u00e7\u00e3o do Desporto Escolar&quot; - Algarve 7\" \/>\n<meta property=\"og:description\" content=\"Lagos recebeu as comemora\u00e7\u00f5es dos 10 anos do Projeto &quot;Centros de Forma\u00e7\u00e3o do Desporto Escolar&quot; Desporto\" \/>\n<meta property=\"og:url\" content=\"https:\/\/algarve7.pt\/index.php\/2022\/11\/lagos-recebeu-as-comemoracoes-dos-10-anos-do-projeto-centros-de-formacao-do-desporto-escolar\/desporto\/08\/20\/\" \/>\n<meta property=\"og:site_name\" content=\"Algarve 7\" \/>\n<meta property=\"article:publisher\" content=\"https:\/\/www.facebook.com\/algarve7\" \/>\n<meta property=\"article:author\" content=\"https:\/\/www.facebook.com\/algarve7\" \/>\n<meta property=\"article:published_time\" content=\"2022-11-25T08:20:01+00:00\" \/>\n<meta property=\"article:modified_time\" content=\"2022-11-25T08:20:03+00:00\" \/>\n<meta property=\"og:image\" content=\"https:\/\/algarve7.pt\/wp-content\/uploads\/2022\/11\/l_encontro-cffde-3.jpg\" \/>\n\t<meta property=\"og:image:width\" content=\"800\" \/>\n\t<meta property=\"og:image:height\" content=\"533\" \/>\n\t<meta property=\"og:image:type\" content=\"image\/jpeg\" \/>\n<meta name=\"author\" content=\"Algarve 7\" \/>\n<meta name=\"twitter:card\" content=\"summary_large_image\" \/>\n<meta name=\"twitter:creator\" content=\"@Algarvesete\" \/>\n<meta name=\"twitter:site\" content=\"@Algarvesete\" \/>\n<meta name=\"twitter:label1\" content=\"Escrito por\" \/>\n\t<meta name=\"twitter:data1\" content=\"Algarve 7\" \/>\n\t<meta name=\"twitter:label2\" content=\"Tempo estimado de leitura\" \/>\n\t<meta name=\"twitter:data2\" content=\"3 minutos\" \/>\n<script type=\"application\/ld+json\" class=\"yoast-schema-graph\">{\"@context\":\"https:\\\/\\\/schema.org\",\"@graph\":[{\"@type\":\"Article\",\"@id\":\"https:\\\/\\\/algarve7.pt\\\/index.php\\\/2022\\\/11\\\/lagos-recebeu-as-comemoracoes-dos-10-anos-do-projeto-centros-de-formacao-do-desporto-escolar\\\/desporto\\\/08\\\/20\\\/#article\",\"isPartOf\":{\"@id\":\"https:\\\/\\\/algarve7.pt\\\/index.php\\\/2022\\\/11\\\/lagos-recebeu-as-comemoracoes-dos-10-anos-do-projeto-centros-de-formacao-do-desporto-escolar\\\/desporto\\\/08\\\/20\\\/\"},\"author\":{\"name\":\"Algarve 7\",\"@id\":\"https:\\\/\\\/algarve7.pt\\\/#\\\/schema\\\/person\\\/23fa70681308e7b319a3204bcea45e0c\"},\"headline\":\"Lagos recebeu as comemora\u00e7\u00f5es dos 10 anos do Projeto &#8220;Centros de Forma\u00e7\u00e3o do Desporto Escolar&#8221;\",\"datePublished\":\"2022-11-25T08:20:01+00:00\",\"dateModified\":\"2022-11-25T08:20:03+00:00\",\"mainEntityOfPage\":{\"@id\":\"https:\\\/\\\/algarve7.pt\\\/index.php\\\/2022\\\/11\\\/lagos-recebeu-as-comemoracoes-dos-10-anos-do-projeto-centros-de-formacao-do-desporto-escolar\\\/desporto\\\/08\\\/20\\\/\"},\"wordCount\":591,\"publisher\":{\"@id\":\"https:\\\/\\\/algarve7.pt\\\/#organization\"},\"image\":{\"@id\":\"https:\\\/\\\/algarve7.pt\\\/index.php\\\/2022\\\/11\\\/lagos-recebeu-as-comemoracoes-dos-10-anos-do-projeto-centros-de-formacao-do-desporto-escolar\\\/desporto\\\/08\\\/20\\\/#primaryimage\"},\"thumbnailUrl\":\"https:\\\/\\\/algarve7.pt\\\/wp-content\\\/uploads\\\/2022\\\/11\\\/l_encontro-cffde-3.jpg\",\"keywords\":[\"Algarve\",\"Desporto\",\"Educa\u00e7\u00e3o\",\"Lagos\"],\"articleSection\":[\"Desporto\"],\"inLanguage\":\"pt-PT\"},{\"@type\":\"WebPage\",\"@id\":\"https:\\\/\\\/algarve7.pt\\\/index.php\\\/2022\\\/11\\\/lagos-recebeu-as-comemoracoes-dos-10-anos-do-projeto-centros-de-formacao-do-desporto-escolar\\\/desporto\\\/08\\\/20\\\/\",\"url\":\"https:\\\/\\\/algarve7.pt\\\/index.php\\\/2022\\\/11\\\/lagos-recebeu-as-comemoracoes-dos-10-anos-do-projeto-centros-de-formacao-do-desporto-escolar\\\/desporto\\\/08\\\/20\\\/\",\"name\":\"Lagos recebeu as comemora\u00e7\u00f5es dos 10 anos do Projeto \\\"Centros de Forma\u00e7\u00e3o do Desporto Escolar\\\" - Algarve 7\",\"isPartOf\":{\"@id\":\"https:\\\/\\\/algarve7.pt\\\/#website\"},\"primaryImageOfPage\":{\"@id\":\"https:\\\/\\\/algarve7.pt\\\/index.php\\\/2022\\\/11\\\/lagos-recebeu-as-comemoracoes-dos-10-anos-do-projeto-centros-de-formacao-do-desporto-escolar\\\/desporto\\\/08\\\/20\\\/#primaryimage\"},\"image\":{\"@id\":\"https:\\\/\\\/algarve7.pt\\\/index.php\\\/2022\\\/11\\\/lagos-recebeu-as-comemoracoes-dos-10-anos-do-projeto-centros-de-formacao-do-desporto-escolar\\\/desporto\\\/08\\\/20\\\/#primaryimage\"},\"thumbnailUrl\":\"https:\\\/\\\/algarve7.pt\\\/wp-content\\\/uploads\\\/2022\\\/11\\\/l_encontro-cffde-3.jpg\",\"datePublished\":\"2022-11-25T08:20:01+00:00\",\"dateModified\":\"2022-11-25T08:20:03+00:00\",\"description\":\"Lagos recebeu as comemora\u00e7\u00f5es dos 10 anos do Projeto \\\"Centros de Forma\u00e7\u00e3o do Desporto Escolar\\\" Desporto\",\"breadcrumb\":{\"@id\":\"https:\\\/\\\/algarve7.pt\\\/index.php\\\/2022\\\/11\\\/lagos-recebeu-as-comemoracoes-dos-10-anos-do-projeto-centros-de-formacao-do-desporto-escolar\\\/desporto\\\/08\\\/20\\\/#breadcrumb\"},\"inLanguage\":\"pt-PT\",\"potentialAction\":[{\"@type\":\"ReadAction\",\"target\":[\"https:\\\/\\\/algarve7.pt\\\/index.php\\\/2022\\\/11\\\/lagos-recebeu-as-comemoracoes-dos-10-anos-do-projeto-centros-de-formacao-do-desporto-escolar\\\/desporto\\\/08\\\/20\\\/\"]}]},{\"@type\":\"ImageObject\",\"inLanguage\":\"pt-PT\",\"@id\":\"https:\\\/\\\/algarve7.pt\\\/index.php\\\/2022\\\/11\\\/lagos-recebeu-as-comemoracoes-dos-10-anos-do-projeto-centros-de-formacao-do-desporto-escolar\\\/desporto\\\/08\\\/20\\\/#primaryimage\",\"url\":\"https:\\\/\\\/algarve7.pt\\\/wp-content\\\/uploads\\\/2022\\\/11\\\/l_encontro-cffde-3.jpg\",\"contentUrl\":\"https:\\\/\\\/algarve7.pt\\\/wp-content\\\/uploads\\\/2022\\\/11\\\/l_encontro-cffde-3.jpg\",\"width\":800,\"height\":533},{\"@type\":\"BreadcrumbList\",\"@id\":\"https:\\\/\\\/algarve7.pt\\\/index.php\\\/2022\\\/11\\\/lagos-recebeu-as-comemoracoes-dos-10-anos-do-projeto-centros-de-formacao-do-desporto-escolar\\\/desporto\\\/08\\\/20\\\/#breadcrumb\",\"itemListElement\":[{\"@type\":\"ListItem\",\"position\":1,\"name\":\"In\u00edcio\",\"item\":\"https:\\\/\\\/algarve7.pt\\\/\"},{\"@type\":\"ListItem\",\"position\":2,\"name\":\"Lagos recebeu as comemora\u00e7\u00f5es dos 10 anos do Projeto &#8220;Centros de Forma\u00e7\u00e3o do Desporto Escolar&#8221;\"}]},{\"@type\":\"WebSite\",\"@id\":\"https:\\\/\\\/algarve7.pt\\\/#website\",\"url\":\"https:\\\/\\\/algarve7.pt\\\/\",\"name\":\"Algarve 7\",\"description\":\"Informa\u00e7\u00e3o sobre o Algarve\",\"publisher\":{\"@id\":\"https:\\\/\\\/algarve7.pt\\\/#organization\"},\"potentialAction\":[{\"@type\":\"SearchAction\",\"target\":{\"@type\":\"EntryPoint\",\"urlTemplate\":\"https:\\\/\\\/algarve7.pt\\\/?s={search_term_string}\"},\"query-input\":{\"@type\":\"PropertyValueSpecification\",\"valueRequired\":true,\"valueName\":\"search_term_string\"}}],\"inLanguage\":\"pt-PT\"},{\"@type\":\"Organization\",\"@id\":\"https:\\\/\\\/algarve7.pt\\\/#organization\",\"name\":\"Algarve 7\",\"url\":\"https:\\\/\\\/algarve7.pt\\\/\",\"logo\":{\"@type\":\"ImageObject\",\"inLanguage\":\"pt-PT\",\"@id\":\"https:\\\/\\\/algarve7.pt\\\/#\\\/schema\\\/logo\\\/image\\\/\",\"url\":\"https:\\\/\\\/algarve7.pt\\\/wp-content\\\/uploads\\\/2020\\\/10\\\/Logo-8.jpg\",\"contentUrl\":\"https:\\\/\\\/algarve7.pt\\\/wp-content\\\/uploads\\\/2020\\\/10\\\/Logo-8.jpg\",\"width\":1680,\"height\":1186,\"caption\":\"Algarve 7\"},\"image\":{\"@id\":\"https:\\\/\\\/algarve7.pt\\\/#\\\/schema\\\/logo\\\/image\\\/\"},\"sameAs\":[\"https:\\\/\\\/www.facebook.com\\\/algarve7\",\"https:\\\/\\\/x.com\\\/Algarvesete\",\"https:\\\/\\\/www.instagram.com\\\/jornalalgarve7\\\/\",\"https:\\\/\\\/www.linkedin.com\\\/company\\\/algarve7\",\"https:\\\/\\\/www.pinterest.pt\\\/geral0939\\\/_created\\\/\"]},{\"@type\":\"Person\",\"@id\":\"https:\\\/\\\/algarve7.pt\\\/#\\\/schema\\\/person\\\/23fa70681308e7b319a3204bcea45e0c\",\"name\":\"Algarve 7\",\"sameAs\":[\"https:\\\/\\\/algarve7.pt\",\"https:\\\/\\\/www.facebook.com\\\/algarve7\"],\"url\":\"https:\\\/\\\/algarve7.pt\\\/index.php\\\/author\\\/geralalgarve7-pt\\\/\"}]}<\/script>\n<!-- \/ Yoast SEO plugin. -->","yoast_head_json":{"title":"Lagos recebeu as comemora\u00e7\u00f5es dos 10 anos do Projeto \"Centros de Forma\u00e7\u00e3o do Desporto Escolar\" - Algarve 7","description":"Lagos recebeu as comemora\u00e7\u00f5es dos 10 anos do Projeto \"Centros de Forma\u00e7\u00e3o do Desporto Escolar\" Desporto","robots":{"index":"index","follow":"follow","max-snippet":"max-snippet:-1","max-image-preview":"max-image-preview:large","max-video-preview":"max-video-preview:-1"},"canonical":"https:\/\/algarve7.pt\/index.php\/2022\/11\/lagos-recebeu-as-comemoracoes-dos-10-anos-do-projeto-centros-de-formacao-do-desporto-escolar\/desporto\/08\/20\/","og_locale":"pt_PT","og_type":"article","og_title":"Lagos recebeu as comemora\u00e7\u00f5es dos 10 anos do Projeto \"Centros de Forma\u00e7\u00e3o do Desporto Escolar\" - Algarve 7","og_description":"Lagos recebeu as comemora\u00e7\u00f5es dos 10 anos do Projeto \"Centros de Forma\u00e7\u00e3o do Desporto Escolar\" Desporto","og_url":"https:\/\/algarve7.pt\/index.php\/2022\/11\/lagos-recebeu-as-comemoracoes-dos-10-anos-do-projeto-centros-de-formacao-do-desporto-escolar\/desporto\/08\/20\/","og_site_name":"Algarve 7","article_publisher":"https:\/\/www.facebook.com\/algarve7","article_author":"https:\/\/www.facebook.com\/algarve7","article_published_time":"2022-11-25T08:20:01+00:00","article_modified_time":"2022-11-25T08:20:03+00:00","og_image":[{"width":800,"height":533,"url":"https:\/\/algarve7.pt\/wp-content\/uploads\/2022\/11\/l_encontro-cffde-3.jpg","type":"image\/jpeg"}],"author":"Algarve 7","twitter_card":"summary_large_image","twitter_creator":"@Algarvesete","twitter_site":"@Algarvesete","twitter_misc":{"Escrito por":"Algarve 7","Tempo estimado de leitura":"3 minutos"},"schema":{"@context":"https:\/\/schema.org","@graph":[{"@type":"Article","@id":"https:\/\/algarve7.pt\/index.php\/2022\/11\/lagos-recebeu-as-comemoracoes-dos-10-anos-do-projeto-centros-de-formacao-do-desporto-escolar\/desporto\/08\/20\/#article","isPartOf":{"@id":"https:\/\/algarve7.pt\/index.php\/2022\/11\/lagos-recebeu-as-comemoracoes-dos-10-anos-do-projeto-centros-de-formacao-do-desporto-escolar\/desporto\/08\/20\/"},"author":{"name":"Algarve 7","@id":"https:\/\/algarve7.pt\/#\/schema\/person\/23fa70681308e7b319a3204bcea45e0c"},"headline":"Lagos recebeu as comemora\u00e7\u00f5es dos 10 anos do Projeto &#8220;Centros de Forma\u00e7\u00e3o do Desporto Escolar&#8221;","datePublished":"2022-11-25T08:20:01+00:00","dateModified":"2022-11-25T08:20:03+00:00","mainEntityOfPage":{"@id":"https:\/\/algarve7.pt\/index.php\/2022\/11\/lagos-recebeu-as-comemoracoes-dos-10-anos-do-projeto-centros-de-formacao-do-desporto-escolar\/desporto\/08\/20\/"},"wordCount":591,"publisher":{"@id":"https:\/\/algarve7.pt\/#organization"},"image":{"@id":"https:\/\/algarve7.pt\/index.php\/2022\/11\/lagos-recebeu-as-comemoracoes-dos-10-anos-do-projeto-centros-de-formacao-do-desporto-escolar\/desporto\/08\/20\/#primaryimage"},"thumbnailUrl":"https:\/\/algarve7.pt\/wp-content\/uploads\/2022\/11\/l_encontro-cffde-3.jpg","keywords":["Algarve","Desporto","Educa\u00e7\u00e3o","Lagos"],"articleSection":["Desporto"],"inLanguage":"pt-PT"},{"@type":"WebPage","@id":"https:\/\/algarve7.pt\/index.php\/2022\/11\/lagos-recebeu-as-comemoracoes-dos-10-anos-do-projeto-centros-de-formacao-do-desporto-escolar\/desporto\/08\/20\/","url":"https:\/\/algarve7.pt\/index.php\/2022\/11\/lagos-recebeu-as-comemoracoes-dos-10-anos-do-projeto-centros-de-formacao-do-desporto-escolar\/desporto\/08\/20\/","name":"Lagos recebeu as comemora\u00e7\u00f5es dos 10 anos do Projeto \"Centros de Forma\u00e7\u00e3o do Desporto Escolar\" - Algarve 7","isPartOf":{"@id":"https:\/\/algarve7.pt\/#website"},"primaryImageOfPage":{"@id":"https:\/\/algarve7.pt\/index.php\/2022\/11\/lagos-recebeu-as-comemoracoes-dos-10-anos-do-projeto-centros-de-formacao-do-desporto-escolar\/desporto\/08\/20\/#primaryimage"},"image":{"@id":"https:\/\/algarve7.pt\/index.php\/2022\/11\/lagos-recebeu-as-comemoracoes-dos-10-anos-do-projeto-centros-de-formacao-do-desporto-escolar\/desporto\/08\/20\/#primaryimage"},"thumbnailUrl":"https:\/\/algarve7.pt\/wp-content\/uploads\/2022\/11\/l_encontro-cffde-3.jpg","datePublished":"2022-11-25T08:20:01+00:00","dateModified":"2022-11-25T08:20:03+00:00","description":"Lagos recebeu as comemora\u00e7\u00f5es dos 10 anos do Projeto \"Centros de Forma\u00e7\u00e3o do Desporto Escolar\" Desporto","breadcrumb":{"@id":"https:\/\/algarve7.pt\/index.php\/2022\/11\/lagos-recebeu-as-comemoracoes-dos-10-anos-do-projeto-centros-de-formacao-do-desporto-escolar\/desporto\/08\/20\/#breadcrumb"},"inLanguage":"pt-PT","potentialAction":[{"@type":"ReadAction","target":["https:\/\/algarve7.pt\/index.php\/2022\/11\/lagos-recebeu-as-comemoracoes-dos-10-anos-do-projeto-centros-de-formacao-do-desporto-escolar\/desporto\/08\/20\/"]}]},{"@type":"ImageObject","inLanguage":"pt-PT","@id":"https:\/\/algarve7.pt\/index.php\/2022\/11\/lagos-recebeu-as-comemoracoes-dos-10-anos-do-projeto-centros-de-formacao-do-desporto-escolar\/desporto\/08\/20\/#primaryimage","url":"https:\/\/algarve7.pt\/wp-content\/uploads\/2022\/11\/l_encontro-cffde-3.jpg","contentUrl":"https:\/\/algarve7.pt\/wp-content\/uploads\/2022\/11\/l_encontro-cffde-3.jpg","width":800,"height":533},{"@type":"BreadcrumbList","@id":"https:\/\/algarve7.pt\/index.php\/2022\/11\/lagos-recebeu-as-comemoracoes-dos-10-anos-do-projeto-centros-de-formacao-do-desporto-escolar\/desporto\/08\/20\/#breadcrumb","itemListElement":[{"@type":"ListItem","position":1,"name":"In\u00edcio","item":"https:\/\/algarve7.pt\/"},{"@type":"ListItem","position":2,"name":"Lagos recebeu as comemora\u00e7\u00f5es dos 10 anos do Projeto &#8220;Centros de Forma\u00e7\u00e3o do Desporto Escolar&#8221;"}]},{"@type":"WebSite","@id":"https:\/\/algarve7.pt\/#website","url":"https:\/\/algarve7.pt\/","name":"Algarve 7","description":"Informa\u00e7\u00e3o sobre o Algarve","publisher":{"@id":"https:\/\/algarve7.pt\/#organization"},"potentialAction":[{"@type":"SearchAction","target":{"@type":"EntryPoint","urlTemplate":"https:\/\/algarve7.pt\/?s={search_term_string}"},"query-input":{"@type":"PropertyValueSpecification","valueRequired":true,"valueName":"search_term_string"}}],"inLanguage":"pt-PT"},{"@type":"Organization","@id":"https:\/\/algarve7.pt\/#organization","name":"Algarve 7","url":"https:\/\/algarve7.pt\/","logo":{"@type":"ImageObject","inLanguage":"pt-PT","@id":"https:\/\/algarve7.pt\/#\/schema\/logo\/image\/","url":"https:\/\/algarve7.pt\/wp-content\/uploads\/2020\/10\/Logo-8.jpg","contentUrl":"https:\/\/algarve7.pt\/wp-content\/uploads\/2020\/10\/Logo-8.jpg","width":1680,"height":1186,"caption":"Algarve 7"},"image":{"@id":"https:\/\/algarve7.pt\/#\/schema\/logo\/image\/"},"sameAs":["https:\/\/www.facebook.com\/algarve7","https:\/\/x.com\/Algarvesete","https:\/\/www.instagram.com\/jornalalgarve7\/","https:\/\/www.linkedin.com\/company\/algarve7","https:\/\/www.pinterest.pt\/geral0939\/_created\/"]},{"@type":"Person","@id":"https:\/\/algarve7.pt\/#\/schema\/person\/23fa70681308e7b319a3204bcea45e0c","name":"Algarve 7","sameAs":["https:\/\/algarve7.pt","https:\/\/www.facebook.com\/algarve7"],"url":"https:\/\/algarve7.pt\/index.php\/author\/geralalgarve7-pt\/"}]}},"jetpack_publicize_connections":[],"jetpack_featured_media_url":"https:\/\/algarve7.pt\/wp-content\/uploads\/2022\/11\/l_encontro-cffde-3.jpg","jetpack_shortlink":"https:\/\/wp.me\/pcezmW-69E","jetpack_sharing_enabled":true,"_links":{"self":[{"href":"https:\/\/algarve7.pt\/index.php\/wp-json\/wp\/v2\/posts\/23662","targetHints":{"allow":["GET"]}}],"collection":[{"href":"https:\/\/algarve7.pt\/index.php\/wp-json\/wp\/v2\/posts"}],"about":[{"href":"https:\/\/algarve7.pt\/index.php\/wp-json\/wp\/v2\/types\/post"}],"author":[{"embeddable":true,"href":"https:\/\/algarve7.pt\/index.php\/wp-json\/wp\/v2\/users\/1"}],"replies":[{"embeddable":true,"href":"https:\/\/algarve7.pt\/index.php\/wp-json\/wp\/v2\/comments?post=23662"}],"version-history":[{"count":0,"href":"https:\/\/algarve7.pt\/index.php\/wp-json\/wp\/v2\/posts\/23662\/revisions"}],"wp:featuredmedia":[{"embeddable":true,"href":"https:\/\/algarve7.pt\/index.php\/wp-json\/wp\/v2\/media\/23663"}],"wp:attachment":[{"href":"https:\/\/algarve7.pt\/index.php\/wp-json\/wp\/v2\/media?parent=23662"}],"wp:term":[{"taxonomy":"category","embeddable":true,"href":"https:\/\/algarve7.pt\/index.php\/wp-json\/wp\/v2\/categories?post=23662"},{"taxonomy":"post_tag","embeddable":true,"href":"https:\/\/algarve7.pt\/index.php\/wp-json\/wp\/v2\/tags?post=23662"}],"curies":[{"name":"wp","href":"https:\/\/api.w.org\/{rel}","templated":true}]}}