{"id":23657,"date":"2022-11-25T09:03:00","date_gmt":"2022-11-25T09:03:00","guid":{"rendered":"https:\/\/algarve7.pt\/?p=23657"},"modified":"2022-11-25T08:04:59","modified_gmt":"2022-11-25T08:04:59","slug":"campanha-gnr-submissao-nao-e-opcao","status":"publish","type":"post","link":"https:\/\/algarve7.pt\/index.php\/2022\/11\/campanha-gnr-submissao-nao-e-opcao\/nacional\/09\/03\/","title":{"rendered":"Campanha GNR &#8211; &#8220;Submiss\u00e3o N\u00e3o \u00e9 Op\u00e7\u00e3o&#8221;"},"content":{"rendered":"\n<p>A Guarda Nacional Republicana (GNR), promove, hoje dia 25 de novembro, uma campanha a n\u00edvel nacional&nbsp;<strong>\u201cSubmiss\u00e3o N\u00e3o \u00c9 Op\u00e7\u00e3o\u201d | #Submiss\u00e3oN\u00e3o\u00e9Op\u00e7\u00e3o,&nbsp;<\/strong>com&nbsp;diversas a\u00e7\u00f5es&nbsp;de sensibiliza\u00e7\u00e3o, a toda a sociedade.<\/p>\n\n\n\n<p>No dia em que que se assinala o Dia Internacional para a Elimina\u00e7\u00e3o da Viol\u00eancia contra as Mulheres, o lan\u00e7amento da campanha&nbsp;<strong>#Submiss\u00e3oN\u00e3o\u00e9Op\u00e7\u00e3o<\/strong>&nbsp;ser\u00e1 materializada na divulga\u00e7\u00e3o de&nbsp;um&nbsp;v\u00eddeo e cartazes distribu\u00eddos a n\u00edvel nacional (imagem que se anexa), direcionada para a preven\u00e7\u00e3o de comportamentos violentos contra as mulheres, atendendo a que a viol\u00eancia se dissimula sobre diferentes formas: f\u00edsica, psicol\u00f3gica, sexual, moral, entre outras.&nbsp;<\/p>\n\n\n\n<p>Pretende-se sensibilizar a comunidade em geral para a consciencializa\u00e7\u00e3o sobre a igualdade de g\u00e9nero e a promo\u00e7\u00e3o de uma cultura de n\u00e3o-viol\u00eancia, assim como sensibilizar os diferentes p\u00fablicos-alvo para o fen\u00f3meno da viol\u00eancia contra as mulheres,&nbsp;sobretudo a&nbsp;viol\u00eancia dom\u00e9stica,&nbsp;viol\u00eancia no namoro,&nbsp;viola\u00e7\u00e3o e outras agress\u00f5es sexuais.<\/p>\n\n\n\n<p>A preven\u00e7\u00e3o e investiga\u00e7\u00e3o do crime de viol\u00eancia dom\u00e9stica s\u00e3o prioridades da atual pol\u00edtica criminal e constituem-se como uma prioridade&nbsp;estrat\u00e9gica e priorit\u00e1ria&nbsp;para a Guarda Nacional Republicana. Neste \u00e2mbito, a GNR tem vindo a refor\u00e7ar as campanhas de sensibiliza\u00e7\u00e3o e a apostar em a\u00e7\u00f5es espec\u00edficas de forma\u00e7\u00e3o do seu efetivo, para que esteja cada vez mais bem preparado para participar, enquadrar, tratar e acompanhar este tipo de situa\u00e7\u00f5es, melhorando ainda a sua rede de salas de atendimento \u00e0s v\u00edtimas.<\/p>\n\n\n\n<p>A GNR tem 517 militares com forma\u00e7\u00e3o espec\u00edfica para v\u00edtimas vulner\u00e1veis e n\u00facleos de investiga\u00e7\u00e3o de apoio a v\u00edtimas espec\u00edficas para crimes com maior complexidade que envolvam todo o tipo de v\u00edtimas vulner\u00e1veis onde se incluem crian\u00e7as, mulheres e idosos. Durante o&nbsp;<strong>ano 2021<\/strong>, na \u00e1rea de responsabilidade da GNR, foram registados&nbsp;<strong>12.755 crimes de viol\u00eancia dom\u00e9stica, tendo sido detidas 1&nbsp;172 pessoas<\/strong>.&nbsp;<strong>Em 2022<\/strong>, at\u00e9 30 de setembro, foram registados&nbsp;<strong>11.176 crimes de viol\u00eancia dom\u00e9stica e efetuadas 1&nbsp;167 deten\u00e7\u00f5es<\/strong>&nbsp;(dados provis\u00f3rios).<\/p>\n\n\n\n<p>A viol\u00eancia contra as mulheres e a viol\u00eancia dom\u00e9stica s\u00e3o das formas mais gravosas de discrimina\u00e7\u00e3o das mulheres em raz\u00e3o do seu sexo, reflexo de persistentes estere\u00f3tipos de g\u00e9nero e de rela\u00e7\u00f5es de poder desiguais. O impacto deste crime&nbsp;n\u00e3o se circunscreve apenas \u00e0s v\u00edtimas diretamente envolvidas, afetando tamb\u00e9m as fam\u00edlias e a sociedade no seu conjunto.<\/p>\n\n\n\n<p>A&nbsp;<strong><u>viol\u00eancia dom\u00e9stica \u00e9 crime p\u00fablico e denunciar \u00e9 uma responsabilidade coletiva<\/u><\/strong>. Se precisar de ajuda ou tiver conhecimento de alguma situa\u00e7\u00e3o de viol\u00eancia dom\u00e9stica participe:<\/p>\n\n\n\n<p>\u00b7\u00a0\u00a0\u00a0\u00a0\u00a0\u00a0\u00a0\u00a0\u00a0No Portal Queixa Eletr\u00f3nica, em\u00a0<a href=\"http:\/\/queixaselectronicas.mai.gov.pt\/\" target=\"_blank\" rel=\"noreferrer noopener\">queixaselectronicas.mai.gov.pt<\/a>;<\/p>\n\n\n\n<p>\u00b7&nbsp;&nbsp;&nbsp;&nbsp;&nbsp;&nbsp;&nbsp;&nbsp;&nbsp;Via telef\u00f3nica, atrav\u00e9s do n\u00famero de telefone: 112;<\/p>\n\n\n\n<p>\u00b7\u00a0\u00a0\u00a0\u00a0\u00a0\u00a0\u00a0\u00a0\u00a0No Posto da GNR mais pr\u00f3ximo \u00e0 sua \u00e1rea de resid\u00eancia, tendo os nossos contactos sempre \u00e0 m\u00e3o em\u00a0<a href=\"http:\/\/www.gnr.pt\/contactos.aspx\" target=\"_blank\" rel=\"noreferrer noopener\">www.gnr.pt\/contactos.aspx<\/a>;<\/p>\n\n\n\n<p>\u00b7\u00a0\u00a0\u00a0\u00a0\u00a0\u00a0\u00a0\u00a0\u00a0Na aplica\u00e7\u00e3o App MAI112 dispon\u00edvel e destinada exclusivamente aos cidad\u00e3os surdos, em\u00a0<a href=\"http:\/\/www.112.pt\/Paginas\/Home.aspx\" target=\"_blank\" rel=\"noreferrer noopener\">http:\/\/www.112.pt\/Paginas\/Home.aspx<\/a>;<\/p>\n\n\n\n<p>\u00b7\u00a0\u00a0\u00a0\u00a0\u00a0\u00a0\u00a0\u00a0\u00a0Na aplica\u00e7\u00e3o SMS Seguran\u00e7a, direcionada a pessoas surdas em\u00a0<a href=\"http:\/\/www.gnr.pt\/MVC_GNR\/Home\/SmsSeguranca\" target=\"_blank\" rel=\"noreferrer noopener\">www.gnr.pt\/MVC_GNR\/Home\/SmsSeguranca<\/a>.<\/p>\n","protected":false},"excerpt":{"rendered":"<p>A Guarda Nacional Republicana (GNR), promove, hoje dia 25 de novembro, uma campanha a n\u00edvel nacional&nbsp;\u201cSubmiss\u00e3o N\u00e3o \u00c9 Op\u00e7\u00e3o\u201d |<\/p>\n","protected":false},"author":1,"featured_media":23658,"comment_status":"closed","ping_status":"open","sticky":false,"template":"","format":"standard","meta":{"colormag_page_container_layout":"default_layout","colormag_page_sidebar_layout":"default_layout","_monsterinsights_skip_tracking":false,"_monsterinsights_sitenote_active":false,"_monsterinsights_sitenote_note":"","_monsterinsights_sitenote_category":0,"jetpack_post_was_ever_published":false,"_jetpack_newsletter_access":"","_jetpack_dont_email_post_to_subs":false,"_jetpack_newsletter_tier_id":0,"_jetpack_memberships_contains_paywalled_content":false,"_jetpack_memberships_contains_paid_content":false,"footnotes":"","jetpack_publicize_message":"","jetpack_publicize_feature_enabled":true,"jetpack_social_post_already_shared":true,"jetpack_social_options":{"image_generator_settings":{"template":"highway","default_image_id":0,"font":"","enabled":false},"version":2}},"categories":[189],"tags":[36,62,140,98],"class_list":["post-23657","post","type-post","status-publish","format-standard","has-post-thumbnail","hentry","category-nacional","tag-algarve","tag-atualidade","tag-gnr","tag-nacional"],"yoast_head":"<!-- This site is optimized with the Yoast SEO plugin v27.5 - https:\/\/yoast.com\/product\/yoast-seo-wordpress\/ -->\n<title>Campanha GNR - &quot;Submiss\u00e3o N\u00e3o \u00e9 Op\u00e7\u00e3o&quot; - Algarve 7<\/title>\n<meta name=\"description\" content=\"Campanha GNR - &quot;Submiss\u00e3o N\u00e3o \u00e9 Op\u00e7\u00e3o&quot; Nacional\" \/>\n<meta name=\"robots\" content=\"index, follow, max-snippet:-1, max-image-preview:large, max-video-preview:-1\" \/>\n<link rel=\"canonical\" href=\"https:\/\/algarve7.pt\/index.php\/2022\/11\/campanha-gnr-submissao-nao-e-opcao\/nacional\/09\/03\/\" \/>\n<meta property=\"og:locale\" content=\"pt_PT\" \/>\n<meta property=\"og:type\" content=\"article\" \/>\n<meta property=\"og:title\" content=\"Campanha GNR - &quot;Submiss\u00e3o N\u00e3o \u00e9 Op\u00e7\u00e3o&quot; - Algarve 7\" \/>\n<meta property=\"og:description\" content=\"Campanha GNR - &quot;Submiss\u00e3o N\u00e3o \u00e9 Op\u00e7\u00e3o&quot; Nacional\" \/>\n<meta property=\"og:url\" content=\"https:\/\/algarve7.pt\/index.php\/2022\/11\/campanha-gnr-submissao-nao-e-opcao\/nacional\/09\/03\/\" \/>\n<meta property=\"og:site_name\" content=\"Algarve 7\" \/>\n<meta property=\"article:publisher\" content=\"https:\/\/www.facebook.com\/algarve7\" \/>\n<meta property=\"article:author\" content=\"https:\/\/www.facebook.com\/algarve7\" \/>\n<meta property=\"article:published_time\" content=\"2022-11-25T09:03:00+00:00\" \/>\n<meta property=\"og:image\" content=\"https:\/\/algarve7.pt\/wp-content\/uploads\/2022\/11\/Campanha-GNR-Submissao-Nao-e-Opcao.jpg\" \/>\n\t<meta property=\"og:image:width\" content=\"517\" \/>\n\t<meta property=\"og:image:height\" content=\"731\" \/>\n\t<meta property=\"og:image:type\" content=\"image\/jpeg\" \/>\n<meta name=\"author\" content=\"Algarve 7\" \/>\n<meta name=\"twitter:card\" content=\"summary_large_image\" \/>\n<meta name=\"twitter:creator\" content=\"@Algarvesete\" \/>\n<meta name=\"twitter:site\" content=\"@Algarvesete\" \/>\n<meta name=\"twitter:label1\" content=\"Escrito por\" \/>\n\t<meta name=\"twitter:data1\" content=\"Algarve 7\" \/>\n\t<meta name=\"twitter:label2\" content=\"Tempo estimado de leitura\" \/>\n\t<meta name=\"twitter:data2\" content=\"3 minutos\" \/>\n<script type=\"application\/ld+json\" class=\"yoast-schema-graph\">{\"@context\":\"https:\\\/\\\/schema.org\",\"@graph\":[{\"@type\":\"Article\",\"@id\":\"https:\\\/\\\/algarve7.pt\\\/index.php\\\/2022\\\/11\\\/campanha-gnr-submissao-nao-e-opcao\\\/nacional\\\/09\\\/03\\\/#article\",\"isPartOf\":{\"@id\":\"https:\\\/\\\/algarve7.pt\\\/index.php\\\/2022\\\/11\\\/campanha-gnr-submissao-nao-e-opcao\\\/nacional\\\/09\\\/03\\\/\"},\"author\":{\"name\":\"Algarve 7\",\"@id\":\"https:\\\/\\\/algarve7.pt\\\/#\\\/schema\\\/person\\\/23fa70681308e7b319a3204bcea45e0c\"},\"headline\":\"Campanha GNR &#8211; &#8220;Submiss\u00e3o N\u00e3o \u00e9 Op\u00e7\u00e3o&#8221;\",\"datePublished\":\"2022-11-25T09:03:00+00:00\",\"mainEntityOfPage\":{\"@id\":\"https:\\\/\\\/algarve7.pt\\\/index.php\\\/2022\\\/11\\\/campanha-gnr-submissao-nao-e-opcao\\\/nacional\\\/09\\\/03\\\/\"},\"wordCount\":591,\"publisher\":{\"@id\":\"https:\\\/\\\/algarve7.pt\\\/#organization\"},\"image\":{\"@id\":\"https:\\\/\\\/algarve7.pt\\\/index.php\\\/2022\\\/11\\\/campanha-gnr-submissao-nao-e-opcao\\\/nacional\\\/09\\\/03\\\/#primaryimage\"},\"thumbnailUrl\":\"https:\\\/\\\/algarve7.pt\\\/wp-content\\\/uploads\\\/2022\\\/11\\\/Campanha-GNR-Submissao-Nao-e-Opcao.jpg\",\"keywords\":[\"Algarve\",\"Atualidade\",\"GNR\",\"Nacional\"],\"articleSection\":[\"Nacional\"],\"inLanguage\":\"pt-PT\"},{\"@type\":\"WebPage\",\"@id\":\"https:\\\/\\\/algarve7.pt\\\/index.php\\\/2022\\\/11\\\/campanha-gnr-submissao-nao-e-opcao\\\/nacional\\\/09\\\/03\\\/\",\"url\":\"https:\\\/\\\/algarve7.pt\\\/index.php\\\/2022\\\/11\\\/campanha-gnr-submissao-nao-e-opcao\\\/nacional\\\/09\\\/03\\\/\",\"name\":\"Campanha GNR - \\\"Submiss\u00e3o N\u00e3o \u00e9 Op\u00e7\u00e3o\\\" - Algarve 7\",\"isPartOf\":{\"@id\":\"https:\\\/\\\/algarve7.pt\\\/#website\"},\"primaryImageOfPage\":{\"@id\":\"https:\\\/\\\/algarve7.pt\\\/index.php\\\/2022\\\/11\\\/campanha-gnr-submissao-nao-e-opcao\\\/nacional\\\/09\\\/03\\\/#primaryimage\"},\"image\":{\"@id\":\"https:\\\/\\\/algarve7.pt\\\/index.php\\\/2022\\\/11\\\/campanha-gnr-submissao-nao-e-opcao\\\/nacional\\\/09\\\/03\\\/#primaryimage\"},\"thumbnailUrl\":\"https:\\\/\\\/algarve7.pt\\\/wp-content\\\/uploads\\\/2022\\\/11\\\/Campanha-GNR-Submissao-Nao-e-Opcao.jpg\",\"datePublished\":\"2022-11-25T09:03:00+00:00\",\"description\":\"Campanha GNR - \\\"Submiss\u00e3o N\u00e3o \u00e9 Op\u00e7\u00e3o\\\" Nacional\",\"breadcrumb\":{\"@id\":\"https:\\\/\\\/algarve7.pt\\\/index.php\\\/2022\\\/11\\\/campanha-gnr-submissao-nao-e-opcao\\\/nacional\\\/09\\\/03\\\/#breadcrumb\"},\"inLanguage\":\"pt-PT\",\"potentialAction\":[{\"@type\":\"ReadAction\",\"target\":[\"https:\\\/\\\/algarve7.pt\\\/index.php\\\/2022\\\/11\\\/campanha-gnr-submissao-nao-e-opcao\\\/nacional\\\/09\\\/03\\\/\"]}]},{\"@type\":\"ImageObject\",\"inLanguage\":\"pt-PT\",\"@id\":\"https:\\\/\\\/algarve7.pt\\\/index.php\\\/2022\\\/11\\\/campanha-gnr-submissao-nao-e-opcao\\\/nacional\\\/09\\\/03\\\/#primaryimage\",\"url\":\"https:\\\/\\\/algarve7.pt\\\/wp-content\\\/uploads\\\/2022\\\/11\\\/Campanha-GNR-Submissao-Nao-e-Opcao.jpg\",\"contentUrl\":\"https:\\\/\\\/algarve7.pt\\\/wp-content\\\/uploads\\\/2022\\\/11\\\/Campanha-GNR-Submissao-Nao-e-Opcao.jpg\",\"width\":517,\"height\":731},{\"@type\":\"BreadcrumbList\",\"@id\":\"https:\\\/\\\/algarve7.pt\\\/index.php\\\/2022\\\/11\\\/campanha-gnr-submissao-nao-e-opcao\\\/nacional\\\/09\\\/03\\\/#breadcrumb\",\"itemListElement\":[{\"@type\":\"ListItem\",\"position\":1,\"name\":\"In\u00edcio\",\"item\":\"https:\\\/\\\/algarve7.pt\\\/\"},{\"@type\":\"ListItem\",\"position\":2,\"name\":\"Campanha GNR &#8211; &#8220;Submiss\u00e3o N\u00e3o \u00e9 Op\u00e7\u00e3o&#8221;\"}]},{\"@type\":\"WebSite\",\"@id\":\"https:\\\/\\\/algarve7.pt\\\/#website\",\"url\":\"https:\\\/\\\/algarve7.pt\\\/\",\"name\":\"Algarve 7\",\"description\":\"Informa\u00e7\u00e3o sobre o Algarve\",\"publisher\":{\"@id\":\"https:\\\/\\\/algarve7.pt\\\/#organization\"},\"potentialAction\":[{\"@type\":\"SearchAction\",\"target\":{\"@type\":\"EntryPoint\",\"urlTemplate\":\"https:\\\/\\\/algarve7.pt\\\/?s={search_term_string}\"},\"query-input\":{\"@type\":\"PropertyValueSpecification\",\"valueRequired\":true,\"valueName\":\"search_term_string\"}}],\"inLanguage\":\"pt-PT\"},{\"@type\":\"Organization\",\"@id\":\"https:\\\/\\\/algarve7.pt\\\/#organization\",\"name\":\"Algarve 7\",\"url\":\"https:\\\/\\\/algarve7.pt\\\/\",\"logo\":{\"@type\":\"ImageObject\",\"inLanguage\":\"pt-PT\",\"@id\":\"https:\\\/\\\/algarve7.pt\\\/#\\\/schema\\\/logo\\\/image\\\/\",\"url\":\"https:\\\/\\\/algarve7.pt\\\/wp-content\\\/uploads\\\/2020\\\/10\\\/Logo-8.jpg\",\"contentUrl\":\"https:\\\/\\\/algarve7.pt\\\/wp-content\\\/uploads\\\/2020\\\/10\\\/Logo-8.jpg\",\"width\":1680,\"height\":1186,\"caption\":\"Algarve 7\"},\"image\":{\"@id\":\"https:\\\/\\\/algarve7.pt\\\/#\\\/schema\\\/logo\\\/image\\\/\"},\"sameAs\":[\"https:\\\/\\\/www.facebook.com\\\/algarve7\",\"https:\\\/\\\/x.com\\\/Algarvesete\",\"https:\\\/\\\/www.instagram.com\\\/jornalalgarve7\\\/\",\"https:\\\/\\\/www.linkedin.com\\\/company\\\/algarve7\",\"https:\\\/\\\/www.pinterest.pt\\\/geral0939\\\/_created\\\/\"]},{\"@type\":\"Person\",\"@id\":\"https:\\\/\\\/algarve7.pt\\\/#\\\/schema\\\/person\\\/23fa70681308e7b319a3204bcea45e0c\",\"name\":\"Algarve 7\",\"sameAs\":[\"https:\\\/\\\/algarve7.pt\",\"https:\\\/\\\/www.facebook.com\\\/algarve7\"],\"url\":\"https:\\\/\\\/algarve7.pt\\\/index.php\\\/author\\\/geralalgarve7-pt\\\/\"}]}<\/script>\n<!-- \/ Yoast SEO plugin. -->","yoast_head_json":{"title":"Campanha GNR - \"Submiss\u00e3o N\u00e3o \u00e9 Op\u00e7\u00e3o\" - Algarve 7","description":"Campanha GNR - \"Submiss\u00e3o N\u00e3o \u00e9 Op\u00e7\u00e3o\" Nacional","robots":{"index":"index","follow":"follow","max-snippet":"max-snippet:-1","max-image-preview":"max-image-preview:large","max-video-preview":"max-video-preview:-1"},"canonical":"https:\/\/algarve7.pt\/index.php\/2022\/11\/campanha-gnr-submissao-nao-e-opcao\/nacional\/09\/03\/","og_locale":"pt_PT","og_type":"article","og_title":"Campanha GNR - \"Submiss\u00e3o N\u00e3o \u00e9 Op\u00e7\u00e3o\" - Algarve 7","og_description":"Campanha GNR - \"Submiss\u00e3o N\u00e3o \u00e9 Op\u00e7\u00e3o\" Nacional","og_url":"https:\/\/algarve7.pt\/index.php\/2022\/11\/campanha-gnr-submissao-nao-e-opcao\/nacional\/09\/03\/","og_site_name":"Algarve 7","article_publisher":"https:\/\/www.facebook.com\/algarve7","article_author":"https:\/\/www.facebook.com\/algarve7","article_published_time":"2022-11-25T09:03:00+00:00","og_image":[{"width":517,"height":731,"url":"https:\/\/algarve7.pt\/wp-content\/uploads\/2022\/11\/Campanha-GNR-Submissao-Nao-e-Opcao.jpg","type":"image\/jpeg"}],"author":"Algarve 7","twitter_card":"summary_large_image","twitter_creator":"@Algarvesete","twitter_site":"@Algarvesete","twitter_misc":{"Escrito por":"Algarve 7","Tempo estimado de leitura":"3 minutos"},"schema":{"@context":"https:\/\/schema.org","@graph":[{"@type":"Article","@id":"https:\/\/algarve7.pt\/index.php\/2022\/11\/campanha-gnr-submissao-nao-e-opcao\/nacional\/09\/03\/#article","isPartOf":{"@id":"https:\/\/algarve7.pt\/index.php\/2022\/11\/campanha-gnr-submissao-nao-e-opcao\/nacional\/09\/03\/"},"author":{"name":"Algarve 7","@id":"https:\/\/algarve7.pt\/#\/schema\/person\/23fa70681308e7b319a3204bcea45e0c"},"headline":"Campanha GNR &#8211; &#8220;Submiss\u00e3o N\u00e3o \u00e9 Op\u00e7\u00e3o&#8221;","datePublished":"2022-11-25T09:03:00+00:00","mainEntityOfPage":{"@id":"https:\/\/algarve7.pt\/index.php\/2022\/11\/campanha-gnr-submissao-nao-e-opcao\/nacional\/09\/03\/"},"wordCount":591,"publisher":{"@id":"https:\/\/algarve7.pt\/#organization"},"image":{"@id":"https:\/\/algarve7.pt\/index.php\/2022\/11\/campanha-gnr-submissao-nao-e-opcao\/nacional\/09\/03\/#primaryimage"},"thumbnailUrl":"https:\/\/algarve7.pt\/wp-content\/uploads\/2022\/11\/Campanha-GNR-Submissao-Nao-e-Opcao.jpg","keywords":["Algarve","Atualidade","GNR","Nacional"],"articleSection":["Nacional"],"inLanguage":"pt-PT"},{"@type":"WebPage","@id":"https:\/\/algarve7.pt\/index.php\/2022\/11\/campanha-gnr-submissao-nao-e-opcao\/nacional\/09\/03\/","url":"https:\/\/algarve7.pt\/index.php\/2022\/11\/campanha-gnr-submissao-nao-e-opcao\/nacional\/09\/03\/","name":"Campanha GNR - \"Submiss\u00e3o N\u00e3o \u00e9 Op\u00e7\u00e3o\" - Algarve 7","isPartOf":{"@id":"https:\/\/algarve7.pt\/#website"},"primaryImageOfPage":{"@id":"https:\/\/algarve7.pt\/index.php\/2022\/11\/campanha-gnr-submissao-nao-e-opcao\/nacional\/09\/03\/#primaryimage"},"image":{"@id":"https:\/\/algarve7.pt\/index.php\/2022\/11\/campanha-gnr-submissao-nao-e-opcao\/nacional\/09\/03\/#primaryimage"},"thumbnailUrl":"https:\/\/algarve7.pt\/wp-content\/uploads\/2022\/11\/Campanha-GNR-Submissao-Nao-e-Opcao.jpg","datePublished":"2022-11-25T09:03:00+00:00","description":"Campanha GNR - \"Submiss\u00e3o N\u00e3o \u00e9 Op\u00e7\u00e3o\" Nacional","breadcrumb":{"@id":"https:\/\/algarve7.pt\/index.php\/2022\/11\/campanha-gnr-submissao-nao-e-opcao\/nacional\/09\/03\/#breadcrumb"},"inLanguage":"pt-PT","potentialAction":[{"@type":"ReadAction","target":["https:\/\/algarve7.pt\/index.php\/2022\/11\/campanha-gnr-submissao-nao-e-opcao\/nacional\/09\/03\/"]}]},{"@type":"ImageObject","inLanguage":"pt-PT","@id":"https:\/\/algarve7.pt\/index.php\/2022\/11\/campanha-gnr-submissao-nao-e-opcao\/nacional\/09\/03\/#primaryimage","url":"https:\/\/algarve7.pt\/wp-content\/uploads\/2022\/11\/Campanha-GNR-Submissao-Nao-e-Opcao.jpg","contentUrl":"https:\/\/algarve7.pt\/wp-content\/uploads\/2022\/11\/Campanha-GNR-Submissao-Nao-e-Opcao.jpg","width":517,"height":731},{"@type":"BreadcrumbList","@id":"https:\/\/algarve7.pt\/index.php\/2022\/11\/campanha-gnr-submissao-nao-e-opcao\/nacional\/09\/03\/#breadcrumb","itemListElement":[{"@type":"ListItem","position":1,"name":"In\u00edcio","item":"https:\/\/algarve7.pt\/"},{"@type":"ListItem","position":2,"name":"Campanha GNR &#8211; &#8220;Submiss\u00e3o N\u00e3o \u00e9 Op\u00e7\u00e3o&#8221;"}]},{"@type":"WebSite","@id":"https:\/\/algarve7.pt\/#website","url":"https:\/\/algarve7.pt\/","name":"Algarve 7","description":"Informa\u00e7\u00e3o sobre o Algarve","publisher":{"@id":"https:\/\/algarve7.pt\/#organization"},"potentialAction":[{"@type":"SearchAction","target":{"@type":"EntryPoint","urlTemplate":"https:\/\/algarve7.pt\/?s={search_term_string}"},"query-input":{"@type":"PropertyValueSpecification","valueRequired":true,"valueName":"search_term_string"}}],"inLanguage":"pt-PT"},{"@type":"Organization","@id":"https:\/\/algarve7.pt\/#organization","name":"Algarve 7","url":"https:\/\/algarve7.pt\/","logo":{"@type":"ImageObject","inLanguage":"pt-PT","@id":"https:\/\/algarve7.pt\/#\/schema\/logo\/image\/","url":"https:\/\/algarve7.pt\/wp-content\/uploads\/2020\/10\/Logo-8.jpg","contentUrl":"https:\/\/algarve7.pt\/wp-content\/uploads\/2020\/10\/Logo-8.jpg","width":1680,"height":1186,"caption":"Algarve 7"},"image":{"@id":"https:\/\/algarve7.pt\/#\/schema\/logo\/image\/"},"sameAs":["https:\/\/www.facebook.com\/algarve7","https:\/\/x.com\/Algarvesete","https:\/\/www.instagram.com\/jornalalgarve7\/","https:\/\/www.linkedin.com\/company\/algarve7","https:\/\/www.pinterest.pt\/geral0939\/_created\/"]},{"@type":"Person","@id":"https:\/\/algarve7.pt\/#\/schema\/person\/23fa70681308e7b319a3204bcea45e0c","name":"Algarve 7","sameAs":["https:\/\/algarve7.pt","https:\/\/www.facebook.com\/algarve7"],"url":"https:\/\/algarve7.pt\/index.php\/author\/geralalgarve7-pt\/"}]}},"jetpack_publicize_connections":[],"jetpack_featured_media_url":"https:\/\/algarve7.pt\/wp-content\/uploads\/2022\/11\/Campanha-GNR-Submissao-Nao-e-Opcao.jpg","jetpack_shortlink":"https:\/\/wp.me\/pcezmW-69z","jetpack_sharing_enabled":true,"_links":{"self":[{"href":"https:\/\/algarve7.pt\/index.php\/wp-json\/wp\/v2\/posts\/23657","targetHints":{"allow":["GET"]}}],"collection":[{"href":"https:\/\/algarve7.pt\/index.php\/wp-json\/wp\/v2\/posts"}],"about":[{"href":"https:\/\/algarve7.pt\/index.php\/wp-json\/wp\/v2\/types\/post"}],"author":[{"embeddable":true,"href":"https:\/\/algarve7.pt\/index.php\/wp-json\/wp\/v2\/users\/1"}],"replies":[{"embeddable":true,"href":"https:\/\/algarve7.pt\/index.php\/wp-json\/wp\/v2\/comments?post=23657"}],"version-history":[{"count":0,"href":"https:\/\/algarve7.pt\/index.php\/wp-json\/wp\/v2\/posts\/23657\/revisions"}],"wp:featuredmedia":[{"embeddable":true,"href":"https:\/\/algarve7.pt\/index.php\/wp-json\/wp\/v2\/media\/23658"}],"wp:attachment":[{"href":"https:\/\/algarve7.pt\/index.php\/wp-json\/wp\/v2\/media?parent=23657"}],"wp:term":[{"taxonomy":"category","embeddable":true,"href":"https:\/\/algarve7.pt\/index.php\/wp-json\/wp\/v2\/categories?post=23657"},{"taxonomy":"post_tag","embeddable":true,"href":"https:\/\/algarve7.pt\/index.php\/wp-json\/wp\/v2\/tags?post=23657"}],"curies":[{"name":"wp","href":"https:\/\/api.w.org\/{rel}","templated":true}]}}