{"id":23653,"date":"2022-11-25T08:07:00","date_gmt":"2022-11-25T08:07:00","guid":{"rendered":"https:\/\/algarve7.pt\/?p=23653"},"modified":"2022-11-24T19:11:13","modified_gmt":"2022-11-24T19:11:13","slug":"diabetes-em-movimento-arranca-em-portimao-no-inicio-de-2023","status":"publish","type":"post","link":"https:\/\/algarve7.pt\/index.php\/2022\/11\/diabetes-em-movimento-arranca-em-portimao-no-inicio-de-2023\/saude\/08\/07\/","title":{"rendered":"Diabetes em Movimento arranca em Portim\u00e3o no in\u00edcio de 2023"},"content":{"rendered":"\n<p>O programa Diabetes em Movimento vai ter in\u00edcio em Portim\u00e3o a partir de janeiro de 2023, numa coordena\u00e7\u00e3o da Dire\u00e7\u00e3o-Geral da Sa\u00fade (D-GS) atrav\u00e9s de uma parceria entre a C\u00e2mara Municipal de Portim\u00e3o, a Administra\u00e7\u00e3o Regional de Sa\u00fade do Algarve &#8211; ACES Algarve II Barlavento e o Centro Hospitalar Universit\u00e1rio do Algarve.<\/p>\n\n\n\n<p>Este projeto comunit\u00e1rio dirigido \u00e0s pessoas com diabetes tipo 2 ser\u00e1 coordenado pela D-GS atrav\u00e9s do Programa Nacional para a Promo\u00e7\u00e3o da Atividade F\u00edsica e do Programa Nacional para a Diabetes, decorrendo as sess\u00f5es a partir de janeiro pr\u00f3ximo no Pavilh\u00e3o Gimnodesportivo de Portim\u00e3o, sempre as segundas, quartas e sextas-feiras, com dinamiza\u00e7\u00e3o a cargo de profissionais de exerc\u00edcio f\u00edsico e enfermeiros.<\/p>\n\n\n\n<p>Programa de interven\u00e7\u00e3o multi-institucional, multidisciplinar e multicomponente, o Diabetes em Movimento representa um esfor\u00e7o articulado da comunidade para proporcionar uma solu\u00e7\u00e3o concreta e efetiva de atividade f\u00edsica para o segmento da popula\u00e7\u00e3o a que se destina, sendo a participa\u00e7\u00e3o gratuita, mediante referencia\u00e7\u00e3o pelos m\u00e9dicos e enfermeiros do Centro de Sa\u00fade e do Hospital de Portim\u00e3o.<\/p>\n\n\n\n<p>A diabetes, cujo Dia Mundial se assinala a 14 de novembro, \u00e9 um dos principais problemas de sa\u00fade p\u00fablica de Portugal, onde existe cerca de um milh\u00e3o de pessoas com esta doen\u00e7a cr\u00f3nica, constituindo a atividade f\u00edsica um dos pilares do tratamento, ao melhorar o controlo metab\u00f3lico, reduzir o risco cardiovascular e aumentar a funcionalidade e a qualidade de vida.<\/p>\n\n\n\n<p>Os interessados em participar no programa Diabetes em Movimento devem solicitar mais informa\u00e7\u00f5es junto do seu m\u00e9dico ou enfermeiro ou consultar a p\u00e1gina do Facebook @diabetesemmovimento<\/p>\n","protected":false},"excerpt":{"rendered":"<p>O programa Diabetes em Movimento vai ter in\u00edcio em Portim\u00e3o a partir de janeiro de 2023, numa coordena\u00e7\u00e3o da Dire\u00e7\u00e3o-Geral<\/p>\n","protected":false},"author":1,"featured_media":23654,"comment_status":"closed","ping_status":"open","sticky":false,"template":"","format":"standard","meta":{"colormag_page_container_layout":"default_layout","colormag_page_sidebar_layout":"default_layout","_monsterinsights_skip_tracking":false,"_monsterinsights_sitenote_active":false,"_monsterinsights_sitenote_note":"","_monsterinsights_sitenote_category":0,"jetpack_post_was_ever_published":false,"_jetpack_newsletter_access":"","_jetpack_dont_email_post_to_subs":false,"_jetpack_newsletter_tier_id":0,"_jetpack_memberships_contains_paywalled_content":false,"_jetpack_memberships_contains_paid_content":false,"footnotes":"","jetpack_publicize_message":"","jetpack_publicize_feature_enabled":true,"jetpack_social_post_already_shared":true,"jetpack_social_options":{"image_generator_settings":{"template":"highway","default_image_id":0,"font":"","enabled":false},"version":2}},"categories":[59],"tags":[314,36,72,58],"class_list":["post-23653","post","type-post","status-publish","format-standard","has-post-thumbnail","hentry","category-saude","tag-aces","tag-algarve","tag-portimao","tag-saude"],"yoast_head":"<!-- This site is optimized with the Yoast SEO plugin v27.5 - https:\/\/yoast.com\/product\/yoast-seo-wordpress\/ -->\n<title>Diabetes em Movimento arranca em Portim\u00e3o no in\u00edcio de 2023 - Algarve 7<\/title>\n<meta name=\"description\" content=\"Diabetes em Movimento arranca em Portim\u00e3o no in\u00edcio de 2023 Sa\u00fade\" \/>\n<meta name=\"robots\" content=\"index, follow, max-snippet:-1, max-image-preview:large, max-video-preview:-1\" \/>\n<link rel=\"canonical\" href=\"https:\/\/algarve7.pt\/index.php\/2022\/11\/diabetes-em-movimento-arranca-em-portimao-no-inicio-de-2023\/saude\/08\/07\/\" \/>\n<meta property=\"og:locale\" content=\"pt_PT\" \/>\n<meta property=\"og:type\" content=\"article\" \/>\n<meta property=\"og:title\" content=\"Diabetes em Movimento arranca em Portim\u00e3o no in\u00edcio de 2023 - Algarve 7\" \/>\n<meta property=\"og:description\" content=\"Diabetes em Movimento arranca em Portim\u00e3o no in\u00edcio de 2023 Sa\u00fade\" \/>\n<meta property=\"og:url\" content=\"https:\/\/algarve7.pt\/index.php\/2022\/11\/diabetes-em-movimento-arranca-em-portimao-no-inicio-de-2023\/saude\/08\/07\/\" \/>\n<meta property=\"og:site_name\" content=\"Algarve 7\" \/>\n<meta property=\"article:publisher\" content=\"https:\/\/www.facebook.com\/algarve7\" \/>\n<meta property=\"article:author\" content=\"https:\/\/www.facebook.com\/algarve7\" \/>\n<meta property=\"article:published_time\" content=\"2022-11-25T08:07:00+00:00\" \/>\n<meta property=\"og:image\" content=\"https:\/\/algarve7.pt\/wp-content\/uploads\/2022\/11\/Diabetes-em-Movimento-Portimao-low.jpg\" \/>\n\t<meta property=\"og:image:width\" content=\"1024\" \/>\n\t<meta property=\"og:image:height\" content=\"682\" \/>\n\t<meta property=\"og:image:type\" content=\"image\/jpeg\" \/>\n<meta name=\"author\" content=\"Algarve 7\" \/>\n<meta name=\"twitter:card\" content=\"summary_large_image\" \/>\n<meta name=\"twitter:creator\" content=\"@Algarvesete\" \/>\n<meta name=\"twitter:site\" content=\"@Algarvesete\" \/>\n<meta name=\"twitter:label1\" content=\"Escrito por\" \/>\n\t<meta name=\"twitter:data1\" content=\"Algarve 7\" \/>\n\t<meta name=\"twitter:label2\" content=\"Tempo estimado de leitura\" \/>\n\t<meta name=\"twitter:data2\" content=\"2 minutos\" \/>\n<script type=\"application\/ld+json\" class=\"yoast-schema-graph\">{\"@context\":\"https:\\\/\\\/schema.org\",\"@graph\":[{\"@type\":\"Article\",\"@id\":\"https:\\\/\\\/algarve7.pt\\\/index.php\\\/2022\\\/11\\\/diabetes-em-movimento-arranca-em-portimao-no-inicio-de-2023\\\/saude\\\/08\\\/07\\\/#article\",\"isPartOf\":{\"@id\":\"https:\\\/\\\/algarve7.pt\\\/index.php\\\/2022\\\/11\\\/diabetes-em-movimento-arranca-em-portimao-no-inicio-de-2023\\\/saude\\\/08\\\/07\\\/\"},\"author\":{\"name\":\"Algarve 7\",\"@id\":\"https:\\\/\\\/algarve7.pt\\\/#\\\/schema\\\/person\\\/23fa70681308e7b319a3204bcea45e0c\"},\"headline\":\"Diabetes em Movimento arranca em Portim\u00e3o no in\u00edcio de 2023\",\"datePublished\":\"2022-11-25T08:07:00+00:00\",\"mainEntityOfPage\":{\"@id\":\"https:\\\/\\\/algarve7.pt\\\/index.php\\\/2022\\\/11\\\/diabetes-em-movimento-arranca-em-portimao-no-inicio-de-2023\\\/saude\\\/08\\\/07\\\/\"},\"wordCount\":303,\"publisher\":{\"@id\":\"https:\\\/\\\/algarve7.pt\\\/#organization\"},\"image\":{\"@id\":\"https:\\\/\\\/algarve7.pt\\\/index.php\\\/2022\\\/11\\\/diabetes-em-movimento-arranca-em-portimao-no-inicio-de-2023\\\/saude\\\/08\\\/07\\\/#primaryimage\"},\"thumbnailUrl\":\"https:\\\/\\\/algarve7.pt\\\/wp-content\\\/uploads\\\/2022\\\/11\\\/Diabetes-em-Movimento-Portimao-low.jpg\",\"keywords\":[\"ACES\",\"Algarve\",\"Portim\u00e3o\",\"Sa\u00fade\"],\"articleSection\":[\"Sa\u00fade\"],\"inLanguage\":\"pt-PT\"},{\"@type\":\"WebPage\",\"@id\":\"https:\\\/\\\/algarve7.pt\\\/index.php\\\/2022\\\/11\\\/diabetes-em-movimento-arranca-em-portimao-no-inicio-de-2023\\\/saude\\\/08\\\/07\\\/\",\"url\":\"https:\\\/\\\/algarve7.pt\\\/index.php\\\/2022\\\/11\\\/diabetes-em-movimento-arranca-em-portimao-no-inicio-de-2023\\\/saude\\\/08\\\/07\\\/\",\"name\":\"Diabetes em Movimento arranca em Portim\u00e3o no in\u00edcio de 2023 - Algarve 7\",\"isPartOf\":{\"@id\":\"https:\\\/\\\/algarve7.pt\\\/#website\"},\"primaryImageOfPage\":{\"@id\":\"https:\\\/\\\/algarve7.pt\\\/index.php\\\/2022\\\/11\\\/diabetes-em-movimento-arranca-em-portimao-no-inicio-de-2023\\\/saude\\\/08\\\/07\\\/#primaryimage\"},\"image\":{\"@id\":\"https:\\\/\\\/algarve7.pt\\\/index.php\\\/2022\\\/11\\\/diabetes-em-movimento-arranca-em-portimao-no-inicio-de-2023\\\/saude\\\/08\\\/07\\\/#primaryimage\"},\"thumbnailUrl\":\"https:\\\/\\\/algarve7.pt\\\/wp-content\\\/uploads\\\/2022\\\/11\\\/Diabetes-em-Movimento-Portimao-low.jpg\",\"datePublished\":\"2022-11-25T08:07:00+00:00\",\"description\":\"Diabetes em Movimento arranca em Portim\u00e3o no in\u00edcio de 2023 Sa\u00fade\",\"breadcrumb\":{\"@id\":\"https:\\\/\\\/algarve7.pt\\\/index.php\\\/2022\\\/11\\\/diabetes-em-movimento-arranca-em-portimao-no-inicio-de-2023\\\/saude\\\/08\\\/07\\\/#breadcrumb\"},\"inLanguage\":\"pt-PT\",\"potentialAction\":[{\"@type\":\"ReadAction\",\"target\":[\"https:\\\/\\\/algarve7.pt\\\/index.php\\\/2022\\\/11\\\/diabetes-em-movimento-arranca-em-portimao-no-inicio-de-2023\\\/saude\\\/08\\\/07\\\/\"]}]},{\"@type\":\"ImageObject\",\"inLanguage\":\"pt-PT\",\"@id\":\"https:\\\/\\\/algarve7.pt\\\/index.php\\\/2022\\\/11\\\/diabetes-em-movimento-arranca-em-portimao-no-inicio-de-2023\\\/saude\\\/08\\\/07\\\/#primaryimage\",\"url\":\"https:\\\/\\\/algarve7.pt\\\/wp-content\\\/uploads\\\/2022\\\/11\\\/Diabetes-em-Movimento-Portimao-low.jpg\",\"contentUrl\":\"https:\\\/\\\/algarve7.pt\\\/wp-content\\\/uploads\\\/2022\\\/11\\\/Diabetes-em-Movimento-Portimao-low.jpg\",\"width\":1024,\"height\":682},{\"@type\":\"BreadcrumbList\",\"@id\":\"https:\\\/\\\/algarve7.pt\\\/index.php\\\/2022\\\/11\\\/diabetes-em-movimento-arranca-em-portimao-no-inicio-de-2023\\\/saude\\\/08\\\/07\\\/#breadcrumb\",\"itemListElement\":[{\"@type\":\"ListItem\",\"position\":1,\"name\":\"In\u00edcio\",\"item\":\"https:\\\/\\\/algarve7.pt\\\/\"},{\"@type\":\"ListItem\",\"position\":2,\"name\":\"Diabetes em Movimento arranca em Portim\u00e3o no in\u00edcio de 2023\"}]},{\"@type\":\"WebSite\",\"@id\":\"https:\\\/\\\/algarve7.pt\\\/#website\",\"url\":\"https:\\\/\\\/algarve7.pt\\\/\",\"name\":\"Algarve 7\",\"description\":\"Informa\u00e7\u00e3o sobre o Algarve\",\"publisher\":{\"@id\":\"https:\\\/\\\/algarve7.pt\\\/#organization\"},\"potentialAction\":[{\"@type\":\"SearchAction\",\"target\":{\"@type\":\"EntryPoint\",\"urlTemplate\":\"https:\\\/\\\/algarve7.pt\\\/?s={search_term_string}\"},\"query-input\":{\"@type\":\"PropertyValueSpecification\",\"valueRequired\":true,\"valueName\":\"search_term_string\"}}],\"inLanguage\":\"pt-PT\"},{\"@type\":\"Organization\",\"@id\":\"https:\\\/\\\/algarve7.pt\\\/#organization\",\"name\":\"Algarve 7\",\"url\":\"https:\\\/\\\/algarve7.pt\\\/\",\"logo\":{\"@type\":\"ImageObject\",\"inLanguage\":\"pt-PT\",\"@id\":\"https:\\\/\\\/algarve7.pt\\\/#\\\/schema\\\/logo\\\/image\\\/\",\"url\":\"https:\\\/\\\/algarve7.pt\\\/wp-content\\\/uploads\\\/2020\\\/10\\\/Logo-8.jpg\",\"contentUrl\":\"https:\\\/\\\/algarve7.pt\\\/wp-content\\\/uploads\\\/2020\\\/10\\\/Logo-8.jpg\",\"width\":1680,\"height\":1186,\"caption\":\"Algarve 7\"},\"image\":{\"@id\":\"https:\\\/\\\/algarve7.pt\\\/#\\\/schema\\\/logo\\\/image\\\/\"},\"sameAs\":[\"https:\\\/\\\/www.facebook.com\\\/algarve7\",\"https:\\\/\\\/x.com\\\/Algarvesete\",\"https:\\\/\\\/www.instagram.com\\\/jornalalgarve7\\\/\",\"https:\\\/\\\/www.linkedin.com\\\/company\\\/algarve7\",\"https:\\\/\\\/www.pinterest.pt\\\/geral0939\\\/_created\\\/\"]},{\"@type\":\"Person\",\"@id\":\"https:\\\/\\\/algarve7.pt\\\/#\\\/schema\\\/person\\\/23fa70681308e7b319a3204bcea45e0c\",\"name\":\"Algarve 7\",\"sameAs\":[\"https:\\\/\\\/algarve7.pt\",\"https:\\\/\\\/www.facebook.com\\\/algarve7\"],\"url\":\"https:\\\/\\\/algarve7.pt\\\/index.php\\\/author\\\/geralalgarve7-pt\\\/\"}]}<\/script>\n<!-- \/ Yoast SEO plugin. -->","yoast_head_json":{"title":"Diabetes em Movimento arranca em Portim\u00e3o no in\u00edcio de 2023 - Algarve 7","description":"Diabetes em Movimento arranca em Portim\u00e3o no in\u00edcio de 2023 Sa\u00fade","robots":{"index":"index","follow":"follow","max-snippet":"max-snippet:-1","max-image-preview":"max-image-preview:large","max-video-preview":"max-video-preview:-1"},"canonical":"https:\/\/algarve7.pt\/index.php\/2022\/11\/diabetes-em-movimento-arranca-em-portimao-no-inicio-de-2023\/saude\/08\/07\/","og_locale":"pt_PT","og_type":"article","og_title":"Diabetes em Movimento arranca em Portim\u00e3o no in\u00edcio de 2023 - Algarve 7","og_description":"Diabetes em Movimento arranca em Portim\u00e3o no in\u00edcio de 2023 Sa\u00fade","og_url":"https:\/\/algarve7.pt\/index.php\/2022\/11\/diabetes-em-movimento-arranca-em-portimao-no-inicio-de-2023\/saude\/08\/07\/","og_site_name":"Algarve 7","article_publisher":"https:\/\/www.facebook.com\/algarve7","article_author":"https:\/\/www.facebook.com\/algarve7","article_published_time":"2022-11-25T08:07:00+00:00","og_image":[{"width":1024,"height":682,"url":"https:\/\/algarve7.pt\/wp-content\/uploads\/2022\/11\/Diabetes-em-Movimento-Portimao-low.jpg","type":"image\/jpeg"}],"author":"Algarve 7","twitter_card":"summary_large_image","twitter_creator":"@Algarvesete","twitter_site":"@Algarvesete","twitter_misc":{"Escrito por":"Algarve 7","Tempo estimado de leitura":"2 minutos"},"schema":{"@context":"https:\/\/schema.org","@graph":[{"@type":"Article","@id":"https:\/\/algarve7.pt\/index.php\/2022\/11\/diabetes-em-movimento-arranca-em-portimao-no-inicio-de-2023\/saude\/08\/07\/#article","isPartOf":{"@id":"https:\/\/algarve7.pt\/index.php\/2022\/11\/diabetes-em-movimento-arranca-em-portimao-no-inicio-de-2023\/saude\/08\/07\/"},"author":{"name":"Algarve 7","@id":"https:\/\/algarve7.pt\/#\/schema\/person\/23fa70681308e7b319a3204bcea45e0c"},"headline":"Diabetes em Movimento arranca em Portim\u00e3o no in\u00edcio de 2023","datePublished":"2022-11-25T08:07:00+00:00","mainEntityOfPage":{"@id":"https:\/\/algarve7.pt\/index.php\/2022\/11\/diabetes-em-movimento-arranca-em-portimao-no-inicio-de-2023\/saude\/08\/07\/"},"wordCount":303,"publisher":{"@id":"https:\/\/algarve7.pt\/#organization"},"image":{"@id":"https:\/\/algarve7.pt\/index.php\/2022\/11\/diabetes-em-movimento-arranca-em-portimao-no-inicio-de-2023\/saude\/08\/07\/#primaryimage"},"thumbnailUrl":"https:\/\/algarve7.pt\/wp-content\/uploads\/2022\/11\/Diabetes-em-Movimento-Portimao-low.jpg","keywords":["ACES","Algarve","Portim\u00e3o","Sa\u00fade"],"articleSection":["Sa\u00fade"],"inLanguage":"pt-PT"},{"@type":"WebPage","@id":"https:\/\/algarve7.pt\/index.php\/2022\/11\/diabetes-em-movimento-arranca-em-portimao-no-inicio-de-2023\/saude\/08\/07\/","url":"https:\/\/algarve7.pt\/index.php\/2022\/11\/diabetes-em-movimento-arranca-em-portimao-no-inicio-de-2023\/saude\/08\/07\/","name":"Diabetes em Movimento arranca em Portim\u00e3o no in\u00edcio de 2023 - Algarve 7","isPartOf":{"@id":"https:\/\/algarve7.pt\/#website"},"primaryImageOfPage":{"@id":"https:\/\/algarve7.pt\/index.php\/2022\/11\/diabetes-em-movimento-arranca-em-portimao-no-inicio-de-2023\/saude\/08\/07\/#primaryimage"},"image":{"@id":"https:\/\/algarve7.pt\/index.php\/2022\/11\/diabetes-em-movimento-arranca-em-portimao-no-inicio-de-2023\/saude\/08\/07\/#primaryimage"},"thumbnailUrl":"https:\/\/algarve7.pt\/wp-content\/uploads\/2022\/11\/Diabetes-em-Movimento-Portimao-low.jpg","datePublished":"2022-11-25T08:07:00+00:00","description":"Diabetes em Movimento arranca em Portim\u00e3o no in\u00edcio de 2023 Sa\u00fade","breadcrumb":{"@id":"https:\/\/algarve7.pt\/index.php\/2022\/11\/diabetes-em-movimento-arranca-em-portimao-no-inicio-de-2023\/saude\/08\/07\/#breadcrumb"},"inLanguage":"pt-PT","potentialAction":[{"@type":"ReadAction","target":["https:\/\/algarve7.pt\/index.php\/2022\/11\/diabetes-em-movimento-arranca-em-portimao-no-inicio-de-2023\/saude\/08\/07\/"]}]},{"@type":"ImageObject","inLanguage":"pt-PT","@id":"https:\/\/algarve7.pt\/index.php\/2022\/11\/diabetes-em-movimento-arranca-em-portimao-no-inicio-de-2023\/saude\/08\/07\/#primaryimage","url":"https:\/\/algarve7.pt\/wp-content\/uploads\/2022\/11\/Diabetes-em-Movimento-Portimao-low.jpg","contentUrl":"https:\/\/algarve7.pt\/wp-content\/uploads\/2022\/11\/Diabetes-em-Movimento-Portimao-low.jpg","width":1024,"height":682},{"@type":"BreadcrumbList","@id":"https:\/\/algarve7.pt\/index.php\/2022\/11\/diabetes-em-movimento-arranca-em-portimao-no-inicio-de-2023\/saude\/08\/07\/#breadcrumb","itemListElement":[{"@type":"ListItem","position":1,"name":"In\u00edcio","item":"https:\/\/algarve7.pt\/"},{"@type":"ListItem","position":2,"name":"Diabetes em Movimento arranca em Portim\u00e3o no in\u00edcio de 2023"}]},{"@type":"WebSite","@id":"https:\/\/algarve7.pt\/#website","url":"https:\/\/algarve7.pt\/","name":"Algarve 7","description":"Informa\u00e7\u00e3o sobre o Algarve","publisher":{"@id":"https:\/\/algarve7.pt\/#organization"},"potentialAction":[{"@type":"SearchAction","target":{"@type":"EntryPoint","urlTemplate":"https:\/\/algarve7.pt\/?s={search_term_string}"},"query-input":{"@type":"PropertyValueSpecification","valueRequired":true,"valueName":"search_term_string"}}],"inLanguage":"pt-PT"},{"@type":"Organization","@id":"https:\/\/algarve7.pt\/#organization","name":"Algarve 7","url":"https:\/\/algarve7.pt\/","logo":{"@type":"ImageObject","inLanguage":"pt-PT","@id":"https:\/\/algarve7.pt\/#\/schema\/logo\/image\/","url":"https:\/\/algarve7.pt\/wp-content\/uploads\/2020\/10\/Logo-8.jpg","contentUrl":"https:\/\/algarve7.pt\/wp-content\/uploads\/2020\/10\/Logo-8.jpg","width":1680,"height":1186,"caption":"Algarve 7"},"image":{"@id":"https:\/\/algarve7.pt\/#\/schema\/logo\/image\/"},"sameAs":["https:\/\/www.facebook.com\/algarve7","https:\/\/x.com\/Algarvesete","https:\/\/www.instagram.com\/jornalalgarve7\/","https:\/\/www.linkedin.com\/company\/algarve7","https:\/\/www.pinterest.pt\/geral0939\/_created\/"]},{"@type":"Person","@id":"https:\/\/algarve7.pt\/#\/schema\/person\/23fa70681308e7b319a3204bcea45e0c","name":"Algarve 7","sameAs":["https:\/\/algarve7.pt","https:\/\/www.facebook.com\/algarve7"],"url":"https:\/\/algarve7.pt\/index.php\/author\/geralalgarve7-pt\/"}]}},"jetpack_publicize_connections":[],"jetpack_featured_media_url":"https:\/\/algarve7.pt\/wp-content\/uploads\/2022\/11\/Diabetes-em-Movimento-Portimao-low.jpg","jetpack_shortlink":"https:\/\/wp.me\/pcezmW-69v","jetpack_sharing_enabled":true,"_links":{"self":[{"href":"https:\/\/algarve7.pt\/index.php\/wp-json\/wp\/v2\/posts\/23653","targetHints":{"allow":["GET"]}}],"collection":[{"href":"https:\/\/algarve7.pt\/index.php\/wp-json\/wp\/v2\/posts"}],"about":[{"href":"https:\/\/algarve7.pt\/index.php\/wp-json\/wp\/v2\/types\/post"}],"author":[{"embeddable":true,"href":"https:\/\/algarve7.pt\/index.php\/wp-json\/wp\/v2\/users\/1"}],"replies":[{"embeddable":true,"href":"https:\/\/algarve7.pt\/index.php\/wp-json\/wp\/v2\/comments?post=23653"}],"version-history":[{"count":0,"href":"https:\/\/algarve7.pt\/index.php\/wp-json\/wp\/v2\/posts\/23653\/revisions"}],"wp:featuredmedia":[{"embeddable":true,"href":"https:\/\/algarve7.pt\/index.php\/wp-json\/wp\/v2\/media\/23654"}],"wp:attachment":[{"href":"https:\/\/algarve7.pt\/index.php\/wp-json\/wp\/v2\/media?parent=23653"}],"wp:term":[{"taxonomy":"category","embeddable":true,"href":"https:\/\/algarve7.pt\/index.php\/wp-json\/wp\/v2\/categories?post=23653"},{"taxonomy":"post_tag","embeddable":true,"href":"https:\/\/algarve7.pt\/index.php\/wp-json\/wp\/v2\/tags?post=23653"}],"curies":[{"name":"wp","href":"https:\/\/api.w.org\/{rel}","templated":true}]}}