{"id":23566,"date":"2022-11-23T11:33:47","date_gmt":"2022-11-23T11:33:47","guid":{"rendered":"https:\/\/algarve7.pt\/?p=23566"},"modified":"2022-11-23T11:33:56","modified_gmt":"2022-11-23T11:33:56","slug":"comissao-municipal-de-defesa-da-floresta-contra-incendios-reuniu-em-loule-e-fez-balanco-de-2022","status":"publish","type":"post","link":"https:\/\/algarve7.pt\/index.php\/2022\/11\/comissao-municipal-de-defesa-da-floresta-contra-incendios-reuniu-em-loule-e-fez-balanco-de-2022\/ambiente\/11\/33\/","title":{"rendered":"Comiss\u00e3o municipal de defesa da floresta contra inc\u00eandios reuniu em Loul\u00e9 e fez balan\u00e7o de 2022"},"content":{"rendered":"\n<p>No passado dia 16 de novembro, nas instala\u00e7\u00f5es do Servi\u00e7o Municipal de Prote\u00e7\u00e3o Civil, Seguran\u00e7a e Floretas, decorreu a reuni\u00e3o da Comiss\u00e3o Municipal de Defesa da Floresta Contra Inc\u00eandios do Munic\u00edpio de Loul\u00e9 onde foi feito o balan\u00e7o da \u00e9poca dos inc\u00eandios rurais no concelho durante 2022, o ano em que houve a maior \u00e1rea ardida neste territ\u00f3rio desde 2004.<\/p>\n\n\n\n<p>O inc\u00eandio que deflagrou nas Gambelas, concelho de Faro, no dia 13 julho, alastrando-se com grande intensidade e gravidade para o concelho de Loul\u00e9, foi respons\u00e1vel pelo aumento da \u00e1rea ardida este ano.<\/p>\n\n\n\n<p>Estas conclus\u00f5es foram, assim, apresentadas numa reuni\u00e3o presidida pelo autarca V\u00edtor Aleixo, tendo sido realizadas v\u00e1rias apresenta\u00e7\u00f5es sobre o trabalho desenvolvido no patamar municipal e os resultados alcan\u00e7ados, desde a fase de planeamento, sensibiliza\u00e7\u00e3o e informa\u00e7\u00e3o p\u00fablica, preven\u00e7\u00e3o, vigil\u00e2ncia e combate a inc\u00eandios rurais.<\/p>\n\n\n\n<p>N\u00e3o obstante a vigil\u00e2ncia normal levada a cabo pelo Servi\u00e7o Municipal de Prote\u00e7\u00e3o Civil, em conjunto com as juntas de freguesias e associa\u00e7\u00f5es e clubes de ca\u00e7adores, houve um refor\u00e7o durante o per\u00edodo em que foi decretada situa\u00e7\u00e3o de conting\u00eancia, por forma a aumentar o empenhamento dos operacionais no terreno. Salienta-se a grande disponibilidade, empenho&nbsp;e coopera\u00e7\u00e3o de todos os agentes de prote\u00e7\u00e3o civil e das popula\u00e7\u00f5es residentes durante os inc\u00eandios rurais que deflagraram no Munic\u00edpio.<\/p>\n\n\n\n<p>Por outro lado, este ano a Autarquia refor\u00e7ou o seu dispositivo atrav\u00e9s da inaugura\u00e7\u00e3o da Unidade Avan\u00e7ada de Prote\u00e7\u00e3o Civil de Loul\u00e9, estrutura localizada estrategicamente para apoiar e refor\u00e7ar a defesa da floresta contra os inc\u00eandios rurais na Serra do Caldeir\u00e3o. Pela primeira vez,&nbsp;entre 20 de junho e 2 de outubro, dois elementos do destacamento de cavalaria da GNR fizeram o patrulhamento florestal di\u00e1rio entre as freguesias de Salir e do Ameixial, contribuindo assim para a preven\u00e7\u00e3o de inc\u00eandios.<\/p>\n\n\n\n<p>De acordo com os respons\u00e1veis municipais, \u00e9 necess\u00e1rio ter consci\u00eancia de que o aumento das temperaturas e a mudan\u00e7a do clima potenciam a ocorr\u00eancia cada vez mais frequente de fen\u00f3menos naturais extremos. Nesse sentido, \u201ca Autarquia continua a trabalhar e a desenvolver a sua estrat\u00e9gia para minimizar os efeitos dos inc\u00eandios rurais, para a seguran\u00e7a e salvaguarda das popula\u00e7\u00f5es e a manuten\u00e7\u00e3o da biodiversidade\u201d.<\/p>\n\n\n\n<p>De referir que neste momento de an\u00e1lise e balan\u00e7o estiveram presentes elementos da Comiss\u00e3o Municipal de Prote\u00e7\u00e3o Civil e as entidades que integram as reuni\u00f5es operacionais de defesa da floresta contra inc\u00eandios, realizadas quinzenalmente entre 1 julho e 30 de setembro, per\u00edodo operacional especial de combate a inc\u00eandios rurais.<\/p>\n","protected":false},"excerpt":{"rendered":"<p>No passado dia 16 de novembro, nas instala\u00e7\u00f5es do Servi\u00e7o Municipal de Prote\u00e7\u00e3o Civil, Seguran\u00e7a e Floretas, decorreu a reuni\u00e3o<\/p>\n","protected":false},"author":1,"featured_media":23567,"comment_status":"closed","ping_status":"open","sticky":false,"template":"","format":"standard","meta":{"colormag_page_container_layout":"default_layout","colormag_page_sidebar_layout":"default_layout","_monsterinsights_skip_tracking":false,"_monsterinsights_sitenote_active":false,"_monsterinsights_sitenote_note":"","_monsterinsights_sitenote_category":0,"jetpack_post_was_ever_published":false,"_jetpack_newsletter_access":"","_jetpack_dont_email_post_to_subs":false,"_jetpack_newsletter_tier_id":0,"_jetpack_memberships_contains_paywalled_content":false,"_jetpack_memberships_contains_paid_content":false,"footnotes":"","jetpack_publicize_message":"","jetpack_publicize_feature_enabled":true,"jetpack_social_post_already_shared":true,"jetpack_social_options":{"image_generator_settings":{"template":"highway","default_image_id":0,"font":"","enabled":false},"version":2}},"categories":[5],"tags":[36,33,135,31,180],"class_list":["post-23566","post","type-post","status-publish","format-standard","has-post-thumbnail","hentry","category-ambiente","tag-algarve","tag-floresta","tag-incendio","tag-loule","tag-protecao-civil"],"yoast_head":"<!-- This site is optimized with the Yoast SEO plugin v27.5 - https:\/\/yoast.com\/product\/yoast-seo-wordpress\/ -->\n<title>Comiss\u00e3o municipal de defesa da floresta contra inc\u00eandios reuniu em Loul\u00e9 e fez balan\u00e7o de 2022 - Algarve 7<\/title>\n<meta name=\"description\" content=\"Comiss\u00e3o municipal de defesa da floresta contra inc\u00eandios reuniu em Loul\u00e9 e fez balan\u00e7o de 2022 Ambiente\" \/>\n<meta name=\"robots\" content=\"index, follow, max-snippet:-1, max-image-preview:large, max-video-preview:-1\" \/>\n<link rel=\"canonical\" href=\"https:\/\/algarve7.pt\/index.php\/2022\/11\/comissao-municipal-de-defesa-da-floresta-contra-incendios-reuniu-em-loule-e-fez-balanco-de-2022\/ambiente\/11\/33\/\" \/>\n<meta property=\"og:locale\" content=\"pt_PT\" \/>\n<meta property=\"og:type\" content=\"article\" \/>\n<meta property=\"og:title\" content=\"Comiss\u00e3o municipal de defesa da floresta contra inc\u00eandios reuniu em Loul\u00e9 e fez balan\u00e7o de 2022 - Algarve 7\" \/>\n<meta property=\"og:description\" content=\"Comiss\u00e3o municipal de defesa da floresta contra inc\u00eandios reuniu em Loul\u00e9 e fez balan\u00e7o de 2022 Ambiente\" \/>\n<meta property=\"og:url\" content=\"https:\/\/algarve7.pt\/index.php\/2022\/11\/comissao-municipal-de-defesa-da-floresta-contra-incendios-reuniu-em-loule-e-fez-balanco-de-2022\/ambiente\/11\/33\/\" \/>\n<meta property=\"og:site_name\" content=\"Algarve 7\" \/>\n<meta property=\"article:publisher\" content=\"https:\/\/www.facebook.com\/algarve7\" \/>\n<meta property=\"article:author\" content=\"https:\/\/www.facebook.com\/algarve7\" \/>\n<meta property=\"article:published_time\" content=\"2022-11-23T11:33:47+00:00\" \/>\n<meta property=\"article:modified_time\" content=\"2022-11-23T11:33:56+00:00\" \/>\n<meta property=\"og:image\" content=\"https:\/\/algarve7.pt\/wp-content\/uploads\/2022\/11\/CMDFCI_CMPC-24.jpeg\" \/>\n\t<meta property=\"og:image:width\" content=\"1600\" \/>\n\t<meta property=\"og:image:height\" content=\"720\" \/>\n\t<meta property=\"og:image:type\" content=\"image\/jpeg\" \/>\n<meta name=\"author\" content=\"Algarve 7\" \/>\n<meta name=\"twitter:card\" content=\"summary_large_image\" \/>\n<meta name=\"twitter:creator\" content=\"@Algarvesete\" \/>\n<meta name=\"twitter:site\" content=\"@Algarvesete\" \/>\n<meta name=\"twitter:label1\" content=\"Escrito por\" \/>\n\t<meta name=\"twitter:data1\" content=\"Algarve 7\" \/>\n\t<meta name=\"twitter:label2\" content=\"Tempo estimado de leitura\" \/>\n\t<meta name=\"twitter:data2\" content=\"3 minutos\" \/>\n<script type=\"application\/ld+json\" class=\"yoast-schema-graph\">{\"@context\":\"https:\\\/\\\/schema.org\",\"@graph\":[{\"@type\":\"Article\",\"@id\":\"https:\\\/\\\/algarve7.pt\\\/index.php\\\/2022\\\/11\\\/comissao-municipal-de-defesa-da-floresta-contra-incendios-reuniu-em-loule-e-fez-balanco-de-2022\\\/ambiente\\\/11\\\/33\\\/#article\",\"isPartOf\":{\"@id\":\"https:\\\/\\\/algarve7.pt\\\/index.php\\\/2022\\\/11\\\/comissao-municipal-de-defesa-da-floresta-contra-incendios-reuniu-em-loule-e-fez-balanco-de-2022\\\/ambiente\\\/11\\\/33\\\/\"},\"author\":{\"name\":\"Algarve 7\",\"@id\":\"https:\\\/\\\/algarve7.pt\\\/#\\\/schema\\\/person\\\/23fa70681308e7b319a3204bcea45e0c\"},\"headline\":\"Comiss\u00e3o municipal de defesa da floresta contra inc\u00eandios reuniu em Loul\u00e9 e fez balan\u00e7o de 2022\",\"datePublished\":\"2022-11-23T11:33:47+00:00\",\"dateModified\":\"2022-11-23T11:33:56+00:00\",\"mainEntityOfPage\":{\"@id\":\"https:\\\/\\\/algarve7.pt\\\/index.php\\\/2022\\\/11\\\/comissao-municipal-de-defesa-da-floresta-contra-incendios-reuniu-em-loule-e-fez-balanco-de-2022\\\/ambiente\\\/11\\\/33\\\/\"},\"wordCount\":487,\"publisher\":{\"@id\":\"https:\\\/\\\/algarve7.pt\\\/#organization\"},\"image\":{\"@id\":\"https:\\\/\\\/algarve7.pt\\\/index.php\\\/2022\\\/11\\\/comissao-municipal-de-defesa-da-floresta-contra-incendios-reuniu-em-loule-e-fez-balanco-de-2022\\\/ambiente\\\/11\\\/33\\\/#primaryimage\"},\"thumbnailUrl\":\"https:\\\/\\\/algarve7.pt\\\/wp-content\\\/uploads\\\/2022\\\/11\\\/CMDFCI_CMPC-24.jpeg\",\"keywords\":[\"Algarve\",\"Floresta\",\"Inc\u00eandio\",\"Loul\u00e9\",\"Prote\u00e7\u00e3o Civil\"],\"articleSection\":[\"Ambiente\"],\"inLanguage\":\"pt-PT\"},{\"@type\":\"WebPage\",\"@id\":\"https:\\\/\\\/algarve7.pt\\\/index.php\\\/2022\\\/11\\\/comissao-municipal-de-defesa-da-floresta-contra-incendios-reuniu-em-loule-e-fez-balanco-de-2022\\\/ambiente\\\/11\\\/33\\\/\",\"url\":\"https:\\\/\\\/algarve7.pt\\\/index.php\\\/2022\\\/11\\\/comissao-municipal-de-defesa-da-floresta-contra-incendios-reuniu-em-loule-e-fez-balanco-de-2022\\\/ambiente\\\/11\\\/33\\\/\",\"name\":\"Comiss\u00e3o municipal de defesa da floresta contra inc\u00eandios reuniu em Loul\u00e9 e fez balan\u00e7o de 2022 - Algarve 7\",\"isPartOf\":{\"@id\":\"https:\\\/\\\/algarve7.pt\\\/#website\"},\"primaryImageOfPage\":{\"@id\":\"https:\\\/\\\/algarve7.pt\\\/index.php\\\/2022\\\/11\\\/comissao-municipal-de-defesa-da-floresta-contra-incendios-reuniu-em-loule-e-fez-balanco-de-2022\\\/ambiente\\\/11\\\/33\\\/#primaryimage\"},\"image\":{\"@id\":\"https:\\\/\\\/algarve7.pt\\\/index.php\\\/2022\\\/11\\\/comissao-municipal-de-defesa-da-floresta-contra-incendios-reuniu-em-loule-e-fez-balanco-de-2022\\\/ambiente\\\/11\\\/33\\\/#primaryimage\"},\"thumbnailUrl\":\"https:\\\/\\\/algarve7.pt\\\/wp-content\\\/uploads\\\/2022\\\/11\\\/CMDFCI_CMPC-24.jpeg\",\"datePublished\":\"2022-11-23T11:33:47+00:00\",\"dateModified\":\"2022-11-23T11:33:56+00:00\",\"description\":\"Comiss\u00e3o municipal de defesa da floresta contra inc\u00eandios reuniu em Loul\u00e9 e fez balan\u00e7o de 2022 Ambiente\",\"breadcrumb\":{\"@id\":\"https:\\\/\\\/algarve7.pt\\\/index.php\\\/2022\\\/11\\\/comissao-municipal-de-defesa-da-floresta-contra-incendios-reuniu-em-loule-e-fez-balanco-de-2022\\\/ambiente\\\/11\\\/33\\\/#breadcrumb\"},\"inLanguage\":\"pt-PT\",\"potentialAction\":[{\"@type\":\"ReadAction\",\"target\":[\"https:\\\/\\\/algarve7.pt\\\/index.php\\\/2022\\\/11\\\/comissao-municipal-de-defesa-da-floresta-contra-incendios-reuniu-em-loule-e-fez-balanco-de-2022\\\/ambiente\\\/11\\\/33\\\/\"]}]},{\"@type\":\"ImageObject\",\"inLanguage\":\"pt-PT\",\"@id\":\"https:\\\/\\\/algarve7.pt\\\/index.php\\\/2022\\\/11\\\/comissao-municipal-de-defesa-da-floresta-contra-incendios-reuniu-em-loule-e-fez-balanco-de-2022\\\/ambiente\\\/11\\\/33\\\/#primaryimage\",\"url\":\"https:\\\/\\\/algarve7.pt\\\/wp-content\\\/uploads\\\/2022\\\/11\\\/CMDFCI_CMPC-24.jpeg\",\"contentUrl\":\"https:\\\/\\\/algarve7.pt\\\/wp-content\\\/uploads\\\/2022\\\/11\\\/CMDFCI_CMPC-24.jpeg\",\"width\":1600,\"height\":720},{\"@type\":\"BreadcrumbList\",\"@id\":\"https:\\\/\\\/algarve7.pt\\\/index.php\\\/2022\\\/11\\\/comissao-municipal-de-defesa-da-floresta-contra-incendios-reuniu-em-loule-e-fez-balanco-de-2022\\\/ambiente\\\/11\\\/33\\\/#breadcrumb\",\"itemListElement\":[{\"@type\":\"ListItem\",\"position\":1,\"name\":\"In\u00edcio\",\"item\":\"https:\\\/\\\/algarve7.pt\\\/\"},{\"@type\":\"ListItem\",\"position\":2,\"name\":\"Comiss\u00e3o municipal de defesa da floresta contra inc\u00eandios reuniu em Loul\u00e9 e fez balan\u00e7o de 2022\"}]},{\"@type\":\"WebSite\",\"@id\":\"https:\\\/\\\/algarve7.pt\\\/#website\",\"url\":\"https:\\\/\\\/algarve7.pt\\\/\",\"name\":\"Algarve 7\",\"description\":\"Informa\u00e7\u00e3o sobre o Algarve\",\"publisher\":{\"@id\":\"https:\\\/\\\/algarve7.pt\\\/#organization\"},\"potentialAction\":[{\"@type\":\"SearchAction\",\"target\":{\"@type\":\"EntryPoint\",\"urlTemplate\":\"https:\\\/\\\/algarve7.pt\\\/?s={search_term_string}\"},\"query-input\":{\"@type\":\"PropertyValueSpecification\",\"valueRequired\":true,\"valueName\":\"search_term_string\"}}],\"inLanguage\":\"pt-PT\"},{\"@type\":\"Organization\",\"@id\":\"https:\\\/\\\/algarve7.pt\\\/#organization\",\"name\":\"Algarve 7\",\"url\":\"https:\\\/\\\/algarve7.pt\\\/\",\"logo\":{\"@type\":\"ImageObject\",\"inLanguage\":\"pt-PT\",\"@id\":\"https:\\\/\\\/algarve7.pt\\\/#\\\/schema\\\/logo\\\/image\\\/\",\"url\":\"https:\\\/\\\/algarve7.pt\\\/wp-content\\\/uploads\\\/2020\\\/10\\\/Logo-8.jpg\",\"contentUrl\":\"https:\\\/\\\/algarve7.pt\\\/wp-content\\\/uploads\\\/2020\\\/10\\\/Logo-8.jpg\",\"width\":1680,\"height\":1186,\"caption\":\"Algarve 7\"},\"image\":{\"@id\":\"https:\\\/\\\/algarve7.pt\\\/#\\\/schema\\\/logo\\\/image\\\/\"},\"sameAs\":[\"https:\\\/\\\/www.facebook.com\\\/algarve7\",\"https:\\\/\\\/x.com\\\/Algarvesete\",\"https:\\\/\\\/www.instagram.com\\\/jornalalgarve7\\\/\",\"https:\\\/\\\/www.linkedin.com\\\/company\\\/algarve7\",\"https:\\\/\\\/www.pinterest.pt\\\/geral0939\\\/_created\\\/\"]},{\"@type\":\"Person\",\"@id\":\"https:\\\/\\\/algarve7.pt\\\/#\\\/schema\\\/person\\\/23fa70681308e7b319a3204bcea45e0c\",\"name\":\"Algarve 7\",\"sameAs\":[\"https:\\\/\\\/algarve7.pt\",\"https:\\\/\\\/www.facebook.com\\\/algarve7\"],\"url\":\"https:\\\/\\\/algarve7.pt\\\/index.php\\\/author\\\/geralalgarve7-pt\\\/\"}]}<\/script>\n<!-- \/ Yoast SEO plugin. -->","yoast_head_json":{"title":"Comiss\u00e3o municipal de defesa da floresta contra inc\u00eandios reuniu em Loul\u00e9 e fez balan\u00e7o de 2022 - Algarve 7","description":"Comiss\u00e3o municipal de defesa da floresta contra inc\u00eandios reuniu em Loul\u00e9 e fez balan\u00e7o de 2022 Ambiente","robots":{"index":"index","follow":"follow","max-snippet":"max-snippet:-1","max-image-preview":"max-image-preview:large","max-video-preview":"max-video-preview:-1"},"canonical":"https:\/\/algarve7.pt\/index.php\/2022\/11\/comissao-municipal-de-defesa-da-floresta-contra-incendios-reuniu-em-loule-e-fez-balanco-de-2022\/ambiente\/11\/33\/","og_locale":"pt_PT","og_type":"article","og_title":"Comiss\u00e3o municipal de defesa da floresta contra inc\u00eandios reuniu em Loul\u00e9 e fez balan\u00e7o de 2022 - Algarve 7","og_description":"Comiss\u00e3o municipal de defesa da floresta contra inc\u00eandios reuniu em Loul\u00e9 e fez balan\u00e7o de 2022 Ambiente","og_url":"https:\/\/algarve7.pt\/index.php\/2022\/11\/comissao-municipal-de-defesa-da-floresta-contra-incendios-reuniu-em-loule-e-fez-balanco-de-2022\/ambiente\/11\/33\/","og_site_name":"Algarve 7","article_publisher":"https:\/\/www.facebook.com\/algarve7","article_author":"https:\/\/www.facebook.com\/algarve7","article_published_time":"2022-11-23T11:33:47+00:00","article_modified_time":"2022-11-23T11:33:56+00:00","og_image":[{"width":1600,"height":720,"url":"https:\/\/algarve7.pt\/wp-content\/uploads\/2022\/11\/CMDFCI_CMPC-24.jpeg","type":"image\/jpeg"}],"author":"Algarve 7","twitter_card":"summary_large_image","twitter_creator":"@Algarvesete","twitter_site":"@Algarvesete","twitter_misc":{"Escrito por":"Algarve 7","Tempo estimado de leitura":"3 minutos"},"schema":{"@context":"https:\/\/schema.org","@graph":[{"@type":"Article","@id":"https:\/\/algarve7.pt\/index.php\/2022\/11\/comissao-municipal-de-defesa-da-floresta-contra-incendios-reuniu-em-loule-e-fez-balanco-de-2022\/ambiente\/11\/33\/#article","isPartOf":{"@id":"https:\/\/algarve7.pt\/index.php\/2022\/11\/comissao-municipal-de-defesa-da-floresta-contra-incendios-reuniu-em-loule-e-fez-balanco-de-2022\/ambiente\/11\/33\/"},"author":{"name":"Algarve 7","@id":"https:\/\/algarve7.pt\/#\/schema\/person\/23fa70681308e7b319a3204bcea45e0c"},"headline":"Comiss\u00e3o municipal de defesa da floresta contra inc\u00eandios reuniu em Loul\u00e9 e fez balan\u00e7o de 2022","datePublished":"2022-11-23T11:33:47+00:00","dateModified":"2022-11-23T11:33:56+00:00","mainEntityOfPage":{"@id":"https:\/\/algarve7.pt\/index.php\/2022\/11\/comissao-municipal-de-defesa-da-floresta-contra-incendios-reuniu-em-loule-e-fez-balanco-de-2022\/ambiente\/11\/33\/"},"wordCount":487,"publisher":{"@id":"https:\/\/algarve7.pt\/#organization"},"image":{"@id":"https:\/\/algarve7.pt\/index.php\/2022\/11\/comissao-municipal-de-defesa-da-floresta-contra-incendios-reuniu-em-loule-e-fez-balanco-de-2022\/ambiente\/11\/33\/#primaryimage"},"thumbnailUrl":"https:\/\/algarve7.pt\/wp-content\/uploads\/2022\/11\/CMDFCI_CMPC-24.jpeg","keywords":["Algarve","Floresta","Inc\u00eandio","Loul\u00e9","Prote\u00e7\u00e3o Civil"],"articleSection":["Ambiente"],"inLanguage":"pt-PT"},{"@type":"WebPage","@id":"https:\/\/algarve7.pt\/index.php\/2022\/11\/comissao-municipal-de-defesa-da-floresta-contra-incendios-reuniu-em-loule-e-fez-balanco-de-2022\/ambiente\/11\/33\/","url":"https:\/\/algarve7.pt\/index.php\/2022\/11\/comissao-municipal-de-defesa-da-floresta-contra-incendios-reuniu-em-loule-e-fez-balanco-de-2022\/ambiente\/11\/33\/","name":"Comiss\u00e3o municipal de defesa da floresta contra inc\u00eandios reuniu em Loul\u00e9 e fez balan\u00e7o de 2022 - Algarve 7","isPartOf":{"@id":"https:\/\/algarve7.pt\/#website"},"primaryImageOfPage":{"@id":"https:\/\/algarve7.pt\/index.php\/2022\/11\/comissao-municipal-de-defesa-da-floresta-contra-incendios-reuniu-em-loule-e-fez-balanco-de-2022\/ambiente\/11\/33\/#primaryimage"},"image":{"@id":"https:\/\/algarve7.pt\/index.php\/2022\/11\/comissao-municipal-de-defesa-da-floresta-contra-incendios-reuniu-em-loule-e-fez-balanco-de-2022\/ambiente\/11\/33\/#primaryimage"},"thumbnailUrl":"https:\/\/algarve7.pt\/wp-content\/uploads\/2022\/11\/CMDFCI_CMPC-24.jpeg","datePublished":"2022-11-23T11:33:47+00:00","dateModified":"2022-11-23T11:33:56+00:00","description":"Comiss\u00e3o municipal de defesa da floresta contra inc\u00eandios reuniu em Loul\u00e9 e fez balan\u00e7o de 2022 Ambiente","breadcrumb":{"@id":"https:\/\/algarve7.pt\/index.php\/2022\/11\/comissao-municipal-de-defesa-da-floresta-contra-incendios-reuniu-em-loule-e-fez-balanco-de-2022\/ambiente\/11\/33\/#breadcrumb"},"inLanguage":"pt-PT","potentialAction":[{"@type":"ReadAction","target":["https:\/\/algarve7.pt\/index.php\/2022\/11\/comissao-municipal-de-defesa-da-floresta-contra-incendios-reuniu-em-loule-e-fez-balanco-de-2022\/ambiente\/11\/33\/"]}]},{"@type":"ImageObject","inLanguage":"pt-PT","@id":"https:\/\/algarve7.pt\/index.php\/2022\/11\/comissao-municipal-de-defesa-da-floresta-contra-incendios-reuniu-em-loule-e-fez-balanco-de-2022\/ambiente\/11\/33\/#primaryimage","url":"https:\/\/algarve7.pt\/wp-content\/uploads\/2022\/11\/CMDFCI_CMPC-24.jpeg","contentUrl":"https:\/\/algarve7.pt\/wp-content\/uploads\/2022\/11\/CMDFCI_CMPC-24.jpeg","width":1600,"height":720},{"@type":"BreadcrumbList","@id":"https:\/\/algarve7.pt\/index.php\/2022\/11\/comissao-municipal-de-defesa-da-floresta-contra-incendios-reuniu-em-loule-e-fez-balanco-de-2022\/ambiente\/11\/33\/#breadcrumb","itemListElement":[{"@type":"ListItem","position":1,"name":"In\u00edcio","item":"https:\/\/algarve7.pt\/"},{"@type":"ListItem","position":2,"name":"Comiss\u00e3o municipal de defesa da floresta contra inc\u00eandios reuniu em Loul\u00e9 e fez balan\u00e7o de 2022"}]},{"@type":"WebSite","@id":"https:\/\/algarve7.pt\/#website","url":"https:\/\/algarve7.pt\/","name":"Algarve 7","description":"Informa\u00e7\u00e3o sobre o Algarve","publisher":{"@id":"https:\/\/algarve7.pt\/#organization"},"potentialAction":[{"@type":"SearchAction","target":{"@type":"EntryPoint","urlTemplate":"https:\/\/algarve7.pt\/?s={search_term_string}"},"query-input":{"@type":"PropertyValueSpecification","valueRequired":true,"valueName":"search_term_string"}}],"inLanguage":"pt-PT"},{"@type":"Organization","@id":"https:\/\/algarve7.pt\/#organization","name":"Algarve 7","url":"https:\/\/algarve7.pt\/","logo":{"@type":"ImageObject","inLanguage":"pt-PT","@id":"https:\/\/algarve7.pt\/#\/schema\/logo\/image\/","url":"https:\/\/algarve7.pt\/wp-content\/uploads\/2020\/10\/Logo-8.jpg","contentUrl":"https:\/\/algarve7.pt\/wp-content\/uploads\/2020\/10\/Logo-8.jpg","width":1680,"height":1186,"caption":"Algarve 7"},"image":{"@id":"https:\/\/algarve7.pt\/#\/schema\/logo\/image\/"},"sameAs":["https:\/\/www.facebook.com\/algarve7","https:\/\/x.com\/Algarvesete","https:\/\/www.instagram.com\/jornalalgarve7\/","https:\/\/www.linkedin.com\/company\/algarve7","https:\/\/www.pinterest.pt\/geral0939\/_created\/"]},{"@type":"Person","@id":"https:\/\/algarve7.pt\/#\/schema\/person\/23fa70681308e7b319a3204bcea45e0c","name":"Algarve 7","sameAs":["https:\/\/algarve7.pt","https:\/\/www.facebook.com\/algarve7"],"url":"https:\/\/algarve7.pt\/index.php\/author\/geralalgarve7-pt\/"}]}},"jetpack_publicize_connections":[],"jetpack_featured_media_url":"https:\/\/algarve7.pt\/wp-content\/uploads\/2022\/11\/CMDFCI_CMPC-24.jpeg","jetpack_shortlink":"https:\/\/wp.me\/pcezmW-686","jetpack_sharing_enabled":true,"_links":{"self":[{"href":"https:\/\/algarve7.pt\/index.php\/wp-json\/wp\/v2\/posts\/23566","targetHints":{"allow":["GET"]}}],"collection":[{"href":"https:\/\/algarve7.pt\/index.php\/wp-json\/wp\/v2\/posts"}],"about":[{"href":"https:\/\/algarve7.pt\/index.php\/wp-json\/wp\/v2\/types\/post"}],"author":[{"embeddable":true,"href":"https:\/\/algarve7.pt\/index.php\/wp-json\/wp\/v2\/users\/1"}],"replies":[{"embeddable":true,"href":"https:\/\/algarve7.pt\/index.php\/wp-json\/wp\/v2\/comments?post=23566"}],"version-history":[{"count":0,"href":"https:\/\/algarve7.pt\/index.php\/wp-json\/wp\/v2\/posts\/23566\/revisions"}],"wp:featuredmedia":[{"embeddable":true,"href":"https:\/\/algarve7.pt\/index.php\/wp-json\/wp\/v2\/media\/23567"}],"wp:attachment":[{"href":"https:\/\/algarve7.pt\/index.php\/wp-json\/wp\/v2\/media?parent=23566"}],"wp:term":[{"taxonomy":"category","embeddable":true,"href":"https:\/\/algarve7.pt\/index.php\/wp-json\/wp\/v2\/categories?post=23566"},{"taxonomy":"post_tag","embeddable":true,"href":"https:\/\/algarve7.pt\/index.php\/wp-json\/wp\/v2\/tags?post=23566"}],"curies":[{"name":"wp","href":"https:\/\/api.w.org\/{rel}","templated":true}]}}