{"id":23526,"date":"2022-11-22T08:18:00","date_gmt":"2022-11-22T08:18:00","guid":{"rendered":"https:\/\/algarve7.pt\/?p=23526"},"modified":"2022-11-21T19:21:11","modified_gmt":"2022-11-21T19:21:11","slug":"novo-site-da-rta-algarve-eventos","status":"publish","type":"post","link":"https:\/\/algarve7.pt\/index.php\/2022\/11\/novo-site-da-rta-algarve-eventos\/turismo\/08\/18\/","title":{"rendered":"Novo site da RTA \u00abAlgarve Eventos\u00bb"},"content":{"rendered":"\n<p>O Turismo do Algarve acaba de lan\u00e7ar um novo site para divulgar a oferta de lazer e cultural da regi\u00e3o. Chama-se \u00abAlgarve Eventos\u00bb, est\u00e1 acess\u00edvel no endere\u00e7o <a href=\"http:\/\/www.eventos.visitalgarve.pt\/\" target=\"_blank\" rel=\"noreferrer noopener\"><strong>eventos.visitalgarve.pt<\/strong><\/a> e quer ser um agregador de tudo o que acontece nos 16 concelhos da regi\u00e3o, em substitui\u00e7\u00e3o do \u00abGuia Algarve\u00bb, at\u00e9 agora impresso mensalmente.<\/p>\n\n\n\n<p>Divulga\u00e7\u00e3o de mais eventos, incluindo os de dimens\u00e3o local, atualiza\u00e7\u00e3o em tempo real do que acontece na regi\u00e3o e aumento do alcance da informa\u00e7\u00e3o disponibilizada a turistas e residentes s\u00e3o algumas das vantagens que levaram o Turismo do Algarve a apostar neste formato. Para al\u00e9m da significativa redu\u00e7\u00e3o da pegada ecol\u00f3gica, associada \u00e0 produ\u00e7\u00e3o e distribui\u00e7\u00e3o do anterior guia, que s\u00f3 em papel consumia cerca de 21 toneladas por ano.<\/p>\n\n\n\n<p>O novo site integra funcionalidades como pesquisa de eventos por categoria, data e concelho e ao abrir a p\u00e1gina de um evento ser\u00e1 poss\u00edvel adicion\u00e1-lo ao calend\u00e1rio, a uma <em>wishlist<\/em> ou at\u00e9 partilh\u00e1-lo nas principais redes sociais. Outra possibilidade ser\u00e1 subscrever uma newsletter para receber diretamente os destaques da semana.<\/p>\n\n\n\n<p>Numa \u00e9poca em que as tend\u00eancias de padr\u00f5es de consumo revelam a prefer\u00eancia pelo acesso a conte\u00fados online, a expectativa com a disponibiliza\u00e7\u00e3o dos eventos num site bilingue, em ingl\u00eas e portugu\u00eas, \u00e9 que resulte igualmente na atra\u00e7\u00e3o de mais turistas para a regi\u00e3o durante todo o ano, atenuando desta forma a sazonalidade.<\/p>\n\n\n\n<p>\u00abPretendemos que o novo site enrique\u00e7a o conjunto de instrumentos de promo\u00e7\u00e3o tur\u00edstica e cultural do territ\u00f3rio que integram a marca Algarve. Al\u00e9m de favorecer uma gest\u00e3o c\u00e9lere e facilitada dos conte\u00fados, o site ter\u00e1 tamb\u00e9m uma navega\u00e7\u00e3o intuitiva, estando presente a preocupa\u00e7\u00e3o com a disponibiliza\u00e7\u00e3o da informa\u00e7\u00e3o em dispositivos m\u00f3veis\u00bb, explica o presidente do Turismo do Algarve, Jo\u00e3o Fernandes.<\/p>\n\n\n\n<p>\u00abDesta forma, esperamos melhorar a experi\u00eancia de quem nos visita, facilitar a intera\u00e7\u00e3o com o destino e aumentar a efici\u00eancia da comunica\u00e7\u00e3o e da frui\u00e7\u00e3o dos espa\u00e7os e acontecimentos da regi\u00e3o\u00bb, conclui Jo\u00e3o Fernandes.<\/p>\n\n\n\n<p>Festival da batata-doce de Aljezur, Festival Internacional de \u00d3rg\u00e3o do Algarve e o bailado Bela Adormecida s\u00e3o alguns dos eventos em destaque na programa\u00e7\u00e3o de novembro do novo site do Algarve, queresulta de uma candidatura \u00e0 Linha Territ\u00f3rios Inteligentes | Transformar Turismo, do Turismo de Portugal.<\/p>\n","protected":false},"excerpt":{"rendered":"<p>O Turismo do Algarve acaba de lan\u00e7ar um novo site para divulgar a oferta de lazer e cultural da regi\u00e3o.<\/p>\n","protected":false},"author":1,"featured_media":23527,"comment_status":"closed","ping_status":"open","sticky":false,"template":"","format":"standard","meta":{"colormag_page_container_layout":"default_layout","colormag_page_sidebar_layout":"default_layout","_monsterinsights_skip_tracking":false,"_monsterinsights_sitenote_active":false,"_monsterinsights_sitenote_note":"","_monsterinsights_sitenote_category":0,"jetpack_post_was_ever_published":false,"_jetpack_newsletter_access":"","_jetpack_dont_email_post_to_subs":false,"_jetpack_newsletter_tier_id":0,"_jetpack_memberships_contains_paywalled_content":false,"_jetpack_memberships_contains_paid_content":false,"footnotes":"","jetpack_publicize_message":"","jetpack_publicize_feature_enabled":true,"jetpack_social_post_already_shared":true,"jetpack_social_options":{"image_generator_settings":{"template":"highway","default_image_id":0,"font":"","enabled":false},"version":2}},"categories":[17],"tags":[36,35,173,45],"class_list":["post-23526","post","type-post","status-publish","format-standard","has-post-thumbnail","hentry","category-turismo","tag-algarve","tag-cultura","tag-rta","tag-turismo"],"yoast_head":"<!-- This site is optimized with the Yoast SEO plugin v27.5 - https:\/\/yoast.com\/product\/yoast-seo-wordpress\/ -->\n<title>Novo site da RTA \u00abAlgarve Eventos\u00bb - Algarve 7<\/title>\n<meta name=\"description\" content=\"Novo site da RTA \u00abAlgarve Eventos\u00bb Turismo\" \/>\n<meta name=\"robots\" content=\"index, follow, max-snippet:-1, max-image-preview:large, max-video-preview:-1\" \/>\n<link rel=\"canonical\" href=\"https:\/\/algarve7.pt\/index.php\/2022\/11\/novo-site-da-rta-algarve-eventos\/turismo\/08\/18\/\" \/>\n<meta property=\"og:locale\" content=\"pt_PT\" \/>\n<meta property=\"og:type\" content=\"article\" \/>\n<meta property=\"og:title\" content=\"Novo site da RTA \u00abAlgarve Eventos\u00bb - Algarve 7\" \/>\n<meta property=\"og:description\" content=\"Novo site da RTA \u00abAlgarve Eventos\u00bb Turismo\" \/>\n<meta property=\"og:url\" content=\"https:\/\/algarve7.pt\/index.php\/2022\/11\/novo-site-da-rta-algarve-eventos\/turismo\/08\/18\/\" \/>\n<meta property=\"og:site_name\" content=\"Algarve 7\" \/>\n<meta property=\"article:publisher\" content=\"https:\/\/www.facebook.com\/algarve7\" \/>\n<meta property=\"article:author\" content=\"https:\/\/www.facebook.com\/algarve7\" \/>\n<meta property=\"article:published_time\" content=\"2022-11-22T08:18:00+00:00\" \/>\n<meta property=\"og:image\" content=\"https:\/\/algarve7.pt\/wp-content\/uploads\/2022\/11\/RTA_PR_2022_25_novo_site.jpg\" \/>\n\t<meta property=\"og:image:width\" content=\"1140\" \/>\n\t<meta property=\"og:image:height\" content=\"561\" \/>\n\t<meta property=\"og:image:type\" content=\"image\/jpeg\" \/>\n<meta name=\"author\" content=\"Algarve 7\" \/>\n<meta name=\"twitter:card\" content=\"summary_large_image\" \/>\n<meta name=\"twitter:creator\" content=\"@Algarvesete\" \/>\n<meta name=\"twitter:site\" content=\"@Algarvesete\" \/>\n<meta name=\"twitter:label1\" content=\"Escrito por\" \/>\n\t<meta name=\"twitter:data1\" content=\"Algarve 7\" \/>\n\t<meta name=\"twitter:label2\" content=\"Tempo estimado de leitura\" \/>\n\t<meta name=\"twitter:data2\" content=\"3 minutos\" \/>\n<script type=\"application\/ld+json\" class=\"yoast-schema-graph\">{\"@context\":\"https:\\\/\\\/schema.org\",\"@graph\":[{\"@type\":\"Article\",\"@id\":\"https:\\\/\\\/algarve7.pt\\\/index.php\\\/2022\\\/11\\\/novo-site-da-rta-algarve-eventos\\\/turismo\\\/08\\\/18\\\/#article\",\"isPartOf\":{\"@id\":\"https:\\\/\\\/algarve7.pt\\\/index.php\\\/2022\\\/11\\\/novo-site-da-rta-algarve-eventos\\\/turismo\\\/08\\\/18\\\/\"},\"author\":{\"name\":\"Algarve 7\",\"@id\":\"https:\\\/\\\/algarve7.pt\\\/#\\\/schema\\\/person\\\/23fa70681308e7b319a3204bcea45e0c\"},\"headline\":\"Novo site da RTA \u00abAlgarve Eventos\u00bb\",\"datePublished\":\"2022-11-22T08:18:00+00:00\",\"mainEntityOfPage\":{\"@id\":\"https:\\\/\\\/algarve7.pt\\\/index.php\\\/2022\\\/11\\\/novo-site-da-rta-algarve-eventos\\\/turismo\\\/08\\\/18\\\/\"},\"wordCount\":425,\"publisher\":{\"@id\":\"https:\\\/\\\/algarve7.pt\\\/#organization\"},\"image\":{\"@id\":\"https:\\\/\\\/algarve7.pt\\\/index.php\\\/2022\\\/11\\\/novo-site-da-rta-algarve-eventos\\\/turismo\\\/08\\\/18\\\/#primaryimage\"},\"thumbnailUrl\":\"https:\\\/\\\/algarve7.pt\\\/wp-content\\\/uploads\\\/2022\\\/11\\\/RTA_PR_2022_25_novo_site.jpg\",\"keywords\":[\"Algarve\",\"Cultura\",\"RTA\",\"Turismo\"],\"articleSection\":[\"Turismo\"],\"inLanguage\":\"pt-PT\"},{\"@type\":\"WebPage\",\"@id\":\"https:\\\/\\\/algarve7.pt\\\/index.php\\\/2022\\\/11\\\/novo-site-da-rta-algarve-eventos\\\/turismo\\\/08\\\/18\\\/\",\"url\":\"https:\\\/\\\/algarve7.pt\\\/index.php\\\/2022\\\/11\\\/novo-site-da-rta-algarve-eventos\\\/turismo\\\/08\\\/18\\\/\",\"name\":\"Novo site da RTA \u00abAlgarve Eventos\u00bb - Algarve 7\",\"isPartOf\":{\"@id\":\"https:\\\/\\\/algarve7.pt\\\/#website\"},\"primaryImageOfPage\":{\"@id\":\"https:\\\/\\\/algarve7.pt\\\/index.php\\\/2022\\\/11\\\/novo-site-da-rta-algarve-eventos\\\/turismo\\\/08\\\/18\\\/#primaryimage\"},\"image\":{\"@id\":\"https:\\\/\\\/algarve7.pt\\\/index.php\\\/2022\\\/11\\\/novo-site-da-rta-algarve-eventos\\\/turismo\\\/08\\\/18\\\/#primaryimage\"},\"thumbnailUrl\":\"https:\\\/\\\/algarve7.pt\\\/wp-content\\\/uploads\\\/2022\\\/11\\\/RTA_PR_2022_25_novo_site.jpg\",\"datePublished\":\"2022-11-22T08:18:00+00:00\",\"description\":\"Novo site da RTA \u00abAlgarve Eventos\u00bb Turismo\",\"breadcrumb\":{\"@id\":\"https:\\\/\\\/algarve7.pt\\\/index.php\\\/2022\\\/11\\\/novo-site-da-rta-algarve-eventos\\\/turismo\\\/08\\\/18\\\/#breadcrumb\"},\"inLanguage\":\"pt-PT\",\"potentialAction\":[{\"@type\":\"ReadAction\",\"target\":[\"https:\\\/\\\/algarve7.pt\\\/index.php\\\/2022\\\/11\\\/novo-site-da-rta-algarve-eventos\\\/turismo\\\/08\\\/18\\\/\"]}]},{\"@type\":\"ImageObject\",\"inLanguage\":\"pt-PT\",\"@id\":\"https:\\\/\\\/algarve7.pt\\\/index.php\\\/2022\\\/11\\\/novo-site-da-rta-algarve-eventos\\\/turismo\\\/08\\\/18\\\/#primaryimage\",\"url\":\"https:\\\/\\\/algarve7.pt\\\/wp-content\\\/uploads\\\/2022\\\/11\\\/RTA_PR_2022_25_novo_site.jpg\",\"contentUrl\":\"https:\\\/\\\/algarve7.pt\\\/wp-content\\\/uploads\\\/2022\\\/11\\\/RTA_PR_2022_25_novo_site.jpg\",\"width\":1140,\"height\":561},{\"@type\":\"BreadcrumbList\",\"@id\":\"https:\\\/\\\/algarve7.pt\\\/index.php\\\/2022\\\/11\\\/novo-site-da-rta-algarve-eventos\\\/turismo\\\/08\\\/18\\\/#breadcrumb\",\"itemListElement\":[{\"@type\":\"ListItem\",\"position\":1,\"name\":\"In\u00edcio\",\"item\":\"https:\\\/\\\/algarve7.pt\\\/\"},{\"@type\":\"ListItem\",\"position\":2,\"name\":\"Novo site da RTA \u00abAlgarve Eventos\u00bb\"}]},{\"@type\":\"WebSite\",\"@id\":\"https:\\\/\\\/algarve7.pt\\\/#website\",\"url\":\"https:\\\/\\\/algarve7.pt\\\/\",\"name\":\"Algarve 7\",\"description\":\"Informa\u00e7\u00e3o sobre o Algarve\",\"publisher\":{\"@id\":\"https:\\\/\\\/algarve7.pt\\\/#organization\"},\"potentialAction\":[{\"@type\":\"SearchAction\",\"target\":{\"@type\":\"EntryPoint\",\"urlTemplate\":\"https:\\\/\\\/algarve7.pt\\\/?s={search_term_string}\"},\"query-input\":{\"@type\":\"PropertyValueSpecification\",\"valueRequired\":true,\"valueName\":\"search_term_string\"}}],\"inLanguage\":\"pt-PT\"},{\"@type\":\"Organization\",\"@id\":\"https:\\\/\\\/algarve7.pt\\\/#organization\",\"name\":\"Algarve 7\",\"url\":\"https:\\\/\\\/algarve7.pt\\\/\",\"logo\":{\"@type\":\"ImageObject\",\"inLanguage\":\"pt-PT\",\"@id\":\"https:\\\/\\\/algarve7.pt\\\/#\\\/schema\\\/logo\\\/image\\\/\",\"url\":\"https:\\\/\\\/algarve7.pt\\\/wp-content\\\/uploads\\\/2020\\\/10\\\/Logo-8.jpg\",\"contentUrl\":\"https:\\\/\\\/algarve7.pt\\\/wp-content\\\/uploads\\\/2020\\\/10\\\/Logo-8.jpg\",\"width\":1680,\"height\":1186,\"caption\":\"Algarve 7\"},\"image\":{\"@id\":\"https:\\\/\\\/algarve7.pt\\\/#\\\/schema\\\/logo\\\/image\\\/\"},\"sameAs\":[\"https:\\\/\\\/www.facebook.com\\\/algarve7\",\"https:\\\/\\\/x.com\\\/Algarvesete\",\"https:\\\/\\\/www.instagram.com\\\/jornalalgarve7\\\/\",\"https:\\\/\\\/www.linkedin.com\\\/company\\\/algarve7\",\"https:\\\/\\\/www.pinterest.pt\\\/geral0939\\\/_created\\\/\"]},{\"@type\":\"Person\",\"@id\":\"https:\\\/\\\/algarve7.pt\\\/#\\\/schema\\\/person\\\/23fa70681308e7b319a3204bcea45e0c\",\"name\":\"Algarve 7\",\"sameAs\":[\"https:\\\/\\\/algarve7.pt\",\"https:\\\/\\\/www.facebook.com\\\/algarve7\"],\"url\":\"https:\\\/\\\/algarve7.pt\\\/index.php\\\/author\\\/geralalgarve7-pt\\\/\"}]}<\/script>\n<!-- \/ Yoast SEO plugin. -->","yoast_head_json":{"title":"Novo site da RTA \u00abAlgarve Eventos\u00bb - Algarve 7","description":"Novo site da RTA \u00abAlgarve Eventos\u00bb Turismo","robots":{"index":"index","follow":"follow","max-snippet":"max-snippet:-1","max-image-preview":"max-image-preview:large","max-video-preview":"max-video-preview:-1"},"canonical":"https:\/\/algarve7.pt\/index.php\/2022\/11\/novo-site-da-rta-algarve-eventos\/turismo\/08\/18\/","og_locale":"pt_PT","og_type":"article","og_title":"Novo site da RTA \u00abAlgarve Eventos\u00bb - Algarve 7","og_description":"Novo site da RTA \u00abAlgarve Eventos\u00bb Turismo","og_url":"https:\/\/algarve7.pt\/index.php\/2022\/11\/novo-site-da-rta-algarve-eventos\/turismo\/08\/18\/","og_site_name":"Algarve 7","article_publisher":"https:\/\/www.facebook.com\/algarve7","article_author":"https:\/\/www.facebook.com\/algarve7","article_published_time":"2022-11-22T08:18:00+00:00","og_image":[{"width":1140,"height":561,"url":"https:\/\/algarve7.pt\/wp-content\/uploads\/2022\/11\/RTA_PR_2022_25_novo_site.jpg","type":"image\/jpeg"}],"author":"Algarve 7","twitter_card":"summary_large_image","twitter_creator":"@Algarvesete","twitter_site":"@Algarvesete","twitter_misc":{"Escrito por":"Algarve 7","Tempo estimado de leitura":"3 minutos"},"schema":{"@context":"https:\/\/schema.org","@graph":[{"@type":"Article","@id":"https:\/\/algarve7.pt\/index.php\/2022\/11\/novo-site-da-rta-algarve-eventos\/turismo\/08\/18\/#article","isPartOf":{"@id":"https:\/\/algarve7.pt\/index.php\/2022\/11\/novo-site-da-rta-algarve-eventos\/turismo\/08\/18\/"},"author":{"name":"Algarve 7","@id":"https:\/\/algarve7.pt\/#\/schema\/person\/23fa70681308e7b319a3204bcea45e0c"},"headline":"Novo site da RTA \u00abAlgarve Eventos\u00bb","datePublished":"2022-11-22T08:18:00+00:00","mainEntityOfPage":{"@id":"https:\/\/algarve7.pt\/index.php\/2022\/11\/novo-site-da-rta-algarve-eventos\/turismo\/08\/18\/"},"wordCount":425,"publisher":{"@id":"https:\/\/algarve7.pt\/#organization"},"image":{"@id":"https:\/\/algarve7.pt\/index.php\/2022\/11\/novo-site-da-rta-algarve-eventos\/turismo\/08\/18\/#primaryimage"},"thumbnailUrl":"https:\/\/algarve7.pt\/wp-content\/uploads\/2022\/11\/RTA_PR_2022_25_novo_site.jpg","keywords":["Algarve","Cultura","RTA","Turismo"],"articleSection":["Turismo"],"inLanguage":"pt-PT"},{"@type":"WebPage","@id":"https:\/\/algarve7.pt\/index.php\/2022\/11\/novo-site-da-rta-algarve-eventos\/turismo\/08\/18\/","url":"https:\/\/algarve7.pt\/index.php\/2022\/11\/novo-site-da-rta-algarve-eventos\/turismo\/08\/18\/","name":"Novo site da RTA \u00abAlgarve Eventos\u00bb - Algarve 7","isPartOf":{"@id":"https:\/\/algarve7.pt\/#website"},"primaryImageOfPage":{"@id":"https:\/\/algarve7.pt\/index.php\/2022\/11\/novo-site-da-rta-algarve-eventos\/turismo\/08\/18\/#primaryimage"},"image":{"@id":"https:\/\/algarve7.pt\/index.php\/2022\/11\/novo-site-da-rta-algarve-eventos\/turismo\/08\/18\/#primaryimage"},"thumbnailUrl":"https:\/\/algarve7.pt\/wp-content\/uploads\/2022\/11\/RTA_PR_2022_25_novo_site.jpg","datePublished":"2022-11-22T08:18:00+00:00","description":"Novo site da RTA \u00abAlgarve Eventos\u00bb Turismo","breadcrumb":{"@id":"https:\/\/algarve7.pt\/index.php\/2022\/11\/novo-site-da-rta-algarve-eventos\/turismo\/08\/18\/#breadcrumb"},"inLanguage":"pt-PT","potentialAction":[{"@type":"ReadAction","target":["https:\/\/algarve7.pt\/index.php\/2022\/11\/novo-site-da-rta-algarve-eventos\/turismo\/08\/18\/"]}]},{"@type":"ImageObject","inLanguage":"pt-PT","@id":"https:\/\/algarve7.pt\/index.php\/2022\/11\/novo-site-da-rta-algarve-eventos\/turismo\/08\/18\/#primaryimage","url":"https:\/\/algarve7.pt\/wp-content\/uploads\/2022\/11\/RTA_PR_2022_25_novo_site.jpg","contentUrl":"https:\/\/algarve7.pt\/wp-content\/uploads\/2022\/11\/RTA_PR_2022_25_novo_site.jpg","width":1140,"height":561},{"@type":"BreadcrumbList","@id":"https:\/\/algarve7.pt\/index.php\/2022\/11\/novo-site-da-rta-algarve-eventos\/turismo\/08\/18\/#breadcrumb","itemListElement":[{"@type":"ListItem","position":1,"name":"In\u00edcio","item":"https:\/\/algarve7.pt\/"},{"@type":"ListItem","position":2,"name":"Novo site da RTA \u00abAlgarve Eventos\u00bb"}]},{"@type":"WebSite","@id":"https:\/\/algarve7.pt\/#website","url":"https:\/\/algarve7.pt\/","name":"Algarve 7","description":"Informa\u00e7\u00e3o sobre o Algarve","publisher":{"@id":"https:\/\/algarve7.pt\/#organization"},"potentialAction":[{"@type":"SearchAction","target":{"@type":"EntryPoint","urlTemplate":"https:\/\/algarve7.pt\/?s={search_term_string}"},"query-input":{"@type":"PropertyValueSpecification","valueRequired":true,"valueName":"search_term_string"}}],"inLanguage":"pt-PT"},{"@type":"Organization","@id":"https:\/\/algarve7.pt\/#organization","name":"Algarve 7","url":"https:\/\/algarve7.pt\/","logo":{"@type":"ImageObject","inLanguage":"pt-PT","@id":"https:\/\/algarve7.pt\/#\/schema\/logo\/image\/","url":"https:\/\/algarve7.pt\/wp-content\/uploads\/2020\/10\/Logo-8.jpg","contentUrl":"https:\/\/algarve7.pt\/wp-content\/uploads\/2020\/10\/Logo-8.jpg","width":1680,"height":1186,"caption":"Algarve 7"},"image":{"@id":"https:\/\/algarve7.pt\/#\/schema\/logo\/image\/"},"sameAs":["https:\/\/www.facebook.com\/algarve7","https:\/\/x.com\/Algarvesete","https:\/\/www.instagram.com\/jornalalgarve7\/","https:\/\/www.linkedin.com\/company\/algarve7","https:\/\/www.pinterest.pt\/geral0939\/_created\/"]},{"@type":"Person","@id":"https:\/\/algarve7.pt\/#\/schema\/person\/23fa70681308e7b319a3204bcea45e0c","name":"Algarve 7","sameAs":["https:\/\/algarve7.pt","https:\/\/www.facebook.com\/algarve7"],"url":"https:\/\/algarve7.pt\/index.php\/author\/geralalgarve7-pt\/"}]}},"jetpack_publicize_connections":[],"jetpack_featured_media_url":"https:\/\/algarve7.pt\/wp-content\/uploads\/2022\/11\/RTA_PR_2022_25_novo_site.jpg","jetpack_shortlink":"https:\/\/wp.me\/pcezmW-67s","jetpack_sharing_enabled":true,"_links":{"self":[{"href":"https:\/\/algarve7.pt\/index.php\/wp-json\/wp\/v2\/posts\/23526","targetHints":{"allow":["GET"]}}],"collection":[{"href":"https:\/\/algarve7.pt\/index.php\/wp-json\/wp\/v2\/posts"}],"about":[{"href":"https:\/\/algarve7.pt\/index.php\/wp-json\/wp\/v2\/types\/post"}],"author":[{"embeddable":true,"href":"https:\/\/algarve7.pt\/index.php\/wp-json\/wp\/v2\/users\/1"}],"replies":[{"embeddable":true,"href":"https:\/\/algarve7.pt\/index.php\/wp-json\/wp\/v2\/comments?post=23526"}],"version-history":[{"count":0,"href":"https:\/\/algarve7.pt\/index.php\/wp-json\/wp\/v2\/posts\/23526\/revisions"}],"wp:featuredmedia":[{"embeddable":true,"href":"https:\/\/algarve7.pt\/index.php\/wp-json\/wp\/v2\/media\/23527"}],"wp:attachment":[{"href":"https:\/\/algarve7.pt\/index.php\/wp-json\/wp\/v2\/media?parent=23526"}],"wp:term":[{"taxonomy":"category","embeddable":true,"href":"https:\/\/algarve7.pt\/index.php\/wp-json\/wp\/v2\/categories?post=23526"},{"taxonomy":"post_tag","embeddable":true,"href":"https:\/\/algarve7.pt\/index.php\/wp-json\/wp\/v2\/tags?post=23526"}],"curies":[{"name":"wp","href":"https:\/\/api.w.org\/{rel}","templated":true}]}}