{"id":23522,"date":"2022-11-21T18:57:03","date_gmt":"2022-11-21T18:57:03","guid":{"rendered":"https:\/\/algarve7.pt\/?p=23522"},"modified":"2022-11-21T18:57:06","modified_gmt":"2022-11-21T18:57:06","slug":"som-riscado-traz-mao-morta-cinema-mudo-e-discoteca-silenciosa-a-loule","status":"publish","type":"post","link":"https:\/\/algarve7.pt\/index.php\/2022\/11\/som-riscado-traz-mao-morta-cinema-mudo-e-discoteca-silenciosa-a-loule\/cultura\/18\/57\/","title":{"rendered":"Som Riscado traz m\u00e3o morta, cinema mudo e discoteca silenciosa a Loul\u00e9"},"content":{"rendered":"\n<p>Vem a\u00ed a s\u00e9tima edi\u00e7\u00e3o do Som Riscado, Festival de M\u00fasica e Imagem de Loul\u00e9, de 24 a 27 de novembro! Sendo que, este ano, o Festival invade seis espa\u00e7os: o Cineteatro Louletano, o Pal\u00e1cio Gama Lobo, a Casa da Cultura de Loul\u00e9, o Solar da M\u00fasica Nova, a Escola Secund\u00e1ria de Loul\u00e9 e a Sede do Rancho Folcl\u00f3rico Infantil e Juvenil de Loul\u00e9.<\/p>\n\n\n\n<p>\u00c0 semelhan\u00e7a de anos anteriores, mantendo o ADN que presidiu \u00e0 sua cria\u00e7\u00e3o, o Festival avan\u00e7a com propostas irreverentes, a maioria delas gratuitas. Come\u00e7ando de tr\u00e1s para a frente \u2013 ou seja, pelo fim \u2013 h\u00e1 os M\u00e3o Morta Redux, ressuscitados em vers\u00e3o trio com Adolfo Lux\u00faria Canibal, Miguel Pedro e Ant\u00f3nio Rafael. \u00c9 no dia 27, \u00e0s 21h00, no Cineteatro, que os M\u00e3o Morta tocam ao vivo uma banda sonora original para um filme russo, de 1928, \u201cA Casa na Pra\u00e7a Trubnaia\u201d. Trata-se de uma com\u00e9dia do cineasta Boris Barnet que satiriza a explora\u00e7\u00e3o dos necessitados pela pequena burguesia, iludindo os sindicatos, ap\u00f3s a Revolu\u00e7\u00e3o socialista de 1917. Ao cine-concerto, segue-se uma conversa com a banda.<\/p>\n\n\n\n<p>Mas voltemos ao princ\u00edpio: o Pr\u00e9-Festival arranca dia 21, com uma oficina que envolver\u00e1 uma turma de Multim\u00e9dia da Escola Secund\u00e1ria de Loul\u00e9, intitulada \u201cUm, dois\u2026som!\u201d, organizada pelo Teatro da Didasc\u00e1lia, que promove tamb\u00e9m o espet\u00e1culo \u201cSoundcheck\u201d. Os alunos da ESL integrar\u00e3o, posteriormente, este espet\u00e1culo a 26, interpretando um dos temas rock de \u201cSoundcheck\u201d.<\/p>\n\n\n\n<p>A inaugura\u00e7\u00e3o oficial surge a 24 com \u201cSublumia\u201d, no Pal\u00e1cio Gama Lobo. \u201cSublumia\u201d, trazido pelo coletivo Sonoscopia, \u00e9 uma instala\u00e7\u00e3o sonora e visual que estar\u00e1 patente durante todo o festival, incorporando objetos sonoros e dispositivos visuais. Os objetos utilizam a capta\u00e7\u00e3o sonora e proje\u00e7\u00e3o de luz de e sobre diversos l\u00edquidos e elementos eletromec\u00e2nicos, tais como pequenos motores, bombas de ar e dispositivos de indu\u00e7\u00e3o sonora, dispostos no Pal\u00e1cio.&nbsp;&nbsp;<\/p>\n\n\n\n<p>No final da semana, a 25, vem a 70.\u00aa Semana, uma \u00d3pera audiovisual. Espet\u00e1culo que junta a ac\u00fastica, a eletricidade e a eletr\u00f3nica, com obras eletroac\u00fasticas, pelo projeto DME \u2013 Dias de M\u00fasica Electroac\u00fastica. Nesse mesmo dia, um evento hiper-agitado mas ultra-silencioso: Silent Disco, uma discoteca silenciosa em que cada pessoa pode ouvir e dan\u00e7ar algo diferente, consoante os auscultadores que escolhe, em portugu\u00eas ou ingl\u00eas. Para ver, ouvir e dan\u00e7ar na Sede do Rancho Folcl\u00f3rico Infantil e Juvenil de Loul\u00e9, perto do Pal\u00e1cio Gama Lobo.<\/p>\n\n\n\n<p>A 26, s\u00e1bado, imp\u00f5em-se sons <em>made in<\/em> Loul\u00e9, com Sulisonias &#8211; o Som Verde dos Campos, uma encomenda do Cineteatro Louletano que junta a m\u00fasica de Ars\u00e9nio Martins, \u00e1udios de Jo\u00e3o Sim\u00f5es, v\u00eddeo de Jorge Gra\u00e7a, poemas de Salvador Santos com leitura por Marinela Malveiro e ainda nove m\u00fasicos \u2013 v\u00e1rios deles profissionais \u2013 incluindo professores do Conservat\u00f3rio de M\u00fasica de Loul\u00e9 \u2013 Francisco Rosado. Para ver e ouvir \u00e0s 17h00, no Audit\u00f3rio do Solar da M\u00fasica Nova, incluindo uma conversa no final do espet\u00e1culo.<\/p>\n\n\n\n<p>Mais tarde, \u00e0s 21h00, h\u00e1 Soundcheck no Cineteatro Louletano, um concerto interativo pelo Teatro da Didasc\u00e1lia, com interpreta\u00e7\u00e3o em L\u00edngua Gestual Portuguesa. Soundcheck \u00e9 uma proposta que resiste, provoca e inquieta, com uma banda que integra Pedro \u2018Peixe\u2019 Cardoso, Pedro Sousa e Susie Filipe e uma componente de luzes intensa e inovadora.<\/p>\n\n\n\n<p>Ainda, \u00e0s 22h30, mas na Sede do Rancho Folcl\u00f3rico, M\u00e1quina Magn\u00e9tica, pela Sonoscopia. Desta vez, um quarteto em que a eletr\u00f3nica digital do duo de Miguel Carvalhais e Pedro Tudela (tamb\u00e9m conhecido por @c) encontra os instrumentos percussivos customizados de Gustavo Costa e a luz e v\u00eddeo em tempo real de Rodrigo Carvalho. Em comum, a experimenta\u00e7\u00e3o e a procura das vanguardas musicais, dando origem a um espa\u00e7o luminoso, intenso, e invisivelmente expressivo.<\/p>\n\n\n\n<p>Por fim, a 27, \u00e0s 17h00, no Cineteatro Louletano, Jorge Moniz apresenta \u201cCinematheque\u201d, um concerto multim\u00e9dia. O pianista baseia-se na sua forma\u00e7\u00e3o cl\u00e1ssica mas adiciona-lhe instrumenta\u00e7\u00e3o para quarteto de cordas, clarinete baixo e voz, a que se juntam discretas sonoridades eletr\u00f3nicas. Em simult\u00e2neo, h\u00e1 um impactante desenho de luz e a proje\u00e7\u00e3o de v\u00e1rios v\u00eddeos multipremiados em Music Video Awards internacionais, numa estreita colabora\u00e7\u00e3o com o realizador Fernando Silva e com Chris Bigg, na edi\u00e7\u00e3o discogr\u00e1fica. Jorge Moniz far\u00e1 tamb\u00e9m uma Masterclass com alunos do Conservat\u00f3rio de M\u00fasica de Loul\u00e9 &#8211; Francisco Rosado. A fechar, \u00e0s 21h00, os j\u00e1 anunciados M\u00e3o Morta, no Cineteatro Louletano.<\/p>\n\n\n\n<p>Iniciado em 2016, o Festival Som Riscado \u00e9 um evento alternativo no Algarve, que procura uma abordagem inovadora no \u00e2mbito da experimenta\u00e7\u00e3o art\u00edstica, nomeadamente no som, na m\u00fasica e na imagem.<\/p>\n\n\n\n<p>Os bilhetes para os concertos pagos (M\u00e3o Morta Redux, Soundcheck, Jorge Moniz) encontram-se \u00e0 venda nas rece\u00e7\u00f5es do Cineteatro e do Audit\u00f3rio do Solar da M\u00fasica Nova, locais aderentes (Fnac, Worten, CTT e outros) e online em <a href=\"http:\/\/www.bol.pt\" target=\"_blank\" rel=\"noreferrer noopener\">www.bol.pt<\/a>.<\/p>\n\n\n\n<p>O Festival Som Riscado conta com os seguintes parceiros: Escola Secund\u00e1ria de Loul\u00e9, Casa da Cultura de Loul\u00e9, Rancho Folcl\u00f3rico Infantil e Juvenil de Loul\u00e9, tendo como media partners na edi\u00e7\u00e3o deste ano a Antena 3, a RUA FM e o Sul Informa\u00e7\u00e3o.<\/p>\n\n\n\n<p>Com uma programa\u00e7\u00e3o de refer\u00eancia (que pode consultar no site e no Facebook do Cineteatro), o CTL est\u00e1 credenciado pela Rede de Teatros e Cineteatros Portugueses, contando com o apoio da DGArtes e integrando ainda a Rede de Teatros com Programa\u00e7\u00e3o Acess\u00edvel. Proporciona espet\u00e1culos com interpreta\u00e7\u00e3o de L\u00edngua Gestual Portuguesa para S\/surdos (com \u201cS\u201d mai\u00fasculo s\u00e3o falantes de L\u00edngua Gestual Portuguesa) e outros com Audiodescri\u00e7\u00e3o, para pessoas cegas ou com defici\u00eancia visual.<\/p>\n\n\n\n<p>O CTL \u00e9 uma estrutura cultural da C\u00e2mara Municipal de Loul\u00e9 no dom\u00ednio das artes performativas, e \u00e9 tamb\u00e9m um dos promotores da Rede Azul \u2013 Rede de Teatros do Algarve e da Rede 5 Sentidos.<\/p>\n","protected":false},"excerpt":{"rendered":"<p>Vem a\u00ed a s\u00e9tima edi\u00e7\u00e3o do Som Riscado, Festival de M\u00fasica e Imagem de Loul\u00e9, de 24 a 27 de<\/p>\n","protected":false},"author":1,"featured_media":23523,"comment_status":"closed","ping_status":"open","sticky":false,"template":"","format":"standard","meta":{"colormag_page_container_layout":"default_layout","colormag_page_sidebar_layout":"default_layout","_monsterinsights_skip_tracking":false,"_monsterinsights_sitenote_active":false,"_monsterinsights_sitenote_note":"","_monsterinsights_sitenote_category":0,"jetpack_post_was_ever_published":false,"_jetpack_newsletter_access":"","_jetpack_dont_email_post_to_subs":false,"_jetpack_newsletter_tier_id":0,"_jetpack_memberships_contains_paywalled_content":false,"_jetpack_memberships_contains_paid_content":false,"footnotes":"","jetpack_publicize_message":"","jetpack_publicize_feature_enabled":true,"jetpack_social_post_already_shared":true,"jetpack_social_options":{"image_generator_settings":{"template":"highway","default_image_id":0,"font":"","enabled":false},"version":2}},"categories":[14],"tags":[36,52,35,31,522],"class_list":["post-23522","post","type-post","status-publish","format-standard","has-post-thumbnail","hentry","category-cultura","tag-algarve","tag-concerto","tag-cultura","tag-loule","tag-som-riscado"],"yoast_head":"<!-- This site is optimized with the Yoast SEO plugin v27.5 - https:\/\/yoast.com\/product\/yoast-seo-wordpress\/ -->\n<title>Som Riscado traz m\u00e3o morta, cinema mudo e discoteca silenciosa a Loul\u00e9 - Algarve 7<\/title>\n<meta name=\"description\" content=\"Som Riscado traz m\u00e3o morta, cinema mudo e discoteca silenciosa a Loul\u00e9 Cultura\" \/>\n<meta name=\"robots\" content=\"index, follow, max-snippet:-1, max-image-preview:large, max-video-preview:-1\" \/>\n<link rel=\"canonical\" href=\"https:\/\/algarve7.pt\/index.php\/2022\/11\/som-riscado-traz-mao-morta-cinema-mudo-e-discoteca-silenciosa-a-loule\/cultura\/18\/57\/\" \/>\n<meta property=\"og:locale\" content=\"pt_PT\" \/>\n<meta property=\"og:type\" content=\"article\" \/>\n<meta property=\"og:title\" content=\"Som Riscado traz m\u00e3o morta, cinema mudo e discoteca silenciosa a Loul\u00e9 - Algarve 7\" \/>\n<meta property=\"og:description\" content=\"Som Riscado traz m\u00e3o morta, cinema mudo e discoteca silenciosa a Loul\u00e9 Cultura\" \/>\n<meta property=\"og:url\" content=\"https:\/\/algarve7.pt\/index.php\/2022\/11\/som-riscado-traz-mao-morta-cinema-mudo-e-discoteca-silenciosa-a-loule\/cultura\/18\/57\/\" \/>\n<meta property=\"og:site_name\" content=\"Algarve 7\" \/>\n<meta property=\"article:publisher\" content=\"https:\/\/www.facebook.com\/algarve7\" \/>\n<meta property=\"article:author\" content=\"https:\/\/www.facebook.com\/algarve7\" \/>\n<meta property=\"article:published_time\" content=\"2022-11-21T18:57:03+00:00\" \/>\n<meta property=\"article:modified_time\" content=\"2022-11-21T18:57:06+00:00\" \/>\n<meta property=\"og:image\" content=\"https:\/\/algarve7.pt\/wp-content\/uploads\/2022\/11\/Mao-Morta.jpg\" \/>\n\t<meta property=\"og:image:width\" content=\"1024\" \/>\n\t<meta property=\"og:image:height\" content=\"683\" \/>\n\t<meta property=\"og:image:type\" content=\"image\/jpeg\" \/>\n<meta name=\"author\" content=\"Algarve 7\" \/>\n<meta name=\"twitter:card\" content=\"summary_large_image\" \/>\n<meta name=\"twitter:creator\" content=\"@Algarvesete\" \/>\n<meta name=\"twitter:site\" content=\"@Algarvesete\" \/>\n<meta name=\"twitter:label1\" content=\"Escrito por\" \/>\n\t<meta name=\"twitter:data1\" content=\"Algarve 7\" \/>\n\t<meta name=\"twitter:label2\" content=\"Tempo estimado de leitura\" \/>\n\t<meta name=\"twitter:data2\" content=\"6 minutos\" \/>\n<script type=\"application\/ld+json\" class=\"yoast-schema-graph\">{\"@context\":\"https:\\\/\\\/schema.org\",\"@graph\":[{\"@type\":\"Article\",\"@id\":\"https:\\\/\\\/algarve7.pt\\\/index.php\\\/2022\\\/11\\\/som-riscado-traz-mao-morta-cinema-mudo-e-discoteca-silenciosa-a-loule\\\/cultura\\\/18\\\/57\\\/#article\",\"isPartOf\":{\"@id\":\"https:\\\/\\\/algarve7.pt\\\/index.php\\\/2022\\\/11\\\/som-riscado-traz-mao-morta-cinema-mudo-e-discoteca-silenciosa-a-loule\\\/cultura\\\/18\\\/57\\\/\"},\"author\":{\"name\":\"Algarve 7\",\"@id\":\"https:\\\/\\\/algarve7.pt\\\/#\\\/schema\\\/person\\\/23fa70681308e7b319a3204bcea45e0c\"},\"headline\":\"Som Riscado traz m\u00e3o morta, cinema mudo e discoteca silenciosa a Loul\u00e9\",\"datePublished\":\"2022-11-21T18:57:03+00:00\",\"dateModified\":\"2022-11-21T18:57:06+00:00\",\"mainEntityOfPage\":{\"@id\":\"https:\\\/\\\/algarve7.pt\\\/index.php\\\/2022\\\/11\\\/som-riscado-traz-mao-morta-cinema-mudo-e-discoteca-silenciosa-a-loule\\\/cultura\\\/18\\\/57\\\/\"},\"wordCount\":1034,\"publisher\":{\"@id\":\"https:\\\/\\\/algarve7.pt\\\/#organization\"},\"image\":{\"@id\":\"https:\\\/\\\/algarve7.pt\\\/index.php\\\/2022\\\/11\\\/som-riscado-traz-mao-morta-cinema-mudo-e-discoteca-silenciosa-a-loule\\\/cultura\\\/18\\\/57\\\/#primaryimage\"},\"thumbnailUrl\":\"https:\\\/\\\/algarve7.pt\\\/wp-content\\\/uploads\\\/2022\\\/11\\\/Mao-Morta.jpg\",\"keywords\":[\"Algarve\",\"Concerto\",\"Cultura\",\"Loul\u00e9\",\"Som Riscado\"],\"articleSection\":[\"Cultura\"],\"inLanguage\":\"pt-PT\"},{\"@type\":\"WebPage\",\"@id\":\"https:\\\/\\\/algarve7.pt\\\/index.php\\\/2022\\\/11\\\/som-riscado-traz-mao-morta-cinema-mudo-e-discoteca-silenciosa-a-loule\\\/cultura\\\/18\\\/57\\\/\",\"url\":\"https:\\\/\\\/algarve7.pt\\\/index.php\\\/2022\\\/11\\\/som-riscado-traz-mao-morta-cinema-mudo-e-discoteca-silenciosa-a-loule\\\/cultura\\\/18\\\/57\\\/\",\"name\":\"Som Riscado traz m\u00e3o morta, cinema mudo e discoteca silenciosa a Loul\u00e9 - Algarve 7\",\"isPartOf\":{\"@id\":\"https:\\\/\\\/algarve7.pt\\\/#website\"},\"primaryImageOfPage\":{\"@id\":\"https:\\\/\\\/algarve7.pt\\\/index.php\\\/2022\\\/11\\\/som-riscado-traz-mao-morta-cinema-mudo-e-discoteca-silenciosa-a-loule\\\/cultura\\\/18\\\/57\\\/#primaryimage\"},\"image\":{\"@id\":\"https:\\\/\\\/algarve7.pt\\\/index.php\\\/2022\\\/11\\\/som-riscado-traz-mao-morta-cinema-mudo-e-discoteca-silenciosa-a-loule\\\/cultura\\\/18\\\/57\\\/#primaryimage\"},\"thumbnailUrl\":\"https:\\\/\\\/algarve7.pt\\\/wp-content\\\/uploads\\\/2022\\\/11\\\/Mao-Morta.jpg\",\"datePublished\":\"2022-11-21T18:57:03+00:00\",\"dateModified\":\"2022-11-21T18:57:06+00:00\",\"description\":\"Som Riscado traz m\u00e3o morta, cinema mudo e discoteca silenciosa a Loul\u00e9 Cultura\",\"breadcrumb\":{\"@id\":\"https:\\\/\\\/algarve7.pt\\\/index.php\\\/2022\\\/11\\\/som-riscado-traz-mao-morta-cinema-mudo-e-discoteca-silenciosa-a-loule\\\/cultura\\\/18\\\/57\\\/#breadcrumb\"},\"inLanguage\":\"pt-PT\",\"potentialAction\":[{\"@type\":\"ReadAction\",\"target\":[\"https:\\\/\\\/algarve7.pt\\\/index.php\\\/2022\\\/11\\\/som-riscado-traz-mao-morta-cinema-mudo-e-discoteca-silenciosa-a-loule\\\/cultura\\\/18\\\/57\\\/\"]}]},{\"@type\":\"ImageObject\",\"inLanguage\":\"pt-PT\",\"@id\":\"https:\\\/\\\/algarve7.pt\\\/index.php\\\/2022\\\/11\\\/som-riscado-traz-mao-morta-cinema-mudo-e-discoteca-silenciosa-a-loule\\\/cultura\\\/18\\\/57\\\/#primaryimage\",\"url\":\"https:\\\/\\\/algarve7.pt\\\/wp-content\\\/uploads\\\/2022\\\/11\\\/Mao-Morta.jpg\",\"contentUrl\":\"https:\\\/\\\/algarve7.pt\\\/wp-content\\\/uploads\\\/2022\\\/11\\\/Mao-Morta.jpg\",\"width\":1024,\"height\":683},{\"@type\":\"BreadcrumbList\",\"@id\":\"https:\\\/\\\/algarve7.pt\\\/index.php\\\/2022\\\/11\\\/som-riscado-traz-mao-morta-cinema-mudo-e-discoteca-silenciosa-a-loule\\\/cultura\\\/18\\\/57\\\/#breadcrumb\",\"itemListElement\":[{\"@type\":\"ListItem\",\"position\":1,\"name\":\"In\u00edcio\",\"item\":\"https:\\\/\\\/algarve7.pt\\\/\"},{\"@type\":\"ListItem\",\"position\":2,\"name\":\"Som Riscado traz m\u00e3o morta, cinema mudo e discoteca silenciosa a Loul\u00e9\"}]},{\"@type\":\"WebSite\",\"@id\":\"https:\\\/\\\/algarve7.pt\\\/#website\",\"url\":\"https:\\\/\\\/algarve7.pt\\\/\",\"name\":\"Algarve 7\",\"description\":\"Informa\u00e7\u00e3o sobre o Algarve\",\"publisher\":{\"@id\":\"https:\\\/\\\/algarve7.pt\\\/#organization\"},\"potentialAction\":[{\"@type\":\"SearchAction\",\"target\":{\"@type\":\"EntryPoint\",\"urlTemplate\":\"https:\\\/\\\/algarve7.pt\\\/?s={search_term_string}\"},\"query-input\":{\"@type\":\"PropertyValueSpecification\",\"valueRequired\":true,\"valueName\":\"search_term_string\"}}],\"inLanguage\":\"pt-PT\"},{\"@type\":\"Organization\",\"@id\":\"https:\\\/\\\/algarve7.pt\\\/#organization\",\"name\":\"Algarve 7\",\"url\":\"https:\\\/\\\/algarve7.pt\\\/\",\"logo\":{\"@type\":\"ImageObject\",\"inLanguage\":\"pt-PT\",\"@id\":\"https:\\\/\\\/algarve7.pt\\\/#\\\/schema\\\/logo\\\/image\\\/\",\"url\":\"https:\\\/\\\/algarve7.pt\\\/wp-content\\\/uploads\\\/2020\\\/10\\\/Logo-8.jpg\",\"contentUrl\":\"https:\\\/\\\/algarve7.pt\\\/wp-content\\\/uploads\\\/2020\\\/10\\\/Logo-8.jpg\",\"width\":1680,\"height\":1186,\"caption\":\"Algarve 7\"},\"image\":{\"@id\":\"https:\\\/\\\/algarve7.pt\\\/#\\\/schema\\\/logo\\\/image\\\/\"},\"sameAs\":[\"https:\\\/\\\/www.facebook.com\\\/algarve7\",\"https:\\\/\\\/x.com\\\/Algarvesete\",\"https:\\\/\\\/www.instagram.com\\\/jornalalgarve7\\\/\",\"https:\\\/\\\/www.linkedin.com\\\/company\\\/algarve7\",\"https:\\\/\\\/www.pinterest.pt\\\/geral0939\\\/_created\\\/\"]},{\"@type\":\"Person\",\"@id\":\"https:\\\/\\\/algarve7.pt\\\/#\\\/schema\\\/person\\\/23fa70681308e7b319a3204bcea45e0c\",\"name\":\"Algarve 7\",\"sameAs\":[\"https:\\\/\\\/algarve7.pt\",\"https:\\\/\\\/www.facebook.com\\\/algarve7\"],\"url\":\"https:\\\/\\\/algarve7.pt\\\/index.php\\\/author\\\/geralalgarve7-pt\\\/\"}]}<\/script>\n<!-- \/ Yoast SEO plugin. -->","yoast_head_json":{"title":"Som Riscado traz m\u00e3o morta, cinema mudo e discoteca silenciosa a Loul\u00e9 - Algarve 7","description":"Som Riscado traz m\u00e3o morta, cinema mudo e discoteca silenciosa a Loul\u00e9 Cultura","robots":{"index":"index","follow":"follow","max-snippet":"max-snippet:-1","max-image-preview":"max-image-preview:large","max-video-preview":"max-video-preview:-1"},"canonical":"https:\/\/algarve7.pt\/index.php\/2022\/11\/som-riscado-traz-mao-morta-cinema-mudo-e-discoteca-silenciosa-a-loule\/cultura\/18\/57\/","og_locale":"pt_PT","og_type":"article","og_title":"Som Riscado traz m\u00e3o morta, cinema mudo e discoteca silenciosa a Loul\u00e9 - Algarve 7","og_description":"Som Riscado traz m\u00e3o morta, cinema mudo e discoteca silenciosa a Loul\u00e9 Cultura","og_url":"https:\/\/algarve7.pt\/index.php\/2022\/11\/som-riscado-traz-mao-morta-cinema-mudo-e-discoteca-silenciosa-a-loule\/cultura\/18\/57\/","og_site_name":"Algarve 7","article_publisher":"https:\/\/www.facebook.com\/algarve7","article_author":"https:\/\/www.facebook.com\/algarve7","article_published_time":"2022-11-21T18:57:03+00:00","article_modified_time":"2022-11-21T18:57:06+00:00","og_image":[{"width":1024,"height":683,"url":"https:\/\/algarve7.pt\/wp-content\/uploads\/2022\/11\/Mao-Morta.jpg","type":"image\/jpeg"}],"author":"Algarve 7","twitter_card":"summary_large_image","twitter_creator":"@Algarvesete","twitter_site":"@Algarvesete","twitter_misc":{"Escrito por":"Algarve 7","Tempo estimado de leitura":"6 minutos"},"schema":{"@context":"https:\/\/schema.org","@graph":[{"@type":"Article","@id":"https:\/\/algarve7.pt\/index.php\/2022\/11\/som-riscado-traz-mao-morta-cinema-mudo-e-discoteca-silenciosa-a-loule\/cultura\/18\/57\/#article","isPartOf":{"@id":"https:\/\/algarve7.pt\/index.php\/2022\/11\/som-riscado-traz-mao-morta-cinema-mudo-e-discoteca-silenciosa-a-loule\/cultura\/18\/57\/"},"author":{"name":"Algarve 7","@id":"https:\/\/algarve7.pt\/#\/schema\/person\/23fa70681308e7b319a3204bcea45e0c"},"headline":"Som Riscado traz m\u00e3o morta, cinema mudo e discoteca silenciosa a Loul\u00e9","datePublished":"2022-11-21T18:57:03+00:00","dateModified":"2022-11-21T18:57:06+00:00","mainEntityOfPage":{"@id":"https:\/\/algarve7.pt\/index.php\/2022\/11\/som-riscado-traz-mao-morta-cinema-mudo-e-discoteca-silenciosa-a-loule\/cultura\/18\/57\/"},"wordCount":1034,"publisher":{"@id":"https:\/\/algarve7.pt\/#organization"},"image":{"@id":"https:\/\/algarve7.pt\/index.php\/2022\/11\/som-riscado-traz-mao-morta-cinema-mudo-e-discoteca-silenciosa-a-loule\/cultura\/18\/57\/#primaryimage"},"thumbnailUrl":"https:\/\/algarve7.pt\/wp-content\/uploads\/2022\/11\/Mao-Morta.jpg","keywords":["Algarve","Concerto","Cultura","Loul\u00e9","Som Riscado"],"articleSection":["Cultura"],"inLanguage":"pt-PT"},{"@type":"WebPage","@id":"https:\/\/algarve7.pt\/index.php\/2022\/11\/som-riscado-traz-mao-morta-cinema-mudo-e-discoteca-silenciosa-a-loule\/cultura\/18\/57\/","url":"https:\/\/algarve7.pt\/index.php\/2022\/11\/som-riscado-traz-mao-morta-cinema-mudo-e-discoteca-silenciosa-a-loule\/cultura\/18\/57\/","name":"Som Riscado traz m\u00e3o morta, cinema mudo e discoteca silenciosa a Loul\u00e9 - Algarve 7","isPartOf":{"@id":"https:\/\/algarve7.pt\/#website"},"primaryImageOfPage":{"@id":"https:\/\/algarve7.pt\/index.php\/2022\/11\/som-riscado-traz-mao-morta-cinema-mudo-e-discoteca-silenciosa-a-loule\/cultura\/18\/57\/#primaryimage"},"image":{"@id":"https:\/\/algarve7.pt\/index.php\/2022\/11\/som-riscado-traz-mao-morta-cinema-mudo-e-discoteca-silenciosa-a-loule\/cultura\/18\/57\/#primaryimage"},"thumbnailUrl":"https:\/\/algarve7.pt\/wp-content\/uploads\/2022\/11\/Mao-Morta.jpg","datePublished":"2022-11-21T18:57:03+00:00","dateModified":"2022-11-21T18:57:06+00:00","description":"Som Riscado traz m\u00e3o morta, cinema mudo e discoteca silenciosa a Loul\u00e9 Cultura","breadcrumb":{"@id":"https:\/\/algarve7.pt\/index.php\/2022\/11\/som-riscado-traz-mao-morta-cinema-mudo-e-discoteca-silenciosa-a-loule\/cultura\/18\/57\/#breadcrumb"},"inLanguage":"pt-PT","potentialAction":[{"@type":"ReadAction","target":["https:\/\/algarve7.pt\/index.php\/2022\/11\/som-riscado-traz-mao-morta-cinema-mudo-e-discoteca-silenciosa-a-loule\/cultura\/18\/57\/"]}]},{"@type":"ImageObject","inLanguage":"pt-PT","@id":"https:\/\/algarve7.pt\/index.php\/2022\/11\/som-riscado-traz-mao-morta-cinema-mudo-e-discoteca-silenciosa-a-loule\/cultura\/18\/57\/#primaryimage","url":"https:\/\/algarve7.pt\/wp-content\/uploads\/2022\/11\/Mao-Morta.jpg","contentUrl":"https:\/\/algarve7.pt\/wp-content\/uploads\/2022\/11\/Mao-Morta.jpg","width":1024,"height":683},{"@type":"BreadcrumbList","@id":"https:\/\/algarve7.pt\/index.php\/2022\/11\/som-riscado-traz-mao-morta-cinema-mudo-e-discoteca-silenciosa-a-loule\/cultura\/18\/57\/#breadcrumb","itemListElement":[{"@type":"ListItem","position":1,"name":"In\u00edcio","item":"https:\/\/algarve7.pt\/"},{"@type":"ListItem","position":2,"name":"Som Riscado traz m\u00e3o morta, cinema mudo e discoteca silenciosa a Loul\u00e9"}]},{"@type":"WebSite","@id":"https:\/\/algarve7.pt\/#website","url":"https:\/\/algarve7.pt\/","name":"Algarve 7","description":"Informa\u00e7\u00e3o sobre o Algarve","publisher":{"@id":"https:\/\/algarve7.pt\/#organization"},"potentialAction":[{"@type":"SearchAction","target":{"@type":"EntryPoint","urlTemplate":"https:\/\/algarve7.pt\/?s={search_term_string}"},"query-input":{"@type":"PropertyValueSpecification","valueRequired":true,"valueName":"search_term_string"}}],"inLanguage":"pt-PT"},{"@type":"Organization","@id":"https:\/\/algarve7.pt\/#organization","name":"Algarve 7","url":"https:\/\/algarve7.pt\/","logo":{"@type":"ImageObject","inLanguage":"pt-PT","@id":"https:\/\/algarve7.pt\/#\/schema\/logo\/image\/","url":"https:\/\/algarve7.pt\/wp-content\/uploads\/2020\/10\/Logo-8.jpg","contentUrl":"https:\/\/algarve7.pt\/wp-content\/uploads\/2020\/10\/Logo-8.jpg","width":1680,"height":1186,"caption":"Algarve 7"},"image":{"@id":"https:\/\/algarve7.pt\/#\/schema\/logo\/image\/"},"sameAs":["https:\/\/www.facebook.com\/algarve7","https:\/\/x.com\/Algarvesete","https:\/\/www.instagram.com\/jornalalgarve7\/","https:\/\/www.linkedin.com\/company\/algarve7","https:\/\/www.pinterest.pt\/geral0939\/_created\/"]},{"@type":"Person","@id":"https:\/\/algarve7.pt\/#\/schema\/person\/23fa70681308e7b319a3204bcea45e0c","name":"Algarve 7","sameAs":["https:\/\/algarve7.pt","https:\/\/www.facebook.com\/algarve7"],"url":"https:\/\/algarve7.pt\/index.php\/author\/geralalgarve7-pt\/"}]}},"jetpack_publicize_connections":[],"jetpack_featured_media_url":"https:\/\/algarve7.pt\/wp-content\/uploads\/2022\/11\/Mao-Morta.jpg","jetpack_shortlink":"https:\/\/wp.me\/pcezmW-67o","jetpack_sharing_enabled":true,"_links":{"self":[{"href":"https:\/\/algarve7.pt\/index.php\/wp-json\/wp\/v2\/posts\/23522","targetHints":{"allow":["GET"]}}],"collection":[{"href":"https:\/\/algarve7.pt\/index.php\/wp-json\/wp\/v2\/posts"}],"about":[{"href":"https:\/\/algarve7.pt\/index.php\/wp-json\/wp\/v2\/types\/post"}],"author":[{"embeddable":true,"href":"https:\/\/algarve7.pt\/index.php\/wp-json\/wp\/v2\/users\/1"}],"replies":[{"embeddable":true,"href":"https:\/\/algarve7.pt\/index.php\/wp-json\/wp\/v2\/comments?post=23522"}],"version-history":[{"count":0,"href":"https:\/\/algarve7.pt\/index.php\/wp-json\/wp\/v2\/posts\/23522\/revisions"}],"wp:featuredmedia":[{"embeddable":true,"href":"https:\/\/algarve7.pt\/index.php\/wp-json\/wp\/v2\/media\/23523"}],"wp:attachment":[{"href":"https:\/\/algarve7.pt\/index.php\/wp-json\/wp\/v2\/media?parent=23522"}],"wp:term":[{"taxonomy":"category","embeddable":true,"href":"https:\/\/algarve7.pt\/index.php\/wp-json\/wp\/v2\/categories?post=23522"},{"taxonomy":"post_tag","embeddable":true,"href":"https:\/\/algarve7.pt\/index.php\/wp-json\/wp\/v2\/tags?post=23522"}],"curies":[{"name":"wp","href":"https:\/\/api.w.org\/{rel}","templated":true}]}}