{"id":23514,"date":"2022-11-21T17:19:23","date_gmt":"2022-11-21T17:19:23","guid":{"rendered":"https:\/\/algarve7.pt\/?p=23514"},"modified":"2022-11-21T17:19:26","modified_gmt":"2022-11-21T17:19:26","slug":"festival-de-caminhadas-de-monchique-marcado-para-o-inicio-de-dezembro","status":"publish","type":"post","link":"https:\/\/algarve7.pt\/index.php\/2022\/11\/festival-de-caminhadas-de-monchique-marcado-para-o-inicio-de-dezembro\/desporto\/17\/19\/","title":{"rendered":"Festival de Caminhadas de Monchique marcado para o inicio de dezembro"},"content":{"rendered":"\n<p>Ap\u00f3s o cancelamento do Festival de Caminhadas em junho deste ano, o Munic\u00edpio de Monchique programou o evento para 1, 2, 3 e 4 de dezembro e volta a prestar homenagem \u00e0 \u00e1gua!<\/p>\n\n\n\n<p>Com a altera\u00e7\u00e3o de calend\u00e1rio de realiza\u00e7\u00e3o do evento, existiu tamb\u00e9m um ajuste de programa\u00e7\u00e3o e com esse ajuste, novas propostas e novos percursos, como \u00e9 o caso das Caminhadas Micol\u00f3gicas, do Geocaching e dos Caminhos Contados (caminhadas com hist\u00f3ria), mas tamb\u00e9m atividades infantis, que prometem conferir um cunho especial ao festival, com a conjuga\u00e7\u00e3o de caminhadas a tem\u00e1ticas diversas, proporcionando um evento rico em paisagens, informa\u00e7\u00e3o, cultura e atividades diversas.<\/p>\n\n\n\n<p>Serve o presente para dar a conhecer o novo site do Festival, que agrega toda a informa\u00e7\u00e3o: programa, formul\u00e1rios e informa\u00e7\u00f5es \u00fateis\u00bb Website: <a href=\"https:\/\/www.festivalcaminhadasmonchique.pt\" target=\"_blank\" rel=\"noreferrer noopener\">https:\/\/www.festivalcaminhadasmonchique.pt<\/a><\/p>\n\n\n\n<p>Evento integrado no calend\u00e1rio anual do AWS &#8211; Algarve Walking Season, um projeto regional de promo\u00e7\u00e3o conjunta de festivais de caminhadas no Algarve e no Projeto &#8220;Revitalizar Monchique &#8211; Turismo como catalisador&#8221; , financiado pelo Turismo de Portugal.<\/p>\n\n\n\n<p>&#8211; Organiza\u00e7\u00e3o: C\u00e2mara Municipal de Monchique<\/p>\n\n\n\n<p>&#8211; Co-Promotores: Regi\u00e3o de Turismo do Algarve, Associa\u00e7\u00e3o de Turismo do Algarve e Associa\u00e7\u00e3o Almargem<\/p>\n\n\n\n<p>&#8211; Parceiros: \u00c1guas de Monchique, Aqualand, Nomad Glamper e Decathlon.<\/p>\n","protected":false},"excerpt":{"rendered":"<p>Ap\u00f3s o cancelamento do Festival de Caminhadas em junho deste ano, o Munic\u00edpio de Monchique programou o evento para 1,<\/p>\n","protected":false},"author":1,"featured_media":23515,"comment_status":"closed","ping_status":"open","sticky":false,"template":"","format":"standard","meta":{"colormag_page_container_layout":"default_layout","colormag_page_sidebar_layout":"default_layout","_monsterinsights_skip_tracking":false,"_monsterinsights_sitenote_active":false,"_monsterinsights_sitenote_note":"","_monsterinsights_sitenote_category":0,"jetpack_post_was_ever_published":false,"_jetpack_newsletter_access":"","_jetpack_dont_email_post_to_subs":false,"_jetpack_newsletter_tier_id":0,"_jetpack_memberships_contains_paywalled_content":false,"_jetpack_memberships_contains_paid_content":false,"footnotes":"","jetpack_publicize_message":"","jetpack_publicize_feature_enabled":true,"jetpack_social_post_already_shared":true,"jetpack_social_options":{"image_generator_settings":{"template":"highway","default_image_id":0,"font":"","enabled":false},"version":2}},"categories":[15],"tags":[36,40,171],"class_list":["post-23514","post","type-post","status-publish","format-standard","has-post-thumbnail","hentry","category-desporto","tag-algarve","tag-desporto","tag-monchique"],"yoast_head":"<!-- This site is optimized with the Yoast SEO plugin v27.5 - https:\/\/yoast.com\/product\/yoast-seo-wordpress\/ -->\n<title>Festival de Caminhadas de Monchique marcado para o inicio de dezembro - Algarve 7<\/title>\n<meta name=\"description\" content=\"Festival de Caminhadas de Monchique marcado para o inicio de dezembro Desporto\" \/>\n<meta name=\"robots\" content=\"index, follow, max-snippet:-1, max-image-preview:large, max-video-preview:-1\" \/>\n<link rel=\"canonical\" href=\"https:\/\/algarve7.pt\/index.php\/2022\/11\/festival-de-caminhadas-de-monchique-marcado-para-o-inicio-de-dezembro\/desporto\/17\/19\/\" \/>\n<meta property=\"og:locale\" content=\"pt_PT\" \/>\n<meta property=\"og:type\" content=\"article\" \/>\n<meta property=\"og:title\" content=\"Festival de Caminhadas de Monchique marcado para o inicio de dezembro - Algarve 7\" \/>\n<meta property=\"og:description\" content=\"Festival de Caminhadas de Monchique marcado para o inicio de dezembro Desporto\" \/>\n<meta property=\"og:url\" content=\"https:\/\/algarve7.pt\/index.php\/2022\/11\/festival-de-caminhadas-de-monchique-marcado-para-o-inicio-de-dezembro\/desporto\/17\/19\/\" \/>\n<meta property=\"og:site_name\" content=\"Algarve 7\" \/>\n<meta property=\"article:publisher\" content=\"https:\/\/www.facebook.com\/algarve7\" \/>\n<meta property=\"article:author\" content=\"https:\/\/www.facebook.com\/algarve7\" \/>\n<meta property=\"article:published_time\" content=\"2022-11-21T17:19:23+00:00\" \/>\n<meta property=\"article:modified_time\" content=\"2022-11-21T17:19:26+00:00\" \/>\n<meta property=\"og:image\" content=\"https:\/\/algarve7.pt\/wp-content\/uploads\/2022\/11\/Captura-de-ecra-2022-11-21-as-17.14.43.png\" \/>\n\t<meta property=\"og:image:width\" content=\"1024\" \/>\n\t<meta property=\"og:image:height\" content=\"692\" \/>\n\t<meta property=\"og:image:type\" content=\"image\/png\" \/>\n<meta name=\"author\" content=\"Algarve 7\" \/>\n<meta name=\"twitter:card\" content=\"summary_large_image\" \/>\n<meta name=\"twitter:creator\" content=\"@Algarvesete\" \/>\n<meta name=\"twitter:site\" content=\"@Algarvesete\" \/>\n<meta name=\"twitter:label1\" content=\"Escrito por\" \/>\n\t<meta name=\"twitter:data1\" content=\"Algarve 7\" \/>\n\t<meta name=\"twitter:label2\" content=\"Tempo estimado de leitura\" \/>\n\t<meta name=\"twitter:data2\" content=\"2 minutos\" \/>\n<script type=\"application\/ld+json\" class=\"yoast-schema-graph\">{\"@context\":\"https:\\\/\\\/schema.org\",\"@graph\":[{\"@type\":\"Article\",\"@id\":\"https:\\\/\\\/algarve7.pt\\\/index.php\\\/2022\\\/11\\\/festival-de-caminhadas-de-monchique-marcado-para-o-inicio-de-dezembro\\\/desporto\\\/17\\\/19\\\/#article\",\"isPartOf\":{\"@id\":\"https:\\\/\\\/algarve7.pt\\\/index.php\\\/2022\\\/11\\\/festival-de-caminhadas-de-monchique-marcado-para-o-inicio-de-dezembro\\\/desporto\\\/17\\\/19\\\/\"},\"author\":{\"name\":\"Algarve 7\",\"@id\":\"https:\\\/\\\/algarve7.pt\\\/#\\\/schema\\\/person\\\/23fa70681308e7b319a3204bcea45e0c\"},\"headline\":\"Festival de Caminhadas de Monchique marcado para o inicio de dezembro\",\"datePublished\":\"2022-11-21T17:19:23+00:00\",\"dateModified\":\"2022-11-21T17:19:26+00:00\",\"mainEntityOfPage\":{\"@id\":\"https:\\\/\\\/algarve7.pt\\\/index.php\\\/2022\\\/11\\\/festival-de-caminhadas-de-monchique-marcado-para-o-inicio-de-dezembro\\\/desporto\\\/17\\\/19\\\/\"},\"wordCount\":227,\"publisher\":{\"@id\":\"https:\\\/\\\/algarve7.pt\\\/#organization\"},\"image\":{\"@id\":\"https:\\\/\\\/algarve7.pt\\\/index.php\\\/2022\\\/11\\\/festival-de-caminhadas-de-monchique-marcado-para-o-inicio-de-dezembro\\\/desporto\\\/17\\\/19\\\/#primaryimage\"},\"thumbnailUrl\":\"https:\\\/\\\/algarve7.pt\\\/wp-content\\\/uploads\\\/2022\\\/11\\\/Captura-de-ecra-2022-11-21-as-17.14.43.png\",\"keywords\":[\"Algarve\",\"Desporto\",\"Monchique\"],\"articleSection\":[\"Desporto\"],\"inLanguage\":\"pt-PT\"},{\"@type\":\"WebPage\",\"@id\":\"https:\\\/\\\/algarve7.pt\\\/index.php\\\/2022\\\/11\\\/festival-de-caminhadas-de-monchique-marcado-para-o-inicio-de-dezembro\\\/desporto\\\/17\\\/19\\\/\",\"url\":\"https:\\\/\\\/algarve7.pt\\\/index.php\\\/2022\\\/11\\\/festival-de-caminhadas-de-monchique-marcado-para-o-inicio-de-dezembro\\\/desporto\\\/17\\\/19\\\/\",\"name\":\"Festival de Caminhadas de Monchique marcado para o inicio de dezembro - Algarve 7\",\"isPartOf\":{\"@id\":\"https:\\\/\\\/algarve7.pt\\\/#website\"},\"primaryImageOfPage\":{\"@id\":\"https:\\\/\\\/algarve7.pt\\\/index.php\\\/2022\\\/11\\\/festival-de-caminhadas-de-monchique-marcado-para-o-inicio-de-dezembro\\\/desporto\\\/17\\\/19\\\/#primaryimage\"},\"image\":{\"@id\":\"https:\\\/\\\/algarve7.pt\\\/index.php\\\/2022\\\/11\\\/festival-de-caminhadas-de-monchique-marcado-para-o-inicio-de-dezembro\\\/desporto\\\/17\\\/19\\\/#primaryimage\"},\"thumbnailUrl\":\"https:\\\/\\\/algarve7.pt\\\/wp-content\\\/uploads\\\/2022\\\/11\\\/Captura-de-ecra-2022-11-21-as-17.14.43.png\",\"datePublished\":\"2022-11-21T17:19:23+00:00\",\"dateModified\":\"2022-11-21T17:19:26+00:00\",\"description\":\"Festival de Caminhadas de Monchique marcado para o inicio de dezembro Desporto\",\"breadcrumb\":{\"@id\":\"https:\\\/\\\/algarve7.pt\\\/index.php\\\/2022\\\/11\\\/festival-de-caminhadas-de-monchique-marcado-para-o-inicio-de-dezembro\\\/desporto\\\/17\\\/19\\\/#breadcrumb\"},\"inLanguage\":\"pt-PT\",\"potentialAction\":[{\"@type\":\"ReadAction\",\"target\":[\"https:\\\/\\\/algarve7.pt\\\/index.php\\\/2022\\\/11\\\/festival-de-caminhadas-de-monchique-marcado-para-o-inicio-de-dezembro\\\/desporto\\\/17\\\/19\\\/\"]}]},{\"@type\":\"ImageObject\",\"inLanguage\":\"pt-PT\",\"@id\":\"https:\\\/\\\/algarve7.pt\\\/index.php\\\/2022\\\/11\\\/festival-de-caminhadas-de-monchique-marcado-para-o-inicio-de-dezembro\\\/desporto\\\/17\\\/19\\\/#primaryimage\",\"url\":\"https:\\\/\\\/algarve7.pt\\\/wp-content\\\/uploads\\\/2022\\\/11\\\/Captura-de-ecra-2022-11-21-as-17.14.43.png\",\"contentUrl\":\"https:\\\/\\\/algarve7.pt\\\/wp-content\\\/uploads\\\/2022\\\/11\\\/Captura-de-ecra-2022-11-21-as-17.14.43.png\",\"width\":1024,\"height\":692},{\"@type\":\"BreadcrumbList\",\"@id\":\"https:\\\/\\\/algarve7.pt\\\/index.php\\\/2022\\\/11\\\/festival-de-caminhadas-de-monchique-marcado-para-o-inicio-de-dezembro\\\/desporto\\\/17\\\/19\\\/#breadcrumb\",\"itemListElement\":[{\"@type\":\"ListItem\",\"position\":1,\"name\":\"In\u00edcio\",\"item\":\"https:\\\/\\\/algarve7.pt\\\/\"},{\"@type\":\"ListItem\",\"position\":2,\"name\":\"Festival de Caminhadas de Monchique marcado para o inicio de dezembro\"}]},{\"@type\":\"WebSite\",\"@id\":\"https:\\\/\\\/algarve7.pt\\\/#website\",\"url\":\"https:\\\/\\\/algarve7.pt\\\/\",\"name\":\"Algarve 7\",\"description\":\"Informa\u00e7\u00e3o sobre o Algarve\",\"publisher\":{\"@id\":\"https:\\\/\\\/algarve7.pt\\\/#organization\"},\"potentialAction\":[{\"@type\":\"SearchAction\",\"target\":{\"@type\":\"EntryPoint\",\"urlTemplate\":\"https:\\\/\\\/algarve7.pt\\\/?s={search_term_string}\"},\"query-input\":{\"@type\":\"PropertyValueSpecification\",\"valueRequired\":true,\"valueName\":\"search_term_string\"}}],\"inLanguage\":\"pt-PT\"},{\"@type\":\"Organization\",\"@id\":\"https:\\\/\\\/algarve7.pt\\\/#organization\",\"name\":\"Algarve 7\",\"url\":\"https:\\\/\\\/algarve7.pt\\\/\",\"logo\":{\"@type\":\"ImageObject\",\"inLanguage\":\"pt-PT\",\"@id\":\"https:\\\/\\\/algarve7.pt\\\/#\\\/schema\\\/logo\\\/image\\\/\",\"url\":\"https:\\\/\\\/algarve7.pt\\\/wp-content\\\/uploads\\\/2020\\\/10\\\/Logo-8.jpg\",\"contentUrl\":\"https:\\\/\\\/algarve7.pt\\\/wp-content\\\/uploads\\\/2020\\\/10\\\/Logo-8.jpg\",\"width\":1680,\"height\":1186,\"caption\":\"Algarve 7\"},\"image\":{\"@id\":\"https:\\\/\\\/algarve7.pt\\\/#\\\/schema\\\/logo\\\/image\\\/\"},\"sameAs\":[\"https:\\\/\\\/www.facebook.com\\\/algarve7\",\"https:\\\/\\\/x.com\\\/Algarvesete\",\"https:\\\/\\\/www.instagram.com\\\/jornalalgarve7\\\/\",\"https:\\\/\\\/www.linkedin.com\\\/company\\\/algarve7\",\"https:\\\/\\\/www.pinterest.pt\\\/geral0939\\\/_created\\\/\"]},{\"@type\":\"Person\",\"@id\":\"https:\\\/\\\/algarve7.pt\\\/#\\\/schema\\\/person\\\/23fa70681308e7b319a3204bcea45e0c\",\"name\":\"Algarve 7\",\"sameAs\":[\"https:\\\/\\\/algarve7.pt\",\"https:\\\/\\\/www.facebook.com\\\/algarve7\"],\"url\":\"https:\\\/\\\/algarve7.pt\\\/index.php\\\/author\\\/geralalgarve7-pt\\\/\"}]}<\/script>\n<!-- \/ Yoast SEO plugin. -->","yoast_head_json":{"title":"Festival de Caminhadas de Monchique marcado para o inicio de dezembro - Algarve 7","description":"Festival de Caminhadas de Monchique marcado para o inicio de dezembro Desporto","robots":{"index":"index","follow":"follow","max-snippet":"max-snippet:-1","max-image-preview":"max-image-preview:large","max-video-preview":"max-video-preview:-1"},"canonical":"https:\/\/algarve7.pt\/index.php\/2022\/11\/festival-de-caminhadas-de-monchique-marcado-para-o-inicio-de-dezembro\/desporto\/17\/19\/","og_locale":"pt_PT","og_type":"article","og_title":"Festival de Caminhadas de Monchique marcado para o inicio de dezembro - Algarve 7","og_description":"Festival de Caminhadas de Monchique marcado para o inicio de dezembro Desporto","og_url":"https:\/\/algarve7.pt\/index.php\/2022\/11\/festival-de-caminhadas-de-monchique-marcado-para-o-inicio-de-dezembro\/desporto\/17\/19\/","og_site_name":"Algarve 7","article_publisher":"https:\/\/www.facebook.com\/algarve7","article_author":"https:\/\/www.facebook.com\/algarve7","article_published_time":"2022-11-21T17:19:23+00:00","article_modified_time":"2022-11-21T17:19:26+00:00","og_image":[{"width":1024,"height":692,"url":"https:\/\/algarve7.pt\/wp-content\/uploads\/2022\/11\/Captura-de-ecra-2022-11-21-as-17.14.43.png","type":"image\/png"}],"author":"Algarve 7","twitter_card":"summary_large_image","twitter_creator":"@Algarvesete","twitter_site":"@Algarvesete","twitter_misc":{"Escrito por":"Algarve 7","Tempo estimado de leitura":"2 minutos"},"schema":{"@context":"https:\/\/schema.org","@graph":[{"@type":"Article","@id":"https:\/\/algarve7.pt\/index.php\/2022\/11\/festival-de-caminhadas-de-monchique-marcado-para-o-inicio-de-dezembro\/desporto\/17\/19\/#article","isPartOf":{"@id":"https:\/\/algarve7.pt\/index.php\/2022\/11\/festival-de-caminhadas-de-monchique-marcado-para-o-inicio-de-dezembro\/desporto\/17\/19\/"},"author":{"name":"Algarve 7","@id":"https:\/\/algarve7.pt\/#\/schema\/person\/23fa70681308e7b319a3204bcea45e0c"},"headline":"Festival de Caminhadas de Monchique marcado para o inicio de dezembro","datePublished":"2022-11-21T17:19:23+00:00","dateModified":"2022-11-21T17:19:26+00:00","mainEntityOfPage":{"@id":"https:\/\/algarve7.pt\/index.php\/2022\/11\/festival-de-caminhadas-de-monchique-marcado-para-o-inicio-de-dezembro\/desporto\/17\/19\/"},"wordCount":227,"publisher":{"@id":"https:\/\/algarve7.pt\/#organization"},"image":{"@id":"https:\/\/algarve7.pt\/index.php\/2022\/11\/festival-de-caminhadas-de-monchique-marcado-para-o-inicio-de-dezembro\/desporto\/17\/19\/#primaryimage"},"thumbnailUrl":"https:\/\/algarve7.pt\/wp-content\/uploads\/2022\/11\/Captura-de-ecra-2022-11-21-as-17.14.43.png","keywords":["Algarve","Desporto","Monchique"],"articleSection":["Desporto"],"inLanguage":"pt-PT"},{"@type":"WebPage","@id":"https:\/\/algarve7.pt\/index.php\/2022\/11\/festival-de-caminhadas-de-monchique-marcado-para-o-inicio-de-dezembro\/desporto\/17\/19\/","url":"https:\/\/algarve7.pt\/index.php\/2022\/11\/festival-de-caminhadas-de-monchique-marcado-para-o-inicio-de-dezembro\/desporto\/17\/19\/","name":"Festival de Caminhadas de Monchique marcado para o inicio de dezembro - Algarve 7","isPartOf":{"@id":"https:\/\/algarve7.pt\/#website"},"primaryImageOfPage":{"@id":"https:\/\/algarve7.pt\/index.php\/2022\/11\/festival-de-caminhadas-de-monchique-marcado-para-o-inicio-de-dezembro\/desporto\/17\/19\/#primaryimage"},"image":{"@id":"https:\/\/algarve7.pt\/index.php\/2022\/11\/festival-de-caminhadas-de-monchique-marcado-para-o-inicio-de-dezembro\/desporto\/17\/19\/#primaryimage"},"thumbnailUrl":"https:\/\/algarve7.pt\/wp-content\/uploads\/2022\/11\/Captura-de-ecra-2022-11-21-as-17.14.43.png","datePublished":"2022-11-21T17:19:23+00:00","dateModified":"2022-11-21T17:19:26+00:00","description":"Festival de Caminhadas de Monchique marcado para o inicio de dezembro Desporto","breadcrumb":{"@id":"https:\/\/algarve7.pt\/index.php\/2022\/11\/festival-de-caminhadas-de-monchique-marcado-para-o-inicio-de-dezembro\/desporto\/17\/19\/#breadcrumb"},"inLanguage":"pt-PT","potentialAction":[{"@type":"ReadAction","target":["https:\/\/algarve7.pt\/index.php\/2022\/11\/festival-de-caminhadas-de-monchique-marcado-para-o-inicio-de-dezembro\/desporto\/17\/19\/"]}]},{"@type":"ImageObject","inLanguage":"pt-PT","@id":"https:\/\/algarve7.pt\/index.php\/2022\/11\/festival-de-caminhadas-de-monchique-marcado-para-o-inicio-de-dezembro\/desporto\/17\/19\/#primaryimage","url":"https:\/\/algarve7.pt\/wp-content\/uploads\/2022\/11\/Captura-de-ecra-2022-11-21-as-17.14.43.png","contentUrl":"https:\/\/algarve7.pt\/wp-content\/uploads\/2022\/11\/Captura-de-ecra-2022-11-21-as-17.14.43.png","width":1024,"height":692},{"@type":"BreadcrumbList","@id":"https:\/\/algarve7.pt\/index.php\/2022\/11\/festival-de-caminhadas-de-monchique-marcado-para-o-inicio-de-dezembro\/desporto\/17\/19\/#breadcrumb","itemListElement":[{"@type":"ListItem","position":1,"name":"In\u00edcio","item":"https:\/\/algarve7.pt\/"},{"@type":"ListItem","position":2,"name":"Festival de Caminhadas de Monchique marcado para o inicio de dezembro"}]},{"@type":"WebSite","@id":"https:\/\/algarve7.pt\/#website","url":"https:\/\/algarve7.pt\/","name":"Algarve 7","description":"Informa\u00e7\u00e3o sobre o Algarve","publisher":{"@id":"https:\/\/algarve7.pt\/#organization"},"potentialAction":[{"@type":"SearchAction","target":{"@type":"EntryPoint","urlTemplate":"https:\/\/algarve7.pt\/?s={search_term_string}"},"query-input":{"@type":"PropertyValueSpecification","valueRequired":true,"valueName":"search_term_string"}}],"inLanguage":"pt-PT"},{"@type":"Organization","@id":"https:\/\/algarve7.pt\/#organization","name":"Algarve 7","url":"https:\/\/algarve7.pt\/","logo":{"@type":"ImageObject","inLanguage":"pt-PT","@id":"https:\/\/algarve7.pt\/#\/schema\/logo\/image\/","url":"https:\/\/algarve7.pt\/wp-content\/uploads\/2020\/10\/Logo-8.jpg","contentUrl":"https:\/\/algarve7.pt\/wp-content\/uploads\/2020\/10\/Logo-8.jpg","width":1680,"height":1186,"caption":"Algarve 7"},"image":{"@id":"https:\/\/algarve7.pt\/#\/schema\/logo\/image\/"},"sameAs":["https:\/\/www.facebook.com\/algarve7","https:\/\/x.com\/Algarvesete","https:\/\/www.instagram.com\/jornalalgarve7\/","https:\/\/www.linkedin.com\/company\/algarve7","https:\/\/www.pinterest.pt\/geral0939\/_created\/"]},{"@type":"Person","@id":"https:\/\/algarve7.pt\/#\/schema\/person\/23fa70681308e7b319a3204bcea45e0c","name":"Algarve 7","sameAs":["https:\/\/algarve7.pt","https:\/\/www.facebook.com\/algarve7"],"url":"https:\/\/algarve7.pt\/index.php\/author\/geralalgarve7-pt\/"}]}},"jetpack_publicize_connections":[],"jetpack_featured_media_url":"https:\/\/algarve7.pt\/wp-content\/uploads\/2022\/11\/Captura-de-ecra-2022-11-21-as-17.14.43.png","jetpack_shortlink":"https:\/\/wp.me\/pcezmW-67g","jetpack_sharing_enabled":true,"_links":{"self":[{"href":"https:\/\/algarve7.pt\/index.php\/wp-json\/wp\/v2\/posts\/23514","targetHints":{"allow":["GET"]}}],"collection":[{"href":"https:\/\/algarve7.pt\/index.php\/wp-json\/wp\/v2\/posts"}],"about":[{"href":"https:\/\/algarve7.pt\/index.php\/wp-json\/wp\/v2\/types\/post"}],"author":[{"embeddable":true,"href":"https:\/\/algarve7.pt\/index.php\/wp-json\/wp\/v2\/users\/1"}],"replies":[{"embeddable":true,"href":"https:\/\/algarve7.pt\/index.php\/wp-json\/wp\/v2\/comments?post=23514"}],"version-history":[{"count":0,"href":"https:\/\/algarve7.pt\/index.php\/wp-json\/wp\/v2\/posts\/23514\/revisions"}],"wp:featuredmedia":[{"embeddable":true,"href":"https:\/\/algarve7.pt\/index.php\/wp-json\/wp\/v2\/media\/23515"}],"wp:attachment":[{"href":"https:\/\/algarve7.pt\/index.php\/wp-json\/wp\/v2\/media?parent=23514"}],"wp:term":[{"taxonomy":"category","embeddable":true,"href":"https:\/\/algarve7.pt\/index.php\/wp-json\/wp\/v2\/categories?post=23514"},{"taxonomy":"post_tag","embeddable":true,"href":"https:\/\/algarve7.pt\/index.php\/wp-json\/wp\/v2\/tags?post=23514"}],"curies":[{"name":"wp","href":"https:\/\/api.w.org\/{rel}","templated":true}]}}