{"id":23510,"date":"2022-11-21T17:02:55","date_gmt":"2022-11-21T17:02:55","guid":{"rendered":"https:\/\/algarve7.pt\/?p=23510"},"modified":"2022-11-21T17:02:57","modified_gmt":"2022-11-21T17:02:57","slug":"rastreio-metabolico-e-yoga-para-a-familia-novembro-zen-e-dedicado-ao-bem-estar-no-mar-shopping-algarve","status":"publish","type":"post","link":"https:\/\/algarve7.pt\/index.php\/2022\/11\/rastreio-metabolico-e-yoga-para-a-familia-novembro-zen-e-dedicado-ao-bem-estar-no-mar-shopping-algarve\/saude\/17\/02\/","title":{"rendered":"Rastreio metab\u00f3lico e Yoga para a fam\u00edlia: novembro zen e dedicado ao bem-estar no mar shopping Algarve"},"content":{"rendered":"\n<p>S\u00e3o quase indissoci\u00e1veis do nosso modo de vida atual: a rotina, a correria e o stress. A pandemia veio trazer-nos mais consci\u00eancia sobre a necessidade de abrandarmos, mas j\u00e1 quase tudo voltou ao mesmo. No entanto, essa necessidade n\u00e3o desapareceu. Em novembro, o MAR Shopping Algarve prop\u00f5e um rastreio metab\u00f3lico. J\u00e1 o MAR Shopping Matosinhos proporciona um fim de semana de yoga terap\u00eautico \u00e0s fam\u00edlias. Estas s\u00e3o as duas a\u00e7\u00f5es gratuitas previstas para mais um m\u00eas em que os dois meeting places da Ingka Centres voltam a sensibilizar as comunidades em que est\u00e3o inseridos para a import\u00e2ncia da dete\u00e7\u00e3o precoce de indicadores de sa\u00fade que care\u00e7am de acompanhamento m\u00e9dico, bem como para boas pr\u00e1ticas em mat\u00e9rias de sa\u00fade e bem-estar.\u00a0<\/p>\n\n\n\n<p>Ambas as a\u00e7\u00f5es decorrer\u00e3o\u00a0no \u00faltimo fim de semana do m\u00eas, 26 e 27 de novembro, entre 11h00 e as 18h00\u00a0e o acesso funcionar\u00e1 por ordem de chegada. No MAR Shopping Algarve, a a\u00e7\u00e3o ter\u00e1 lugar junto \u00e0 Farm\u00e1cia e Cl\u00ednica HPA (piso 0) e no MAR Shopping Matosinhos ser\u00e1 num espa\u00e7o adequado para o efeito<strong>\u00a0<\/strong>no piso -1, junto \u00e0 REFOOD.\u00a0<\/p>\n\n\n\n<p>No MAR Shopping Algarve, o rastreio metab\u00f3lico ser\u00e1 desenvolvido pelo\u00a0Centro de Terapias S. Natural, com recurso a equipamento de \u201cresson\u00e2ncia magn\u00e9tica qu\u00e2ntica\u201d, cada vez mais popular na procura por altera\u00e7\u00f5es bioqu\u00edmicas e fisiol\u00f3gicas que, em conjunto com problemas nutricionais, limitem a absor\u00e7\u00e3o de vitaminas e minerais necess\u00e1rios ao bom funcionamento do nosso metabolismo. Os resultados do rastreio dever\u00e3o permitir a quem a ele se submeta ajustar a sua alimenta\u00e7\u00e3o e estilo de vida para que estes sejam mais equilibrados.<\/p>\n","protected":false},"excerpt":{"rendered":"<p>S\u00e3o quase indissoci\u00e1veis do nosso modo de vida atual: a rotina, a correria e o stress. A pandemia veio trazer-nos<\/p>\n","protected":false},"author":1,"featured_media":23511,"comment_status":"closed","ping_status":"open","sticky":false,"template":"","format":"standard","meta":{"colormag_page_container_layout":"default_layout","colormag_page_sidebar_layout":"default_layout","_monsterinsights_skip_tracking":false,"_monsterinsights_sitenote_active":false,"_monsterinsights_sitenote_note":"","_monsterinsights_sitenote_category":0,"jetpack_post_was_ever_published":false,"_jetpack_newsletter_access":"","_jetpack_dont_email_post_to_subs":false,"_jetpack_newsletter_tier_id":0,"_jetpack_memberships_contains_paywalled_content":false,"_jetpack_memberships_contains_paid_content":false,"footnotes":"","jetpack_publicize_message":"","jetpack_publicize_feature_enabled":true,"jetpack_social_post_already_shared":true,"jetpack_social_options":{"image_generator_settings":{"template":"highway","default_image_id":0,"font":"","enabled":false},"version":2}},"categories":[59],"tags":[36,526,58,605],"class_list":["post-23510","post","type-post","status-publish","format-standard","has-post-thumbnail","hentry","category-saude","tag-algarve","tag-mar-shopping","tag-saude","tag-yoga"],"yoast_head":"<!-- This site is optimized with the Yoast SEO plugin v27.5 - https:\/\/yoast.com\/product\/yoast-seo-wordpress\/ -->\n<title>Rastreio metab\u00f3lico e Yoga para a fam\u00edlia: novembro zen e dedicado ao bem-estar no mar shopping Algarve - Algarve 7<\/title>\n<meta name=\"description\" content=\"Rastreio metab\u00f3lico e Yoga para a fam\u00edlia: novembro zen e dedicado ao bem-estar no mar shopping Algarve Sa\u00fade\" \/>\n<meta name=\"robots\" content=\"index, follow, max-snippet:-1, max-image-preview:large, max-video-preview:-1\" \/>\n<link rel=\"canonical\" href=\"https:\/\/algarve7.pt\/index.php\/2022\/11\/rastreio-metabolico-e-yoga-para-a-familia-novembro-zen-e-dedicado-ao-bem-estar-no-mar-shopping-algarve\/saude\/17\/02\/\" \/>\n<meta property=\"og:locale\" content=\"pt_PT\" \/>\n<meta property=\"og:type\" content=\"article\" \/>\n<meta property=\"og:title\" content=\"Rastreio metab\u00f3lico e Yoga para a fam\u00edlia: novembro zen e dedicado ao bem-estar no mar shopping Algarve - Algarve 7\" \/>\n<meta property=\"og:description\" content=\"Rastreio metab\u00f3lico e Yoga para a fam\u00edlia: novembro zen e dedicado ao bem-estar no mar shopping Algarve Sa\u00fade\" \/>\n<meta property=\"og:url\" content=\"https:\/\/algarve7.pt\/index.php\/2022\/11\/rastreio-metabolico-e-yoga-para-a-familia-novembro-zen-e-dedicado-ao-bem-estar-no-mar-shopping-algarve\/saude\/17\/02\/\" \/>\n<meta property=\"og:site_name\" content=\"Algarve 7\" \/>\n<meta property=\"article:publisher\" content=\"https:\/\/www.facebook.com\/algarve7\" \/>\n<meta property=\"article:author\" content=\"https:\/\/www.facebook.com\/algarve7\" \/>\n<meta property=\"article:published_time\" content=\"2022-11-21T17:02:55+00:00\" \/>\n<meta property=\"article:modified_time\" content=\"2022-11-21T17:02:57+00:00\" \/>\n<meta property=\"og:image\" content=\"https:\/\/algarve7.pt\/wp-content\/uploads\/2022\/11\/17666-P2-MSM-Agenda-Rastreios-OUT-NOV-DEZ-Posts_FA_17666-P1-MSM-Agenda-Rastreios-OUT-NOV-DEZ_Post-Yoga-1024x1024.png\" \/>\n\t<meta property=\"og:image:width\" content=\"1024\" \/>\n\t<meta property=\"og:image:height\" content=\"1024\" \/>\n\t<meta property=\"og:image:type\" content=\"image\/png\" \/>\n<meta name=\"author\" content=\"Algarve 7\" \/>\n<meta name=\"twitter:card\" content=\"summary_large_image\" \/>\n<meta name=\"twitter:creator\" content=\"@Algarvesete\" \/>\n<meta name=\"twitter:site\" content=\"@Algarvesete\" \/>\n<meta name=\"twitter:label1\" content=\"Escrito por\" \/>\n\t<meta name=\"twitter:data1\" content=\"Algarve 7\" \/>\n\t<meta name=\"twitter:label2\" content=\"Tempo estimado de leitura\" \/>\n\t<meta name=\"twitter:data2\" content=\"2 minutos\" \/>\n<script type=\"application\/ld+json\" class=\"yoast-schema-graph\">{\"@context\":\"https:\\\/\\\/schema.org\",\"@graph\":[{\"@type\":\"Article\",\"@id\":\"https:\\\/\\\/algarve7.pt\\\/index.php\\\/2022\\\/11\\\/rastreio-metabolico-e-yoga-para-a-familia-novembro-zen-e-dedicado-ao-bem-estar-no-mar-shopping-algarve\\\/saude\\\/17\\\/02\\\/#article\",\"isPartOf\":{\"@id\":\"https:\\\/\\\/algarve7.pt\\\/index.php\\\/2022\\\/11\\\/rastreio-metabolico-e-yoga-para-a-familia-novembro-zen-e-dedicado-ao-bem-estar-no-mar-shopping-algarve\\\/saude\\\/17\\\/02\\\/\"},\"author\":{\"name\":\"Algarve 7\",\"@id\":\"https:\\\/\\\/algarve7.pt\\\/#\\\/schema\\\/person\\\/23fa70681308e7b319a3204bcea45e0c\"},\"headline\":\"Rastreio metab\u00f3lico e Yoga para a fam\u00edlia: novembro zen e dedicado ao bem-estar no mar shopping Algarve\",\"datePublished\":\"2022-11-21T17:02:55+00:00\",\"dateModified\":\"2022-11-21T17:02:57+00:00\",\"mainEntityOfPage\":{\"@id\":\"https:\\\/\\\/algarve7.pt\\\/index.php\\\/2022\\\/11\\\/rastreio-metabolico-e-yoga-para-a-familia-novembro-zen-e-dedicado-ao-bem-estar-no-mar-shopping-algarve\\\/saude\\\/17\\\/02\\\/\"},\"wordCount\":315,\"publisher\":{\"@id\":\"https:\\\/\\\/algarve7.pt\\\/#organization\"},\"image\":{\"@id\":\"https:\\\/\\\/algarve7.pt\\\/index.php\\\/2022\\\/11\\\/rastreio-metabolico-e-yoga-para-a-familia-novembro-zen-e-dedicado-ao-bem-estar-no-mar-shopping-algarve\\\/saude\\\/17\\\/02\\\/#primaryimage\"},\"thumbnailUrl\":\"https:\\\/\\\/algarve7.pt\\\/wp-content\\\/uploads\\\/2022\\\/11\\\/17666-P2-MSM-Agenda-Rastreios-OUT-NOV-DEZ-Posts_FA_17666-P1-MSM-Agenda-Rastreios-OUT-NOV-DEZ_Post-Yoga.png\",\"keywords\":[\"Algarve\",\"Mar Shopping\",\"Sa\u00fade\",\"Yoga\"],\"articleSection\":[\"Sa\u00fade\"],\"inLanguage\":\"pt-PT\"},{\"@type\":\"WebPage\",\"@id\":\"https:\\\/\\\/algarve7.pt\\\/index.php\\\/2022\\\/11\\\/rastreio-metabolico-e-yoga-para-a-familia-novembro-zen-e-dedicado-ao-bem-estar-no-mar-shopping-algarve\\\/saude\\\/17\\\/02\\\/\",\"url\":\"https:\\\/\\\/algarve7.pt\\\/index.php\\\/2022\\\/11\\\/rastreio-metabolico-e-yoga-para-a-familia-novembro-zen-e-dedicado-ao-bem-estar-no-mar-shopping-algarve\\\/saude\\\/17\\\/02\\\/\",\"name\":\"Rastreio metab\u00f3lico e Yoga para a fam\u00edlia: novembro zen e dedicado ao bem-estar no mar shopping Algarve - Algarve 7\",\"isPartOf\":{\"@id\":\"https:\\\/\\\/algarve7.pt\\\/#website\"},\"primaryImageOfPage\":{\"@id\":\"https:\\\/\\\/algarve7.pt\\\/index.php\\\/2022\\\/11\\\/rastreio-metabolico-e-yoga-para-a-familia-novembro-zen-e-dedicado-ao-bem-estar-no-mar-shopping-algarve\\\/saude\\\/17\\\/02\\\/#primaryimage\"},\"image\":{\"@id\":\"https:\\\/\\\/algarve7.pt\\\/index.php\\\/2022\\\/11\\\/rastreio-metabolico-e-yoga-para-a-familia-novembro-zen-e-dedicado-ao-bem-estar-no-mar-shopping-algarve\\\/saude\\\/17\\\/02\\\/#primaryimage\"},\"thumbnailUrl\":\"https:\\\/\\\/algarve7.pt\\\/wp-content\\\/uploads\\\/2022\\\/11\\\/17666-P2-MSM-Agenda-Rastreios-OUT-NOV-DEZ-Posts_FA_17666-P1-MSM-Agenda-Rastreios-OUT-NOV-DEZ_Post-Yoga.png\",\"datePublished\":\"2022-11-21T17:02:55+00:00\",\"dateModified\":\"2022-11-21T17:02:57+00:00\",\"description\":\"Rastreio metab\u00f3lico e Yoga para a fam\u00edlia: novembro zen e dedicado ao bem-estar no mar shopping Algarve Sa\u00fade\",\"breadcrumb\":{\"@id\":\"https:\\\/\\\/algarve7.pt\\\/index.php\\\/2022\\\/11\\\/rastreio-metabolico-e-yoga-para-a-familia-novembro-zen-e-dedicado-ao-bem-estar-no-mar-shopping-algarve\\\/saude\\\/17\\\/02\\\/#breadcrumb\"},\"inLanguage\":\"pt-PT\",\"potentialAction\":[{\"@type\":\"ReadAction\",\"target\":[\"https:\\\/\\\/algarve7.pt\\\/index.php\\\/2022\\\/11\\\/rastreio-metabolico-e-yoga-para-a-familia-novembro-zen-e-dedicado-ao-bem-estar-no-mar-shopping-algarve\\\/saude\\\/17\\\/02\\\/\"]}]},{\"@type\":\"ImageObject\",\"inLanguage\":\"pt-PT\",\"@id\":\"https:\\\/\\\/algarve7.pt\\\/index.php\\\/2022\\\/11\\\/rastreio-metabolico-e-yoga-para-a-familia-novembro-zen-e-dedicado-ao-bem-estar-no-mar-shopping-algarve\\\/saude\\\/17\\\/02\\\/#primaryimage\",\"url\":\"https:\\\/\\\/algarve7.pt\\\/wp-content\\\/uploads\\\/2022\\\/11\\\/17666-P2-MSM-Agenda-Rastreios-OUT-NOV-DEZ-Posts_FA_17666-P1-MSM-Agenda-Rastreios-OUT-NOV-DEZ_Post-Yoga.png\",\"contentUrl\":\"https:\\\/\\\/algarve7.pt\\\/wp-content\\\/uploads\\\/2022\\\/11\\\/17666-P2-MSM-Agenda-Rastreios-OUT-NOV-DEZ-Posts_FA_17666-P1-MSM-Agenda-Rastreios-OUT-NOV-DEZ_Post-Yoga.png\",\"width\":2250,\"height\":2250},{\"@type\":\"BreadcrumbList\",\"@id\":\"https:\\\/\\\/algarve7.pt\\\/index.php\\\/2022\\\/11\\\/rastreio-metabolico-e-yoga-para-a-familia-novembro-zen-e-dedicado-ao-bem-estar-no-mar-shopping-algarve\\\/saude\\\/17\\\/02\\\/#breadcrumb\",\"itemListElement\":[{\"@type\":\"ListItem\",\"position\":1,\"name\":\"In\u00edcio\",\"item\":\"https:\\\/\\\/algarve7.pt\\\/\"},{\"@type\":\"ListItem\",\"position\":2,\"name\":\"Rastreio metab\u00f3lico e Yoga para a fam\u00edlia: novembro zen e dedicado ao bem-estar no mar shopping Algarve\"}]},{\"@type\":\"WebSite\",\"@id\":\"https:\\\/\\\/algarve7.pt\\\/#website\",\"url\":\"https:\\\/\\\/algarve7.pt\\\/\",\"name\":\"Algarve 7\",\"description\":\"Informa\u00e7\u00e3o sobre o Algarve\",\"publisher\":{\"@id\":\"https:\\\/\\\/algarve7.pt\\\/#organization\"},\"potentialAction\":[{\"@type\":\"SearchAction\",\"target\":{\"@type\":\"EntryPoint\",\"urlTemplate\":\"https:\\\/\\\/algarve7.pt\\\/?s={search_term_string}\"},\"query-input\":{\"@type\":\"PropertyValueSpecification\",\"valueRequired\":true,\"valueName\":\"search_term_string\"}}],\"inLanguage\":\"pt-PT\"},{\"@type\":\"Organization\",\"@id\":\"https:\\\/\\\/algarve7.pt\\\/#organization\",\"name\":\"Algarve 7\",\"url\":\"https:\\\/\\\/algarve7.pt\\\/\",\"logo\":{\"@type\":\"ImageObject\",\"inLanguage\":\"pt-PT\",\"@id\":\"https:\\\/\\\/algarve7.pt\\\/#\\\/schema\\\/logo\\\/image\\\/\",\"url\":\"https:\\\/\\\/algarve7.pt\\\/wp-content\\\/uploads\\\/2020\\\/10\\\/Logo-8.jpg\",\"contentUrl\":\"https:\\\/\\\/algarve7.pt\\\/wp-content\\\/uploads\\\/2020\\\/10\\\/Logo-8.jpg\",\"width\":1680,\"height\":1186,\"caption\":\"Algarve 7\"},\"image\":{\"@id\":\"https:\\\/\\\/algarve7.pt\\\/#\\\/schema\\\/logo\\\/image\\\/\"},\"sameAs\":[\"https:\\\/\\\/www.facebook.com\\\/algarve7\",\"https:\\\/\\\/x.com\\\/Algarvesete\",\"https:\\\/\\\/www.instagram.com\\\/jornalalgarve7\\\/\",\"https:\\\/\\\/www.linkedin.com\\\/company\\\/algarve7\",\"https:\\\/\\\/www.pinterest.pt\\\/geral0939\\\/_created\\\/\"]},{\"@type\":\"Person\",\"@id\":\"https:\\\/\\\/algarve7.pt\\\/#\\\/schema\\\/person\\\/23fa70681308e7b319a3204bcea45e0c\",\"name\":\"Algarve 7\",\"sameAs\":[\"https:\\\/\\\/algarve7.pt\",\"https:\\\/\\\/www.facebook.com\\\/algarve7\"],\"url\":\"https:\\\/\\\/algarve7.pt\\\/index.php\\\/author\\\/geralalgarve7-pt\\\/\"}]}<\/script>\n<!-- \/ Yoast SEO plugin. -->","yoast_head_json":{"title":"Rastreio metab\u00f3lico e Yoga para a fam\u00edlia: novembro zen e dedicado ao bem-estar no mar shopping Algarve - Algarve 7","description":"Rastreio metab\u00f3lico e Yoga para a fam\u00edlia: novembro zen e dedicado ao bem-estar no mar shopping Algarve Sa\u00fade","robots":{"index":"index","follow":"follow","max-snippet":"max-snippet:-1","max-image-preview":"max-image-preview:large","max-video-preview":"max-video-preview:-1"},"canonical":"https:\/\/algarve7.pt\/index.php\/2022\/11\/rastreio-metabolico-e-yoga-para-a-familia-novembro-zen-e-dedicado-ao-bem-estar-no-mar-shopping-algarve\/saude\/17\/02\/","og_locale":"pt_PT","og_type":"article","og_title":"Rastreio metab\u00f3lico e Yoga para a fam\u00edlia: novembro zen e dedicado ao bem-estar no mar shopping Algarve - Algarve 7","og_description":"Rastreio metab\u00f3lico e Yoga para a fam\u00edlia: novembro zen e dedicado ao bem-estar no mar shopping Algarve Sa\u00fade","og_url":"https:\/\/algarve7.pt\/index.php\/2022\/11\/rastreio-metabolico-e-yoga-para-a-familia-novembro-zen-e-dedicado-ao-bem-estar-no-mar-shopping-algarve\/saude\/17\/02\/","og_site_name":"Algarve 7","article_publisher":"https:\/\/www.facebook.com\/algarve7","article_author":"https:\/\/www.facebook.com\/algarve7","article_published_time":"2022-11-21T17:02:55+00:00","article_modified_time":"2022-11-21T17:02:57+00:00","og_image":[{"width":1024,"height":1024,"url":"https:\/\/algarve7.pt\/wp-content\/uploads\/2022\/11\/17666-P2-MSM-Agenda-Rastreios-OUT-NOV-DEZ-Posts_FA_17666-P1-MSM-Agenda-Rastreios-OUT-NOV-DEZ_Post-Yoga-1024x1024.png","type":"image\/png"}],"author":"Algarve 7","twitter_card":"summary_large_image","twitter_creator":"@Algarvesete","twitter_site":"@Algarvesete","twitter_misc":{"Escrito por":"Algarve 7","Tempo estimado de leitura":"2 minutos"},"schema":{"@context":"https:\/\/schema.org","@graph":[{"@type":"Article","@id":"https:\/\/algarve7.pt\/index.php\/2022\/11\/rastreio-metabolico-e-yoga-para-a-familia-novembro-zen-e-dedicado-ao-bem-estar-no-mar-shopping-algarve\/saude\/17\/02\/#article","isPartOf":{"@id":"https:\/\/algarve7.pt\/index.php\/2022\/11\/rastreio-metabolico-e-yoga-para-a-familia-novembro-zen-e-dedicado-ao-bem-estar-no-mar-shopping-algarve\/saude\/17\/02\/"},"author":{"name":"Algarve 7","@id":"https:\/\/algarve7.pt\/#\/schema\/person\/23fa70681308e7b319a3204bcea45e0c"},"headline":"Rastreio metab\u00f3lico e Yoga para a fam\u00edlia: novembro zen e dedicado ao bem-estar no mar shopping Algarve","datePublished":"2022-11-21T17:02:55+00:00","dateModified":"2022-11-21T17:02:57+00:00","mainEntityOfPage":{"@id":"https:\/\/algarve7.pt\/index.php\/2022\/11\/rastreio-metabolico-e-yoga-para-a-familia-novembro-zen-e-dedicado-ao-bem-estar-no-mar-shopping-algarve\/saude\/17\/02\/"},"wordCount":315,"publisher":{"@id":"https:\/\/algarve7.pt\/#organization"},"image":{"@id":"https:\/\/algarve7.pt\/index.php\/2022\/11\/rastreio-metabolico-e-yoga-para-a-familia-novembro-zen-e-dedicado-ao-bem-estar-no-mar-shopping-algarve\/saude\/17\/02\/#primaryimage"},"thumbnailUrl":"https:\/\/algarve7.pt\/wp-content\/uploads\/2022\/11\/17666-P2-MSM-Agenda-Rastreios-OUT-NOV-DEZ-Posts_FA_17666-P1-MSM-Agenda-Rastreios-OUT-NOV-DEZ_Post-Yoga.png","keywords":["Algarve","Mar Shopping","Sa\u00fade","Yoga"],"articleSection":["Sa\u00fade"],"inLanguage":"pt-PT"},{"@type":"WebPage","@id":"https:\/\/algarve7.pt\/index.php\/2022\/11\/rastreio-metabolico-e-yoga-para-a-familia-novembro-zen-e-dedicado-ao-bem-estar-no-mar-shopping-algarve\/saude\/17\/02\/","url":"https:\/\/algarve7.pt\/index.php\/2022\/11\/rastreio-metabolico-e-yoga-para-a-familia-novembro-zen-e-dedicado-ao-bem-estar-no-mar-shopping-algarve\/saude\/17\/02\/","name":"Rastreio metab\u00f3lico e Yoga para a fam\u00edlia: novembro zen e dedicado ao bem-estar no mar shopping Algarve - Algarve 7","isPartOf":{"@id":"https:\/\/algarve7.pt\/#website"},"primaryImageOfPage":{"@id":"https:\/\/algarve7.pt\/index.php\/2022\/11\/rastreio-metabolico-e-yoga-para-a-familia-novembro-zen-e-dedicado-ao-bem-estar-no-mar-shopping-algarve\/saude\/17\/02\/#primaryimage"},"image":{"@id":"https:\/\/algarve7.pt\/index.php\/2022\/11\/rastreio-metabolico-e-yoga-para-a-familia-novembro-zen-e-dedicado-ao-bem-estar-no-mar-shopping-algarve\/saude\/17\/02\/#primaryimage"},"thumbnailUrl":"https:\/\/algarve7.pt\/wp-content\/uploads\/2022\/11\/17666-P2-MSM-Agenda-Rastreios-OUT-NOV-DEZ-Posts_FA_17666-P1-MSM-Agenda-Rastreios-OUT-NOV-DEZ_Post-Yoga.png","datePublished":"2022-11-21T17:02:55+00:00","dateModified":"2022-11-21T17:02:57+00:00","description":"Rastreio metab\u00f3lico e Yoga para a fam\u00edlia: novembro zen e dedicado ao bem-estar no mar shopping Algarve Sa\u00fade","breadcrumb":{"@id":"https:\/\/algarve7.pt\/index.php\/2022\/11\/rastreio-metabolico-e-yoga-para-a-familia-novembro-zen-e-dedicado-ao-bem-estar-no-mar-shopping-algarve\/saude\/17\/02\/#breadcrumb"},"inLanguage":"pt-PT","potentialAction":[{"@type":"ReadAction","target":["https:\/\/algarve7.pt\/index.php\/2022\/11\/rastreio-metabolico-e-yoga-para-a-familia-novembro-zen-e-dedicado-ao-bem-estar-no-mar-shopping-algarve\/saude\/17\/02\/"]}]},{"@type":"ImageObject","inLanguage":"pt-PT","@id":"https:\/\/algarve7.pt\/index.php\/2022\/11\/rastreio-metabolico-e-yoga-para-a-familia-novembro-zen-e-dedicado-ao-bem-estar-no-mar-shopping-algarve\/saude\/17\/02\/#primaryimage","url":"https:\/\/algarve7.pt\/wp-content\/uploads\/2022\/11\/17666-P2-MSM-Agenda-Rastreios-OUT-NOV-DEZ-Posts_FA_17666-P1-MSM-Agenda-Rastreios-OUT-NOV-DEZ_Post-Yoga.png","contentUrl":"https:\/\/algarve7.pt\/wp-content\/uploads\/2022\/11\/17666-P2-MSM-Agenda-Rastreios-OUT-NOV-DEZ-Posts_FA_17666-P1-MSM-Agenda-Rastreios-OUT-NOV-DEZ_Post-Yoga.png","width":2250,"height":2250},{"@type":"BreadcrumbList","@id":"https:\/\/algarve7.pt\/index.php\/2022\/11\/rastreio-metabolico-e-yoga-para-a-familia-novembro-zen-e-dedicado-ao-bem-estar-no-mar-shopping-algarve\/saude\/17\/02\/#breadcrumb","itemListElement":[{"@type":"ListItem","position":1,"name":"In\u00edcio","item":"https:\/\/algarve7.pt\/"},{"@type":"ListItem","position":2,"name":"Rastreio metab\u00f3lico e Yoga para a fam\u00edlia: novembro zen e dedicado ao bem-estar no mar shopping Algarve"}]},{"@type":"WebSite","@id":"https:\/\/algarve7.pt\/#website","url":"https:\/\/algarve7.pt\/","name":"Algarve 7","description":"Informa\u00e7\u00e3o sobre o Algarve","publisher":{"@id":"https:\/\/algarve7.pt\/#organization"},"potentialAction":[{"@type":"SearchAction","target":{"@type":"EntryPoint","urlTemplate":"https:\/\/algarve7.pt\/?s={search_term_string}"},"query-input":{"@type":"PropertyValueSpecification","valueRequired":true,"valueName":"search_term_string"}}],"inLanguage":"pt-PT"},{"@type":"Organization","@id":"https:\/\/algarve7.pt\/#organization","name":"Algarve 7","url":"https:\/\/algarve7.pt\/","logo":{"@type":"ImageObject","inLanguage":"pt-PT","@id":"https:\/\/algarve7.pt\/#\/schema\/logo\/image\/","url":"https:\/\/algarve7.pt\/wp-content\/uploads\/2020\/10\/Logo-8.jpg","contentUrl":"https:\/\/algarve7.pt\/wp-content\/uploads\/2020\/10\/Logo-8.jpg","width":1680,"height":1186,"caption":"Algarve 7"},"image":{"@id":"https:\/\/algarve7.pt\/#\/schema\/logo\/image\/"},"sameAs":["https:\/\/www.facebook.com\/algarve7","https:\/\/x.com\/Algarvesete","https:\/\/www.instagram.com\/jornalalgarve7\/","https:\/\/www.linkedin.com\/company\/algarve7","https:\/\/www.pinterest.pt\/geral0939\/_created\/"]},{"@type":"Person","@id":"https:\/\/algarve7.pt\/#\/schema\/person\/23fa70681308e7b319a3204bcea45e0c","name":"Algarve 7","sameAs":["https:\/\/algarve7.pt","https:\/\/www.facebook.com\/algarve7"],"url":"https:\/\/algarve7.pt\/index.php\/author\/geralalgarve7-pt\/"}]}},"jetpack_publicize_connections":[],"jetpack_featured_media_url":"https:\/\/algarve7.pt\/wp-content\/uploads\/2022\/11\/17666-P2-MSM-Agenda-Rastreios-OUT-NOV-DEZ-Posts_FA_17666-P1-MSM-Agenda-Rastreios-OUT-NOV-DEZ_Post-Yoga.png","jetpack_shortlink":"https:\/\/wp.me\/pcezmW-67c","jetpack_sharing_enabled":true,"_links":{"self":[{"href":"https:\/\/algarve7.pt\/index.php\/wp-json\/wp\/v2\/posts\/23510","targetHints":{"allow":["GET"]}}],"collection":[{"href":"https:\/\/algarve7.pt\/index.php\/wp-json\/wp\/v2\/posts"}],"about":[{"href":"https:\/\/algarve7.pt\/index.php\/wp-json\/wp\/v2\/types\/post"}],"author":[{"embeddable":true,"href":"https:\/\/algarve7.pt\/index.php\/wp-json\/wp\/v2\/users\/1"}],"replies":[{"embeddable":true,"href":"https:\/\/algarve7.pt\/index.php\/wp-json\/wp\/v2\/comments?post=23510"}],"version-history":[{"count":0,"href":"https:\/\/algarve7.pt\/index.php\/wp-json\/wp\/v2\/posts\/23510\/revisions"}],"wp:featuredmedia":[{"embeddable":true,"href":"https:\/\/algarve7.pt\/index.php\/wp-json\/wp\/v2\/media\/23511"}],"wp:attachment":[{"href":"https:\/\/algarve7.pt\/index.php\/wp-json\/wp\/v2\/media?parent=23510"}],"wp:term":[{"taxonomy":"category","embeddable":true,"href":"https:\/\/algarve7.pt\/index.php\/wp-json\/wp\/v2\/categories?post=23510"},{"taxonomy":"post_tag","embeddable":true,"href":"https:\/\/algarve7.pt\/index.php\/wp-json\/wp\/v2\/tags?post=23510"}],"curies":[{"name":"wp","href":"https:\/\/api.w.org\/{rel}","templated":true}]}}