{"id":23438,"date":"2022-11-18T20:27:00","date_gmt":"2022-11-18T20:27:00","guid":{"rendered":"https:\/\/algarve7.pt\/?p=23438"},"modified":"2022-11-18T20:27:02","modified_gmt":"2022-11-18T20:27:02","slug":"lagos-recebe-sessao-comemorativa-do-10-o-aniversario-dos-centros-de-formacao-desportiva-do-desporto-escolar","status":"publish","type":"post","link":"https:\/\/algarve7.pt\/index.php\/2022\/11\/lagos-recebe-sessao-comemorativa-do-10-o-aniversario-dos-centros-de-formacao-desportiva-do-desporto-escolar\/desporto\/20\/27\/","title":{"rendered":"Lagos recebe sess\u00e3o comemorativa do 10.\u00ba anivers\u00e1rio dos Centros de Forma\u00e7\u00e3o Desportiva do Desporto Escolar"},"content":{"rendered":"\n<p>A Dire\u00e7\u00e3o-Geral da Educa\u00e7\u00e3o (DGE) e a Dire\u00e7\u00e3o-Geral dos Estabelecimentos Escolares (DGEstE), com apoio da C\u00e2mara Municipal de Lagos, promovem nos dias 23 e 24 de novembro o VII Encontro Nacional do Projeto \u201cCentros de Forma\u00e7\u00e3o Desportiva do Desporto Escolar (CFDDE)\u201d, o qual incluir\u00e1 a sess\u00e3o protocolar comemorativa dos dez anos da sua cria\u00e7\u00e3o, que se realiza no dia 23 de novembro, pelas 10h30, estando prevista a presen\u00e7a de diversas entidades, representativas do Minist\u00e9rio de Educa\u00e7\u00e3o, autarquia e desporto.\u00a0<\/p>\n\n\n\n<p>O VII Encontro Nacional dos CFDDE decorre anualmente com o objetivo de refletir e alinhar as estrat\u00e9gias de desenvolvimento deste projeto, bem como de fomentar o trabalho e a forma\u00e7\u00e3o dos professores envolvidos nos CFDDE. As sess\u00f5es de trabalho plen\u00e1rias, tem\u00e1ticas e t\u00e9cnicas envolvem os 78 Centros de Forma\u00e7\u00e3o Desportiva do Desporto Escolar, nomeadamente: 64 de desportos n\u00e1uticos (Vela, Remo, Canoagem e Surf) e 14 n\u00e3o n\u00e1uticos (Atletismo, Golfe e Nata\u00e7\u00e3o).<\/p>\n\n\n\n<p>Um dos momentos altos da sess\u00e3o protocolar ser\u00e1 a assinatura dos protocolos que integram os cinco novos agrupamentos de escolas, que passam a integrar o projeto dos CFDDE, ap\u00f3s um processo de candidatura ocorrido em julho de 2022. Est\u00e1 ainda previsto uma visita \u00e0s atividades que estar\u00e3o em curso nos centros de forma\u00e7\u00e3o desportiva do Desporto Escolar existentes no concelho de Lagos.<\/p>\n\n\n\n<p>Os Centros de Forma\u00e7\u00e3o Desportiva do Desporto Escolar assumem uma grande import\u00e2ncia estrat\u00e9gica, quer no \u00e2mbito da promo\u00e7\u00e3o ao desenvolvimento desportivo local e regional, quer nos contributos para a inclus\u00e3o e promotores da igualdade de oportunidades, quer ao n\u00edvel do desenvolvimento de pr\u00e1ticas promotoras da prote\u00e7\u00e3o ambiental e da sustentabilidade.<\/p>\n","protected":false},"excerpt":{"rendered":"<p>A Dire\u00e7\u00e3o-Geral da Educa\u00e7\u00e3o (DGE) e a Dire\u00e7\u00e3o-Geral dos Estabelecimentos Escolares (DGEstE), com apoio da C\u00e2mara Municipal de Lagos, promovem<\/p>\n","protected":false},"author":1,"featured_media":15669,"comment_status":"closed","ping_status":"open","sticky":false,"template":"","format":"standard","meta":{"colormag_page_container_layout":"default_layout","colormag_page_sidebar_layout":"default_layout","_monsterinsights_skip_tracking":false,"_monsterinsights_sitenote_active":false,"_monsterinsights_sitenote_note":"","_monsterinsights_sitenote_category":0,"jetpack_post_was_ever_published":false,"_jetpack_newsletter_access":"","_jetpack_dont_email_post_to_subs":false,"_jetpack_newsletter_tier_id":0,"_jetpack_memberships_contains_paywalled_content":false,"_jetpack_memberships_contains_paid_content":false,"footnotes":"","jetpack_publicize_message":"","jetpack_publicize_feature_enabled":true,"jetpack_social_post_already_shared":true,"jetpack_social_options":{"image_generator_settings":{"template":"highway","default_image_id":0,"font":"","enabled":false},"version":2}},"categories":[15],"tags":[36,40,68],"class_list":["post-23438","post","type-post","status-publish","format-standard","has-post-thumbnail","hentry","category-desporto","tag-algarve","tag-desporto","tag-lagos"],"yoast_head":"<!-- This site is optimized with the Yoast SEO plugin v27.5 - https:\/\/yoast.com\/product\/yoast-seo-wordpress\/ -->\n<title>Lagos recebe sess\u00e3o comemorativa do 10.\u00ba anivers\u00e1rio dos Centros de Forma\u00e7\u00e3o Desportiva do Desporto Escolar - Algarve 7<\/title>\n<meta name=\"description\" content=\"Lagos recebe sess\u00e3o comemorativa do 10.\u00ba anivers\u00e1rio dos Centros de Forma\u00e7\u00e3o Desportiva do Desporto Escolar Desporto\" \/>\n<meta name=\"robots\" content=\"index, follow, max-snippet:-1, max-image-preview:large, max-video-preview:-1\" \/>\n<link rel=\"canonical\" href=\"https:\/\/algarve7.pt\/index.php\/2022\/11\/lagos-recebe-sessao-comemorativa-do-10-o-aniversario-dos-centros-de-formacao-desportiva-do-desporto-escolar\/desporto\/20\/27\/\" \/>\n<meta property=\"og:locale\" content=\"pt_PT\" \/>\n<meta property=\"og:type\" content=\"article\" \/>\n<meta property=\"og:title\" content=\"Lagos recebe sess\u00e3o comemorativa do 10.\u00ba anivers\u00e1rio dos Centros de Forma\u00e7\u00e3o Desportiva do Desporto Escolar - Algarve 7\" \/>\n<meta property=\"og:description\" content=\"Lagos recebe sess\u00e3o comemorativa do 10.\u00ba anivers\u00e1rio dos Centros de Forma\u00e7\u00e3o Desportiva do Desporto Escolar Desporto\" \/>\n<meta property=\"og:url\" content=\"https:\/\/algarve7.pt\/index.php\/2022\/11\/lagos-recebe-sessao-comemorativa-do-10-o-aniversario-dos-centros-de-formacao-desportiva-do-desporto-escolar\/desporto\/20\/27\/\" \/>\n<meta property=\"og:site_name\" content=\"Algarve 7\" \/>\n<meta property=\"article:publisher\" content=\"https:\/\/www.facebook.com\/algarve7\" \/>\n<meta property=\"article:author\" content=\"https:\/\/www.facebook.com\/algarve7\" \/>\n<meta property=\"article:published_time\" content=\"2022-11-18T20:27:00+00:00\" \/>\n<meta property=\"article:modified_time\" content=\"2022-11-18T20:27:02+00:00\" \/>\n<meta property=\"og:image\" content=\"https:\/\/algarve7.pt\/wp-content\/uploads\/2022\/02\/aereas-de-Lagos_OCS.jpg\" \/>\n\t<meta property=\"og:image:width\" content=\"1200\" \/>\n\t<meta property=\"og:image:height\" content=\"756\" \/>\n\t<meta property=\"og:image:type\" content=\"image\/jpeg\" \/>\n<meta name=\"author\" content=\"Algarve 7\" \/>\n<meta name=\"twitter:card\" content=\"summary_large_image\" \/>\n<meta name=\"twitter:creator\" content=\"@Algarvesete\" \/>\n<meta name=\"twitter:site\" content=\"@Algarvesete\" \/>\n<meta name=\"twitter:label1\" content=\"Escrito por\" \/>\n\t<meta name=\"twitter:data1\" content=\"Algarve 7\" \/>\n\t<meta name=\"twitter:label2\" content=\"Tempo estimado de leitura\" \/>\n\t<meta name=\"twitter:data2\" content=\"2 minutos\" \/>\n<script type=\"application\/ld+json\" class=\"yoast-schema-graph\">{\"@context\":\"https:\\\/\\\/schema.org\",\"@graph\":[{\"@type\":\"Article\",\"@id\":\"https:\\\/\\\/algarve7.pt\\\/index.php\\\/2022\\\/11\\\/lagos-recebe-sessao-comemorativa-do-10-o-aniversario-dos-centros-de-formacao-desportiva-do-desporto-escolar\\\/desporto\\\/20\\\/27\\\/#article\",\"isPartOf\":{\"@id\":\"https:\\\/\\\/algarve7.pt\\\/index.php\\\/2022\\\/11\\\/lagos-recebe-sessao-comemorativa-do-10-o-aniversario-dos-centros-de-formacao-desportiva-do-desporto-escolar\\\/desporto\\\/20\\\/27\\\/\"},\"author\":{\"name\":\"Algarve 7\",\"@id\":\"https:\\\/\\\/algarve7.pt\\\/#\\\/schema\\\/person\\\/23fa70681308e7b319a3204bcea45e0c\"},\"headline\":\"Lagos recebe sess\u00e3o comemorativa do 10.\u00ba anivers\u00e1rio dos Centros de Forma\u00e7\u00e3o Desportiva do Desporto Escolar\",\"datePublished\":\"2022-11-18T20:27:00+00:00\",\"dateModified\":\"2022-11-18T20:27:02+00:00\",\"mainEntityOfPage\":{\"@id\":\"https:\\\/\\\/algarve7.pt\\\/index.php\\\/2022\\\/11\\\/lagos-recebe-sessao-comemorativa-do-10-o-aniversario-dos-centros-de-formacao-desportiva-do-desporto-escolar\\\/desporto\\\/20\\\/27\\\/\"},\"wordCount\":305,\"publisher\":{\"@id\":\"https:\\\/\\\/algarve7.pt\\\/#organization\"},\"image\":{\"@id\":\"https:\\\/\\\/algarve7.pt\\\/index.php\\\/2022\\\/11\\\/lagos-recebe-sessao-comemorativa-do-10-o-aniversario-dos-centros-de-formacao-desportiva-do-desporto-escolar\\\/desporto\\\/20\\\/27\\\/#primaryimage\"},\"thumbnailUrl\":\"https:\\\/\\\/algarve7.pt\\\/wp-content\\\/uploads\\\/2022\\\/02\\\/aereas-de-Lagos_OCS.jpg\",\"keywords\":[\"Algarve\",\"Desporto\",\"Lagos\"],\"articleSection\":[\"Desporto\"],\"inLanguage\":\"pt-PT\"},{\"@type\":\"WebPage\",\"@id\":\"https:\\\/\\\/algarve7.pt\\\/index.php\\\/2022\\\/11\\\/lagos-recebe-sessao-comemorativa-do-10-o-aniversario-dos-centros-de-formacao-desportiva-do-desporto-escolar\\\/desporto\\\/20\\\/27\\\/\",\"url\":\"https:\\\/\\\/algarve7.pt\\\/index.php\\\/2022\\\/11\\\/lagos-recebe-sessao-comemorativa-do-10-o-aniversario-dos-centros-de-formacao-desportiva-do-desporto-escolar\\\/desporto\\\/20\\\/27\\\/\",\"name\":\"Lagos recebe sess\u00e3o comemorativa do 10.\u00ba anivers\u00e1rio dos Centros de Forma\u00e7\u00e3o Desportiva do Desporto Escolar - Algarve 7\",\"isPartOf\":{\"@id\":\"https:\\\/\\\/algarve7.pt\\\/#website\"},\"primaryImageOfPage\":{\"@id\":\"https:\\\/\\\/algarve7.pt\\\/index.php\\\/2022\\\/11\\\/lagos-recebe-sessao-comemorativa-do-10-o-aniversario-dos-centros-de-formacao-desportiva-do-desporto-escolar\\\/desporto\\\/20\\\/27\\\/#primaryimage\"},\"image\":{\"@id\":\"https:\\\/\\\/algarve7.pt\\\/index.php\\\/2022\\\/11\\\/lagos-recebe-sessao-comemorativa-do-10-o-aniversario-dos-centros-de-formacao-desportiva-do-desporto-escolar\\\/desporto\\\/20\\\/27\\\/#primaryimage\"},\"thumbnailUrl\":\"https:\\\/\\\/algarve7.pt\\\/wp-content\\\/uploads\\\/2022\\\/02\\\/aereas-de-Lagos_OCS.jpg\",\"datePublished\":\"2022-11-18T20:27:00+00:00\",\"dateModified\":\"2022-11-18T20:27:02+00:00\",\"description\":\"Lagos recebe sess\u00e3o comemorativa do 10.\u00ba anivers\u00e1rio dos Centros de Forma\u00e7\u00e3o Desportiva do Desporto Escolar Desporto\",\"breadcrumb\":{\"@id\":\"https:\\\/\\\/algarve7.pt\\\/index.php\\\/2022\\\/11\\\/lagos-recebe-sessao-comemorativa-do-10-o-aniversario-dos-centros-de-formacao-desportiva-do-desporto-escolar\\\/desporto\\\/20\\\/27\\\/#breadcrumb\"},\"inLanguage\":\"pt-PT\",\"potentialAction\":[{\"@type\":\"ReadAction\",\"target\":[\"https:\\\/\\\/algarve7.pt\\\/index.php\\\/2022\\\/11\\\/lagos-recebe-sessao-comemorativa-do-10-o-aniversario-dos-centros-de-formacao-desportiva-do-desporto-escolar\\\/desporto\\\/20\\\/27\\\/\"]}]},{\"@type\":\"ImageObject\",\"inLanguage\":\"pt-PT\",\"@id\":\"https:\\\/\\\/algarve7.pt\\\/index.php\\\/2022\\\/11\\\/lagos-recebe-sessao-comemorativa-do-10-o-aniversario-dos-centros-de-formacao-desportiva-do-desporto-escolar\\\/desporto\\\/20\\\/27\\\/#primaryimage\",\"url\":\"https:\\\/\\\/algarve7.pt\\\/wp-content\\\/uploads\\\/2022\\\/02\\\/aereas-de-Lagos_OCS.jpg\",\"contentUrl\":\"https:\\\/\\\/algarve7.pt\\\/wp-content\\\/uploads\\\/2022\\\/02\\\/aereas-de-Lagos_OCS.jpg\",\"width\":1200,\"height\":756,\"caption\":\"imagens a\u00e9reas de Lagos\"},{\"@type\":\"BreadcrumbList\",\"@id\":\"https:\\\/\\\/algarve7.pt\\\/index.php\\\/2022\\\/11\\\/lagos-recebe-sessao-comemorativa-do-10-o-aniversario-dos-centros-de-formacao-desportiva-do-desporto-escolar\\\/desporto\\\/20\\\/27\\\/#breadcrumb\",\"itemListElement\":[{\"@type\":\"ListItem\",\"position\":1,\"name\":\"In\u00edcio\",\"item\":\"https:\\\/\\\/algarve7.pt\\\/\"},{\"@type\":\"ListItem\",\"position\":2,\"name\":\"Lagos recebe sess\u00e3o comemorativa do 10.\u00ba anivers\u00e1rio dos Centros de Forma\u00e7\u00e3o Desportiva do Desporto Escolar\"}]},{\"@type\":\"WebSite\",\"@id\":\"https:\\\/\\\/algarve7.pt\\\/#website\",\"url\":\"https:\\\/\\\/algarve7.pt\\\/\",\"name\":\"Algarve 7\",\"description\":\"Informa\u00e7\u00e3o sobre o Algarve\",\"publisher\":{\"@id\":\"https:\\\/\\\/algarve7.pt\\\/#organization\"},\"potentialAction\":[{\"@type\":\"SearchAction\",\"target\":{\"@type\":\"EntryPoint\",\"urlTemplate\":\"https:\\\/\\\/algarve7.pt\\\/?s={search_term_string}\"},\"query-input\":{\"@type\":\"PropertyValueSpecification\",\"valueRequired\":true,\"valueName\":\"search_term_string\"}}],\"inLanguage\":\"pt-PT\"},{\"@type\":\"Organization\",\"@id\":\"https:\\\/\\\/algarve7.pt\\\/#organization\",\"name\":\"Algarve 7\",\"url\":\"https:\\\/\\\/algarve7.pt\\\/\",\"logo\":{\"@type\":\"ImageObject\",\"inLanguage\":\"pt-PT\",\"@id\":\"https:\\\/\\\/algarve7.pt\\\/#\\\/schema\\\/logo\\\/image\\\/\",\"url\":\"https:\\\/\\\/algarve7.pt\\\/wp-content\\\/uploads\\\/2020\\\/10\\\/Logo-8.jpg\",\"contentUrl\":\"https:\\\/\\\/algarve7.pt\\\/wp-content\\\/uploads\\\/2020\\\/10\\\/Logo-8.jpg\",\"width\":1680,\"height\":1186,\"caption\":\"Algarve 7\"},\"image\":{\"@id\":\"https:\\\/\\\/algarve7.pt\\\/#\\\/schema\\\/logo\\\/image\\\/\"},\"sameAs\":[\"https:\\\/\\\/www.facebook.com\\\/algarve7\",\"https:\\\/\\\/x.com\\\/Algarvesete\",\"https:\\\/\\\/www.instagram.com\\\/jornalalgarve7\\\/\",\"https:\\\/\\\/www.linkedin.com\\\/company\\\/algarve7\",\"https:\\\/\\\/www.pinterest.pt\\\/geral0939\\\/_created\\\/\"]},{\"@type\":\"Person\",\"@id\":\"https:\\\/\\\/algarve7.pt\\\/#\\\/schema\\\/person\\\/23fa70681308e7b319a3204bcea45e0c\",\"name\":\"Algarve 7\",\"sameAs\":[\"https:\\\/\\\/algarve7.pt\",\"https:\\\/\\\/www.facebook.com\\\/algarve7\"],\"url\":\"https:\\\/\\\/algarve7.pt\\\/index.php\\\/author\\\/geralalgarve7-pt\\\/\"}]}<\/script>\n<!-- \/ Yoast SEO plugin. -->","yoast_head_json":{"title":"Lagos recebe sess\u00e3o comemorativa do 10.\u00ba anivers\u00e1rio dos Centros de Forma\u00e7\u00e3o Desportiva do Desporto Escolar - Algarve 7","description":"Lagos recebe sess\u00e3o comemorativa do 10.\u00ba anivers\u00e1rio dos Centros de Forma\u00e7\u00e3o Desportiva do Desporto Escolar Desporto","robots":{"index":"index","follow":"follow","max-snippet":"max-snippet:-1","max-image-preview":"max-image-preview:large","max-video-preview":"max-video-preview:-1"},"canonical":"https:\/\/algarve7.pt\/index.php\/2022\/11\/lagos-recebe-sessao-comemorativa-do-10-o-aniversario-dos-centros-de-formacao-desportiva-do-desporto-escolar\/desporto\/20\/27\/","og_locale":"pt_PT","og_type":"article","og_title":"Lagos recebe sess\u00e3o comemorativa do 10.\u00ba anivers\u00e1rio dos Centros de Forma\u00e7\u00e3o Desportiva do Desporto Escolar - Algarve 7","og_description":"Lagos recebe sess\u00e3o comemorativa do 10.\u00ba anivers\u00e1rio dos Centros de Forma\u00e7\u00e3o Desportiva do Desporto Escolar Desporto","og_url":"https:\/\/algarve7.pt\/index.php\/2022\/11\/lagos-recebe-sessao-comemorativa-do-10-o-aniversario-dos-centros-de-formacao-desportiva-do-desporto-escolar\/desporto\/20\/27\/","og_site_name":"Algarve 7","article_publisher":"https:\/\/www.facebook.com\/algarve7","article_author":"https:\/\/www.facebook.com\/algarve7","article_published_time":"2022-11-18T20:27:00+00:00","article_modified_time":"2022-11-18T20:27:02+00:00","og_image":[{"width":1200,"height":756,"url":"https:\/\/algarve7.pt\/wp-content\/uploads\/2022\/02\/aereas-de-Lagos_OCS.jpg","type":"image\/jpeg"}],"author":"Algarve 7","twitter_card":"summary_large_image","twitter_creator":"@Algarvesete","twitter_site":"@Algarvesete","twitter_misc":{"Escrito por":"Algarve 7","Tempo estimado de leitura":"2 minutos"},"schema":{"@context":"https:\/\/schema.org","@graph":[{"@type":"Article","@id":"https:\/\/algarve7.pt\/index.php\/2022\/11\/lagos-recebe-sessao-comemorativa-do-10-o-aniversario-dos-centros-de-formacao-desportiva-do-desporto-escolar\/desporto\/20\/27\/#article","isPartOf":{"@id":"https:\/\/algarve7.pt\/index.php\/2022\/11\/lagos-recebe-sessao-comemorativa-do-10-o-aniversario-dos-centros-de-formacao-desportiva-do-desporto-escolar\/desporto\/20\/27\/"},"author":{"name":"Algarve 7","@id":"https:\/\/algarve7.pt\/#\/schema\/person\/23fa70681308e7b319a3204bcea45e0c"},"headline":"Lagos recebe sess\u00e3o comemorativa do 10.\u00ba anivers\u00e1rio dos Centros de Forma\u00e7\u00e3o Desportiva do Desporto Escolar","datePublished":"2022-11-18T20:27:00+00:00","dateModified":"2022-11-18T20:27:02+00:00","mainEntityOfPage":{"@id":"https:\/\/algarve7.pt\/index.php\/2022\/11\/lagos-recebe-sessao-comemorativa-do-10-o-aniversario-dos-centros-de-formacao-desportiva-do-desporto-escolar\/desporto\/20\/27\/"},"wordCount":305,"publisher":{"@id":"https:\/\/algarve7.pt\/#organization"},"image":{"@id":"https:\/\/algarve7.pt\/index.php\/2022\/11\/lagos-recebe-sessao-comemorativa-do-10-o-aniversario-dos-centros-de-formacao-desportiva-do-desporto-escolar\/desporto\/20\/27\/#primaryimage"},"thumbnailUrl":"https:\/\/algarve7.pt\/wp-content\/uploads\/2022\/02\/aereas-de-Lagos_OCS.jpg","keywords":["Algarve","Desporto","Lagos"],"articleSection":["Desporto"],"inLanguage":"pt-PT"},{"@type":"WebPage","@id":"https:\/\/algarve7.pt\/index.php\/2022\/11\/lagos-recebe-sessao-comemorativa-do-10-o-aniversario-dos-centros-de-formacao-desportiva-do-desporto-escolar\/desporto\/20\/27\/","url":"https:\/\/algarve7.pt\/index.php\/2022\/11\/lagos-recebe-sessao-comemorativa-do-10-o-aniversario-dos-centros-de-formacao-desportiva-do-desporto-escolar\/desporto\/20\/27\/","name":"Lagos recebe sess\u00e3o comemorativa do 10.\u00ba anivers\u00e1rio dos Centros de Forma\u00e7\u00e3o Desportiva do Desporto Escolar - Algarve 7","isPartOf":{"@id":"https:\/\/algarve7.pt\/#website"},"primaryImageOfPage":{"@id":"https:\/\/algarve7.pt\/index.php\/2022\/11\/lagos-recebe-sessao-comemorativa-do-10-o-aniversario-dos-centros-de-formacao-desportiva-do-desporto-escolar\/desporto\/20\/27\/#primaryimage"},"image":{"@id":"https:\/\/algarve7.pt\/index.php\/2022\/11\/lagos-recebe-sessao-comemorativa-do-10-o-aniversario-dos-centros-de-formacao-desportiva-do-desporto-escolar\/desporto\/20\/27\/#primaryimage"},"thumbnailUrl":"https:\/\/algarve7.pt\/wp-content\/uploads\/2022\/02\/aereas-de-Lagos_OCS.jpg","datePublished":"2022-11-18T20:27:00+00:00","dateModified":"2022-11-18T20:27:02+00:00","description":"Lagos recebe sess\u00e3o comemorativa do 10.\u00ba anivers\u00e1rio dos Centros de Forma\u00e7\u00e3o Desportiva do Desporto Escolar Desporto","breadcrumb":{"@id":"https:\/\/algarve7.pt\/index.php\/2022\/11\/lagos-recebe-sessao-comemorativa-do-10-o-aniversario-dos-centros-de-formacao-desportiva-do-desporto-escolar\/desporto\/20\/27\/#breadcrumb"},"inLanguage":"pt-PT","potentialAction":[{"@type":"ReadAction","target":["https:\/\/algarve7.pt\/index.php\/2022\/11\/lagos-recebe-sessao-comemorativa-do-10-o-aniversario-dos-centros-de-formacao-desportiva-do-desporto-escolar\/desporto\/20\/27\/"]}]},{"@type":"ImageObject","inLanguage":"pt-PT","@id":"https:\/\/algarve7.pt\/index.php\/2022\/11\/lagos-recebe-sessao-comemorativa-do-10-o-aniversario-dos-centros-de-formacao-desportiva-do-desporto-escolar\/desporto\/20\/27\/#primaryimage","url":"https:\/\/algarve7.pt\/wp-content\/uploads\/2022\/02\/aereas-de-Lagos_OCS.jpg","contentUrl":"https:\/\/algarve7.pt\/wp-content\/uploads\/2022\/02\/aereas-de-Lagos_OCS.jpg","width":1200,"height":756,"caption":"imagens a\u00e9reas de Lagos"},{"@type":"BreadcrumbList","@id":"https:\/\/algarve7.pt\/index.php\/2022\/11\/lagos-recebe-sessao-comemorativa-do-10-o-aniversario-dos-centros-de-formacao-desportiva-do-desporto-escolar\/desporto\/20\/27\/#breadcrumb","itemListElement":[{"@type":"ListItem","position":1,"name":"In\u00edcio","item":"https:\/\/algarve7.pt\/"},{"@type":"ListItem","position":2,"name":"Lagos recebe sess\u00e3o comemorativa do 10.\u00ba anivers\u00e1rio dos Centros de Forma\u00e7\u00e3o Desportiva do Desporto Escolar"}]},{"@type":"WebSite","@id":"https:\/\/algarve7.pt\/#website","url":"https:\/\/algarve7.pt\/","name":"Algarve 7","description":"Informa\u00e7\u00e3o sobre o Algarve","publisher":{"@id":"https:\/\/algarve7.pt\/#organization"},"potentialAction":[{"@type":"SearchAction","target":{"@type":"EntryPoint","urlTemplate":"https:\/\/algarve7.pt\/?s={search_term_string}"},"query-input":{"@type":"PropertyValueSpecification","valueRequired":true,"valueName":"search_term_string"}}],"inLanguage":"pt-PT"},{"@type":"Organization","@id":"https:\/\/algarve7.pt\/#organization","name":"Algarve 7","url":"https:\/\/algarve7.pt\/","logo":{"@type":"ImageObject","inLanguage":"pt-PT","@id":"https:\/\/algarve7.pt\/#\/schema\/logo\/image\/","url":"https:\/\/algarve7.pt\/wp-content\/uploads\/2020\/10\/Logo-8.jpg","contentUrl":"https:\/\/algarve7.pt\/wp-content\/uploads\/2020\/10\/Logo-8.jpg","width":1680,"height":1186,"caption":"Algarve 7"},"image":{"@id":"https:\/\/algarve7.pt\/#\/schema\/logo\/image\/"},"sameAs":["https:\/\/www.facebook.com\/algarve7","https:\/\/x.com\/Algarvesete","https:\/\/www.instagram.com\/jornalalgarve7\/","https:\/\/www.linkedin.com\/company\/algarve7","https:\/\/www.pinterest.pt\/geral0939\/_created\/"]},{"@type":"Person","@id":"https:\/\/algarve7.pt\/#\/schema\/person\/23fa70681308e7b319a3204bcea45e0c","name":"Algarve 7","sameAs":["https:\/\/algarve7.pt","https:\/\/www.facebook.com\/algarve7"],"url":"https:\/\/algarve7.pt\/index.php\/author\/geralalgarve7-pt\/"}]}},"jetpack_publicize_connections":[],"jetpack_featured_media_url":"https:\/\/algarve7.pt\/wp-content\/uploads\/2022\/02\/aereas-de-Lagos_OCS.jpg","jetpack_shortlink":"https:\/\/wp.me\/pcezmW-662","jetpack_sharing_enabled":true,"_links":{"self":[{"href":"https:\/\/algarve7.pt\/index.php\/wp-json\/wp\/v2\/posts\/23438","targetHints":{"allow":["GET"]}}],"collection":[{"href":"https:\/\/algarve7.pt\/index.php\/wp-json\/wp\/v2\/posts"}],"about":[{"href":"https:\/\/algarve7.pt\/index.php\/wp-json\/wp\/v2\/types\/post"}],"author":[{"embeddable":true,"href":"https:\/\/algarve7.pt\/index.php\/wp-json\/wp\/v2\/users\/1"}],"replies":[{"embeddable":true,"href":"https:\/\/algarve7.pt\/index.php\/wp-json\/wp\/v2\/comments?post=23438"}],"version-history":[{"count":0,"href":"https:\/\/algarve7.pt\/index.php\/wp-json\/wp\/v2\/posts\/23438\/revisions"}],"wp:featuredmedia":[{"embeddable":true,"href":"https:\/\/algarve7.pt\/index.php\/wp-json\/wp\/v2\/media\/15669"}],"wp:attachment":[{"href":"https:\/\/algarve7.pt\/index.php\/wp-json\/wp\/v2\/media?parent=23438"}],"wp:term":[{"taxonomy":"category","embeddable":true,"href":"https:\/\/algarve7.pt\/index.php\/wp-json\/wp\/v2\/categories?post=23438"},{"taxonomy":"post_tag","embeddable":true,"href":"https:\/\/algarve7.pt\/index.php\/wp-json\/wp\/v2\/tags?post=23438"}],"curies":[{"name":"wp","href":"https:\/\/api.w.org\/{rel}","templated":true}]}}