{"id":23434,"date":"2022-11-18T10:00:00","date_gmt":"2022-11-18T10:00:00","guid":{"rendered":"https:\/\/algarve7.pt\/?p=23434"},"modified":"2022-11-18T10:00:00","modified_gmt":"2022-11-18T10:00:00","slug":"comando-territorial-da-gnr-muda-se-para-a-cidadela-da-seguranca-e-protecao-civil-de-loule","status":"publish","type":"post","link":"https:\/\/algarve7.pt\/index.php\/2022\/11\/comando-territorial-da-gnr-muda-se-para-a-cidadela-da-seguranca-e-protecao-civil-de-loule\/atualidade\/10\/00\/","title":{"rendered":"Comando territorial da GNR muda-se para a cidadela da seguran\u00e7a e prote\u00e7\u00e3o civil de Loul\u00e9"},"content":{"rendered":"\n<p>Jos\u00e9 Lu\u00eds Carneiro, Ministro da Administra\u00e7\u00e3o Interna,esteve&nbsp;esta ter\u00e7a-feira&nbsp;no Sal\u00e3o Nobre dos Pa\u00e7os do Concelho de Loul\u00e9 para presidir&nbsp;\u00e0 celebra\u00e7\u00e3o da renova\u00e7\u00e3o do&nbsp;contrato de coopera\u00e7\u00e3o interadministrativa tendo em vista a constru\u00e7\u00e3o do novo Comando Territorial da Guarda Nacional Republicana&nbsp;de Faro,&nbsp;na cidade de Loul\u00e9.<\/p>\n\n\n\n<p>Este&nbsp;\u00e9 um&nbsp;acordo que vem&nbsp;na continuidade do documento assinado em 2018,&nbsp;cuja validade caducou&nbsp;entretanto. Agora&nbsp;pretendem as duas partes envolvidas \u2013 Munic\u00edpio e Minist\u00e9rio&nbsp;\u2013&nbsp;agilizar&nbsp;o processo&nbsp;de cria\u00e7\u00e3o destas instala\u00e7\u00f5es. \u201cAo abrigo desse protocolo algum trabalho est\u00e1 feito&nbsp;mas \u00e9 preciso a partir deste momento, de uma forma decisiva e&nbsp;com vontade firme, acelerar para podermos concretizar esta t\u00e3o importante obra\u201d, explicou V\u00edtor Aleixo, presidente&nbsp;do Munic\u00edpio.<\/p>\n\n\n\n<p>A funcionar atualmente em condi\u00e7\u00f5es&nbsp;que n\u00e3o se coadunam&nbsp;com&nbsp;o&nbsp;servi\u00e7o&nbsp;dos militares,&nbsp;numas&nbsp;instala\u00e7\u00f5es&nbsp;no centro da cidade de Faro, a cria\u00e7\u00e3o de uma&nbsp;nova casa para a GNR \u00e9 uma necessidade identificada&nbsp;em 2017,&nbsp;altura&nbsp;em que&nbsp;foi&nbsp;sinalizada como&nbsp;\u201cuma prioridade\u201d,&nbsp;ressalvou&nbsp;o Ministro&nbsp;da Administra\u00e7\u00e3o Interna.<\/p>\n\n\n\n<p>A disponibilidade da C\u00e2mara Municipal de Loul\u00e9 permitiu unir esfor\u00e7os&nbsp;com a Secretaria Geral do MAI e a GNR&nbsp;para concretizar&nbsp;o&nbsp;projeto naquele&nbsp;que Jos\u00e9 Lu\u00eds Carneiro considera ser \u201cmais um exemplo de uma&nbsp;parceria virtuosa\u201d.&nbsp;At\u00e9&nbsp;porque a aposta governamental passa por uma \u201cseguran\u00e7a de proximidade\u201d e as autarquias s\u00e3o, nesse sentido, \u201cos principais interlocutores\u201d.&nbsp;<\/p>\n\n\n\n<p>O futuro edif\u00edcio do&nbsp;Comando Territorial de Faro&nbsp;permitir\u00e1 aos militares que aqui est\u00e3o afetos&nbsp;\u201calcan\u00e7ar maior efici\u00eancia no&nbsp;seu&nbsp;desempenho\u201d, garantindo ao mesmo tempo&nbsp;\u201cmelhores condi\u00e7\u00f5es de resposta \u00e0s necessidades dos cidad\u00e3os\u201d.<\/p>\n\n\n\n<p>Com uma localiza\u00e7\u00e3o&nbsp;privilegiada, numa \u00e1rea central junto \u00e0 A22, a futura instala\u00e7\u00e3o deste Comando ter\u00e1 como vizinhos&nbsp;o Comando Regional de Emerg\u00eancia e Prote\u00e7\u00e3o Civil, o Corpo de Bombeiros Municipais, o Heliporto, os servi\u00e7os do INEM (Instituto Nacional de Emerg\u00eancia M\u00e9dica) e o CODU (Centro de Orienta\u00e7\u00e3o de Doentes Urgentes), estes dois \u00faltimos equipamentos&nbsp;ainda&nbsp;em fase de constru\u00e7\u00e3o. Um conjunto de infraestruturas&nbsp;que constituem a denominada \u201cCidadela de Seguran\u00e7a e Prote\u00e7\u00e3o Civil\u201d.<\/p>\n\n\n\n<p>O Comando Territorial de Faro cobre uma \u00e1rea de quase 5000km2 e serve uma popula\u00e7\u00e3o de mais de 467 mil pessoas de 16 concelhos e, como assinalou Jos\u00e9 Lu\u00eds Carneiro, \u201cs\u00e3o muitos os desafios que se colocam para fazer face a esta imensid\u00e3o territorial\u201d.<\/p>\n\n\n\n<p>Com este acordo, a C\u00e2mara Municipal de Loul\u00e9 ficar\u00e1 respons\u00e1vel pela realiza\u00e7\u00e3o do projeto de execu\u00e7\u00e3o do im\u00f3vel destinado \u00e0s novas instala\u00e7\u00f5es do Comando Territorial de Faro, a construir num terreno que \u00e9 propriedade do Munic\u00edpio. A Autarquia ir\u00e1 tamb\u00e9m \u201ccomparticipar neste objetivo de natureza organizacional,&nbsp;log\u00edstica, operacional e tamb\u00e9m financeira\u201d, como adiantou o Ministro.<\/p>\n\n\n\n<p>Jos\u00e9 Lu\u00eds Carneiro considera ser este mais um investimento que contribui para a consolida\u00e7\u00e3o da imagem \u201cde&nbsp;um dos pa\u00edses mais pac\u00edficos do mundo\u201d.&nbsp;Tamb\u00e9m o&nbsp;autarca&nbsp;V\u00edtor Aleixo salientou a import\u00e2ncia do fator seguran\u00e7a como \u201cum dos maiores ativos\u201d para a excel\u00eancia da atividade tur\u00edstica. \u201cA nossa imagem de marca \u00e9 a de um destino seguro, sereno, onde os visitantes podem, em qualquer altura do ano, desfrutar em confian\u00e7a dos seus dias de repouso. Loul\u00e9 e o Algarve precisam de manter esta notoriedade pois, do turismo depende economicamente toda a popula\u00e7\u00e3o da regi\u00e3o\u201d, reiterou&nbsp;o edil.<\/p>\n\n\n\n<p>Nesta passagem por Loul\u00e9, o Ministro falou dos&nbsp;investimentos&nbsp;em equipamentos que t\u00eam sido realizados na regi\u00e3o ao abrigo&nbsp;da lei de programa\u00e7\u00e3o, bem como outros que se&nbsp;projetam,&nbsp;o&nbsp;que demonstra \u201co&nbsp;compromisso do Estado com as for\u00e7as de seguran\u00e7a\u201d.&nbsp;A&nbsp;moderniza\u00e7\u00e3o tecnol\u00f3gica&nbsp;\u00e9 tamb\u00e9m uma das apostas do&nbsp;Minist\u00e9rio,&nbsp;\u201cna antevis\u00e3o das amea\u00e7as e dos riscos, permitindo uma mais eficiente gest\u00e3o dos meios de natureza operacional\u201d.<\/p>\n\n\n\n<p>O presidente da C\u00e2mara de Loul\u00e9 relembrou um momento importante na pol\u00edtica de seguran\u00e7a do concelho, a celebra\u00e7\u00e3o, em 2013, do Contrato Local de Seguran\u00e7a,&nbsp;que esteve na g\u00e9nese desta parceria institucional. Por outro lado,&nbsp;elencou o&nbsp;investimento municipal realizado&nbsp;em infraestruturas, ao abrigo&nbsp;da coopera\u00e7\u00e3o com o Minist\u00e9rio e a GNR,&nbsp;com destaque para a constru\u00e7\u00e3o de raiz do Posto Territorial de Almancil, o&nbsp;novo Posto do Subdestacamento Territorial de Quarteira ou ainda&nbsp;os melhoramentos nos Postos de Loul\u00e9 e de Salir.<\/p>\n\n\n\n<p>Neste dia Jos\u00e9 Lu\u00eds Carneiro passou ainda pela BAL de Quarteira para a cerim\u00f3nia de estabelecimento de 7 novas equipas de interven\u00e7\u00e3o permanente na regi\u00e3o.<\/p>\n","protected":false},"excerpt":{"rendered":"<p>Jos\u00e9 Lu\u00eds Carneiro, Ministro da Administra\u00e7\u00e3o Interna,esteve&nbsp;esta ter\u00e7a-feira&nbsp;no Sal\u00e3o Nobre dos Pa\u00e7os do Concelho de Loul\u00e9 para presidir&nbsp;\u00e0 celebra\u00e7\u00e3o da<\/p>\n","protected":false},"author":1,"featured_media":23433,"comment_status":"open","ping_status":"open","sticky":false,"template":"","format":"standard","meta":{"colormag_page_container_layout":"default_layout","colormag_page_sidebar_layout":"default_layout","_monsterinsights_skip_tracking":false,"_monsterinsights_sitenote_active":false,"_monsterinsights_sitenote_note":"","_monsterinsights_sitenote_category":0,"jetpack_post_was_ever_published":false,"_jetpack_newsletter_access":"","_jetpack_dont_email_post_to_subs":false,"_jetpack_newsletter_tier_id":0,"_jetpack_memberships_contains_paywalled_content":false,"_jetpack_memberships_contains_paid_content":false,"footnotes":"","jetpack_publicize_message":"","jetpack_publicize_feature_enabled":true,"jetpack_social_post_already_shared":true,"jetpack_social_options":{"image_generator_settings":{"template":"highway","default_image_id":0,"font":"","enabled":false},"version":2}},"categories":[11],"tags":[36,62,140,31],"class_list":["post-23434","post","type-post","status-publish","format-standard","has-post-thumbnail","hentry","category-atualidade","tag-algarve","tag-atualidade","tag-gnr","tag-loule"],"yoast_head":"<!-- This site is optimized with the Yoast SEO plugin v27.4 - https:\/\/yoast.com\/product\/yoast-seo-wordpress\/ -->\n<title>Comando territorial da GNR muda-se para a cidadela da seguran\u00e7a e prote\u00e7\u00e3o civil de Loul\u00e9 - Algarve 7<\/title>\n<meta name=\"description\" content=\"Comando territorial da GNR muda-se para a cidadela da seguran\u00e7a e prote\u00e7\u00e3o civil de Loul\u00e9\" \/>\n<meta name=\"robots\" content=\"index, follow, max-snippet:-1, max-image-preview:large, max-video-preview:-1\" \/>\n<link rel=\"canonical\" href=\"https:\/\/algarve7.pt\/index.php\/2022\/11\/comando-territorial-da-gnr-muda-se-para-a-cidadela-da-seguranca-e-protecao-civil-de-loule\/atualidade\/10\/00\/\" \/>\n<meta property=\"og:locale\" content=\"pt_PT\" \/>\n<meta property=\"og:type\" content=\"article\" \/>\n<meta property=\"og:title\" content=\"Comando territorial da GNR muda-se para a cidadela da seguran\u00e7a e prote\u00e7\u00e3o civil de Loul\u00e9 - Algarve 7\" \/>\n<meta property=\"og:description\" content=\"Comando territorial da GNR muda-se para a cidadela da seguran\u00e7a e prote\u00e7\u00e3o civil de Loul\u00e9\" \/>\n<meta property=\"og:url\" content=\"https:\/\/algarve7.pt\/index.php\/2022\/11\/comando-territorial-da-gnr-muda-se-para-a-cidadela-da-seguranca-e-protecao-civil-de-loule\/atualidade\/10\/00\/\" \/>\n<meta property=\"og:site_name\" content=\"Algarve 7\" \/>\n<meta property=\"article:publisher\" content=\"https:\/\/www.facebook.com\/algarve7\" \/>\n<meta property=\"article:author\" content=\"https:\/\/www.facebook.com\/algarve7\" \/>\n<meta property=\"article:published_time\" content=\"2022-11-18T10:00:00+00:00\" \/>\n<meta property=\"og:image\" content=\"https:\/\/algarve7.pt\/wp-content\/uploads\/2022\/11\/assinatura-de-protocolo-com-o-ministro-da-administracao-interna-jose-lui...-scaled.jpg\" \/>\n\t<meta property=\"og:image:width\" content=\"2560\" \/>\n\t<meta property=\"og:image:height\" content=\"1594\" \/>\n\t<meta property=\"og:image:type\" content=\"image\/jpeg\" \/>\n<meta name=\"author\" content=\"Algarve 7\" \/>\n<meta name=\"twitter:card\" content=\"summary_large_image\" \/>\n<meta name=\"twitter:creator\" content=\"@Algarvesete\" \/>\n<meta name=\"twitter:site\" content=\"@Algarvesete\" \/>\n<meta name=\"twitter:label1\" content=\"Escrito por\" \/>\n\t<meta name=\"twitter:data1\" content=\"Algarve 7\" \/>\n\t<meta name=\"twitter:label2\" content=\"Tempo estimado de leitura\" \/>\n\t<meta name=\"twitter:data2\" content=\"4 minutos\" \/>\n<script type=\"application\/ld+json\" class=\"yoast-schema-graph\">{\"@context\":\"https:\\\/\\\/schema.org\",\"@graph\":[{\"@type\":\"Article\",\"@id\":\"https:\\\/\\\/algarve7.pt\\\/index.php\\\/2022\\\/11\\\/comando-territorial-da-gnr-muda-se-para-a-cidadela-da-seguranca-e-protecao-civil-de-loule\\\/atualidade\\\/10\\\/00\\\/#article\",\"isPartOf\":{\"@id\":\"https:\\\/\\\/algarve7.pt\\\/index.php\\\/2022\\\/11\\\/comando-territorial-da-gnr-muda-se-para-a-cidadela-da-seguranca-e-protecao-civil-de-loule\\\/atualidade\\\/10\\\/00\\\/\"},\"author\":{\"name\":\"Algarve 7\",\"@id\":\"https:\\\/\\\/algarve7.pt\\\/#\\\/schema\\\/person\\\/23fa70681308e7b319a3204bcea45e0c\"},\"headline\":\"Comando territorial da GNR muda-se para a cidadela da seguran\u00e7a e prote\u00e7\u00e3o civil de Loul\u00e9\",\"datePublished\":\"2022-11-18T10:00:00+00:00\",\"mainEntityOfPage\":{\"@id\":\"https:\\\/\\\/algarve7.pt\\\/index.php\\\/2022\\\/11\\\/comando-territorial-da-gnr-muda-se-para-a-cidadela-da-seguranca-e-protecao-civil-de-loule\\\/atualidade\\\/10\\\/00\\\/\"},\"wordCount\":888,\"commentCount\":0,\"publisher\":{\"@id\":\"https:\\\/\\\/algarve7.pt\\\/#organization\"},\"image\":{\"@id\":\"https:\\\/\\\/algarve7.pt\\\/index.php\\\/2022\\\/11\\\/comando-territorial-da-gnr-muda-se-para-a-cidadela-da-seguranca-e-protecao-civil-de-loule\\\/atualidade\\\/10\\\/00\\\/#primaryimage\"},\"thumbnailUrl\":\"https:\\\/\\\/algarve7.pt\\\/wp-content\\\/uploads\\\/2022\\\/11\\\/assinatura-de-protocolo-com-o-ministro-da-administracao-interna-jose-lui...-scaled.jpg\",\"keywords\":[\"Algarve\",\"Atualidade\",\"GNR\",\"Loul\u00e9\"],\"articleSection\":[\"Atualidade\"],\"inLanguage\":\"pt-PT\",\"potentialAction\":[{\"@type\":\"CommentAction\",\"name\":\"Comment\",\"target\":[\"https:\\\/\\\/algarve7.pt\\\/index.php\\\/2022\\\/11\\\/comando-territorial-da-gnr-muda-se-para-a-cidadela-da-seguranca-e-protecao-civil-de-loule\\\/atualidade\\\/10\\\/00\\\/#respond\"]}]},{\"@type\":\"WebPage\",\"@id\":\"https:\\\/\\\/algarve7.pt\\\/index.php\\\/2022\\\/11\\\/comando-territorial-da-gnr-muda-se-para-a-cidadela-da-seguranca-e-protecao-civil-de-loule\\\/atualidade\\\/10\\\/00\\\/\",\"url\":\"https:\\\/\\\/algarve7.pt\\\/index.php\\\/2022\\\/11\\\/comando-territorial-da-gnr-muda-se-para-a-cidadela-da-seguranca-e-protecao-civil-de-loule\\\/atualidade\\\/10\\\/00\\\/\",\"name\":\"Comando territorial da GNR muda-se para a cidadela da seguran\u00e7a e prote\u00e7\u00e3o civil de Loul\u00e9 - Algarve 7\",\"isPartOf\":{\"@id\":\"https:\\\/\\\/algarve7.pt\\\/#website\"},\"primaryImageOfPage\":{\"@id\":\"https:\\\/\\\/algarve7.pt\\\/index.php\\\/2022\\\/11\\\/comando-territorial-da-gnr-muda-se-para-a-cidadela-da-seguranca-e-protecao-civil-de-loule\\\/atualidade\\\/10\\\/00\\\/#primaryimage\"},\"image\":{\"@id\":\"https:\\\/\\\/algarve7.pt\\\/index.php\\\/2022\\\/11\\\/comando-territorial-da-gnr-muda-se-para-a-cidadela-da-seguranca-e-protecao-civil-de-loule\\\/atualidade\\\/10\\\/00\\\/#primaryimage\"},\"thumbnailUrl\":\"https:\\\/\\\/algarve7.pt\\\/wp-content\\\/uploads\\\/2022\\\/11\\\/assinatura-de-protocolo-com-o-ministro-da-administracao-interna-jose-lui...-scaled.jpg\",\"datePublished\":\"2022-11-18T10:00:00+00:00\",\"description\":\"Comando territorial da GNR muda-se para a cidadela da seguran\u00e7a e prote\u00e7\u00e3o civil de Loul\u00e9\",\"breadcrumb\":{\"@id\":\"https:\\\/\\\/algarve7.pt\\\/index.php\\\/2022\\\/11\\\/comando-territorial-da-gnr-muda-se-para-a-cidadela-da-seguranca-e-protecao-civil-de-loule\\\/atualidade\\\/10\\\/00\\\/#breadcrumb\"},\"inLanguage\":\"pt-PT\",\"potentialAction\":[{\"@type\":\"ReadAction\",\"target\":[\"https:\\\/\\\/algarve7.pt\\\/index.php\\\/2022\\\/11\\\/comando-territorial-da-gnr-muda-se-para-a-cidadela-da-seguranca-e-protecao-civil-de-loule\\\/atualidade\\\/10\\\/00\\\/\"]}]},{\"@type\":\"ImageObject\",\"inLanguage\":\"pt-PT\",\"@id\":\"https:\\\/\\\/algarve7.pt\\\/index.php\\\/2022\\\/11\\\/comando-territorial-da-gnr-muda-se-para-a-cidadela-da-seguranca-e-protecao-civil-de-loule\\\/atualidade\\\/10\\\/00\\\/#primaryimage\",\"url\":\"https:\\\/\\\/algarve7.pt\\\/wp-content\\\/uploads\\\/2022\\\/11\\\/assinatura-de-protocolo-com-o-ministro-da-administracao-interna-jose-lui...-scaled.jpg\",\"contentUrl\":\"https:\\\/\\\/algarve7.pt\\\/wp-content\\\/uploads\\\/2022\\\/11\\\/assinatura-de-protocolo-com-o-ministro-da-administracao-interna-jose-lui...-scaled.jpg\",\"width\":2560,\"height\":1594},{\"@type\":\"BreadcrumbList\",\"@id\":\"https:\\\/\\\/algarve7.pt\\\/index.php\\\/2022\\\/11\\\/comando-territorial-da-gnr-muda-se-para-a-cidadela-da-seguranca-e-protecao-civil-de-loule\\\/atualidade\\\/10\\\/00\\\/#breadcrumb\",\"itemListElement\":[{\"@type\":\"ListItem\",\"position\":1,\"name\":\"In\u00edcio\",\"item\":\"https:\\\/\\\/algarve7.pt\\\/\"},{\"@type\":\"ListItem\",\"position\":2,\"name\":\"Comando territorial da GNR muda-se para a cidadela da seguran\u00e7a e prote\u00e7\u00e3o civil de Loul\u00e9\"}]},{\"@type\":\"WebSite\",\"@id\":\"https:\\\/\\\/algarve7.pt\\\/#website\",\"url\":\"https:\\\/\\\/algarve7.pt\\\/\",\"name\":\"Algarve 7\",\"description\":\"Informa\u00e7\u00e3o sobre o Algarve\",\"publisher\":{\"@id\":\"https:\\\/\\\/algarve7.pt\\\/#organization\"},\"potentialAction\":[{\"@type\":\"SearchAction\",\"target\":{\"@type\":\"EntryPoint\",\"urlTemplate\":\"https:\\\/\\\/algarve7.pt\\\/?s={search_term_string}\"},\"query-input\":{\"@type\":\"PropertyValueSpecification\",\"valueRequired\":true,\"valueName\":\"search_term_string\"}}],\"inLanguage\":\"pt-PT\"},{\"@type\":\"Organization\",\"@id\":\"https:\\\/\\\/algarve7.pt\\\/#organization\",\"name\":\"Algarve 7\",\"url\":\"https:\\\/\\\/algarve7.pt\\\/\",\"logo\":{\"@type\":\"ImageObject\",\"inLanguage\":\"pt-PT\",\"@id\":\"https:\\\/\\\/algarve7.pt\\\/#\\\/schema\\\/logo\\\/image\\\/\",\"url\":\"https:\\\/\\\/algarve7.pt\\\/wp-content\\\/uploads\\\/2020\\\/10\\\/Logo-8.jpg\",\"contentUrl\":\"https:\\\/\\\/algarve7.pt\\\/wp-content\\\/uploads\\\/2020\\\/10\\\/Logo-8.jpg\",\"width\":1680,\"height\":1186,\"caption\":\"Algarve 7\"},\"image\":{\"@id\":\"https:\\\/\\\/algarve7.pt\\\/#\\\/schema\\\/logo\\\/image\\\/\"},\"sameAs\":[\"https:\\\/\\\/www.facebook.com\\\/algarve7\",\"https:\\\/\\\/x.com\\\/Algarvesete\",\"https:\\\/\\\/www.instagram.com\\\/jornalalgarve7\\\/\",\"https:\\\/\\\/www.linkedin.com\\\/company\\\/algarve7\",\"https:\\\/\\\/www.pinterest.pt\\\/geral0939\\\/_created\\\/\"]},{\"@type\":\"Person\",\"@id\":\"https:\\\/\\\/algarve7.pt\\\/#\\\/schema\\\/person\\\/23fa70681308e7b319a3204bcea45e0c\",\"name\":\"Algarve 7\",\"sameAs\":[\"https:\\\/\\\/algarve7.pt\",\"https:\\\/\\\/www.facebook.com\\\/algarve7\"],\"url\":\"https:\\\/\\\/algarve7.pt\\\/index.php\\\/author\\\/geralalgarve7-pt\\\/\"}]}<\/script>\n<!-- \/ Yoast SEO plugin. -->","yoast_head_json":{"title":"Comando territorial da GNR muda-se para a cidadela da seguran\u00e7a e prote\u00e7\u00e3o civil de Loul\u00e9 - Algarve 7","description":"Comando territorial da GNR muda-se para a cidadela da seguran\u00e7a e prote\u00e7\u00e3o civil de Loul\u00e9","robots":{"index":"index","follow":"follow","max-snippet":"max-snippet:-1","max-image-preview":"max-image-preview:large","max-video-preview":"max-video-preview:-1"},"canonical":"https:\/\/algarve7.pt\/index.php\/2022\/11\/comando-territorial-da-gnr-muda-se-para-a-cidadela-da-seguranca-e-protecao-civil-de-loule\/atualidade\/10\/00\/","og_locale":"pt_PT","og_type":"article","og_title":"Comando territorial da GNR muda-se para a cidadela da seguran\u00e7a e prote\u00e7\u00e3o civil de Loul\u00e9 - Algarve 7","og_description":"Comando territorial da GNR muda-se para a cidadela da seguran\u00e7a e prote\u00e7\u00e3o civil de Loul\u00e9","og_url":"https:\/\/algarve7.pt\/index.php\/2022\/11\/comando-territorial-da-gnr-muda-se-para-a-cidadela-da-seguranca-e-protecao-civil-de-loule\/atualidade\/10\/00\/","og_site_name":"Algarve 7","article_publisher":"https:\/\/www.facebook.com\/algarve7","article_author":"https:\/\/www.facebook.com\/algarve7","article_published_time":"2022-11-18T10:00:00+00:00","og_image":[{"width":2560,"height":1594,"url":"https:\/\/algarve7.pt\/wp-content\/uploads\/2022\/11\/assinatura-de-protocolo-com-o-ministro-da-administracao-interna-jose-lui...-scaled.jpg","type":"image\/jpeg"}],"author":"Algarve 7","twitter_card":"summary_large_image","twitter_creator":"@Algarvesete","twitter_site":"@Algarvesete","twitter_misc":{"Escrito por":"Algarve 7","Tempo estimado de leitura":"4 minutos"},"schema":{"@context":"https:\/\/schema.org","@graph":[{"@type":"Article","@id":"https:\/\/algarve7.pt\/index.php\/2022\/11\/comando-territorial-da-gnr-muda-se-para-a-cidadela-da-seguranca-e-protecao-civil-de-loule\/atualidade\/10\/00\/#article","isPartOf":{"@id":"https:\/\/algarve7.pt\/index.php\/2022\/11\/comando-territorial-da-gnr-muda-se-para-a-cidadela-da-seguranca-e-protecao-civil-de-loule\/atualidade\/10\/00\/"},"author":{"name":"Algarve 7","@id":"https:\/\/algarve7.pt\/#\/schema\/person\/23fa70681308e7b319a3204bcea45e0c"},"headline":"Comando territorial da GNR muda-se para a cidadela da seguran\u00e7a e prote\u00e7\u00e3o civil de Loul\u00e9","datePublished":"2022-11-18T10:00:00+00:00","mainEntityOfPage":{"@id":"https:\/\/algarve7.pt\/index.php\/2022\/11\/comando-territorial-da-gnr-muda-se-para-a-cidadela-da-seguranca-e-protecao-civil-de-loule\/atualidade\/10\/00\/"},"wordCount":888,"commentCount":0,"publisher":{"@id":"https:\/\/algarve7.pt\/#organization"},"image":{"@id":"https:\/\/algarve7.pt\/index.php\/2022\/11\/comando-territorial-da-gnr-muda-se-para-a-cidadela-da-seguranca-e-protecao-civil-de-loule\/atualidade\/10\/00\/#primaryimage"},"thumbnailUrl":"https:\/\/algarve7.pt\/wp-content\/uploads\/2022\/11\/assinatura-de-protocolo-com-o-ministro-da-administracao-interna-jose-lui...-scaled.jpg","keywords":["Algarve","Atualidade","GNR","Loul\u00e9"],"articleSection":["Atualidade"],"inLanguage":"pt-PT","potentialAction":[{"@type":"CommentAction","name":"Comment","target":["https:\/\/algarve7.pt\/index.php\/2022\/11\/comando-territorial-da-gnr-muda-se-para-a-cidadela-da-seguranca-e-protecao-civil-de-loule\/atualidade\/10\/00\/#respond"]}]},{"@type":"WebPage","@id":"https:\/\/algarve7.pt\/index.php\/2022\/11\/comando-territorial-da-gnr-muda-se-para-a-cidadela-da-seguranca-e-protecao-civil-de-loule\/atualidade\/10\/00\/","url":"https:\/\/algarve7.pt\/index.php\/2022\/11\/comando-territorial-da-gnr-muda-se-para-a-cidadela-da-seguranca-e-protecao-civil-de-loule\/atualidade\/10\/00\/","name":"Comando territorial da GNR muda-se para a cidadela da seguran\u00e7a e prote\u00e7\u00e3o civil de Loul\u00e9 - Algarve 7","isPartOf":{"@id":"https:\/\/algarve7.pt\/#website"},"primaryImageOfPage":{"@id":"https:\/\/algarve7.pt\/index.php\/2022\/11\/comando-territorial-da-gnr-muda-se-para-a-cidadela-da-seguranca-e-protecao-civil-de-loule\/atualidade\/10\/00\/#primaryimage"},"image":{"@id":"https:\/\/algarve7.pt\/index.php\/2022\/11\/comando-territorial-da-gnr-muda-se-para-a-cidadela-da-seguranca-e-protecao-civil-de-loule\/atualidade\/10\/00\/#primaryimage"},"thumbnailUrl":"https:\/\/algarve7.pt\/wp-content\/uploads\/2022\/11\/assinatura-de-protocolo-com-o-ministro-da-administracao-interna-jose-lui...-scaled.jpg","datePublished":"2022-11-18T10:00:00+00:00","description":"Comando territorial da GNR muda-se para a cidadela da seguran\u00e7a e prote\u00e7\u00e3o civil de Loul\u00e9","breadcrumb":{"@id":"https:\/\/algarve7.pt\/index.php\/2022\/11\/comando-territorial-da-gnr-muda-se-para-a-cidadela-da-seguranca-e-protecao-civil-de-loule\/atualidade\/10\/00\/#breadcrumb"},"inLanguage":"pt-PT","potentialAction":[{"@type":"ReadAction","target":["https:\/\/algarve7.pt\/index.php\/2022\/11\/comando-territorial-da-gnr-muda-se-para-a-cidadela-da-seguranca-e-protecao-civil-de-loule\/atualidade\/10\/00\/"]}]},{"@type":"ImageObject","inLanguage":"pt-PT","@id":"https:\/\/algarve7.pt\/index.php\/2022\/11\/comando-territorial-da-gnr-muda-se-para-a-cidadela-da-seguranca-e-protecao-civil-de-loule\/atualidade\/10\/00\/#primaryimage","url":"https:\/\/algarve7.pt\/wp-content\/uploads\/2022\/11\/assinatura-de-protocolo-com-o-ministro-da-administracao-interna-jose-lui...-scaled.jpg","contentUrl":"https:\/\/algarve7.pt\/wp-content\/uploads\/2022\/11\/assinatura-de-protocolo-com-o-ministro-da-administracao-interna-jose-lui...-scaled.jpg","width":2560,"height":1594},{"@type":"BreadcrumbList","@id":"https:\/\/algarve7.pt\/index.php\/2022\/11\/comando-territorial-da-gnr-muda-se-para-a-cidadela-da-seguranca-e-protecao-civil-de-loule\/atualidade\/10\/00\/#breadcrumb","itemListElement":[{"@type":"ListItem","position":1,"name":"In\u00edcio","item":"https:\/\/algarve7.pt\/"},{"@type":"ListItem","position":2,"name":"Comando territorial da GNR muda-se para a cidadela da seguran\u00e7a e prote\u00e7\u00e3o civil de Loul\u00e9"}]},{"@type":"WebSite","@id":"https:\/\/algarve7.pt\/#website","url":"https:\/\/algarve7.pt\/","name":"Algarve 7","description":"Informa\u00e7\u00e3o sobre o Algarve","publisher":{"@id":"https:\/\/algarve7.pt\/#organization"},"potentialAction":[{"@type":"SearchAction","target":{"@type":"EntryPoint","urlTemplate":"https:\/\/algarve7.pt\/?s={search_term_string}"},"query-input":{"@type":"PropertyValueSpecification","valueRequired":true,"valueName":"search_term_string"}}],"inLanguage":"pt-PT"},{"@type":"Organization","@id":"https:\/\/algarve7.pt\/#organization","name":"Algarve 7","url":"https:\/\/algarve7.pt\/","logo":{"@type":"ImageObject","inLanguage":"pt-PT","@id":"https:\/\/algarve7.pt\/#\/schema\/logo\/image\/","url":"https:\/\/algarve7.pt\/wp-content\/uploads\/2020\/10\/Logo-8.jpg","contentUrl":"https:\/\/algarve7.pt\/wp-content\/uploads\/2020\/10\/Logo-8.jpg","width":1680,"height":1186,"caption":"Algarve 7"},"image":{"@id":"https:\/\/algarve7.pt\/#\/schema\/logo\/image\/"},"sameAs":["https:\/\/www.facebook.com\/algarve7","https:\/\/x.com\/Algarvesete","https:\/\/www.instagram.com\/jornalalgarve7\/","https:\/\/www.linkedin.com\/company\/algarve7","https:\/\/www.pinterest.pt\/geral0939\/_created\/"]},{"@type":"Person","@id":"https:\/\/algarve7.pt\/#\/schema\/person\/23fa70681308e7b319a3204bcea45e0c","name":"Algarve 7","sameAs":["https:\/\/algarve7.pt","https:\/\/www.facebook.com\/algarve7"],"url":"https:\/\/algarve7.pt\/index.php\/author\/geralalgarve7-pt\/"}]}},"jetpack_publicize_connections":[],"jetpack_featured_media_url":"https:\/\/algarve7.pt\/wp-content\/uploads\/2022\/11\/assinatura-de-protocolo-com-o-ministro-da-administracao-interna-jose-lui...-scaled.jpg","jetpack_shortlink":"https:\/\/wp.me\/pcezmW-65Y","jetpack_sharing_enabled":true,"_links":{"self":[{"href":"https:\/\/algarve7.pt\/index.php\/wp-json\/wp\/v2\/posts\/23434","targetHints":{"allow":["GET"]}}],"collection":[{"href":"https:\/\/algarve7.pt\/index.php\/wp-json\/wp\/v2\/posts"}],"about":[{"href":"https:\/\/algarve7.pt\/index.php\/wp-json\/wp\/v2\/types\/post"}],"author":[{"embeddable":true,"href":"https:\/\/algarve7.pt\/index.php\/wp-json\/wp\/v2\/users\/1"}],"replies":[{"embeddable":true,"href":"https:\/\/algarve7.pt\/index.php\/wp-json\/wp\/v2\/comments?post=23434"}],"version-history":[{"count":0,"href":"https:\/\/algarve7.pt\/index.php\/wp-json\/wp\/v2\/posts\/23434\/revisions"}],"wp:featuredmedia":[{"embeddable":true,"href":"https:\/\/algarve7.pt\/index.php\/wp-json\/wp\/v2\/media\/23433"}],"wp:attachment":[{"href":"https:\/\/algarve7.pt\/index.php\/wp-json\/wp\/v2\/media?parent=23434"}],"wp:term":[{"taxonomy":"category","embeddable":true,"href":"https:\/\/algarve7.pt\/index.php\/wp-json\/wp\/v2\/categories?post=23434"},{"taxonomy":"post_tag","embeddable":true,"href":"https:\/\/algarve7.pt\/index.php\/wp-json\/wp\/v2\/tags?post=23434"}],"curies":[{"name":"wp","href":"https:\/\/api.w.org\/{rel}","templated":true}]}}