{"id":23336,"date":"2022-11-10T19:16:03","date_gmt":"2022-11-10T19:16:03","guid":{"rendered":"https:\/\/algarve7.pt\/?p=23336"},"modified":"2022-11-10T19:16:04","modified_gmt":"2022-11-10T19:16:04","slug":"selecao-nacional-de-futsal-bateu-a-lituania-por-2-0","status":"publish","type":"post","link":"https:\/\/algarve7.pt\/index.php\/2022\/11\/selecao-nacional-de-futsal-bateu-a-lituania-por-2-0\/desporto\/19\/16\/","title":{"rendered":"Sele\u00e7\u00e3o Nacional de Futsal bateu a Litu\u00e2nia, por 2-0"},"content":{"rendered":"\n<p>A Sele\u00e7\u00e3o Nacional de Futsal bateu a Litu\u00e2nia, por 2-0, em jogo da 3.\u00aa ronda do Grupo 4 da 1.\u00aa fase de qualifica\u00e7\u00e3o para o Campeonato do Mundo 2024. O encontro teve lugar no Pavilh\u00e3o&nbsp;Municipal Professor Joaquim Vairinhos, em Loul\u00e9.<\/p>\n\n\n\n<p><strong>Jorge Braz, Selecionador Nacional, em discurso direto:&nbsp;<\/strong><br>&#8220;Tivemos compromisso e atitude. No fundo, \u00e9 normal haver uma ou outra situa\u00e7\u00e3o deles. Lembro-me de duas situa\u00e7\u00f5es em que eles podiam ter marcado, mas lembro-me de 40 nossas.&nbsp;<\/p>\n\n\n\n<p>N\u00e3o dar quase nada ao advers\u00e1rio e criar tanto significa que estamos no bom caminho. Mas na zona de defini\u00e7\u00e3o, pod\u00edamos ter sido melhores e ter constru\u00eddo&nbsp;outro resultado, claramente.<\/p>\n\n\n\n<p>Na forma como constru\u00edmos e os empurr\u00e1mos para os &#8216;seis metros&#8217;, fizemo-lo com qualidade na maior parte das vezes. Mas na defini\u00e7\u00e3o, com o pouco espa\u00e7o que tivemos, t\u00ednhamos de ser mais inteligentes, c\u00ednicos e enganadores na zona de finaliza\u00e7\u00e3o.<\/p>\n\n\n\n<p>A\u00ed, nem sempre estivemos t\u00e3o bem a escolher o \u00faltimo momento, o remate, o \u00faltimo passe, faz\u00ea-los &#8216;flutuar&#8217;, essencialmente isso.<\/p>\n\n\n\n<p>Estou satisfeito com os nove pontos e com esta vit\u00f3ria. Mas \u00e9 a nossa obriga\u00e7\u00e3o. N\u00f3s queremos passar \u00e0 pr\u00f3xima fase com 12 pontos. Falta um jogo, faltam tr\u00eas pontos. Vamos jogar em mar\u00e7o com a Bielorr\u00fassia, vamos ver\u00a0onde, para conquistar os tr\u00eas pontos e terminar &#8216;limpinhos'&#8221;.<\/p>\n\n\n\n<p><strong>M\u00e1rio Freitas em discurso direto:<\/strong><br>&#8220;O mais importante foram os tr\u00eas pontos. Sab\u00edamos que ia ser um jogo mais complicado do que aquele realizado em Kaunas. A Litu\u00e2nia vinha mais bem preparada, mas n\u00f3s tivemos muitas situa\u00e7\u00f5es de finaliza\u00e7\u00e3o. Com maior acerto ter\u00edamos constru\u00eddo um resultado mais dilatado. Mais tr\u00eas pontos na nossa caminhada. Sab\u00edamos que t\u00ednhamos\u00a0de ter paci\u00eancia, tivemos muitos lances para marcar.&#8221;<\/p>\n\n\n\n<p><strong>Andr\u00e9 Coelho em discurso direto:<\/strong><br>&#8220;J\u00e1 est\u00e1vamos \u00e0 espera de dificuldades. Sab\u00edamos que a Litu\u00e2nia ia defender com um bloco mais baixo. Pec\u00e1mos muito na finaliza\u00e7\u00e3o, dois golos foram curtos para o que n\u00f3s constru\u00edmos. Temos mais um jogo com a Bielorr\u00fassia para garantir mais tr\u00eas pontos.&nbsp;<\/p>\n\n\n\n<p>Nestes jogos \u00e9 sempre importante come\u00e7ar a ganhar. Com o 1-0 pens\u00e1mos que t\u00ednhamos desbloqueado o jogo para irmos em busca de alargar a nossa vantagem. N\u00e3o conseguimos logo marcar e a efic\u00e1cia n\u00e3o esteve do nosso lado. Temos de melhorar no pr\u00f3ximo jogo. \u00c9 um resultado mais que justo&#8221;.<\/p>\n\n\n\n<p>Fonte: FPF <\/p>\n\n\n\n<p>Foto: Jorge Gomes Click Time Photo\u00ae\u00a9<\/p>\n","protected":false},"excerpt":{"rendered":"<p>A Sele\u00e7\u00e3o Nacional de Futsal bateu a Litu\u00e2nia, por 2-0, em jogo da 3.\u00aa ronda do Grupo 4 da 1.\u00aa<\/p>\n","protected":false},"author":1,"featured_media":23337,"comment_status":"closed","ping_status":"open","sticky":false,"template":"","format":"standard","meta":{"colormag_page_container_layout":"default_layout","colormag_page_sidebar_layout":"default_layout","_monsterinsights_skip_tracking":false,"_monsterinsights_sitenote_active":false,"_monsterinsights_sitenote_note":"","_monsterinsights_sitenote_category":0,"jetpack_post_was_ever_published":false,"_jetpack_newsletter_access":"","_jetpack_dont_email_post_to_subs":false,"_jetpack_newsletter_tier_id":0,"_jetpack_memberships_contains_paywalled_content":false,"_jetpack_memberships_contains_paid_content":false,"footnotes":"","jetpack_publicize_message":"","jetpack_publicize_feature_enabled":true,"jetpack_social_post_already_shared":true,"jetpack_social_options":{"image_generator_settings":{"template":"highway","default_image_id":0,"font":"","enabled":false},"version":2}},"categories":[15],"tags":[36,40,542,31],"class_list":["post-23336","post","type-post","status-publish","format-standard","has-post-thumbnail","hentry","category-desporto","tag-algarve","tag-desporto","tag-futsal","tag-loule"],"yoast_head":"<!-- This site is optimized with the Yoast SEO plugin v27.5 - https:\/\/yoast.com\/product\/yoast-seo-wordpress\/ -->\n<title>Sele\u00e7\u00e3o Nacional de Futsal bateu a Litu\u00e2nia, por 2-0 - Algarve 7<\/title>\n<meta name=\"description\" content=\"Sele\u00e7\u00e3o Nacional de Futsal bateu a Litu\u00e2nia, por 2-0 Desporto\" \/>\n<meta name=\"robots\" content=\"index, follow, max-snippet:-1, max-image-preview:large, max-video-preview:-1\" \/>\n<link rel=\"canonical\" href=\"https:\/\/algarve7.pt\/index.php\/2022\/11\/selecao-nacional-de-futsal-bateu-a-lituania-por-2-0\/desporto\/19\/16\/\" \/>\n<meta property=\"og:locale\" content=\"pt_PT\" \/>\n<meta property=\"og:type\" content=\"article\" \/>\n<meta property=\"og:title\" content=\"Sele\u00e7\u00e3o Nacional de Futsal bateu a Litu\u00e2nia, por 2-0 - Algarve 7\" \/>\n<meta property=\"og:description\" content=\"Sele\u00e7\u00e3o Nacional de Futsal bateu a Litu\u00e2nia, por 2-0 Desporto\" \/>\n<meta property=\"og:url\" content=\"https:\/\/algarve7.pt\/index.php\/2022\/11\/selecao-nacional-de-futsal-bateu-a-lituania-por-2-0\/desporto\/19\/16\/\" \/>\n<meta property=\"og:site_name\" content=\"Algarve 7\" \/>\n<meta property=\"article:publisher\" content=\"https:\/\/www.facebook.com\/algarve7\" \/>\n<meta property=\"article:author\" content=\"https:\/\/www.facebook.com\/algarve7\" \/>\n<meta property=\"article:published_time\" content=\"2022-11-10T19:16:03+00:00\" \/>\n<meta property=\"article:modified_time\" content=\"2022-11-10T19:16:04+00:00\" \/>\n<meta property=\"og:image\" content=\"https:\/\/algarve7.pt\/wp-content\/uploads\/2022\/11\/Futsal-Portugal-x-Lituania-Loule-09-11-2022-1.jpg\" \/>\n\t<meta property=\"og:image:width\" content=\"1280\" \/>\n\t<meta property=\"og:image:height\" content=\"853\" \/>\n\t<meta property=\"og:image:type\" content=\"image\/jpeg\" \/>\n<meta name=\"author\" content=\"Algarve 7\" \/>\n<meta name=\"twitter:card\" content=\"summary_large_image\" \/>\n<meta name=\"twitter:creator\" content=\"@Algarvesete\" \/>\n<meta name=\"twitter:site\" content=\"@Algarvesete\" \/>\n<meta name=\"twitter:label1\" content=\"Escrito por\" \/>\n\t<meta name=\"twitter:data1\" content=\"Algarve 7\" \/>\n\t<meta name=\"twitter:label2\" content=\"Tempo estimado de leitura\" \/>\n\t<meta name=\"twitter:data2\" content=\"3 minutos\" \/>\n<script type=\"application\/ld+json\" class=\"yoast-schema-graph\">{\"@context\":\"https:\\\/\\\/schema.org\",\"@graph\":[{\"@type\":\"Article\",\"@id\":\"https:\\\/\\\/algarve7.pt\\\/index.php\\\/2022\\\/11\\\/selecao-nacional-de-futsal-bateu-a-lituania-por-2-0\\\/desporto\\\/19\\\/16\\\/#article\",\"isPartOf\":{\"@id\":\"https:\\\/\\\/algarve7.pt\\\/index.php\\\/2022\\\/11\\\/selecao-nacional-de-futsal-bateu-a-lituania-por-2-0\\\/desporto\\\/19\\\/16\\\/\"},\"author\":{\"name\":\"Algarve 7\",\"@id\":\"https:\\\/\\\/algarve7.pt\\\/#\\\/schema\\\/person\\\/23fa70681308e7b319a3204bcea45e0c\"},\"headline\":\"Sele\u00e7\u00e3o Nacional de Futsal bateu a Litu\u00e2nia, por 2-0\",\"datePublished\":\"2022-11-10T19:16:03+00:00\",\"dateModified\":\"2022-11-10T19:16:04+00:00\",\"mainEntityOfPage\":{\"@id\":\"https:\\\/\\\/algarve7.pt\\\/index.php\\\/2022\\\/11\\\/selecao-nacional-de-futsal-bateu-a-lituania-por-2-0\\\/desporto\\\/19\\\/16\\\/\"},\"wordCount\":446,\"publisher\":{\"@id\":\"https:\\\/\\\/algarve7.pt\\\/#organization\"},\"image\":{\"@id\":\"https:\\\/\\\/algarve7.pt\\\/index.php\\\/2022\\\/11\\\/selecao-nacional-de-futsal-bateu-a-lituania-por-2-0\\\/desporto\\\/19\\\/16\\\/#primaryimage\"},\"thumbnailUrl\":\"https:\\\/\\\/algarve7.pt\\\/wp-content\\\/uploads\\\/2022\\\/11\\\/Futsal-Portugal-x-Lituania-Loule-09-11-2022-1.jpg\",\"keywords\":[\"Algarve\",\"Desporto\",\"Futsal\",\"Loul\u00e9\"],\"articleSection\":[\"Desporto\"],\"inLanguage\":\"pt-PT\"},{\"@type\":\"WebPage\",\"@id\":\"https:\\\/\\\/algarve7.pt\\\/index.php\\\/2022\\\/11\\\/selecao-nacional-de-futsal-bateu-a-lituania-por-2-0\\\/desporto\\\/19\\\/16\\\/\",\"url\":\"https:\\\/\\\/algarve7.pt\\\/index.php\\\/2022\\\/11\\\/selecao-nacional-de-futsal-bateu-a-lituania-por-2-0\\\/desporto\\\/19\\\/16\\\/\",\"name\":\"Sele\u00e7\u00e3o Nacional de Futsal bateu a Litu\u00e2nia, por 2-0 - Algarve 7\",\"isPartOf\":{\"@id\":\"https:\\\/\\\/algarve7.pt\\\/#website\"},\"primaryImageOfPage\":{\"@id\":\"https:\\\/\\\/algarve7.pt\\\/index.php\\\/2022\\\/11\\\/selecao-nacional-de-futsal-bateu-a-lituania-por-2-0\\\/desporto\\\/19\\\/16\\\/#primaryimage\"},\"image\":{\"@id\":\"https:\\\/\\\/algarve7.pt\\\/index.php\\\/2022\\\/11\\\/selecao-nacional-de-futsal-bateu-a-lituania-por-2-0\\\/desporto\\\/19\\\/16\\\/#primaryimage\"},\"thumbnailUrl\":\"https:\\\/\\\/algarve7.pt\\\/wp-content\\\/uploads\\\/2022\\\/11\\\/Futsal-Portugal-x-Lituania-Loule-09-11-2022-1.jpg\",\"datePublished\":\"2022-11-10T19:16:03+00:00\",\"dateModified\":\"2022-11-10T19:16:04+00:00\",\"description\":\"Sele\u00e7\u00e3o Nacional de Futsal bateu a Litu\u00e2nia, por 2-0 Desporto\",\"breadcrumb\":{\"@id\":\"https:\\\/\\\/algarve7.pt\\\/index.php\\\/2022\\\/11\\\/selecao-nacional-de-futsal-bateu-a-lituania-por-2-0\\\/desporto\\\/19\\\/16\\\/#breadcrumb\"},\"inLanguage\":\"pt-PT\",\"potentialAction\":[{\"@type\":\"ReadAction\",\"target\":[\"https:\\\/\\\/algarve7.pt\\\/index.php\\\/2022\\\/11\\\/selecao-nacional-de-futsal-bateu-a-lituania-por-2-0\\\/desporto\\\/19\\\/16\\\/\"]}]},{\"@type\":\"ImageObject\",\"inLanguage\":\"pt-PT\",\"@id\":\"https:\\\/\\\/algarve7.pt\\\/index.php\\\/2022\\\/11\\\/selecao-nacional-de-futsal-bateu-a-lituania-por-2-0\\\/desporto\\\/19\\\/16\\\/#primaryimage\",\"url\":\"https:\\\/\\\/algarve7.pt\\\/wp-content\\\/uploads\\\/2022\\\/11\\\/Futsal-Portugal-x-Lituania-Loule-09-11-2022-1.jpg\",\"contentUrl\":\"https:\\\/\\\/algarve7.pt\\\/wp-content\\\/uploads\\\/2022\\\/11\\\/Futsal-Portugal-x-Lituania-Loule-09-11-2022-1.jpg\",\"width\":1280,\"height\":853},{\"@type\":\"BreadcrumbList\",\"@id\":\"https:\\\/\\\/algarve7.pt\\\/index.php\\\/2022\\\/11\\\/selecao-nacional-de-futsal-bateu-a-lituania-por-2-0\\\/desporto\\\/19\\\/16\\\/#breadcrumb\",\"itemListElement\":[{\"@type\":\"ListItem\",\"position\":1,\"name\":\"In\u00edcio\",\"item\":\"https:\\\/\\\/algarve7.pt\\\/\"},{\"@type\":\"ListItem\",\"position\":2,\"name\":\"Sele\u00e7\u00e3o Nacional de Futsal bateu a Litu\u00e2nia, por 2-0\"}]},{\"@type\":\"WebSite\",\"@id\":\"https:\\\/\\\/algarve7.pt\\\/#website\",\"url\":\"https:\\\/\\\/algarve7.pt\\\/\",\"name\":\"Algarve 7\",\"description\":\"Informa\u00e7\u00e3o sobre o Algarve\",\"publisher\":{\"@id\":\"https:\\\/\\\/algarve7.pt\\\/#organization\"},\"potentialAction\":[{\"@type\":\"SearchAction\",\"target\":{\"@type\":\"EntryPoint\",\"urlTemplate\":\"https:\\\/\\\/algarve7.pt\\\/?s={search_term_string}\"},\"query-input\":{\"@type\":\"PropertyValueSpecification\",\"valueRequired\":true,\"valueName\":\"search_term_string\"}}],\"inLanguage\":\"pt-PT\"},{\"@type\":\"Organization\",\"@id\":\"https:\\\/\\\/algarve7.pt\\\/#organization\",\"name\":\"Algarve 7\",\"url\":\"https:\\\/\\\/algarve7.pt\\\/\",\"logo\":{\"@type\":\"ImageObject\",\"inLanguage\":\"pt-PT\",\"@id\":\"https:\\\/\\\/algarve7.pt\\\/#\\\/schema\\\/logo\\\/image\\\/\",\"url\":\"https:\\\/\\\/algarve7.pt\\\/wp-content\\\/uploads\\\/2020\\\/10\\\/Logo-8.jpg\",\"contentUrl\":\"https:\\\/\\\/algarve7.pt\\\/wp-content\\\/uploads\\\/2020\\\/10\\\/Logo-8.jpg\",\"width\":1680,\"height\":1186,\"caption\":\"Algarve 7\"},\"image\":{\"@id\":\"https:\\\/\\\/algarve7.pt\\\/#\\\/schema\\\/logo\\\/image\\\/\"},\"sameAs\":[\"https:\\\/\\\/www.facebook.com\\\/algarve7\",\"https:\\\/\\\/x.com\\\/Algarvesete\",\"https:\\\/\\\/www.instagram.com\\\/jornalalgarve7\\\/\",\"https:\\\/\\\/www.linkedin.com\\\/company\\\/algarve7\",\"https:\\\/\\\/www.pinterest.pt\\\/geral0939\\\/_created\\\/\"]},{\"@type\":\"Person\",\"@id\":\"https:\\\/\\\/algarve7.pt\\\/#\\\/schema\\\/person\\\/23fa70681308e7b319a3204bcea45e0c\",\"name\":\"Algarve 7\",\"sameAs\":[\"https:\\\/\\\/algarve7.pt\",\"https:\\\/\\\/www.facebook.com\\\/algarve7\"],\"url\":\"https:\\\/\\\/algarve7.pt\\\/index.php\\\/author\\\/geralalgarve7-pt\\\/\"}]}<\/script>\n<!-- \/ Yoast SEO plugin. -->","yoast_head_json":{"title":"Sele\u00e7\u00e3o Nacional de Futsal bateu a Litu\u00e2nia, por 2-0 - Algarve 7","description":"Sele\u00e7\u00e3o Nacional de Futsal bateu a Litu\u00e2nia, por 2-0 Desporto","robots":{"index":"index","follow":"follow","max-snippet":"max-snippet:-1","max-image-preview":"max-image-preview:large","max-video-preview":"max-video-preview:-1"},"canonical":"https:\/\/algarve7.pt\/index.php\/2022\/11\/selecao-nacional-de-futsal-bateu-a-lituania-por-2-0\/desporto\/19\/16\/","og_locale":"pt_PT","og_type":"article","og_title":"Sele\u00e7\u00e3o Nacional de Futsal bateu a Litu\u00e2nia, por 2-0 - Algarve 7","og_description":"Sele\u00e7\u00e3o Nacional de Futsal bateu a Litu\u00e2nia, por 2-0 Desporto","og_url":"https:\/\/algarve7.pt\/index.php\/2022\/11\/selecao-nacional-de-futsal-bateu-a-lituania-por-2-0\/desporto\/19\/16\/","og_site_name":"Algarve 7","article_publisher":"https:\/\/www.facebook.com\/algarve7","article_author":"https:\/\/www.facebook.com\/algarve7","article_published_time":"2022-11-10T19:16:03+00:00","article_modified_time":"2022-11-10T19:16:04+00:00","og_image":[{"width":1280,"height":853,"url":"https:\/\/algarve7.pt\/wp-content\/uploads\/2022\/11\/Futsal-Portugal-x-Lituania-Loule-09-11-2022-1.jpg","type":"image\/jpeg"}],"author":"Algarve 7","twitter_card":"summary_large_image","twitter_creator":"@Algarvesete","twitter_site":"@Algarvesete","twitter_misc":{"Escrito por":"Algarve 7","Tempo estimado de leitura":"3 minutos"},"schema":{"@context":"https:\/\/schema.org","@graph":[{"@type":"Article","@id":"https:\/\/algarve7.pt\/index.php\/2022\/11\/selecao-nacional-de-futsal-bateu-a-lituania-por-2-0\/desporto\/19\/16\/#article","isPartOf":{"@id":"https:\/\/algarve7.pt\/index.php\/2022\/11\/selecao-nacional-de-futsal-bateu-a-lituania-por-2-0\/desporto\/19\/16\/"},"author":{"name":"Algarve 7","@id":"https:\/\/algarve7.pt\/#\/schema\/person\/23fa70681308e7b319a3204bcea45e0c"},"headline":"Sele\u00e7\u00e3o Nacional de Futsal bateu a Litu\u00e2nia, por 2-0","datePublished":"2022-11-10T19:16:03+00:00","dateModified":"2022-11-10T19:16:04+00:00","mainEntityOfPage":{"@id":"https:\/\/algarve7.pt\/index.php\/2022\/11\/selecao-nacional-de-futsal-bateu-a-lituania-por-2-0\/desporto\/19\/16\/"},"wordCount":446,"publisher":{"@id":"https:\/\/algarve7.pt\/#organization"},"image":{"@id":"https:\/\/algarve7.pt\/index.php\/2022\/11\/selecao-nacional-de-futsal-bateu-a-lituania-por-2-0\/desporto\/19\/16\/#primaryimage"},"thumbnailUrl":"https:\/\/algarve7.pt\/wp-content\/uploads\/2022\/11\/Futsal-Portugal-x-Lituania-Loule-09-11-2022-1.jpg","keywords":["Algarve","Desporto","Futsal","Loul\u00e9"],"articleSection":["Desporto"],"inLanguage":"pt-PT"},{"@type":"WebPage","@id":"https:\/\/algarve7.pt\/index.php\/2022\/11\/selecao-nacional-de-futsal-bateu-a-lituania-por-2-0\/desporto\/19\/16\/","url":"https:\/\/algarve7.pt\/index.php\/2022\/11\/selecao-nacional-de-futsal-bateu-a-lituania-por-2-0\/desporto\/19\/16\/","name":"Sele\u00e7\u00e3o Nacional de Futsal bateu a Litu\u00e2nia, por 2-0 - Algarve 7","isPartOf":{"@id":"https:\/\/algarve7.pt\/#website"},"primaryImageOfPage":{"@id":"https:\/\/algarve7.pt\/index.php\/2022\/11\/selecao-nacional-de-futsal-bateu-a-lituania-por-2-0\/desporto\/19\/16\/#primaryimage"},"image":{"@id":"https:\/\/algarve7.pt\/index.php\/2022\/11\/selecao-nacional-de-futsal-bateu-a-lituania-por-2-0\/desporto\/19\/16\/#primaryimage"},"thumbnailUrl":"https:\/\/algarve7.pt\/wp-content\/uploads\/2022\/11\/Futsal-Portugal-x-Lituania-Loule-09-11-2022-1.jpg","datePublished":"2022-11-10T19:16:03+00:00","dateModified":"2022-11-10T19:16:04+00:00","description":"Sele\u00e7\u00e3o Nacional de Futsal bateu a Litu\u00e2nia, por 2-0 Desporto","breadcrumb":{"@id":"https:\/\/algarve7.pt\/index.php\/2022\/11\/selecao-nacional-de-futsal-bateu-a-lituania-por-2-0\/desporto\/19\/16\/#breadcrumb"},"inLanguage":"pt-PT","potentialAction":[{"@type":"ReadAction","target":["https:\/\/algarve7.pt\/index.php\/2022\/11\/selecao-nacional-de-futsal-bateu-a-lituania-por-2-0\/desporto\/19\/16\/"]}]},{"@type":"ImageObject","inLanguage":"pt-PT","@id":"https:\/\/algarve7.pt\/index.php\/2022\/11\/selecao-nacional-de-futsal-bateu-a-lituania-por-2-0\/desporto\/19\/16\/#primaryimage","url":"https:\/\/algarve7.pt\/wp-content\/uploads\/2022\/11\/Futsal-Portugal-x-Lituania-Loule-09-11-2022-1.jpg","contentUrl":"https:\/\/algarve7.pt\/wp-content\/uploads\/2022\/11\/Futsal-Portugal-x-Lituania-Loule-09-11-2022-1.jpg","width":1280,"height":853},{"@type":"BreadcrumbList","@id":"https:\/\/algarve7.pt\/index.php\/2022\/11\/selecao-nacional-de-futsal-bateu-a-lituania-por-2-0\/desporto\/19\/16\/#breadcrumb","itemListElement":[{"@type":"ListItem","position":1,"name":"In\u00edcio","item":"https:\/\/algarve7.pt\/"},{"@type":"ListItem","position":2,"name":"Sele\u00e7\u00e3o Nacional de Futsal bateu a Litu\u00e2nia, por 2-0"}]},{"@type":"WebSite","@id":"https:\/\/algarve7.pt\/#website","url":"https:\/\/algarve7.pt\/","name":"Algarve 7","description":"Informa\u00e7\u00e3o sobre o Algarve","publisher":{"@id":"https:\/\/algarve7.pt\/#organization"},"potentialAction":[{"@type":"SearchAction","target":{"@type":"EntryPoint","urlTemplate":"https:\/\/algarve7.pt\/?s={search_term_string}"},"query-input":{"@type":"PropertyValueSpecification","valueRequired":true,"valueName":"search_term_string"}}],"inLanguage":"pt-PT"},{"@type":"Organization","@id":"https:\/\/algarve7.pt\/#organization","name":"Algarve 7","url":"https:\/\/algarve7.pt\/","logo":{"@type":"ImageObject","inLanguage":"pt-PT","@id":"https:\/\/algarve7.pt\/#\/schema\/logo\/image\/","url":"https:\/\/algarve7.pt\/wp-content\/uploads\/2020\/10\/Logo-8.jpg","contentUrl":"https:\/\/algarve7.pt\/wp-content\/uploads\/2020\/10\/Logo-8.jpg","width":1680,"height":1186,"caption":"Algarve 7"},"image":{"@id":"https:\/\/algarve7.pt\/#\/schema\/logo\/image\/"},"sameAs":["https:\/\/www.facebook.com\/algarve7","https:\/\/x.com\/Algarvesete","https:\/\/www.instagram.com\/jornalalgarve7\/","https:\/\/www.linkedin.com\/company\/algarve7","https:\/\/www.pinterest.pt\/geral0939\/_created\/"]},{"@type":"Person","@id":"https:\/\/algarve7.pt\/#\/schema\/person\/23fa70681308e7b319a3204bcea45e0c","name":"Algarve 7","sameAs":["https:\/\/algarve7.pt","https:\/\/www.facebook.com\/algarve7"],"url":"https:\/\/algarve7.pt\/index.php\/author\/geralalgarve7-pt\/"}]}},"jetpack_publicize_connections":[],"jetpack_featured_media_url":"https:\/\/algarve7.pt\/wp-content\/uploads\/2022\/11\/Futsal-Portugal-x-Lituania-Loule-09-11-2022-1.jpg","jetpack_shortlink":"https:\/\/wp.me\/pcezmW-64o","jetpack_sharing_enabled":true,"_links":{"self":[{"href":"https:\/\/algarve7.pt\/index.php\/wp-json\/wp\/v2\/posts\/23336","targetHints":{"allow":["GET"]}}],"collection":[{"href":"https:\/\/algarve7.pt\/index.php\/wp-json\/wp\/v2\/posts"}],"about":[{"href":"https:\/\/algarve7.pt\/index.php\/wp-json\/wp\/v2\/types\/post"}],"author":[{"embeddable":true,"href":"https:\/\/algarve7.pt\/index.php\/wp-json\/wp\/v2\/users\/1"}],"replies":[{"embeddable":true,"href":"https:\/\/algarve7.pt\/index.php\/wp-json\/wp\/v2\/comments?post=23336"}],"version-history":[{"count":0,"href":"https:\/\/algarve7.pt\/index.php\/wp-json\/wp\/v2\/posts\/23336\/revisions"}],"wp:featuredmedia":[{"embeddable":true,"href":"https:\/\/algarve7.pt\/index.php\/wp-json\/wp\/v2\/media\/23337"}],"wp:attachment":[{"href":"https:\/\/algarve7.pt\/index.php\/wp-json\/wp\/v2\/media?parent=23336"}],"wp:term":[{"taxonomy":"category","embeddable":true,"href":"https:\/\/algarve7.pt\/index.php\/wp-json\/wp\/v2\/categories?post=23336"},{"taxonomy":"post_tag","embeddable":true,"href":"https:\/\/algarve7.pt\/index.php\/wp-json\/wp\/v2\/tags?post=23336"}],"curies":[{"name":"wp","href":"https:\/\/api.w.org\/{rel}","templated":true}]}}