{"id":23331,"date":"2022-11-10T17:41:13","date_gmt":"2022-11-10T17:41:13","guid":{"rendered":"https:\/\/algarve7.pt\/?p=23331"},"modified":"2022-11-10T17:41:16","modified_gmt":"2022-11-10T17:41:16","slug":"relancamento-renature-monchique-projeto-vai-plantar-mais-75-mil-arvores-na-serra-algarvia-ate-marco-de-2023","status":"publish","type":"post","link":"https:\/\/algarve7.pt\/index.php\/2022\/11\/relancamento-renature-monchique-projeto-vai-plantar-mais-75-mil-arvores-na-serra-algarvia-ate-marco-de-2023\/ambiente\/17\/41\/","title":{"rendered":"Relan\u00e7amento Renature Monchique: Projeto vai plantar mais 75 mil \u00e1rvores na Serra Algarvia at\u00e9 mar\u00e7o de 2023"},"content":{"rendered":"\n<p>O Renature Monchique, projeto criado em 2019 pelo GEOTA, Grupo de Estudos do Ordenamento de Territ\u00f3rio e Ambiente, relan\u00e7a-se este m\u00eas para o seu 4\u00ba ano de a\u00e7\u00e3o com o objetivo de continuar a reflorestar a Serra de Monchique ap\u00f3s o inc\u00eandio ocorrido em 2018, considerado o maior inc\u00eandio da Europa nesse ano e que consumiu quase 28 mil hectares de floresta.<\/p>\n\n\n\n<p>Num momento em que se discute as altera\u00e7\u00f5es clim\u00e1ticas na COP27 o GEOTA recorda que preciso \u00e9 olhar seriamente para a floresta. Os eventos clim\u00e1ticos extremos, como os grandes inc\u00eandios, v\u00e3o ser cada vez mais destrutivos. O Renature Monchique \u00e9 um projeto proativo na recupera\u00e7\u00e3o das \u00e1reas ardidas com o objetivo de criar uma floresta mais resiliente a estes eventos catastr\u00f3ficos.<\/p>\n\n\n\n<p>Para assinalar os quatro anos da iniciativa Renature Monchique, decorreu esta 5\u00aa feira, dia 10 de novembro de 2022, uma confer\u00eancia de imprensa sobre o projeto, na Sede da Regi\u00e3o de Turismo do Algarve.<\/p>\n\n\n\n<p>\u201cAt\u00e9 mar\u00e7o de 2023 estaremos no terreno a ajudar os propriet\u00e1rios desta regi\u00e3o atrav\u00e9s da planta\u00e7\u00e3o de mais 75 mil \u00e1rvores aut\u00f3ctones, desde sobreiros, a castanheiros, medronheiros, carvalhos-cerquinhos, freixos e amieiros. Haver\u00e1 ainda um refor\u00e7o e uma grande aposta na planta\u00e7\u00e3o do Carvalho-de-Monchique, uma \u00e1rvore t\u00e3o emblem\u00e1tica na regi\u00e3o e criticamente amea\u00e7ada.\u201d <strong>explica Jo\u00e3o Dias Coelho, Presidente do GEOTA.<\/strong><\/p>\n\n\n\n<p>Este projeto nasceu da necessidade de restaurar as \u00e1reas devastadas, de apoiar a comunidade a recuperar da destrui\u00e7\u00e3o causada pelos inc\u00eandios e de mitigar os impactos futuros das altera\u00e7\u00f5es clim\u00e1ticas. At\u00e9 ao momento j\u00e1 foram plantadas mais de 200 mil \u00e1rvores e ajudados 60 propriet\u00e1rios e suas fam\u00edlias. O GEOTA coordena este projeto com a ajuda da Ryanair que j\u00e1 contribuiu com 1 milh\u00e3o de euros.<\/p>\n\n\n\n<p>Sobre a parceria Thomas Fowler, Diretor de Sustentabilidade da Ryanair, afirma que \u201ca Ryanair tem o prazer de estender a sua rela\u00e7\u00e3o com a regi\u00e3o de Monchique pelo quarto ano. Nos \u00faltimos tr\u00eas anos, gra\u00e7as \u00e0s contribui\u00e7\u00f5es dos clientes da Ryanair, Monchique p\u00f4de reflorestar a serra com mais 200.000 \u00e1rvores. Com a ajuda da Ryanair, as contribui\u00e7\u00f5es dos passageiros permitir\u00e3o plantar mais 75 000 \u00e1rvores para este importante projeto.\u201d<\/p>\n\n\n\n<p><strong>Jo\u00e3o Fernandes, presidente da Regi\u00e3o de Turismo do Algarve, <\/strong>considera que &#8220;este \u00e9 um projeto que acarinho particularmente. N\u00e3o s\u00f3 por aquilo que representa para a conserva\u00e7\u00e3o da natureza no Algarve, ao apoiar a recupera\u00e7\u00e3o de habitats florestais \u00fanicos nas \u00e1reas destru\u00eddas pelas chamas em 2018, parte dos quais da Rede Natura 2000, mas tamb\u00e9m por ter tido a oportunidade de o acompanhar desde o in\u00edcio e de assim assistir \u00e0 sua evolu\u00e7\u00e3o, at\u00e9 \u00e0 atual planta\u00e7\u00e3o de 200 mil \u00e1rvores na serra de Monchique. O restauro destas paisagens culturais muito beneficia a competitividade da regi\u00e3o, tendo em conta que os turistas de hoje procuram cada vez mais destinos que apostam na sustentabilidade&#8221;,<\/p>\n\n\n\n<p><strong>De acordo com Paulo Alves, Presidente do Munic\u00edpio de Monchique,<\/strong> \u201co projeto Renature Monchique est\u00e1 a impulsionar o restauro ecol\u00f3gico das \u00e1reas afetadas pelo inc\u00eandio de 2018, apoiando de uma forma simples e desburocratizada os propriet\u00e1rios e incentivando a realiza\u00e7\u00e3o de uma gest\u00e3o florestal sustent\u00e1vel num territ\u00f3rio desgastado pela recorr\u00eancia dos inc\u00eandios rurais. Este projeto mostra que \u00e9 poss\u00edvel a sociedade contribuir de forma decisiva e respons\u00e1vel para o combate as altera\u00e7\u00f5es clim\u00e1ticas e, consequentemente, para o aumento da resili\u00eancia do territ\u00f3rio aos fen\u00f3menos clim\u00e1ticos extremos que na Serra de Monchique tem uma m\u00e1xima express\u00e3o nos inc\u00eandios rurais, cada vez mais frequentes e violentos. Como o seu nome indica \u00e9 um projeto de renova\u00e7\u00e3o, de esperan\u00e7a no futuro.&#8221;<\/p>\n\n\n\n<p><strong>Castel\u00e3o Rodrigues, Diretor Regional do ICNF<\/strong>, afirma que \u201ceste projeto insere-se num conjunto de iniciativas em curso para tornar a floresta da serra de Monchique mais resiliente e biodiversa. O ICNF congratula-se por esta ser uma iniciativa da sociedade civil, pois desperta na consci\u00eancia de todos o que podemos fazer pelos nossos espa\u00e7os naturais que requerem persist\u00eancia e perseveran\u00e7a\u201d.<\/p>\n\n\n\n<p>O projeto resulta de uma parceria entre o GEOTA, a Ryanair, a Regi\u00e3o de Turismo do Algarve, o Instituto da Conserva\u00e7\u00e3o da Natureza e das Florestas e o Munic\u00edpio de Monchique.<\/p>\n","protected":false},"excerpt":{"rendered":"<p>O Renature Monchique, projeto criado em 2019 pelo GEOTA, Grupo de Estudos do Ordenamento de Territ\u00f3rio e Ambiente, relan\u00e7a-se este<\/p>\n","protected":false},"author":1,"featured_media":23332,"comment_status":"closed","ping_status":"open","sticky":false,"template":"","format":"standard","meta":{"colormag_page_container_layout":"default_layout","colormag_page_sidebar_layout":"default_layout","_monsterinsights_skip_tracking":false,"_monsterinsights_sitenote_active":false,"_monsterinsights_sitenote_note":"","_monsterinsights_sitenote_category":0,"jetpack_post_was_ever_published":false,"_jetpack_newsletter_access":"","_jetpack_dont_email_post_to_subs":false,"_jetpack_newsletter_tier_id":0,"_jetpack_memberships_contains_paywalled_content":false,"_jetpack_memberships_contains_paid_content":false,"footnotes":"","jetpack_publicize_message":"","jetpack_publicize_feature_enabled":true,"jetpack_social_post_already_shared":true,"jetpack_social_options":{"image_generator_settings":{"template":"highway","default_image_id":0,"font":"","enabled":false},"version":2}},"categories":[5],"tags":[36,32,171,773,173],"class_list":["post-23331","post","type-post","status-publish","format-standard","has-post-thumbnail","hentry","category-ambiente","tag-algarve","tag-ambiente","tag-monchique","tag-renature-monchique","tag-rta"],"yoast_head":"<!-- This site is optimized with the Yoast SEO plugin v27.5 - https:\/\/yoast.com\/product\/yoast-seo-wordpress\/ -->\n<title>Relan\u00e7amento Renature Monchique: Projeto vai plantar mais 75 mil \u00e1rvores na Serra Algarvia at\u00e9 mar\u00e7o de 2023 - Algarve 7<\/title>\n<meta name=\"description\" content=\"Relan\u00e7amento Renature Monchique: Projeto vai plantar mais 75 mil \u00e1rvores na Serra Algarvia at\u00e9 mar\u00e7o de 2023 Ambiente\" \/>\n<meta name=\"robots\" content=\"index, follow, max-snippet:-1, max-image-preview:large, max-video-preview:-1\" \/>\n<link rel=\"canonical\" href=\"https:\/\/algarve7.pt\/index.php\/2022\/11\/relancamento-renature-monchique-projeto-vai-plantar-mais-75-mil-arvores-na-serra-algarvia-ate-marco-de-2023\/ambiente\/17\/41\/\" \/>\n<meta property=\"og:locale\" content=\"pt_PT\" \/>\n<meta property=\"og:type\" content=\"article\" \/>\n<meta property=\"og:title\" content=\"Relan\u00e7amento Renature Monchique: Projeto vai plantar mais 75 mil \u00e1rvores na Serra Algarvia at\u00e9 mar\u00e7o de 2023 - Algarve 7\" \/>\n<meta property=\"og:description\" content=\"Relan\u00e7amento Renature Monchique: Projeto vai plantar mais 75 mil \u00e1rvores na Serra Algarvia at\u00e9 mar\u00e7o de 2023 Ambiente\" \/>\n<meta property=\"og:url\" content=\"https:\/\/algarve7.pt\/index.php\/2022\/11\/relancamento-renature-monchique-projeto-vai-plantar-mais-75-mil-arvores-na-serra-algarvia-ate-marco-de-2023\/ambiente\/17\/41\/\" \/>\n<meta property=\"og:site_name\" content=\"Algarve 7\" \/>\n<meta property=\"article:publisher\" content=\"https:\/\/www.facebook.com\/algarve7\" \/>\n<meta property=\"article:author\" content=\"https:\/\/www.facebook.com\/algarve7\" \/>\n<meta property=\"article:published_time\" content=\"2022-11-10T17:41:13+00:00\" \/>\n<meta property=\"article:modified_time\" content=\"2022-11-10T17:41:16+00:00\" \/>\n<meta property=\"og:image\" content=\"https:\/\/algarve7.pt\/wp-content\/uploads\/2022\/11\/P1011290.jpg\" \/>\n\t<meta property=\"og:image:width\" content=\"1024\" \/>\n\t<meta property=\"og:image:height\" content=\"768\" \/>\n\t<meta property=\"og:image:type\" content=\"image\/jpeg\" \/>\n<meta name=\"author\" content=\"Algarve 7\" \/>\n<meta name=\"twitter:card\" content=\"summary_large_image\" \/>\n<meta name=\"twitter:creator\" content=\"@Algarvesete\" \/>\n<meta name=\"twitter:site\" content=\"@Algarvesete\" \/>\n<meta name=\"twitter:label1\" content=\"Escrito por\" \/>\n\t<meta name=\"twitter:data1\" content=\"Algarve 7\" \/>\n\t<meta name=\"twitter:label2\" content=\"Tempo estimado de leitura\" \/>\n\t<meta name=\"twitter:data2\" content=\"4 minutos\" \/>\n<script type=\"application\/ld+json\" class=\"yoast-schema-graph\">{\"@context\":\"https:\\\/\\\/schema.org\",\"@graph\":[{\"@type\":\"Article\",\"@id\":\"https:\\\/\\\/algarve7.pt\\\/index.php\\\/2022\\\/11\\\/relancamento-renature-monchique-projeto-vai-plantar-mais-75-mil-arvores-na-serra-algarvia-ate-marco-de-2023\\\/ambiente\\\/17\\\/41\\\/#article\",\"isPartOf\":{\"@id\":\"https:\\\/\\\/algarve7.pt\\\/index.php\\\/2022\\\/11\\\/relancamento-renature-monchique-projeto-vai-plantar-mais-75-mil-arvores-na-serra-algarvia-ate-marco-de-2023\\\/ambiente\\\/17\\\/41\\\/\"},\"author\":{\"name\":\"Algarve 7\",\"@id\":\"https:\\\/\\\/algarve7.pt\\\/#\\\/schema\\\/person\\\/23fa70681308e7b319a3204bcea45e0c\"},\"headline\":\"Relan\u00e7amento Renature Monchique: Projeto vai plantar mais 75 mil \u00e1rvores na Serra Algarvia at\u00e9 mar\u00e7o de 2023\",\"datePublished\":\"2022-11-10T17:41:13+00:00\",\"dateModified\":\"2022-11-10T17:41:16+00:00\",\"mainEntityOfPage\":{\"@id\":\"https:\\\/\\\/algarve7.pt\\\/index.php\\\/2022\\\/11\\\/relancamento-renature-monchique-projeto-vai-plantar-mais-75-mil-arvores-na-serra-algarvia-ate-marco-de-2023\\\/ambiente\\\/17\\\/41\\\/\"},\"wordCount\":749,\"publisher\":{\"@id\":\"https:\\\/\\\/algarve7.pt\\\/#organization\"},\"image\":{\"@id\":\"https:\\\/\\\/algarve7.pt\\\/index.php\\\/2022\\\/11\\\/relancamento-renature-monchique-projeto-vai-plantar-mais-75-mil-arvores-na-serra-algarvia-ate-marco-de-2023\\\/ambiente\\\/17\\\/41\\\/#primaryimage\"},\"thumbnailUrl\":\"https:\\\/\\\/algarve7.pt\\\/wp-content\\\/uploads\\\/2022\\\/11\\\/P1011290.jpg\",\"keywords\":[\"Algarve\",\"Ambiente\",\"Monchique\",\"Renature Monchique\",\"RTA\"],\"articleSection\":[\"Ambiente\"],\"inLanguage\":\"pt-PT\"},{\"@type\":\"WebPage\",\"@id\":\"https:\\\/\\\/algarve7.pt\\\/index.php\\\/2022\\\/11\\\/relancamento-renature-monchique-projeto-vai-plantar-mais-75-mil-arvores-na-serra-algarvia-ate-marco-de-2023\\\/ambiente\\\/17\\\/41\\\/\",\"url\":\"https:\\\/\\\/algarve7.pt\\\/index.php\\\/2022\\\/11\\\/relancamento-renature-monchique-projeto-vai-plantar-mais-75-mil-arvores-na-serra-algarvia-ate-marco-de-2023\\\/ambiente\\\/17\\\/41\\\/\",\"name\":\"Relan\u00e7amento Renature Monchique: Projeto vai plantar mais 75 mil \u00e1rvores na Serra Algarvia at\u00e9 mar\u00e7o de 2023 - Algarve 7\",\"isPartOf\":{\"@id\":\"https:\\\/\\\/algarve7.pt\\\/#website\"},\"primaryImageOfPage\":{\"@id\":\"https:\\\/\\\/algarve7.pt\\\/index.php\\\/2022\\\/11\\\/relancamento-renature-monchique-projeto-vai-plantar-mais-75-mil-arvores-na-serra-algarvia-ate-marco-de-2023\\\/ambiente\\\/17\\\/41\\\/#primaryimage\"},\"image\":{\"@id\":\"https:\\\/\\\/algarve7.pt\\\/index.php\\\/2022\\\/11\\\/relancamento-renature-monchique-projeto-vai-plantar-mais-75-mil-arvores-na-serra-algarvia-ate-marco-de-2023\\\/ambiente\\\/17\\\/41\\\/#primaryimage\"},\"thumbnailUrl\":\"https:\\\/\\\/algarve7.pt\\\/wp-content\\\/uploads\\\/2022\\\/11\\\/P1011290.jpg\",\"datePublished\":\"2022-11-10T17:41:13+00:00\",\"dateModified\":\"2022-11-10T17:41:16+00:00\",\"description\":\"Relan\u00e7amento Renature Monchique: Projeto vai plantar mais 75 mil \u00e1rvores na Serra Algarvia at\u00e9 mar\u00e7o de 2023 Ambiente\",\"breadcrumb\":{\"@id\":\"https:\\\/\\\/algarve7.pt\\\/index.php\\\/2022\\\/11\\\/relancamento-renature-monchique-projeto-vai-plantar-mais-75-mil-arvores-na-serra-algarvia-ate-marco-de-2023\\\/ambiente\\\/17\\\/41\\\/#breadcrumb\"},\"inLanguage\":\"pt-PT\",\"potentialAction\":[{\"@type\":\"ReadAction\",\"target\":[\"https:\\\/\\\/algarve7.pt\\\/index.php\\\/2022\\\/11\\\/relancamento-renature-monchique-projeto-vai-plantar-mais-75-mil-arvores-na-serra-algarvia-ate-marco-de-2023\\\/ambiente\\\/17\\\/41\\\/\"]}]},{\"@type\":\"ImageObject\",\"inLanguage\":\"pt-PT\",\"@id\":\"https:\\\/\\\/algarve7.pt\\\/index.php\\\/2022\\\/11\\\/relancamento-renature-monchique-projeto-vai-plantar-mais-75-mil-arvores-na-serra-algarvia-ate-marco-de-2023\\\/ambiente\\\/17\\\/41\\\/#primaryimage\",\"url\":\"https:\\\/\\\/algarve7.pt\\\/wp-content\\\/uploads\\\/2022\\\/11\\\/P1011290.jpg\",\"contentUrl\":\"https:\\\/\\\/algarve7.pt\\\/wp-content\\\/uploads\\\/2022\\\/11\\\/P1011290.jpg\",\"width\":1024,\"height\":768},{\"@type\":\"BreadcrumbList\",\"@id\":\"https:\\\/\\\/algarve7.pt\\\/index.php\\\/2022\\\/11\\\/relancamento-renature-monchique-projeto-vai-plantar-mais-75-mil-arvores-na-serra-algarvia-ate-marco-de-2023\\\/ambiente\\\/17\\\/41\\\/#breadcrumb\",\"itemListElement\":[{\"@type\":\"ListItem\",\"position\":1,\"name\":\"In\u00edcio\",\"item\":\"https:\\\/\\\/algarve7.pt\\\/\"},{\"@type\":\"ListItem\",\"position\":2,\"name\":\"Relan\u00e7amento Renature Monchique: Projeto vai plantar mais 75 mil \u00e1rvores na Serra Algarvia at\u00e9 mar\u00e7o de 2023\"}]},{\"@type\":\"WebSite\",\"@id\":\"https:\\\/\\\/algarve7.pt\\\/#website\",\"url\":\"https:\\\/\\\/algarve7.pt\\\/\",\"name\":\"Algarve 7\",\"description\":\"Informa\u00e7\u00e3o sobre o Algarve\",\"publisher\":{\"@id\":\"https:\\\/\\\/algarve7.pt\\\/#organization\"},\"potentialAction\":[{\"@type\":\"SearchAction\",\"target\":{\"@type\":\"EntryPoint\",\"urlTemplate\":\"https:\\\/\\\/algarve7.pt\\\/?s={search_term_string}\"},\"query-input\":{\"@type\":\"PropertyValueSpecification\",\"valueRequired\":true,\"valueName\":\"search_term_string\"}}],\"inLanguage\":\"pt-PT\"},{\"@type\":\"Organization\",\"@id\":\"https:\\\/\\\/algarve7.pt\\\/#organization\",\"name\":\"Algarve 7\",\"url\":\"https:\\\/\\\/algarve7.pt\\\/\",\"logo\":{\"@type\":\"ImageObject\",\"inLanguage\":\"pt-PT\",\"@id\":\"https:\\\/\\\/algarve7.pt\\\/#\\\/schema\\\/logo\\\/image\\\/\",\"url\":\"https:\\\/\\\/algarve7.pt\\\/wp-content\\\/uploads\\\/2020\\\/10\\\/Logo-8.jpg\",\"contentUrl\":\"https:\\\/\\\/algarve7.pt\\\/wp-content\\\/uploads\\\/2020\\\/10\\\/Logo-8.jpg\",\"width\":1680,\"height\":1186,\"caption\":\"Algarve 7\"},\"image\":{\"@id\":\"https:\\\/\\\/algarve7.pt\\\/#\\\/schema\\\/logo\\\/image\\\/\"},\"sameAs\":[\"https:\\\/\\\/www.facebook.com\\\/algarve7\",\"https:\\\/\\\/x.com\\\/Algarvesete\",\"https:\\\/\\\/www.instagram.com\\\/jornalalgarve7\\\/\",\"https:\\\/\\\/www.linkedin.com\\\/company\\\/algarve7\",\"https:\\\/\\\/www.pinterest.pt\\\/geral0939\\\/_created\\\/\"]},{\"@type\":\"Person\",\"@id\":\"https:\\\/\\\/algarve7.pt\\\/#\\\/schema\\\/person\\\/23fa70681308e7b319a3204bcea45e0c\",\"name\":\"Algarve 7\",\"sameAs\":[\"https:\\\/\\\/algarve7.pt\",\"https:\\\/\\\/www.facebook.com\\\/algarve7\"],\"url\":\"https:\\\/\\\/algarve7.pt\\\/index.php\\\/author\\\/geralalgarve7-pt\\\/\"}]}<\/script>\n<!-- \/ Yoast SEO plugin. -->","yoast_head_json":{"title":"Relan\u00e7amento Renature Monchique: Projeto vai plantar mais 75 mil \u00e1rvores na Serra Algarvia at\u00e9 mar\u00e7o de 2023 - Algarve 7","description":"Relan\u00e7amento Renature Monchique: Projeto vai plantar mais 75 mil \u00e1rvores na Serra Algarvia at\u00e9 mar\u00e7o de 2023 Ambiente","robots":{"index":"index","follow":"follow","max-snippet":"max-snippet:-1","max-image-preview":"max-image-preview:large","max-video-preview":"max-video-preview:-1"},"canonical":"https:\/\/algarve7.pt\/index.php\/2022\/11\/relancamento-renature-monchique-projeto-vai-plantar-mais-75-mil-arvores-na-serra-algarvia-ate-marco-de-2023\/ambiente\/17\/41\/","og_locale":"pt_PT","og_type":"article","og_title":"Relan\u00e7amento Renature Monchique: Projeto vai plantar mais 75 mil \u00e1rvores na Serra Algarvia at\u00e9 mar\u00e7o de 2023 - Algarve 7","og_description":"Relan\u00e7amento Renature Monchique: Projeto vai plantar mais 75 mil \u00e1rvores na Serra Algarvia at\u00e9 mar\u00e7o de 2023 Ambiente","og_url":"https:\/\/algarve7.pt\/index.php\/2022\/11\/relancamento-renature-monchique-projeto-vai-plantar-mais-75-mil-arvores-na-serra-algarvia-ate-marco-de-2023\/ambiente\/17\/41\/","og_site_name":"Algarve 7","article_publisher":"https:\/\/www.facebook.com\/algarve7","article_author":"https:\/\/www.facebook.com\/algarve7","article_published_time":"2022-11-10T17:41:13+00:00","article_modified_time":"2022-11-10T17:41:16+00:00","og_image":[{"width":1024,"height":768,"url":"https:\/\/algarve7.pt\/wp-content\/uploads\/2022\/11\/P1011290.jpg","type":"image\/jpeg"}],"author":"Algarve 7","twitter_card":"summary_large_image","twitter_creator":"@Algarvesete","twitter_site":"@Algarvesete","twitter_misc":{"Escrito por":"Algarve 7","Tempo estimado de leitura":"4 minutos"},"schema":{"@context":"https:\/\/schema.org","@graph":[{"@type":"Article","@id":"https:\/\/algarve7.pt\/index.php\/2022\/11\/relancamento-renature-monchique-projeto-vai-plantar-mais-75-mil-arvores-na-serra-algarvia-ate-marco-de-2023\/ambiente\/17\/41\/#article","isPartOf":{"@id":"https:\/\/algarve7.pt\/index.php\/2022\/11\/relancamento-renature-monchique-projeto-vai-plantar-mais-75-mil-arvores-na-serra-algarvia-ate-marco-de-2023\/ambiente\/17\/41\/"},"author":{"name":"Algarve 7","@id":"https:\/\/algarve7.pt\/#\/schema\/person\/23fa70681308e7b319a3204bcea45e0c"},"headline":"Relan\u00e7amento Renature Monchique: Projeto vai plantar mais 75 mil \u00e1rvores na Serra Algarvia at\u00e9 mar\u00e7o de 2023","datePublished":"2022-11-10T17:41:13+00:00","dateModified":"2022-11-10T17:41:16+00:00","mainEntityOfPage":{"@id":"https:\/\/algarve7.pt\/index.php\/2022\/11\/relancamento-renature-monchique-projeto-vai-plantar-mais-75-mil-arvores-na-serra-algarvia-ate-marco-de-2023\/ambiente\/17\/41\/"},"wordCount":749,"publisher":{"@id":"https:\/\/algarve7.pt\/#organization"},"image":{"@id":"https:\/\/algarve7.pt\/index.php\/2022\/11\/relancamento-renature-monchique-projeto-vai-plantar-mais-75-mil-arvores-na-serra-algarvia-ate-marco-de-2023\/ambiente\/17\/41\/#primaryimage"},"thumbnailUrl":"https:\/\/algarve7.pt\/wp-content\/uploads\/2022\/11\/P1011290.jpg","keywords":["Algarve","Ambiente","Monchique","Renature Monchique","RTA"],"articleSection":["Ambiente"],"inLanguage":"pt-PT"},{"@type":"WebPage","@id":"https:\/\/algarve7.pt\/index.php\/2022\/11\/relancamento-renature-monchique-projeto-vai-plantar-mais-75-mil-arvores-na-serra-algarvia-ate-marco-de-2023\/ambiente\/17\/41\/","url":"https:\/\/algarve7.pt\/index.php\/2022\/11\/relancamento-renature-monchique-projeto-vai-plantar-mais-75-mil-arvores-na-serra-algarvia-ate-marco-de-2023\/ambiente\/17\/41\/","name":"Relan\u00e7amento Renature Monchique: Projeto vai plantar mais 75 mil \u00e1rvores na Serra Algarvia at\u00e9 mar\u00e7o de 2023 - Algarve 7","isPartOf":{"@id":"https:\/\/algarve7.pt\/#website"},"primaryImageOfPage":{"@id":"https:\/\/algarve7.pt\/index.php\/2022\/11\/relancamento-renature-monchique-projeto-vai-plantar-mais-75-mil-arvores-na-serra-algarvia-ate-marco-de-2023\/ambiente\/17\/41\/#primaryimage"},"image":{"@id":"https:\/\/algarve7.pt\/index.php\/2022\/11\/relancamento-renature-monchique-projeto-vai-plantar-mais-75-mil-arvores-na-serra-algarvia-ate-marco-de-2023\/ambiente\/17\/41\/#primaryimage"},"thumbnailUrl":"https:\/\/algarve7.pt\/wp-content\/uploads\/2022\/11\/P1011290.jpg","datePublished":"2022-11-10T17:41:13+00:00","dateModified":"2022-11-10T17:41:16+00:00","description":"Relan\u00e7amento Renature Monchique: Projeto vai plantar mais 75 mil \u00e1rvores na Serra Algarvia at\u00e9 mar\u00e7o de 2023 Ambiente","breadcrumb":{"@id":"https:\/\/algarve7.pt\/index.php\/2022\/11\/relancamento-renature-monchique-projeto-vai-plantar-mais-75-mil-arvores-na-serra-algarvia-ate-marco-de-2023\/ambiente\/17\/41\/#breadcrumb"},"inLanguage":"pt-PT","potentialAction":[{"@type":"ReadAction","target":["https:\/\/algarve7.pt\/index.php\/2022\/11\/relancamento-renature-monchique-projeto-vai-plantar-mais-75-mil-arvores-na-serra-algarvia-ate-marco-de-2023\/ambiente\/17\/41\/"]}]},{"@type":"ImageObject","inLanguage":"pt-PT","@id":"https:\/\/algarve7.pt\/index.php\/2022\/11\/relancamento-renature-monchique-projeto-vai-plantar-mais-75-mil-arvores-na-serra-algarvia-ate-marco-de-2023\/ambiente\/17\/41\/#primaryimage","url":"https:\/\/algarve7.pt\/wp-content\/uploads\/2022\/11\/P1011290.jpg","contentUrl":"https:\/\/algarve7.pt\/wp-content\/uploads\/2022\/11\/P1011290.jpg","width":1024,"height":768},{"@type":"BreadcrumbList","@id":"https:\/\/algarve7.pt\/index.php\/2022\/11\/relancamento-renature-monchique-projeto-vai-plantar-mais-75-mil-arvores-na-serra-algarvia-ate-marco-de-2023\/ambiente\/17\/41\/#breadcrumb","itemListElement":[{"@type":"ListItem","position":1,"name":"In\u00edcio","item":"https:\/\/algarve7.pt\/"},{"@type":"ListItem","position":2,"name":"Relan\u00e7amento Renature Monchique: Projeto vai plantar mais 75 mil \u00e1rvores na Serra Algarvia at\u00e9 mar\u00e7o de 2023"}]},{"@type":"WebSite","@id":"https:\/\/algarve7.pt\/#website","url":"https:\/\/algarve7.pt\/","name":"Algarve 7","description":"Informa\u00e7\u00e3o sobre o Algarve","publisher":{"@id":"https:\/\/algarve7.pt\/#organization"},"potentialAction":[{"@type":"SearchAction","target":{"@type":"EntryPoint","urlTemplate":"https:\/\/algarve7.pt\/?s={search_term_string}"},"query-input":{"@type":"PropertyValueSpecification","valueRequired":true,"valueName":"search_term_string"}}],"inLanguage":"pt-PT"},{"@type":"Organization","@id":"https:\/\/algarve7.pt\/#organization","name":"Algarve 7","url":"https:\/\/algarve7.pt\/","logo":{"@type":"ImageObject","inLanguage":"pt-PT","@id":"https:\/\/algarve7.pt\/#\/schema\/logo\/image\/","url":"https:\/\/algarve7.pt\/wp-content\/uploads\/2020\/10\/Logo-8.jpg","contentUrl":"https:\/\/algarve7.pt\/wp-content\/uploads\/2020\/10\/Logo-8.jpg","width":1680,"height":1186,"caption":"Algarve 7"},"image":{"@id":"https:\/\/algarve7.pt\/#\/schema\/logo\/image\/"},"sameAs":["https:\/\/www.facebook.com\/algarve7","https:\/\/x.com\/Algarvesete","https:\/\/www.instagram.com\/jornalalgarve7\/","https:\/\/www.linkedin.com\/company\/algarve7","https:\/\/www.pinterest.pt\/geral0939\/_created\/"]},{"@type":"Person","@id":"https:\/\/algarve7.pt\/#\/schema\/person\/23fa70681308e7b319a3204bcea45e0c","name":"Algarve 7","sameAs":["https:\/\/algarve7.pt","https:\/\/www.facebook.com\/algarve7"],"url":"https:\/\/algarve7.pt\/index.php\/author\/geralalgarve7-pt\/"}]}},"jetpack_publicize_connections":[],"jetpack_featured_media_url":"https:\/\/algarve7.pt\/wp-content\/uploads\/2022\/11\/P1011290.jpg","jetpack_shortlink":"https:\/\/wp.me\/pcezmW-64j","jetpack_sharing_enabled":true,"_links":{"self":[{"href":"https:\/\/algarve7.pt\/index.php\/wp-json\/wp\/v2\/posts\/23331","targetHints":{"allow":["GET"]}}],"collection":[{"href":"https:\/\/algarve7.pt\/index.php\/wp-json\/wp\/v2\/posts"}],"about":[{"href":"https:\/\/algarve7.pt\/index.php\/wp-json\/wp\/v2\/types\/post"}],"author":[{"embeddable":true,"href":"https:\/\/algarve7.pt\/index.php\/wp-json\/wp\/v2\/users\/1"}],"replies":[{"embeddable":true,"href":"https:\/\/algarve7.pt\/index.php\/wp-json\/wp\/v2\/comments?post=23331"}],"version-history":[{"count":0,"href":"https:\/\/algarve7.pt\/index.php\/wp-json\/wp\/v2\/posts\/23331\/revisions"}],"wp:featuredmedia":[{"embeddable":true,"href":"https:\/\/algarve7.pt\/index.php\/wp-json\/wp\/v2\/media\/23332"}],"wp:attachment":[{"href":"https:\/\/algarve7.pt\/index.php\/wp-json\/wp\/v2\/media?parent=23331"}],"wp:term":[{"taxonomy":"category","embeddable":true,"href":"https:\/\/algarve7.pt\/index.php\/wp-json\/wp\/v2\/categories?post=23331"},{"taxonomy":"post_tag","embeddable":true,"href":"https:\/\/algarve7.pt\/index.php\/wp-json\/wp\/v2\/tags?post=23331"}],"curies":[{"name":"wp","href":"https:\/\/api.w.org\/{rel}","templated":true}]}}