{"id":23119,"date":"2022-11-03T22:14:12","date_gmt":"2022-11-03T22:14:12","guid":{"rendered":"https:\/\/algarve7.pt\/?p=23119"},"modified":"2022-11-03T22:14:15","modified_gmt":"2022-11-03T22:14:15","slug":"escola-de-artes-de-lagoa-mestre-fernando-rodrigues-ira-realizar-a-oficina-de-roda-de-oleiro","status":"publish","type":"post","link":"https:\/\/algarve7.pt\/index.php\/2022\/11\/escola-de-artes-de-lagoa-mestre-fernando-rodrigues-ira-realizar-a-oficina-de-roda-de-oleiro\/atualidade\/22\/14\/","title":{"rendered":"Escola de Artes de Lagoa &#8211; Mestre Fernando Rodrigues ir\u00e1 realizar a \u201cOficina de Roda de Oleiro\u201d"},"content":{"rendered":"\n<p>A Escola de Artes de Lagoa &#8211; Mestre Fernando Rodrigues ir\u00e1 realizar a \u201c<strong>Oficina de Roda de Oleiro<\/strong>\u201d (forma\u00e7\u00e3o intensiva \u2013 n\u00edvel I) entre os dias 07 e 10 de novembro, no hor\u00e1rio compreendido entre as 09h30 e as 13h00. A forma\u00e7\u00e3o \u00e9 de n\u00edvel iniciado e destinada \u00e0 popula\u00e7\u00e3o em geral a partir dos 16 anos.<\/p>\n\n\n\n<p>Para participar \u00e9 necess\u00e1ria inscri\u00e7\u00e3o pr\u00e9via (limitada \u00e0s vagas existentes) para o e-mail:\u00a0<a href=\"http:\/\/x-webdoc:\/\/8E7D50C7-3A58-408D-AD1B-2C276635C0CC\/escola.artes@cm-lagoa.pt\" target=\"_blank\" rel=\"noreferrer noopener\">escola.artes@cm-lagoa.pt<\/a><\/p>\n\n\n\n<p>A \u201c<strong>Oficina de Roda de Oleiro<\/strong>\u201d ser\u00e1 dinamizada pelo formador Ricardo Lopes.<\/p>\n\n\n\n<p><strong>Sinopse<\/strong>: A Escola de Artes de Lagoa &#8211; Mestre Fernando Rodrigues tem sido uma refer\u00eancia no concelho e na regi\u00e3o, pelo trabalho que tem desenvolvido junto dos diferentes p\u00fablicos na \u00e1rea das Artes Pl\u00e1sticas e Decorativas.<\/p>\n\n\n\n<p>\u00c9 de longa data conhecida a estreita rela\u00e7\u00e3o da cidade de Lagoa com a Olaria.<\/p>\n\n\n\n<p>A oficina ser\u00e1 orientada, pelo Mestre oleiro Ricardo Lopes, numa sequ\u00eancia de t\u00e9cnicas desde a conforma\u00e7\u00e3o ao acabamento, encadeadas de modo progressivo e com complexidade crescente, permitindo explorar a criatividade individual.<\/p>\n\n\n\n<p>Com o objetivo de dotar os\/as participantes de uma base s\u00f3lida comum, que lhes permita desenvolver um trabalho de autor, que compreendam e integrem os passos fundamentais da conforma\u00e7\u00e3o na roda de oleiro.<\/p>\n\n\n\n<p>Comprometida em preservar e desenvolver as artes cer\u00e2micas, que s\u00e3o uma tradi\u00e7\u00e3o, no concelho de Lagoa, damos-lhe agora a oportunidade de praticar esta arte tradicional.<\/p>\n","protected":false},"excerpt":{"rendered":"<p>A Escola de Artes de Lagoa &#8211; Mestre Fernando Rodrigues ir\u00e1 realizar a \u201cOficina de Roda de Oleiro\u201d (forma\u00e7\u00e3o intensiva<\/p>\n","protected":false},"author":1,"featured_media":23120,"comment_status":"closed","ping_status":"open","sticky":false,"template":"","format":"standard","meta":{"colormag_page_container_layout":"default_layout","colormag_page_sidebar_layout":"default_layout","_monsterinsights_skip_tracking":false,"_monsterinsights_sitenote_active":false,"_monsterinsights_sitenote_note":"","_monsterinsights_sitenote_category":0,"jetpack_post_was_ever_published":false,"_jetpack_newsletter_access":"","_jetpack_dont_email_post_to_subs":false,"_jetpack_newsletter_tier_id":0,"_jetpack_memberships_contains_paywalled_content":false,"_jetpack_memberships_contains_paid_content":false,"footnotes":"","jetpack_publicize_message":"","jetpack_publicize_feature_enabled":true,"jetpack_social_post_already_shared":true,"jetpack_social_options":{"image_generator_settings":{"template":"highway","default_image_id":0,"font":"","enabled":false},"version":2}},"categories":[11],"tags":[36,62,48],"class_list":["post-23119","post","type-post","status-publish","format-standard","has-post-thumbnail","hentry","category-atualidade","tag-algarve","tag-atualidade","tag-lagoa"],"yoast_head":"<!-- This site is optimized with the Yoast SEO plugin v27.5 - https:\/\/yoast.com\/product\/yoast-seo-wordpress\/ -->\n<title>Escola de Artes de Lagoa - Mestre Fernando Rodrigues ir\u00e1 realizar a \u201cOficina de Roda de Oleiro\u201d - Algarve 7<\/title>\n<meta name=\"description\" content=\"Escola de Artes de Lagoa - Mestre Fernando Rodrigues ir\u00e1 realizar a \u201cOficina de Roda de Oleiro\u201d Atualidade\" \/>\n<meta name=\"robots\" content=\"index, follow, max-snippet:-1, max-image-preview:large, max-video-preview:-1\" \/>\n<link rel=\"canonical\" href=\"https:\/\/algarve7.pt\/index.php\/2022\/11\/escola-de-artes-de-lagoa-mestre-fernando-rodrigues-ira-realizar-a-oficina-de-roda-de-oleiro\/atualidade\/22\/14\/\" \/>\n<meta property=\"og:locale\" content=\"pt_PT\" \/>\n<meta property=\"og:type\" content=\"article\" \/>\n<meta property=\"og:title\" content=\"Escola de Artes de Lagoa - Mestre Fernando Rodrigues ir\u00e1 realizar a \u201cOficina de Roda de Oleiro\u201d - Algarve 7\" \/>\n<meta property=\"og:description\" content=\"Escola de Artes de Lagoa - Mestre Fernando Rodrigues ir\u00e1 realizar a \u201cOficina de Roda de Oleiro\u201d Atualidade\" \/>\n<meta property=\"og:url\" content=\"https:\/\/algarve7.pt\/index.php\/2022\/11\/escola-de-artes-de-lagoa-mestre-fernando-rodrigues-ira-realizar-a-oficina-de-roda-de-oleiro\/atualidade\/22\/14\/\" \/>\n<meta property=\"og:site_name\" content=\"Algarve 7\" \/>\n<meta property=\"article:publisher\" content=\"https:\/\/www.facebook.com\/algarve7\" \/>\n<meta property=\"article:author\" content=\"https:\/\/www.facebook.com\/algarve7\" \/>\n<meta property=\"article:published_time\" content=\"2022-11-03T22:14:12+00:00\" \/>\n<meta property=\"article:modified_time\" content=\"2022-11-03T22:14:15+00:00\" \/>\n<meta property=\"og:image\" content=\"https:\/\/algarve7.pt\/wp-content\/uploads\/2022\/11\/image003.jpg\" \/>\n\t<meta property=\"og:image:width\" content=\"794\" \/>\n\t<meta property=\"og:image:height\" content=\"1123\" \/>\n\t<meta property=\"og:image:type\" content=\"image\/jpeg\" \/>\n<meta name=\"author\" content=\"Algarve 7\" \/>\n<meta name=\"twitter:card\" content=\"summary_large_image\" \/>\n<meta name=\"twitter:creator\" content=\"@Algarvesete\" \/>\n<meta name=\"twitter:site\" content=\"@Algarvesete\" \/>\n<meta name=\"twitter:label1\" content=\"Escrito por\" \/>\n\t<meta name=\"twitter:data1\" content=\"Algarve 7\" \/>\n\t<meta name=\"twitter:label2\" content=\"Tempo estimado de leitura\" \/>\n\t<meta name=\"twitter:data2\" content=\"2 minutos\" \/>\n<script type=\"application\/ld+json\" class=\"yoast-schema-graph\">{\"@context\":\"https:\\\/\\\/schema.org\",\"@graph\":[{\"@type\":\"Article\",\"@id\":\"https:\\\/\\\/algarve7.pt\\\/index.php\\\/2022\\\/11\\\/escola-de-artes-de-lagoa-mestre-fernando-rodrigues-ira-realizar-a-oficina-de-roda-de-oleiro\\\/atualidade\\\/22\\\/14\\\/#article\",\"isPartOf\":{\"@id\":\"https:\\\/\\\/algarve7.pt\\\/index.php\\\/2022\\\/11\\\/escola-de-artes-de-lagoa-mestre-fernando-rodrigues-ira-realizar-a-oficina-de-roda-de-oleiro\\\/atualidade\\\/22\\\/14\\\/\"},\"author\":{\"name\":\"Algarve 7\",\"@id\":\"https:\\\/\\\/algarve7.pt\\\/#\\\/schema\\\/person\\\/23fa70681308e7b319a3204bcea45e0c\"},\"headline\":\"Escola de Artes de Lagoa &#8211; Mestre Fernando Rodrigues ir\u00e1 realizar a \u201cOficina de Roda de Oleiro\u201d\",\"datePublished\":\"2022-11-03T22:14:12+00:00\",\"dateModified\":\"2022-11-03T22:14:15+00:00\",\"mainEntityOfPage\":{\"@id\":\"https:\\\/\\\/algarve7.pt\\\/index.php\\\/2022\\\/11\\\/escola-de-artes-de-lagoa-mestre-fernando-rodrigues-ira-realizar-a-oficina-de-roda-de-oleiro\\\/atualidade\\\/22\\\/14\\\/\"},\"wordCount\":258,\"publisher\":{\"@id\":\"https:\\\/\\\/algarve7.pt\\\/#organization\"},\"image\":{\"@id\":\"https:\\\/\\\/algarve7.pt\\\/index.php\\\/2022\\\/11\\\/escola-de-artes-de-lagoa-mestre-fernando-rodrigues-ira-realizar-a-oficina-de-roda-de-oleiro\\\/atualidade\\\/22\\\/14\\\/#primaryimage\"},\"thumbnailUrl\":\"https:\\\/\\\/algarve7.pt\\\/wp-content\\\/uploads\\\/2022\\\/11\\\/image003.jpg\",\"keywords\":[\"Algarve\",\"Atualidade\",\"Lagoa\"],\"articleSection\":[\"Atualidade\"],\"inLanguage\":\"pt-PT\"},{\"@type\":\"WebPage\",\"@id\":\"https:\\\/\\\/algarve7.pt\\\/index.php\\\/2022\\\/11\\\/escola-de-artes-de-lagoa-mestre-fernando-rodrigues-ira-realizar-a-oficina-de-roda-de-oleiro\\\/atualidade\\\/22\\\/14\\\/\",\"url\":\"https:\\\/\\\/algarve7.pt\\\/index.php\\\/2022\\\/11\\\/escola-de-artes-de-lagoa-mestre-fernando-rodrigues-ira-realizar-a-oficina-de-roda-de-oleiro\\\/atualidade\\\/22\\\/14\\\/\",\"name\":\"Escola de Artes de Lagoa - Mestre Fernando Rodrigues ir\u00e1 realizar a \u201cOficina de Roda de Oleiro\u201d - Algarve 7\",\"isPartOf\":{\"@id\":\"https:\\\/\\\/algarve7.pt\\\/#website\"},\"primaryImageOfPage\":{\"@id\":\"https:\\\/\\\/algarve7.pt\\\/index.php\\\/2022\\\/11\\\/escola-de-artes-de-lagoa-mestre-fernando-rodrigues-ira-realizar-a-oficina-de-roda-de-oleiro\\\/atualidade\\\/22\\\/14\\\/#primaryimage\"},\"image\":{\"@id\":\"https:\\\/\\\/algarve7.pt\\\/index.php\\\/2022\\\/11\\\/escola-de-artes-de-lagoa-mestre-fernando-rodrigues-ira-realizar-a-oficina-de-roda-de-oleiro\\\/atualidade\\\/22\\\/14\\\/#primaryimage\"},\"thumbnailUrl\":\"https:\\\/\\\/algarve7.pt\\\/wp-content\\\/uploads\\\/2022\\\/11\\\/image003.jpg\",\"datePublished\":\"2022-11-03T22:14:12+00:00\",\"dateModified\":\"2022-11-03T22:14:15+00:00\",\"description\":\"Escola de Artes de Lagoa - Mestre Fernando Rodrigues ir\u00e1 realizar a \u201cOficina de Roda de Oleiro\u201d Atualidade\",\"breadcrumb\":{\"@id\":\"https:\\\/\\\/algarve7.pt\\\/index.php\\\/2022\\\/11\\\/escola-de-artes-de-lagoa-mestre-fernando-rodrigues-ira-realizar-a-oficina-de-roda-de-oleiro\\\/atualidade\\\/22\\\/14\\\/#breadcrumb\"},\"inLanguage\":\"pt-PT\",\"potentialAction\":[{\"@type\":\"ReadAction\",\"target\":[\"https:\\\/\\\/algarve7.pt\\\/index.php\\\/2022\\\/11\\\/escola-de-artes-de-lagoa-mestre-fernando-rodrigues-ira-realizar-a-oficina-de-roda-de-oleiro\\\/atualidade\\\/22\\\/14\\\/\"]}]},{\"@type\":\"ImageObject\",\"inLanguage\":\"pt-PT\",\"@id\":\"https:\\\/\\\/algarve7.pt\\\/index.php\\\/2022\\\/11\\\/escola-de-artes-de-lagoa-mestre-fernando-rodrigues-ira-realizar-a-oficina-de-roda-de-oleiro\\\/atualidade\\\/22\\\/14\\\/#primaryimage\",\"url\":\"https:\\\/\\\/algarve7.pt\\\/wp-content\\\/uploads\\\/2022\\\/11\\\/image003.jpg\",\"contentUrl\":\"https:\\\/\\\/algarve7.pt\\\/wp-content\\\/uploads\\\/2022\\\/11\\\/image003.jpg\",\"width\":794,\"height\":1123},{\"@type\":\"BreadcrumbList\",\"@id\":\"https:\\\/\\\/algarve7.pt\\\/index.php\\\/2022\\\/11\\\/escola-de-artes-de-lagoa-mestre-fernando-rodrigues-ira-realizar-a-oficina-de-roda-de-oleiro\\\/atualidade\\\/22\\\/14\\\/#breadcrumb\",\"itemListElement\":[{\"@type\":\"ListItem\",\"position\":1,\"name\":\"In\u00edcio\",\"item\":\"https:\\\/\\\/algarve7.pt\\\/\"},{\"@type\":\"ListItem\",\"position\":2,\"name\":\"Escola de Artes de Lagoa &#8211; Mestre Fernando Rodrigues ir\u00e1 realizar a \u201cOficina de Roda de Oleiro\u201d\"}]},{\"@type\":\"WebSite\",\"@id\":\"https:\\\/\\\/algarve7.pt\\\/#website\",\"url\":\"https:\\\/\\\/algarve7.pt\\\/\",\"name\":\"Algarve 7\",\"description\":\"Informa\u00e7\u00e3o sobre o Algarve\",\"publisher\":{\"@id\":\"https:\\\/\\\/algarve7.pt\\\/#organization\"},\"potentialAction\":[{\"@type\":\"SearchAction\",\"target\":{\"@type\":\"EntryPoint\",\"urlTemplate\":\"https:\\\/\\\/algarve7.pt\\\/?s={search_term_string}\"},\"query-input\":{\"@type\":\"PropertyValueSpecification\",\"valueRequired\":true,\"valueName\":\"search_term_string\"}}],\"inLanguage\":\"pt-PT\"},{\"@type\":\"Organization\",\"@id\":\"https:\\\/\\\/algarve7.pt\\\/#organization\",\"name\":\"Algarve 7\",\"url\":\"https:\\\/\\\/algarve7.pt\\\/\",\"logo\":{\"@type\":\"ImageObject\",\"inLanguage\":\"pt-PT\",\"@id\":\"https:\\\/\\\/algarve7.pt\\\/#\\\/schema\\\/logo\\\/image\\\/\",\"url\":\"https:\\\/\\\/algarve7.pt\\\/wp-content\\\/uploads\\\/2020\\\/10\\\/Logo-8.jpg\",\"contentUrl\":\"https:\\\/\\\/algarve7.pt\\\/wp-content\\\/uploads\\\/2020\\\/10\\\/Logo-8.jpg\",\"width\":1680,\"height\":1186,\"caption\":\"Algarve 7\"},\"image\":{\"@id\":\"https:\\\/\\\/algarve7.pt\\\/#\\\/schema\\\/logo\\\/image\\\/\"},\"sameAs\":[\"https:\\\/\\\/www.facebook.com\\\/algarve7\",\"https:\\\/\\\/x.com\\\/Algarvesete\",\"https:\\\/\\\/www.instagram.com\\\/jornalalgarve7\\\/\",\"https:\\\/\\\/www.linkedin.com\\\/company\\\/algarve7\",\"https:\\\/\\\/www.pinterest.pt\\\/geral0939\\\/_created\\\/\"]},{\"@type\":\"Person\",\"@id\":\"https:\\\/\\\/algarve7.pt\\\/#\\\/schema\\\/person\\\/23fa70681308e7b319a3204bcea45e0c\",\"name\":\"Algarve 7\",\"sameAs\":[\"https:\\\/\\\/algarve7.pt\",\"https:\\\/\\\/www.facebook.com\\\/algarve7\"],\"url\":\"https:\\\/\\\/algarve7.pt\\\/index.php\\\/author\\\/geralalgarve7-pt\\\/\"}]}<\/script>\n<!-- \/ Yoast SEO plugin. -->","yoast_head_json":{"title":"Escola de Artes de Lagoa - Mestre Fernando Rodrigues ir\u00e1 realizar a \u201cOficina de Roda de Oleiro\u201d - Algarve 7","description":"Escola de Artes de Lagoa - Mestre Fernando Rodrigues ir\u00e1 realizar a \u201cOficina de Roda de Oleiro\u201d Atualidade","robots":{"index":"index","follow":"follow","max-snippet":"max-snippet:-1","max-image-preview":"max-image-preview:large","max-video-preview":"max-video-preview:-1"},"canonical":"https:\/\/algarve7.pt\/index.php\/2022\/11\/escola-de-artes-de-lagoa-mestre-fernando-rodrigues-ira-realizar-a-oficina-de-roda-de-oleiro\/atualidade\/22\/14\/","og_locale":"pt_PT","og_type":"article","og_title":"Escola de Artes de Lagoa - Mestre Fernando Rodrigues ir\u00e1 realizar a \u201cOficina de Roda de Oleiro\u201d - Algarve 7","og_description":"Escola de Artes de Lagoa - Mestre Fernando Rodrigues ir\u00e1 realizar a \u201cOficina de Roda de Oleiro\u201d Atualidade","og_url":"https:\/\/algarve7.pt\/index.php\/2022\/11\/escola-de-artes-de-lagoa-mestre-fernando-rodrigues-ira-realizar-a-oficina-de-roda-de-oleiro\/atualidade\/22\/14\/","og_site_name":"Algarve 7","article_publisher":"https:\/\/www.facebook.com\/algarve7","article_author":"https:\/\/www.facebook.com\/algarve7","article_published_time":"2022-11-03T22:14:12+00:00","article_modified_time":"2022-11-03T22:14:15+00:00","og_image":[{"width":794,"height":1123,"url":"https:\/\/algarve7.pt\/wp-content\/uploads\/2022\/11\/image003.jpg","type":"image\/jpeg"}],"author":"Algarve 7","twitter_card":"summary_large_image","twitter_creator":"@Algarvesete","twitter_site":"@Algarvesete","twitter_misc":{"Escrito por":"Algarve 7","Tempo estimado de leitura":"2 minutos"},"schema":{"@context":"https:\/\/schema.org","@graph":[{"@type":"Article","@id":"https:\/\/algarve7.pt\/index.php\/2022\/11\/escola-de-artes-de-lagoa-mestre-fernando-rodrigues-ira-realizar-a-oficina-de-roda-de-oleiro\/atualidade\/22\/14\/#article","isPartOf":{"@id":"https:\/\/algarve7.pt\/index.php\/2022\/11\/escola-de-artes-de-lagoa-mestre-fernando-rodrigues-ira-realizar-a-oficina-de-roda-de-oleiro\/atualidade\/22\/14\/"},"author":{"name":"Algarve 7","@id":"https:\/\/algarve7.pt\/#\/schema\/person\/23fa70681308e7b319a3204bcea45e0c"},"headline":"Escola de Artes de Lagoa &#8211; Mestre Fernando Rodrigues ir\u00e1 realizar a \u201cOficina de Roda de Oleiro\u201d","datePublished":"2022-11-03T22:14:12+00:00","dateModified":"2022-11-03T22:14:15+00:00","mainEntityOfPage":{"@id":"https:\/\/algarve7.pt\/index.php\/2022\/11\/escola-de-artes-de-lagoa-mestre-fernando-rodrigues-ira-realizar-a-oficina-de-roda-de-oleiro\/atualidade\/22\/14\/"},"wordCount":258,"publisher":{"@id":"https:\/\/algarve7.pt\/#organization"},"image":{"@id":"https:\/\/algarve7.pt\/index.php\/2022\/11\/escola-de-artes-de-lagoa-mestre-fernando-rodrigues-ira-realizar-a-oficina-de-roda-de-oleiro\/atualidade\/22\/14\/#primaryimage"},"thumbnailUrl":"https:\/\/algarve7.pt\/wp-content\/uploads\/2022\/11\/image003.jpg","keywords":["Algarve","Atualidade","Lagoa"],"articleSection":["Atualidade"],"inLanguage":"pt-PT"},{"@type":"WebPage","@id":"https:\/\/algarve7.pt\/index.php\/2022\/11\/escola-de-artes-de-lagoa-mestre-fernando-rodrigues-ira-realizar-a-oficina-de-roda-de-oleiro\/atualidade\/22\/14\/","url":"https:\/\/algarve7.pt\/index.php\/2022\/11\/escola-de-artes-de-lagoa-mestre-fernando-rodrigues-ira-realizar-a-oficina-de-roda-de-oleiro\/atualidade\/22\/14\/","name":"Escola de Artes de Lagoa - Mestre Fernando Rodrigues ir\u00e1 realizar a \u201cOficina de Roda de Oleiro\u201d - Algarve 7","isPartOf":{"@id":"https:\/\/algarve7.pt\/#website"},"primaryImageOfPage":{"@id":"https:\/\/algarve7.pt\/index.php\/2022\/11\/escola-de-artes-de-lagoa-mestre-fernando-rodrigues-ira-realizar-a-oficina-de-roda-de-oleiro\/atualidade\/22\/14\/#primaryimage"},"image":{"@id":"https:\/\/algarve7.pt\/index.php\/2022\/11\/escola-de-artes-de-lagoa-mestre-fernando-rodrigues-ira-realizar-a-oficina-de-roda-de-oleiro\/atualidade\/22\/14\/#primaryimage"},"thumbnailUrl":"https:\/\/algarve7.pt\/wp-content\/uploads\/2022\/11\/image003.jpg","datePublished":"2022-11-03T22:14:12+00:00","dateModified":"2022-11-03T22:14:15+00:00","description":"Escola de Artes de Lagoa - Mestre Fernando Rodrigues ir\u00e1 realizar a \u201cOficina de Roda de Oleiro\u201d Atualidade","breadcrumb":{"@id":"https:\/\/algarve7.pt\/index.php\/2022\/11\/escola-de-artes-de-lagoa-mestre-fernando-rodrigues-ira-realizar-a-oficina-de-roda-de-oleiro\/atualidade\/22\/14\/#breadcrumb"},"inLanguage":"pt-PT","potentialAction":[{"@type":"ReadAction","target":["https:\/\/algarve7.pt\/index.php\/2022\/11\/escola-de-artes-de-lagoa-mestre-fernando-rodrigues-ira-realizar-a-oficina-de-roda-de-oleiro\/atualidade\/22\/14\/"]}]},{"@type":"ImageObject","inLanguage":"pt-PT","@id":"https:\/\/algarve7.pt\/index.php\/2022\/11\/escola-de-artes-de-lagoa-mestre-fernando-rodrigues-ira-realizar-a-oficina-de-roda-de-oleiro\/atualidade\/22\/14\/#primaryimage","url":"https:\/\/algarve7.pt\/wp-content\/uploads\/2022\/11\/image003.jpg","contentUrl":"https:\/\/algarve7.pt\/wp-content\/uploads\/2022\/11\/image003.jpg","width":794,"height":1123},{"@type":"BreadcrumbList","@id":"https:\/\/algarve7.pt\/index.php\/2022\/11\/escola-de-artes-de-lagoa-mestre-fernando-rodrigues-ira-realizar-a-oficina-de-roda-de-oleiro\/atualidade\/22\/14\/#breadcrumb","itemListElement":[{"@type":"ListItem","position":1,"name":"In\u00edcio","item":"https:\/\/algarve7.pt\/"},{"@type":"ListItem","position":2,"name":"Escola de Artes de Lagoa &#8211; Mestre Fernando Rodrigues ir\u00e1 realizar a \u201cOficina de Roda de Oleiro\u201d"}]},{"@type":"WebSite","@id":"https:\/\/algarve7.pt\/#website","url":"https:\/\/algarve7.pt\/","name":"Algarve 7","description":"Informa\u00e7\u00e3o sobre o Algarve","publisher":{"@id":"https:\/\/algarve7.pt\/#organization"},"potentialAction":[{"@type":"SearchAction","target":{"@type":"EntryPoint","urlTemplate":"https:\/\/algarve7.pt\/?s={search_term_string}"},"query-input":{"@type":"PropertyValueSpecification","valueRequired":true,"valueName":"search_term_string"}}],"inLanguage":"pt-PT"},{"@type":"Organization","@id":"https:\/\/algarve7.pt\/#organization","name":"Algarve 7","url":"https:\/\/algarve7.pt\/","logo":{"@type":"ImageObject","inLanguage":"pt-PT","@id":"https:\/\/algarve7.pt\/#\/schema\/logo\/image\/","url":"https:\/\/algarve7.pt\/wp-content\/uploads\/2020\/10\/Logo-8.jpg","contentUrl":"https:\/\/algarve7.pt\/wp-content\/uploads\/2020\/10\/Logo-8.jpg","width":1680,"height":1186,"caption":"Algarve 7"},"image":{"@id":"https:\/\/algarve7.pt\/#\/schema\/logo\/image\/"},"sameAs":["https:\/\/www.facebook.com\/algarve7","https:\/\/x.com\/Algarvesete","https:\/\/www.instagram.com\/jornalalgarve7\/","https:\/\/www.linkedin.com\/company\/algarve7","https:\/\/www.pinterest.pt\/geral0939\/_created\/"]},{"@type":"Person","@id":"https:\/\/algarve7.pt\/#\/schema\/person\/23fa70681308e7b319a3204bcea45e0c","name":"Algarve 7","sameAs":["https:\/\/algarve7.pt","https:\/\/www.facebook.com\/algarve7"],"url":"https:\/\/algarve7.pt\/index.php\/author\/geralalgarve7-pt\/"}]}},"jetpack_publicize_connections":[],"jetpack_featured_media_url":"https:\/\/algarve7.pt\/wp-content\/uploads\/2022\/11\/image003.jpg","jetpack_shortlink":"https:\/\/wp.me\/pcezmW-60T","jetpack_sharing_enabled":true,"_links":{"self":[{"href":"https:\/\/algarve7.pt\/index.php\/wp-json\/wp\/v2\/posts\/23119","targetHints":{"allow":["GET"]}}],"collection":[{"href":"https:\/\/algarve7.pt\/index.php\/wp-json\/wp\/v2\/posts"}],"about":[{"href":"https:\/\/algarve7.pt\/index.php\/wp-json\/wp\/v2\/types\/post"}],"author":[{"embeddable":true,"href":"https:\/\/algarve7.pt\/index.php\/wp-json\/wp\/v2\/users\/1"}],"replies":[{"embeddable":true,"href":"https:\/\/algarve7.pt\/index.php\/wp-json\/wp\/v2\/comments?post=23119"}],"version-history":[{"count":0,"href":"https:\/\/algarve7.pt\/index.php\/wp-json\/wp\/v2\/posts\/23119\/revisions"}],"wp:featuredmedia":[{"embeddable":true,"href":"https:\/\/algarve7.pt\/index.php\/wp-json\/wp\/v2\/media\/23120"}],"wp:attachment":[{"href":"https:\/\/algarve7.pt\/index.php\/wp-json\/wp\/v2\/media?parent=23119"}],"wp:term":[{"taxonomy":"category","embeddable":true,"href":"https:\/\/algarve7.pt\/index.php\/wp-json\/wp\/v2\/categories?post=23119"},{"taxonomy":"post_tag","embeddable":true,"href":"https:\/\/algarve7.pt\/index.php\/wp-json\/wp\/v2\/tags?post=23119"}],"curies":[{"name":"wp","href":"https:\/\/api.w.org\/{rel}","templated":true}]}}