{"id":23106,"date":"2022-11-04T09:44:00","date_gmt":"2022-11-04T09:44:00","guid":{"rendered":"https:\/\/algarve7.pt\/?p=23106"},"modified":"2022-11-03T21:44:50","modified_gmt":"2022-11-03T21:44:50","slug":"municipio-de-lagoa-deixa-de-aplicar-herbicida-no-controlo-das-ervas-daninhas-nos-passeios-e-espacos-publicos","status":"publish","type":"post","link":"https:\/\/algarve7.pt\/index.php\/2022\/11\/municipio-de-lagoa-deixa-de-aplicar-herbicida-no-controlo-das-ervas-daninhas-nos-passeios-e-espacos-publicos\/ambiente\/09\/44\/","title":{"rendered":"Munic\u00edpio de Lagoa deixa de aplicar herbicida, no controlo das ervas daninhas nos passeios e espa\u00e7os p\u00fablicos"},"content":{"rendered":"\n<p>Ciente da import\u00e2ncia que a quest\u00e3o da aplica\u00e7\u00e3o de herbicidas, nomeadamente do Glifosato, tem para a popula\u00e7\u00e3o do concelho de Lagoa e, apesar dos herbicidas que t\u00eam vindo a ser utilizados nos \u00faltimos anos no concelho, serem devidamente autorizados e com potencial t\u00f3xico muito baixo, o Munic\u00edpio de Lagoa decidiu proceder a um per\u00edodo experimental de 3 anos, onde n\u00e3o realizar\u00e1 a aplica\u00e7\u00e3o de qualquer herbicida, no controlo das ervas daninhas nos passeios e espa\u00e7os p\u00fablicos do concelho.<\/p>\n\n\n\n<p>Esta a\u00e7\u00e3o iniciou-se a no dia 01 de novembro, altura em que o novo contrato de Presta\u00e7\u00e3o de Servi\u00e7os de Limpeza Urbana do Concelho de Lagoa entrou em vigor. J\u00e1 com este objetivo em mente, o Caderno de Encargos da referida presta\u00e7\u00e3o de servi\u00e7os exigia que o controlo das ervas daninhas fosse realizado sem aplica\u00e7\u00e3o de herbicida e com o refor\u00e7o significativo das equipas respons\u00e1veis pelo corte mec\u00e2nico e manual em todo o concelho, bem como das frequ\u00eancias de corte em zonas urbanas.<\/p>\n\n\n\n<p>Contudo, este m\u00e9todo de trabalho \u00e9 mais exigente, moroso, dispendioso e com resultados de curto prazo. N\u00e3o existindo aplica\u00e7\u00e3o de meios qu\u00edmicos de controlo destes infestantes, as ervas daninhas ir\u00e3o come\u00e7ar a crescer novamente, poucos dias ap\u00f3s o seu corte, pelo que dificilmente ser\u00e3o eliminadas por completo. Desta forma, apela-se a todos os mun\u00edcipes que sejam mais compreens\u00edveis quando verificarem ervas nas bermas e nos passeios, pois o seu corte ser\u00e1 realizado com frequ\u00eancia e rapidamente as equipas de corte passar\u00e3o novamente por cada local.<\/p>\n\n\n\n<p>Ap\u00f3s este per\u00edodo de 3 anos, caso o projeto tenha sucesso, o objetivo final ser\u00e1 o de continuar a realizar o controlo das ervas daninhas sem qualquer aplica\u00e7\u00e3o de herbicida ap\u00f3s esse per\u00edodo, por um concelho mais sustent\u00e1vel e Verde.<\/p>\n","protected":false},"excerpt":{"rendered":"<p>Ciente da import\u00e2ncia que a quest\u00e3o da aplica\u00e7\u00e3o de herbicidas, nomeadamente do Glifosato, tem para a popula\u00e7\u00e3o do concelho de<\/p>\n","protected":false},"author":1,"featured_media":23107,"comment_status":"closed","ping_status":"open","sticky":false,"template":"","format":"standard","meta":{"colormag_page_container_layout":"default_layout","colormag_page_sidebar_layout":"default_layout","_monsterinsights_skip_tracking":false,"_monsterinsights_sitenote_active":false,"_monsterinsights_sitenote_note":"","_monsterinsights_sitenote_category":0,"jetpack_post_was_ever_published":false,"_jetpack_newsletter_access":"","_jetpack_dont_email_post_to_subs":false,"_jetpack_newsletter_tier_id":0,"_jetpack_memberships_contains_paywalled_content":false,"_jetpack_memberships_contains_paid_content":false,"footnotes":"","jetpack_publicize_message":"","jetpack_publicize_feature_enabled":true,"jetpack_social_post_already_shared":true,"jetpack_social_options":{"image_generator_settings":{"template":"highway","default_image_id":0,"font":"","enabled":false},"version":2}},"categories":[5],"tags":[36,32,48],"class_list":["post-23106","post","type-post","status-publish","format-standard","has-post-thumbnail","hentry","category-ambiente","tag-algarve","tag-ambiente","tag-lagoa"],"yoast_head":"<!-- This site is optimized with the Yoast SEO plugin v27.5 - https:\/\/yoast.com\/product\/yoast-seo-wordpress\/ -->\n<title>Munic\u00edpio de Lagoa deixa de aplicar herbicida, no controlo das ervas daninhas nos passeios e espa\u00e7os p\u00fablicos - Algarve 7<\/title>\n<meta name=\"description\" content=\"Munic\u00edpio de Lagoa deixa de aplicar herbicida, no controlo das ervas daninhas nos passeios e espa\u00e7os p\u00fablicos Ambiente\" \/>\n<meta name=\"robots\" content=\"index, follow, max-snippet:-1, max-image-preview:large, max-video-preview:-1\" \/>\n<link rel=\"canonical\" href=\"https:\/\/algarve7.pt\/index.php\/2022\/11\/municipio-de-lagoa-deixa-de-aplicar-herbicida-no-controlo-das-ervas-daninhas-nos-passeios-e-espacos-publicos\/ambiente\/09\/44\/\" \/>\n<meta property=\"og:locale\" content=\"pt_PT\" \/>\n<meta property=\"og:type\" content=\"article\" \/>\n<meta property=\"og:title\" content=\"Munic\u00edpio de Lagoa deixa de aplicar herbicida, no controlo das ervas daninhas nos passeios e espa\u00e7os p\u00fablicos - Algarve 7\" \/>\n<meta property=\"og:description\" content=\"Munic\u00edpio de Lagoa deixa de aplicar herbicida, no controlo das ervas daninhas nos passeios e espa\u00e7os p\u00fablicos Ambiente\" \/>\n<meta property=\"og:url\" content=\"https:\/\/algarve7.pt\/index.php\/2022\/11\/municipio-de-lagoa-deixa-de-aplicar-herbicida-no-controlo-das-ervas-daninhas-nos-passeios-e-espacos-publicos\/ambiente\/09\/44\/\" \/>\n<meta property=\"og:site_name\" content=\"Algarve 7\" \/>\n<meta property=\"article:publisher\" content=\"https:\/\/www.facebook.com\/algarve7\" \/>\n<meta property=\"article:author\" content=\"https:\/\/www.facebook.com\/algarve7\" \/>\n<meta property=\"article:published_time\" content=\"2022-11-04T09:44:00+00:00\" \/>\n<meta property=\"og:image\" content=\"https:\/\/algarve7.pt\/wp-content\/uploads\/2022\/11\/banner-post-CA_1200x1200px_20221021.03.jpg\" \/>\n\t<meta property=\"og:image:width\" content=\"1680\" \/>\n\t<meta property=\"og:image:height\" content=\"1680\" \/>\n\t<meta property=\"og:image:type\" content=\"image\/jpeg\" \/>\n<meta name=\"author\" content=\"Algarve 7\" \/>\n<meta name=\"twitter:card\" content=\"summary_large_image\" \/>\n<meta name=\"twitter:creator\" content=\"@Algarvesete\" \/>\n<meta name=\"twitter:site\" content=\"@Algarvesete\" \/>\n<meta name=\"twitter:label1\" content=\"Escrito por\" \/>\n\t<meta name=\"twitter:data1\" content=\"Algarve 7\" \/>\n\t<meta name=\"twitter:label2\" content=\"Tempo estimado de leitura\" \/>\n\t<meta name=\"twitter:data2\" content=\"2 minutos\" \/>\n<script type=\"application\/ld+json\" class=\"yoast-schema-graph\">{\"@context\":\"https:\\\/\\\/schema.org\",\"@graph\":[{\"@type\":\"Article\",\"@id\":\"https:\\\/\\\/algarve7.pt\\\/index.php\\\/2022\\\/11\\\/municipio-de-lagoa-deixa-de-aplicar-herbicida-no-controlo-das-ervas-daninhas-nos-passeios-e-espacos-publicos\\\/ambiente\\\/09\\\/44\\\/#article\",\"isPartOf\":{\"@id\":\"https:\\\/\\\/algarve7.pt\\\/index.php\\\/2022\\\/11\\\/municipio-de-lagoa-deixa-de-aplicar-herbicida-no-controlo-das-ervas-daninhas-nos-passeios-e-espacos-publicos\\\/ambiente\\\/09\\\/44\\\/\"},\"author\":{\"name\":\"Algarve 7\",\"@id\":\"https:\\\/\\\/algarve7.pt\\\/#\\\/schema\\\/person\\\/23fa70681308e7b319a3204bcea45e0c\"},\"headline\":\"Munic\u00edpio de Lagoa deixa de aplicar herbicida, no controlo das ervas daninhas nos passeios e espa\u00e7os p\u00fablicos\",\"datePublished\":\"2022-11-04T09:44:00+00:00\",\"mainEntityOfPage\":{\"@id\":\"https:\\\/\\\/algarve7.pt\\\/index.php\\\/2022\\\/11\\\/municipio-de-lagoa-deixa-de-aplicar-herbicida-no-controlo-das-ervas-daninhas-nos-passeios-e-espacos-publicos\\\/ambiente\\\/09\\\/44\\\/\"},\"wordCount\":342,\"publisher\":{\"@id\":\"https:\\\/\\\/algarve7.pt\\\/#organization\"},\"image\":{\"@id\":\"https:\\\/\\\/algarve7.pt\\\/index.php\\\/2022\\\/11\\\/municipio-de-lagoa-deixa-de-aplicar-herbicida-no-controlo-das-ervas-daninhas-nos-passeios-e-espacos-publicos\\\/ambiente\\\/09\\\/44\\\/#primaryimage\"},\"thumbnailUrl\":\"https:\\\/\\\/algarve7.pt\\\/wp-content\\\/uploads\\\/2022\\\/11\\\/banner-post-CA_1200x1200px_20221021.03.jpg\",\"keywords\":[\"Algarve\",\"Ambiente\",\"Lagoa\"],\"articleSection\":[\"Ambiente\"],\"inLanguage\":\"pt-PT\"},{\"@type\":\"WebPage\",\"@id\":\"https:\\\/\\\/algarve7.pt\\\/index.php\\\/2022\\\/11\\\/municipio-de-lagoa-deixa-de-aplicar-herbicida-no-controlo-das-ervas-daninhas-nos-passeios-e-espacos-publicos\\\/ambiente\\\/09\\\/44\\\/\",\"url\":\"https:\\\/\\\/algarve7.pt\\\/index.php\\\/2022\\\/11\\\/municipio-de-lagoa-deixa-de-aplicar-herbicida-no-controlo-das-ervas-daninhas-nos-passeios-e-espacos-publicos\\\/ambiente\\\/09\\\/44\\\/\",\"name\":\"Munic\u00edpio de Lagoa deixa de aplicar herbicida, no controlo das ervas daninhas nos passeios e espa\u00e7os p\u00fablicos - Algarve 7\",\"isPartOf\":{\"@id\":\"https:\\\/\\\/algarve7.pt\\\/#website\"},\"primaryImageOfPage\":{\"@id\":\"https:\\\/\\\/algarve7.pt\\\/index.php\\\/2022\\\/11\\\/municipio-de-lagoa-deixa-de-aplicar-herbicida-no-controlo-das-ervas-daninhas-nos-passeios-e-espacos-publicos\\\/ambiente\\\/09\\\/44\\\/#primaryimage\"},\"image\":{\"@id\":\"https:\\\/\\\/algarve7.pt\\\/index.php\\\/2022\\\/11\\\/municipio-de-lagoa-deixa-de-aplicar-herbicida-no-controlo-das-ervas-daninhas-nos-passeios-e-espacos-publicos\\\/ambiente\\\/09\\\/44\\\/#primaryimage\"},\"thumbnailUrl\":\"https:\\\/\\\/algarve7.pt\\\/wp-content\\\/uploads\\\/2022\\\/11\\\/banner-post-CA_1200x1200px_20221021.03.jpg\",\"datePublished\":\"2022-11-04T09:44:00+00:00\",\"description\":\"Munic\u00edpio de Lagoa deixa de aplicar herbicida, no controlo das ervas daninhas nos passeios e espa\u00e7os p\u00fablicos Ambiente\",\"breadcrumb\":{\"@id\":\"https:\\\/\\\/algarve7.pt\\\/index.php\\\/2022\\\/11\\\/municipio-de-lagoa-deixa-de-aplicar-herbicida-no-controlo-das-ervas-daninhas-nos-passeios-e-espacos-publicos\\\/ambiente\\\/09\\\/44\\\/#breadcrumb\"},\"inLanguage\":\"pt-PT\",\"potentialAction\":[{\"@type\":\"ReadAction\",\"target\":[\"https:\\\/\\\/algarve7.pt\\\/index.php\\\/2022\\\/11\\\/municipio-de-lagoa-deixa-de-aplicar-herbicida-no-controlo-das-ervas-daninhas-nos-passeios-e-espacos-publicos\\\/ambiente\\\/09\\\/44\\\/\"]}]},{\"@type\":\"ImageObject\",\"inLanguage\":\"pt-PT\",\"@id\":\"https:\\\/\\\/algarve7.pt\\\/index.php\\\/2022\\\/11\\\/municipio-de-lagoa-deixa-de-aplicar-herbicida-no-controlo-das-ervas-daninhas-nos-passeios-e-espacos-publicos\\\/ambiente\\\/09\\\/44\\\/#primaryimage\",\"url\":\"https:\\\/\\\/algarve7.pt\\\/wp-content\\\/uploads\\\/2022\\\/11\\\/banner-post-CA_1200x1200px_20221021.03.jpg\",\"contentUrl\":\"https:\\\/\\\/algarve7.pt\\\/wp-content\\\/uploads\\\/2022\\\/11\\\/banner-post-CA_1200x1200px_20221021.03.jpg\",\"width\":1680,\"height\":1680},{\"@type\":\"BreadcrumbList\",\"@id\":\"https:\\\/\\\/algarve7.pt\\\/index.php\\\/2022\\\/11\\\/municipio-de-lagoa-deixa-de-aplicar-herbicida-no-controlo-das-ervas-daninhas-nos-passeios-e-espacos-publicos\\\/ambiente\\\/09\\\/44\\\/#breadcrumb\",\"itemListElement\":[{\"@type\":\"ListItem\",\"position\":1,\"name\":\"In\u00edcio\",\"item\":\"https:\\\/\\\/algarve7.pt\\\/\"},{\"@type\":\"ListItem\",\"position\":2,\"name\":\"Munic\u00edpio de Lagoa deixa de aplicar herbicida, no controlo das ervas daninhas nos passeios e espa\u00e7os p\u00fablicos\"}]},{\"@type\":\"WebSite\",\"@id\":\"https:\\\/\\\/algarve7.pt\\\/#website\",\"url\":\"https:\\\/\\\/algarve7.pt\\\/\",\"name\":\"Algarve 7\",\"description\":\"Informa\u00e7\u00e3o sobre o Algarve\",\"publisher\":{\"@id\":\"https:\\\/\\\/algarve7.pt\\\/#organization\"},\"potentialAction\":[{\"@type\":\"SearchAction\",\"target\":{\"@type\":\"EntryPoint\",\"urlTemplate\":\"https:\\\/\\\/algarve7.pt\\\/?s={search_term_string}\"},\"query-input\":{\"@type\":\"PropertyValueSpecification\",\"valueRequired\":true,\"valueName\":\"search_term_string\"}}],\"inLanguage\":\"pt-PT\"},{\"@type\":\"Organization\",\"@id\":\"https:\\\/\\\/algarve7.pt\\\/#organization\",\"name\":\"Algarve 7\",\"url\":\"https:\\\/\\\/algarve7.pt\\\/\",\"logo\":{\"@type\":\"ImageObject\",\"inLanguage\":\"pt-PT\",\"@id\":\"https:\\\/\\\/algarve7.pt\\\/#\\\/schema\\\/logo\\\/image\\\/\",\"url\":\"https:\\\/\\\/algarve7.pt\\\/wp-content\\\/uploads\\\/2020\\\/10\\\/Logo-8.jpg\",\"contentUrl\":\"https:\\\/\\\/algarve7.pt\\\/wp-content\\\/uploads\\\/2020\\\/10\\\/Logo-8.jpg\",\"width\":1680,\"height\":1186,\"caption\":\"Algarve 7\"},\"image\":{\"@id\":\"https:\\\/\\\/algarve7.pt\\\/#\\\/schema\\\/logo\\\/image\\\/\"},\"sameAs\":[\"https:\\\/\\\/www.facebook.com\\\/algarve7\",\"https:\\\/\\\/x.com\\\/Algarvesete\",\"https:\\\/\\\/www.instagram.com\\\/jornalalgarve7\\\/\",\"https:\\\/\\\/www.linkedin.com\\\/company\\\/algarve7\",\"https:\\\/\\\/www.pinterest.pt\\\/geral0939\\\/_created\\\/\"]},{\"@type\":\"Person\",\"@id\":\"https:\\\/\\\/algarve7.pt\\\/#\\\/schema\\\/person\\\/23fa70681308e7b319a3204bcea45e0c\",\"name\":\"Algarve 7\",\"sameAs\":[\"https:\\\/\\\/algarve7.pt\",\"https:\\\/\\\/www.facebook.com\\\/algarve7\"],\"url\":\"https:\\\/\\\/algarve7.pt\\\/index.php\\\/author\\\/geralalgarve7-pt\\\/\"}]}<\/script>\n<!-- \/ Yoast SEO plugin. -->","yoast_head_json":{"title":"Munic\u00edpio de Lagoa deixa de aplicar herbicida, no controlo das ervas daninhas nos passeios e espa\u00e7os p\u00fablicos - Algarve 7","description":"Munic\u00edpio de Lagoa deixa de aplicar herbicida, no controlo das ervas daninhas nos passeios e espa\u00e7os p\u00fablicos Ambiente","robots":{"index":"index","follow":"follow","max-snippet":"max-snippet:-1","max-image-preview":"max-image-preview:large","max-video-preview":"max-video-preview:-1"},"canonical":"https:\/\/algarve7.pt\/index.php\/2022\/11\/municipio-de-lagoa-deixa-de-aplicar-herbicida-no-controlo-das-ervas-daninhas-nos-passeios-e-espacos-publicos\/ambiente\/09\/44\/","og_locale":"pt_PT","og_type":"article","og_title":"Munic\u00edpio de Lagoa deixa de aplicar herbicida, no controlo das ervas daninhas nos passeios e espa\u00e7os p\u00fablicos - Algarve 7","og_description":"Munic\u00edpio de Lagoa deixa de aplicar herbicida, no controlo das ervas daninhas nos passeios e espa\u00e7os p\u00fablicos Ambiente","og_url":"https:\/\/algarve7.pt\/index.php\/2022\/11\/municipio-de-lagoa-deixa-de-aplicar-herbicida-no-controlo-das-ervas-daninhas-nos-passeios-e-espacos-publicos\/ambiente\/09\/44\/","og_site_name":"Algarve 7","article_publisher":"https:\/\/www.facebook.com\/algarve7","article_author":"https:\/\/www.facebook.com\/algarve7","article_published_time":"2022-11-04T09:44:00+00:00","og_image":[{"width":1680,"height":1680,"url":"https:\/\/algarve7.pt\/wp-content\/uploads\/2022\/11\/banner-post-CA_1200x1200px_20221021.03.jpg","type":"image\/jpeg"}],"author":"Algarve 7","twitter_card":"summary_large_image","twitter_creator":"@Algarvesete","twitter_site":"@Algarvesete","twitter_misc":{"Escrito por":"Algarve 7","Tempo estimado de leitura":"2 minutos"},"schema":{"@context":"https:\/\/schema.org","@graph":[{"@type":"Article","@id":"https:\/\/algarve7.pt\/index.php\/2022\/11\/municipio-de-lagoa-deixa-de-aplicar-herbicida-no-controlo-das-ervas-daninhas-nos-passeios-e-espacos-publicos\/ambiente\/09\/44\/#article","isPartOf":{"@id":"https:\/\/algarve7.pt\/index.php\/2022\/11\/municipio-de-lagoa-deixa-de-aplicar-herbicida-no-controlo-das-ervas-daninhas-nos-passeios-e-espacos-publicos\/ambiente\/09\/44\/"},"author":{"name":"Algarve 7","@id":"https:\/\/algarve7.pt\/#\/schema\/person\/23fa70681308e7b319a3204bcea45e0c"},"headline":"Munic\u00edpio de Lagoa deixa de aplicar herbicida, no controlo das ervas daninhas nos passeios e espa\u00e7os p\u00fablicos","datePublished":"2022-11-04T09:44:00+00:00","mainEntityOfPage":{"@id":"https:\/\/algarve7.pt\/index.php\/2022\/11\/municipio-de-lagoa-deixa-de-aplicar-herbicida-no-controlo-das-ervas-daninhas-nos-passeios-e-espacos-publicos\/ambiente\/09\/44\/"},"wordCount":342,"publisher":{"@id":"https:\/\/algarve7.pt\/#organization"},"image":{"@id":"https:\/\/algarve7.pt\/index.php\/2022\/11\/municipio-de-lagoa-deixa-de-aplicar-herbicida-no-controlo-das-ervas-daninhas-nos-passeios-e-espacos-publicos\/ambiente\/09\/44\/#primaryimage"},"thumbnailUrl":"https:\/\/algarve7.pt\/wp-content\/uploads\/2022\/11\/banner-post-CA_1200x1200px_20221021.03.jpg","keywords":["Algarve","Ambiente","Lagoa"],"articleSection":["Ambiente"],"inLanguage":"pt-PT"},{"@type":"WebPage","@id":"https:\/\/algarve7.pt\/index.php\/2022\/11\/municipio-de-lagoa-deixa-de-aplicar-herbicida-no-controlo-das-ervas-daninhas-nos-passeios-e-espacos-publicos\/ambiente\/09\/44\/","url":"https:\/\/algarve7.pt\/index.php\/2022\/11\/municipio-de-lagoa-deixa-de-aplicar-herbicida-no-controlo-das-ervas-daninhas-nos-passeios-e-espacos-publicos\/ambiente\/09\/44\/","name":"Munic\u00edpio de Lagoa deixa de aplicar herbicida, no controlo das ervas daninhas nos passeios e espa\u00e7os p\u00fablicos - Algarve 7","isPartOf":{"@id":"https:\/\/algarve7.pt\/#website"},"primaryImageOfPage":{"@id":"https:\/\/algarve7.pt\/index.php\/2022\/11\/municipio-de-lagoa-deixa-de-aplicar-herbicida-no-controlo-das-ervas-daninhas-nos-passeios-e-espacos-publicos\/ambiente\/09\/44\/#primaryimage"},"image":{"@id":"https:\/\/algarve7.pt\/index.php\/2022\/11\/municipio-de-lagoa-deixa-de-aplicar-herbicida-no-controlo-das-ervas-daninhas-nos-passeios-e-espacos-publicos\/ambiente\/09\/44\/#primaryimage"},"thumbnailUrl":"https:\/\/algarve7.pt\/wp-content\/uploads\/2022\/11\/banner-post-CA_1200x1200px_20221021.03.jpg","datePublished":"2022-11-04T09:44:00+00:00","description":"Munic\u00edpio de Lagoa deixa de aplicar herbicida, no controlo das ervas daninhas nos passeios e espa\u00e7os p\u00fablicos Ambiente","breadcrumb":{"@id":"https:\/\/algarve7.pt\/index.php\/2022\/11\/municipio-de-lagoa-deixa-de-aplicar-herbicida-no-controlo-das-ervas-daninhas-nos-passeios-e-espacos-publicos\/ambiente\/09\/44\/#breadcrumb"},"inLanguage":"pt-PT","potentialAction":[{"@type":"ReadAction","target":["https:\/\/algarve7.pt\/index.php\/2022\/11\/municipio-de-lagoa-deixa-de-aplicar-herbicida-no-controlo-das-ervas-daninhas-nos-passeios-e-espacos-publicos\/ambiente\/09\/44\/"]}]},{"@type":"ImageObject","inLanguage":"pt-PT","@id":"https:\/\/algarve7.pt\/index.php\/2022\/11\/municipio-de-lagoa-deixa-de-aplicar-herbicida-no-controlo-das-ervas-daninhas-nos-passeios-e-espacos-publicos\/ambiente\/09\/44\/#primaryimage","url":"https:\/\/algarve7.pt\/wp-content\/uploads\/2022\/11\/banner-post-CA_1200x1200px_20221021.03.jpg","contentUrl":"https:\/\/algarve7.pt\/wp-content\/uploads\/2022\/11\/banner-post-CA_1200x1200px_20221021.03.jpg","width":1680,"height":1680},{"@type":"BreadcrumbList","@id":"https:\/\/algarve7.pt\/index.php\/2022\/11\/municipio-de-lagoa-deixa-de-aplicar-herbicida-no-controlo-das-ervas-daninhas-nos-passeios-e-espacos-publicos\/ambiente\/09\/44\/#breadcrumb","itemListElement":[{"@type":"ListItem","position":1,"name":"In\u00edcio","item":"https:\/\/algarve7.pt\/"},{"@type":"ListItem","position":2,"name":"Munic\u00edpio de Lagoa deixa de aplicar herbicida, no controlo das ervas daninhas nos passeios e espa\u00e7os p\u00fablicos"}]},{"@type":"WebSite","@id":"https:\/\/algarve7.pt\/#website","url":"https:\/\/algarve7.pt\/","name":"Algarve 7","description":"Informa\u00e7\u00e3o sobre o Algarve","publisher":{"@id":"https:\/\/algarve7.pt\/#organization"},"potentialAction":[{"@type":"SearchAction","target":{"@type":"EntryPoint","urlTemplate":"https:\/\/algarve7.pt\/?s={search_term_string}"},"query-input":{"@type":"PropertyValueSpecification","valueRequired":true,"valueName":"search_term_string"}}],"inLanguage":"pt-PT"},{"@type":"Organization","@id":"https:\/\/algarve7.pt\/#organization","name":"Algarve 7","url":"https:\/\/algarve7.pt\/","logo":{"@type":"ImageObject","inLanguage":"pt-PT","@id":"https:\/\/algarve7.pt\/#\/schema\/logo\/image\/","url":"https:\/\/algarve7.pt\/wp-content\/uploads\/2020\/10\/Logo-8.jpg","contentUrl":"https:\/\/algarve7.pt\/wp-content\/uploads\/2020\/10\/Logo-8.jpg","width":1680,"height":1186,"caption":"Algarve 7"},"image":{"@id":"https:\/\/algarve7.pt\/#\/schema\/logo\/image\/"},"sameAs":["https:\/\/www.facebook.com\/algarve7","https:\/\/x.com\/Algarvesete","https:\/\/www.instagram.com\/jornalalgarve7\/","https:\/\/www.linkedin.com\/company\/algarve7","https:\/\/www.pinterest.pt\/geral0939\/_created\/"]},{"@type":"Person","@id":"https:\/\/algarve7.pt\/#\/schema\/person\/23fa70681308e7b319a3204bcea45e0c","name":"Algarve 7","sameAs":["https:\/\/algarve7.pt","https:\/\/www.facebook.com\/algarve7"],"url":"https:\/\/algarve7.pt\/index.php\/author\/geralalgarve7-pt\/"}]}},"jetpack_publicize_connections":[],"jetpack_featured_media_url":"https:\/\/algarve7.pt\/wp-content\/uploads\/2022\/11\/banner-post-CA_1200x1200px_20221021.03.jpg","jetpack_shortlink":"https:\/\/wp.me\/pcezmW-60G","jetpack_sharing_enabled":true,"_links":{"self":[{"href":"https:\/\/algarve7.pt\/index.php\/wp-json\/wp\/v2\/posts\/23106","targetHints":{"allow":["GET"]}}],"collection":[{"href":"https:\/\/algarve7.pt\/index.php\/wp-json\/wp\/v2\/posts"}],"about":[{"href":"https:\/\/algarve7.pt\/index.php\/wp-json\/wp\/v2\/types\/post"}],"author":[{"embeddable":true,"href":"https:\/\/algarve7.pt\/index.php\/wp-json\/wp\/v2\/users\/1"}],"replies":[{"embeddable":true,"href":"https:\/\/algarve7.pt\/index.php\/wp-json\/wp\/v2\/comments?post=23106"}],"version-history":[{"count":0,"href":"https:\/\/algarve7.pt\/index.php\/wp-json\/wp\/v2\/posts\/23106\/revisions"}],"wp:featuredmedia":[{"embeddable":true,"href":"https:\/\/algarve7.pt\/index.php\/wp-json\/wp\/v2\/media\/23107"}],"wp:attachment":[{"href":"https:\/\/algarve7.pt\/index.php\/wp-json\/wp\/v2\/media?parent=23106"}],"wp:term":[{"taxonomy":"category","embeddable":true,"href":"https:\/\/algarve7.pt\/index.php\/wp-json\/wp\/v2\/categories?post=23106"},{"taxonomy":"post_tag","embeddable":true,"href":"https:\/\/algarve7.pt\/index.php\/wp-json\/wp\/v2\/tags?post=23106"}],"curies":[{"name":"wp","href":"https:\/\/api.w.org\/{rel}","templated":true}]}}