{"id":23102,"date":"2022-11-04T09:10:00","date_gmt":"2022-11-04T09:10:00","guid":{"rendered":"https:\/\/algarve7.pt\/?p=23102"},"modified":"2022-11-03T21:38:41","modified_gmt":"2022-11-03T21:38:41","slug":"gala-do-desporto-portimao-2022-recebe-candidaturas-ate-11-de-novembro","status":"publish","type":"post","link":"https:\/\/algarve7.pt\/index.php\/2022\/11\/gala-do-desporto-portimao-2022-recebe-candidaturas-ate-11-de-novembro\/desporto\/09\/10\/","title":{"rendered":"Gala do Desporto Portim\u00e3o 2022 recebe candidaturas at\u00e9 11 de novembro"},"content":{"rendered":"\n<p>O Munic\u00edpio de Portim\u00e3o volta a promover este ano a Gala do Desporto &#8211; Homenagem aos Campe\u00f5es Portimonenses, visando reconhecer e premiar o m\u00e9rito desportivo de entidades, dirigentes e atletas que se destacaram na \u00e9poca desportiva 2021\/22, para o que decorre at\u00e9 11 de novembro o respetivo per\u00edodo de candidaturas.<\/p>\n\n\n\n<p>Podem candidatar-se todos os atletas que, a n\u00edvel individual ou coletivo, tenham obtido t\u00edtulos federativos internacionais, nacionais ou distritais, em representa\u00e7\u00e3o de clubes, escolas ou universidades com sede no concelho de Portim\u00e3o.<\/p>\n\n\n\n<p>Para al\u00e9m de homenagear os atletas em evid\u00eancia durante a \u00e9poca 2021\/22, a Gala tamb\u00e9m destacar\u00e1 o m\u00e9rito das entidades ou personalidades que, de forma relevante, tenham contribu\u00eddo para o desenvolvimento desportivo do concelho, no sentido de incentivar todos os agentes desportivos a melhorar as suas presta\u00e7\u00f5es em prol da sociedade local.<\/p>\n\n\n\n<p>Os atletas que representem institui\u00e7\u00f5es localizadas noutros concelhos tamb\u00e9m podem concorrer, desde que sejam naturais ou residam no munic\u00edpio de Portim\u00e3o, tendo o processo de candidatura arrancado ap\u00f3s comunica\u00e7\u00e3o dirigida pela C\u00e2mara Municipal a todas as entidades desportivas locais que participam nos quadros competitivos do Desporto Federado, Desporto Escolar e Desporto Universit\u00e1rio.<\/p>\n\n\n\n<p>As propostas de candidatura dever\u00e3o ser entregues at\u00e9 11 de novembro nos servi\u00e7os da Divis\u00e3o de Desporto e Juventude do Munic\u00edpio de Portim\u00e3o (Avenida Miguel Bombarda, N.\u00ba 3 \u2013 8500-299 Portim\u00e3o), ou enviadas via correio eletr\u00f3nico: desporto@cm-portimao.pt<\/p>\n\n\n\n<p>A cerim\u00f3nia de entrega de pr\u00e9mios relativos \u00e0 Gala do Desporto 2022 j\u00e1 conta com 21 edi\u00e7\u00f5es e voltar\u00e1 a realizar-se, como habitualmente, no \u00e2mbito das comemora\u00e7\u00f5es oficiais do Dia da Cidade de Portim\u00e3o, efem\u00e9ride que se assinala a 11 de dezembro.<\/p>\n\n\n\n<p>O regulamento sobre os crit\u00e9rios de atribui\u00e7\u00e3o de pr\u00e9mios pode ser consultado em:<\/p>\n\n\n\n<p><a href=\"https:\/\/www.cm-portimao.pt\/menus\/servicos\/desporto-e-juventude\" target=\"_blank\" rel=\"noreferrer noopener\">https:\/\/www.cm-portimao.pt\/menus\/servicos\/desporto-e-juventude<\/a><\/p>\n","protected":false},"excerpt":{"rendered":"<p>O Munic\u00edpio de Portim\u00e3o volta a promover este ano a Gala do Desporto &#8211; Homenagem aos Campe\u00f5es Portimonenses, visando reconhecer<\/p>\n","protected":false},"author":1,"featured_media":23103,"comment_status":"closed","ping_status":"open","sticky":false,"template":"","format":"standard","meta":{"colormag_page_container_layout":"default_layout","colormag_page_sidebar_layout":"default_layout","_monsterinsights_skip_tracking":false,"_monsterinsights_sitenote_active":false,"_monsterinsights_sitenote_note":"","_monsterinsights_sitenote_category":0,"jetpack_post_was_ever_published":false,"_jetpack_newsletter_access":"","_jetpack_dont_email_post_to_subs":false,"_jetpack_newsletter_tier_id":0,"_jetpack_memberships_contains_paywalled_content":false,"_jetpack_memberships_contains_paid_content":false,"footnotes":"","jetpack_publicize_message":"","jetpack_publicize_feature_enabled":true,"jetpack_social_post_already_shared":true,"jetpack_social_options":{"image_generator_settings":{"template":"highway","default_image_id":0,"font":"","enabled":false},"version":2}},"categories":[15],"tags":[36,40,400,72],"class_list":["post-23102","post","type-post","status-publish","format-standard","has-post-thumbnail","hentry","category-desporto","tag-algarve","tag-desporto","tag-gala","tag-portimao"],"yoast_head":"<!-- This site is optimized with the Yoast SEO plugin v27.5 - https:\/\/yoast.com\/product\/yoast-seo-wordpress\/ -->\n<title>Gala do Desporto Portim\u00e3o 2022 recebe candidaturas at\u00e9 11 de novembro - Algarve 7<\/title>\n<meta name=\"description\" content=\"Gala do Desporto Portim\u00e3o 2022 recebe candidaturas at\u00e9 11 de novembro Desporto\" \/>\n<meta name=\"robots\" content=\"index, follow, max-snippet:-1, max-image-preview:large, max-video-preview:-1\" \/>\n<link rel=\"canonical\" href=\"https:\/\/algarve7.pt\/index.php\/2022\/11\/gala-do-desporto-portimao-2022-recebe-candidaturas-ate-11-de-novembro\/desporto\/09\/10\/\" \/>\n<meta property=\"og:locale\" content=\"pt_PT\" \/>\n<meta property=\"og:type\" content=\"article\" \/>\n<meta property=\"og:title\" content=\"Gala do Desporto Portim\u00e3o 2022 recebe candidaturas at\u00e9 11 de novembro - Algarve 7\" \/>\n<meta property=\"og:description\" content=\"Gala do Desporto Portim\u00e3o 2022 recebe candidaturas at\u00e9 11 de novembro Desporto\" \/>\n<meta property=\"og:url\" content=\"https:\/\/algarve7.pt\/index.php\/2022\/11\/gala-do-desporto-portimao-2022-recebe-candidaturas-ate-11-de-novembro\/desporto\/09\/10\/\" \/>\n<meta property=\"og:site_name\" content=\"Algarve 7\" \/>\n<meta property=\"article:publisher\" content=\"https:\/\/www.facebook.com\/algarve7\" \/>\n<meta property=\"article:author\" content=\"https:\/\/www.facebook.com\/algarve7\" \/>\n<meta property=\"article:published_time\" content=\"2022-11-04T09:10:00+00:00\" \/>\n<meta property=\"og:image\" content=\"https:\/\/algarve7.pt\/wp-content\/uploads\/2022\/11\/Taca-Port-Kayak-Polo-@Kore.jpg\" \/>\n\t<meta property=\"og:image:width\" content=\"1773\" \/>\n\t<meta property=\"og:image:height\" content=\"1182\" \/>\n\t<meta property=\"og:image:type\" content=\"image\/jpeg\" \/>\n<meta name=\"author\" content=\"Algarve 7\" \/>\n<meta name=\"twitter:card\" content=\"summary_large_image\" \/>\n<meta name=\"twitter:creator\" content=\"@Algarvesete\" \/>\n<meta name=\"twitter:site\" content=\"@Algarvesete\" \/>\n<meta name=\"twitter:label1\" content=\"Escrito por\" \/>\n\t<meta name=\"twitter:data1\" content=\"Algarve 7\" \/>\n\t<meta name=\"twitter:label2\" content=\"Tempo estimado de leitura\" \/>\n\t<meta name=\"twitter:data2\" content=\"2 minutos\" \/>\n<script type=\"application\/ld+json\" class=\"yoast-schema-graph\">{\"@context\":\"https:\\\/\\\/schema.org\",\"@graph\":[{\"@type\":\"Article\",\"@id\":\"https:\\\/\\\/algarve7.pt\\\/index.php\\\/2022\\\/11\\\/gala-do-desporto-portimao-2022-recebe-candidaturas-ate-11-de-novembro\\\/desporto\\\/09\\\/10\\\/#article\",\"isPartOf\":{\"@id\":\"https:\\\/\\\/algarve7.pt\\\/index.php\\\/2022\\\/11\\\/gala-do-desporto-portimao-2022-recebe-candidaturas-ate-11-de-novembro\\\/desporto\\\/09\\\/10\\\/\"},\"author\":{\"name\":\"Algarve 7\",\"@id\":\"https:\\\/\\\/algarve7.pt\\\/#\\\/schema\\\/person\\\/23fa70681308e7b319a3204bcea45e0c\"},\"headline\":\"Gala do Desporto Portim\u00e3o 2022 recebe candidaturas at\u00e9 11 de novembro\",\"datePublished\":\"2022-11-04T09:10:00+00:00\",\"mainEntityOfPage\":{\"@id\":\"https:\\\/\\\/algarve7.pt\\\/index.php\\\/2022\\\/11\\\/gala-do-desporto-portimao-2022-recebe-candidaturas-ate-11-de-novembro\\\/desporto\\\/09\\\/10\\\/\"},\"wordCount\":326,\"publisher\":{\"@id\":\"https:\\\/\\\/algarve7.pt\\\/#organization\"},\"image\":{\"@id\":\"https:\\\/\\\/algarve7.pt\\\/index.php\\\/2022\\\/11\\\/gala-do-desporto-portimao-2022-recebe-candidaturas-ate-11-de-novembro\\\/desporto\\\/09\\\/10\\\/#primaryimage\"},\"thumbnailUrl\":\"https:\\\/\\\/algarve7.pt\\\/wp-content\\\/uploads\\\/2022\\\/11\\\/Taca-Port-Kayak-Polo-@Kore.jpg\",\"keywords\":[\"Algarve\",\"Desporto\",\"Gala\",\"Portim\u00e3o\"],\"articleSection\":[\"Desporto\"],\"inLanguage\":\"pt-PT\"},{\"@type\":\"WebPage\",\"@id\":\"https:\\\/\\\/algarve7.pt\\\/index.php\\\/2022\\\/11\\\/gala-do-desporto-portimao-2022-recebe-candidaturas-ate-11-de-novembro\\\/desporto\\\/09\\\/10\\\/\",\"url\":\"https:\\\/\\\/algarve7.pt\\\/index.php\\\/2022\\\/11\\\/gala-do-desporto-portimao-2022-recebe-candidaturas-ate-11-de-novembro\\\/desporto\\\/09\\\/10\\\/\",\"name\":\"Gala do Desporto Portim\u00e3o 2022 recebe candidaturas at\u00e9 11 de novembro - Algarve 7\",\"isPartOf\":{\"@id\":\"https:\\\/\\\/algarve7.pt\\\/#website\"},\"primaryImageOfPage\":{\"@id\":\"https:\\\/\\\/algarve7.pt\\\/index.php\\\/2022\\\/11\\\/gala-do-desporto-portimao-2022-recebe-candidaturas-ate-11-de-novembro\\\/desporto\\\/09\\\/10\\\/#primaryimage\"},\"image\":{\"@id\":\"https:\\\/\\\/algarve7.pt\\\/index.php\\\/2022\\\/11\\\/gala-do-desporto-portimao-2022-recebe-candidaturas-ate-11-de-novembro\\\/desporto\\\/09\\\/10\\\/#primaryimage\"},\"thumbnailUrl\":\"https:\\\/\\\/algarve7.pt\\\/wp-content\\\/uploads\\\/2022\\\/11\\\/Taca-Port-Kayak-Polo-@Kore.jpg\",\"datePublished\":\"2022-11-04T09:10:00+00:00\",\"description\":\"Gala do Desporto Portim\u00e3o 2022 recebe candidaturas at\u00e9 11 de novembro Desporto\",\"breadcrumb\":{\"@id\":\"https:\\\/\\\/algarve7.pt\\\/index.php\\\/2022\\\/11\\\/gala-do-desporto-portimao-2022-recebe-candidaturas-ate-11-de-novembro\\\/desporto\\\/09\\\/10\\\/#breadcrumb\"},\"inLanguage\":\"pt-PT\",\"potentialAction\":[{\"@type\":\"ReadAction\",\"target\":[\"https:\\\/\\\/algarve7.pt\\\/index.php\\\/2022\\\/11\\\/gala-do-desporto-portimao-2022-recebe-candidaturas-ate-11-de-novembro\\\/desporto\\\/09\\\/10\\\/\"]}]},{\"@type\":\"ImageObject\",\"inLanguage\":\"pt-PT\",\"@id\":\"https:\\\/\\\/algarve7.pt\\\/index.php\\\/2022\\\/11\\\/gala-do-desporto-portimao-2022-recebe-candidaturas-ate-11-de-novembro\\\/desporto\\\/09\\\/10\\\/#primaryimage\",\"url\":\"https:\\\/\\\/algarve7.pt\\\/wp-content\\\/uploads\\\/2022\\\/11\\\/Taca-Port-Kayak-Polo-@Kore.jpg\",\"contentUrl\":\"https:\\\/\\\/algarve7.pt\\\/wp-content\\\/uploads\\\/2022\\\/11\\\/Taca-Port-Kayak-Polo-@Kore.jpg\",\"width\":1773,\"height\":1182},{\"@type\":\"BreadcrumbList\",\"@id\":\"https:\\\/\\\/algarve7.pt\\\/index.php\\\/2022\\\/11\\\/gala-do-desporto-portimao-2022-recebe-candidaturas-ate-11-de-novembro\\\/desporto\\\/09\\\/10\\\/#breadcrumb\",\"itemListElement\":[{\"@type\":\"ListItem\",\"position\":1,\"name\":\"In\u00edcio\",\"item\":\"https:\\\/\\\/algarve7.pt\\\/\"},{\"@type\":\"ListItem\",\"position\":2,\"name\":\"Gala do Desporto Portim\u00e3o 2022 recebe candidaturas at\u00e9 11 de novembro\"}]},{\"@type\":\"WebSite\",\"@id\":\"https:\\\/\\\/algarve7.pt\\\/#website\",\"url\":\"https:\\\/\\\/algarve7.pt\\\/\",\"name\":\"Algarve 7\",\"description\":\"Informa\u00e7\u00e3o sobre o Algarve\",\"publisher\":{\"@id\":\"https:\\\/\\\/algarve7.pt\\\/#organization\"},\"potentialAction\":[{\"@type\":\"SearchAction\",\"target\":{\"@type\":\"EntryPoint\",\"urlTemplate\":\"https:\\\/\\\/algarve7.pt\\\/?s={search_term_string}\"},\"query-input\":{\"@type\":\"PropertyValueSpecification\",\"valueRequired\":true,\"valueName\":\"search_term_string\"}}],\"inLanguage\":\"pt-PT\"},{\"@type\":\"Organization\",\"@id\":\"https:\\\/\\\/algarve7.pt\\\/#organization\",\"name\":\"Algarve 7\",\"url\":\"https:\\\/\\\/algarve7.pt\\\/\",\"logo\":{\"@type\":\"ImageObject\",\"inLanguage\":\"pt-PT\",\"@id\":\"https:\\\/\\\/algarve7.pt\\\/#\\\/schema\\\/logo\\\/image\\\/\",\"url\":\"https:\\\/\\\/algarve7.pt\\\/wp-content\\\/uploads\\\/2020\\\/10\\\/Logo-8.jpg\",\"contentUrl\":\"https:\\\/\\\/algarve7.pt\\\/wp-content\\\/uploads\\\/2020\\\/10\\\/Logo-8.jpg\",\"width\":1680,\"height\":1186,\"caption\":\"Algarve 7\"},\"image\":{\"@id\":\"https:\\\/\\\/algarve7.pt\\\/#\\\/schema\\\/logo\\\/image\\\/\"},\"sameAs\":[\"https:\\\/\\\/www.facebook.com\\\/algarve7\",\"https:\\\/\\\/x.com\\\/Algarvesete\",\"https:\\\/\\\/www.instagram.com\\\/jornalalgarve7\\\/\",\"https:\\\/\\\/www.linkedin.com\\\/company\\\/algarve7\",\"https:\\\/\\\/www.pinterest.pt\\\/geral0939\\\/_created\\\/\"]},{\"@type\":\"Person\",\"@id\":\"https:\\\/\\\/algarve7.pt\\\/#\\\/schema\\\/person\\\/23fa70681308e7b319a3204bcea45e0c\",\"name\":\"Algarve 7\",\"sameAs\":[\"https:\\\/\\\/algarve7.pt\",\"https:\\\/\\\/www.facebook.com\\\/algarve7\"],\"url\":\"https:\\\/\\\/algarve7.pt\\\/index.php\\\/author\\\/geralalgarve7-pt\\\/\"}]}<\/script>\n<!-- \/ Yoast SEO plugin. -->","yoast_head_json":{"title":"Gala do Desporto Portim\u00e3o 2022 recebe candidaturas at\u00e9 11 de novembro - Algarve 7","description":"Gala do Desporto Portim\u00e3o 2022 recebe candidaturas at\u00e9 11 de novembro Desporto","robots":{"index":"index","follow":"follow","max-snippet":"max-snippet:-1","max-image-preview":"max-image-preview:large","max-video-preview":"max-video-preview:-1"},"canonical":"https:\/\/algarve7.pt\/index.php\/2022\/11\/gala-do-desporto-portimao-2022-recebe-candidaturas-ate-11-de-novembro\/desporto\/09\/10\/","og_locale":"pt_PT","og_type":"article","og_title":"Gala do Desporto Portim\u00e3o 2022 recebe candidaturas at\u00e9 11 de novembro - Algarve 7","og_description":"Gala do Desporto Portim\u00e3o 2022 recebe candidaturas at\u00e9 11 de novembro Desporto","og_url":"https:\/\/algarve7.pt\/index.php\/2022\/11\/gala-do-desporto-portimao-2022-recebe-candidaturas-ate-11-de-novembro\/desporto\/09\/10\/","og_site_name":"Algarve 7","article_publisher":"https:\/\/www.facebook.com\/algarve7","article_author":"https:\/\/www.facebook.com\/algarve7","article_published_time":"2022-11-04T09:10:00+00:00","og_image":[{"width":1773,"height":1182,"url":"https:\/\/algarve7.pt\/wp-content\/uploads\/2022\/11\/Taca-Port-Kayak-Polo-@Kore.jpg","type":"image\/jpeg"}],"author":"Algarve 7","twitter_card":"summary_large_image","twitter_creator":"@Algarvesete","twitter_site":"@Algarvesete","twitter_misc":{"Escrito por":"Algarve 7","Tempo estimado de leitura":"2 minutos"},"schema":{"@context":"https:\/\/schema.org","@graph":[{"@type":"Article","@id":"https:\/\/algarve7.pt\/index.php\/2022\/11\/gala-do-desporto-portimao-2022-recebe-candidaturas-ate-11-de-novembro\/desporto\/09\/10\/#article","isPartOf":{"@id":"https:\/\/algarve7.pt\/index.php\/2022\/11\/gala-do-desporto-portimao-2022-recebe-candidaturas-ate-11-de-novembro\/desporto\/09\/10\/"},"author":{"name":"Algarve 7","@id":"https:\/\/algarve7.pt\/#\/schema\/person\/23fa70681308e7b319a3204bcea45e0c"},"headline":"Gala do Desporto Portim\u00e3o 2022 recebe candidaturas at\u00e9 11 de novembro","datePublished":"2022-11-04T09:10:00+00:00","mainEntityOfPage":{"@id":"https:\/\/algarve7.pt\/index.php\/2022\/11\/gala-do-desporto-portimao-2022-recebe-candidaturas-ate-11-de-novembro\/desporto\/09\/10\/"},"wordCount":326,"publisher":{"@id":"https:\/\/algarve7.pt\/#organization"},"image":{"@id":"https:\/\/algarve7.pt\/index.php\/2022\/11\/gala-do-desporto-portimao-2022-recebe-candidaturas-ate-11-de-novembro\/desporto\/09\/10\/#primaryimage"},"thumbnailUrl":"https:\/\/algarve7.pt\/wp-content\/uploads\/2022\/11\/Taca-Port-Kayak-Polo-@Kore.jpg","keywords":["Algarve","Desporto","Gala","Portim\u00e3o"],"articleSection":["Desporto"],"inLanguage":"pt-PT"},{"@type":"WebPage","@id":"https:\/\/algarve7.pt\/index.php\/2022\/11\/gala-do-desporto-portimao-2022-recebe-candidaturas-ate-11-de-novembro\/desporto\/09\/10\/","url":"https:\/\/algarve7.pt\/index.php\/2022\/11\/gala-do-desporto-portimao-2022-recebe-candidaturas-ate-11-de-novembro\/desporto\/09\/10\/","name":"Gala do Desporto Portim\u00e3o 2022 recebe candidaturas at\u00e9 11 de novembro - Algarve 7","isPartOf":{"@id":"https:\/\/algarve7.pt\/#website"},"primaryImageOfPage":{"@id":"https:\/\/algarve7.pt\/index.php\/2022\/11\/gala-do-desporto-portimao-2022-recebe-candidaturas-ate-11-de-novembro\/desporto\/09\/10\/#primaryimage"},"image":{"@id":"https:\/\/algarve7.pt\/index.php\/2022\/11\/gala-do-desporto-portimao-2022-recebe-candidaturas-ate-11-de-novembro\/desporto\/09\/10\/#primaryimage"},"thumbnailUrl":"https:\/\/algarve7.pt\/wp-content\/uploads\/2022\/11\/Taca-Port-Kayak-Polo-@Kore.jpg","datePublished":"2022-11-04T09:10:00+00:00","description":"Gala do Desporto Portim\u00e3o 2022 recebe candidaturas at\u00e9 11 de novembro Desporto","breadcrumb":{"@id":"https:\/\/algarve7.pt\/index.php\/2022\/11\/gala-do-desporto-portimao-2022-recebe-candidaturas-ate-11-de-novembro\/desporto\/09\/10\/#breadcrumb"},"inLanguage":"pt-PT","potentialAction":[{"@type":"ReadAction","target":["https:\/\/algarve7.pt\/index.php\/2022\/11\/gala-do-desporto-portimao-2022-recebe-candidaturas-ate-11-de-novembro\/desporto\/09\/10\/"]}]},{"@type":"ImageObject","inLanguage":"pt-PT","@id":"https:\/\/algarve7.pt\/index.php\/2022\/11\/gala-do-desporto-portimao-2022-recebe-candidaturas-ate-11-de-novembro\/desporto\/09\/10\/#primaryimage","url":"https:\/\/algarve7.pt\/wp-content\/uploads\/2022\/11\/Taca-Port-Kayak-Polo-@Kore.jpg","contentUrl":"https:\/\/algarve7.pt\/wp-content\/uploads\/2022\/11\/Taca-Port-Kayak-Polo-@Kore.jpg","width":1773,"height":1182},{"@type":"BreadcrumbList","@id":"https:\/\/algarve7.pt\/index.php\/2022\/11\/gala-do-desporto-portimao-2022-recebe-candidaturas-ate-11-de-novembro\/desporto\/09\/10\/#breadcrumb","itemListElement":[{"@type":"ListItem","position":1,"name":"In\u00edcio","item":"https:\/\/algarve7.pt\/"},{"@type":"ListItem","position":2,"name":"Gala do Desporto Portim\u00e3o 2022 recebe candidaturas at\u00e9 11 de novembro"}]},{"@type":"WebSite","@id":"https:\/\/algarve7.pt\/#website","url":"https:\/\/algarve7.pt\/","name":"Algarve 7","description":"Informa\u00e7\u00e3o sobre o Algarve","publisher":{"@id":"https:\/\/algarve7.pt\/#organization"},"potentialAction":[{"@type":"SearchAction","target":{"@type":"EntryPoint","urlTemplate":"https:\/\/algarve7.pt\/?s={search_term_string}"},"query-input":{"@type":"PropertyValueSpecification","valueRequired":true,"valueName":"search_term_string"}}],"inLanguage":"pt-PT"},{"@type":"Organization","@id":"https:\/\/algarve7.pt\/#organization","name":"Algarve 7","url":"https:\/\/algarve7.pt\/","logo":{"@type":"ImageObject","inLanguage":"pt-PT","@id":"https:\/\/algarve7.pt\/#\/schema\/logo\/image\/","url":"https:\/\/algarve7.pt\/wp-content\/uploads\/2020\/10\/Logo-8.jpg","contentUrl":"https:\/\/algarve7.pt\/wp-content\/uploads\/2020\/10\/Logo-8.jpg","width":1680,"height":1186,"caption":"Algarve 7"},"image":{"@id":"https:\/\/algarve7.pt\/#\/schema\/logo\/image\/"},"sameAs":["https:\/\/www.facebook.com\/algarve7","https:\/\/x.com\/Algarvesete","https:\/\/www.instagram.com\/jornalalgarve7\/","https:\/\/www.linkedin.com\/company\/algarve7","https:\/\/www.pinterest.pt\/geral0939\/_created\/"]},{"@type":"Person","@id":"https:\/\/algarve7.pt\/#\/schema\/person\/23fa70681308e7b319a3204bcea45e0c","name":"Algarve 7","sameAs":["https:\/\/algarve7.pt","https:\/\/www.facebook.com\/algarve7"],"url":"https:\/\/algarve7.pt\/index.php\/author\/geralalgarve7-pt\/"}]}},"jetpack_publicize_connections":[],"jetpack_featured_media_url":"https:\/\/algarve7.pt\/wp-content\/uploads\/2022\/11\/Taca-Port-Kayak-Polo-@Kore.jpg","jetpack_shortlink":"https:\/\/wp.me\/pcezmW-60C","jetpack_sharing_enabled":true,"_links":{"self":[{"href":"https:\/\/algarve7.pt\/index.php\/wp-json\/wp\/v2\/posts\/23102","targetHints":{"allow":["GET"]}}],"collection":[{"href":"https:\/\/algarve7.pt\/index.php\/wp-json\/wp\/v2\/posts"}],"about":[{"href":"https:\/\/algarve7.pt\/index.php\/wp-json\/wp\/v2\/types\/post"}],"author":[{"embeddable":true,"href":"https:\/\/algarve7.pt\/index.php\/wp-json\/wp\/v2\/users\/1"}],"replies":[{"embeddable":true,"href":"https:\/\/algarve7.pt\/index.php\/wp-json\/wp\/v2\/comments?post=23102"}],"version-history":[{"count":0,"href":"https:\/\/algarve7.pt\/index.php\/wp-json\/wp\/v2\/posts\/23102\/revisions"}],"wp:featuredmedia":[{"embeddable":true,"href":"https:\/\/algarve7.pt\/index.php\/wp-json\/wp\/v2\/media\/23103"}],"wp:attachment":[{"href":"https:\/\/algarve7.pt\/index.php\/wp-json\/wp\/v2\/media?parent=23102"}],"wp:term":[{"taxonomy":"category","embeddable":true,"href":"https:\/\/algarve7.pt\/index.php\/wp-json\/wp\/v2\/categories?post=23102"},{"taxonomy":"post_tag","embeddable":true,"href":"https:\/\/algarve7.pt\/index.php\/wp-json\/wp\/v2\/tags?post=23102"}],"curies":[{"name":"wp","href":"https:\/\/api.w.org\/{rel}","templated":true}]}}