{"id":23061,"date":"2022-11-02T15:37:54","date_gmt":"2022-11-02T15:37:54","guid":{"rendered":"https:\/\/algarve7.pt\/?p=23061"},"modified":"2022-11-02T15:37:55","modified_gmt":"2022-11-02T15:37:55","slug":"exposicao-reflexoes-cartoons-de-vasco-gargalo-em-quarteira","status":"publish","type":"post","link":"https:\/\/algarve7.pt\/index.php\/2022\/11\/exposicao-reflexoes-cartoons-de-vasco-gargalo-em-quarteira\/cultura\/15\/37\/","title":{"rendered":"Exposi\u00e7\u00e3o \u201cReflex\u00f5es\u201d Cartoons de Vasco Gargalo em Quarteira"},"content":{"rendered":"\n<p>&#8220;Reflex\u00f5es&#8221; \u00e9 o nome da exposi\u00e7\u00e3o do cartoonista Vasco Gargalo, integrada na programa\u00e7\u00e3o da 8\u00aa edi\u00e7\u00e3o do Festival &#8220;encontros do DeVIR&#8221;, e que vai estar patente ao p\u00fablico na Galeria de Arte da Pra\u00e7a do Mar, em Quarteira, de 10 de novembro a 3 de dezembro.<\/p>\n\n\n\n<p>Numa edi\u00e7\u00e3o em que os \u201cencontros do DeVIR\u201d s\u00e3o dedicados \u00e0 crise clim\u00e1tica e aos direitos humanos, esta mostra resultou de uma sele\u00e7\u00e3o de desenhos, feitos nos \u00faltimos anos sobre estas tem\u00e1ticas, reveladores do interesse e da sensibilidade do cartoonista pela contemporaneidade, pelo Mundo atual onde as quest\u00f5es clim\u00e1ticas e a guerra s\u00e3o motivos muito presentes.<\/p>\n\n\n\n<p>Os&nbsp;\u201cencontros do DeVIR\u201d&nbsp;s\u00e3o um festival tem\u00e1tico, de \u00e2mbito internacional, que tem o seu enfoque no Algarve e em quest\u00f5es sociais e ambientais deste territ\u00f3rio. Envolve a comunidade regional e criadores nacionais e internacionais das \u00e1reas das artes do espet\u00e1culo, da imagem, da escrita, das ci\u00eancias sociais e de outras \u00e1reas cient\u00edficas, estabelecendo pontes de comunica\u00e7\u00e3o entre todos.<\/p>\n\n\n\n<p>\u201cQueremos contribuir para a capacita\u00e7\u00e3o e o envolvimento de todos, no que se refere a quest\u00f5es comuns relativas \u00e0&nbsp;crise clim\u00e1tica&nbsp;e aos&nbsp;direitos humanos, as quais carecem do empoderamento dos cidad\u00e3os, face a uma classe de decisores pol\u00edticos e econ\u00f3micos que mant\u00e9m uma postura apenas reativa, apesar dos apelos dos cientistas, assentes em evid\u00eancias irrefut\u00e1veis. Importa o empenhamento de todos na defesa de um futuro que seja promissor, muito em particular para os mais novos, s\u00e3o eles um elemento importante na comunica\u00e7\u00e3o e a\u00e7\u00e3o por um futuro auspicioso, que lhes pertence e a que t\u00eam direito\u201d.<\/p>\n\n\n\n<figure class=\"wp-block-table\"><table><tbody><tr><td><\/td><\/tr><\/tbody><\/table><\/figure>\n\n\n\n<p>Vasco Gargalo nasceu em Vila Franca de Xira em 1977. Ilustrador e cartoonista editorial freelance, algumas das suas melhores ilustra\u00e7\u00f5es podem ser vistas em jornais e revistas como como a \u201cS\u00e1bado\u201d, \u201cJornal I\u201d, \u201cCourier Interncional\u201d, \u201cGroen Asterdammer Magazine\u201d, entre outras. Membro da associa\u00e7\u00e3o Cartooning for Peace, colabora regularmente com o Cartoon Movement e participa em v\u00e1rias exposi\u00e7\u00f5es e festivais em Portugal e no estrangeiro. Recebeu v\u00e1rios pr\u00e9mios desde 2005.<\/p>\n\n\n\n<p>A exposi\u00e7\u00e3o \u201cReflex\u00f5es\u201d inaugura \u00e0s 18h0o do dia 10 e pode ser visitada no seguinte hor\u00e1rio: 10h00-13h30 e 14h30-18h00.<\/p>\n","protected":false},"excerpt":{"rendered":"<p>&#8220;Reflex\u00f5es&#8221; \u00e9 o nome da exposi\u00e7\u00e3o do cartoonista Vasco Gargalo, integrada na programa\u00e7\u00e3o da 8\u00aa edi\u00e7\u00e3o do Festival &#8220;encontros do<\/p>\n","protected":false},"author":1,"featured_media":23062,"comment_status":"closed","ping_status":"open","sticky":false,"template":"","format":"standard","meta":{"colormag_page_container_layout":"default_layout","colormag_page_sidebar_layout":"default_layout","_monsterinsights_skip_tracking":false,"_monsterinsights_sitenote_active":false,"_monsterinsights_sitenote_note":"","_monsterinsights_sitenote_category":0,"jetpack_post_was_ever_published":false,"_jetpack_newsletter_access":"","_jetpack_dont_email_post_to_subs":false,"_jetpack_newsletter_tier_id":0,"_jetpack_memberships_contains_paywalled_content":false,"_jetpack_memberships_contains_paid_content":false,"footnotes":"","jetpack_publicize_message":"","jetpack_publicize_feature_enabled":true,"jetpack_social_post_already_shared":true,"jetpack_social_options":{"image_generator_settings":{"template":"highway","default_image_id":0,"font":"","enabled":false},"version":2}},"categories":[14],"tags":[36,35,66,112],"class_list":["post-23061","post","type-post","status-publish","format-standard","has-post-thumbnail","hentry","category-cultura","tag-algarve","tag-cultura","tag-exposicao","tag-quarteira"],"yoast_head":"<!-- This site is optimized with the Yoast SEO plugin v27.4 - https:\/\/yoast.com\/product\/yoast-seo-wordpress\/ -->\n<title>Exposi\u00e7\u00e3o \u201cReflex\u00f5es\u201d Cartoons de Vasco Gargalo em Quarteira - Algarve 7<\/title>\n<meta name=\"description\" content=\"Exposi\u00e7\u00e3o \u201cReflex\u00f5es\u201d Cartoons de Vasco Gargalo em Quarteira Cultura\" \/>\n<meta name=\"robots\" content=\"index, follow, max-snippet:-1, max-image-preview:large, max-video-preview:-1\" \/>\n<link rel=\"canonical\" href=\"https:\/\/algarve7.pt\/index.php\/2022\/11\/exposicao-reflexoes-cartoons-de-vasco-gargalo-em-quarteira\/cultura\/15\/37\/\" \/>\n<meta property=\"og:locale\" content=\"pt_PT\" \/>\n<meta property=\"og:type\" content=\"article\" \/>\n<meta property=\"og:title\" content=\"Exposi\u00e7\u00e3o \u201cReflex\u00f5es\u201d Cartoons de Vasco Gargalo em Quarteira - Algarve 7\" \/>\n<meta property=\"og:description\" content=\"Exposi\u00e7\u00e3o \u201cReflex\u00f5es\u201d Cartoons de Vasco Gargalo em Quarteira Cultura\" \/>\n<meta property=\"og:url\" content=\"https:\/\/algarve7.pt\/index.php\/2022\/11\/exposicao-reflexoes-cartoons-de-vasco-gargalo-em-quarteira\/cultura\/15\/37\/\" \/>\n<meta property=\"og:site_name\" content=\"Algarve 7\" \/>\n<meta property=\"article:publisher\" content=\"https:\/\/www.facebook.com\/algarve7\" \/>\n<meta property=\"article:author\" content=\"https:\/\/www.facebook.com\/algarve7\" \/>\n<meta property=\"article:published_time\" content=\"2022-11-02T15:37:54+00:00\" \/>\n<meta property=\"article:modified_time\" content=\"2022-11-02T15:37:55+00:00\" \/>\n<meta property=\"og:image\" content=\"https:\/\/algarve7.pt\/wp-content\/uploads\/2022\/11\/Expo_reflexoes-scaled-e1667403451195.jpg\" \/>\n\t<meta property=\"og:image:width\" content=\"1920\" \/>\n\t<meta property=\"og:image:height\" content=\"1817\" \/>\n\t<meta property=\"og:image:type\" content=\"image\/jpeg\" \/>\n<meta name=\"author\" content=\"Algarve 7\" \/>\n<meta name=\"twitter:card\" content=\"summary_large_image\" \/>\n<meta name=\"twitter:creator\" content=\"@Algarvesete\" \/>\n<meta name=\"twitter:site\" content=\"@Algarvesete\" \/>\n<meta name=\"twitter:label1\" content=\"Escrito por\" \/>\n\t<meta name=\"twitter:data1\" content=\"Algarve 7\" \/>\n\t<meta name=\"twitter:label2\" content=\"Tempo estimado de leitura\" \/>\n\t<meta name=\"twitter:data2\" content=\"2 minutos\" \/>\n<script type=\"application\/ld+json\" class=\"yoast-schema-graph\">{\"@context\":\"https:\\\/\\\/schema.org\",\"@graph\":[{\"@type\":\"Article\",\"@id\":\"https:\\\/\\\/algarve7.pt\\\/index.php\\\/2022\\\/11\\\/exposicao-reflexoes-cartoons-de-vasco-gargalo-em-quarteira\\\/cultura\\\/15\\\/37\\\/#article\",\"isPartOf\":{\"@id\":\"https:\\\/\\\/algarve7.pt\\\/index.php\\\/2022\\\/11\\\/exposicao-reflexoes-cartoons-de-vasco-gargalo-em-quarteira\\\/cultura\\\/15\\\/37\\\/\"},\"author\":{\"name\":\"Algarve 7\",\"@id\":\"https:\\\/\\\/algarve7.pt\\\/#\\\/schema\\\/person\\\/23fa70681308e7b319a3204bcea45e0c\"},\"headline\":\"Exposi\u00e7\u00e3o \u201cReflex\u00f5es\u201d Cartoons de Vasco Gargalo em Quarteira\",\"datePublished\":\"2022-11-02T15:37:54+00:00\",\"dateModified\":\"2022-11-02T15:37:55+00:00\",\"mainEntityOfPage\":{\"@id\":\"https:\\\/\\\/algarve7.pt\\\/index.php\\\/2022\\\/11\\\/exposicao-reflexoes-cartoons-de-vasco-gargalo-em-quarteira\\\/cultura\\\/15\\\/37\\\/\"},\"wordCount\":402,\"publisher\":{\"@id\":\"https:\\\/\\\/algarve7.pt\\\/#organization\"},\"image\":{\"@id\":\"https:\\\/\\\/algarve7.pt\\\/index.php\\\/2022\\\/11\\\/exposicao-reflexoes-cartoons-de-vasco-gargalo-em-quarteira\\\/cultura\\\/15\\\/37\\\/#primaryimage\"},\"thumbnailUrl\":\"https:\\\/\\\/algarve7.pt\\\/wp-content\\\/uploads\\\/2022\\\/11\\\/Expo_reflexoes-scaled-e1667403451195.jpg\",\"keywords\":[\"Algarve\",\"Cultura\",\"Exposi\u00e7\u00e3o\",\"Quarteira\"],\"articleSection\":[\"Cultura\"],\"inLanguage\":\"pt-PT\"},{\"@type\":\"WebPage\",\"@id\":\"https:\\\/\\\/algarve7.pt\\\/index.php\\\/2022\\\/11\\\/exposicao-reflexoes-cartoons-de-vasco-gargalo-em-quarteira\\\/cultura\\\/15\\\/37\\\/\",\"url\":\"https:\\\/\\\/algarve7.pt\\\/index.php\\\/2022\\\/11\\\/exposicao-reflexoes-cartoons-de-vasco-gargalo-em-quarteira\\\/cultura\\\/15\\\/37\\\/\",\"name\":\"Exposi\u00e7\u00e3o \u201cReflex\u00f5es\u201d Cartoons de Vasco Gargalo em Quarteira - Algarve 7\",\"isPartOf\":{\"@id\":\"https:\\\/\\\/algarve7.pt\\\/#website\"},\"primaryImageOfPage\":{\"@id\":\"https:\\\/\\\/algarve7.pt\\\/index.php\\\/2022\\\/11\\\/exposicao-reflexoes-cartoons-de-vasco-gargalo-em-quarteira\\\/cultura\\\/15\\\/37\\\/#primaryimage\"},\"image\":{\"@id\":\"https:\\\/\\\/algarve7.pt\\\/index.php\\\/2022\\\/11\\\/exposicao-reflexoes-cartoons-de-vasco-gargalo-em-quarteira\\\/cultura\\\/15\\\/37\\\/#primaryimage\"},\"thumbnailUrl\":\"https:\\\/\\\/algarve7.pt\\\/wp-content\\\/uploads\\\/2022\\\/11\\\/Expo_reflexoes-scaled-e1667403451195.jpg\",\"datePublished\":\"2022-11-02T15:37:54+00:00\",\"dateModified\":\"2022-11-02T15:37:55+00:00\",\"description\":\"Exposi\u00e7\u00e3o \u201cReflex\u00f5es\u201d Cartoons de Vasco Gargalo em Quarteira Cultura\",\"breadcrumb\":{\"@id\":\"https:\\\/\\\/algarve7.pt\\\/index.php\\\/2022\\\/11\\\/exposicao-reflexoes-cartoons-de-vasco-gargalo-em-quarteira\\\/cultura\\\/15\\\/37\\\/#breadcrumb\"},\"inLanguage\":\"pt-PT\",\"potentialAction\":[{\"@type\":\"ReadAction\",\"target\":[\"https:\\\/\\\/algarve7.pt\\\/index.php\\\/2022\\\/11\\\/exposicao-reflexoes-cartoons-de-vasco-gargalo-em-quarteira\\\/cultura\\\/15\\\/37\\\/\"]}]},{\"@type\":\"ImageObject\",\"inLanguage\":\"pt-PT\",\"@id\":\"https:\\\/\\\/algarve7.pt\\\/index.php\\\/2022\\\/11\\\/exposicao-reflexoes-cartoons-de-vasco-gargalo-em-quarteira\\\/cultura\\\/15\\\/37\\\/#primaryimage\",\"url\":\"https:\\\/\\\/algarve7.pt\\\/wp-content\\\/uploads\\\/2022\\\/11\\\/Expo_reflexoes-scaled-e1667403451195.jpg\",\"contentUrl\":\"https:\\\/\\\/algarve7.pt\\\/wp-content\\\/uploads\\\/2022\\\/11\\\/Expo_reflexoes-scaled-e1667403451195.jpg\",\"width\":1920,\"height\":1817},{\"@type\":\"BreadcrumbList\",\"@id\":\"https:\\\/\\\/algarve7.pt\\\/index.php\\\/2022\\\/11\\\/exposicao-reflexoes-cartoons-de-vasco-gargalo-em-quarteira\\\/cultura\\\/15\\\/37\\\/#breadcrumb\",\"itemListElement\":[{\"@type\":\"ListItem\",\"position\":1,\"name\":\"In\u00edcio\",\"item\":\"https:\\\/\\\/algarve7.pt\\\/\"},{\"@type\":\"ListItem\",\"position\":2,\"name\":\"Exposi\u00e7\u00e3o \u201cReflex\u00f5es\u201d Cartoons de Vasco Gargalo em Quarteira\"}]},{\"@type\":\"WebSite\",\"@id\":\"https:\\\/\\\/algarve7.pt\\\/#website\",\"url\":\"https:\\\/\\\/algarve7.pt\\\/\",\"name\":\"Algarve 7\",\"description\":\"Informa\u00e7\u00e3o sobre o Algarve\",\"publisher\":{\"@id\":\"https:\\\/\\\/algarve7.pt\\\/#organization\"},\"potentialAction\":[{\"@type\":\"SearchAction\",\"target\":{\"@type\":\"EntryPoint\",\"urlTemplate\":\"https:\\\/\\\/algarve7.pt\\\/?s={search_term_string}\"},\"query-input\":{\"@type\":\"PropertyValueSpecification\",\"valueRequired\":true,\"valueName\":\"search_term_string\"}}],\"inLanguage\":\"pt-PT\"},{\"@type\":\"Organization\",\"@id\":\"https:\\\/\\\/algarve7.pt\\\/#organization\",\"name\":\"Algarve 7\",\"url\":\"https:\\\/\\\/algarve7.pt\\\/\",\"logo\":{\"@type\":\"ImageObject\",\"inLanguage\":\"pt-PT\",\"@id\":\"https:\\\/\\\/algarve7.pt\\\/#\\\/schema\\\/logo\\\/image\\\/\",\"url\":\"https:\\\/\\\/algarve7.pt\\\/wp-content\\\/uploads\\\/2020\\\/10\\\/Logo-8.jpg\",\"contentUrl\":\"https:\\\/\\\/algarve7.pt\\\/wp-content\\\/uploads\\\/2020\\\/10\\\/Logo-8.jpg\",\"width\":1680,\"height\":1186,\"caption\":\"Algarve 7\"},\"image\":{\"@id\":\"https:\\\/\\\/algarve7.pt\\\/#\\\/schema\\\/logo\\\/image\\\/\"},\"sameAs\":[\"https:\\\/\\\/www.facebook.com\\\/algarve7\",\"https:\\\/\\\/x.com\\\/Algarvesete\",\"https:\\\/\\\/www.instagram.com\\\/jornalalgarve7\\\/\",\"https:\\\/\\\/www.linkedin.com\\\/company\\\/algarve7\",\"https:\\\/\\\/www.pinterest.pt\\\/geral0939\\\/_created\\\/\"]},{\"@type\":\"Person\",\"@id\":\"https:\\\/\\\/algarve7.pt\\\/#\\\/schema\\\/person\\\/23fa70681308e7b319a3204bcea45e0c\",\"name\":\"Algarve 7\",\"sameAs\":[\"https:\\\/\\\/algarve7.pt\",\"https:\\\/\\\/www.facebook.com\\\/algarve7\"],\"url\":\"https:\\\/\\\/algarve7.pt\\\/index.php\\\/author\\\/geralalgarve7-pt\\\/\"}]}<\/script>\n<!-- \/ Yoast SEO plugin. -->","yoast_head_json":{"title":"Exposi\u00e7\u00e3o \u201cReflex\u00f5es\u201d Cartoons de Vasco Gargalo em Quarteira - Algarve 7","description":"Exposi\u00e7\u00e3o \u201cReflex\u00f5es\u201d Cartoons de Vasco Gargalo em Quarteira Cultura","robots":{"index":"index","follow":"follow","max-snippet":"max-snippet:-1","max-image-preview":"max-image-preview:large","max-video-preview":"max-video-preview:-1"},"canonical":"https:\/\/algarve7.pt\/index.php\/2022\/11\/exposicao-reflexoes-cartoons-de-vasco-gargalo-em-quarteira\/cultura\/15\/37\/","og_locale":"pt_PT","og_type":"article","og_title":"Exposi\u00e7\u00e3o \u201cReflex\u00f5es\u201d Cartoons de Vasco Gargalo em Quarteira - Algarve 7","og_description":"Exposi\u00e7\u00e3o \u201cReflex\u00f5es\u201d Cartoons de Vasco Gargalo em Quarteira Cultura","og_url":"https:\/\/algarve7.pt\/index.php\/2022\/11\/exposicao-reflexoes-cartoons-de-vasco-gargalo-em-quarteira\/cultura\/15\/37\/","og_site_name":"Algarve 7","article_publisher":"https:\/\/www.facebook.com\/algarve7","article_author":"https:\/\/www.facebook.com\/algarve7","article_published_time":"2022-11-02T15:37:54+00:00","article_modified_time":"2022-11-02T15:37:55+00:00","og_image":[{"width":1920,"height":1817,"url":"https:\/\/algarve7.pt\/wp-content\/uploads\/2022\/11\/Expo_reflexoes-scaled-e1667403451195.jpg","type":"image\/jpeg"}],"author":"Algarve 7","twitter_card":"summary_large_image","twitter_creator":"@Algarvesete","twitter_site":"@Algarvesete","twitter_misc":{"Escrito por":"Algarve 7","Tempo estimado de leitura":"2 minutos"},"schema":{"@context":"https:\/\/schema.org","@graph":[{"@type":"Article","@id":"https:\/\/algarve7.pt\/index.php\/2022\/11\/exposicao-reflexoes-cartoons-de-vasco-gargalo-em-quarteira\/cultura\/15\/37\/#article","isPartOf":{"@id":"https:\/\/algarve7.pt\/index.php\/2022\/11\/exposicao-reflexoes-cartoons-de-vasco-gargalo-em-quarteira\/cultura\/15\/37\/"},"author":{"name":"Algarve 7","@id":"https:\/\/algarve7.pt\/#\/schema\/person\/23fa70681308e7b319a3204bcea45e0c"},"headline":"Exposi\u00e7\u00e3o \u201cReflex\u00f5es\u201d Cartoons de Vasco Gargalo em Quarteira","datePublished":"2022-11-02T15:37:54+00:00","dateModified":"2022-11-02T15:37:55+00:00","mainEntityOfPage":{"@id":"https:\/\/algarve7.pt\/index.php\/2022\/11\/exposicao-reflexoes-cartoons-de-vasco-gargalo-em-quarteira\/cultura\/15\/37\/"},"wordCount":402,"publisher":{"@id":"https:\/\/algarve7.pt\/#organization"},"image":{"@id":"https:\/\/algarve7.pt\/index.php\/2022\/11\/exposicao-reflexoes-cartoons-de-vasco-gargalo-em-quarteira\/cultura\/15\/37\/#primaryimage"},"thumbnailUrl":"https:\/\/algarve7.pt\/wp-content\/uploads\/2022\/11\/Expo_reflexoes-scaled-e1667403451195.jpg","keywords":["Algarve","Cultura","Exposi\u00e7\u00e3o","Quarteira"],"articleSection":["Cultura"],"inLanguage":"pt-PT"},{"@type":"WebPage","@id":"https:\/\/algarve7.pt\/index.php\/2022\/11\/exposicao-reflexoes-cartoons-de-vasco-gargalo-em-quarteira\/cultura\/15\/37\/","url":"https:\/\/algarve7.pt\/index.php\/2022\/11\/exposicao-reflexoes-cartoons-de-vasco-gargalo-em-quarteira\/cultura\/15\/37\/","name":"Exposi\u00e7\u00e3o \u201cReflex\u00f5es\u201d Cartoons de Vasco Gargalo em Quarteira - Algarve 7","isPartOf":{"@id":"https:\/\/algarve7.pt\/#website"},"primaryImageOfPage":{"@id":"https:\/\/algarve7.pt\/index.php\/2022\/11\/exposicao-reflexoes-cartoons-de-vasco-gargalo-em-quarteira\/cultura\/15\/37\/#primaryimage"},"image":{"@id":"https:\/\/algarve7.pt\/index.php\/2022\/11\/exposicao-reflexoes-cartoons-de-vasco-gargalo-em-quarteira\/cultura\/15\/37\/#primaryimage"},"thumbnailUrl":"https:\/\/algarve7.pt\/wp-content\/uploads\/2022\/11\/Expo_reflexoes-scaled-e1667403451195.jpg","datePublished":"2022-11-02T15:37:54+00:00","dateModified":"2022-11-02T15:37:55+00:00","description":"Exposi\u00e7\u00e3o \u201cReflex\u00f5es\u201d Cartoons de Vasco Gargalo em Quarteira Cultura","breadcrumb":{"@id":"https:\/\/algarve7.pt\/index.php\/2022\/11\/exposicao-reflexoes-cartoons-de-vasco-gargalo-em-quarteira\/cultura\/15\/37\/#breadcrumb"},"inLanguage":"pt-PT","potentialAction":[{"@type":"ReadAction","target":["https:\/\/algarve7.pt\/index.php\/2022\/11\/exposicao-reflexoes-cartoons-de-vasco-gargalo-em-quarteira\/cultura\/15\/37\/"]}]},{"@type":"ImageObject","inLanguage":"pt-PT","@id":"https:\/\/algarve7.pt\/index.php\/2022\/11\/exposicao-reflexoes-cartoons-de-vasco-gargalo-em-quarteira\/cultura\/15\/37\/#primaryimage","url":"https:\/\/algarve7.pt\/wp-content\/uploads\/2022\/11\/Expo_reflexoes-scaled-e1667403451195.jpg","contentUrl":"https:\/\/algarve7.pt\/wp-content\/uploads\/2022\/11\/Expo_reflexoes-scaled-e1667403451195.jpg","width":1920,"height":1817},{"@type":"BreadcrumbList","@id":"https:\/\/algarve7.pt\/index.php\/2022\/11\/exposicao-reflexoes-cartoons-de-vasco-gargalo-em-quarteira\/cultura\/15\/37\/#breadcrumb","itemListElement":[{"@type":"ListItem","position":1,"name":"In\u00edcio","item":"https:\/\/algarve7.pt\/"},{"@type":"ListItem","position":2,"name":"Exposi\u00e7\u00e3o \u201cReflex\u00f5es\u201d Cartoons de Vasco Gargalo em Quarteira"}]},{"@type":"WebSite","@id":"https:\/\/algarve7.pt\/#website","url":"https:\/\/algarve7.pt\/","name":"Algarve 7","description":"Informa\u00e7\u00e3o sobre o Algarve","publisher":{"@id":"https:\/\/algarve7.pt\/#organization"},"potentialAction":[{"@type":"SearchAction","target":{"@type":"EntryPoint","urlTemplate":"https:\/\/algarve7.pt\/?s={search_term_string}"},"query-input":{"@type":"PropertyValueSpecification","valueRequired":true,"valueName":"search_term_string"}}],"inLanguage":"pt-PT"},{"@type":"Organization","@id":"https:\/\/algarve7.pt\/#organization","name":"Algarve 7","url":"https:\/\/algarve7.pt\/","logo":{"@type":"ImageObject","inLanguage":"pt-PT","@id":"https:\/\/algarve7.pt\/#\/schema\/logo\/image\/","url":"https:\/\/algarve7.pt\/wp-content\/uploads\/2020\/10\/Logo-8.jpg","contentUrl":"https:\/\/algarve7.pt\/wp-content\/uploads\/2020\/10\/Logo-8.jpg","width":1680,"height":1186,"caption":"Algarve 7"},"image":{"@id":"https:\/\/algarve7.pt\/#\/schema\/logo\/image\/"},"sameAs":["https:\/\/www.facebook.com\/algarve7","https:\/\/x.com\/Algarvesete","https:\/\/www.instagram.com\/jornalalgarve7\/","https:\/\/www.linkedin.com\/company\/algarve7","https:\/\/www.pinterest.pt\/geral0939\/_created\/"]},{"@type":"Person","@id":"https:\/\/algarve7.pt\/#\/schema\/person\/23fa70681308e7b319a3204bcea45e0c","name":"Algarve 7","sameAs":["https:\/\/algarve7.pt","https:\/\/www.facebook.com\/algarve7"],"url":"https:\/\/algarve7.pt\/index.php\/author\/geralalgarve7-pt\/"}]}},"jetpack_publicize_connections":[],"jetpack_featured_media_url":"https:\/\/algarve7.pt\/wp-content\/uploads\/2022\/11\/Expo_reflexoes-scaled-e1667403451195.jpg","jetpack_shortlink":"https:\/\/wp.me\/pcezmW-5ZX","jetpack_sharing_enabled":true,"_links":{"self":[{"href":"https:\/\/algarve7.pt\/index.php\/wp-json\/wp\/v2\/posts\/23061","targetHints":{"allow":["GET"]}}],"collection":[{"href":"https:\/\/algarve7.pt\/index.php\/wp-json\/wp\/v2\/posts"}],"about":[{"href":"https:\/\/algarve7.pt\/index.php\/wp-json\/wp\/v2\/types\/post"}],"author":[{"embeddable":true,"href":"https:\/\/algarve7.pt\/index.php\/wp-json\/wp\/v2\/users\/1"}],"replies":[{"embeddable":true,"href":"https:\/\/algarve7.pt\/index.php\/wp-json\/wp\/v2\/comments?post=23061"}],"version-history":[{"count":0,"href":"https:\/\/algarve7.pt\/index.php\/wp-json\/wp\/v2\/posts\/23061\/revisions"}],"wp:featuredmedia":[{"embeddable":true,"href":"https:\/\/algarve7.pt\/index.php\/wp-json\/wp\/v2\/media\/23062"}],"wp:attachment":[{"href":"https:\/\/algarve7.pt\/index.php\/wp-json\/wp\/v2\/media?parent=23061"}],"wp:term":[{"taxonomy":"category","embeddable":true,"href":"https:\/\/algarve7.pt\/index.php\/wp-json\/wp\/v2\/categories?post=23061"},{"taxonomy":"post_tag","embeddable":true,"href":"https:\/\/algarve7.pt\/index.php\/wp-json\/wp\/v2\/tags?post=23061"}],"curies":[{"name":"wp","href":"https:\/\/api.w.org\/{rel}","templated":true}]}}