{"id":23057,"date":"2022-11-02T15:08:05","date_gmt":"2022-11-02T15:08:05","guid":{"rendered":"https:\/\/algarve7.pt\/?p=23057"},"modified":"2022-11-02T15:08:07","modified_gmt":"2022-11-02T15:08:07","slug":"lagoa-acolhe-a-iv-edicao-da-algarve-box-cup-2022","status":"publish","type":"post","link":"https:\/\/algarve7.pt\/index.php\/2022\/11\/lagoa-acolhe-a-iv-edicao-da-algarve-box-cup-2022\/desporto\/15\/08\/","title":{"rendered":"Lagoa acolhe a IV edi\u00e7\u00e3o da Algarve Box Cup 2022"},"content":{"rendered":"\n<p>Lagoa ser\u00e1 palco da maior prova de boxe realizada na regi\u00e3o do Algarve e de uma das maiores do pa\u00eds, a Algarve Box Cup, que conta com mais de 100 participantes, oriundos de 12 pa\u00edses, alguns que representam sele\u00e7\u00f5es nacionais como a Noruega, Dinamarca e ainda um atleta da equipa ol\u00edmpica dos refugiados. Esta prova est\u00e1 inserida no calend\u00e1rio competitivo da Associa\u00e7\u00e3o de Boxe do Algarve, como a prova m\u00e1xima realizada na regi\u00e3o e classificada como \u00fanica a n\u00edvel nacional, j\u00e1 que \u00e9 exclusiva para os atletas elite de Boxe ol\u00edmpico, com atribui\u00e7\u00e3o de um pr\u00e9mio monet\u00e1rio total de 12.000 euros para os vencedores de cada categoria de peso.<\/p>\n\n\n\n<p>Sandra Silva, Presidente da Associa\u00e7\u00e3o de Boxe do Algarve, refere que \u201ca Algarve Box Cup foi uma aposta dif\u00edcil, mas nesta edi\u00e7\u00e3o j\u00e1 estamos a colher frutos das boas organiza\u00e7\u00f5es anteriores, que se refletiu na inscri\u00e7\u00e3o de novos pa\u00edses como a Dinamarca, a Holanda, a Noruega, assim como no fecho antecipado de determinadas categorias de peso, por terem atingido o n\u00famero m\u00e1ximo de boxeadores, antes da data limite. A Algarve Box Cup \u00e9 de facto uma prova de excel\u00eancia, palco dos melhores atletas de boxe, no qual estes ser\u00e3o devidamente recompensados por todo o seu esfor\u00e7o e dedica\u00e7\u00e3o ao Boxe. Estamos muito ansiosos, pois sabemos que a Algarve Box Cup 2022 ser\u00e1 um espet\u00e1culo inesquec\u00edvel para todos os amantes do Boxe e do desporto!\u201d<\/p>\n\n\n\n<p>Este evento enquadra-se no III Eixo da estrat\u00e9gia de desenvolvimento desportivo municipal, \u201cLagoa Acolhe Grandes Eventos\u201d, que pretende estimular a economia local, ao longo de todo o ano, atrav\u00e9s de eventos desportivos, e que, tamb\u00e9m, promove a pr\u00e1tica desportiva e estilos de vida saud\u00e1veis.<\/p>\n\n\n\n<p>Este \u00e9 um evento organizado pela Associa\u00e7\u00e3o de Boxe do Algarve, em parceria com o Sporting Clube Lagoense e com o apoio do Munic\u00edpio de Lagoa<\/p>\n\n\n\n<p>\u201cLagoa volta a ser palco de mais um grande evento, desta feita atrav\u00e9s da modalidade de boxe, uma das mais recentes modalidades praticadas no concelho. Convido todos os Lagoenses a assistirem a este grande espet\u00e1culo\u201d, afirma Lu\u00eds Encarna\u00e7\u00e3o, Presidente da C\u00e2mara Municipal de Lagoa.&nbsp;<\/p>\n","protected":false},"excerpt":{"rendered":"<p>Lagoa ser\u00e1 palco da maior prova de boxe realizada na regi\u00e3o do Algarve e de uma das maiores do pa\u00eds,<\/p>\n","protected":false},"author":1,"featured_media":23058,"comment_status":"closed","ping_status":"open","sticky":false,"template":"","format":"standard","meta":{"colormag_page_container_layout":"default_layout","colormag_page_sidebar_layout":"default_layout","_monsterinsights_skip_tracking":false,"_monsterinsights_sitenote_active":false,"_monsterinsights_sitenote_note":"","_monsterinsights_sitenote_category":0,"jetpack_post_was_ever_published":false,"_jetpack_newsletter_access":"","_jetpack_dont_email_post_to_subs":false,"_jetpack_newsletter_tier_id":0,"_jetpack_memberships_contains_paywalled_content":false,"_jetpack_memberships_contains_paid_content":false,"footnotes":"","jetpack_publicize_message":"","jetpack_publicize_feature_enabled":true,"jetpack_social_post_already_shared":true,"jetpack_social_options":{"image_generator_settings":{"template":"highway","default_image_id":0,"font":"","enabled":false},"version":2}},"categories":[15],"tags":[36,757,40,48],"class_list":["post-23057","post","type-post","status-publish","format-standard","has-post-thumbnail","hentry","category-desporto","tag-algarve","tag-algarve-box-cup-2022","tag-desporto","tag-lagoa"],"yoast_head":"<!-- This site is optimized with the Yoast SEO plugin v27.5 - https:\/\/yoast.com\/product\/yoast-seo-wordpress\/ -->\n<title>Lagoa acolhe a IV edi\u00e7\u00e3o da Algarve Box Cup 2022 - Algarve 7<\/title>\n<meta name=\"description\" content=\"Lagoa acolhe a IV edi\u00e7\u00e3o da Algarve Box Cup 2022 Desporto\" \/>\n<meta name=\"robots\" content=\"index, follow, max-snippet:-1, max-image-preview:large, max-video-preview:-1\" \/>\n<link rel=\"canonical\" href=\"https:\/\/algarve7.pt\/index.php\/2022\/11\/lagoa-acolhe-a-iv-edicao-da-algarve-box-cup-2022\/desporto\/15\/08\/\" \/>\n<meta property=\"og:locale\" content=\"pt_PT\" \/>\n<meta property=\"og:type\" content=\"article\" \/>\n<meta property=\"og:title\" content=\"Lagoa acolhe a IV edi\u00e7\u00e3o da Algarve Box Cup 2022 - Algarve 7\" \/>\n<meta property=\"og:description\" content=\"Lagoa acolhe a IV edi\u00e7\u00e3o da Algarve Box Cup 2022 Desporto\" \/>\n<meta property=\"og:url\" content=\"https:\/\/algarve7.pt\/index.php\/2022\/11\/lagoa-acolhe-a-iv-edicao-da-algarve-box-cup-2022\/desporto\/15\/08\/\" \/>\n<meta property=\"og:site_name\" content=\"Algarve 7\" \/>\n<meta property=\"article:publisher\" content=\"https:\/\/www.facebook.com\/algarve7\" \/>\n<meta property=\"article:author\" content=\"https:\/\/www.facebook.com\/algarve7\" \/>\n<meta property=\"article:published_time\" content=\"2022-11-02T15:08:05+00:00\" \/>\n<meta property=\"article:modified_time\" content=\"2022-11-02T15:08:07+00:00\" \/>\n<meta property=\"og:image\" content=\"https:\/\/algarve7.pt\/wp-content\/uploads\/2022\/11\/cartaz-scaled-e1667401672894.jpg\" \/>\n\t<meta property=\"og:image:width\" content=\"1811\" \/>\n\t<meta property=\"og:image:height\" content=\"1526\" \/>\n\t<meta property=\"og:image:type\" content=\"image\/jpeg\" \/>\n<meta name=\"author\" content=\"Algarve 7\" \/>\n<meta name=\"twitter:card\" content=\"summary_large_image\" \/>\n<meta name=\"twitter:creator\" content=\"@Algarvesete\" \/>\n<meta name=\"twitter:site\" content=\"@Algarvesete\" \/>\n<meta name=\"twitter:label1\" content=\"Escrito por\" \/>\n\t<meta name=\"twitter:data1\" content=\"Algarve 7\" \/>\n\t<meta name=\"twitter:label2\" content=\"Tempo estimado de leitura\" \/>\n\t<meta name=\"twitter:data2\" content=\"2 minutos\" \/>\n<script type=\"application\/ld+json\" class=\"yoast-schema-graph\">{\"@context\":\"https:\\\/\\\/schema.org\",\"@graph\":[{\"@type\":\"Article\",\"@id\":\"https:\\\/\\\/algarve7.pt\\\/index.php\\\/2022\\\/11\\\/lagoa-acolhe-a-iv-edicao-da-algarve-box-cup-2022\\\/desporto\\\/15\\\/08\\\/#article\",\"isPartOf\":{\"@id\":\"https:\\\/\\\/algarve7.pt\\\/index.php\\\/2022\\\/11\\\/lagoa-acolhe-a-iv-edicao-da-algarve-box-cup-2022\\\/desporto\\\/15\\\/08\\\/\"},\"author\":{\"name\":\"Algarve 7\",\"@id\":\"https:\\\/\\\/algarve7.pt\\\/#\\\/schema\\\/person\\\/23fa70681308e7b319a3204bcea45e0c\"},\"headline\":\"Lagoa acolhe a IV edi\u00e7\u00e3o da Algarve Box Cup 2022\",\"datePublished\":\"2022-11-02T15:08:05+00:00\",\"dateModified\":\"2022-11-02T15:08:07+00:00\",\"mainEntityOfPage\":{\"@id\":\"https:\\\/\\\/algarve7.pt\\\/index.php\\\/2022\\\/11\\\/lagoa-acolhe-a-iv-edicao-da-algarve-box-cup-2022\\\/desporto\\\/15\\\/08\\\/\"},\"wordCount\":391,\"publisher\":{\"@id\":\"https:\\\/\\\/algarve7.pt\\\/#organization\"},\"image\":{\"@id\":\"https:\\\/\\\/algarve7.pt\\\/index.php\\\/2022\\\/11\\\/lagoa-acolhe-a-iv-edicao-da-algarve-box-cup-2022\\\/desporto\\\/15\\\/08\\\/#primaryimage\"},\"thumbnailUrl\":\"https:\\\/\\\/algarve7.pt\\\/wp-content\\\/uploads\\\/2022\\\/11\\\/cartaz-scaled-e1667401672894.jpg\",\"keywords\":[\"Algarve\",\"Algarve Box Cup 2022\",\"Desporto\",\"Lagoa\"],\"articleSection\":[\"Desporto\"],\"inLanguage\":\"pt-PT\"},{\"@type\":\"WebPage\",\"@id\":\"https:\\\/\\\/algarve7.pt\\\/index.php\\\/2022\\\/11\\\/lagoa-acolhe-a-iv-edicao-da-algarve-box-cup-2022\\\/desporto\\\/15\\\/08\\\/\",\"url\":\"https:\\\/\\\/algarve7.pt\\\/index.php\\\/2022\\\/11\\\/lagoa-acolhe-a-iv-edicao-da-algarve-box-cup-2022\\\/desporto\\\/15\\\/08\\\/\",\"name\":\"Lagoa acolhe a IV edi\u00e7\u00e3o da Algarve Box Cup 2022 - Algarve 7\",\"isPartOf\":{\"@id\":\"https:\\\/\\\/algarve7.pt\\\/#website\"},\"primaryImageOfPage\":{\"@id\":\"https:\\\/\\\/algarve7.pt\\\/index.php\\\/2022\\\/11\\\/lagoa-acolhe-a-iv-edicao-da-algarve-box-cup-2022\\\/desporto\\\/15\\\/08\\\/#primaryimage\"},\"image\":{\"@id\":\"https:\\\/\\\/algarve7.pt\\\/index.php\\\/2022\\\/11\\\/lagoa-acolhe-a-iv-edicao-da-algarve-box-cup-2022\\\/desporto\\\/15\\\/08\\\/#primaryimage\"},\"thumbnailUrl\":\"https:\\\/\\\/algarve7.pt\\\/wp-content\\\/uploads\\\/2022\\\/11\\\/cartaz-scaled-e1667401672894.jpg\",\"datePublished\":\"2022-11-02T15:08:05+00:00\",\"dateModified\":\"2022-11-02T15:08:07+00:00\",\"description\":\"Lagoa acolhe a IV edi\u00e7\u00e3o da Algarve Box Cup 2022 Desporto\",\"breadcrumb\":{\"@id\":\"https:\\\/\\\/algarve7.pt\\\/index.php\\\/2022\\\/11\\\/lagoa-acolhe-a-iv-edicao-da-algarve-box-cup-2022\\\/desporto\\\/15\\\/08\\\/#breadcrumb\"},\"inLanguage\":\"pt-PT\",\"potentialAction\":[{\"@type\":\"ReadAction\",\"target\":[\"https:\\\/\\\/algarve7.pt\\\/index.php\\\/2022\\\/11\\\/lagoa-acolhe-a-iv-edicao-da-algarve-box-cup-2022\\\/desporto\\\/15\\\/08\\\/\"]}]},{\"@type\":\"ImageObject\",\"inLanguage\":\"pt-PT\",\"@id\":\"https:\\\/\\\/algarve7.pt\\\/index.php\\\/2022\\\/11\\\/lagoa-acolhe-a-iv-edicao-da-algarve-box-cup-2022\\\/desporto\\\/15\\\/08\\\/#primaryimage\",\"url\":\"https:\\\/\\\/algarve7.pt\\\/wp-content\\\/uploads\\\/2022\\\/11\\\/cartaz-scaled-e1667401672894.jpg\",\"contentUrl\":\"https:\\\/\\\/algarve7.pt\\\/wp-content\\\/uploads\\\/2022\\\/11\\\/cartaz-scaled-e1667401672894.jpg\",\"width\":1811,\"height\":1526},{\"@type\":\"BreadcrumbList\",\"@id\":\"https:\\\/\\\/algarve7.pt\\\/index.php\\\/2022\\\/11\\\/lagoa-acolhe-a-iv-edicao-da-algarve-box-cup-2022\\\/desporto\\\/15\\\/08\\\/#breadcrumb\",\"itemListElement\":[{\"@type\":\"ListItem\",\"position\":1,\"name\":\"In\u00edcio\",\"item\":\"https:\\\/\\\/algarve7.pt\\\/\"},{\"@type\":\"ListItem\",\"position\":2,\"name\":\"Lagoa acolhe a IV edi\u00e7\u00e3o da Algarve Box Cup 2022\"}]},{\"@type\":\"WebSite\",\"@id\":\"https:\\\/\\\/algarve7.pt\\\/#website\",\"url\":\"https:\\\/\\\/algarve7.pt\\\/\",\"name\":\"Algarve 7\",\"description\":\"Informa\u00e7\u00e3o sobre o Algarve\",\"publisher\":{\"@id\":\"https:\\\/\\\/algarve7.pt\\\/#organization\"},\"potentialAction\":[{\"@type\":\"SearchAction\",\"target\":{\"@type\":\"EntryPoint\",\"urlTemplate\":\"https:\\\/\\\/algarve7.pt\\\/?s={search_term_string}\"},\"query-input\":{\"@type\":\"PropertyValueSpecification\",\"valueRequired\":true,\"valueName\":\"search_term_string\"}}],\"inLanguage\":\"pt-PT\"},{\"@type\":\"Organization\",\"@id\":\"https:\\\/\\\/algarve7.pt\\\/#organization\",\"name\":\"Algarve 7\",\"url\":\"https:\\\/\\\/algarve7.pt\\\/\",\"logo\":{\"@type\":\"ImageObject\",\"inLanguage\":\"pt-PT\",\"@id\":\"https:\\\/\\\/algarve7.pt\\\/#\\\/schema\\\/logo\\\/image\\\/\",\"url\":\"https:\\\/\\\/algarve7.pt\\\/wp-content\\\/uploads\\\/2020\\\/10\\\/Logo-8.jpg\",\"contentUrl\":\"https:\\\/\\\/algarve7.pt\\\/wp-content\\\/uploads\\\/2020\\\/10\\\/Logo-8.jpg\",\"width\":1680,\"height\":1186,\"caption\":\"Algarve 7\"},\"image\":{\"@id\":\"https:\\\/\\\/algarve7.pt\\\/#\\\/schema\\\/logo\\\/image\\\/\"},\"sameAs\":[\"https:\\\/\\\/www.facebook.com\\\/algarve7\",\"https:\\\/\\\/x.com\\\/Algarvesete\",\"https:\\\/\\\/www.instagram.com\\\/jornalalgarve7\\\/\",\"https:\\\/\\\/www.linkedin.com\\\/company\\\/algarve7\",\"https:\\\/\\\/www.pinterest.pt\\\/geral0939\\\/_created\\\/\"]},{\"@type\":\"Person\",\"@id\":\"https:\\\/\\\/algarve7.pt\\\/#\\\/schema\\\/person\\\/23fa70681308e7b319a3204bcea45e0c\",\"name\":\"Algarve 7\",\"sameAs\":[\"https:\\\/\\\/algarve7.pt\",\"https:\\\/\\\/www.facebook.com\\\/algarve7\"],\"url\":\"https:\\\/\\\/algarve7.pt\\\/index.php\\\/author\\\/geralalgarve7-pt\\\/\"}]}<\/script>\n<!-- \/ Yoast SEO plugin. -->","yoast_head_json":{"title":"Lagoa acolhe a IV edi\u00e7\u00e3o da Algarve Box Cup 2022 - Algarve 7","description":"Lagoa acolhe a IV edi\u00e7\u00e3o da Algarve Box Cup 2022 Desporto","robots":{"index":"index","follow":"follow","max-snippet":"max-snippet:-1","max-image-preview":"max-image-preview:large","max-video-preview":"max-video-preview:-1"},"canonical":"https:\/\/algarve7.pt\/index.php\/2022\/11\/lagoa-acolhe-a-iv-edicao-da-algarve-box-cup-2022\/desporto\/15\/08\/","og_locale":"pt_PT","og_type":"article","og_title":"Lagoa acolhe a IV edi\u00e7\u00e3o da Algarve Box Cup 2022 - Algarve 7","og_description":"Lagoa acolhe a IV edi\u00e7\u00e3o da Algarve Box Cup 2022 Desporto","og_url":"https:\/\/algarve7.pt\/index.php\/2022\/11\/lagoa-acolhe-a-iv-edicao-da-algarve-box-cup-2022\/desporto\/15\/08\/","og_site_name":"Algarve 7","article_publisher":"https:\/\/www.facebook.com\/algarve7","article_author":"https:\/\/www.facebook.com\/algarve7","article_published_time":"2022-11-02T15:08:05+00:00","article_modified_time":"2022-11-02T15:08:07+00:00","og_image":[{"width":1811,"height":1526,"url":"https:\/\/algarve7.pt\/wp-content\/uploads\/2022\/11\/cartaz-scaled-e1667401672894.jpg","type":"image\/jpeg"}],"author":"Algarve 7","twitter_card":"summary_large_image","twitter_creator":"@Algarvesete","twitter_site":"@Algarvesete","twitter_misc":{"Escrito por":"Algarve 7","Tempo estimado de leitura":"2 minutos"},"schema":{"@context":"https:\/\/schema.org","@graph":[{"@type":"Article","@id":"https:\/\/algarve7.pt\/index.php\/2022\/11\/lagoa-acolhe-a-iv-edicao-da-algarve-box-cup-2022\/desporto\/15\/08\/#article","isPartOf":{"@id":"https:\/\/algarve7.pt\/index.php\/2022\/11\/lagoa-acolhe-a-iv-edicao-da-algarve-box-cup-2022\/desporto\/15\/08\/"},"author":{"name":"Algarve 7","@id":"https:\/\/algarve7.pt\/#\/schema\/person\/23fa70681308e7b319a3204bcea45e0c"},"headline":"Lagoa acolhe a IV edi\u00e7\u00e3o da Algarve Box Cup 2022","datePublished":"2022-11-02T15:08:05+00:00","dateModified":"2022-11-02T15:08:07+00:00","mainEntityOfPage":{"@id":"https:\/\/algarve7.pt\/index.php\/2022\/11\/lagoa-acolhe-a-iv-edicao-da-algarve-box-cup-2022\/desporto\/15\/08\/"},"wordCount":391,"publisher":{"@id":"https:\/\/algarve7.pt\/#organization"},"image":{"@id":"https:\/\/algarve7.pt\/index.php\/2022\/11\/lagoa-acolhe-a-iv-edicao-da-algarve-box-cup-2022\/desporto\/15\/08\/#primaryimage"},"thumbnailUrl":"https:\/\/algarve7.pt\/wp-content\/uploads\/2022\/11\/cartaz-scaled-e1667401672894.jpg","keywords":["Algarve","Algarve Box Cup 2022","Desporto","Lagoa"],"articleSection":["Desporto"],"inLanguage":"pt-PT"},{"@type":"WebPage","@id":"https:\/\/algarve7.pt\/index.php\/2022\/11\/lagoa-acolhe-a-iv-edicao-da-algarve-box-cup-2022\/desporto\/15\/08\/","url":"https:\/\/algarve7.pt\/index.php\/2022\/11\/lagoa-acolhe-a-iv-edicao-da-algarve-box-cup-2022\/desporto\/15\/08\/","name":"Lagoa acolhe a IV edi\u00e7\u00e3o da Algarve Box Cup 2022 - Algarve 7","isPartOf":{"@id":"https:\/\/algarve7.pt\/#website"},"primaryImageOfPage":{"@id":"https:\/\/algarve7.pt\/index.php\/2022\/11\/lagoa-acolhe-a-iv-edicao-da-algarve-box-cup-2022\/desporto\/15\/08\/#primaryimage"},"image":{"@id":"https:\/\/algarve7.pt\/index.php\/2022\/11\/lagoa-acolhe-a-iv-edicao-da-algarve-box-cup-2022\/desporto\/15\/08\/#primaryimage"},"thumbnailUrl":"https:\/\/algarve7.pt\/wp-content\/uploads\/2022\/11\/cartaz-scaled-e1667401672894.jpg","datePublished":"2022-11-02T15:08:05+00:00","dateModified":"2022-11-02T15:08:07+00:00","description":"Lagoa acolhe a IV edi\u00e7\u00e3o da Algarve Box Cup 2022 Desporto","breadcrumb":{"@id":"https:\/\/algarve7.pt\/index.php\/2022\/11\/lagoa-acolhe-a-iv-edicao-da-algarve-box-cup-2022\/desporto\/15\/08\/#breadcrumb"},"inLanguage":"pt-PT","potentialAction":[{"@type":"ReadAction","target":["https:\/\/algarve7.pt\/index.php\/2022\/11\/lagoa-acolhe-a-iv-edicao-da-algarve-box-cup-2022\/desporto\/15\/08\/"]}]},{"@type":"ImageObject","inLanguage":"pt-PT","@id":"https:\/\/algarve7.pt\/index.php\/2022\/11\/lagoa-acolhe-a-iv-edicao-da-algarve-box-cup-2022\/desporto\/15\/08\/#primaryimage","url":"https:\/\/algarve7.pt\/wp-content\/uploads\/2022\/11\/cartaz-scaled-e1667401672894.jpg","contentUrl":"https:\/\/algarve7.pt\/wp-content\/uploads\/2022\/11\/cartaz-scaled-e1667401672894.jpg","width":1811,"height":1526},{"@type":"BreadcrumbList","@id":"https:\/\/algarve7.pt\/index.php\/2022\/11\/lagoa-acolhe-a-iv-edicao-da-algarve-box-cup-2022\/desporto\/15\/08\/#breadcrumb","itemListElement":[{"@type":"ListItem","position":1,"name":"In\u00edcio","item":"https:\/\/algarve7.pt\/"},{"@type":"ListItem","position":2,"name":"Lagoa acolhe a IV edi\u00e7\u00e3o da Algarve Box Cup 2022"}]},{"@type":"WebSite","@id":"https:\/\/algarve7.pt\/#website","url":"https:\/\/algarve7.pt\/","name":"Algarve 7","description":"Informa\u00e7\u00e3o sobre o Algarve","publisher":{"@id":"https:\/\/algarve7.pt\/#organization"},"potentialAction":[{"@type":"SearchAction","target":{"@type":"EntryPoint","urlTemplate":"https:\/\/algarve7.pt\/?s={search_term_string}"},"query-input":{"@type":"PropertyValueSpecification","valueRequired":true,"valueName":"search_term_string"}}],"inLanguage":"pt-PT"},{"@type":"Organization","@id":"https:\/\/algarve7.pt\/#organization","name":"Algarve 7","url":"https:\/\/algarve7.pt\/","logo":{"@type":"ImageObject","inLanguage":"pt-PT","@id":"https:\/\/algarve7.pt\/#\/schema\/logo\/image\/","url":"https:\/\/algarve7.pt\/wp-content\/uploads\/2020\/10\/Logo-8.jpg","contentUrl":"https:\/\/algarve7.pt\/wp-content\/uploads\/2020\/10\/Logo-8.jpg","width":1680,"height":1186,"caption":"Algarve 7"},"image":{"@id":"https:\/\/algarve7.pt\/#\/schema\/logo\/image\/"},"sameAs":["https:\/\/www.facebook.com\/algarve7","https:\/\/x.com\/Algarvesete","https:\/\/www.instagram.com\/jornalalgarve7\/","https:\/\/www.linkedin.com\/company\/algarve7","https:\/\/www.pinterest.pt\/geral0939\/_created\/"]},{"@type":"Person","@id":"https:\/\/algarve7.pt\/#\/schema\/person\/23fa70681308e7b319a3204bcea45e0c","name":"Algarve 7","sameAs":["https:\/\/algarve7.pt","https:\/\/www.facebook.com\/algarve7"],"url":"https:\/\/algarve7.pt\/index.php\/author\/geralalgarve7-pt\/"}]}},"jetpack_publicize_connections":[],"jetpack_featured_media_url":"https:\/\/algarve7.pt\/wp-content\/uploads\/2022\/11\/cartaz-scaled-e1667401672894.jpg","jetpack_shortlink":"https:\/\/wp.me\/pcezmW-5ZT","jetpack_sharing_enabled":true,"_links":{"self":[{"href":"https:\/\/algarve7.pt\/index.php\/wp-json\/wp\/v2\/posts\/23057","targetHints":{"allow":["GET"]}}],"collection":[{"href":"https:\/\/algarve7.pt\/index.php\/wp-json\/wp\/v2\/posts"}],"about":[{"href":"https:\/\/algarve7.pt\/index.php\/wp-json\/wp\/v2\/types\/post"}],"author":[{"embeddable":true,"href":"https:\/\/algarve7.pt\/index.php\/wp-json\/wp\/v2\/users\/1"}],"replies":[{"embeddable":true,"href":"https:\/\/algarve7.pt\/index.php\/wp-json\/wp\/v2\/comments?post=23057"}],"version-history":[{"count":0,"href":"https:\/\/algarve7.pt\/index.php\/wp-json\/wp\/v2\/posts\/23057\/revisions"}],"wp:featuredmedia":[{"embeddable":true,"href":"https:\/\/algarve7.pt\/index.php\/wp-json\/wp\/v2\/media\/23058"}],"wp:attachment":[{"href":"https:\/\/algarve7.pt\/index.php\/wp-json\/wp\/v2\/media?parent=23057"}],"wp:term":[{"taxonomy":"category","embeddable":true,"href":"https:\/\/algarve7.pt\/index.php\/wp-json\/wp\/v2\/categories?post=23057"},{"taxonomy":"post_tag","embeddable":true,"href":"https:\/\/algarve7.pt\/index.php\/wp-json\/wp\/v2\/tags?post=23057"}],"curies":[{"name":"wp","href":"https:\/\/api.w.org\/{rel}","templated":true}]}}